{"id":5276,"date":"2016-06-14T15:31:40","date_gmt":"2016-06-14T13:31:40","guid":{"rendered":"http:\/\/framtidenskarriar.se\/ingenjor\/?p=5276"},"modified":"2016-06-14T15:31:40","modified_gmt":"2016-06-14T13:31:40","slug":"var-med-och-skapa-framtidens-stad-i-nacka","status":"publish","type":"post","link":"https:\/\/framtidenskarriar.se\/ingenjor\/2016\/06\/14\/var-med-och-skapa-framtidens-stad-i-nacka\/","title":{"rendered":"Var med och skapa framtidens stad i Nacka"},"content":{"rendered":"<p><figure id=\"attachment_5279\" aria-describedby=\"caption-attachment-5279\" style=\"width: 1000px\" class=\"wp-caption alignnone\"><img loading=\"lazy\" decoding=\"async\" src=\"https:\/\/framtidenskarriar.se\/ingenjor\/wp-content\/uploads\/sites\/14\/2016\/06\/nacka-mg-5205.jpg\" alt=\"Foto: Fredrik Hjerling\" width=\"1000\" height=\"631\" class=\"size-full wp-image-5279\" srcset=\"https:\/\/framtidenskarriar.se\/ingenjor\/wp-content\/uploads\/sites\/14\/2016\/06\/nacka-mg-5205.jpg 1000w, https:\/\/framtidenskarriar.se\/ingenjor\/wp-content\/uploads\/sites\/14\/2016\/06\/nacka-mg-5205-300x189.jpg 300w, https:\/\/framtidenskarriar.se\/ingenjor\/wp-content\/uploads\/sites\/14\/2016\/06\/nacka-mg-5205-768x485.jpg 768w, https:\/\/framtidenskarriar.se\/ingenjor\/wp-content\/uploads\/sites\/14\/2016\/06\/nacka-mg-5205-254x160.jpg 254w, https:\/\/framtidenskarriar.se\/ingenjor\/wp-content\/uploads\/sites\/14\/2016\/06\/nacka-mg-5205-526x332.jpg 526w, https:\/\/framtidenskarriar.se\/ingenjor\/wp-content\/uploads\/sites\/14\/2016\/06\/nacka-mg-5205-720x454.jpg 720w, https:\/\/framtidenskarriar.se\/ingenjor\/wp-content\/uploads\/sites\/14\/2016\/06\/nacka-mg-5205-960x606.jpg 960w\" sizes=\"auto, (max-width: 1000px) 100vw, 1000px\" \/><figcaption id=\"caption-attachment-5279\" class=\"wp-caption-text\">Foto: Fredrik Hjerling<\/figcaption><\/figure><strong>Med sin oerh\u00f6rt snabba expansion och m\u00e5nga framtidssatsningar erbjuder Nacka kommun unika karri\u00e4rm\u00f6jligheter f\u00f6r ingenj\u00f6rer.<br \/>\nH\u00e4r f\u00e5r man snabbt ta ansvar f\u00f6r st\u00f6rre projekt och p\u00e5verka samh\u00e4llsutvecklingen.<\/strong><\/p>\n<p>Nacka \u00e4r en av de kommuner i Sverige som idag v\u00e4xer och f\u00f6r\u00e4ndras snabbast. P\u00e5 15 \u00e5r ska Nacka bygga 20&nbsp;000 nya bost\u00e4der och 15&nbsp;000 nya arbetsplatser. Dessutom byggs f\u00f6rskolor, skolor, bibliotek, idrottsanl\u00e4ggningar och annan service. Prognosen \u00e4r att dagens dryga 96&nbsp;000 inv\u00e5nare ska \u00f6ka till 140&nbsp;000.<br \/>\nEtt av de st\u00f6rsta projekten \u00e4r att omvandla hela v\u00e4stra Sickla\u00f6n till en t\u00e4t, h\u00e5llbar och nyskapande urban milj\u00f6, som blir en s\u00f6ml\u00f6s del av Stockholms innerstad.<br \/>\nSamtidigt f\u00f6rl\u00e4ngs tunnelbanans bl\u00e5a linje fr\u00e5n Kungstr\u00e4dg\u00e5rden, via Hammarby sj\u00f6stad, till Nacka som f\u00e5r tre nya stationer, i Sickla, J\u00e4rla och Nacka centrum.<br \/>\nUtvecklingen av V\u00e4stra Sickla och tunnelbanebygget genom Nacka \u00e4r unika i sitt slag. Det \u00e4r 20 \u00e5r sedan en ny tunnelbanestation byggdes i Stockholm och omvandlingen av ett omr\u00e5de som idag \u00e4r f\u00f6rort till att vara en del av Stockholms innerstad \u00e4r en komplex utmaning. Flera lokala centrum st\u00e5r ocks\u00e5 inf\u00f6r omfattande upprustning och utbyggnad, samtidigt som \u00e4ldre fritidshusomr\u00e5den omvandlas f\u00f6r permanentboende.<br \/>\nNacka \u00e4r d\u00e4rf\u00f6r i stort behov av duktiga och engagerade ingenj\u00f6rer, som vill vara en del av stadsbyggnad fr\u00e5n grunden och bygga framtidens kommun, med m\u00e4nniskor och milj\u00f6 i fokus.<\/p>\n<p><strong>M\u00e5nga olika projekt<\/strong><br \/>\n\u2013 Det finns en otroligt bred projektportf\u00f6lj h\u00e4r i Nacka och m\u00f6jlighet att arbeta med m\u00e5nga olika typer av stadsbyggnad. Jag har verkligen f\u00e5tt anv\u00e4nda och utveckla min kompetens, s\u00e4ger Tove Mark, planarkitekt.<br \/>\n\u2013 Dessutom \u00e4r det en kommun som i sig \u00e4r s\u00e5 varierad till sin geografi, med alla typer av bebyggelsemilj\u00f6er. H\u00e4r finns vackra sk\u00e4rg\u00e5rdsmilj\u00f6er, villaomr\u00e5den, f\u00f6rortscentrum och modern stadsbebyggelse. Det g\u00f6r arbetet extra sp\u00e4nnande eftersom det inneb\u00e4r varierade f\u00f6rh\u00e5llningss\u00e4tt och strategier f\u00f6r stadsutveckling.<br \/>\nChristian Kvarnstr\u00f6m, projekteringsledare p\u00e5 v\u00e4genheten, arbetade tidigare som konsult. Han menar att en stor skillnad mot konsultbranschen \u00e4r att man f\u00e5r m\u00f6jlighet att arbeta med helheten, fr\u00e5n ax till limpa. Detta blir s\u00e4rskilt tydligt i Nacka d\u00e4r det byggs s\u00e5 mycket nytt.<br \/>\n\u2013 Vi finns med i hela processen, fr\u00e5n planarbete och f\u00f6rstudier till att projektera bygghandlingar, utf\u00f6ra och f\u00f6rvalta. Vi har egna projekt\u00f6rer, projekteringsledare och byggledare. Det \u00e4r ett starkt samarbete \u00f6ver olika disciplingr\u00e4nser, inte minst mot v\u00e5r f\u00f6rvaltningssida som slutligen tar \u00f6ver ansvaret f\u00f6r de allm\u00e4nna anl\u00e4ggningarna. Det \u00e4r v\u00e4ldigt kul att f\u00e5 jobba med s\u00e5 mycket kompetens in-house och hela arbetsplatsen pr\u00e4glas av \u00f6ppenhet och m\u00e5ngfald. Man l\u00e4r sig oerh\u00f6rt mycket fr\u00e5n varandra, s\u00e4ger han.<\/p>\n<p><strong>Se helheten<\/strong><br \/>\n\u00c4ven Johan Lundin har en bakgrund inom konsultbranschen och arbetar sedan ett \u00e5r p\u00e5 VA- och avfallsenheten som projektledare f\u00f6r VA-projekt. Han drevs ocks\u00e5 av en \u00f6nskan att ta mer av ett helhetsgrepp.<br \/>\n\u2013 Jag ville se arbetet fr\u00e5n den andra sidan och tycker att det \u00e4r v\u00e4ldigt kul att f\u00e5 ett helt annat helhetsperspektiv \u00e4n jag hade som konsult, d\u00e5 arbetsuppgifterna var mer fragmenterade. H\u00e4r har man en helt annan m\u00f6jlighet att p\u00e5verka hur det blir i slut\u00e4ndan, s\u00e4ger han.<br \/>\nEmma Hirsch, trafikplanerare p\u00e5 trafikenheten framh\u00e5ller att den omfattande utvecklingen och expansionen av Nacka ocks\u00e5 ger f\u00f6rst\u00e5else f\u00f6r medborgarperspektivet och vikten av att utvecklingen g\u00f6rs i n\u00e4ra samr\u00e5d med inv\u00e5narna.<br \/>\n\u2013 H\u00e4r arbetar vi v\u00e4ldigt n\u00e4ra kommuninv\u00e5narna med saker som p\u00e5verkar deras liv och vardag. Vi m\u00e5ste ta h\u00e4nsyn till en rad olika behov och \u00f6nskem\u00e5l och v\u00e4ga in alla intressen och parametrar f\u00f6r att kunna driva utvecklingen p\u00e5 ett bra och h\u00e5llbart s\u00e4tt. Det ger viktiga perspektiv och \u00e4r otroligt roligt och l\u00e4rorikt.<\/p>\n<figure id=\"attachment_5277\" aria-describedby=\"caption-attachment-5277\" style=\"width: 784px\" class=\"wp-caption alignnone\"><img loading=\"lazy\" decoding=\"async\" src=\"https:\/\/framtidenskarriar.se\/ingenjor\/wp-content\/uploads\/sites\/14\/2016\/06\/nacka-dsc-0450.jpg\" alt=\"Christian Kvarnstr\u00f6m, Johan Lundin, Emma Hirsch och Tove Mark.\" width=\"784\" height=\"406\" class=\"size-full wp-image-5277\" srcset=\"https:\/\/framtidenskarriar.se\/ingenjor\/wp-content\/uploads\/sites\/14\/2016\/06\/nacka-dsc-0450.jpg 784w, https:\/\/framtidenskarriar.se\/ingenjor\/wp-content\/uploads\/sites\/14\/2016\/06\/nacka-dsc-0450-300x155.jpg 300w, https:\/\/framtidenskarriar.se\/ingenjor\/wp-content\/uploads\/sites\/14\/2016\/06\/nacka-dsc-0450-768x398.jpg 768w, https:\/\/framtidenskarriar.se\/ingenjor\/wp-content\/uploads\/sites\/14\/2016\/06\/nacka-dsc-0450-309x160.jpg 309w, https:\/\/framtidenskarriar.se\/ingenjor\/wp-content\/uploads\/sites\/14\/2016\/06\/nacka-dsc-0450-526x272.jpg 526w, https:\/\/framtidenskarriar.se\/ingenjor\/wp-content\/uploads\/sites\/14\/2016\/06\/nacka-dsc-0450-720x373.jpg 720w\" sizes=\"auto, (max-width: 784px) 100vw, 784px\" \/><figcaption id=\"caption-attachment-5277\" class=\"wp-caption-text\">Christian Kvarnstr\u00f6m, Johan Lundin, Emma Hirsch och Tove Mark.<\/figcaption><\/figure>\n<div class=\"faktaruta-title\">Nacka kommun<\/div><div class=\"faktaruta\">Nacka \u00e4r den tredje st\u00f6rsta kommunen i Stockholms l\u00e4n och expanderar idag mycket kraftigt. Kommunen driver flera omfattande stadsbyggnadsprojekt som ber\u00e4knas vara klara 2030. Nacka kommun rekryterar d\u00e4rf\u00f6r kunniga och engagerade ingenj\u00f6rer och samh\u00e4llsplanerare som har ett starkt intresse f\u00f6r h\u00e5llbar samh\u00e4llsutveckling och f\u00f6r att bygga framtidens nyskapande kommun.<br \/>\n<a href=\"http:\/\/www.nacka.se\" target=\"_blank\" rel=\"noopener noreferrer\">www.nacka.se<\/a><\/br><br \/>\n<a href=\"http:\/\/www.nacka.se\" target=\"_blank\" rel=\"noopener noreferrer\"><img loading=\"lazy\" decoding=\"async\" src=\"https:\/\/framtidenskarriar.se\/ingenjor\/wp-content\/uploads\/sites\/14\/2016\/06\/nacka-logo-liggande-hoger-orange-rgb.png\" alt=\"www.nacka.se\" width=\"350\" height=\"111\" class=\"alignnone size-full wp-image-5278\" srcset=\"https:\/\/framtidenskarriar.se\/ingenjor\/wp-content\/uploads\/sites\/14\/2016\/06\/nacka-logo-liggande-hoger-orange-rgb.png 500w, https:\/\/framtidenskarriar.se\/ingenjor\/wp-content\/uploads\/sites\/14\/2016\/06\/nacka-logo-liggande-hoger-orange-rgb-300x95.png 300w\" sizes=\"auto, (max-width: 350px) 100vw, 350px\" \/><\/a><\/div>\n","protected":false},"excerpt":{"rendered":"<p>Med sin oerh\u00f6rt snabba expansion och m\u00e5nga framtidssatsningar erbjuder Nacka kommun unika karri\u00e4rm\u00f6jligheter f\u00f6r ingenj\u00f6rer&#8230;.<\/p>\n","protected":false},"author":3,"featured_media":5279,"comment_status":"closed","ping_status":"open","sticky":false,"template":"","format":"standard","meta":{"_acf_changed":false,"_monsterinsights_skip_tracking":false,"_monsterinsights_sitenote_active":false,"_monsterinsights_sitenote_note":"","_monsterinsights_sitenote_category":0,"footnotes":""},"categories":[4],"tags":[],"class_list":["post-5276","post","type-post","status-publish","format-standard","has-post-thumbnail","hentry","category-presentation"],"acf":[],"yoast_head":"<!-- This site is optimized with the Yoast SEO plugin v27.3 - https:\/\/yoast.com\/product\/yoast-seo-wordpress\/ -->\n<title>Var med och skapa framtidens stad i Nacka - Framtidens Karri\u00e4r - Ingenj\u00f6r<\/title>\n<meta name=\"robots\" content=\"index, follow, max-snippet:-1, max-image-preview:large, max-video-preview:-1\" \/>\n<link rel=\"canonical\" href=\"https:\/\/framtidenskarriar.se\/ingenjor\/2016\/06\/14\/var-med-och-skapa-framtidens-stad-i-nacka\/\" \/>\n<meta property=\"og:locale\" content=\"sv_SE\" \/>\n<meta property=\"og:type\" content=\"article\" \/>\n<meta property=\"og:title\" content=\"Var med och skapa framtidens stad i Nacka - Framtidens Karri\u00e4r - Ingenj\u00f6r\" \/>\n<meta property=\"og:description\" content=\"Med sin oerh\u00f6rt snabba expansion och m\u00e5nga framtidssatsningar erbjuder Nacka kommun unika karri\u00e4rm\u00f6jligheter f\u00f6r ingenj\u00f6rer....\" \/>\n<meta property=\"og:url\" content=\"https:\/\/framtidenskarriar.se\/ingenjor\/2016\/06\/14\/var-med-och-skapa-framtidens-stad-i-nacka\/\" \/>\n<meta property=\"og:site_name\" content=\"Framtidens Karri\u00e4r - Ingenj\u00f6r\" \/>\n<meta property=\"article:published_time\" content=\"2016-06-14T13:31:40+00:00\" \/>\n<meta property=\"og:image\" content=\"https:\/\/framtidenskarriar.se\/ingenjor\/wp-content\/uploads\/sites\/14\/2016\/06\/nacka-mg-5205.jpg\" \/>\n\t<meta property=\"og:image:width\" content=\"1000\" \/>\n\t<meta property=\"og:image:height\" content=\"631\" \/>\n\t<meta property=\"og:image:type\" content=\"image\/jpeg\" \/>\n<meta name=\"author\" content=\"stellanstal\" \/>\n<meta name=\"twitter:card\" content=\"summary_large_image\" \/>\n<meta name=\"twitter:label1\" content=\"Skriven av\" \/>\n\t<meta name=\"twitter:data1\" content=\"stellanstal\" \/>\n\t<meta name=\"twitter:label2\" content=\"Ber\u00e4knad l\u00e4stid\" \/>\n\t<meta name=\"twitter:data2\" content=\"4 minuter\" \/>\n<script type=\"application\/ld+json\" class=\"yoast-schema-graph\">{\"@context\":\"https:\\\/\\\/schema.org\",\"@graph\":[{\"@type\":\"Article\",\"@id\":\"https:\\\/\\\/framtidenskarriar.se\\\/ingenjor\\\/2016\\\/06\\\/14\\\/var-med-och-skapa-framtidens-stad-i-nacka\\\/#article\",\"isPartOf\":{\"@id\":\"https:\\\/\\\/framtidenskarriar.se\\\/ingenjor\\\/2016\\\/06\\\/14\\\/var-med-och-skapa-framtidens-stad-i-nacka\\\/\"},\"author\":{\"name\":\"stellanstal\",\"@id\":\"https:\\\/\\\/framtidenskarriar.se\\\/ingenjor\\\/#\\\/schema\\\/person\\\/c8a43eb855191e573b73ecf8987a3b99\"},\"headline\":\"Var med och skapa framtidens stad i Nacka\",\"datePublished\":\"2016-06-14T13:31:40+00:00\",\"mainEntityOfPage\":{\"@id\":\"https:\\\/\\\/framtidenskarriar.se\\\/ingenjor\\\/2016\\\/06\\\/14\\\/var-med-och-skapa-framtidens-stad-i-nacka\\\/\"},\"wordCount\":798,\"image\":{\"@id\":\"https:\\\/\\\/framtidenskarriar.se\\\/ingenjor\\\/2016\\\/06\\\/14\\\/var-med-och-skapa-framtidens-stad-i-nacka\\\/#primaryimage\"},\"thumbnailUrl\":\"https:\\\/\\\/framtidenskarriar.se\\\/ingenjor\\\/wp-content\\\/uploads\\\/sites\\\/14\\\/2016\\\/06\\\/nacka-mg-5205.jpg\",\"articleSection\":[\"Presentation\"],\"inLanguage\":\"sv-SE\"},{\"@type\":\"WebPage\",\"@id\":\"https:\\\/\\\/framtidenskarriar.se\\\/ingenjor\\\/2016\\\/06\\\/14\\\/var-med-och-skapa-framtidens-stad-i-nacka\\\/\",\"url\":\"https:\\\/\\\/framtidenskarriar.se\\\/ingenjor\\\/2016\\\/06\\\/14\\\/var-med-och-skapa-framtidens-stad-i-nacka\\\/\",\"name\":\"Var med och skapa framtidens stad i Nacka - Framtidens Karri\u00e4r - Ingenj\u00f6r\",\"isPartOf\":{\"@id\":\"https:\\\/\\\/framtidenskarriar.se\\\/ingenjor\\\/#website\"},\"primaryImageOfPage\":{\"@id\":\"https:\\\/\\\/framtidenskarriar.se\\\/ingenjor\\\/2016\\\/06\\\/14\\\/var-med-och-skapa-framtidens-stad-i-nacka\\\/#primaryimage\"},\"image\":{\"@id\":\"https:\\\/\\\/framtidenskarriar.se\\\/ingenjor\\\/2016\\\/06\\\/14\\\/var-med-och-skapa-framtidens-stad-i-nacka\\\/#primaryimage\"},\"thumbnailUrl\":\"https:\\\/\\\/framtidenskarriar.se\\\/ingenjor\\\/wp-content\\\/uploads\\\/sites\\\/14\\\/2016\\\/06\\\/nacka-mg-5205.jpg\",\"datePublished\":\"2016-06-14T13:31:40+00:00\",\"author\":{\"@id\":\"https:\\\/\\\/framtidenskarriar.se\\\/ingenjor\\\/#\\\/schema\\\/person\\\/c8a43eb855191e573b73ecf8987a3b99\"},\"breadcrumb\":{\"@id\":\"https:\\\/\\\/framtidenskarriar.se\\\/ingenjor\\\/2016\\\/06\\\/14\\\/var-med-och-skapa-framtidens-stad-i-nacka\\\/#breadcrumb\"},\"inLanguage\":\"sv-SE\",\"potentialAction\":[{\"@type\":\"ReadAction\",\"target\":[\"https:\\\/\\\/framtidenskarriar.se\\\/ingenjor\\\/2016\\\/06\\\/14\\\/var-med-och-skapa-framtidens-stad-i-nacka\\\/\"]}]},{\"@type\":\"ImageObject\",\"inLanguage\":\"sv-SE\",\"@id\":\"https:\\\/\\\/framtidenskarriar.se\\\/ingenjor\\\/2016\\\/06\\\/14\\\/var-med-och-skapa-framtidens-stad-i-nacka\\\/#primaryimage\",\"url\":\"https:\\\/\\\/framtidenskarriar.se\\\/ingenjor\\\/wp-content\\\/uploads\\\/sites\\\/14\\\/2016\\\/06\\\/nacka-mg-5205.jpg\",\"contentUrl\":\"https:\\\/\\\/framtidenskarriar.se\\\/ingenjor\\\/wp-content\\\/uploads\\\/sites\\\/14\\\/2016\\\/06\\\/nacka-mg-5205.jpg\",\"width\":1000,\"height\":631,\"caption\":\"Foto: Fredrik Hjerling\"},{\"@type\":\"BreadcrumbList\",\"@id\":\"https:\\\/\\\/framtidenskarriar.se\\\/ingenjor\\\/2016\\\/06\\\/14\\\/var-med-och-skapa-framtidens-stad-i-nacka\\\/#breadcrumb\",\"itemListElement\":[{\"@type\":\"ListItem\",\"position\":1,\"name\":\"Home\",\"item\":\"https:\\\/\\\/framtidenskarriar.se\\\/ingenjor\\\/\"},{\"@type\":\"ListItem\",\"position\":2,\"name\":\"Var med och skapa framtidens stad i Nacka\"}]},{\"@type\":\"WebSite\",\"@id\":\"https:\\\/\\\/framtidenskarriar.se\\\/ingenjor\\\/#website\",\"url\":\"https:\\\/\\\/framtidenskarriar.se\\\/ingenjor\\\/\",\"name\":\"Framtidens Karri\u00e4r - Ingenj\u00f6r\",\"description\":\"Just another NMDashboard.se Sites site\",\"potentialAction\":[{\"@type\":\"SearchAction\",\"target\":{\"@type\":\"EntryPoint\",\"urlTemplate\":\"https:\\\/\\\/framtidenskarriar.se\\\/ingenjor\\\/?s={search_term_string}\"},\"query-input\":{\"@type\":\"PropertyValueSpecification\",\"valueRequired\":true,\"valueName\":\"search_term_string\"}}],\"inLanguage\":\"sv-SE\"},{\"@type\":\"Person\",\"@id\":\"https:\\\/\\\/framtidenskarriar.se\\\/ingenjor\\\/#\\\/schema\\\/person\\\/c8a43eb855191e573b73ecf8987a3b99\",\"name\":\"stellanstal\",\"image\":{\"@type\":\"ImageObject\",\"inLanguage\":\"sv-SE\",\"@id\":\"https:\\\/\\\/secure.gravatar.com\\\/avatar\\\/cd330fa6bb17f598124b2068ee0b189e4fe0987a50af9d53b78410836060d0c9?s=96&d=mm&r=g\",\"url\":\"https:\\\/\\\/secure.gravatar.com\\\/avatar\\\/cd330fa6bb17f598124b2068ee0b189e4fe0987a50af9d53b78410836060d0c9?s=96&d=mm&r=g\",\"contentUrl\":\"https:\\\/\\\/secure.gravatar.com\\\/avatar\\\/cd330fa6bb17f598124b2068ee0b189e4fe0987a50af9d53b78410836060d0c9?s=96&d=mm&r=g\",\"caption\":\"stellanstal\"},\"url\":\"https:\\\/\\\/framtidenskarriar.se\\\/ingenjor\\\/author\\\/stellanstal\\\/\"}]}<\/script>\n<!-- \/ Yoast SEO plugin. -->","yoast_head_json":{"title":"Var med och skapa framtidens stad i Nacka - Framtidens Karri\u00e4r - Ingenj\u00f6r","robots":{"index":"index","follow":"follow","max-snippet":"max-snippet:-1","max-image-preview":"max-image-preview:large","max-video-preview":"max-video-preview:-1"},"canonical":"https:\/\/framtidenskarriar.se\/ingenjor\/2016\/06\/14\/var-med-och-skapa-framtidens-stad-i-nacka\/","og_locale":"sv_SE","og_type":"article","og_title":"Var med och skapa framtidens stad i Nacka - Framtidens Karri\u00e4r - Ingenj\u00f6r","og_description":"Med sin oerh\u00f6rt snabba expansion och m\u00e5nga framtidssatsningar erbjuder Nacka kommun unika karri\u00e4rm\u00f6jligheter f\u00f6r ingenj\u00f6rer....","og_url":"https:\/\/framtidenskarriar.se\/ingenjor\/2016\/06\/14\/var-med-och-skapa-framtidens-stad-i-nacka\/","og_site_name":"Framtidens Karri\u00e4r - Ingenj\u00f6r","article_published_time":"2016-06-14T13:31:40+00:00","og_image":[{"width":1000,"height":631,"url":"https:\/\/framtidenskarriar.se\/ingenjor\/wp-content\/uploads\/sites\/14\/2016\/06\/nacka-mg-5205.jpg","type":"image\/jpeg"}],"author":"stellanstal","twitter_card":"summary_large_image","twitter_misc":{"Skriven av":"stellanstal","Ber\u00e4knad l\u00e4stid":"4 minuter"},"schema":{"@context":"https:\/\/schema.org","@graph":[{"@type":"Article","@id":"https:\/\/framtidenskarriar.se\/ingenjor\/2016\/06\/14\/var-med-och-skapa-framtidens-stad-i-nacka\/#article","isPartOf":{"@id":"https:\/\/framtidenskarriar.se\/ingenjor\/2016\/06\/14\/var-med-och-skapa-framtidens-stad-i-nacka\/"},"author":{"name":"stellanstal","@id":"https:\/\/framtidenskarriar.se\/ingenjor\/#\/schema\/person\/c8a43eb855191e573b73ecf8987a3b99"},"headline":"Var med och skapa framtidens stad i Nacka","datePublished":"2016-06-14T13:31:40+00:00","mainEntityOfPage":{"@id":"https:\/\/framtidenskarriar.se\/ingenjor\/2016\/06\/14\/var-med-och-skapa-framtidens-stad-i-nacka\/"},"wordCount":798,"image":{"@id":"https:\/\/framtidenskarriar.se\/ingenjor\/2016\/06\/14\/var-med-och-skapa-framtidens-stad-i-nacka\/#primaryimage"},"thumbnailUrl":"https:\/\/framtidenskarriar.se\/ingenjor\/wp-content\/uploads\/sites\/14\/2016\/06\/nacka-mg-5205.jpg","articleSection":["Presentation"],"inLanguage":"sv-SE"},{"@type":"WebPage","@id":"https:\/\/framtidenskarriar.se\/ingenjor\/2016\/06\/14\/var-med-och-skapa-framtidens-stad-i-nacka\/","url":"https:\/\/framtidenskarriar.se\/ingenjor\/2016\/06\/14\/var-med-och-skapa-framtidens-stad-i-nacka\/","name":"Var med och skapa framtidens stad i Nacka - Framtidens Karri\u00e4r - Ingenj\u00f6r","isPartOf":{"@id":"https:\/\/framtidenskarriar.se\/ingenjor\/#website"},"primaryImageOfPage":{"@id":"https:\/\/framtidenskarriar.se\/ingenjor\/2016\/06\/14\/var-med-och-skapa-framtidens-stad-i-nacka\/#primaryimage"},"image":{"@id":"https:\/\/framtidenskarriar.se\/ingenjor\/2016\/06\/14\/var-med-och-skapa-framtidens-stad-i-nacka\/#primaryimage"},"thumbnailUrl":"https:\/\/framtidenskarriar.se\/ingenjor\/wp-content\/uploads\/sites\/14\/2016\/06\/nacka-mg-5205.jpg","datePublished":"2016-06-14T13:31:40+00:00","author":{"@id":"https:\/\/framtidenskarriar.se\/ingenjor\/#\/schema\/person\/c8a43eb855191e573b73ecf8987a3b99"},"breadcrumb":{"@id":"https:\/\/framtidenskarriar.se\/ingenjor\/2016\/06\/14\/var-med-och-skapa-framtidens-stad-i-nacka\/#breadcrumb"},"inLanguage":"sv-SE","potentialAction":[{"@type":"ReadAction","target":["https:\/\/framtidenskarriar.se\/ingenjor\/2016\/06\/14\/var-med-och-skapa-framtidens-stad-i-nacka\/"]}]},{"@type":"ImageObject","inLanguage":"sv-SE","@id":"https:\/\/framtidenskarriar.se\/ingenjor\/2016\/06\/14\/var-med-och-skapa-framtidens-stad-i-nacka\/#primaryimage","url":"https:\/\/framtidenskarriar.se\/ingenjor\/wp-content\/uploads\/sites\/14\/2016\/06\/nacka-mg-5205.jpg","contentUrl":"https:\/\/framtidenskarriar.se\/ingenjor\/wp-content\/uploads\/sites\/14\/2016\/06\/nacka-mg-5205.jpg","width":1000,"height":631,"caption":"Foto: Fredrik Hjerling"},{"@type":"BreadcrumbList","@id":"https:\/\/framtidenskarriar.se\/ingenjor\/2016\/06\/14\/var-med-och-skapa-framtidens-stad-i-nacka\/#breadcrumb","itemListElement":[{"@type":"ListItem","position":1,"name":"Home","item":"https:\/\/framtidenskarriar.se\/ingenjor\/"},{"@type":"ListItem","position":2,"name":"Var med och skapa framtidens stad i Nacka"}]},{"@type":"WebSite","@id":"https:\/\/framtidenskarriar.se\/ingenjor\/#website","url":"https:\/\/framtidenskarriar.se\/ingenjor\/","name":"Framtidens Karri\u00e4r - Ingenj\u00f6r","description":"Just another NMDashboard.se Sites site","potentialAction":[{"@type":"SearchAction","target":{"@type":"EntryPoint","urlTemplate":"https:\/\/framtidenskarriar.se\/ingenjor\/?s={search_term_string}"},"query-input":{"@type":"PropertyValueSpecification","valueRequired":true,"valueName":"search_term_string"}}],"inLanguage":"sv-SE"},{"@type":"Person","@id":"https:\/\/framtidenskarriar.se\/ingenjor\/#\/schema\/person\/c8a43eb855191e573b73ecf8987a3b99","name":"stellanstal","image":{"@type":"ImageObject","inLanguage":"sv-SE","@id":"https:\/\/secure.gravatar.com\/avatar\/cd330fa6bb17f598124b2068ee0b189e4fe0987a50af9d53b78410836060d0c9?s=96&d=mm&r=g","url":"https:\/\/secure.gravatar.com\/avatar\/cd330fa6bb17f598124b2068ee0b189e4fe0987a50af9d53b78410836060d0c9?s=96&d=mm&r=g","contentUrl":"https:\/\/secure.gravatar.com\/avatar\/cd330fa6bb17f598124b2068ee0b189e4fe0987a50af9d53b78410836060d0c9?s=96&d=mm&r=g","caption":"stellanstal"},"url":"https:\/\/framtidenskarriar.se\/ingenjor\/author\/stellanstal\/"}]}},"_links":{"self":[{"href":"https:\/\/framtidenskarriar.se\/ingenjor\/wp-json\/wp\/v2\/posts\/5276","targetHints":{"allow":["GET"]}}],"collection":[{"href":"https:\/\/framtidenskarriar.se\/ingenjor\/wp-json\/wp\/v2\/posts"}],"about":[{"href":"https:\/\/framtidenskarriar.se\/ingenjor\/wp-json\/wp\/v2\/types\/post"}],"author":[{"embeddable":true,"href":"https:\/\/framtidenskarriar.se\/ingenjor\/wp-json\/wp\/v2\/users\/3"}],"replies":[{"embeddable":true,"href":"https:\/\/framtidenskarriar.se\/ingenjor\/wp-json\/wp\/v2\/comments?post=5276"}],"version-history":[{"count":0,"href":"https:\/\/framtidenskarriar.se\/ingenjor\/wp-json\/wp\/v2\/posts\/5276\/revisions"}],"wp:featuredmedia":[{"embeddable":true,"href":"https:\/\/framtidenskarriar.se\/ingenjor\/wp-json\/wp\/v2\/media\/5279"}],"wp:attachment":[{"href":"https:\/\/framtidenskarriar.se\/ingenjor\/wp-json\/wp\/v2\/media?parent=5276"}],"wp:term":[{"taxonomy":"category","embeddable":true,"href":"https:\/\/framtidenskarriar.se\/ingenjor\/wp-json\/wp\/v2\/categories?post=5276"},{"taxonomy":"post_tag","embeddable":true,"href":"https:\/\/framtidenskarriar.se\/ingenjor\/wp-json\/wp\/v2\/tags?post=5276"}],"curies":[{"name":"wp","href":"https:\/\/api.w.org\/{rel}","templated":true}]}}