{"id":5282,"date":"2016-06-14T15:25:18","date_gmt":"2016-06-14T13:25:18","guid":{"rendered":"http:\/\/framtidenskarriar.se\/ingenjor\/?p=5282"},"modified":"2016-06-14T15:25:18","modified_gmt":"2016-06-14T13:25:18","slug":"ingenjorer-uppskattar-uppsala-kommuns-integrerade-arbetssatt","status":"publish","type":"post","link":"https:\/\/framtidenskarriar.se\/ingenjor\/2016\/06\/14\/ingenjorer-uppskattar-uppsala-kommuns-integrerade-arbetssatt\/","title":{"rendered":"Ingenj\u00f6rer uppskattar Uppsala kommuns integrerade arbetss\u00e4tt"},"content":{"rendered":"<p><figure id=\"attachment_5283\" aria-describedby=\"caption-attachment-5283\" style=\"width: 1000px\" class=\"wp-caption alignnone\"><img loading=\"lazy\" decoding=\"async\" src=\"https:\/\/framtidenskarriar.se\/ingenjor\/wp-content\/uploads\/sites\/14\/2016\/06\/uppsala-johanberggren2016-036.jpg\" alt=\"Johan Berggren och Ingrid Anderbj\u00f6rk hos Uppsala kommun. Foto: Dan Pettersson\" width=\"1000\" height=\"662\" class=\"size-full wp-image-5283\" srcset=\"https:\/\/framtidenskarriar.se\/ingenjor\/wp-content\/uploads\/sites\/14\/2016\/06\/uppsala-johanberggren2016-036.jpg 1000w, https:\/\/framtidenskarriar.se\/ingenjor\/wp-content\/uploads\/sites\/14\/2016\/06\/uppsala-johanberggren2016-036-300x199.jpg 300w, https:\/\/framtidenskarriar.se\/ingenjor\/wp-content\/uploads\/sites\/14\/2016\/06\/uppsala-johanberggren2016-036-768x508.jpg 768w, https:\/\/framtidenskarriar.se\/ingenjor\/wp-content\/uploads\/sites\/14\/2016\/06\/uppsala-johanberggren2016-036-242x160.jpg 242w, https:\/\/framtidenskarriar.se\/ingenjor\/wp-content\/uploads\/sites\/14\/2016\/06\/uppsala-johanberggren2016-036-526x348.jpg 526w, https:\/\/framtidenskarriar.se\/ingenjor\/wp-content\/uploads\/sites\/14\/2016\/06\/uppsala-johanberggren2016-036-720x477.jpg 720w, https:\/\/framtidenskarriar.se\/ingenjor\/wp-content\/uploads\/sites\/14\/2016\/06\/uppsala-johanberggren2016-036-960x636.jpg 960w\" sizes=\"auto, (max-width: 1000px) 100vw, 1000px\" \/><figcaption id=\"caption-attachment-5283\" class=\"wp-caption-text\">Johan Berggren och Ingrid Anderbj\u00f6rk hos Uppsala kommun. Foto: Dan Pettersson<\/figcaption><\/figure><strong>I Uppsala, som \u00e4r en av Sveriges mest snabbv\u00e4xande st\u00e4der, inrymmer stadsbyggnadsf\u00f6rvaltningen alla funktioner som stadsbyggnads\u00adprocessen kr\u00e4ver. H\u00e4r till\u00e4mpas ett integrerat arbetss\u00e4tt, vilket inneb\u00e4r att ingenj\u00f6rer samverkar med kulturgeografer, lantm\u00e4tare och andra kompetenser genom hela stadsbyggnadsprocessen.<\/strong><\/p>\n<p>\u2013 Det \u00e4r en otrolig f\u00f6rm\u00e5n att arbeta med stadsplanering i en stad d\u00e4r intresset f\u00f6r inflyttning och etablering konsekvent \u00e4r mycket stort. V\u00e5ra medarbetare p\u00e5 stadsbyggnadsf\u00f6rvaltningen f\u00f6rv\u00e4ntas bidra till nya l\u00f6sningar och arbetsmodeller som b\u00e5de utvecklar tempot och kvalitetsniv\u00e5n i v\u00e5rt arbete. s\u00e4ger Ingrid Anderbj\u00f6rk, chef f\u00f6r mark och exploatering i Uppsala kommun.<br \/>\nStadsbyggnadsenheten rekryterar l\u00f6pande ingenj\u00f6rer med olika inriktningar, bland annat avancerade projektledare som driver projekten ekonomiskt och tekniskt fr\u00e5n start till m\u00e5l.<br \/>\n\u2013 Genom att alla kompetenser samverkar f\u00f6rebygger vi stupr\u00f6rst\u00e4nk och fr\u00e4mjar ist\u00e4llet l\u00e4rande \u00f6ver yrkes- och enhetsgr\u00e4nserna. Vi arbetar utifr\u00e5n ett tydligt politiskt mandat: att f\u00f6rverkliga Uppsalas l\u00e5ngsiktigt h\u00e5llbara tillv\u00e4xt. Vi har stor frihet att avg\u00f6ra hur visionen ska f\u00f6rverkligas, s\u00e4ger Ingrid Anderbj\u00f6rk.<br \/>\nJohan Berggren, som \u00e4r civilingenj\u00f6r med inriktning mot samh\u00e4llsplanering, s\u00f6kte jobb i Uppsala n\u00e4r hans sambo fick arbete i staden. Han hade tidigare arbetat med stadsplanering i flera Stockholmskommuner och p\u00e5b\u00f6rjade sitt nya arbete som projektledare p\u00e5 exploateringsenheten i Uppsala kommun 2015. <\/p>\n<p><strong>Varje projekt \u00e4r unikt<\/strong><br \/>\n\u2013 Uppsala \u00e4r en mycket intressant stad utifr\u00e5n ett stadsplaneringsperspektiv eftersom den v\u00e4xer s\u00e5 snabbt. V\u00e5ra projekt \u00e4r l\u00e5ngsiktiga och har ofta m\u00e5nga intressenter. Som projektledare v\u00e4ger jag samman ekonomiska, juridiska och samh\u00e4llsplaneringsm\u00e4ssiga aspekter, s\u00e4ger han.<br \/>\nJust nu ska Johan Berggren p\u00e5b\u00f6rja ett projekt i \u00d6stra Sala Backe, d\u00e4r en simhall, bost\u00e4der och kontor st\u00e5r p\u00e5 agendan.<br \/>\n\u2013 V\u00e5ra projekt kombinerar ofta m\u00e5nga olika samh\u00e4llsfunktioner, fastigheter och intressenter. Varje projekt kr\u00e4ver sina egna l\u00f6sningar. Som projektledare har jag m\u00e5nga olika faktorer att ta h\u00e4nsyn till, vilket g\u00f6r jobbet utmanande och intressant. H\u00e4r f\u00e5r jag verkligen vara med och p\u00e5verka samh\u00e4llsutvecklingen, s\u00e4ger han.<\/p>\n<div class=\"faktaruta-title\">Uppsala kommun \u2013 Stadsbyggnadsf\u00f6rvaltningen<\/div><div class=\"faktaruta\">Stadsbyggnadsf\u00f6rvaltningen ansvarar f\u00f6r hela samh\u00e4llsbyggnadsprocessen i Uppsala kommun. F\u00f6rvaltningen \u00e4r en gemensam tj\u00e4nstemannaorganisation f\u00f6r fyra n\u00e4mnder: gatu- och samh\u00e4llsmilj\u00f6n\u00e4mnden, idrotts- och fritidsn\u00e4mnden, namngivningsn\u00e4mnden samt plan- och byggnadsn\u00e4mnden. F\u00f6rvaltningen ger ocks\u00e5 st\u00f6d till kommunledningskontoret vad g\u00e4ller mark- och exploateringsfr\u00e5gor och tillhandah\u00e5ller lokaler f\u00f6r kommunens verksamhet och s\u00e4rskilda bost\u00e4der f\u00f6r sociala \u00e4ndam\u00e5l.<br \/>\n<strong><a href=\"http:\/\/www.uppsala.se\" target=\"_blank\" rel=\"noopener noreferrer\">www.uppsala.se<\/a><\/strong><\/br><br \/>\n<a href=\"http:\/\/www.uppsala.se\" target=\"_blank\" rel=\"noopener noreferrer\"><img loading=\"lazy\" decoding=\"async\" src=\"http:\/\/framtidenskarriar.se\/ingenjor\/wp-content\/uploads\/2016\/06\/uppsala_kommun_farg-530x142.png\" alt=\"www.uppsala.se\" width=\"332\" height=\"89\" class=\"alignnone size-large wp-image-5284\" \/><\/a><\/div>\n","protected":false},"excerpt":{"rendered":"<p>I Uppsala, som \u00e4r en av Sveriges mest snabbv\u00e4xande st\u00e4der, inrymmer stadsbyggnadsf\u00f6rvaltningen alla funktioner som&#8230;<\/p>\n","protected":false},"author":3,"featured_media":5283,"comment_status":"closed","ping_status":"open","sticky":false,"template":"","format":"standard","meta":{"_acf_changed":false,"_monsterinsights_skip_tracking":false,"_monsterinsights_sitenote_active":false,"_monsterinsights_sitenote_note":"","_monsterinsights_sitenote_category":0,"footnotes":""},"categories":[4],"tags":[],"class_list":["post-5282","post","type-post","status-publish","format-standard","has-post-thumbnail","hentry","category-presentation"],"acf":[],"yoast_head":"<!-- This site is optimized with the Yoast SEO plugin v27.3 - https:\/\/yoast.com\/product\/yoast-seo-wordpress\/ -->\n<title>Ingenj\u00f6rer uppskattar Uppsala kommuns integrerade arbetss\u00e4tt - Framtidens Karri\u00e4r - Ingenj\u00f6r<\/title>\n<meta name=\"robots\" content=\"index, follow, max-snippet:-1, max-image-preview:large, max-video-preview:-1\" \/>\n<link rel=\"canonical\" href=\"https:\/\/framtidenskarriar.se\/ingenjor\/2016\/06\/14\/ingenjorer-uppskattar-uppsala-kommuns-integrerade-arbetssatt\/\" \/>\n<meta property=\"og:locale\" content=\"sv_SE\" \/>\n<meta property=\"og:type\" content=\"article\" \/>\n<meta property=\"og:title\" content=\"Ingenj\u00f6rer uppskattar Uppsala kommuns integrerade arbetss\u00e4tt - Framtidens Karri\u00e4r - Ingenj\u00f6r\" \/>\n<meta property=\"og:description\" content=\"I Uppsala, som \u00e4r en av Sveriges mest snabbv\u00e4xande st\u00e4der, inrymmer stadsbyggnadsf\u00f6rvaltningen alla funktioner som...\" \/>\n<meta property=\"og:url\" content=\"https:\/\/framtidenskarriar.se\/ingenjor\/2016\/06\/14\/ingenjorer-uppskattar-uppsala-kommuns-integrerade-arbetssatt\/\" \/>\n<meta property=\"og:site_name\" content=\"Framtidens Karri\u00e4r - Ingenj\u00f6r\" \/>\n<meta property=\"article:published_time\" content=\"2016-06-14T13:25:18+00:00\" \/>\n<meta property=\"og:image\" content=\"https:\/\/framtidenskarriar.se\/ingenjor\/wp-content\/uploads\/sites\/14\/2016\/06\/uppsala-johanberggren2016-036.jpg\" \/>\n\t<meta property=\"og:image:width\" content=\"1000\" \/>\n\t<meta property=\"og:image:height\" content=\"662\" \/>\n\t<meta property=\"og:image:type\" content=\"image\/jpeg\" \/>\n<meta name=\"author\" content=\"stellanstal\" \/>\n<meta name=\"twitter:card\" content=\"summary_large_image\" \/>\n<meta name=\"twitter:label1\" content=\"Skriven av\" \/>\n\t<meta name=\"twitter:data1\" content=\"stellanstal\" \/>\n\t<meta name=\"twitter:label2\" content=\"Ber\u00e4knad l\u00e4stid\" \/>\n\t<meta name=\"twitter:data2\" content=\"2 minuter\" \/>\n<script type=\"application\/ld+json\" class=\"yoast-schema-graph\">{\"@context\":\"https:\\\/\\\/schema.org\",\"@graph\":[{\"@type\":\"Article\",\"@id\":\"https:\\\/\\\/framtidenskarriar.se\\\/ingenjor\\\/2016\\\/06\\\/14\\\/ingenjorer-uppskattar-uppsala-kommuns-integrerade-arbetssatt\\\/#article\",\"isPartOf\":{\"@id\":\"https:\\\/\\\/framtidenskarriar.se\\\/ingenjor\\\/2016\\\/06\\\/14\\\/ingenjorer-uppskattar-uppsala-kommuns-integrerade-arbetssatt\\\/\"},\"author\":{\"name\":\"stellanstal\",\"@id\":\"https:\\\/\\\/framtidenskarriar.se\\\/ingenjor\\\/#\\\/schema\\\/person\\\/c8a43eb855191e573b73ecf8987a3b99\"},\"headline\":\"Ingenj\u00f6rer uppskattar Uppsala kommuns integrerade arbetss\u00e4tt\",\"datePublished\":\"2016-06-14T13:25:18+00:00\",\"mainEntityOfPage\":{\"@id\":\"https:\\\/\\\/framtidenskarriar.se\\\/ingenjor\\\/2016\\\/06\\\/14\\\/ingenjorer-uppskattar-uppsala-kommuns-integrerade-arbetssatt\\\/\"},\"wordCount\":486,\"image\":{\"@id\":\"https:\\\/\\\/framtidenskarriar.se\\\/ingenjor\\\/2016\\\/06\\\/14\\\/ingenjorer-uppskattar-uppsala-kommuns-integrerade-arbetssatt\\\/#primaryimage\"},\"thumbnailUrl\":\"https:\\\/\\\/framtidenskarriar.se\\\/ingenjor\\\/wp-content\\\/uploads\\\/sites\\\/14\\\/2016\\\/06\\\/uppsala-johanberggren2016-036.jpg\",\"articleSection\":[\"Presentation\"],\"inLanguage\":\"sv-SE\"},{\"@type\":\"WebPage\",\"@id\":\"https:\\\/\\\/framtidenskarriar.se\\\/ingenjor\\\/2016\\\/06\\\/14\\\/ingenjorer-uppskattar-uppsala-kommuns-integrerade-arbetssatt\\\/\",\"url\":\"https:\\\/\\\/framtidenskarriar.se\\\/ingenjor\\\/2016\\\/06\\\/14\\\/ingenjorer-uppskattar-uppsala-kommuns-integrerade-arbetssatt\\\/\",\"name\":\"Ingenj\u00f6rer uppskattar Uppsala kommuns integrerade arbetss\u00e4tt - Framtidens Karri\u00e4r - Ingenj\u00f6r\",\"isPartOf\":{\"@id\":\"https:\\\/\\\/framtidenskarriar.se\\\/ingenjor\\\/#website\"},\"primaryImageOfPage\":{\"@id\":\"https:\\\/\\\/framtidenskarriar.se\\\/ingenjor\\\/2016\\\/06\\\/14\\\/ingenjorer-uppskattar-uppsala-kommuns-integrerade-arbetssatt\\\/#primaryimage\"},\"image\":{\"@id\":\"https:\\\/\\\/framtidenskarriar.se\\\/ingenjor\\\/2016\\\/06\\\/14\\\/ingenjorer-uppskattar-uppsala-kommuns-integrerade-arbetssatt\\\/#primaryimage\"},\"thumbnailUrl\":\"https:\\\/\\\/framtidenskarriar.se\\\/ingenjor\\\/wp-content\\\/uploads\\\/sites\\\/14\\\/2016\\\/06\\\/uppsala-johanberggren2016-036.jpg\",\"datePublished\":\"2016-06-14T13:25:18+00:00\",\"author\":{\"@id\":\"https:\\\/\\\/framtidenskarriar.se\\\/ingenjor\\\/#\\\/schema\\\/person\\\/c8a43eb855191e573b73ecf8987a3b99\"},\"breadcrumb\":{\"@id\":\"https:\\\/\\\/framtidenskarriar.se\\\/ingenjor\\\/2016\\\/06\\\/14\\\/ingenjorer-uppskattar-uppsala-kommuns-integrerade-arbetssatt\\\/#breadcrumb\"},\"inLanguage\":\"sv-SE\",\"potentialAction\":[{\"@type\":\"ReadAction\",\"target\":[\"https:\\\/\\\/framtidenskarriar.se\\\/ingenjor\\\/2016\\\/06\\\/14\\\/ingenjorer-uppskattar-uppsala-kommuns-integrerade-arbetssatt\\\/\"]}]},{\"@type\":\"ImageObject\",\"inLanguage\":\"sv-SE\",\"@id\":\"https:\\\/\\\/framtidenskarriar.se\\\/ingenjor\\\/2016\\\/06\\\/14\\\/ingenjorer-uppskattar-uppsala-kommuns-integrerade-arbetssatt\\\/#primaryimage\",\"url\":\"https:\\\/\\\/framtidenskarriar.se\\\/ingenjor\\\/wp-content\\\/uploads\\\/sites\\\/14\\\/2016\\\/06\\\/uppsala-johanberggren2016-036.jpg\",\"contentUrl\":\"https:\\\/\\\/framtidenskarriar.se\\\/ingenjor\\\/wp-content\\\/uploads\\\/sites\\\/14\\\/2016\\\/06\\\/uppsala-johanberggren2016-036.jpg\",\"width\":1000,\"height\":662,\"caption\":\"Johan Berggren och Ingrid Anderbj\u00f6rk hos Uppsala kommun. Foto: Dan Pettersson\"},{\"@type\":\"BreadcrumbList\",\"@id\":\"https:\\\/\\\/framtidenskarriar.se\\\/ingenjor\\\/2016\\\/06\\\/14\\\/ingenjorer-uppskattar-uppsala-kommuns-integrerade-arbetssatt\\\/#breadcrumb\",\"itemListElement\":[{\"@type\":\"ListItem\",\"position\":1,\"name\":\"Home\",\"item\":\"https:\\\/\\\/framtidenskarriar.se\\\/ingenjor\\\/\"},{\"@type\":\"ListItem\",\"position\":2,\"name\":\"Ingenj\u00f6rer uppskattar Uppsala kommuns integrerade arbetss\u00e4tt\"}]},{\"@type\":\"WebSite\",\"@id\":\"https:\\\/\\\/framtidenskarriar.se\\\/ingenjor\\\/#website\",\"url\":\"https:\\\/\\\/framtidenskarriar.se\\\/ingenjor\\\/\",\"name\":\"Framtidens Karri\u00e4r - Ingenj\u00f6r\",\"description\":\"Just another NMDashboard.se Sites site\",\"potentialAction\":[{\"@type\":\"SearchAction\",\"target\":{\"@type\":\"EntryPoint\",\"urlTemplate\":\"https:\\\/\\\/framtidenskarriar.se\\\/ingenjor\\\/?s={search_term_string}\"},\"query-input\":{\"@type\":\"PropertyValueSpecification\",\"valueRequired\":true,\"valueName\":\"search_term_string\"}}],\"inLanguage\":\"sv-SE\"},{\"@type\":\"Person\",\"@id\":\"https:\\\/\\\/framtidenskarriar.se\\\/ingenjor\\\/#\\\/schema\\\/person\\\/c8a43eb855191e573b73ecf8987a3b99\",\"name\":\"stellanstal\",\"image\":{\"@type\":\"ImageObject\",\"inLanguage\":\"sv-SE\",\"@id\":\"https:\\\/\\\/secure.gravatar.com\\\/avatar\\\/cd330fa6bb17f598124b2068ee0b189e4fe0987a50af9d53b78410836060d0c9?s=96&d=mm&r=g\",\"url\":\"https:\\\/\\\/secure.gravatar.com\\\/avatar\\\/cd330fa6bb17f598124b2068ee0b189e4fe0987a50af9d53b78410836060d0c9?s=96&d=mm&r=g\",\"contentUrl\":\"https:\\\/\\\/secure.gravatar.com\\\/avatar\\\/cd330fa6bb17f598124b2068ee0b189e4fe0987a50af9d53b78410836060d0c9?s=96&d=mm&r=g\",\"caption\":\"stellanstal\"},\"url\":\"https:\\\/\\\/framtidenskarriar.se\\\/ingenjor\\\/author\\\/stellanstal\\\/\"}]}<\/script>\n<!-- \/ Yoast SEO plugin. -->","yoast_head_json":{"title":"Ingenj\u00f6rer uppskattar Uppsala kommuns integrerade arbetss\u00e4tt - Framtidens Karri\u00e4r - Ingenj\u00f6r","robots":{"index":"index","follow":"follow","max-snippet":"max-snippet:-1","max-image-preview":"max-image-preview:large","max-video-preview":"max-video-preview:-1"},"canonical":"https:\/\/framtidenskarriar.se\/ingenjor\/2016\/06\/14\/ingenjorer-uppskattar-uppsala-kommuns-integrerade-arbetssatt\/","og_locale":"sv_SE","og_type":"article","og_title":"Ingenj\u00f6rer uppskattar Uppsala kommuns integrerade arbetss\u00e4tt - Framtidens Karri\u00e4r - Ingenj\u00f6r","og_description":"I Uppsala, som \u00e4r en av Sveriges mest snabbv\u00e4xande st\u00e4der, inrymmer stadsbyggnadsf\u00f6rvaltningen alla funktioner som...","og_url":"https:\/\/framtidenskarriar.se\/ingenjor\/2016\/06\/14\/ingenjorer-uppskattar-uppsala-kommuns-integrerade-arbetssatt\/","og_site_name":"Framtidens Karri\u00e4r - Ingenj\u00f6r","article_published_time":"2016-06-14T13:25:18+00:00","og_image":[{"width":1000,"height":662,"url":"https:\/\/framtidenskarriar.se\/ingenjor\/wp-content\/uploads\/sites\/14\/2016\/06\/uppsala-johanberggren2016-036.jpg","type":"image\/jpeg"}],"author":"stellanstal","twitter_card":"summary_large_image","twitter_misc":{"Skriven av":"stellanstal","Ber\u00e4knad l\u00e4stid":"2 minuter"},"schema":{"@context":"https:\/\/schema.org","@graph":[{"@type":"Article","@id":"https:\/\/framtidenskarriar.se\/ingenjor\/2016\/06\/14\/ingenjorer-uppskattar-uppsala-kommuns-integrerade-arbetssatt\/#article","isPartOf":{"@id":"https:\/\/framtidenskarriar.se\/ingenjor\/2016\/06\/14\/ingenjorer-uppskattar-uppsala-kommuns-integrerade-arbetssatt\/"},"author":{"name":"stellanstal","@id":"https:\/\/framtidenskarriar.se\/ingenjor\/#\/schema\/person\/c8a43eb855191e573b73ecf8987a3b99"},"headline":"Ingenj\u00f6rer uppskattar Uppsala kommuns integrerade arbetss\u00e4tt","datePublished":"2016-06-14T13:25:18+00:00","mainEntityOfPage":{"@id":"https:\/\/framtidenskarriar.se\/ingenjor\/2016\/06\/14\/ingenjorer-uppskattar-uppsala-kommuns-integrerade-arbetssatt\/"},"wordCount":486,"image":{"@id":"https:\/\/framtidenskarriar.se\/ingenjor\/2016\/06\/14\/ingenjorer-uppskattar-uppsala-kommuns-integrerade-arbetssatt\/#primaryimage"},"thumbnailUrl":"https:\/\/framtidenskarriar.se\/ingenjor\/wp-content\/uploads\/sites\/14\/2016\/06\/uppsala-johanberggren2016-036.jpg","articleSection":["Presentation"],"inLanguage":"sv-SE"},{"@type":"WebPage","@id":"https:\/\/framtidenskarriar.se\/ingenjor\/2016\/06\/14\/ingenjorer-uppskattar-uppsala-kommuns-integrerade-arbetssatt\/","url":"https:\/\/framtidenskarriar.se\/ingenjor\/2016\/06\/14\/ingenjorer-uppskattar-uppsala-kommuns-integrerade-arbetssatt\/","name":"Ingenj\u00f6rer uppskattar Uppsala kommuns integrerade arbetss\u00e4tt - Framtidens Karri\u00e4r - Ingenj\u00f6r","isPartOf":{"@id":"https:\/\/framtidenskarriar.se\/ingenjor\/#website"},"primaryImageOfPage":{"@id":"https:\/\/framtidenskarriar.se\/ingenjor\/2016\/06\/14\/ingenjorer-uppskattar-uppsala-kommuns-integrerade-arbetssatt\/#primaryimage"},"image":{"@id":"https:\/\/framtidenskarriar.se\/ingenjor\/2016\/06\/14\/ingenjorer-uppskattar-uppsala-kommuns-integrerade-arbetssatt\/#primaryimage"},"thumbnailUrl":"https:\/\/framtidenskarriar.se\/ingenjor\/wp-content\/uploads\/sites\/14\/2016\/06\/uppsala-johanberggren2016-036.jpg","datePublished":"2016-06-14T13:25:18+00:00","author":{"@id":"https:\/\/framtidenskarriar.se\/ingenjor\/#\/schema\/person\/c8a43eb855191e573b73ecf8987a3b99"},"breadcrumb":{"@id":"https:\/\/framtidenskarriar.se\/ingenjor\/2016\/06\/14\/ingenjorer-uppskattar-uppsala-kommuns-integrerade-arbetssatt\/#breadcrumb"},"inLanguage":"sv-SE","potentialAction":[{"@type":"ReadAction","target":["https:\/\/framtidenskarriar.se\/ingenjor\/2016\/06\/14\/ingenjorer-uppskattar-uppsala-kommuns-integrerade-arbetssatt\/"]}]},{"@type":"ImageObject","inLanguage":"sv-SE","@id":"https:\/\/framtidenskarriar.se\/ingenjor\/2016\/06\/14\/ingenjorer-uppskattar-uppsala-kommuns-integrerade-arbetssatt\/#primaryimage","url":"https:\/\/framtidenskarriar.se\/ingenjor\/wp-content\/uploads\/sites\/14\/2016\/06\/uppsala-johanberggren2016-036.jpg","contentUrl":"https:\/\/framtidenskarriar.se\/ingenjor\/wp-content\/uploads\/sites\/14\/2016\/06\/uppsala-johanberggren2016-036.jpg","width":1000,"height":662,"caption":"Johan Berggren och Ingrid Anderbj\u00f6rk hos Uppsala kommun. Foto: Dan Pettersson"},{"@type":"BreadcrumbList","@id":"https:\/\/framtidenskarriar.se\/ingenjor\/2016\/06\/14\/ingenjorer-uppskattar-uppsala-kommuns-integrerade-arbetssatt\/#breadcrumb","itemListElement":[{"@type":"ListItem","position":1,"name":"Home","item":"https:\/\/framtidenskarriar.se\/ingenjor\/"},{"@type":"ListItem","position":2,"name":"Ingenj\u00f6rer uppskattar Uppsala kommuns integrerade arbetss\u00e4tt"}]},{"@type":"WebSite","@id":"https:\/\/framtidenskarriar.se\/ingenjor\/#website","url":"https:\/\/framtidenskarriar.se\/ingenjor\/","name":"Framtidens Karri\u00e4r - Ingenj\u00f6r","description":"Just another NMDashboard.se Sites site","potentialAction":[{"@type":"SearchAction","target":{"@type":"EntryPoint","urlTemplate":"https:\/\/framtidenskarriar.se\/ingenjor\/?s={search_term_string}"},"query-input":{"@type":"PropertyValueSpecification","valueRequired":true,"valueName":"search_term_string"}}],"inLanguage":"sv-SE"},{"@type":"Person","@id":"https:\/\/framtidenskarriar.se\/ingenjor\/#\/schema\/person\/c8a43eb855191e573b73ecf8987a3b99","name":"stellanstal","image":{"@type":"ImageObject","inLanguage":"sv-SE","@id":"https:\/\/secure.gravatar.com\/avatar\/cd330fa6bb17f598124b2068ee0b189e4fe0987a50af9d53b78410836060d0c9?s=96&d=mm&r=g","url":"https:\/\/secure.gravatar.com\/avatar\/cd330fa6bb17f598124b2068ee0b189e4fe0987a50af9d53b78410836060d0c9?s=96&d=mm&r=g","contentUrl":"https:\/\/secure.gravatar.com\/avatar\/cd330fa6bb17f598124b2068ee0b189e4fe0987a50af9d53b78410836060d0c9?s=96&d=mm&r=g","caption":"stellanstal"},"url":"https:\/\/framtidenskarriar.se\/ingenjor\/author\/stellanstal\/"}]}},"_links":{"self":[{"href":"https:\/\/framtidenskarriar.se\/ingenjor\/wp-json\/wp\/v2\/posts\/5282","targetHints":{"allow":["GET"]}}],"collection":[{"href":"https:\/\/framtidenskarriar.se\/ingenjor\/wp-json\/wp\/v2\/posts"}],"about":[{"href":"https:\/\/framtidenskarriar.se\/ingenjor\/wp-json\/wp\/v2\/types\/post"}],"author":[{"embeddable":true,"href":"https:\/\/framtidenskarriar.se\/ingenjor\/wp-json\/wp\/v2\/users\/3"}],"replies":[{"embeddable":true,"href":"https:\/\/framtidenskarriar.se\/ingenjor\/wp-json\/wp\/v2\/comments?post=5282"}],"version-history":[{"count":0,"href":"https:\/\/framtidenskarriar.se\/ingenjor\/wp-json\/wp\/v2\/posts\/5282\/revisions"}],"wp:featuredmedia":[{"embeddable":true,"href":"https:\/\/framtidenskarriar.se\/ingenjor\/wp-json\/wp\/v2\/media\/5283"}],"wp:attachment":[{"href":"https:\/\/framtidenskarriar.se\/ingenjor\/wp-json\/wp\/v2\/media?parent=5282"}],"wp:term":[{"taxonomy":"category","embeddable":true,"href":"https:\/\/framtidenskarriar.se\/ingenjor\/wp-json\/wp\/v2\/categories?post=5282"},{"taxonomy":"post_tag","embeddable":true,"href":"https:\/\/framtidenskarriar.se\/ingenjor\/wp-json\/wp\/v2\/tags?post=5282"}],"curies":[{"name":"wp","href":"https:\/\/api.w.org\/{rel}","templated":true}]}}