{"id":5346,"date":"2016-06-14T16:06:17","date_gmt":"2016-06-14T14:06:17","guid":{"rendered":"http:\/\/framtidenskarriar.se\/ingenjor\/?p=5346"},"modified":"2016-06-14T16:06:17","modified_gmt":"2016-06-14T14:06:17","slug":"de-ar-eftertraktade-av-bade-branschen-och-stockholmarna","status":"publish","type":"post","link":"https:\/\/framtidenskarriar.se\/ingenjor\/2016\/06\/14\/de-ar-eftertraktade-av-bade-branschen-och-stockholmarna\/","title":{"rendered":"De \u00e4r eftertraktade av b\u00e5de branschen och Stockholmarna"},"content":{"rendered":"<p><figure id=\"attachment_5347\" aria-describedby=\"caption-attachment-5347\" style=\"width: 1000px\" class=\"wp-caption alignnone\"><img loading=\"lazy\" decoding=\"async\" src=\"https:\/\/framtidenskarriar.se\/ingenjor\/wp-content\/uploads\/sites\/14\/2016\/06\/svbostader-66a9116.jpg\" alt=\"Christopher Hoff och Karin St\u00e5hl,  projektledare f\u00f6r nybyggnation p\u00e5 Svenska Bost\u00e4der. Foto: Gonzalo Irigoyen\" width=\"1000\" height=\"616\" class=\"size-full wp-image-5347\" srcset=\"https:\/\/framtidenskarriar.se\/ingenjor\/wp-content\/uploads\/sites\/14\/2016\/06\/svbostader-66a9116.jpg 1000w, https:\/\/framtidenskarriar.se\/ingenjor\/wp-content\/uploads\/sites\/14\/2016\/06\/svbostader-66a9116-300x185.jpg 300w, https:\/\/framtidenskarriar.se\/ingenjor\/wp-content\/uploads\/sites\/14\/2016\/06\/svbostader-66a9116-768x473.jpg 768w, https:\/\/framtidenskarriar.se\/ingenjor\/wp-content\/uploads\/sites\/14\/2016\/06\/svbostader-66a9116-260x160.jpg 260w, https:\/\/framtidenskarriar.se\/ingenjor\/wp-content\/uploads\/sites\/14\/2016\/06\/svbostader-66a9116-526x324.jpg 526w, https:\/\/framtidenskarriar.se\/ingenjor\/wp-content\/uploads\/sites\/14\/2016\/06\/svbostader-66a9116-720x444.jpg 720w, https:\/\/framtidenskarriar.se\/ingenjor\/wp-content\/uploads\/sites\/14\/2016\/06\/svbostader-66a9116-960x591.jpg 960w\" sizes=\"auto, (max-width: 1000px) 100vw, 1000px\" \/><figcaption id=\"caption-attachment-5347\" class=\"wp-caption-text\">Christopher Hoff och Karin St\u00e5hl,  projektledare f\u00f6r nybyggnation p\u00e5 Svenska Bost\u00e4der. Foto: Gonzalo Irigoyen<\/figcaption><\/figure><strong>Karin och Christopher ansvarar f\u00f6r hela processen, fr\u00e5n byggplan till att ett hyreshus st\u00e5r klart f\u00f6r inflyttning. De uppskattar att f\u00e5 driva byggprojekt fr\u00e5n ax till limpa. Och s\u00e5 \u00e4r det s\u00e5klart stimulerande att veta att jobbet leder till att Stockholms inv\u00e5nare f\u00e5r trivsamma bost\u00e4der.<\/strong><\/p>\n<p>Stockholm v\u00e4xer s\u00e5 att det knakar och med expansionen f\u00f6ljer ett \u00f6kat behov av bost\u00e4der. Att vara projektledare och ansvara f\u00f6r att planera och bygga nya hyresr\u00e4tter i storstaden har d\u00e4rf\u00f6r blivit ett minst sagt h\u00f6gaktuellt yrke.<br \/>\n\u2013 Det \u00e4r inte s\u00e5 att jag g\u00e5r hem varje dag och sl\u00e5r mig sj\u00e4lv f\u00f6r br\u00f6stet, men det \u00e4r tillfredsst\u00e4llande att veta att mitt jobb beh\u00f6vs och att jag g\u00f6r nytta, s\u00e4ger Karin St\u00e5hl, projektledare f\u00f6r nybyggnation p\u00e5 Svenska Bost\u00e4der. <\/p>\n<p><strong>Ingen dag \u00e4r den andra lik<\/strong><br \/>\nEna dagen kan Karin St\u00e5hl tr\u00e4ffa arkitekter som hon beh\u00f6ver anlita f\u00f6r bostadsprojekt som \u00e4r p\u00e5 planeringsstadiet och andra dagar st\u00e5 med hj\u00e4lmen p\u00e5 sig och prata med entrepren\u00f6rerna som \u00e4r mitt uppe i produktionen av nya bost\u00e4der p\u00e5 en helt annan sida av staden. Arbetet ger variation, kr\u00e4ver ansvarstagande och f\u00f6rm\u00e5gan att ha m\u00e5nga bollar i luften.<br \/>\n\u2013 Som projektledare p\u00e5 Svenska Bost\u00e4der har man det \u00f6vergripande ansvaret f\u00f6r hela kedjan i processen, i b\u00e5de stora och sm\u00e5 fr\u00e5gor. Fr\u00e5n tidiga skisser och projektering, d\u00e5 det g\u00e4ller att besluta om b\u00e5de stomsystem och vilken kakelf\u00e4rg det ska vara i badrummen, till att i slutskedet bolla detaljer med entrepren\u00f6rerna och f\u00e5 allt klart tills hyresg\u00e4sterna ska flytta in. Jag gillar att jag f\u00e5r tr\u00e4ffa s\u00e5 m\u00e5nga olika m\u00e4nniskor i jobbet, s\u00e4ger Karin St\u00e5hl. <\/p>\n<p><strong>Perfekt f\u00f6rsta jobb <\/strong><br \/>\nChristopher Hoff \u00e4r ocks\u00e5 projektledare f\u00f6r nybyggnation och har jobbat p\u00e5 Svenska Bost\u00e4der sedan 2013. Det \u00e4r hans f\u00f6rsta arbetsplats. Precis som Karin St\u00e5hl har han examen fr\u00e5n civilingenj\u00f6rsutbildningen i samh\u00e4llsbyggnad p\u00e5 KTH, Kungliga Tekniska H\u00f6gskolan. Eller V\u00e4g och Vatten som programmet hette under Karins studie\u00e5r. F\u00f6r Christopher har arbetsgivaren inte bara kunnat erbjuda intressanta arbetsuppgifter utan \u00e4ven gett en perfekt start p\u00e5 yrkeslivet.<br \/>\n\u2013 Det finns s\u00e5 m\u00e5nga kompetenta medarbetare h\u00e4r. Har jag en fr\u00e5ga \u00e4r svaret aldrig l\u00e5ngt borta. H\u00e4r jobbar allt fr\u00e5n ekonomer och jurister till experter inom VVS och hissar, s\u00e4ger Christopher Hoff.<br \/>\nAtt Svenska Bost\u00e4der har byggt hyreshus i huvudstaden i mer \u00e4n 70 \u00e5r ger f\u00f6retaget en trygg erfarenhet att vila sig mot. Samtidigt \u00e4r byggbranschen f\u00f6r\u00e4nderlig och f\u00f6retaget har utvecklats med tiden.<br \/>\n\u2013 Det st\u00e4lls helt nya energikrav vid nybyggnation idag till exempel och det h\u00e4nder \u00f6verlag mycket nytt p\u00e5 teknik- och milj\u00f6sidan. Det \u00e4r kul att f\u00e5 vara en del i den sp\u00e4nnande utvecklingen, avslutar Karin och Christopher.<\/p>\n<div class=\"faktaruta-title\">Svenska Bost\u00e4der<\/div><div class=\"faktaruta\">Svenska Bost\u00e4der \u00e4r ett kommun\u00e4gt f\u00f6retag och \u00e4r ett av Sveriges st\u00f6rre bostadsbolag med en aktiv roll i byggandet och f\u00f6rvaltandet av Stockholm. De n\u00e4rmaste \u00e5ren planerar f\u00f6retaget att bygga tusentals nya hyresl\u00e4genheter och att bygga flera studentl\u00e4genheter. Svenska Bost\u00e4der grundades 1944 och \u00e4gs av Stockholms stad och har drygt 300 anst\u00e4llda. <\/p>\n<p>Svenska Bost\u00e4der<br \/>\nBox 95<br \/>\n162 12 V\u00e4llingby<br \/>\nTel: 08-508 370 00<br \/>\n<strong><a href=\"http:\/\/www.svenskabostader.se\" target=\"_blank\" rel=\"noopener noreferrer\">www.svenskabostader.se<\/a><\/strong><\/br><br \/>\n<a href=\"http:\/\/www.svenskabostader.se\" target=\"_blank\" rel=\"noopener noreferrer\"><img loading=\"lazy\" decoding=\"async\" src=\"http:\/\/framtidenskarriar.se\/ingenjor\/wp-content\/uploads\/2016\/06\/svbostader_logo_rgb-250x167.png\" alt=\"www.svenskabostader.se\" width=\"150\" height=\"100\" class=\"alignnone size-medium wp-image-5348\" \/><\/a><\/div>\n","protected":false},"excerpt":{"rendered":"<p>Karin och Christopher ansvarar f\u00f6r hela processen, fr\u00e5n byggplan till att ett hyreshus st\u00e5r klart&#8230;<\/p>\n","protected":false},"author":3,"featured_media":5347,"comment_status":"closed","ping_status":"open","sticky":false,"template":"","format":"standard","meta":{"_acf_changed":false,"_monsterinsights_skip_tracking":false,"_monsterinsights_sitenote_active":false,"_monsterinsights_sitenote_note":"","_monsterinsights_sitenote_category":0,"footnotes":""},"categories":[4],"tags":[],"class_list":["post-5346","post","type-post","status-publish","format-standard","has-post-thumbnail","hentry","category-presentation"],"acf":[],"yoast_head":"<!-- This site is optimized with the Yoast SEO plugin v27.3 - https:\/\/yoast.com\/product\/yoast-seo-wordpress\/ -->\n<title>De \u00e4r eftertraktade av b\u00e5de branschen och Stockholmarna - Framtidens Karri\u00e4r - Ingenj\u00f6r<\/title>\n<meta name=\"robots\" content=\"index, follow, max-snippet:-1, max-image-preview:large, max-video-preview:-1\" \/>\n<link rel=\"canonical\" href=\"https:\/\/framtidenskarriar.se\/ingenjor\/2016\/06\/14\/de-ar-eftertraktade-av-bade-branschen-och-stockholmarna\/\" \/>\n<meta property=\"og:locale\" content=\"sv_SE\" \/>\n<meta property=\"og:type\" content=\"article\" \/>\n<meta property=\"og:title\" content=\"De \u00e4r eftertraktade av b\u00e5de branschen och Stockholmarna - Framtidens Karri\u00e4r - Ingenj\u00f6r\" \/>\n<meta property=\"og:description\" content=\"Karin och Christopher ansvarar f\u00f6r hela processen, fr\u00e5n byggplan till att ett hyreshus st\u00e5r klart...\" \/>\n<meta property=\"og:url\" content=\"https:\/\/framtidenskarriar.se\/ingenjor\/2016\/06\/14\/de-ar-eftertraktade-av-bade-branschen-och-stockholmarna\/\" \/>\n<meta property=\"og:site_name\" content=\"Framtidens Karri\u00e4r - Ingenj\u00f6r\" \/>\n<meta property=\"article:published_time\" content=\"2016-06-14T14:06:17+00:00\" \/>\n<meta property=\"og:image\" content=\"https:\/\/framtidenskarriar.se\/ingenjor\/wp-content\/uploads\/sites\/14\/2016\/06\/svbostader-66a9116.jpg\" \/>\n\t<meta property=\"og:image:width\" content=\"1000\" \/>\n\t<meta property=\"og:image:height\" content=\"616\" \/>\n\t<meta property=\"og:image:type\" content=\"image\/jpeg\" \/>\n<meta name=\"author\" content=\"stellanstal\" \/>\n<meta name=\"twitter:card\" content=\"summary_large_image\" \/>\n<meta name=\"twitter:label1\" content=\"Skriven av\" \/>\n\t<meta name=\"twitter:data1\" content=\"stellanstal\" \/>\n\t<meta name=\"twitter:label2\" content=\"Ber\u00e4knad l\u00e4stid\" \/>\n\t<meta name=\"twitter:data2\" content=\"3 minuter\" \/>\n<script type=\"application\/ld+json\" class=\"yoast-schema-graph\">{\"@context\":\"https:\\\/\\\/schema.org\",\"@graph\":[{\"@type\":\"Article\",\"@id\":\"https:\\\/\\\/framtidenskarriar.se\\\/ingenjor\\\/2016\\\/06\\\/14\\\/de-ar-eftertraktade-av-bade-branschen-och-stockholmarna\\\/#article\",\"isPartOf\":{\"@id\":\"https:\\\/\\\/framtidenskarriar.se\\\/ingenjor\\\/2016\\\/06\\\/14\\\/de-ar-eftertraktade-av-bade-branschen-och-stockholmarna\\\/\"},\"author\":{\"name\":\"stellanstal\",\"@id\":\"https:\\\/\\\/framtidenskarriar.se\\\/ingenjor\\\/#\\\/schema\\\/person\\\/c8a43eb855191e573b73ecf8987a3b99\"},\"headline\":\"De \u00e4r eftertraktade av b\u00e5de branschen och Stockholmarna\",\"datePublished\":\"2016-06-14T14:06:17+00:00\",\"mainEntityOfPage\":{\"@id\":\"https:\\\/\\\/framtidenskarriar.se\\\/ingenjor\\\/2016\\\/06\\\/14\\\/de-ar-eftertraktade-av-bade-branschen-och-stockholmarna\\\/\"},\"wordCount\":620,\"image\":{\"@id\":\"https:\\\/\\\/framtidenskarriar.se\\\/ingenjor\\\/2016\\\/06\\\/14\\\/de-ar-eftertraktade-av-bade-branschen-och-stockholmarna\\\/#primaryimage\"},\"thumbnailUrl\":\"https:\\\/\\\/framtidenskarriar.se\\\/ingenjor\\\/wp-content\\\/uploads\\\/sites\\\/14\\\/2016\\\/06\\\/svbostader-66a9116.jpg\",\"articleSection\":[\"Presentation\"],\"inLanguage\":\"sv-SE\"},{\"@type\":\"WebPage\",\"@id\":\"https:\\\/\\\/framtidenskarriar.se\\\/ingenjor\\\/2016\\\/06\\\/14\\\/de-ar-eftertraktade-av-bade-branschen-och-stockholmarna\\\/\",\"url\":\"https:\\\/\\\/framtidenskarriar.se\\\/ingenjor\\\/2016\\\/06\\\/14\\\/de-ar-eftertraktade-av-bade-branschen-och-stockholmarna\\\/\",\"name\":\"De \u00e4r eftertraktade av b\u00e5de branschen och Stockholmarna - Framtidens Karri\u00e4r - Ingenj\u00f6r\",\"isPartOf\":{\"@id\":\"https:\\\/\\\/framtidenskarriar.se\\\/ingenjor\\\/#website\"},\"primaryImageOfPage\":{\"@id\":\"https:\\\/\\\/framtidenskarriar.se\\\/ingenjor\\\/2016\\\/06\\\/14\\\/de-ar-eftertraktade-av-bade-branschen-och-stockholmarna\\\/#primaryimage\"},\"image\":{\"@id\":\"https:\\\/\\\/framtidenskarriar.se\\\/ingenjor\\\/2016\\\/06\\\/14\\\/de-ar-eftertraktade-av-bade-branschen-och-stockholmarna\\\/#primaryimage\"},\"thumbnailUrl\":\"https:\\\/\\\/framtidenskarriar.se\\\/ingenjor\\\/wp-content\\\/uploads\\\/sites\\\/14\\\/2016\\\/06\\\/svbostader-66a9116.jpg\",\"datePublished\":\"2016-06-14T14:06:17+00:00\",\"author\":{\"@id\":\"https:\\\/\\\/framtidenskarriar.se\\\/ingenjor\\\/#\\\/schema\\\/person\\\/c8a43eb855191e573b73ecf8987a3b99\"},\"breadcrumb\":{\"@id\":\"https:\\\/\\\/framtidenskarriar.se\\\/ingenjor\\\/2016\\\/06\\\/14\\\/de-ar-eftertraktade-av-bade-branschen-och-stockholmarna\\\/#breadcrumb\"},\"inLanguage\":\"sv-SE\",\"potentialAction\":[{\"@type\":\"ReadAction\",\"target\":[\"https:\\\/\\\/framtidenskarriar.se\\\/ingenjor\\\/2016\\\/06\\\/14\\\/de-ar-eftertraktade-av-bade-branschen-och-stockholmarna\\\/\"]}]},{\"@type\":\"ImageObject\",\"inLanguage\":\"sv-SE\",\"@id\":\"https:\\\/\\\/framtidenskarriar.se\\\/ingenjor\\\/2016\\\/06\\\/14\\\/de-ar-eftertraktade-av-bade-branschen-och-stockholmarna\\\/#primaryimage\",\"url\":\"https:\\\/\\\/framtidenskarriar.se\\\/ingenjor\\\/wp-content\\\/uploads\\\/sites\\\/14\\\/2016\\\/06\\\/svbostader-66a9116.jpg\",\"contentUrl\":\"https:\\\/\\\/framtidenskarriar.se\\\/ingenjor\\\/wp-content\\\/uploads\\\/sites\\\/14\\\/2016\\\/06\\\/svbostader-66a9116.jpg\",\"width\":1000,\"height\":616,\"caption\":\"Christopher Hoff och Karin St\u00e5hl, projektledare f\u00f6r nybyggnation p\u00e5 Svenska Bost\u00e4der. Foto: Gonzalo Irigoyen\"},{\"@type\":\"BreadcrumbList\",\"@id\":\"https:\\\/\\\/framtidenskarriar.se\\\/ingenjor\\\/2016\\\/06\\\/14\\\/de-ar-eftertraktade-av-bade-branschen-och-stockholmarna\\\/#breadcrumb\",\"itemListElement\":[{\"@type\":\"ListItem\",\"position\":1,\"name\":\"Home\",\"item\":\"https:\\\/\\\/framtidenskarriar.se\\\/ingenjor\\\/\"},{\"@type\":\"ListItem\",\"position\":2,\"name\":\"De \u00e4r eftertraktade av b\u00e5de branschen och Stockholmarna\"}]},{\"@type\":\"WebSite\",\"@id\":\"https:\\\/\\\/framtidenskarriar.se\\\/ingenjor\\\/#website\",\"url\":\"https:\\\/\\\/framtidenskarriar.se\\\/ingenjor\\\/\",\"name\":\"Framtidens Karri\u00e4r - Ingenj\u00f6r\",\"description\":\"Just another NMDashboard.se Sites site\",\"potentialAction\":[{\"@type\":\"SearchAction\",\"target\":{\"@type\":\"EntryPoint\",\"urlTemplate\":\"https:\\\/\\\/framtidenskarriar.se\\\/ingenjor\\\/?s={search_term_string}\"},\"query-input\":{\"@type\":\"PropertyValueSpecification\",\"valueRequired\":true,\"valueName\":\"search_term_string\"}}],\"inLanguage\":\"sv-SE\"},{\"@type\":\"Person\",\"@id\":\"https:\\\/\\\/framtidenskarriar.se\\\/ingenjor\\\/#\\\/schema\\\/person\\\/c8a43eb855191e573b73ecf8987a3b99\",\"name\":\"stellanstal\",\"image\":{\"@type\":\"ImageObject\",\"inLanguage\":\"sv-SE\",\"@id\":\"https:\\\/\\\/secure.gravatar.com\\\/avatar\\\/cd330fa6bb17f598124b2068ee0b189e4fe0987a50af9d53b78410836060d0c9?s=96&d=mm&r=g\",\"url\":\"https:\\\/\\\/secure.gravatar.com\\\/avatar\\\/cd330fa6bb17f598124b2068ee0b189e4fe0987a50af9d53b78410836060d0c9?s=96&d=mm&r=g\",\"contentUrl\":\"https:\\\/\\\/secure.gravatar.com\\\/avatar\\\/cd330fa6bb17f598124b2068ee0b189e4fe0987a50af9d53b78410836060d0c9?s=96&d=mm&r=g\",\"caption\":\"stellanstal\"},\"url\":\"https:\\\/\\\/framtidenskarriar.se\\\/ingenjor\\\/author\\\/stellanstal\\\/\"}]}<\/script>\n<!-- \/ Yoast SEO plugin. -->","yoast_head_json":{"title":"De \u00e4r eftertraktade av b\u00e5de branschen och Stockholmarna - Framtidens Karri\u00e4r - Ingenj\u00f6r","robots":{"index":"index","follow":"follow","max-snippet":"max-snippet:-1","max-image-preview":"max-image-preview:large","max-video-preview":"max-video-preview:-1"},"canonical":"https:\/\/framtidenskarriar.se\/ingenjor\/2016\/06\/14\/de-ar-eftertraktade-av-bade-branschen-och-stockholmarna\/","og_locale":"sv_SE","og_type":"article","og_title":"De \u00e4r eftertraktade av b\u00e5de branschen och Stockholmarna - Framtidens Karri\u00e4r - Ingenj\u00f6r","og_description":"Karin och Christopher ansvarar f\u00f6r hela processen, fr\u00e5n byggplan till att ett hyreshus st\u00e5r klart...","og_url":"https:\/\/framtidenskarriar.se\/ingenjor\/2016\/06\/14\/de-ar-eftertraktade-av-bade-branschen-och-stockholmarna\/","og_site_name":"Framtidens Karri\u00e4r - Ingenj\u00f6r","article_published_time":"2016-06-14T14:06:17+00:00","og_image":[{"width":1000,"height":616,"url":"https:\/\/framtidenskarriar.se\/ingenjor\/wp-content\/uploads\/sites\/14\/2016\/06\/svbostader-66a9116.jpg","type":"image\/jpeg"}],"author":"stellanstal","twitter_card":"summary_large_image","twitter_misc":{"Skriven av":"stellanstal","Ber\u00e4knad l\u00e4stid":"3 minuter"},"schema":{"@context":"https:\/\/schema.org","@graph":[{"@type":"Article","@id":"https:\/\/framtidenskarriar.se\/ingenjor\/2016\/06\/14\/de-ar-eftertraktade-av-bade-branschen-och-stockholmarna\/#article","isPartOf":{"@id":"https:\/\/framtidenskarriar.se\/ingenjor\/2016\/06\/14\/de-ar-eftertraktade-av-bade-branschen-och-stockholmarna\/"},"author":{"name":"stellanstal","@id":"https:\/\/framtidenskarriar.se\/ingenjor\/#\/schema\/person\/c8a43eb855191e573b73ecf8987a3b99"},"headline":"De \u00e4r eftertraktade av b\u00e5de branschen och Stockholmarna","datePublished":"2016-06-14T14:06:17+00:00","mainEntityOfPage":{"@id":"https:\/\/framtidenskarriar.se\/ingenjor\/2016\/06\/14\/de-ar-eftertraktade-av-bade-branschen-och-stockholmarna\/"},"wordCount":620,"image":{"@id":"https:\/\/framtidenskarriar.se\/ingenjor\/2016\/06\/14\/de-ar-eftertraktade-av-bade-branschen-och-stockholmarna\/#primaryimage"},"thumbnailUrl":"https:\/\/framtidenskarriar.se\/ingenjor\/wp-content\/uploads\/sites\/14\/2016\/06\/svbostader-66a9116.jpg","articleSection":["Presentation"],"inLanguage":"sv-SE"},{"@type":"WebPage","@id":"https:\/\/framtidenskarriar.se\/ingenjor\/2016\/06\/14\/de-ar-eftertraktade-av-bade-branschen-och-stockholmarna\/","url":"https:\/\/framtidenskarriar.se\/ingenjor\/2016\/06\/14\/de-ar-eftertraktade-av-bade-branschen-och-stockholmarna\/","name":"De \u00e4r eftertraktade av b\u00e5de branschen och Stockholmarna - Framtidens Karri\u00e4r - Ingenj\u00f6r","isPartOf":{"@id":"https:\/\/framtidenskarriar.se\/ingenjor\/#website"},"primaryImageOfPage":{"@id":"https:\/\/framtidenskarriar.se\/ingenjor\/2016\/06\/14\/de-ar-eftertraktade-av-bade-branschen-och-stockholmarna\/#primaryimage"},"image":{"@id":"https:\/\/framtidenskarriar.se\/ingenjor\/2016\/06\/14\/de-ar-eftertraktade-av-bade-branschen-och-stockholmarna\/#primaryimage"},"thumbnailUrl":"https:\/\/framtidenskarriar.se\/ingenjor\/wp-content\/uploads\/sites\/14\/2016\/06\/svbostader-66a9116.jpg","datePublished":"2016-06-14T14:06:17+00:00","author":{"@id":"https:\/\/framtidenskarriar.se\/ingenjor\/#\/schema\/person\/c8a43eb855191e573b73ecf8987a3b99"},"breadcrumb":{"@id":"https:\/\/framtidenskarriar.se\/ingenjor\/2016\/06\/14\/de-ar-eftertraktade-av-bade-branschen-och-stockholmarna\/#breadcrumb"},"inLanguage":"sv-SE","potentialAction":[{"@type":"ReadAction","target":["https:\/\/framtidenskarriar.se\/ingenjor\/2016\/06\/14\/de-ar-eftertraktade-av-bade-branschen-och-stockholmarna\/"]}]},{"@type":"ImageObject","inLanguage":"sv-SE","@id":"https:\/\/framtidenskarriar.se\/ingenjor\/2016\/06\/14\/de-ar-eftertraktade-av-bade-branschen-och-stockholmarna\/#primaryimage","url":"https:\/\/framtidenskarriar.se\/ingenjor\/wp-content\/uploads\/sites\/14\/2016\/06\/svbostader-66a9116.jpg","contentUrl":"https:\/\/framtidenskarriar.se\/ingenjor\/wp-content\/uploads\/sites\/14\/2016\/06\/svbostader-66a9116.jpg","width":1000,"height":616,"caption":"Christopher Hoff och Karin St\u00e5hl, projektledare f\u00f6r nybyggnation p\u00e5 Svenska Bost\u00e4der. Foto: Gonzalo Irigoyen"},{"@type":"BreadcrumbList","@id":"https:\/\/framtidenskarriar.se\/ingenjor\/2016\/06\/14\/de-ar-eftertraktade-av-bade-branschen-och-stockholmarna\/#breadcrumb","itemListElement":[{"@type":"ListItem","position":1,"name":"Home","item":"https:\/\/framtidenskarriar.se\/ingenjor\/"},{"@type":"ListItem","position":2,"name":"De \u00e4r eftertraktade av b\u00e5de branschen och Stockholmarna"}]},{"@type":"WebSite","@id":"https:\/\/framtidenskarriar.se\/ingenjor\/#website","url":"https:\/\/framtidenskarriar.se\/ingenjor\/","name":"Framtidens Karri\u00e4r - Ingenj\u00f6r","description":"Just another NMDashboard.se Sites site","potentialAction":[{"@type":"SearchAction","target":{"@type":"EntryPoint","urlTemplate":"https:\/\/framtidenskarriar.se\/ingenjor\/?s={search_term_string}"},"query-input":{"@type":"PropertyValueSpecification","valueRequired":true,"valueName":"search_term_string"}}],"inLanguage":"sv-SE"},{"@type":"Person","@id":"https:\/\/framtidenskarriar.se\/ingenjor\/#\/schema\/person\/c8a43eb855191e573b73ecf8987a3b99","name":"stellanstal","image":{"@type":"ImageObject","inLanguage":"sv-SE","@id":"https:\/\/secure.gravatar.com\/avatar\/cd330fa6bb17f598124b2068ee0b189e4fe0987a50af9d53b78410836060d0c9?s=96&d=mm&r=g","url":"https:\/\/secure.gravatar.com\/avatar\/cd330fa6bb17f598124b2068ee0b189e4fe0987a50af9d53b78410836060d0c9?s=96&d=mm&r=g","contentUrl":"https:\/\/secure.gravatar.com\/avatar\/cd330fa6bb17f598124b2068ee0b189e4fe0987a50af9d53b78410836060d0c9?s=96&d=mm&r=g","caption":"stellanstal"},"url":"https:\/\/framtidenskarriar.se\/ingenjor\/author\/stellanstal\/"}]}},"_links":{"self":[{"href":"https:\/\/framtidenskarriar.se\/ingenjor\/wp-json\/wp\/v2\/posts\/5346","targetHints":{"allow":["GET"]}}],"collection":[{"href":"https:\/\/framtidenskarriar.se\/ingenjor\/wp-json\/wp\/v2\/posts"}],"about":[{"href":"https:\/\/framtidenskarriar.se\/ingenjor\/wp-json\/wp\/v2\/types\/post"}],"author":[{"embeddable":true,"href":"https:\/\/framtidenskarriar.se\/ingenjor\/wp-json\/wp\/v2\/users\/3"}],"replies":[{"embeddable":true,"href":"https:\/\/framtidenskarriar.se\/ingenjor\/wp-json\/wp\/v2\/comments?post=5346"}],"version-history":[{"count":0,"href":"https:\/\/framtidenskarriar.se\/ingenjor\/wp-json\/wp\/v2\/posts\/5346\/revisions"}],"wp:featuredmedia":[{"embeddable":true,"href":"https:\/\/framtidenskarriar.se\/ingenjor\/wp-json\/wp\/v2\/media\/5347"}],"wp:attachment":[{"href":"https:\/\/framtidenskarriar.se\/ingenjor\/wp-json\/wp\/v2\/media?parent=5346"}],"wp:term":[{"taxonomy":"category","embeddable":true,"href":"https:\/\/framtidenskarriar.se\/ingenjor\/wp-json\/wp\/v2\/categories?post=5346"},{"taxonomy":"post_tag","embeddable":true,"href":"https:\/\/framtidenskarriar.se\/ingenjor\/wp-json\/wp\/v2\/tags?post=5346"}],"curies":[{"name":"wp","href":"https:\/\/api.w.org\/{rel}","templated":true}]}}