{"id":5391,"date":"2016-06-14T15:28:13","date_gmt":"2016-06-14T13:28:13","guid":{"rendered":"http:\/\/framtidenskarriar.se\/ingenjor\/?p=5391"},"modified":"2016-06-14T15:28:13","modified_gmt":"2016-06-14T13:28:13","slug":"framtidens-byggbransch-maste-spegla-samhallet","status":"publish","type":"post","link":"https:\/\/framtidenskarriar.se\/ingenjor\/2016\/06\/14\/framtidens-byggbransch-maste-spegla-samhallet\/","title":{"rendered":"Framtidens byggbransch m\u00e5ste spegla samh\u00e4llet"},"content":{"rendered":"<p><figure id=\"attachment_5392\" aria-describedby=\"caption-attachment-5392\" style=\"width: 250px\" class=\"wp-caption alignright\"><img loading=\"lazy\" decoding=\"async\" src=\"http:\/\/framtidenskarriar.se\/ingenjor\/wp-content\/uploads\/2016\/06\/bygg_pierre-250x375.jpg\" alt=\"Pierre Olofsson, vd f\u00f6r Skanska Sverige.\" width=\"250\" height=\"375\" class=\"size-medium wp-image-5392\" \/><figcaption id=\"caption-attachment-5392\" class=\"wp-caption-text\">Pierre Olofsson, vd f\u00f6r Skanska Sverige.<\/figcaption><\/figure><strong>\u2013 Min f\u00f6rhoppning \u00e4r att framtidens byggbransch speglar samh\u00e4llet i \u00f6vrigt. Om vi inte lyckas med inkludering, lyckas vi heller inte med m\u00e5ngfalden. P\u00e5 den resan finns mycket kvar att g\u00f6ra, men det \u00e4r dit vi m\u00e5ste str\u00e4va, s\u00e4ger Pierre Olofsson, vd f\u00f6r Skanska Sverige.<\/strong><\/p>\n<p>Pierre Olofsson b\u00f6rjade l\u00e4sa till civilingenj\u00f6r i Lund f\u00f6r n\u00e4stan 30 \u00e5r sedan. Direkt efter examen fr\u00e5n LTH:s V\u00e4g- och vattenprogram 1993 b\u00f6rjade han som trainee p\u00e5 Skanska.<br \/>\n\u2013 Att jag blivit kvar i alla \u00e5r beror p\u00e5 att jag fick en god start. Direkt efter anst\u00e4llningen fick jag en v\u00e4ldigt bra mentor som gjorde att jag k\u00e4nde mig sedd redan fr\u00e5n b\u00f6rjan. Sedan har jag f\u00e5tt nya utmaningar hela tiden och vuxit i takt med uppgifterna.<br \/>\nEn milstolpe i karri\u00e4ren var n\u00e4r han som 31-\u00e5ring fick tj\u00e4nsten som distriktschef f\u00f6r Skanska i Lund.<br \/>\n\u2013 Jag minns att det var ganska nerv\u00f6st i b\u00f6rjan och t\u00e4nkte att hur ska jag klara detta? Men man klarar mer \u00e4n man tror. Viktigt \u00e4r dock att ha chefer som tror p\u00e5 dig, eftersom det g\u00f6r att du blir s\u00e5 mycket b\u00e4ttre sj\u00e4lv. Skanska har ocks\u00e5 en till\u00e5tande kultur d\u00e4r det \u00e4r OK att fr\u00e5ga och g\u00f6ra fel ibland. Skulle du g\u00f6ra fel \u00e4r inst\u00e4llningen att det \u00e4r en l\u00e4rdom.<br \/>\nPierre Olofsson s\u00e4ger sig inte ha haft n\u00e5gon direkt karri\u00e4rplan.<br \/>\n\u2013 Jag har inte jagat karri\u00e4ren utan f\u00f6rs\u00f6kt g\u00f6ra bra ifr\u00e5n mig p\u00e5 de poster jag haft och att l\u00e4ra mig s\u00e5 mycket som m\u00f6jligt under resans g\u00e5ng.<\/p>\n<p><strong>V\u00e4rderingar<\/strong><br \/>\nEtt r\u00e5d till unga ingenj\u00f6rer som st\u00e5r inf\u00f6r, eller precis har b\u00f6rjat, sin yrkesbana \u00e4r att ha kul p\u00e5 jobbet och se till att m\u00e5 bra.<br \/>\n\u2013 Man ska bry sig om sin h\u00e4lsa och jobba p\u00e5 ett f\u00f6retag som k\u00e4nns r\u00e4tt f\u00f6r en sj\u00e4lv. F\u00f6r mig passar Skanska bra eftersom det \u00e4r ett f\u00f6retag med stort samh\u00e4llsansvar. Jag \u00e4gnar mig mycket \u00e5t s\u00e4kerhetsfr\u00e5gan p\u00e5 v\u00e5ra arbetsplatser. Tanken p\u00e5 att det jag g\u00f6r kan bidra till en s\u00e4krare byggbransch och att m\u00e4nniskor kommer hem till sina familjer, \u00e4r v\u00e4rd l\u00e5ngt mycket mer \u00e4n pengar. Man f\u00e5r helt enkelt hitta ett f\u00f6retag vars v\u00e4rderingar st\u00e4mmer \u00f6verens med ens egna.<br \/>\nDe ingenj\u00f6rer som v\u00e4ljer byggbranschen menar han g\u00e5r en sp\u00e4nnande framtid till m\u00f6tes.<br \/>\n\u2013 Vi beh\u00f6ver bygga s\u00e5 mycket mer i Sverige, b\u00e5de bost\u00e4der, infrastruktur och hela st\u00e4der vilket f\u00f6r med sig en stor m\u00e4ngd mycket sp\u00e4nnande jobb. Branschen beh\u00f6ver alla typer av kompetenser.<br \/>\nF\u00f6r framtiden hoppas Pierre Olofsson p\u00e5 en byggsektor d\u00e4r alla m\u00e4nniskor har r\u00e4tt att vara som de \u00e4r.<br \/>\n\u2013 I morgondagens byggbransch hoppas jag att vi lyckats med inkludering och m\u00e5ngfald och har en byggbransch som speglar samh\u00e4llet i \u00f6vrigt.<\/p>\n","protected":false},"excerpt":{"rendered":"<p>\u2013 Min f\u00f6rhoppning \u00e4r att framtidens byggbransch speglar samh\u00e4llet i \u00f6vrigt. Om vi inte lyckas&#8230;<\/p>\n","protected":false},"author":3,"featured_media":5392,"comment_status":"closed","ping_status":"open","sticky":false,"template":"","format":"standard","meta":{"_acf_changed":false,"_monsterinsights_skip_tracking":false,"_monsterinsights_sitenote_active":false,"_monsterinsights_sitenote_note":"","_monsterinsights_sitenote_category":0,"footnotes":""},"categories":[1],"tags":[],"class_list":["post-5391","post","type-post","status-publish","format-standard","has-post-thumbnail","hentry","category-artikel"],"acf":[],"yoast_head":"<!-- This site is optimized with the Yoast SEO plugin v27.3 - https:\/\/yoast.com\/product\/yoast-seo-wordpress\/ -->\n<title>Framtidens byggbransch m\u00e5ste spegla samh\u00e4llet - Framtidens Karri\u00e4r - Ingenj\u00f6r<\/title>\n<meta name=\"robots\" content=\"index, follow, max-snippet:-1, max-image-preview:large, max-video-preview:-1\" \/>\n<link rel=\"canonical\" href=\"https:\/\/framtidenskarriar.se\/ingenjor\/2016\/06\/14\/framtidens-byggbransch-maste-spegla-samhallet\/\" \/>\n<meta property=\"og:locale\" content=\"sv_SE\" \/>\n<meta property=\"og:type\" content=\"article\" \/>\n<meta property=\"og:title\" content=\"Framtidens byggbransch m\u00e5ste spegla samh\u00e4llet - Framtidens Karri\u00e4r - Ingenj\u00f6r\" \/>\n<meta property=\"og:description\" content=\"\u2013 Min f\u00f6rhoppning \u00e4r att framtidens byggbransch speglar samh\u00e4llet i \u00f6vrigt. Om vi inte lyckas...\" \/>\n<meta property=\"og:url\" content=\"https:\/\/framtidenskarriar.se\/ingenjor\/2016\/06\/14\/framtidens-byggbransch-maste-spegla-samhallet\/\" \/>\n<meta property=\"og:site_name\" content=\"Framtidens Karri\u00e4r - Ingenj\u00f6r\" \/>\n<meta property=\"article:published_time\" content=\"2016-06-14T13:28:13+00:00\" \/>\n<meta property=\"og:image\" content=\"https:\/\/framtidenskarriar.se\/ingenjor\/wp-content\/uploads\/sites\/14\/2016\/06\/bygg-pierre.jpg\" \/>\n\t<meta property=\"og:image:width\" content=\"500\" \/>\n\t<meta property=\"og:image:height\" content=\"750\" \/>\n\t<meta property=\"og:image:type\" content=\"image\/jpeg\" \/>\n<meta name=\"author\" content=\"stellanstal\" \/>\n<meta name=\"twitter:card\" content=\"summary_large_image\" \/>\n<meta name=\"twitter:label1\" content=\"Skriven av\" \/>\n\t<meta name=\"twitter:data1\" content=\"stellanstal\" \/>\n\t<meta name=\"twitter:label2\" content=\"Ber\u00e4knad l\u00e4stid\" \/>\n\t<meta name=\"twitter:data2\" content=\"3 minuter\" \/>\n<script type=\"application\/ld+json\" class=\"yoast-schema-graph\">{\"@context\":\"https:\\\/\\\/schema.org\",\"@graph\":[{\"@type\":\"Article\",\"@id\":\"https:\\\/\\\/framtidenskarriar.se\\\/ingenjor\\\/2016\\\/06\\\/14\\\/framtidens-byggbransch-maste-spegla-samhallet\\\/#article\",\"isPartOf\":{\"@id\":\"https:\\\/\\\/framtidenskarriar.se\\\/ingenjor\\\/2016\\\/06\\\/14\\\/framtidens-byggbransch-maste-spegla-samhallet\\\/\"},\"author\":{\"name\":\"stellanstal\",\"@id\":\"https:\\\/\\\/framtidenskarriar.se\\\/ingenjor\\\/#\\\/schema\\\/person\\\/c8a43eb855191e573b73ecf8987a3b99\"},\"headline\":\"Framtidens byggbransch m\u00e5ste spegla samh\u00e4llet\",\"datePublished\":\"2016-06-14T13:28:13+00:00\",\"mainEntityOfPage\":{\"@id\":\"https:\\\/\\\/framtidenskarriar.se\\\/ingenjor\\\/2016\\\/06\\\/14\\\/framtidens-byggbransch-maste-spegla-samhallet\\\/\"},\"wordCount\":552,\"image\":{\"@id\":\"https:\\\/\\\/framtidenskarriar.se\\\/ingenjor\\\/2016\\\/06\\\/14\\\/framtidens-byggbransch-maste-spegla-samhallet\\\/#primaryimage\"},\"thumbnailUrl\":\"https:\\\/\\\/framtidenskarriar.se\\\/ingenjor\\\/wp-content\\\/uploads\\\/sites\\\/14\\\/2016\\\/06\\\/bygg-pierre.jpg\",\"articleSection\":[\"Artikel\"],\"inLanguage\":\"sv-SE\"},{\"@type\":\"WebPage\",\"@id\":\"https:\\\/\\\/framtidenskarriar.se\\\/ingenjor\\\/2016\\\/06\\\/14\\\/framtidens-byggbransch-maste-spegla-samhallet\\\/\",\"url\":\"https:\\\/\\\/framtidenskarriar.se\\\/ingenjor\\\/2016\\\/06\\\/14\\\/framtidens-byggbransch-maste-spegla-samhallet\\\/\",\"name\":\"Framtidens byggbransch m\u00e5ste spegla samh\u00e4llet - Framtidens Karri\u00e4r - Ingenj\u00f6r\",\"isPartOf\":{\"@id\":\"https:\\\/\\\/framtidenskarriar.se\\\/ingenjor\\\/#website\"},\"primaryImageOfPage\":{\"@id\":\"https:\\\/\\\/framtidenskarriar.se\\\/ingenjor\\\/2016\\\/06\\\/14\\\/framtidens-byggbransch-maste-spegla-samhallet\\\/#primaryimage\"},\"image\":{\"@id\":\"https:\\\/\\\/framtidenskarriar.se\\\/ingenjor\\\/2016\\\/06\\\/14\\\/framtidens-byggbransch-maste-spegla-samhallet\\\/#primaryimage\"},\"thumbnailUrl\":\"https:\\\/\\\/framtidenskarriar.se\\\/ingenjor\\\/wp-content\\\/uploads\\\/sites\\\/14\\\/2016\\\/06\\\/bygg-pierre.jpg\",\"datePublished\":\"2016-06-14T13:28:13+00:00\",\"author\":{\"@id\":\"https:\\\/\\\/framtidenskarriar.se\\\/ingenjor\\\/#\\\/schema\\\/person\\\/c8a43eb855191e573b73ecf8987a3b99\"},\"breadcrumb\":{\"@id\":\"https:\\\/\\\/framtidenskarriar.se\\\/ingenjor\\\/2016\\\/06\\\/14\\\/framtidens-byggbransch-maste-spegla-samhallet\\\/#breadcrumb\"},\"inLanguage\":\"sv-SE\",\"potentialAction\":[{\"@type\":\"ReadAction\",\"target\":[\"https:\\\/\\\/framtidenskarriar.se\\\/ingenjor\\\/2016\\\/06\\\/14\\\/framtidens-byggbransch-maste-spegla-samhallet\\\/\"]}]},{\"@type\":\"ImageObject\",\"inLanguage\":\"sv-SE\",\"@id\":\"https:\\\/\\\/framtidenskarriar.se\\\/ingenjor\\\/2016\\\/06\\\/14\\\/framtidens-byggbransch-maste-spegla-samhallet\\\/#primaryimage\",\"url\":\"https:\\\/\\\/framtidenskarriar.se\\\/ingenjor\\\/wp-content\\\/uploads\\\/sites\\\/14\\\/2016\\\/06\\\/bygg-pierre.jpg\",\"contentUrl\":\"https:\\\/\\\/framtidenskarriar.se\\\/ingenjor\\\/wp-content\\\/uploads\\\/sites\\\/14\\\/2016\\\/06\\\/bygg-pierre.jpg\",\"width\":500,\"height\":750,\"caption\":\"Pierre Olofsson, vd f\u00f6r Skanska Sverige.\"},{\"@type\":\"BreadcrumbList\",\"@id\":\"https:\\\/\\\/framtidenskarriar.se\\\/ingenjor\\\/2016\\\/06\\\/14\\\/framtidens-byggbransch-maste-spegla-samhallet\\\/#breadcrumb\",\"itemListElement\":[{\"@type\":\"ListItem\",\"position\":1,\"name\":\"Home\",\"item\":\"https:\\\/\\\/framtidenskarriar.se\\\/ingenjor\\\/\"},{\"@type\":\"ListItem\",\"position\":2,\"name\":\"Framtidens byggbransch m\u00e5ste spegla samh\u00e4llet\"}]},{\"@type\":\"WebSite\",\"@id\":\"https:\\\/\\\/framtidenskarriar.se\\\/ingenjor\\\/#website\",\"url\":\"https:\\\/\\\/framtidenskarriar.se\\\/ingenjor\\\/\",\"name\":\"Framtidens Karri\u00e4r - Ingenj\u00f6r\",\"description\":\"Just another NMDashboard.se Sites site\",\"potentialAction\":[{\"@type\":\"SearchAction\",\"target\":{\"@type\":\"EntryPoint\",\"urlTemplate\":\"https:\\\/\\\/framtidenskarriar.se\\\/ingenjor\\\/?s={search_term_string}\"},\"query-input\":{\"@type\":\"PropertyValueSpecification\",\"valueRequired\":true,\"valueName\":\"search_term_string\"}}],\"inLanguage\":\"sv-SE\"},{\"@type\":\"Person\",\"@id\":\"https:\\\/\\\/framtidenskarriar.se\\\/ingenjor\\\/#\\\/schema\\\/person\\\/c8a43eb855191e573b73ecf8987a3b99\",\"name\":\"stellanstal\",\"image\":{\"@type\":\"ImageObject\",\"inLanguage\":\"sv-SE\",\"@id\":\"https:\\\/\\\/secure.gravatar.com\\\/avatar\\\/cd330fa6bb17f598124b2068ee0b189e4fe0987a50af9d53b78410836060d0c9?s=96&d=mm&r=g\",\"url\":\"https:\\\/\\\/secure.gravatar.com\\\/avatar\\\/cd330fa6bb17f598124b2068ee0b189e4fe0987a50af9d53b78410836060d0c9?s=96&d=mm&r=g\",\"contentUrl\":\"https:\\\/\\\/secure.gravatar.com\\\/avatar\\\/cd330fa6bb17f598124b2068ee0b189e4fe0987a50af9d53b78410836060d0c9?s=96&d=mm&r=g\",\"caption\":\"stellanstal\"},\"url\":\"https:\\\/\\\/framtidenskarriar.se\\\/ingenjor\\\/author\\\/stellanstal\\\/\"}]}<\/script>\n<!-- \/ Yoast SEO plugin. -->","yoast_head_json":{"title":"Framtidens byggbransch m\u00e5ste spegla samh\u00e4llet - Framtidens Karri\u00e4r - Ingenj\u00f6r","robots":{"index":"index","follow":"follow","max-snippet":"max-snippet:-1","max-image-preview":"max-image-preview:large","max-video-preview":"max-video-preview:-1"},"canonical":"https:\/\/framtidenskarriar.se\/ingenjor\/2016\/06\/14\/framtidens-byggbransch-maste-spegla-samhallet\/","og_locale":"sv_SE","og_type":"article","og_title":"Framtidens byggbransch m\u00e5ste spegla samh\u00e4llet - Framtidens Karri\u00e4r - Ingenj\u00f6r","og_description":"\u2013 Min f\u00f6rhoppning \u00e4r att framtidens byggbransch speglar samh\u00e4llet i \u00f6vrigt. Om vi inte lyckas...","og_url":"https:\/\/framtidenskarriar.se\/ingenjor\/2016\/06\/14\/framtidens-byggbransch-maste-spegla-samhallet\/","og_site_name":"Framtidens Karri\u00e4r - Ingenj\u00f6r","article_published_time":"2016-06-14T13:28:13+00:00","og_image":[{"width":500,"height":750,"url":"https:\/\/framtidenskarriar.se\/ingenjor\/wp-content\/uploads\/sites\/14\/2016\/06\/bygg-pierre.jpg","type":"image\/jpeg"}],"author":"stellanstal","twitter_card":"summary_large_image","twitter_misc":{"Skriven av":"stellanstal","Ber\u00e4knad l\u00e4stid":"3 minuter"},"schema":{"@context":"https:\/\/schema.org","@graph":[{"@type":"Article","@id":"https:\/\/framtidenskarriar.se\/ingenjor\/2016\/06\/14\/framtidens-byggbransch-maste-spegla-samhallet\/#article","isPartOf":{"@id":"https:\/\/framtidenskarriar.se\/ingenjor\/2016\/06\/14\/framtidens-byggbransch-maste-spegla-samhallet\/"},"author":{"name":"stellanstal","@id":"https:\/\/framtidenskarriar.se\/ingenjor\/#\/schema\/person\/c8a43eb855191e573b73ecf8987a3b99"},"headline":"Framtidens byggbransch m\u00e5ste spegla samh\u00e4llet","datePublished":"2016-06-14T13:28:13+00:00","mainEntityOfPage":{"@id":"https:\/\/framtidenskarriar.se\/ingenjor\/2016\/06\/14\/framtidens-byggbransch-maste-spegla-samhallet\/"},"wordCount":552,"image":{"@id":"https:\/\/framtidenskarriar.se\/ingenjor\/2016\/06\/14\/framtidens-byggbransch-maste-spegla-samhallet\/#primaryimage"},"thumbnailUrl":"https:\/\/framtidenskarriar.se\/ingenjor\/wp-content\/uploads\/sites\/14\/2016\/06\/bygg-pierre.jpg","articleSection":["Artikel"],"inLanguage":"sv-SE"},{"@type":"WebPage","@id":"https:\/\/framtidenskarriar.se\/ingenjor\/2016\/06\/14\/framtidens-byggbransch-maste-spegla-samhallet\/","url":"https:\/\/framtidenskarriar.se\/ingenjor\/2016\/06\/14\/framtidens-byggbransch-maste-spegla-samhallet\/","name":"Framtidens byggbransch m\u00e5ste spegla samh\u00e4llet - Framtidens Karri\u00e4r - Ingenj\u00f6r","isPartOf":{"@id":"https:\/\/framtidenskarriar.se\/ingenjor\/#website"},"primaryImageOfPage":{"@id":"https:\/\/framtidenskarriar.se\/ingenjor\/2016\/06\/14\/framtidens-byggbransch-maste-spegla-samhallet\/#primaryimage"},"image":{"@id":"https:\/\/framtidenskarriar.se\/ingenjor\/2016\/06\/14\/framtidens-byggbransch-maste-spegla-samhallet\/#primaryimage"},"thumbnailUrl":"https:\/\/framtidenskarriar.se\/ingenjor\/wp-content\/uploads\/sites\/14\/2016\/06\/bygg-pierre.jpg","datePublished":"2016-06-14T13:28:13+00:00","author":{"@id":"https:\/\/framtidenskarriar.se\/ingenjor\/#\/schema\/person\/c8a43eb855191e573b73ecf8987a3b99"},"breadcrumb":{"@id":"https:\/\/framtidenskarriar.se\/ingenjor\/2016\/06\/14\/framtidens-byggbransch-maste-spegla-samhallet\/#breadcrumb"},"inLanguage":"sv-SE","potentialAction":[{"@type":"ReadAction","target":["https:\/\/framtidenskarriar.se\/ingenjor\/2016\/06\/14\/framtidens-byggbransch-maste-spegla-samhallet\/"]}]},{"@type":"ImageObject","inLanguage":"sv-SE","@id":"https:\/\/framtidenskarriar.se\/ingenjor\/2016\/06\/14\/framtidens-byggbransch-maste-spegla-samhallet\/#primaryimage","url":"https:\/\/framtidenskarriar.se\/ingenjor\/wp-content\/uploads\/sites\/14\/2016\/06\/bygg-pierre.jpg","contentUrl":"https:\/\/framtidenskarriar.se\/ingenjor\/wp-content\/uploads\/sites\/14\/2016\/06\/bygg-pierre.jpg","width":500,"height":750,"caption":"Pierre Olofsson, vd f\u00f6r Skanska Sverige."},{"@type":"BreadcrumbList","@id":"https:\/\/framtidenskarriar.se\/ingenjor\/2016\/06\/14\/framtidens-byggbransch-maste-spegla-samhallet\/#breadcrumb","itemListElement":[{"@type":"ListItem","position":1,"name":"Home","item":"https:\/\/framtidenskarriar.se\/ingenjor\/"},{"@type":"ListItem","position":2,"name":"Framtidens byggbransch m\u00e5ste spegla samh\u00e4llet"}]},{"@type":"WebSite","@id":"https:\/\/framtidenskarriar.se\/ingenjor\/#website","url":"https:\/\/framtidenskarriar.se\/ingenjor\/","name":"Framtidens Karri\u00e4r - Ingenj\u00f6r","description":"Just another NMDashboard.se Sites site","potentialAction":[{"@type":"SearchAction","target":{"@type":"EntryPoint","urlTemplate":"https:\/\/framtidenskarriar.se\/ingenjor\/?s={search_term_string}"},"query-input":{"@type":"PropertyValueSpecification","valueRequired":true,"valueName":"search_term_string"}}],"inLanguage":"sv-SE"},{"@type":"Person","@id":"https:\/\/framtidenskarriar.se\/ingenjor\/#\/schema\/person\/c8a43eb855191e573b73ecf8987a3b99","name":"stellanstal","image":{"@type":"ImageObject","inLanguage":"sv-SE","@id":"https:\/\/secure.gravatar.com\/avatar\/cd330fa6bb17f598124b2068ee0b189e4fe0987a50af9d53b78410836060d0c9?s=96&d=mm&r=g","url":"https:\/\/secure.gravatar.com\/avatar\/cd330fa6bb17f598124b2068ee0b189e4fe0987a50af9d53b78410836060d0c9?s=96&d=mm&r=g","contentUrl":"https:\/\/secure.gravatar.com\/avatar\/cd330fa6bb17f598124b2068ee0b189e4fe0987a50af9d53b78410836060d0c9?s=96&d=mm&r=g","caption":"stellanstal"},"url":"https:\/\/framtidenskarriar.se\/ingenjor\/author\/stellanstal\/"}]}},"_links":{"self":[{"href":"https:\/\/framtidenskarriar.se\/ingenjor\/wp-json\/wp\/v2\/posts\/5391","targetHints":{"allow":["GET"]}}],"collection":[{"href":"https:\/\/framtidenskarriar.se\/ingenjor\/wp-json\/wp\/v2\/posts"}],"about":[{"href":"https:\/\/framtidenskarriar.se\/ingenjor\/wp-json\/wp\/v2\/types\/post"}],"author":[{"embeddable":true,"href":"https:\/\/framtidenskarriar.se\/ingenjor\/wp-json\/wp\/v2\/users\/3"}],"replies":[{"embeddable":true,"href":"https:\/\/framtidenskarriar.se\/ingenjor\/wp-json\/wp\/v2\/comments?post=5391"}],"version-history":[{"count":0,"href":"https:\/\/framtidenskarriar.se\/ingenjor\/wp-json\/wp\/v2\/posts\/5391\/revisions"}],"wp:featuredmedia":[{"embeddable":true,"href":"https:\/\/framtidenskarriar.se\/ingenjor\/wp-json\/wp\/v2\/media\/5392"}],"wp:attachment":[{"href":"https:\/\/framtidenskarriar.se\/ingenjor\/wp-json\/wp\/v2\/media?parent=5391"}],"wp:term":[{"taxonomy":"category","embeddable":true,"href":"https:\/\/framtidenskarriar.se\/ingenjor\/wp-json\/wp\/v2\/categories?post=5391"},{"taxonomy":"post_tag","embeddable":true,"href":"https:\/\/framtidenskarriar.se\/ingenjor\/wp-json\/wp\/v2\/tags?post=5391"}],"curies":[{"name":"wp","href":"https:\/\/api.w.org\/{rel}","templated":true}]}}