{"id":5427,"date":"2016-06-14T15:54:53","date_gmt":"2016-06-14T13:54:53","guid":{"rendered":"http:\/\/framtidenskarriar.se\/ingenjor\/?p=5427"},"modified":"2016-06-14T15:54:53","modified_gmt":"2016-06-14T13:54:53","slug":"samverkan-kring-trafiksakerhet-placerar-sverige-i-topp","status":"publish","type":"post","link":"https:\/\/framtidenskarriar.se\/ingenjor\/2016\/06\/14\/samverkan-kring-trafiksakerhet-placerar-sverige-i-topp\/","title":{"rendered":"Samverkan kring trafiks\u00e4kerhet placerar Sverige i topp"},"content":{"rendered":"<p><figure id=\"attachment_5428\" aria-describedby=\"caption-attachment-5428\" style=\"width: 1000px\" class=\"wp-caption alignnone\"><img loading=\"lazy\" decoding=\"async\" src=\"https:\/\/framtidenskarriar.se\/ingenjor\/wp-content\/uploads\/sites\/14\/2016\/06\/fordonsforsk-img-9645.jpg\" alt=\"Ola Bostr\u00f6m t.v. i samspr\u00e5k med Autolivs utvecklingschef Scott Dershem.\" width=\"1000\" height=\"658\" class=\"size-full wp-image-5428\" srcset=\"https:\/\/framtidenskarriar.se\/ingenjor\/wp-content\/uploads\/sites\/14\/2016\/06\/fordonsforsk-img-9645.jpg 1000w, https:\/\/framtidenskarriar.se\/ingenjor\/wp-content\/uploads\/sites\/14\/2016\/06\/fordonsforsk-img-9645-300x197.jpg 300w, https:\/\/framtidenskarriar.se\/ingenjor\/wp-content\/uploads\/sites\/14\/2016\/06\/fordonsforsk-img-9645-768x505.jpg 768w, https:\/\/framtidenskarriar.se\/ingenjor\/wp-content\/uploads\/sites\/14\/2016\/06\/fordonsforsk-img-9645-243x160.jpg 243w, https:\/\/framtidenskarriar.se\/ingenjor\/wp-content\/uploads\/sites\/14\/2016\/06\/fordonsforsk-img-9645-526x346.jpg 526w, https:\/\/framtidenskarriar.se\/ingenjor\/wp-content\/uploads\/sites\/14\/2016\/06\/fordonsforsk-img-9645-720x474.jpg 720w, https:\/\/framtidenskarriar.se\/ingenjor\/wp-content\/uploads\/sites\/14\/2016\/06\/fordonsforsk-img-9645-960x632.jpg 960w\" sizes=\"auto, (max-width: 1000px) 100vw, 1000px\" \/><figcaption id=\"caption-attachment-5428\" class=\"wp-caption-text\">Ola Bostr\u00f6m t.v. i samspr\u00e5k med Autolivs utvecklingschef Scott Dershem.<\/figcaption><\/figure><strong>Att Autoliv, ett av v\u00e4rldens ledande f\u00f6retag i trafiks\u00e4kerhet, beh\u00e5ller sin FoU i Sverige, \u00e4r inte en tillf\u00e4llighet.<br \/>\n\u2013 H\u00e4r samverkar industri, akademi och samh\u00e4lle p\u00e5 ett unikt s\u00e4tt f\u00f6r att minska skador och d\u00f6dsfall i trafiken, s\u00e4ger globala forskningschefen Ola Bostr\u00f6m.<\/strong><\/p>\n<p>Det lilla samh\u00e4llet V\u00e5rg\u00e5rda, mitt emellan Skara och G\u00f6teborg, \u00e4r centrum f\u00f6r trafiks\u00e4kerhetsforskning i den absoluta framkanten. \u00c4nda sedan grundarna, br\u00f6derna Stig och Lennart Lindblad, b\u00f6rjade tillverka bilb\u00e4lten h\u00e4r p\u00e5 1950-talet, har f\u00f6retaget g\u00e5tt i br\u00e4schen f\u00f6r nya, innovativa l\u00f6sningar f\u00f6r att minska antalet m\u00e4nniskor som skadas och omkommer p\u00e5 v\u00e5ra v\u00e4gar.<br \/>\n\u2013 Sverige \u00e4r en f\u00f6rebild vad g\u00e4ller trafiks\u00e4kerhet. D\u00e4rf\u00f6r har Autoliv haft de b\u00e4sta m\u00f6jliga f\u00f6ruts\u00e4ttningarna att bygga upp forskning i v\u00e4rldsklass. Vi verkar inte i ett vakuum, utan i samverkan med en rad olika akt\u00f6rer och tack vare det s\u00e5 f\u00e5r v\u00e5ra produkter snabb implementering och samh\u00e4llsnytta. H\u00e4r g\u00e4ller nollvisionen och det finns en v\u00e4ldigt stark drivkraft hos alla akt\u00f6rer att jobba mot den, ber\u00e4ttar Ola Bostr\u00f6m.<\/p>\n<p><strong>Tv\u00e4rdisciplin\u00e4r forskning<\/strong><br \/>\nUtvecklingen inom fordonss\u00e4kerhet g\u00e5r mycket snabbt. \u00c4ven om det traditionella trepunktsb\u00e4ltet \u00e4r lika viktigt idag som n\u00e4r det f\u00f6rst lanserades har en rad oerh\u00f6rt h\u00f6gteknologiska produkter tillkommit. Forskningen p\u00e5 Autoliv bygger p\u00e5 ett tv\u00e4rdisciplin\u00e4rt tillv\u00e4gag\u00e5ngss\u00e4tt inom biomekanik, robotik, m\u00e4nskligt beteende och analys av verkliga olyckor och deras konsekvenser. Idag syftar s\u00e4kerhetssystemen i fordonen alltmer till att f\u00f6rebygga olyckor, inte bara att minimera konsekvenserna av dem. Djupa neuronn\u00e4t, som bygger p\u00e5 artificiell intelligens d\u00e4r man efterliknar m\u00e4nskligt t\u00e4nkande, \u00e4r n\u00e5gra av de banbrytande l\u00f6sningar som utvecklas inom fordonss\u00e4kerhet.<br \/>\n\u2013 M\u00e4nniskor \u00e4r oslagbara f\u00f6rare n\u00e4r de \u00e4r utvilade, nyktra och inte distraherade. Tyv\u00e4rr ser verkligheten inte ut s\u00e5. D\u00e4rf\u00f6r f\u00e5r bilar alltmer f\u00f6rm\u00e5gan att \u201dt\u00e4nka\u201d som m\u00e4nniskor, f\u00f6r att st\u00f6dja f\u00f6raren i alla de potentiellt farliga situationer som uppkommer. Idag g\u00e5r mycket av trafiks\u00e4kerhetsforskningen ut p\u00e5 att f\u00f6rebygga olyckor, ut\u00f6ver att f\u00f6rst\u00e5 hur vi kan begr\u00e4nsa konsekvenserna av dem, f\u00f6rklarar Ola Bostr\u00f6m.<br \/>\nInom en inte alltf\u00f6r avl\u00e4gsen framtid kommer vi att ha helt automatiserade, sj\u00e4lvstyrande bilar.<br \/>\n\u2013 H\u00e4r sker intensiv forskning och det g\u00e4ller att vara \u00f6dmjuk inf\u00f6r s\u00e5v\u00e4l teknikens som m\u00e4nniskans begr\u00e4nsningar. I slut\u00e4ndan \u00e4r det mycket en fr\u00e5ga om vad som kr\u00e4vs f\u00f6r att vi ska lita p\u00e5 maskiner och v\u00e5ga sl\u00e4ppa taget.<\/p>\n","protected":false},"excerpt":{"rendered":"<p>Att Autoliv, ett av v\u00e4rldens ledande f\u00f6retag i trafiks\u00e4kerhet, beh\u00e5ller sin FoU i Sverige, \u00e4r&#8230;<\/p>\n","protected":false},"author":3,"featured_media":5428,"comment_status":"closed","ping_status":"open","sticky":false,"template":"","format":"standard","meta":{"_acf_changed":false,"_monsterinsights_skip_tracking":false,"_monsterinsights_sitenote_active":false,"_monsterinsights_sitenote_note":"","_monsterinsights_sitenote_category":0,"footnotes":""},"categories":[1],"tags":[],"class_list":["post-5427","post","type-post","status-publish","format-standard","has-post-thumbnail","hentry","category-artikel"],"acf":[],"yoast_head":"<!-- This site is optimized with the Yoast SEO plugin v27.3 - https:\/\/yoast.com\/product\/yoast-seo-wordpress\/ -->\n<title>Samverkan kring trafiks\u00e4kerhet placerar Sverige i topp - Framtidens Karri\u00e4r - Ingenj\u00f6r<\/title>\n<meta name=\"robots\" content=\"index, follow, max-snippet:-1, max-image-preview:large, max-video-preview:-1\" \/>\n<link rel=\"canonical\" href=\"https:\/\/framtidenskarriar.se\/ingenjor\/2016\/06\/14\/samverkan-kring-trafiksakerhet-placerar-sverige-i-topp\/\" \/>\n<meta property=\"og:locale\" content=\"sv_SE\" \/>\n<meta property=\"og:type\" content=\"article\" \/>\n<meta property=\"og:title\" content=\"Samverkan kring trafiks\u00e4kerhet placerar Sverige i topp - Framtidens Karri\u00e4r - Ingenj\u00f6r\" \/>\n<meta property=\"og:description\" content=\"Att Autoliv, ett av v\u00e4rldens ledande f\u00f6retag i trafiks\u00e4kerhet, beh\u00e5ller sin FoU i Sverige, \u00e4r...\" \/>\n<meta property=\"og:url\" content=\"https:\/\/framtidenskarriar.se\/ingenjor\/2016\/06\/14\/samverkan-kring-trafiksakerhet-placerar-sverige-i-topp\/\" \/>\n<meta property=\"og:site_name\" content=\"Framtidens Karri\u00e4r - Ingenj\u00f6r\" \/>\n<meta property=\"article:published_time\" content=\"2016-06-14T13:54:53+00:00\" \/>\n<meta property=\"og:image\" content=\"https:\/\/framtidenskarriar.se\/ingenjor\/wp-content\/uploads\/sites\/14\/2016\/06\/fordonsforsk-img-9645.jpg\" \/>\n\t<meta property=\"og:image:width\" content=\"1000\" \/>\n\t<meta property=\"og:image:height\" content=\"658\" \/>\n\t<meta property=\"og:image:type\" content=\"image\/jpeg\" \/>\n<meta name=\"author\" content=\"stellanstal\" \/>\n<meta name=\"twitter:card\" content=\"summary_large_image\" \/>\n<meta name=\"twitter:label1\" content=\"Skriven av\" \/>\n\t<meta name=\"twitter:data1\" content=\"stellanstal\" \/>\n\t<meta name=\"twitter:label2\" content=\"Ber\u00e4knad l\u00e4stid\" \/>\n\t<meta name=\"twitter:data2\" content=\"2 minuter\" \/>\n<script type=\"application\/ld+json\" class=\"yoast-schema-graph\">{\"@context\":\"https:\\\/\\\/schema.org\",\"@graph\":[{\"@type\":\"Article\",\"@id\":\"https:\\\/\\\/framtidenskarriar.se\\\/ingenjor\\\/2016\\\/06\\\/14\\\/samverkan-kring-trafiksakerhet-placerar-sverige-i-topp\\\/#article\",\"isPartOf\":{\"@id\":\"https:\\\/\\\/framtidenskarriar.se\\\/ingenjor\\\/2016\\\/06\\\/14\\\/samverkan-kring-trafiksakerhet-placerar-sverige-i-topp\\\/\"},\"author\":{\"name\":\"stellanstal\",\"@id\":\"https:\\\/\\\/framtidenskarriar.se\\\/ingenjor\\\/#\\\/schema\\\/person\\\/c8a43eb855191e573b73ecf8987a3b99\"},\"headline\":\"Samverkan kring trafiks\u00e4kerhet placerar Sverige i topp\",\"datePublished\":\"2016-06-14T13:54:53+00:00\",\"mainEntityOfPage\":{\"@id\":\"https:\\\/\\\/framtidenskarriar.se\\\/ingenjor\\\/2016\\\/06\\\/14\\\/samverkan-kring-trafiksakerhet-placerar-sverige-i-topp\\\/\"},\"wordCount\":504,\"image\":{\"@id\":\"https:\\\/\\\/framtidenskarriar.se\\\/ingenjor\\\/2016\\\/06\\\/14\\\/samverkan-kring-trafiksakerhet-placerar-sverige-i-topp\\\/#primaryimage\"},\"thumbnailUrl\":\"https:\\\/\\\/framtidenskarriar.se\\\/ingenjor\\\/wp-content\\\/uploads\\\/sites\\\/14\\\/2016\\\/06\\\/fordonsforsk-img-9645.jpg\",\"articleSection\":[\"Artikel\"],\"inLanguage\":\"sv-SE\"},{\"@type\":\"WebPage\",\"@id\":\"https:\\\/\\\/framtidenskarriar.se\\\/ingenjor\\\/2016\\\/06\\\/14\\\/samverkan-kring-trafiksakerhet-placerar-sverige-i-topp\\\/\",\"url\":\"https:\\\/\\\/framtidenskarriar.se\\\/ingenjor\\\/2016\\\/06\\\/14\\\/samverkan-kring-trafiksakerhet-placerar-sverige-i-topp\\\/\",\"name\":\"Samverkan kring trafiks\u00e4kerhet placerar Sverige i topp - Framtidens Karri\u00e4r - Ingenj\u00f6r\",\"isPartOf\":{\"@id\":\"https:\\\/\\\/framtidenskarriar.se\\\/ingenjor\\\/#website\"},\"primaryImageOfPage\":{\"@id\":\"https:\\\/\\\/framtidenskarriar.se\\\/ingenjor\\\/2016\\\/06\\\/14\\\/samverkan-kring-trafiksakerhet-placerar-sverige-i-topp\\\/#primaryimage\"},\"image\":{\"@id\":\"https:\\\/\\\/framtidenskarriar.se\\\/ingenjor\\\/2016\\\/06\\\/14\\\/samverkan-kring-trafiksakerhet-placerar-sverige-i-topp\\\/#primaryimage\"},\"thumbnailUrl\":\"https:\\\/\\\/framtidenskarriar.se\\\/ingenjor\\\/wp-content\\\/uploads\\\/sites\\\/14\\\/2016\\\/06\\\/fordonsforsk-img-9645.jpg\",\"datePublished\":\"2016-06-14T13:54:53+00:00\",\"author\":{\"@id\":\"https:\\\/\\\/framtidenskarriar.se\\\/ingenjor\\\/#\\\/schema\\\/person\\\/c8a43eb855191e573b73ecf8987a3b99\"},\"breadcrumb\":{\"@id\":\"https:\\\/\\\/framtidenskarriar.se\\\/ingenjor\\\/2016\\\/06\\\/14\\\/samverkan-kring-trafiksakerhet-placerar-sverige-i-topp\\\/#breadcrumb\"},\"inLanguage\":\"sv-SE\",\"potentialAction\":[{\"@type\":\"ReadAction\",\"target\":[\"https:\\\/\\\/framtidenskarriar.se\\\/ingenjor\\\/2016\\\/06\\\/14\\\/samverkan-kring-trafiksakerhet-placerar-sverige-i-topp\\\/\"]}]},{\"@type\":\"ImageObject\",\"inLanguage\":\"sv-SE\",\"@id\":\"https:\\\/\\\/framtidenskarriar.se\\\/ingenjor\\\/2016\\\/06\\\/14\\\/samverkan-kring-trafiksakerhet-placerar-sverige-i-topp\\\/#primaryimage\",\"url\":\"https:\\\/\\\/framtidenskarriar.se\\\/ingenjor\\\/wp-content\\\/uploads\\\/sites\\\/14\\\/2016\\\/06\\\/fordonsforsk-img-9645.jpg\",\"contentUrl\":\"https:\\\/\\\/framtidenskarriar.se\\\/ingenjor\\\/wp-content\\\/uploads\\\/sites\\\/14\\\/2016\\\/06\\\/fordonsforsk-img-9645.jpg\",\"width\":1000,\"height\":658,\"caption\":\"Ola Bostr\u00f6m t.v. i samspr\u00e5k med Autolivs utvecklingschef Scott Dershem.\"},{\"@type\":\"BreadcrumbList\",\"@id\":\"https:\\\/\\\/framtidenskarriar.se\\\/ingenjor\\\/2016\\\/06\\\/14\\\/samverkan-kring-trafiksakerhet-placerar-sverige-i-topp\\\/#breadcrumb\",\"itemListElement\":[{\"@type\":\"ListItem\",\"position\":1,\"name\":\"Home\",\"item\":\"https:\\\/\\\/framtidenskarriar.se\\\/ingenjor\\\/\"},{\"@type\":\"ListItem\",\"position\":2,\"name\":\"Samverkan kring trafiks\u00e4kerhet placerar Sverige i topp\"}]},{\"@type\":\"WebSite\",\"@id\":\"https:\\\/\\\/framtidenskarriar.se\\\/ingenjor\\\/#website\",\"url\":\"https:\\\/\\\/framtidenskarriar.se\\\/ingenjor\\\/\",\"name\":\"Framtidens Karri\u00e4r - Ingenj\u00f6r\",\"description\":\"Just another NMDashboard.se Sites site\",\"potentialAction\":[{\"@type\":\"SearchAction\",\"target\":{\"@type\":\"EntryPoint\",\"urlTemplate\":\"https:\\\/\\\/framtidenskarriar.se\\\/ingenjor\\\/?s={search_term_string}\"},\"query-input\":{\"@type\":\"PropertyValueSpecification\",\"valueRequired\":true,\"valueName\":\"search_term_string\"}}],\"inLanguage\":\"sv-SE\"},{\"@type\":\"Person\",\"@id\":\"https:\\\/\\\/framtidenskarriar.se\\\/ingenjor\\\/#\\\/schema\\\/person\\\/c8a43eb855191e573b73ecf8987a3b99\",\"name\":\"stellanstal\",\"image\":{\"@type\":\"ImageObject\",\"inLanguage\":\"sv-SE\",\"@id\":\"https:\\\/\\\/secure.gravatar.com\\\/avatar\\\/cd330fa6bb17f598124b2068ee0b189e4fe0987a50af9d53b78410836060d0c9?s=96&d=mm&r=g\",\"url\":\"https:\\\/\\\/secure.gravatar.com\\\/avatar\\\/cd330fa6bb17f598124b2068ee0b189e4fe0987a50af9d53b78410836060d0c9?s=96&d=mm&r=g\",\"contentUrl\":\"https:\\\/\\\/secure.gravatar.com\\\/avatar\\\/cd330fa6bb17f598124b2068ee0b189e4fe0987a50af9d53b78410836060d0c9?s=96&d=mm&r=g\",\"caption\":\"stellanstal\"},\"url\":\"https:\\\/\\\/framtidenskarriar.se\\\/ingenjor\\\/author\\\/stellanstal\\\/\"}]}<\/script>\n<!-- \/ Yoast SEO plugin. -->","yoast_head_json":{"title":"Samverkan kring trafiks\u00e4kerhet placerar Sverige i topp - Framtidens Karri\u00e4r - Ingenj\u00f6r","robots":{"index":"index","follow":"follow","max-snippet":"max-snippet:-1","max-image-preview":"max-image-preview:large","max-video-preview":"max-video-preview:-1"},"canonical":"https:\/\/framtidenskarriar.se\/ingenjor\/2016\/06\/14\/samverkan-kring-trafiksakerhet-placerar-sverige-i-topp\/","og_locale":"sv_SE","og_type":"article","og_title":"Samverkan kring trafiks\u00e4kerhet placerar Sverige i topp - Framtidens Karri\u00e4r - Ingenj\u00f6r","og_description":"Att Autoliv, ett av v\u00e4rldens ledande f\u00f6retag i trafiks\u00e4kerhet, beh\u00e5ller sin FoU i Sverige, \u00e4r...","og_url":"https:\/\/framtidenskarriar.se\/ingenjor\/2016\/06\/14\/samverkan-kring-trafiksakerhet-placerar-sverige-i-topp\/","og_site_name":"Framtidens Karri\u00e4r - Ingenj\u00f6r","article_published_time":"2016-06-14T13:54:53+00:00","og_image":[{"width":1000,"height":658,"url":"https:\/\/framtidenskarriar.se\/ingenjor\/wp-content\/uploads\/sites\/14\/2016\/06\/fordonsforsk-img-9645.jpg","type":"image\/jpeg"}],"author":"stellanstal","twitter_card":"summary_large_image","twitter_misc":{"Skriven av":"stellanstal","Ber\u00e4knad l\u00e4stid":"2 minuter"},"schema":{"@context":"https:\/\/schema.org","@graph":[{"@type":"Article","@id":"https:\/\/framtidenskarriar.se\/ingenjor\/2016\/06\/14\/samverkan-kring-trafiksakerhet-placerar-sverige-i-topp\/#article","isPartOf":{"@id":"https:\/\/framtidenskarriar.se\/ingenjor\/2016\/06\/14\/samverkan-kring-trafiksakerhet-placerar-sverige-i-topp\/"},"author":{"name":"stellanstal","@id":"https:\/\/framtidenskarriar.se\/ingenjor\/#\/schema\/person\/c8a43eb855191e573b73ecf8987a3b99"},"headline":"Samverkan kring trafiks\u00e4kerhet placerar Sverige i topp","datePublished":"2016-06-14T13:54:53+00:00","mainEntityOfPage":{"@id":"https:\/\/framtidenskarriar.se\/ingenjor\/2016\/06\/14\/samverkan-kring-trafiksakerhet-placerar-sverige-i-topp\/"},"wordCount":504,"image":{"@id":"https:\/\/framtidenskarriar.se\/ingenjor\/2016\/06\/14\/samverkan-kring-trafiksakerhet-placerar-sverige-i-topp\/#primaryimage"},"thumbnailUrl":"https:\/\/framtidenskarriar.se\/ingenjor\/wp-content\/uploads\/sites\/14\/2016\/06\/fordonsforsk-img-9645.jpg","articleSection":["Artikel"],"inLanguage":"sv-SE"},{"@type":"WebPage","@id":"https:\/\/framtidenskarriar.se\/ingenjor\/2016\/06\/14\/samverkan-kring-trafiksakerhet-placerar-sverige-i-topp\/","url":"https:\/\/framtidenskarriar.se\/ingenjor\/2016\/06\/14\/samverkan-kring-trafiksakerhet-placerar-sverige-i-topp\/","name":"Samverkan kring trafiks\u00e4kerhet placerar Sverige i topp - Framtidens Karri\u00e4r - Ingenj\u00f6r","isPartOf":{"@id":"https:\/\/framtidenskarriar.se\/ingenjor\/#website"},"primaryImageOfPage":{"@id":"https:\/\/framtidenskarriar.se\/ingenjor\/2016\/06\/14\/samverkan-kring-trafiksakerhet-placerar-sverige-i-topp\/#primaryimage"},"image":{"@id":"https:\/\/framtidenskarriar.se\/ingenjor\/2016\/06\/14\/samverkan-kring-trafiksakerhet-placerar-sverige-i-topp\/#primaryimage"},"thumbnailUrl":"https:\/\/framtidenskarriar.se\/ingenjor\/wp-content\/uploads\/sites\/14\/2016\/06\/fordonsforsk-img-9645.jpg","datePublished":"2016-06-14T13:54:53+00:00","author":{"@id":"https:\/\/framtidenskarriar.se\/ingenjor\/#\/schema\/person\/c8a43eb855191e573b73ecf8987a3b99"},"breadcrumb":{"@id":"https:\/\/framtidenskarriar.se\/ingenjor\/2016\/06\/14\/samverkan-kring-trafiksakerhet-placerar-sverige-i-topp\/#breadcrumb"},"inLanguage":"sv-SE","potentialAction":[{"@type":"ReadAction","target":["https:\/\/framtidenskarriar.se\/ingenjor\/2016\/06\/14\/samverkan-kring-trafiksakerhet-placerar-sverige-i-topp\/"]}]},{"@type":"ImageObject","inLanguage":"sv-SE","@id":"https:\/\/framtidenskarriar.se\/ingenjor\/2016\/06\/14\/samverkan-kring-trafiksakerhet-placerar-sverige-i-topp\/#primaryimage","url":"https:\/\/framtidenskarriar.se\/ingenjor\/wp-content\/uploads\/sites\/14\/2016\/06\/fordonsforsk-img-9645.jpg","contentUrl":"https:\/\/framtidenskarriar.se\/ingenjor\/wp-content\/uploads\/sites\/14\/2016\/06\/fordonsforsk-img-9645.jpg","width":1000,"height":658,"caption":"Ola Bostr\u00f6m t.v. i samspr\u00e5k med Autolivs utvecklingschef Scott Dershem."},{"@type":"BreadcrumbList","@id":"https:\/\/framtidenskarriar.se\/ingenjor\/2016\/06\/14\/samverkan-kring-trafiksakerhet-placerar-sverige-i-topp\/#breadcrumb","itemListElement":[{"@type":"ListItem","position":1,"name":"Home","item":"https:\/\/framtidenskarriar.se\/ingenjor\/"},{"@type":"ListItem","position":2,"name":"Samverkan kring trafiks\u00e4kerhet placerar Sverige i topp"}]},{"@type":"WebSite","@id":"https:\/\/framtidenskarriar.se\/ingenjor\/#website","url":"https:\/\/framtidenskarriar.se\/ingenjor\/","name":"Framtidens Karri\u00e4r - Ingenj\u00f6r","description":"Just another NMDashboard.se Sites site","potentialAction":[{"@type":"SearchAction","target":{"@type":"EntryPoint","urlTemplate":"https:\/\/framtidenskarriar.se\/ingenjor\/?s={search_term_string}"},"query-input":{"@type":"PropertyValueSpecification","valueRequired":true,"valueName":"search_term_string"}}],"inLanguage":"sv-SE"},{"@type":"Person","@id":"https:\/\/framtidenskarriar.se\/ingenjor\/#\/schema\/person\/c8a43eb855191e573b73ecf8987a3b99","name":"stellanstal","image":{"@type":"ImageObject","inLanguage":"sv-SE","@id":"https:\/\/secure.gravatar.com\/avatar\/cd330fa6bb17f598124b2068ee0b189e4fe0987a50af9d53b78410836060d0c9?s=96&d=mm&r=g","url":"https:\/\/secure.gravatar.com\/avatar\/cd330fa6bb17f598124b2068ee0b189e4fe0987a50af9d53b78410836060d0c9?s=96&d=mm&r=g","contentUrl":"https:\/\/secure.gravatar.com\/avatar\/cd330fa6bb17f598124b2068ee0b189e4fe0987a50af9d53b78410836060d0c9?s=96&d=mm&r=g","caption":"stellanstal"},"url":"https:\/\/framtidenskarriar.se\/ingenjor\/author\/stellanstal\/"}]}},"_links":{"self":[{"href":"https:\/\/framtidenskarriar.se\/ingenjor\/wp-json\/wp\/v2\/posts\/5427","targetHints":{"allow":["GET"]}}],"collection":[{"href":"https:\/\/framtidenskarriar.se\/ingenjor\/wp-json\/wp\/v2\/posts"}],"about":[{"href":"https:\/\/framtidenskarriar.se\/ingenjor\/wp-json\/wp\/v2\/types\/post"}],"author":[{"embeddable":true,"href":"https:\/\/framtidenskarriar.se\/ingenjor\/wp-json\/wp\/v2\/users\/3"}],"replies":[{"embeddable":true,"href":"https:\/\/framtidenskarriar.se\/ingenjor\/wp-json\/wp\/v2\/comments?post=5427"}],"version-history":[{"count":0,"href":"https:\/\/framtidenskarriar.se\/ingenjor\/wp-json\/wp\/v2\/posts\/5427\/revisions"}],"wp:featuredmedia":[{"embeddable":true,"href":"https:\/\/framtidenskarriar.se\/ingenjor\/wp-json\/wp\/v2\/media\/5428"}],"wp:attachment":[{"href":"https:\/\/framtidenskarriar.se\/ingenjor\/wp-json\/wp\/v2\/media?parent=5427"}],"wp:term":[{"taxonomy":"category","embeddable":true,"href":"https:\/\/framtidenskarriar.se\/ingenjor\/wp-json\/wp\/v2\/categories?post=5427"},{"taxonomy":"post_tag","embeddable":true,"href":"https:\/\/framtidenskarriar.se\/ingenjor\/wp-json\/wp\/v2\/tags?post=5427"}],"curies":[{"name":"wp","href":"https:\/\/api.w.org\/{rel}","templated":true}]}}