{"id":5626,"date":"2017-06-15T13:41:04","date_gmt":"2017-06-15T11:41:04","guid":{"rendered":"http:\/\/framtidenskarriar.se\/ingenjor\/?p=5626"},"modified":"2017-06-15T13:41:04","modified_gmt":"2017-06-15T11:41:04","slug":"nytankande-och-mod-skapar-dynamik-i-uppsalas-samhallsbyggnadsprocess","status":"publish","type":"post","link":"https:\/\/framtidenskarriar.se\/ingenjor\/2017\/06\/15\/nytankande-och-mod-skapar-dynamik-i-uppsalas-samhallsbyggnadsprocess\/","title":{"rendered":"Nyt\u00e4nkande och mod skapar dynamik i Uppsalas samh\u00e4llsbyggnadsprocess"},"content":{"rendered":"<p><figure id=\"attachment_5628\" aria-describedby=\"caption-attachment-5628\" style=\"width: 1000px\" class=\"wp-caption alignnone\"><img loading=\"lazy\" decoding=\"async\" src=\"https:\/\/framtidenskarriar.se\/ingenjor\/wp-content\/uploads\/sites\/14\/2017\/06\/uppsala-grupp1-0990b.jpg\" alt=\"Anna Sander (t.h.), projektledare. Foto: Stewen Quigley, www.qimage.se\" width=\"1000\" height=\"628\" class=\"size-full wp-image-5628\" srcset=\"https:\/\/framtidenskarriar.se\/ingenjor\/wp-content\/uploads\/sites\/14\/2017\/06\/uppsala-grupp1-0990b.jpg 1000w, https:\/\/framtidenskarriar.se\/ingenjor\/wp-content\/uploads\/sites\/14\/2017\/06\/uppsala-grupp1-0990b-300x188.jpg 300w, https:\/\/framtidenskarriar.se\/ingenjor\/wp-content\/uploads\/sites\/14\/2017\/06\/uppsala-grupp1-0990b-768x482.jpg 768w, https:\/\/framtidenskarriar.se\/ingenjor\/wp-content\/uploads\/sites\/14\/2017\/06\/uppsala-grupp1-0990b-255x160.jpg 255w, https:\/\/framtidenskarriar.se\/ingenjor\/wp-content\/uploads\/sites\/14\/2017\/06\/uppsala-grupp1-0990b-526x330.jpg 526w, https:\/\/framtidenskarriar.se\/ingenjor\/wp-content\/uploads\/sites\/14\/2017\/06\/uppsala-grupp1-0990b-720x452.jpg 720w, https:\/\/framtidenskarriar.se\/ingenjor\/wp-content\/uploads\/sites\/14\/2017\/06\/uppsala-grupp1-0990b-960x603.jpg 960w\" sizes=\"auto, (max-width: 1000px) 100vw, 1000px\" \/><figcaption id=\"caption-attachment-5628\" class=\"wp-caption-text\">Anna Sander (t.h.), projektledare. Foto: Stewen Quigley, www.qimage.se<\/figcaption><\/figure><strong>\u2013 Uppsala \u00e4r en innovativ kommun som v\u00e5gar anta utmaningar och testa nya grepp i sina samh\u00e4llsbyggnadsprocesser. Ett f\u00f6rh\u00e5llningss\u00e4tt som b\u00e5de stimulerar medarbetarna och gynnar boendemilj\u00f6n, s\u00e4ger Anna Sander, projektledare p\u00e5 kommunens stadsbyggnadsf\u00f6rvaltning.<\/strong><\/p>\n<p>Uppsala kommuns stadsbyggnadsf\u00f6rvaltning ansvarar f\u00f6r hela samh\u00e4llsbyggnadsprocessen, fr\u00e5n planering och genomf\u00f6rande till drift och underh\u00e5ll. H\u00e4r finns en bra mix av den lilla kommunens f\u00f6rdelar, i form av mycket samarbete mellan avdelningar, i kombination med stora resurser som bidrar till att skapa en dynamisk och utvecklande arbetsplats.<br \/>\nAnna Sander, huvudprojektledare f\u00f6r det nya centrala bostadsomr\u00e5det Rosendal i Uppsala, b\u00f6rjade arbeta p\u00e5 kommunens mark- och exploateringsavdelning i vintras. Om sju \u00e5r ska den nya stadsdelen med cirka 5&nbsp;000 bost\u00e4der vara redo f\u00f6r inflyttning.<br \/>\n\u2013 Jag trivs fantastiskt bra. Uppsala \u00e4r en mycket innovativ kommun n\u00e4r det g\u00e4ller planering av bostadsomr\u00e5den. Genom att \u00f6ppna d\u00f6rrar f\u00f6r externa akt\u00f6rer, och anordna m\u00e5nga t\u00e4vlingar skapas finurliga l\u00f6sningar i boendemilj\u00f6n som \u00e4r stimulerande att arbeta med. <\/p>\n<p><strong>Nyt\u00e4nkande<\/strong><br \/>\nJust nyfikenheten och viljan att vrida och v\u00e4nda p\u00e5 saker f\u00f6r att hitta l\u00f6sningar \u00e4r en inst\u00e4llning i kommunen som Anna Sander verkligen uppskattar.<br \/>\n\u2013 Verksamheten pr\u00e4glas av en fram\u00e5tanda som bidrar till att stadsbyggnadsf\u00f6rvaltningen utg\u00f6r en kreativ arbetsplats och en f\u00f6rvaltning som erbjuder ett modernt och h\u00e5llbart boende f\u00f6r sina kommuninv\u00e5nare.<br \/>\nParallellt med rollen som projektledare har hon \u00e4ven ett regeringsuppdrag att utreda Boverkets byggregler.<br \/>\n\u2013 Uppsala kommun \u00e4r en arbetsgivare som uppmuntrar b\u00e5de nyexaminerade och personer som mig, med l\u00e5ng erfarenhet av bygg- och planfr\u00e5gor, att utvecklas. Att jag f\u00e5tt m\u00f6jlighet att sk\u00f6ta utredningsuppdraget parallellt med min anst\u00e4llning v\u00e4rdes\u00e4tter jag h\u00f6gt.<br \/>\nStaden v\u00e4xer och verksamheten har just nu behov av att rekrytera fler projektledare.<br \/>\n\u2013 Eftersom vi arbetar med hela samh\u00e4llsbyggnadsprocessen beh\u00f6vs m\u00e5nga olika kompetenser och erfarenheter. H\u00e4r finns sp\u00e4nnande uppgifter f\u00f6r s\u00e5v\u00e4l nyexaminerade som v\u00e4lmeriterade medarbetare, fastsl\u00e5r Anna Sander.<\/p>\n<div class=\"faktaruta-title\">Uppsala kommuns stadsbyggnadsf\u00f6rvaltning<\/div><div class=\"faktaruta\">V\u00e4lkommen till Uppsala kommun! Hos oss f\u00e5r du 13&nbsp;000 kollegor inom 200 olika yrken. Varje dag jobbar vi f\u00f6r Uppsalas kommuninv\u00e5nare: Vi l\u00e4r barn att l\u00e4sa, v\u00e5rdar \u00e4ldre, sopar gatorna, planerar fler bost\u00e4der och mycket mer. Kom och jobba med oss och f\u00e5 en hel kommun att fungera. Du \u00e4r med och skapar ett mer r\u00e4ttvist och j\u00e4mst\u00e4llt Uppsala f\u00f6r alla, oavsett behov och bakgrund. Det du g\u00f6r p\u00e5 jobbet g\u00f6r skillnad f\u00f6r n\u00e5gon annan.<\/p>\n<p>Uppsala kommun<br \/>\n753 75 Uppsala<br \/>\nTel: 018-727 00 00<br \/>\n<strong><a href=\"http:\/\/www.uppsala.se\" target=\"_blank\" rel=\"noopener noreferrer\">www.uppsala.se<\/a><\/strong><\/br><br \/>\n<a href=\"http:\/\/www.uppsala.se\" target=\"_blank\" rel=\"noopener noreferrer\"><img loading=\"lazy\" decoding=\"async\" src=\"http:\/\/framtidenskarriar.se\/ingenjor\/wp-content\/uploads\/2017\/06\/uppsala_log2_2farg_gul_fyllning-250x288.png\" alt=\"www.uppsala.se\" width=\"150\" height=\"173\" class=\"alignnone size-medium wp-image-5629\" \/><\/a><\/div>\n","protected":false},"excerpt":{"rendered":"<p>\u2013 Uppsala \u00e4r en innovativ kommun som v\u00e5gar anta utmaningar och testa nya grepp i&#8230;<\/p>\n","protected":false},"author":3,"featured_media":5628,"comment_status":"closed","ping_status":"open","sticky":false,"template":"","format":"standard","meta":{"_acf_changed":false,"_monsterinsights_skip_tracking":false,"_monsterinsights_sitenote_active":false,"_monsterinsights_sitenote_note":"","_monsterinsights_sitenote_category":0,"footnotes":""},"categories":[4],"tags":[127,212,234,237,264],"class_list":["post-5626","post","type-post","status-publish","format-standard","has-post-thumbnail","hentry","category-presentation","tag-jobba-kommunalt","tag-samhallsbyggnad","tag-stadsbyggnad","tag-stadsplanering","tag-uppsala-kommun"],"acf":[],"yoast_head":"<!-- This site is optimized with the Yoast SEO plugin v27.3 - https:\/\/yoast.com\/product\/yoast-seo-wordpress\/ -->\n<title>Nyt\u00e4nkande och mod skapar dynamik i Uppsalas samh\u00e4llsbyggnadsprocess - Framtidens Karri\u00e4r - Ingenj\u00f6r<\/title>\n<meta name=\"robots\" content=\"index, follow, max-snippet:-1, max-image-preview:large, max-video-preview:-1\" \/>\n<link rel=\"canonical\" href=\"https:\/\/framtidenskarriar.se\/ingenjor\/2017\/06\/15\/nytankande-och-mod-skapar-dynamik-i-uppsalas-samhallsbyggnadsprocess\/\" \/>\n<meta property=\"og:locale\" content=\"sv_SE\" \/>\n<meta property=\"og:type\" content=\"article\" \/>\n<meta property=\"og:title\" content=\"Nyt\u00e4nkande och mod skapar dynamik i Uppsalas samh\u00e4llsbyggnadsprocess - Framtidens Karri\u00e4r - Ingenj\u00f6r\" \/>\n<meta property=\"og:description\" content=\"\u2013 Uppsala \u00e4r en innovativ kommun som v\u00e5gar anta utmaningar och testa nya grepp i...\" \/>\n<meta property=\"og:url\" content=\"https:\/\/framtidenskarriar.se\/ingenjor\/2017\/06\/15\/nytankande-och-mod-skapar-dynamik-i-uppsalas-samhallsbyggnadsprocess\/\" \/>\n<meta property=\"og:site_name\" content=\"Framtidens Karri\u00e4r - Ingenj\u00f6r\" \/>\n<meta property=\"article:published_time\" content=\"2017-06-15T11:41:04+00:00\" \/>\n<meta property=\"og:image\" content=\"https:\/\/framtidenskarriar.se\/ingenjor\/wp-content\/uploads\/sites\/14\/2017\/06\/uppsala-grupp1-0990b.jpg\" \/>\n\t<meta property=\"og:image:width\" content=\"1000\" \/>\n\t<meta property=\"og:image:height\" content=\"628\" \/>\n\t<meta property=\"og:image:type\" content=\"image\/jpeg\" \/>\n<meta name=\"author\" content=\"stellanstal\" \/>\n<meta name=\"twitter:card\" content=\"summary_large_image\" \/>\n<meta name=\"twitter:label1\" content=\"Skriven av\" \/>\n\t<meta name=\"twitter:data1\" content=\"stellanstal\" \/>\n\t<meta name=\"twitter:label2\" content=\"Ber\u00e4knad l\u00e4stid\" \/>\n\t<meta name=\"twitter:data2\" content=\"2 minuter\" \/>\n<script type=\"application\/ld+json\" class=\"yoast-schema-graph\">{\"@context\":\"https:\\\/\\\/schema.org\",\"@graph\":[{\"@type\":\"Article\",\"@id\":\"https:\\\/\\\/framtidenskarriar.se\\\/ingenjor\\\/2017\\\/06\\\/15\\\/nytankande-och-mod-skapar-dynamik-i-uppsalas-samhallsbyggnadsprocess\\\/#article\",\"isPartOf\":{\"@id\":\"https:\\\/\\\/framtidenskarriar.se\\\/ingenjor\\\/2017\\\/06\\\/15\\\/nytankande-och-mod-skapar-dynamik-i-uppsalas-samhallsbyggnadsprocess\\\/\"},\"author\":{\"name\":\"stellanstal\",\"@id\":\"https:\\\/\\\/framtidenskarriar.se\\\/ingenjor\\\/#\\\/schema\\\/person\\\/c8a43eb855191e573b73ecf8987a3b99\"},\"headline\":\"Nyt\u00e4nkande och mod skapar dynamik i Uppsalas samh\u00e4llsbyggnadsprocess\",\"datePublished\":\"2017-06-15T11:41:04+00:00\",\"mainEntityOfPage\":{\"@id\":\"https:\\\/\\\/framtidenskarriar.se\\\/ingenjor\\\/2017\\\/06\\\/15\\\/nytankande-och-mod-skapar-dynamik-i-uppsalas-samhallsbyggnadsprocess\\\/\"},\"wordCount\":491,\"image\":{\"@id\":\"https:\\\/\\\/framtidenskarriar.se\\\/ingenjor\\\/2017\\\/06\\\/15\\\/nytankande-och-mod-skapar-dynamik-i-uppsalas-samhallsbyggnadsprocess\\\/#primaryimage\"},\"thumbnailUrl\":\"https:\\\/\\\/framtidenskarriar.se\\\/ingenjor\\\/wp-content\\\/uploads\\\/sites\\\/14\\\/2017\\\/06\\\/uppsala-grupp1-0990b.jpg\",\"keywords\":[\"Jobba kommunalt\",\"Samh\u00e4llsbyggnad\",\"Stadsbyggnad\",\"Stadsplanering\",\"Uppsala kommun\"],\"articleSection\":[\"Presentation\"],\"inLanguage\":\"sv-SE\"},{\"@type\":\"WebPage\",\"@id\":\"https:\\\/\\\/framtidenskarriar.se\\\/ingenjor\\\/2017\\\/06\\\/15\\\/nytankande-och-mod-skapar-dynamik-i-uppsalas-samhallsbyggnadsprocess\\\/\",\"url\":\"https:\\\/\\\/framtidenskarriar.se\\\/ingenjor\\\/2017\\\/06\\\/15\\\/nytankande-och-mod-skapar-dynamik-i-uppsalas-samhallsbyggnadsprocess\\\/\",\"name\":\"Nyt\u00e4nkande och mod skapar dynamik i Uppsalas samh\u00e4llsbyggnadsprocess - Framtidens Karri\u00e4r - Ingenj\u00f6r\",\"isPartOf\":{\"@id\":\"https:\\\/\\\/framtidenskarriar.se\\\/ingenjor\\\/#website\"},\"primaryImageOfPage\":{\"@id\":\"https:\\\/\\\/framtidenskarriar.se\\\/ingenjor\\\/2017\\\/06\\\/15\\\/nytankande-och-mod-skapar-dynamik-i-uppsalas-samhallsbyggnadsprocess\\\/#primaryimage\"},\"image\":{\"@id\":\"https:\\\/\\\/framtidenskarriar.se\\\/ingenjor\\\/2017\\\/06\\\/15\\\/nytankande-och-mod-skapar-dynamik-i-uppsalas-samhallsbyggnadsprocess\\\/#primaryimage\"},\"thumbnailUrl\":\"https:\\\/\\\/framtidenskarriar.se\\\/ingenjor\\\/wp-content\\\/uploads\\\/sites\\\/14\\\/2017\\\/06\\\/uppsala-grupp1-0990b.jpg\",\"datePublished\":\"2017-06-15T11:41:04+00:00\",\"author\":{\"@id\":\"https:\\\/\\\/framtidenskarriar.se\\\/ingenjor\\\/#\\\/schema\\\/person\\\/c8a43eb855191e573b73ecf8987a3b99\"},\"breadcrumb\":{\"@id\":\"https:\\\/\\\/framtidenskarriar.se\\\/ingenjor\\\/2017\\\/06\\\/15\\\/nytankande-och-mod-skapar-dynamik-i-uppsalas-samhallsbyggnadsprocess\\\/#breadcrumb\"},\"inLanguage\":\"sv-SE\",\"potentialAction\":[{\"@type\":\"ReadAction\",\"target\":[\"https:\\\/\\\/framtidenskarriar.se\\\/ingenjor\\\/2017\\\/06\\\/15\\\/nytankande-och-mod-skapar-dynamik-i-uppsalas-samhallsbyggnadsprocess\\\/\"]}]},{\"@type\":\"ImageObject\",\"inLanguage\":\"sv-SE\",\"@id\":\"https:\\\/\\\/framtidenskarriar.se\\\/ingenjor\\\/2017\\\/06\\\/15\\\/nytankande-och-mod-skapar-dynamik-i-uppsalas-samhallsbyggnadsprocess\\\/#primaryimage\",\"url\":\"https:\\\/\\\/framtidenskarriar.se\\\/ingenjor\\\/wp-content\\\/uploads\\\/sites\\\/14\\\/2017\\\/06\\\/uppsala-grupp1-0990b.jpg\",\"contentUrl\":\"https:\\\/\\\/framtidenskarriar.se\\\/ingenjor\\\/wp-content\\\/uploads\\\/sites\\\/14\\\/2017\\\/06\\\/uppsala-grupp1-0990b.jpg\",\"width\":1000,\"height\":628,\"caption\":\"Anna Sander (t.h.), projektledare. Foto: Stewen Quigley, www.qimage.se\"},{\"@type\":\"BreadcrumbList\",\"@id\":\"https:\\\/\\\/framtidenskarriar.se\\\/ingenjor\\\/2017\\\/06\\\/15\\\/nytankande-och-mod-skapar-dynamik-i-uppsalas-samhallsbyggnadsprocess\\\/#breadcrumb\",\"itemListElement\":[{\"@type\":\"ListItem\",\"position\":1,\"name\":\"Home\",\"item\":\"https:\\\/\\\/framtidenskarriar.se\\\/ingenjor\\\/\"},{\"@type\":\"ListItem\",\"position\":2,\"name\":\"Nyt\u00e4nkande och mod skapar dynamik i Uppsalas samh\u00e4llsbyggnadsprocess\"}]},{\"@type\":\"WebSite\",\"@id\":\"https:\\\/\\\/framtidenskarriar.se\\\/ingenjor\\\/#website\",\"url\":\"https:\\\/\\\/framtidenskarriar.se\\\/ingenjor\\\/\",\"name\":\"Framtidens Karri\u00e4r - Ingenj\u00f6r\",\"description\":\"Just another NMDashboard.se Sites site\",\"potentialAction\":[{\"@type\":\"SearchAction\",\"target\":{\"@type\":\"EntryPoint\",\"urlTemplate\":\"https:\\\/\\\/framtidenskarriar.se\\\/ingenjor\\\/?s={search_term_string}\"},\"query-input\":{\"@type\":\"PropertyValueSpecification\",\"valueRequired\":true,\"valueName\":\"search_term_string\"}}],\"inLanguage\":\"sv-SE\"},{\"@type\":\"Person\",\"@id\":\"https:\\\/\\\/framtidenskarriar.se\\\/ingenjor\\\/#\\\/schema\\\/person\\\/c8a43eb855191e573b73ecf8987a3b99\",\"name\":\"stellanstal\",\"image\":{\"@type\":\"ImageObject\",\"inLanguage\":\"sv-SE\",\"@id\":\"https:\\\/\\\/secure.gravatar.com\\\/avatar\\\/cd330fa6bb17f598124b2068ee0b189e4fe0987a50af9d53b78410836060d0c9?s=96&d=mm&r=g\",\"url\":\"https:\\\/\\\/secure.gravatar.com\\\/avatar\\\/cd330fa6bb17f598124b2068ee0b189e4fe0987a50af9d53b78410836060d0c9?s=96&d=mm&r=g\",\"contentUrl\":\"https:\\\/\\\/secure.gravatar.com\\\/avatar\\\/cd330fa6bb17f598124b2068ee0b189e4fe0987a50af9d53b78410836060d0c9?s=96&d=mm&r=g\",\"caption\":\"stellanstal\"},\"url\":\"https:\\\/\\\/framtidenskarriar.se\\\/ingenjor\\\/author\\\/stellanstal\\\/\"}]}<\/script>\n<!-- \/ Yoast SEO plugin. -->","yoast_head_json":{"title":"Nyt\u00e4nkande och mod skapar dynamik i Uppsalas samh\u00e4llsbyggnadsprocess - Framtidens Karri\u00e4r - Ingenj\u00f6r","robots":{"index":"index","follow":"follow","max-snippet":"max-snippet:-1","max-image-preview":"max-image-preview:large","max-video-preview":"max-video-preview:-1"},"canonical":"https:\/\/framtidenskarriar.se\/ingenjor\/2017\/06\/15\/nytankande-och-mod-skapar-dynamik-i-uppsalas-samhallsbyggnadsprocess\/","og_locale":"sv_SE","og_type":"article","og_title":"Nyt\u00e4nkande och mod skapar dynamik i Uppsalas samh\u00e4llsbyggnadsprocess - Framtidens Karri\u00e4r - Ingenj\u00f6r","og_description":"\u2013 Uppsala \u00e4r en innovativ kommun som v\u00e5gar anta utmaningar och testa nya grepp i...","og_url":"https:\/\/framtidenskarriar.se\/ingenjor\/2017\/06\/15\/nytankande-och-mod-skapar-dynamik-i-uppsalas-samhallsbyggnadsprocess\/","og_site_name":"Framtidens Karri\u00e4r - Ingenj\u00f6r","article_published_time":"2017-06-15T11:41:04+00:00","og_image":[{"width":1000,"height":628,"url":"https:\/\/framtidenskarriar.se\/ingenjor\/wp-content\/uploads\/sites\/14\/2017\/06\/uppsala-grupp1-0990b.jpg","type":"image\/jpeg"}],"author":"stellanstal","twitter_card":"summary_large_image","twitter_misc":{"Skriven av":"stellanstal","Ber\u00e4knad l\u00e4stid":"2 minuter"},"schema":{"@context":"https:\/\/schema.org","@graph":[{"@type":"Article","@id":"https:\/\/framtidenskarriar.se\/ingenjor\/2017\/06\/15\/nytankande-och-mod-skapar-dynamik-i-uppsalas-samhallsbyggnadsprocess\/#article","isPartOf":{"@id":"https:\/\/framtidenskarriar.se\/ingenjor\/2017\/06\/15\/nytankande-och-mod-skapar-dynamik-i-uppsalas-samhallsbyggnadsprocess\/"},"author":{"name":"stellanstal","@id":"https:\/\/framtidenskarriar.se\/ingenjor\/#\/schema\/person\/c8a43eb855191e573b73ecf8987a3b99"},"headline":"Nyt\u00e4nkande och mod skapar dynamik i Uppsalas samh\u00e4llsbyggnadsprocess","datePublished":"2017-06-15T11:41:04+00:00","mainEntityOfPage":{"@id":"https:\/\/framtidenskarriar.se\/ingenjor\/2017\/06\/15\/nytankande-och-mod-skapar-dynamik-i-uppsalas-samhallsbyggnadsprocess\/"},"wordCount":491,"image":{"@id":"https:\/\/framtidenskarriar.se\/ingenjor\/2017\/06\/15\/nytankande-och-mod-skapar-dynamik-i-uppsalas-samhallsbyggnadsprocess\/#primaryimage"},"thumbnailUrl":"https:\/\/framtidenskarriar.se\/ingenjor\/wp-content\/uploads\/sites\/14\/2017\/06\/uppsala-grupp1-0990b.jpg","keywords":["Jobba kommunalt","Samh\u00e4llsbyggnad","Stadsbyggnad","Stadsplanering","Uppsala kommun"],"articleSection":["Presentation"],"inLanguage":"sv-SE"},{"@type":"WebPage","@id":"https:\/\/framtidenskarriar.se\/ingenjor\/2017\/06\/15\/nytankande-och-mod-skapar-dynamik-i-uppsalas-samhallsbyggnadsprocess\/","url":"https:\/\/framtidenskarriar.se\/ingenjor\/2017\/06\/15\/nytankande-och-mod-skapar-dynamik-i-uppsalas-samhallsbyggnadsprocess\/","name":"Nyt\u00e4nkande och mod skapar dynamik i Uppsalas samh\u00e4llsbyggnadsprocess - Framtidens Karri\u00e4r - Ingenj\u00f6r","isPartOf":{"@id":"https:\/\/framtidenskarriar.se\/ingenjor\/#website"},"primaryImageOfPage":{"@id":"https:\/\/framtidenskarriar.se\/ingenjor\/2017\/06\/15\/nytankande-och-mod-skapar-dynamik-i-uppsalas-samhallsbyggnadsprocess\/#primaryimage"},"image":{"@id":"https:\/\/framtidenskarriar.se\/ingenjor\/2017\/06\/15\/nytankande-och-mod-skapar-dynamik-i-uppsalas-samhallsbyggnadsprocess\/#primaryimage"},"thumbnailUrl":"https:\/\/framtidenskarriar.se\/ingenjor\/wp-content\/uploads\/sites\/14\/2017\/06\/uppsala-grupp1-0990b.jpg","datePublished":"2017-06-15T11:41:04+00:00","author":{"@id":"https:\/\/framtidenskarriar.se\/ingenjor\/#\/schema\/person\/c8a43eb855191e573b73ecf8987a3b99"},"breadcrumb":{"@id":"https:\/\/framtidenskarriar.se\/ingenjor\/2017\/06\/15\/nytankande-och-mod-skapar-dynamik-i-uppsalas-samhallsbyggnadsprocess\/#breadcrumb"},"inLanguage":"sv-SE","potentialAction":[{"@type":"ReadAction","target":["https:\/\/framtidenskarriar.se\/ingenjor\/2017\/06\/15\/nytankande-och-mod-skapar-dynamik-i-uppsalas-samhallsbyggnadsprocess\/"]}]},{"@type":"ImageObject","inLanguage":"sv-SE","@id":"https:\/\/framtidenskarriar.se\/ingenjor\/2017\/06\/15\/nytankande-och-mod-skapar-dynamik-i-uppsalas-samhallsbyggnadsprocess\/#primaryimage","url":"https:\/\/framtidenskarriar.se\/ingenjor\/wp-content\/uploads\/sites\/14\/2017\/06\/uppsala-grupp1-0990b.jpg","contentUrl":"https:\/\/framtidenskarriar.se\/ingenjor\/wp-content\/uploads\/sites\/14\/2017\/06\/uppsala-grupp1-0990b.jpg","width":1000,"height":628,"caption":"Anna Sander (t.h.), projektledare. Foto: Stewen Quigley, www.qimage.se"},{"@type":"BreadcrumbList","@id":"https:\/\/framtidenskarriar.se\/ingenjor\/2017\/06\/15\/nytankande-och-mod-skapar-dynamik-i-uppsalas-samhallsbyggnadsprocess\/#breadcrumb","itemListElement":[{"@type":"ListItem","position":1,"name":"Home","item":"https:\/\/framtidenskarriar.se\/ingenjor\/"},{"@type":"ListItem","position":2,"name":"Nyt\u00e4nkande och mod skapar dynamik i Uppsalas samh\u00e4llsbyggnadsprocess"}]},{"@type":"WebSite","@id":"https:\/\/framtidenskarriar.se\/ingenjor\/#website","url":"https:\/\/framtidenskarriar.se\/ingenjor\/","name":"Framtidens Karri\u00e4r - Ingenj\u00f6r","description":"Just another NMDashboard.se Sites site","potentialAction":[{"@type":"SearchAction","target":{"@type":"EntryPoint","urlTemplate":"https:\/\/framtidenskarriar.se\/ingenjor\/?s={search_term_string}"},"query-input":{"@type":"PropertyValueSpecification","valueRequired":true,"valueName":"search_term_string"}}],"inLanguage":"sv-SE"},{"@type":"Person","@id":"https:\/\/framtidenskarriar.se\/ingenjor\/#\/schema\/person\/c8a43eb855191e573b73ecf8987a3b99","name":"stellanstal","image":{"@type":"ImageObject","inLanguage":"sv-SE","@id":"https:\/\/secure.gravatar.com\/avatar\/cd330fa6bb17f598124b2068ee0b189e4fe0987a50af9d53b78410836060d0c9?s=96&d=mm&r=g","url":"https:\/\/secure.gravatar.com\/avatar\/cd330fa6bb17f598124b2068ee0b189e4fe0987a50af9d53b78410836060d0c9?s=96&d=mm&r=g","contentUrl":"https:\/\/secure.gravatar.com\/avatar\/cd330fa6bb17f598124b2068ee0b189e4fe0987a50af9d53b78410836060d0c9?s=96&d=mm&r=g","caption":"stellanstal"},"url":"https:\/\/framtidenskarriar.se\/ingenjor\/author\/stellanstal\/"}]}},"_links":{"self":[{"href":"https:\/\/framtidenskarriar.se\/ingenjor\/wp-json\/wp\/v2\/posts\/5626","targetHints":{"allow":["GET"]}}],"collection":[{"href":"https:\/\/framtidenskarriar.se\/ingenjor\/wp-json\/wp\/v2\/posts"}],"about":[{"href":"https:\/\/framtidenskarriar.se\/ingenjor\/wp-json\/wp\/v2\/types\/post"}],"author":[{"embeddable":true,"href":"https:\/\/framtidenskarriar.se\/ingenjor\/wp-json\/wp\/v2\/users\/3"}],"replies":[{"embeddable":true,"href":"https:\/\/framtidenskarriar.se\/ingenjor\/wp-json\/wp\/v2\/comments?post=5626"}],"version-history":[{"count":0,"href":"https:\/\/framtidenskarriar.se\/ingenjor\/wp-json\/wp\/v2\/posts\/5626\/revisions"}],"wp:featuredmedia":[{"embeddable":true,"href":"https:\/\/framtidenskarriar.se\/ingenjor\/wp-json\/wp\/v2\/media\/5628"}],"wp:attachment":[{"href":"https:\/\/framtidenskarriar.se\/ingenjor\/wp-json\/wp\/v2\/media?parent=5626"}],"wp:term":[{"taxonomy":"category","embeddable":true,"href":"https:\/\/framtidenskarriar.se\/ingenjor\/wp-json\/wp\/v2\/categories?post=5626"},{"taxonomy":"post_tag","embeddable":true,"href":"https:\/\/framtidenskarriar.se\/ingenjor\/wp-json\/wp\/v2\/tags?post=5626"}],"curies":[{"name":"wp","href":"https:\/\/api.w.org\/{rel}","templated":true}]}}