{"id":5638,"date":"2018-08-22T11:11:36","date_gmt":"2018-08-22T11:11:36","guid":{"rendered":"http:\/\/framtidenskarriar.se\/ingenjor\/?p=5638"},"modified":"2025-11-03T14:07:06","modified_gmt":"2025-11-03T14:07:06","slug":"utvecklas-och-bygg-ett-hallbart-samhalle-pa-skanska","status":"publish","type":"post","link":"https:\/\/framtidenskarriar.se\/ingenjor\/2018\/08\/22\/utvecklas-och-bygg-ett-hallbart-samhalle-pa-skanska\/","title":{"rendered":"Utvecklas och bygg ett h\u00e5llbart samh\u00e4lle p\u00e5 Skanska"},"content":{"rendered":"\n<figure class=\"wp-block-image alignnone size-full wp-image-5639\"><img loading=\"lazy\" decoding=\"async\" width=\"1000\" height=\"657\" src=\"https:\/\/framtidenskarriar.se\/ingenjor\/wp-content\/uploads\/sites\/14\/2017\/06\/skanska-66a8549.jpg\" alt=\"Alexandra Lauren, vice VD och aff\u00e4rsutvecklingsdirekt\u00f6r hos Skanska. Foto: Gonzalo Irigoyen\" class=\"wp-image-5639\" srcset=\"https:\/\/framtidenskarriar.se\/ingenjor\/wp-content\/uploads\/sites\/14\/2017\/06\/skanska-66a8549.jpg 1000w, https:\/\/framtidenskarriar.se\/ingenjor\/wp-content\/uploads\/sites\/14\/2017\/06\/skanska-66a8549-300x197.jpg 300w, https:\/\/framtidenskarriar.se\/ingenjor\/wp-content\/uploads\/sites\/14\/2017\/06\/skanska-66a8549-768x505.jpg 768w, https:\/\/framtidenskarriar.se\/ingenjor\/wp-content\/uploads\/sites\/14\/2017\/06\/skanska-66a8549-244x160.jpg 244w, https:\/\/framtidenskarriar.se\/ingenjor\/wp-content\/uploads\/sites\/14\/2017\/06\/skanska-66a8549-526x346.jpg 526w, https:\/\/framtidenskarriar.se\/ingenjor\/wp-content\/uploads\/sites\/14\/2017\/06\/skanska-66a8549-720x473.jpg 720w, https:\/\/framtidenskarriar.se\/ingenjor\/wp-content\/uploads\/sites\/14\/2017\/06\/skanska-66a8549-960x631.jpg 960w\" sizes=\"auto, (max-width: 1000px) 100vw, 1000px\" \/><figcaption>Alexandra Lauren, vice VD och aff\u00e4rsutvecklingsdirekt\u00f6r hos Skanska. Foto: Gonzalo Irigoyen<\/figcaption><\/figure>\n\n\n\n<p><strong>Alexandra Lauren s\u00f6kte sig till Skanska f\u00f6r att hon ville arbeta n\u00e4ra produktionen p\u00e5 ett v\u00e4rderingsdrivet f\u00f6retag med stark fokus p\u00e5 h\u00e5llbarhet. Efter snart 20 \u00e5r \u00e4r hon fortfarande kvar.<br>\u2013 Det har varit otroligt roliga och omv\u00e4xlande \u00e5r. H\u00e4r p\u00e5 Skanska satsar man verkligen p\u00e5 sina medarbetare och l\u00e5ter dem utvecklas, s\u00e4ger hon.<\/strong><\/p>\n\n\n\n<p>Alexandra, som tog sin examen som h\u00f6gskoleingenj\u00f6r i konstruktion fr\u00e5n M\u00e4lardalens h\u00f6gskola 1997, kom till Skanska Teknik 1998 f\u00f6r att arbeta med projektering och konstruktion av hus. Idag \u00e4r hon vice VD med ansvar f\u00f6r aff\u00e4rsutveckling och \u00e4r en del av Skanska Sveriges ledningsteam.<br>\u2013 Jag har haft m\u00e5nga roliga och varierande uppgifter h\u00e4r p\u00e5 Skanska och det har varit och \u00e4r fortfarande en fantastisk resa. Men jag har faktiskt aldrig haft n\u00e5gra s\u00e4rskilda karri\u00e4rm\u00e5l, utan min drivkraft har varit att utmana mig sj\u00e4lv och bidra till att utveckla f\u00f6retaget. H\u00e4r finns s\u00e5 m\u00e5nga m\u00f6jligheter och ett genuint st\u00f6d fr\u00e5n chefer och ledning. F\u00f6r den som \u00e4r intresserad av en sp\u00e4nnande och utvecklande karri\u00e4r kan jag inte t\u00e4nka mig en b\u00e4ttre arbetsplats \u00e4n Skanska, s\u00e4ger hon.<br>Efter n\u00e5gra \u00e5r p\u00e5 Skanska Teknik avancerade Alexandra till gruppchef och fick d\u00e5 lyfta blicken fr\u00e5n ett renodlat teknikfokus till \u00f6vergripande ledarskapsfr\u00e5gor. Den erfarenheten hade hon sedan nytta av n\u00e4r hon 2010 fick tj\u00e4nsten som distriktschef med ansvar f\u00f6r entreprenadverksamheten i S\u00f6rmland.<br>\u2013 Det var ett stort steg, men jag fick m\u00f6jlighet att v\u00e4xa in i rollen och k\u00e4nde mig trygg med att axla nya och ok\u00e4nda ansvarsomr\u00e5den. Ett enormt plus h\u00e4r p\u00e5 Skanska \u00e4r att h\u00e4r jobbar s\u00e5 kompetenta medarbetare som st\u00f6ttar och hj\u00e4lper varandra.<\/p>\n\n\n\n<p><strong>Samh\u00e4lle och politik<\/strong><br>Alexandra fortsatte att utmana sig sj\u00e4lv och tilltr\u00e4dde f\u00f6r fyra \u00e5r sedan en tj\u00e4nst som regionchef f\u00f6r bostadsutveckling i Stockholm. D\u00e4r kom nya dimensioner in i arbetet. Alexandra fick en mer ut\u00e5triktad roll, med mycket fokus p\u00e5 politik och samh\u00e4llskontakter.<br>\u2013 F\u00f6r mig var det ett nytt perspektiv som var otroligt sp\u00e4nnande. Skanska \u00e4r ett f\u00f6retag med stor inverkan p\u00e5 samh\u00e4llsutvecklingen och det var roligt att f\u00e5 vara med och p\u00e5verka och ta l\u00e5ngsiktiga beslut. Eftersom h\u00e5llbarhet \u00e4r en ledstj\u00e4rna f\u00f6r b\u00e5de Skanska och mig s\u00e5 var det kul att f\u00e5 arbeta med s\u00e5dana fr\u00e5gor p\u00e5 ett s\u00e4tt som verkligen g\u00f6r skillnad, ber\u00e4ttar hon.<br>Dessa olika erfarenheter har varit ov\u00e4rderliga f\u00f6r Alexandra i den roll hon nu har. Hon lyfter fram f\u00f6retagskulturen p\u00e5 Skanska och menar att den uppmuntrar medarbetarna att v\u00e5ga pr\u00f6va sina vingar i olika roller.<br>\u2013 Det \u00e4r v\u00e4ldigt prestigel\u00f6st och man hj\u00e4lper varandra, oavsett vilken funktion man har. Jag har hela tiden haft chefer som f\u00e5tt mig att v\u00e5ga l\u00e4mna komfortzonen och som har lyft fram mina styrkor och hj\u00e4lpt mig att utveckla dem. Det har varit avg\u00f6rande n\u00e4r jag blivit erbjuden nya utmaningar, s\u00e4ger hon.<\/p>\n\n\n\n<p><strong>Inkluderande kultur<\/strong><br>Hon menar att det finns en stolthet hos medarbetarna \u00f6ver att f\u00e5 vara med och bidra till att utveckla f\u00f6retaget och det samh\u00e4llsbygge som Skanska \u00e4r en vital del av. M\u00e4nniskor, milj\u00f6 och en h\u00e5llbar samh\u00e4llsutveckling \u00e4r st\u00e4ndigt i fokus liksom ansvar f\u00f6r kommande generationer. Skanska arbetar aktivt med m\u00e5ngfald och med att skapa en inkluderande f\u00f6retagskultur.<br>\u2013 Vi har en v\u00e4ldigt bra mix av m\u00e4nniskor, b\u00e5de vad g\u00e4ller bakgrund och kompetens. H\u00e4r finns det roliga karri\u00e4rm\u00f6jligheter f\u00f6r s\u00e5v\u00e4l specialister som generalister och det finns ocks\u00e5 m\u00f6jlighet till internationella uppdrag. En av de stora f\u00f6rdelarna med ett ledande, globalt f\u00f6retag \u00e4r att det finns s\u00e5 m\u00e5nga olika v\u00e4gar att g\u00e5.<br>I den \u00e5rliga F\u00f6retagsbarometern som g\u00f6rs av Universum, har Skanska flera \u00e5r i rad utsetts till branschens b\u00e4sta arbetsgivare. Skanska \u00e4r \u00e4ven ett av Sveriges b\u00e4sta f\u00f6retag att g\u00f6ra karri\u00e4r i enligt organisationen Karri\u00e4rf\u00f6retagen. Skanska rekryterar kontinuerligt civilingenj\u00f6rer och h\u00f6gskoleingenj\u00f6rer och erbjuder unika m\u00f6jligheter till kompetensutveckling, ledarskapsutbildning, internationellt utbyte och personlig utveckling.<\/p>\n\n\n\n<div class=\"wp-block-group faktaruta\"><div class=\"wp-block-group__inner-container is-layout-flow wp-block-group-is-layout-flow\">\n<h6 class=\"wp-block-heading\">Skanska<\/h6>\n\n\n\n<p>Skanska utvecklar och bygger infrastruktur, bost\u00e4der, kommersiella lokaler och projekt i offentlig-privat samverkan. Just nu med tusentals projekt i Norden, Centraleuropa, UK och USA. Vi \u00e4r stolta \u00f6ver att vara ett av v\u00e4rldens st\u00f6rsta byggf\u00f6retag. V\u00e5r framg\u00e5ng bygger p\u00e5 starka v\u00e4rderingar och att vi ska vara ledande inom h\u00e5llbarhet. V\u00e5rt lag best\u00e5r idag av 48\u00a0500 duktiga, kunniga och passionerade medarbetare, varav drygt 10\u00a0300 i Sverige. Precis som i allt annat vi g\u00f6r, utvecklar vi laget h\u00e5llbart och l\u00e5ngsiktigt.<\/p>\n\n\n\n<p>Vi vill hela tiden bli b\u00e4ttre, vi beh\u00f6ver hela tiden bli fler. \u00c4r du bra p\u00e5 det du g\u00f6r?<br><br>V\u00e4lkommen att bygga ett b\u00e4ttre samh\u00e4lle tillsammans med oss. <strong><a href=\"http:\/\/www.skanska.se\" target=\"_blank\" rel=\"noopener noreferrer\">www.skanska.se<\/a><\/strong><br><br><a href=\"http:\/\/www.skanska.se\" target=\"_blank\" rel=\"noreferrer noopener\"><img loading=\"lazy\" decoding=\"async\" width=\"150\" height=\"22\" class=\"wp-image-5640\" style=\"width: 150px;\" src=\"https:\/\/framtidenskarriar.se\/ingenjor\/wp-content\/uploads\/sites\/14\/2017\/06\/skanska-orig-logo-cmyk-534.png\" alt=\"\" srcset=\"https:\/\/framtidenskarriar.se\/ingenjor\/wp-content\/uploads\/sites\/14\/2017\/06\/skanska-orig-logo-cmyk-534.png 595w, https:\/\/framtidenskarriar.se\/ingenjor\/wp-content\/uploads\/sites\/14\/2017\/06\/skanska-orig-logo-cmyk-534-300x44.png 300w, https:\/\/framtidenskarriar.se\/ingenjor\/wp-content\/uploads\/sites\/14\/2017\/06\/skanska-orig-logo-cmyk-534-526x78.png 526w\" sizes=\"auto, (max-width: 150px) 100vw, 150px\" \/><\/a><\/p>\n<\/div><\/div>\n","protected":false},"excerpt":{"rendered":"<p>Ett v\u00e4rderingsdrivet f\u00f6retag med stark fokus p\u00e5 h\u00e5llbarhet.<\/p>\n","protected":false},"author":2,"featured_media":5639,"comment_status":"closed","ping_status":"open","sticky":false,"template":"","format":"standard","meta":{"_acf_changed":false,"_monsterinsights_skip_tracking":false,"_monsterinsights_sitenote_active":false,"_monsterinsights_sitenote_note":"","_monsterinsights_sitenote_category":0,"footnotes":""},"categories":[4],"tags":[37,41,114,212,228],"class_list":["post-5638","post","type-post","status-publish","format-standard","has-post-thumbnail","hentry","category-presentation","tag-bostader","tag-bostadsutveckling","tag-infrastruktur","tag-samhallsbyggnad","tag-skanska"],"acf":[],"yoast_head":"<!-- This site is optimized with the Yoast SEO plugin v27.3 - https:\/\/yoast.com\/product\/yoast-seo-wordpress\/ -->\n<title>Utvecklas och bygg ett h\u00e5llbart samh\u00e4lle p\u00e5 Skanska - Framtidens Karri\u00e4r - Ingenj\u00f6r<\/title>\n<meta name=\"robots\" content=\"index, follow, max-snippet:-1, max-image-preview:large, max-video-preview:-1\" \/>\n<link rel=\"canonical\" href=\"https:\/\/framtidenskarriar.se\/ingenjor\/2018\/08\/22\/utvecklas-och-bygg-ett-hallbart-samhalle-pa-skanska\/\" \/>\n<meta property=\"og:locale\" content=\"sv_SE\" \/>\n<meta property=\"og:type\" content=\"article\" \/>\n<meta property=\"og:title\" content=\"Utvecklas och bygg ett h\u00e5llbart samh\u00e4lle p\u00e5 Skanska - Framtidens Karri\u00e4r - Ingenj\u00f6r\" \/>\n<meta property=\"og:description\" content=\"Ett v\u00e4rderingsdrivet f\u00f6retag med stark fokus p\u00e5 h\u00e5llbarhet.\" \/>\n<meta property=\"og:url\" content=\"https:\/\/framtidenskarriar.se\/ingenjor\/2018\/08\/22\/utvecklas-och-bygg-ett-hallbart-samhalle-pa-skanska\/\" \/>\n<meta property=\"og:site_name\" content=\"Framtidens Karri\u00e4r - Ingenj\u00f6r\" \/>\n<meta property=\"article:published_time\" content=\"2018-08-22T11:11:36+00:00\" \/>\n<meta property=\"article:modified_time\" content=\"2025-11-03T14:07:06+00:00\" \/>\n<meta property=\"og:image\" content=\"https:\/\/framtidenskarriar.se\/ingenjor\/wp-content\/uploads\/sites\/14\/2017\/06\/skanska-66a8549.jpg\" \/>\n\t<meta property=\"og:image:width\" content=\"1000\" \/>\n\t<meta property=\"og:image:height\" content=\"657\" \/>\n\t<meta property=\"og:image:type\" content=\"image\/jpeg\" \/>\n<meta name=\"author\" content=\"viktorwallen\" \/>\n<meta name=\"twitter:card\" content=\"summary_large_image\" \/>\n<meta name=\"twitter:label1\" content=\"Skriven av\" \/>\n\t<meta name=\"twitter:data1\" content=\"viktorwallen\" \/>\n\t<meta name=\"twitter:label2\" content=\"Ber\u00e4knad l\u00e4stid\" \/>\n\t<meta name=\"twitter:data2\" content=\"5 minuter\" \/>\n<script type=\"application\/ld+json\" class=\"yoast-schema-graph\">{\"@context\":\"https:\\\/\\\/schema.org\",\"@graph\":[{\"@type\":\"Article\",\"@id\":\"https:\\\/\\\/framtidenskarriar.se\\\/ingenjor\\\/2018\\\/08\\\/22\\\/utvecklas-och-bygg-ett-hallbart-samhalle-pa-skanska\\\/#article\",\"isPartOf\":{\"@id\":\"https:\\\/\\\/framtidenskarriar.se\\\/ingenjor\\\/2018\\\/08\\\/22\\\/utvecklas-och-bygg-ett-hallbart-samhalle-pa-skanska\\\/\"},\"author\":{\"name\":\"viktorwallen\",\"@id\":\"https:\\\/\\\/framtidenskarriar.se\\\/ingenjor\\\/#\\\/schema\\\/person\\\/2a13a849ec7646386c2211f59afe3083\"},\"headline\":\"Utvecklas och bygg ett h\u00e5llbart samh\u00e4lle p\u00e5 Skanska\",\"datePublished\":\"2018-08-22T11:11:36+00:00\",\"dateModified\":\"2025-11-03T14:07:06+00:00\",\"mainEntityOfPage\":{\"@id\":\"https:\\\/\\\/framtidenskarriar.se\\\/ingenjor\\\/2018\\\/08\\\/22\\\/utvecklas-och-bygg-ett-hallbart-samhalle-pa-skanska\\\/\"},\"wordCount\":892,\"image\":{\"@id\":\"https:\\\/\\\/framtidenskarriar.se\\\/ingenjor\\\/2018\\\/08\\\/22\\\/utvecklas-och-bygg-ett-hallbart-samhalle-pa-skanska\\\/#primaryimage\"},\"thumbnailUrl\":\"https:\\\/\\\/framtidenskarriar.se\\\/ingenjor\\\/wp-content\\\/uploads\\\/sites\\\/14\\\/2017\\\/06\\\/skanska-66a8549.jpg\",\"keywords\":[\"Bost\u00e4der\",\"Bostadsutveckling\",\"Infrastruktur\",\"Samh\u00e4llsbyggnad\",\"Skanska\"],\"articleSection\":[\"Presentation\"],\"inLanguage\":\"sv-SE\"},{\"@type\":\"WebPage\",\"@id\":\"https:\\\/\\\/framtidenskarriar.se\\\/ingenjor\\\/2018\\\/08\\\/22\\\/utvecklas-och-bygg-ett-hallbart-samhalle-pa-skanska\\\/\",\"url\":\"https:\\\/\\\/framtidenskarriar.se\\\/ingenjor\\\/2018\\\/08\\\/22\\\/utvecklas-och-bygg-ett-hallbart-samhalle-pa-skanska\\\/\",\"name\":\"Utvecklas och bygg ett h\u00e5llbart samh\u00e4lle p\u00e5 Skanska - Framtidens Karri\u00e4r - Ingenj\u00f6r\",\"isPartOf\":{\"@id\":\"https:\\\/\\\/framtidenskarriar.se\\\/ingenjor\\\/#website\"},\"primaryImageOfPage\":{\"@id\":\"https:\\\/\\\/framtidenskarriar.se\\\/ingenjor\\\/2018\\\/08\\\/22\\\/utvecklas-och-bygg-ett-hallbart-samhalle-pa-skanska\\\/#primaryimage\"},\"image\":{\"@id\":\"https:\\\/\\\/framtidenskarriar.se\\\/ingenjor\\\/2018\\\/08\\\/22\\\/utvecklas-och-bygg-ett-hallbart-samhalle-pa-skanska\\\/#primaryimage\"},\"thumbnailUrl\":\"https:\\\/\\\/framtidenskarriar.se\\\/ingenjor\\\/wp-content\\\/uploads\\\/sites\\\/14\\\/2017\\\/06\\\/skanska-66a8549.jpg\",\"datePublished\":\"2018-08-22T11:11:36+00:00\",\"dateModified\":\"2025-11-03T14:07:06+00:00\",\"author\":{\"@id\":\"https:\\\/\\\/framtidenskarriar.se\\\/ingenjor\\\/#\\\/schema\\\/person\\\/2a13a849ec7646386c2211f59afe3083\"},\"breadcrumb\":{\"@id\":\"https:\\\/\\\/framtidenskarriar.se\\\/ingenjor\\\/2018\\\/08\\\/22\\\/utvecklas-och-bygg-ett-hallbart-samhalle-pa-skanska\\\/#breadcrumb\"},\"inLanguage\":\"sv-SE\",\"potentialAction\":[{\"@type\":\"ReadAction\",\"target\":[\"https:\\\/\\\/framtidenskarriar.se\\\/ingenjor\\\/2018\\\/08\\\/22\\\/utvecklas-och-bygg-ett-hallbart-samhalle-pa-skanska\\\/\"]}]},{\"@type\":\"ImageObject\",\"inLanguage\":\"sv-SE\",\"@id\":\"https:\\\/\\\/framtidenskarriar.se\\\/ingenjor\\\/2018\\\/08\\\/22\\\/utvecklas-och-bygg-ett-hallbart-samhalle-pa-skanska\\\/#primaryimage\",\"url\":\"https:\\\/\\\/framtidenskarriar.se\\\/ingenjor\\\/wp-content\\\/uploads\\\/sites\\\/14\\\/2017\\\/06\\\/skanska-66a8549.jpg\",\"contentUrl\":\"https:\\\/\\\/framtidenskarriar.se\\\/ingenjor\\\/wp-content\\\/uploads\\\/sites\\\/14\\\/2017\\\/06\\\/skanska-66a8549.jpg\",\"width\":1000,\"height\":657,\"caption\":\"Alexandra Lauren, vice VD och aff\u00e4rsutvecklingsdirekt\u00f6r hos Skanska. Foto: Gonzalo Irigoyen\"},{\"@type\":\"BreadcrumbList\",\"@id\":\"https:\\\/\\\/framtidenskarriar.se\\\/ingenjor\\\/2018\\\/08\\\/22\\\/utvecklas-och-bygg-ett-hallbart-samhalle-pa-skanska\\\/#breadcrumb\",\"itemListElement\":[{\"@type\":\"ListItem\",\"position\":1,\"name\":\"Home\",\"item\":\"https:\\\/\\\/framtidenskarriar.se\\\/ingenjor\\\/\"},{\"@type\":\"ListItem\",\"position\":2,\"name\":\"Utvecklas och bygg ett h\u00e5llbart samh\u00e4lle p\u00e5 Skanska\"}]},{\"@type\":\"WebSite\",\"@id\":\"https:\\\/\\\/framtidenskarriar.se\\\/ingenjor\\\/#website\",\"url\":\"https:\\\/\\\/framtidenskarriar.se\\\/ingenjor\\\/\",\"name\":\"Framtidens Karri\u00e4r - Ingenj\u00f6r\",\"description\":\"Just another NMDashboard.se Sites site\",\"potentialAction\":[{\"@type\":\"SearchAction\",\"target\":{\"@type\":\"EntryPoint\",\"urlTemplate\":\"https:\\\/\\\/framtidenskarriar.se\\\/ingenjor\\\/?s={search_term_string}\"},\"query-input\":{\"@type\":\"PropertyValueSpecification\",\"valueRequired\":true,\"valueName\":\"search_term_string\"}}],\"inLanguage\":\"sv-SE\"},{\"@type\":\"Person\",\"@id\":\"https:\\\/\\\/framtidenskarriar.se\\\/ingenjor\\\/#\\\/schema\\\/person\\\/2a13a849ec7646386c2211f59afe3083\",\"name\":\"viktorwallen\",\"image\":{\"@type\":\"ImageObject\",\"inLanguage\":\"sv-SE\",\"@id\":\"https:\\\/\\\/secure.gravatar.com\\\/avatar\\\/701701bd36169636031933997c8c6b954f2f635bbb7cd4802e4a007f9c9f4e59?s=96&d=mm&r=g\",\"url\":\"https:\\\/\\\/secure.gravatar.com\\\/avatar\\\/701701bd36169636031933997c8c6b954f2f635bbb7cd4802e4a007f9c9f4e59?s=96&d=mm&r=g\",\"contentUrl\":\"https:\\\/\\\/secure.gravatar.com\\\/avatar\\\/701701bd36169636031933997c8c6b954f2f635bbb7cd4802e4a007f9c9f4e59?s=96&d=mm&r=g\",\"caption\":\"viktorwallen\"},\"url\":\"https:\\\/\\\/framtidenskarriar.se\\\/ingenjor\\\/author\\\/viktorwallen\\\/\"}]}<\/script>\n<!-- \/ Yoast SEO plugin. -->","yoast_head_json":{"title":"Utvecklas och bygg ett h\u00e5llbart samh\u00e4lle p\u00e5 Skanska - Framtidens Karri\u00e4r - Ingenj\u00f6r","robots":{"index":"index","follow":"follow","max-snippet":"max-snippet:-1","max-image-preview":"max-image-preview:large","max-video-preview":"max-video-preview:-1"},"canonical":"https:\/\/framtidenskarriar.se\/ingenjor\/2018\/08\/22\/utvecklas-och-bygg-ett-hallbart-samhalle-pa-skanska\/","og_locale":"sv_SE","og_type":"article","og_title":"Utvecklas och bygg ett h\u00e5llbart samh\u00e4lle p\u00e5 Skanska - Framtidens Karri\u00e4r - Ingenj\u00f6r","og_description":"Ett v\u00e4rderingsdrivet f\u00f6retag med stark fokus p\u00e5 h\u00e5llbarhet.","og_url":"https:\/\/framtidenskarriar.se\/ingenjor\/2018\/08\/22\/utvecklas-och-bygg-ett-hallbart-samhalle-pa-skanska\/","og_site_name":"Framtidens Karri\u00e4r - Ingenj\u00f6r","article_published_time":"2018-08-22T11:11:36+00:00","article_modified_time":"2025-11-03T14:07:06+00:00","og_image":[{"width":1000,"height":657,"url":"https:\/\/framtidenskarriar.se\/ingenjor\/wp-content\/uploads\/sites\/14\/2017\/06\/skanska-66a8549.jpg","type":"image\/jpeg"}],"author":"viktorwallen","twitter_card":"summary_large_image","twitter_misc":{"Skriven av":"viktorwallen","Ber\u00e4knad l\u00e4stid":"5 minuter"},"schema":{"@context":"https:\/\/schema.org","@graph":[{"@type":"Article","@id":"https:\/\/framtidenskarriar.se\/ingenjor\/2018\/08\/22\/utvecklas-och-bygg-ett-hallbart-samhalle-pa-skanska\/#article","isPartOf":{"@id":"https:\/\/framtidenskarriar.se\/ingenjor\/2018\/08\/22\/utvecklas-och-bygg-ett-hallbart-samhalle-pa-skanska\/"},"author":{"name":"viktorwallen","@id":"https:\/\/framtidenskarriar.se\/ingenjor\/#\/schema\/person\/2a13a849ec7646386c2211f59afe3083"},"headline":"Utvecklas och bygg ett h\u00e5llbart samh\u00e4lle p\u00e5 Skanska","datePublished":"2018-08-22T11:11:36+00:00","dateModified":"2025-11-03T14:07:06+00:00","mainEntityOfPage":{"@id":"https:\/\/framtidenskarriar.se\/ingenjor\/2018\/08\/22\/utvecklas-och-bygg-ett-hallbart-samhalle-pa-skanska\/"},"wordCount":892,"image":{"@id":"https:\/\/framtidenskarriar.se\/ingenjor\/2018\/08\/22\/utvecklas-och-bygg-ett-hallbart-samhalle-pa-skanska\/#primaryimage"},"thumbnailUrl":"https:\/\/framtidenskarriar.se\/ingenjor\/wp-content\/uploads\/sites\/14\/2017\/06\/skanska-66a8549.jpg","keywords":["Bost\u00e4der","Bostadsutveckling","Infrastruktur","Samh\u00e4llsbyggnad","Skanska"],"articleSection":["Presentation"],"inLanguage":"sv-SE"},{"@type":"WebPage","@id":"https:\/\/framtidenskarriar.se\/ingenjor\/2018\/08\/22\/utvecklas-och-bygg-ett-hallbart-samhalle-pa-skanska\/","url":"https:\/\/framtidenskarriar.se\/ingenjor\/2018\/08\/22\/utvecklas-och-bygg-ett-hallbart-samhalle-pa-skanska\/","name":"Utvecklas och bygg ett h\u00e5llbart samh\u00e4lle p\u00e5 Skanska - Framtidens Karri\u00e4r - Ingenj\u00f6r","isPartOf":{"@id":"https:\/\/framtidenskarriar.se\/ingenjor\/#website"},"primaryImageOfPage":{"@id":"https:\/\/framtidenskarriar.se\/ingenjor\/2018\/08\/22\/utvecklas-och-bygg-ett-hallbart-samhalle-pa-skanska\/#primaryimage"},"image":{"@id":"https:\/\/framtidenskarriar.se\/ingenjor\/2018\/08\/22\/utvecklas-och-bygg-ett-hallbart-samhalle-pa-skanska\/#primaryimage"},"thumbnailUrl":"https:\/\/framtidenskarriar.se\/ingenjor\/wp-content\/uploads\/sites\/14\/2017\/06\/skanska-66a8549.jpg","datePublished":"2018-08-22T11:11:36+00:00","dateModified":"2025-11-03T14:07:06+00:00","author":{"@id":"https:\/\/framtidenskarriar.se\/ingenjor\/#\/schema\/person\/2a13a849ec7646386c2211f59afe3083"},"breadcrumb":{"@id":"https:\/\/framtidenskarriar.se\/ingenjor\/2018\/08\/22\/utvecklas-och-bygg-ett-hallbart-samhalle-pa-skanska\/#breadcrumb"},"inLanguage":"sv-SE","potentialAction":[{"@type":"ReadAction","target":["https:\/\/framtidenskarriar.se\/ingenjor\/2018\/08\/22\/utvecklas-och-bygg-ett-hallbart-samhalle-pa-skanska\/"]}]},{"@type":"ImageObject","inLanguage":"sv-SE","@id":"https:\/\/framtidenskarriar.se\/ingenjor\/2018\/08\/22\/utvecklas-och-bygg-ett-hallbart-samhalle-pa-skanska\/#primaryimage","url":"https:\/\/framtidenskarriar.se\/ingenjor\/wp-content\/uploads\/sites\/14\/2017\/06\/skanska-66a8549.jpg","contentUrl":"https:\/\/framtidenskarriar.se\/ingenjor\/wp-content\/uploads\/sites\/14\/2017\/06\/skanska-66a8549.jpg","width":1000,"height":657,"caption":"Alexandra Lauren, vice VD och aff\u00e4rsutvecklingsdirekt\u00f6r hos Skanska. Foto: Gonzalo Irigoyen"},{"@type":"BreadcrumbList","@id":"https:\/\/framtidenskarriar.se\/ingenjor\/2018\/08\/22\/utvecklas-och-bygg-ett-hallbart-samhalle-pa-skanska\/#breadcrumb","itemListElement":[{"@type":"ListItem","position":1,"name":"Home","item":"https:\/\/framtidenskarriar.se\/ingenjor\/"},{"@type":"ListItem","position":2,"name":"Utvecklas och bygg ett h\u00e5llbart samh\u00e4lle p\u00e5 Skanska"}]},{"@type":"WebSite","@id":"https:\/\/framtidenskarriar.se\/ingenjor\/#website","url":"https:\/\/framtidenskarriar.se\/ingenjor\/","name":"Framtidens Karri\u00e4r - Ingenj\u00f6r","description":"Just another NMDashboard.se Sites site","potentialAction":[{"@type":"SearchAction","target":{"@type":"EntryPoint","urlTemplate":"https:\/\/framtidenskarriar.se\/ingenjor\/?s={search_term_string}"},"query-input":{"@type":"PropertyValueSpecification","valueRequired":true,"valueName":"search_term_string"}}],"inLanguage":"sv-SE"},{"@type":"Person","@id":"https:\/\/framtidenskarriar.se\/ingenjor\/#\/schema\/person\/2a13a849ec7646386c2211f59afe3083","name":"viktorwallen","image":{"@type":"ImageObject","inLanguage":"sv-SE","@id":"https:\/\/secure.gravatar.com\/avatar\/701701bd36169636031933997c8c6b954f2f635bbb7cd4802e4a007f9c9f4e59?s=96&d=mm&r=g","url":"https:\/\/secure.gravatar.com\/avatar\/701701bd36169636031933997c8c6b954f2f635bbb7cd4802e4a007f9c9f4e59?s=96&d=mm&r=g","contentUrl":"https:\/\/secure.gravatar.com\/avatar\/701701bd36169636031933997c8c6b954f2f635bbb7cd4802e4a007f9c9f4e59?s=96&d=mm&r=g","caption":"viktorwallen"},"url":"https:\/\/framtidenskarriar.se\/ingenjor\/author\/viktorwallen\/"}]}},"_links":{"self":[{"href":"https:\/\/framtidenskarriar.se\/ingenjor\/wp-json\/wp\/v2\/posts\/5638","targetHints":{"allow":["GET"]}}],"collection":[{"href":"https:\/\/framtidenskarriar.se\/ingenjor\/wp-json\/wp\/v2\/posts"}],"about":[{"href":"https:\/\/framtidenskarriar.se\/ingenjor\/wp-json\/wp\/v2\/types\/post"}],"author":[{"embeddable":true,"href":"https:\/\/framtidenskarriar.se\/ingenjor\/wp-json\/wp\/v2\/users\/2"}],"replies":[{"embeddable":true,"href":"https:\/\/framtidenskarriar.se\/ingenjor\/wp-json\/wp\/v2\/comments?post=5638"}],"version-history":[{"count":4,"href":"https:\/\/framtidenskarriar.se\/ingenjor\/wp-json\/wp\/v2\/posts\/5638\/revisions"}],"predecessor-version":[{"id":6674,"href":"https:\/\/framtidenskarriar.se\/ingenjor\/wp-json\/wp\/v2\/posts\/5638\/revisions\/6674"}],"wp:featuredmedia":[{"embeddable":true,"href":"https:\/\/framtidenskarriar.se\/ingenjor\/wp-json\/wp\/v2\/media\/5639"}],"wp:attachment":[{"href":"https:\/\/framtidenskarriar.se\/ingenjor\/wp-json\/wp\/v2\/media?parent=5638"}],"wp:term":[{"taxonomy":"category","embeddable":true,"href":"https:\/\/framtidenskarriar.se\/ingenjor\/wp-json\/wp\/v2\/categories?post=5638"},{"taxonomy":"post_tag","embeddable":true,"href":"https:\/\/framtidenskarriar.se\/ingenjor\/wp-json\/wp\/v2\/tags?post=5638"}],"curies":[{"name":"wp","href":"https:\/\/api.w.org\/{rel}","templated":true}]}}