{"id":5673,"date":"2017-06-15T14:32:06","date_gmt":"2017-06-15T12:32:06","guid":{"rendered":"http:\/\/framtidenskarriar.se\/ingenjor\/?p=5673"},"modified":"2017-06-15T14:32:06","modified_gmt":"2017-06-15T12:32:06","slug":"arbeta-for-svensk-innovationskraft-pa-prv","status":"publish","type":"post","link":"https:\/\/framtidenskarriar.se\/ingenjor\/2017\/06\/15\/arbeta-for-svensk-innovationskraft-pa-prv\/","title":{"rendered":"Arbeta f\u00f6r svensk innovationskraft p\u00e5 PRV"},"content":{"rendered":"<p><figure id=\"attachment_5674\" aria-describedby=\"caption-attachment-5674\" style=\"width: 1000px\" class=\"wp-caption alignnone\"><img loading=\"lazy\" decoding=\"async\" src=\"https:\/\/framtidenskarriar.se\/ingenjor\/wp-content\/uploads\/sites\/14\/2017\/06\/prv-dsc9371.jpg\" alt=\"Maziar Soltani och Jessy Karout hos PRV. Foto: Patrik Lindqvist\" width=\"1000\" height=\"678\" class=\"size-full wp-image-5674\" srcset=\"https:\/\/framtidenskarriar.se\/ingenjor\/wp-content\/uploads\/sites\/14\/2017\/06\/prv-dsc9371.jpg 1000w, https:\/\/framtidenskarriar.se\/ingenjor\/wp-content\/uploads\/sites\/14\/2017\/06\/prv-dsc9371-300x203.jpg 300w, https:\/\/framtidenskarriar.se\/ingenjor\/wp-content\/uploads\/sites\/14\/2017\/06\/prv-dsc9371-768x521.jpg 768w, https:\/\/framtidenskarriar.se\/ingenjor\/wp-content\/uploads\/sites\/14\/2017\/06\/prv-dsc9371-236x160.jpg 236w, https:\/\/framtidenskarriar.se\/ingenjor\/wp-content\/uploads\/sites\/14\/2017\/06\/prv-dsc9371-526x357.jpg 526w, https:\/\/framtidenskarriar.se\/ingenjor\/wp-content\/uploads\/sites\/14\/2017\/06\/prv-dsc9371-720x488.jpg 720w, https:\/\/framtidenskarriar.se\/ingenjor\/wp-content\/uploads\/sites\/14\/2017\/06\/prv-dsc9371-960x651.jpg 960w\" sizes=\"auto, (max-width: 1000px) 100vw, 1000px\" \/><figcaption id=\"caption-attachment-5674\" class=\"wp-caption-text\">Maziar Soltani och Jessy Karout hos PRV. Foto: Patrik Lindqvist<\/figcaption><\/figure><strong>\u00c4r du intresserad av teknisk utveckling och juridik i ett st\u00f6rre sammanhang? Patent- och registr\u00aderingsverket erbjuder sp\u00e4nnande karri\u00e4rm\u00f6jligheter f\u00f6r ingenj\u00f6rer som vill arbeta i en kunskapsintensiv organisation d\u00e4r man har starkt fokus p\u00e5 kompetensutveckling.<\/strong><\/p>\n<p>Patent- och registreringsverket, PRV, \u00e4r Sveriges myndighet f\u00f6r immaterialr\u00e4tt och myndigheten \u00e4r en grundpelare i arbetet med att fr\u00e4mja och st\u00e4rka tillv\u00e4xt, innovationsf\u00f6rm\u00e5ga och konkurrenskraft. Att jobba som patentingenj\u00f6r p\u00e5 PRV inneb\u00e4r utmanande uppgifter i teknikens framkant.<br \/>\n\u2013 Det \u00e4r ett otroligt sp\u00e4nnande, brett och omv\u00e4xlande jobb. H\u00e4r har man m\u00f6jlighet att ta del av teknik och in\u00adnovationer i den absoluta framkanten, samtidigt som man arbetar med juridiska fr\u00e5gor och samh\u00e4llsutveckling i stort, s\u00e4ger blivande patentingenj\u00f6ren Jessy Karout. Hon blev intresserad av patentfr\u00e5gor under sitt examensjobb och kom till PRV direkt efter sin examen i bioteknik\/medicinsk teknik fr\u00e5n Chalmers tekniska h\u00f6gskola f\u00f6rra v\u00e5ren.<br \/>\nJessy befinner sig f\u00f6r n\u00e4rvarande mitt i det 18 m\u00e5nader l\u00e5nga utbildningsprogrammet till patentingenj\u00f6r som alla nyrekryterade ingenj\u00f6rer f\u00e5r g\u00e5. Det \u00e4r en unik utbildning som omfattar bland annat juridik och granskningsteknik. D\u00e4refter finns m\u00f6jlighet att utbilda sig till patentexpert.<br \/>\n\u2013 PRV investerar oerh\u00f6rt mycket i sin personal och man blir enormt v\u00e4l omh\u00e4ndertagen. F\u00f6rutom den grundl\u00e4ggande utbildningen till patentingenj\u00f6r finns v\u00e4ldigt m\u00e5nga andra interna och externa kompetensutvecklingsm\u00f6jligheter. Det finns en utvecklingsplan f\u00f6r alla, s\u00e4ger hon.<\/p>\n<p><strong>Olika karri\u00e4rsp\u00e5r<\/strong><br \/>\nMaziar Soltani, som har arbetat p\u00e5 PRV sedan 2006, inst\u00e4mmer. Han arbetar idag som enhetschef p\u00e5 telekomavdelningen, men har haft en rad olika funktioner under sina drygt tio \u00e5r p\u00e5 myndigheten. F\u00f6r honom var PRV ett sj\u00e4lvklart val n\u00e4r han tog sin examen i telekom och signalbehandling fr\u00e5n Blekinge tekniska h\u00f6gskola.<br \/>\n\u2013 Jag \u00e4r enormt teknikintresserad, men ist\u00e4llet f\u00f6r att jobba med den till\u00e4mpade, praktiska sidan vill jag arbeta med teknisk utveckling i en bredare kontext. Det \u00e4r sp\u00e4nnande att jobba med de stora framtidsfr\u00e5gorna om hur Sverige och svensk konkurrenskraft ska utvecklas, s\u00e4ger han och till\u00e4gger:<br \/>\n\u2013 H\u00e4r finns m\u00f6jlighet att arbeta ut\u00e5triktat med utbildning och information till f\u00f6retag och akademi, att l\u00e4ra sig ledarskap eller att f\u00f6rdjupa sig i juridik och teknik, mer p\u00e5 detaljniv\u00e5. Det finns s\u00e5 m\u00e5nga olika karri\u00e4rsp\u00e5r och en stark vilja fr\u00e5n chefer och ledning att st\u00f6tta och uppmuntra medarbetarna. Dessutom \u00e4r kompetensen v\u00e4ldigt h\u00f6g och vi har en bra mix av olika m\u00e4nniskor.<\/p>\n<div class=\"faktaruta-title\">Patent- och registreringsverket<\/div><div class=\"faktaruta\">Patent- och registreringsverket, PRV, \u00e4r en statlig myndighet som arbetar med immaterialr\u00e4tt, vilket inneb\u00e4r att arbeta med nya id\u00e9er i teknikens och utvecklingens framkant f\u00f6r att s\u00e4kra Sveriges tillv\u00e4xt och konkurrenskraft. Myndigheten arbetar ocks\u00e5 f\u00f6r att \u00f6ka kunskapen om och f\u00f6rst\u00e5elsen f\u00f6r v\u00e4rdet av immateriella tillg\u00e5ngar. Myndigheten har cirka 350 anst\u00e4llda och h\u00e4r arbetar bland annat patentingenj\u00f6rer, jurister, varum\u00e4rkeshandl\u00e4ggare och kommunikat\u00f6rer.<br \/>\n<strong><a href=\"http:\/\/www.prv.se\" target=\"_blank\" rel=\"noopener noreferrer\">www.prv.se<\/a><\/strong><\/br><br \/>\n<a href=\"http:\/\/www.prv.se\"><img loading=\"lazy\" decoding=\"async\" src=\"http:\/\/framtidenskarriar.se\/ingenjor\/wp-content\/uploads\/2017\/06\/prv_logo-530x215.png\" alt=\"www.prv.se\" width=\"232\" height=\"94\" class=\"alignnone size-large wp-image-5675\" \/><\/a><\/div>\n","protected":false},"excerpt":{"rendered":"<p>\u00c4r du intresserad av teknisk utveckling och juridik i ett st\u00f6rre sammanhang? Patent- och registr\u00aderingsverket&#8230;<\/p>\n","protected":false},"author":3,"featured_media":5674,"comment_status":"closed","ping_status":"open","sticky":false,"template":"","format":"standard","meta":{"_acf_changed":false,"_monsterinsights_skip_tracking":false,"_monsterinsights_sitenote_active":false,"_monsterinsights_sitenote_note":"","_monsterinsights_sitenote_category":0,"footnotes":""},"categories":[4],"tags":[106,109,117,187,188,199],"class_list":["post-5673","post","type-post","status-publish","format-standard","has-post-thumbnail","hentry","category-presentation","tag-hogteknologi","tag-immaterialratt","tag-innovation","tag-patent","tag-patent-och-registreringsverket","tag-prv"],"acf":[],"yoast_head":"<!-- This site is optimized with the Yoast SEO plugin v27.3 - https:\/\/yoast.com\/product\/yoast-seo-wordpress\/ -->\n<title>Arbeta f\u00f6r svensk innovationskraft p\u00e5 PRV - Framtidens Karri\u00e4r - Ingenj\u00f6r<\/title>\n<meta name=\"robots\" content=\"index, follow, max-snippet:-1, max-image-preview:large, max-video-preview:-1\" \/>\n<link rel=\"canonical\" href=\"https:\/\/framtidenskarriar.se\/ingenjor\/2017\/06\/15\/arbeta-for-svensk-innovationskraft-pa-prv\/\" \/>\n<meta property=\"og:locale\" content=\"sv_SE\" \/>\n<meta property=\"og:type\" content=\"article\" \/>\n<meta property=\"og:title\" content=\"Arbeta f\u00f6r svensk innovationskraft p\u00e5 PRV - Framtidens Karri\u00e4r - Ingenj\u00f6r\" \/>\n<meta property=\"og:description\" content=\"\u00c4r du intresserad av teknisk utveckling och juridik i ett st\u00f6rre sammanhang? Patent- och registr\u00aderingsverket...\" \/>\n<meta property=\"og:url\" content=\"https:\/\/framtidenskarriar.se\/ingenjor\/2017\/06\/15\/arbeta-for-svensk-innovationskraft-pa-prv\/\" \/>\n<meta property=\"og:site_name\" content=\"Framtidens Karri\u00e4r - Ingenj\u00f6r\" \/>\n<meta property=\"article:published_time\" content=\"2017-06-15T12:32:06+00:00\" \/>\n<meta property=\"og:image\" content=\"https:\/\/framtidenskarriar.se\/ingenjor\/wp-content\/uploads\/sites\/14\/2017\/06\/prv-dsc9371.jpg\" \/>\n\t<meta property=\"og:image:width\" content=\"1000\" \/>\n\t<meta property=\"og:image:height\" content=\"678\" \/>\n\t<meta property=\"og:image:type\" content=\"image\/jpeg\" \/>\n<meta name=\"author\" content=\"stellanstal\" \/>\n<meta name=\"twitter:card\" content=\"summary_large_image\" \/>\n<meta name=\"twitter:label1\" content=\"Skriven av\" \/>\n\t<meta name=\"twitter:data1\" content=\"stellanstal\" \/>\n\t<meta name=\"twitter:label2\" content=\"Ber\u00e4knad l\u00e4stid\" \/>\n\t<meta name=\"twitter:data2\" content=\"3 minuter\" \/>\n<script type=\"application\/ld+json\" class=\"yoast-schema-graph\">{\"@context\":\"https:\\\/\\\/schema.org\",\"@graph\":[{\"@type\":\"Article\",\"@id\":\"https:\\\/\\\/framtidenskarriar.se\\\/ingenjor\\\/2017\\\/06\\\/15\\\/arbeta-for-svensk-innovationskraft-pa-prv\\\/#article\",\"isPartOf\":{\"@id\":\"https:\\\/\\\/framtidenskarriar.se\\\/ingenjor\\\/2017\\\/06\\\/15\\\/arbeta-for-svensk-innovationskraft-pa-prv\\\/\"},\"author\":{\"name\":\"stellanstal\",\"@id\":\"https:\\\/\\\/framtidenskarriar.se\\\/ingenjor\\\/#\\\/schema\\\/person\\\/c8a43eb855191e573b73ecf8987a3b99\"},\"headline\":\"Arbeta f\u00f6r svensk innovationskraft p\u00e5 PRV\",\"datePublished\":\"2017-06-15T12:32:06+00:00\",\"mainEntityOfPage\":{\"@id\":\"https:\\\/\\\/framtidenskarriar.se\\\/ingenjor\\\/2017\\\/06\\\/15\\\/arbeta-for-svensk-innovationskraft-pa-prv\\\/\"},\"wordCount\":561,\"image\":{\"@id\":\"https:\\\/\\\/framtidenskarriar.se\\\/ingenjor\\\/2017\\\/06\\\/15\\\/arbeta-for-svensk-innovationskraft-pa-prv\\\/#primaryimage\"},\"thumbnailUrl\":\"https:\\\/\\\/framtidenskarriar.se\\\/ingenjor\\\/wp-content\\\/uploads\\\/sites\\\/14\\\/2017\\\/06\\\/prv-dsc9371.jpg\",\"keywords\":[\"H\u00f6gteknologi\",\"Immaterialr\u00e4tt\",\"Innovation\",\"Patent\",\"Patent- och registreringsverket\",\"PRV\"],\"articleSection\":[\"Presentation\"],\"inLanguage\":\"sv-SE\"},{\"@type\":\"WebPage\",\"@id\":\"https:\\\/\\\/framtidenskarriar.se\\\/ingenjor\\\/2017\\\/06\\\/15\\\/arbeta-for-svensk-innovationskraft-pa-prv\\\/\",\"url\":\"https:\\\/\\\/framtidenskarriar.se\\\/ingenjor\\\/2017\\\/06\\\/15\\\/arbeta-for-svensk-innovationskraft-pa-prv\\\/\",\"name\":\"Arbeta f\u00f6r svensk innovationskraft p\u00e5 PRV - Framtidens Karri\u00e4r - Ingenj\u00f6r\",\"isPartOf\":{\"@id\":\"https:\\\/\\\/framtidenskarriar.se\\\/ingenjor\\\/#website\"},\"primaryImageOfPage\":{\"@id\":\"https:\\\/\\\/framtidenskarriar.se\\\/ingenjor\\\/2017\\\/06\\\/15\\\/arbeta-for-svensk-innovationskraft-pa-prv\\\/#primaryimage\"},\"image\":{\"@id\":\"https:\\\/\\\/framtidenskarriar.se\\\/ingenjor\\\/2017\\\/06\\\/15\\\/arbeta-for-svensk-innovationskraft-pa-prv\\\/#primaryimage\"},\"thumbnailUrl\":\"https:\\\/\\\/framtidenskarriar.se\\\/ingenjor\\\/wp-content\\\/uploads\\\/sites\\\/14\\\/2017\\\/06\\\/prv-dsc9371.jpg\",\"datePublished\":\"2017-06-15T12:32:06+00:00\",\"author\":{\"@id\":\"https:\\\/\\\/framtidenskarriar.se\\\/ingenjor\\\/#\\\/schema\\\/person\\\/c8a43eb855191e573b73ecf8987a3b99\"},\"breadcrumb\":{\"@id\":\"https:\\\/\\\/framtidenskarriar.se\\\/ingenjor\\\/2017\\\/06\\\/15\\\/arbeta-for-svensk-innovationskraft-pa-prv\\\/#breadcrumb\"},\"inLanguage\":\"sv-SE\",\"potentialAction\":[{\"@type\":\"ReadAction\",\"target\":[\"https:\\\/\\\/framtidenskarriar.se\\\/ingenjor\\\/2017\\\/06\\\/15\\\/arbeta-for-svensk-innovationskraft-pa-prv\\\/\"]}]},{\"@type\":\"ImageObject\",\"inLanguage\":\"sv-SE\",\"@id\":\"https:\\\/\\\/framtidenskarriar.se\\\/ingenjor\\\/2017\\\/06\\\/15\\\/arbeta-for-svensk-innovationskraft-pa-prv\\\/#primaryimage\",\"url\":\"https:\\\/\\\/framtidenskarriar.se\\\/ingenjor\\\/wp-content\\\/uploads\\\/sites\\\/14\\\/2017\\\/06\\\/prv-dsc9371.jpg\",\"contentUrl\":\"https:\\\/\\\/framtidenskarriar.se\\\/ingenjor\\\/wp-content\\\/uploads\\\/sites\\\/14\\\/2017\\\/06\\\/prv-dsc9371.jpg\",\"width\":1000,\"height\":678,\"caption\":\"Maziar Soltani och Jessy Karout hos PRV. Foto: Patrik Lindqvist\"},{\"@type\":\"BreadcrumbList\",\"@id\":\"https:\\\/\\\/framtidenskarriar.se\\\/ingenjor\\\/2017\\\/06\\\/15\\\/arbeta-for-svensk-innovationskraft-pa-prv\\\/#breadcrumb\",\"itemListElement\":[{\"@type\":\"ListItem\",\"position\":1,\"name\":\"Home\",\"item\":\"https:\\\/\\\/framtidenskarriar.se\\\/ingenjor\\\/\"},{\"@type\":\"ListItem\",\"position\":2,\"name\":\"Arbeta f\u00f6r svensk innovationskraft p\u00e5 PRV\"}]},{\"@type\":\"WebSite\",\"@id\":\"https:\\\/\\\/framtidenskarriar.se\\\/ingenjor\\\/#website\",\"url\":\"https:\\\/\\\/framtidenskarriar.se\\\/ingenjor\\\/\",\"name\":\"Framtidens Karri\u00e4r - Ingenj\u00f6r\",\"description\":\"Just another NMDashboard.se Sites site\",\"potentialAction\":[{\"@type\":\"SearchAction\",\"target\":{\"@type\":\"EntryPoint\",\"urlTemplate\":\"https:\\\/\\\/framtidenskarriar.se\\\/ingenjor\\\/?s={search_term_string}\"},\"query-input\":{\"@type\":\"PropertyValueSpecification\",\"valueRequired\":true,\"valueName\":\"search_term_string\"}}],\"inLanguage\":\"sv-SE\"},{\"@type\":\"Person\",\"@id\":\"https:\\\/\\\/framtidenskarriar.se\\\/ingenjor\\\/#\\\/schema\\\/person\\\/c8a43eb855191e573b73ecf8987a3b99\",\"name\":\"stellanstal\",\"image\":{\"@type\":\"ImageObject\",\"inLanguage\":\"sv-SE\",\"@id\":\"https:\\\/\\\/secure.gravatar.com\\\/avatar\\\/cd330fa6bb17f598124b2068ee0b189e4fe0987a50af9d53b78410836060d0c9?s=96&d=mm&r=g\",\"url\":\"https:\\\/\\\/secure.gravatar.com\\\/avatar\\\/cd330fa6bb17f598124b2068ee0b189e4fe0987a50af9d53b78410836060d0c9?s=96&d=mm&r=g\",\"contentUrl\":\"https:\\\/\\\/secure.gravatar.com\\\/avatar\\\/cd330fa6bb17f598124b2068ee0b189e4fe0987a50af9d53b78410836060d0c9?s=96&d=mm&r=g\",\"caption\":\"stellanstal\"},\"url\":\"https:\\\/\\\/framtidenskarriar.se\\\/ingenjor\\\/author\\\/stellanstal\\\/\"}]}<\/script>\n<!-- \/ Yoast SEO plugin. -->","yoast_head_json":{"title":"Arbeta f\u00f6r svensk innovationskraft p\u00e5 PRV - Framtidens Karri\u00e4r - Ingenj\u00f6r","robots":{"index":"index","follow":"follow","max-snippet":"max-snippet:-1","max-image-preview":"max-image-preview:large","max-video-preview":"max-video-preview:-1"},"canonical":"https:\/\/framtidenskarriar.se\/ingenjor\/2017\/06\/15\/arbeta-for-svensk-innovationskraft-pa-prv\/","og_locale":"sv_SE","og_type":"article","og_title":"Arbeta f\u00f6r svensk innovationskraft p\u00e5 PRV - Framtidens Karri\u00e4r - Ingenj\u00f6r","og_description":"\u00c4r du intresserad av teknisk utveckling och juridik i ett st\u00f6rre sammanhang? Patent- och registr\u00aderingsverket...","og_url":"https:\/\/framtidenskarriar.se\/ingenjor\/2017\/06\/15\/arbeta-for-svensk-innovationskraft-pa-prv\/","og_site_name":"Framtidens Karri\u00e4r - Ingenj\u00f6r","article_published_time":"2017-06-15T12:32:06+00:00","og_image":[{"width":1000,"height":678,"url":"https:\/\/framtidenskarriar.se\/ingenjor\/wp-content\/uploads\/sites\/14\/2017\/06\/prv-dsc9371.jpg","type":"image\/jpeg"}],"author":"stellanstal","twitter_card":"summary_large_image","twitter_misc":{"Skriven av":"stellanstal","Ber\u00e4knad l\u00e4stid":"3 minuter"},"schema":{"@context":"https:\/\/schema.org","@graph":[{"@type":"Article","@id":"https:\/\/framtidenskarriar.se\/ingenjor\/2017\/06\/15\/arbeta-for-svensk-innovationskraft-pa-prv\/#article","isPartOf":{"@id":"https:\/\/framtidenskarriar.se\/ingenjor\/2017\/06\/15\/arbeta-for-svensk-innovationskraft-pa-prv\/"},"author":{"name":"stellanstal","@id":"https:\/\/framtidenskarriar.se\/ingenjor\/#\/schema\/person\/c8a43eb855191e573b73ecf8987a3b99"},"headline":"Arbeta f\u00f6r svensk innovationskraft p\u00e5 PRV","datePublished":"2017-06-15T12:32:06+00:00","mainEntityOfPage":{"@id":"https:\/\/framtidenskarriar.se\/ingenjor\/2017\/06\/15\/arbeta-for-svensk-innovationskraft-pa-prv\/"},"wordCount":561,"image":{"@id":"https:\/\/framtidenskarriar.se\/ingenjor\/2017\/06\/15\/arbeta-for-svensk-innovationskraft-pa-prv\/#primaryimage"},"thumbnailUrl":"https:\/\/framtidenskarriar.se\/ingenjor\/wp-content\/uploads\/sites\/14\/2017\/06\/prv-dsc9371.jpg","keywords":["H\u00f6gteknologi","Immaterialr\u00e4tt","Innovation","Patent","Patent- och registreringsverket","PRV"],"articleSection":["Presentation"],"inLanguage":"sv-SE"},{"@type":"WebPage","@id":"https:\/\/framtidenskarriar.se\/ingenjor\/2017\/06\/15\/arbeta-for-svensk-innovationskraft-pa-prv\/","url":"https:\/\/framtidenskarriar.se\/ingenjor\/2017\/06\/15\/arbeta-for-svensk-innovationskraft-pa-prv\/","name":"Arbeta f\u00f6r svensk innovationskraft p\u00e5 PRV - Framtidens Karri\u00e4r - Ingenj\u00f6r","isPartOf":{"@id":"https:\/\/framtidenskarriar.se\/ingenjor\/#website"},"primaryImageOfPage":{"@id":"https:\/\/framtidenskarriar.se\/ingenjor\/2017\/06\/15\/arbeta-for-svensk-innovationskraft-pa-prv\/#primaryimage"},"image":{"@id":"https:\/\/framtidenskarriar.se\/ingenjor\/2017\/06\/15\/arbeta-for-svensk-innovationskraft-pa-prv\/#primaryimage"},"thumbnailUrl":"https:\/\/framtidenskarriar.se\/ingenjor\/wp-content\/uploads\/sites\/14\/2017\/06\/prv-dsc9371.jpg","datePublished":"2017-06-15T12:32:06+00:00","author":{"@id":"https:\/\/framtidenskarriar.se\/ingenjor\/#\/schema\/person\/c8a43eb855191e573b73ecf8987a3b99"},"breadcrumb":{"@id":"https:\/\/framtidenskarriar.se\/ingenjor\/2017\/06\/15\/arbeta-for-svensk-innovationskraft-pa-prv\/#breadcrumb"},"inLanguage":"sv-SE","potentialAction":[{"@type":"ReadAction","target":["https:\/\/framtidenskarriar.se\/ingenjor\/2017\/06\/15\/arbeta-for-svensk-innovationskraft-pa-prv\/"]}]},{"@type":"ImageObject","inLanguage":"sv-SE","@id":"https:\/\/framtidenskarriar.se\/ingenjor\/2017\/06\/15\/arbeta-for-svensk-innovationskraft-pa-prv\/#primaryimage","url":"https:\/\/framtidenskarriar.se\/ingenjor\/wp-content\/uploads\/sites\/14\/2017\/06\/prv-dsc9371.jpg","contentUrl":"https:\/\/framtidenskarriar.se\/ingenjor\/wp-content\/uploads\/sites\/14\/2017\/06\/prv-dsc9371.jpg","width":1000,"height":678,"caption":"Maziar Soltani och Jessy Karout hos PRV. Foto: Patrik Lindqvist"},{"@type":"BreadcrumbList","@id":"https:\/\/framtidenskarriar.se\/ingenjor\/2017\/06\/15\/arbeta-for-svensk-innovationskraft-pa-prv\/#breadcrumb","itemListElement":[{"@type":"ListItem","position":1,"name":"Home","item":"https:\/\/framtidenskarriar.se\/ingenjor\/"},{"@type":"ListItem","position":2,"name":"Arbeta f\u00f6r svensk innovationskraft p\u00e5 PRV"}]},{"@type":"WebSite","@id":"https:\/\/framtidenskarriar.se\/ingenjor\/#website","url":"https:\/\/framtidenskarriar.se\/ingenjor\/","name":"Framtidens Karri\u00e4r - Ingenj\u00f6r","description":"Just another NMDashboard.se Sites site","potentialAction":[{"@type":"SearchAction","target":{"@type":"EntryPoint","urlTemplate":"https:\/\/framtidenskarriar.se\/ingenjor\/?s={search_term_string}"},"query-input":{"@type":"PropertyValueSpecification","valueRequired":true,"valueName":"search_term_string"}}],"inLanguage":"sv-SE"},{"@type":"Person","@id":"https:\/\/framtidenskarriar.se\/ingenjor\/#\/schema\/person\/c8a43eb855191e573b73ecf8987a3b99","name":"stellanstal","image":{"@type":"ImageObject","inLanguage":"sv-SE","@id":"https:\/\/secure.gravatar.com\/avatar\/cd330fa6bb17f598124b2068ee0b189e4fe0987a50af9d53b78410836060d0c9?s=96&d=mm&r=g","url":"https:\/\/secure.gravatar.com\/avatar\/cd330fa6bb17f598124b2068ee0b189e4fe0987a50af9d53b78410836060d0c9?s=96&d=mm&r=g","contentUrl":"https:\/\/secure.gravatar.com\/avatar\/cd330fa6bb17f598124b2068ee0b189e4fe0987a50af9d53b78410836060d0c9?s=96&d=mm&r=g","caption":"stellanstal"},"url":"https:\/\/framtidenskarriar.se\/ingenjor\/author\/stellanstal\/"}]}},"_links":{"self":[{"href":"https:\/\/framtidenskarriar.se\/ingenjor\/wp-json\/wp\/v2\/posts\/5673","targetHints":{"allow":["GET"]}}],"collection":[{"href":"https:\/\/framtidenskarriar.se\/ingenjor\/wp-json\/wp\/v2\/posts"}],"about":[{"href":"https:\/\/framtidenskarriar.se\/ingenjor\/wp-json\/wp\/v2\/types\/post"}],"author":[{"embeddable":true,"href":"https:\/\/framtidenskarriar.se\/ingenjor\/wp-json\/wp\/v2\/users\/3"}],"replies":[{"embeddable":true,"href":"https:\/\/framtidenskarriar.se\/ingenjor\/wp-json\/wp\/v2\/comments?post=5673"}],"version-history":[{"count":0,"href":"https:\/\/framtidenskarriar.se\/ingenjor\/wp-json\/wp\/v2\/posts\/5673\/revisions"}],"wp:featuredmedia":[{"embeddable":true,"href":"https:\/\/framtidenskarriar.se\/ingenjor\/wp-json\/wp\/v2\/media\/5674"}],"wp:attachment":[{"href":"https:\/\/framtidenskarriar.se\/ingenjor\/wp-json\/wp\/v2\/media?parent=5673"}],"wp:term":[{"taxonomy":"category","embeddable":true,"href":"https:\/\/framtidenskarriar.se\/ingenjor\/wp-json\/wp\/v2\/categories?post=5673"},{"taxonomy":"post_tag","embeddable":true,"href":"https:\/\/framtidenskarriar.se\/ingenjor\/wp-json\/wp\/v2\/tags?post=5673"}],"curies":[{"name":"wp","href":"https:\/\/api.w.org\/{rel}","templated":true}]}}