{"id":5695,"date":"2017-06-15T14:07:58","date_gmt":"2017-06-15T12:07:58","guid":{"rendered":"http:\/\/framtidenskarriar.se\/ingenjor\/?p=5695"},"modified":"2017-06-15T14:07:58","modified_gmt":"2017-06-15T12:07:58","slug":"det-ar-hos-oss-det-hander-i-25-30-ar-framat","status":"publish","type":"post","link":"https:\/\/framtidenskarriar.se\/ingenjor\/2017\/06\/15\/det-ar-hos-oss-det-hander-i-25-30-ar-framat\/","title":{"rendered":"\u201dDet \u00e4r hos oss det h\u00e4nder i 25\u201330 \u00e5r fram\u00e5t\u201d"},"content":{"rendered":"<p><figure id=\"attachment_5697\" aria-describedby=\"caption-attachment-5697\" style=\"width: 1000px\" class=\"wp-caption alignnone\"><img loading=\"lazy\" decoding=\"async\" src=\"https:\/\/framtidenskarriar.se\/ingenjor\/wp-content\/uploads\/sites\/14\/2017\/06\/goteborg-goteborgs-stad-04.jpg\" alt=\"Anna Nord\u00e9n, utvecklingschef, Magnus Uhrberg, projektledare och Thomas Johnsson, kommunikat\u00f6r. Foto: Patrik Bergenstav\" width=\"1000\" height=\"697\" class=\"size-full wp-image-5697\" srcset=\"https:\/\/framtidenskarriar.se\/ingenjor\/wp-content\/uploads\/sites\/14\/2017\/06\/goteborg-goteborgs-stad-04.jpg 1000w, https:\/\/framtidenskarriar.se\/ingenjor\/wp-content\/uploads\/sites\/14\/2017\/06\/goteborg-goteborgs-stad-04-300x209.jpg 300w, https:\/\/framtidenskarriar.se\/ingenjor\/wp-content\/uploads\/sites\/14\/2017\/06\/goteborg-goteborgs-stad-04-768x535.jpg 768w, https:\/\/framtidenskarriar.se\/ingenjor\/wp-content\/uploads\/sites\/14\/2017\/06\/goteborg-goteborgs-stad-04-230x160.jpg 230w, https:\/\/framtidenskarriar.se\/ingenjor\/wp-content\/uploads\/sites\/14\/2017\/06\/goteborg-goteborgs-stad-04-526x367.jpg 526w, https:\/\/framtidenskarriar.se\/ingenjor\/wp-content\/uploads\/sites\/14\/2017\/06\/goteborg-goteborgs-stad-04-720x502.jpg 720w, https:\/\/framtidenskarriar.se\/ingenjor\/wp-content\/uploads\/sites\/14\/2017\/06\/goteborg-goteborgs-stad-04-960x669.jpg 960w\" sizes=\"auto, (max-width: 1000px) 100vw, 1000px\" \/><figcaption id=\"caption-attachment-5697\" class=\"wp-caption-text\">Anna Nord\u00e9n, utvecklingschef, Magnus Uhrberg, projektledare och Thomas Johnsson, kommunikat\u00f6r. Foto: Patrik Bergenstav<\/figcaption><\/figure><strong>G\u00f6teborg st\u00e5r inf\u00f6r den st\u00f6rsta och mest omfattande stadsutvecklingen i modern tid. H\u00e4r ska investeras 1&nbsp;000 miljarder kronor de n\u00e4rmsta 20 \u00e5ren. Nu beh\u00f6ver staden rusta upp med en av de viktigaste byggstenarna \u2013 arbetskraften.<\/strong><\/p>\n<p>\u2013 Det \u00e4r h\u00e4r det h\u00e4nder och det kommer att h\u00e4nda i tjugofem, trettio \u00e5r fram\u00e5t. G\u00f6teborg ska v\u00e4xa med n\u00e4ra en tredjedel till 2035. Det \u00e4r roliga saker, vi bygger inte bara bost\u00e4der utan \u00e4ven en linbana och en ny bro \u00f6ver \u00e4lven och helt nya stadsdelar. F\u00f6r att klara det m\u00e5ste vi vara innovativa och hitta nya kreativa s\u00e4tt, s\u00e4ger Magnus Uhrberg, projektledare p\u00e5 fastighetskontoret i G\u00f6teborg.<br \/>\nBland annat handlar det om att bygga p\u00e5 platser som tidigare anv\u00e4ndes till annat, men som nu har avvecklats och d\u00e4rmed har frigjort stora ytor f\u00f6r bostads- och stadsbyggande ist\u00e4llet.<br \/>\n\u2013 Vi har haft m\u00e5nga gamla varvs- och industriomr\u00e5den som legat otroligt centralt. Tittar vi p\u00e5 de bostadsprognoser vi har ser vi att det ska bli 53&nbsp;000 f\u00e4rdigst\u00e4llda bost\u00e4der under den n\u00e4rmsta tio\u00e5rsperioden och nationellt sett pratas det om att det beh\u00f6vs 710&nbsp;000 bost\u00e4der. D\u00e5 \u00e4r vi n\u00e4stan uppe p\u00e5 ett nytt miljonprogram, s\u00e4ger Magnus Uhrberg.<\/p>\n<p><figure id=\"attachment_5698\" aria-describedby=\"caption-attachment-5698\" style=\"width: 150px\" class=\"wp-caption alignright\"><img loading=\"lazy\" decoding=\"async\" src=\"http:\/\/framtidenskarriar.se\/ingenjor\/wp-content\/uploads\/2017\/06\/goteborg_img_5686-250x300.jpg\" alt=\"Sofia Ym\u00e9n, projektledare.\" width=\"150\" height=\"180\" class=\"size-medium wp-image-5698\" \/><figcaption id=\"caption-attachment-5698\" class=\"wp-caption-text\">Sofia Ym\u00e9n, projektledare.<\/figcaption><\/figure><strong>Teknisk kompetens och kreativitet s\u00f6kes<\/strong><br \/>\nDe enorma byggprojekten kommer att kr\u00e4va en l\u00f6pande och s\u00e4ker kompetensf\u00f6rs\u00f6rjning f\u00f6r att h\u00e5lla planeringen och uppn\u00e5 resultat. Sofia Ym\u00e9n \u00e4r projektledare f\u00f6r ett unikt samarbete mellan de tekniska f\u00f6rvaltningarna och n\u00e5gra av de kommunalt \u00e4gda bolagen som gemensamt ber\u00f6rs av G\u00f6teborgs Stads stadsutvecklingsuppdrag.<br \/>\n\u2013 Vi vill och beh\u00f6ver tillsammans hitta nya v\u00e4gar till kompetensf\u00f6rs\u00f6rjningen. G\u00f6teborgs Stad arbetar redan p\u00e5 flera fronter med att locka fler att studera till tekniska yrken. I det h\u00e4r projektet ligger fokus p\u00e5 att attrahera och beh\u00e5lla yrkesverksamma och p\u00e5 att s\u00e4kerst\u00e4lla att vi har en stor bredd av arbetsplatser med utmanande, sp\u00e4nnande och varierande arbetsuppgifter att erbjuda, s\u00e4ger hon.<br \/>\nSom arbetsgivare blir det viktigt f\u00f6r G\u00f6teborgs Stad att skapa ytterligare fler h\u00e5llbara och innovativa arbetsplatser d\u00e4r alla medarbetares kreativitet tas tillvara, arbetsplatser som tillgodoser b\u00e5de en god arbetsmilj\u00f6 och balans i livet.<br \/>\n\u2013 Vi ser att den inhemska kompetensen inte kommer att r\u00e4cka till utan vi kommer p\u00e5 olika s\u00e4tt att beh\u00f6va bredda oss p\u00e5 arbetsmarknaden och till exempel ta tillvara teknisk kompetens \u00e4ven hos medarbetare som \u00e4nnu inte beh\u00e4rskar det svenska spr\u00e5ket, projektet har ett s\u00e5nt fokus ocks\u00e5, s\u00e4ger Sofia Ym\u00e9n.<\/p>\n<p><strong>Hela staden samarbetar<\/strong><br \/>\nF\u00f6r att klara av den snabba byggtakten har G\u00f6teborgs Stad startat bolaget Framtiden Byggutveckling som f\u00f6r allm\u00e4nnyttan ansvarar f\u00f6r all nyproduktion av hyresl\u00e4genheter.<br \/>\n\u2013 V\u00e5rt uppdrag \u00e4r att kraftigt \u00f6ka byggtakten och att bygga \u00f6ver hela staden. Det kan vara i v\u00e5ra ytteromr\u00e5den l\u00e5ngt fr\u00e5n stadsk\u00e4rnan, men det handlar ocks\u00e5 om att l\u00e5ta staden v\u00e4xa ihop, s\u00e4ger Anna Nord\u00e9n, utvecklingschef p\u00e5 Framtiden Byggutveckling.<br \/>\n\u2013 Vi vill vara en attraktiv arbetsgivare och det \u00e4r n\u00e5got som vi jobbar aktivt med. Till oss kommer de som vill vara med och bidra till samh\u00e4llsutvecklingen och de stora utmaningarna vi har framf\u00f6r oss, s\u00e4ger hon.<\/p>\n<p><strong>F\u00f6lj utvecklingen p\u00e5 ny webb<\/strong><br \/>\nInv\u00e5narna kommer att m\u00e4rka av och ber\u00f6ras n\u00e4r G\u00f6teborg v\u00e4xer. All information om byggprojekten och G\u00f6teborgs stadsutveckling kommer att finnas tillg\u00e4nglig p\u00e5 Stadsutvecklingswebben.<br \/>\n\u2013 Ett av syftena med webbplatsen \u00e4r att g\u00f6ra processen begriplig d\u00e4r flera akt\u00f6rer \u00e4r inblandade under l\u00e5ngt perspektiv. Stadsutveckling handlar inte bara om att bygga hus och nya v\u00e4gar utan om hur livet ska vara f\u00f6r dem som bor, bes\u00f6ker och jobbar i G\u00f6teborg n\u00e4r det \u00e4r f\u00e4rdigt, s\u00e4ger Thomas Johnsson, kommunikat\u00f6r och redaktionsledare f\u00f6r webbplatsen.<\/p>\n<div class=\"faktaruta-title\">G\u00f6teborgs stad<\/div><div class=\"faktaruta\">I G\u00f6teborg p\u00e5g\u00e5r ett antal olika stadsutvecklingsprojekt. M\u00e5let \u00e4r att skapa en gr\u00f6n och n\u00e4ra storstad f\u00f6r alla. Flera av projekten tar sikte p\u00e5 stadens 400-\u00e5rsjubileum \u00e5r 2021. D\u00e5 \u00e4r m\u00e5let att en linbana och nya Hisingsbron ska vara p\u00e5 plats och binda samman staden \u00f6ver \u00e4lven. D\u00e5 ska ocks\u00e5 7&nbsp;000 extra bost\u00e4der, ut\u00f6ver ordinarie produktion, st\u00e5 inflyttningsklara, som en del i innovationsprojektet BoStad2021. <strong><a href=\"http:\/\/www.bostad2021.se\" target=\"_blank\" rel=\"noopener noreferrer\">www.bostad2021.se<\/a><\/strong><\/p>\n<p>Bolaget Framtiden Byggutveckling bildades 2016 och ska g\u00e5 fr\u00e5n 0 kronor till 3 miljarder kronor i oms\u00e4ttning p\u00e5 tre \u00e5r. Framtidenkoncernen omfattar bost\u00e4der, fastighetsf\u00f6rvaltning och produktion av nya bost\u00e4der. <strong><a href=\"http:\/\/www.framtiden.se\" target=\"_blank\" rel=\"noopener noreferrer\">www.framtiden.se<\/a><\/strong><\/p>\n<p>Stadsutvecklingswebben informerar om byggprocessens olika faser. H\u00e4r kan du f\u00f6lja G\u00f6teborgs resa mot framtiden och se en del av de projekt som du skulle kunna arbeta med i G\u00f6teborgs Stad. <strong><a href=\"http:\/\/www.stadsutveckling.goteborg.se\" target=\"_blank\" rel=\"noopener noreferrer\">www.stadsutveckling.goteborg.se<\/a><\/strong><\/p>\n<p>Vill du arbeta med stadsutveckling i G\u00f6teborg?<br \/>\nLediga jobb hittar du p\u00e5 <strong><a href=\"http:\/\/www.goteborg.se\/ledigajobb\" target=\"_blank\" rel=\"noopener noreferrer\">www.goteborg.se\/ledigajobb<\/a><\/strong><\/br><br \/>\n<a href=\"http:\/\/www.goteborg.se\/ledigajobb\" target=\"_blank\" rel=\"noopener noreferrer\"><img loading=\"lazy\" decoding=\"async\" src=\"http:\/\/framtidenskarriar.se\/ingenjor\/wp-content\/uploads\/2017\/06\/goteborg_gbg_li_cmyk-530x177.png\" alt=\"www.goteborg.se\/ledigajobb\" width=\"332\" height=\"111\" class=\"alignnone size-large wp-image-5696\" \/><\/a><\/div>\n","protected":false},"excerpt":{"rendered":"<p>G\u00f6teborg st\u00e5r inf\u00f6r den st\u00f6rsta och mest omfattande stadsutvecklingen i modern tid. H\u00e4r ska investeras&#8230;<\/p>\n","protected":false},"author":3,"featured_media":5697,"comment_status":"closed","ping_status":"open","sticky":false,"template":"","format":"standard","meta":{"_acf_changed":false,"_monsterinsights_skip_tracking":false,"_monsterinsights_sitenote_active":false,"_monsterinsights_sitenote_note":"","_monsterinsights_sitenote_category":0,"footnotes":""},"categories":[4],"tags":[101,127,212,237,238],"class_list":["post-5695","post","type-post","status-publish","format-standard","has-post-thumbnail","hentry","category-presentation","tag-goteborgs-stad","tag-jobba-kommunalt","tag-samhallsbyggnad","tag-stadsplanering","tag-stadsutveckling"],"acf":[],"yoast_head":"<!-- This site is optimized with the Yoast SEO plugin v27.3 - https:\/\/yoast.com\/product\/yoast-seo-wordpress\/ -->\n<title>\u201dDet \u00e4r hos oss det h\u00e4nder i 25\u201330 \u00e5r fram\u00e5t\u201d - Framtidens Karri\u00e4r - Ingenj\u00f6r<\/title>\n<meta name=\"robots\" content=\"index, follow, max-snippet:-1, max-image-preview:large, max-video-preview:-1\" \/>\n<link rel=\"canonical\" href=\"https:\/\/framtidenskarriar.se\/ingenjor\/2017\/06\/15\/det-ar-hos-oss-det-hander-i-25-30-ar-framat\/\" \/>\n<meta property=\"og:locale\" content=\"sv_SE\" \/>\n<meta property=\"og:type\" content=\"article\" \/>\n<meta property=\"og:title\" content=\"\u201dDet \u00e4r hos oss det h\u00e4nder i 25\u201330 \u00e5r fram\u00e5t\u201d - Framtidens Karri\u00e4r - Ingenj\u00f6r\" \/>\n<meta property=\"og:description\" content=\"G\u00f6teborg st\u00e5r inf\u00f6r den st\u00f6rsta och mest omfattande stadsutvecklingen i modern tid. H\u00e4r ska investeras...\" \/>\n<meta property=\"og:url\" content=\"https:\/\/framtidenskarriar.se\/ingenjor\/2017\/06\/15\/det-ar-hos-oss-det-hander-i-25-30-ar-framat\/\" \/>\n<meta property=\"og:site_name\" content=\"Framtidens Karri\u00e4r - Ingenj\u00f6r\" \/>\n<meta property=\"article:published_time\" content=\"2017-06-15T12:07:58+00:00\" \/>\n<meta property=\"og:image\" content=\"https:\/\/framtidenskarriar.se\/ingenjor\/wp-content\/uploads\/sites\/14\/2017\/06\/goteborg-goteborgs-stad-04.jpg\" \/>\n\t<meta property=\"og:image:width\" content=\"1000\" \/>\n\t<meta property=\"og:image:height\" content=\"697\" \/>\n\t<meta property=\"og:image:type\" content=\"image\/jpeg\" \/>\n<meta name=\"author\" content=\"stellanstal\" \/>\n<meta name=\"twitter:card\" content=\"summary_large_image\" \/>\n<meta name=\"twitter:label1\" content=\"Skriven av\" \/>\n\t<meta name=\"twitter:data1\" content=\"stellanstal\" \/>\n\t<meta name=\"twitter:label2\" content=\"Ber\u00e4knad l\u00e4stid\" \/>\n\t<meta name=\"twitter:data2\" content=\"4 minuter\" \/>\n<script type=\"application\/ld+json\" class=\"yoast-schema-graph\">{\"@context\":\"https:\\\/\\\/schema.org\",\"@graph\":[{\"@type\":\"Article\",\"@id\":\"https:\\\/\\\/framtidenskarriar.se\\\/ingenjor\\\/2017\\\/06\\\/15\\\/det-ar-hos-oss-det-hander-i-25-30-ar-framat\\\/#article\",\"isPartOf\":{\"@id\":\"https:\\\/\\\/framtidenskarriar.se\\\/ingenjor\\\/2017\\\/06\\\/15\\\/det-ar-hos-oss-det-hander-i-25-30-ar-framat\\\/\"},\"author\":{\"name\":\"stellanstal\",\"@id\":\"https:\\\/\\\/framtidenskarriar.se\\\/ingenjor\\\/#\\\/schema\\\/person\\\/c8a43eb855191e573b73ecf8987a3b99\"},\"headline\":\"\u201dDet \u00e4r hos oss det h\u00e4nder i 25\u201330 \u00e5r fram\u00e5t\u201d\",\"datePublished\":\"2017-06-15T12:07:58+00:00\",\"mainEntityOfPage\":{\"@id\":\"https:\\\/\\\/framtidenskarriar.se\\\/ingenjor\\\/2017\\\/06\\\/15\\\/det-ar-hos-oss-det-hander-i-25-30-ar-framat\\\/\"},\"wordCount\":893,\"image\":{\"@id\":\"https:\\\/\\\/framtidenskarriar.se\\\/ingenjor\\\/2017\\\/06\\\/15\\\/det-ar-hos-oss-det-hander-i-25-30-ar-framat\\\/#primaryimage\"},\"thumbnailUrl\":\"https:\\\/\\\/framtidenskarriar.se\\\/ingenjor\\\/wp-content\\\/uploads\\\/sites\\\/14\\\/2017\\\/06\\\/goteborg-goteborgs-stad-04.jpg\",\"keywords\":[\"G\u00f6teborgs stad\",\"Jobba kommunalt\",\"Samh\u00e4llsbyggnad\",\"Stadsplanering\",\"Stadsutveckling\"],\"articleSection\":[\"Presentation\"],\"inLanguage\":\"sv-SE\"},{\"@type\":\"WebPage\",\"@id\":\"https:\\\/\\\/framtidenskarriar.se\\\/ingenjor\\\/2017\\\/06\\\/15\\\/det-ar-hos-oss-det-hander-i-25-30-ar-framat\\\/\",\"url\":\"https:\\\/\\\/framtidenskarriar.se\\\/ingenjor\\\/2017\\\/06\\\/15\\\/det-ar-hos-oss-det-hander-i-25-30-ar-framat\\\/\",\"name\":\"\u201dDet \u00e4r hos oss det h\u00e4nder i 25\u201330 \u00e5r fram\u00e5t\u201d - Framtidens Karri\u00e4r - Ingenj\u00f6r\",\"isPartOf\":{\"@id\":\"https:\\\/\\\/framtidenskarriar.se\\\/ingenjor\\\/#website\"},\"primaryImageOfPage\":{\"@id\":\"https:\\\/\\\/framtidenskarriar.se\\\/ingenjor\\\/2017\\\/06\\\/15\\\/det-ar-hos-oss-det-hander-i-25-30-ar-framat\\\/#primaryimage\"},\"image\":{\"@id\":\"https:\\\/\\\/framtidenskarriar.se\\\/ingenjor\\\/2017\\\/06\\\/15\\\/det-ar-hos-oss-det-hander-i-25-30-ar-framat\\\/#primaryimage\"},\"thumbnailUrl\":\"https:\\\/\\\/framtidenskarriar.se\\\/ingenjor\\\/wp-content\\\/uploads\\\/sites\\\/14\\\/2017\\\/06\\\/goteborg-goteborgs-stad-04.jpg\",\"datePublished\":\"2017-06-15T12:07:58+00:00\",\"author\":{\"@id\":\"https:\\\/\\\/framtidenskarriar.se\\\/ingenjor\\\/#\\\/schema\\\/person\\\/c8a43eb855191e573b73ecf8987a3b99\"},\"breadcrumb\":{\"@id\":\"https:\\\/\\\/framtidenskarriar.se\\\/ingenjor\\\/2017\\\/06\\\/15\\\/det-ar-hos-oss-det-hander-i-25-30-ar-framat\\\/#breadcrumb\"},\"inLanguage\":\"sv-SE\",\"potentialAction\":[{\"@type\":\"ReadAction\",\"target\":[\"https:\\\/\\\/framtidenskarriar.se\\\/ingenjor\\\/2017\\\/06\\\/15\\\/det-ar-hos-oss-det-hander-i-25-30-ar-framat\\\/\"]}]},{\"@type\":\"ImageObject\",\"inLanguage\":\"sv-SE\",\"@id\":\"https:\\\/\\\/framtidenskarriar.se\\\/ingenjor\\\/2017\\\/06\\\/15\\\/det-ar-hos-oss-det-hander-i-25-30-ar-framat\\\/#primaryimage\",\"url\":\"https:\\\/\\\/framtidenskarriar.se\\\/ingenjor\\\/wp-content\\\/uploads\\\/sites\\\/14\\\/2017\\\/06\\\/goteborg-goteborgs-stad-04.jpg\",\"contentUrl\":\"https:\\\/\\\/framtidenskarriar.se\\\/ingenjor\\\/wp-content\\\/uploads\\\/sites\\\/14\\\/2017\\\/06\\\/goteborg-goteborgs-stad-04.jpg\",\"width\":1000,\"height\":697,\"caption\":\"Anna Nord\u00e9n, utvecklingschef, Magnus Uhrberg, projektledare och Thomas Johnsson, kommunikat\u00f6r. Foto: Patrik Bergenstav\"},{\"@type\":\"BreadcrumbList\",\"@id\":\"https:\\\/\\\/framtidenskarriar.se\\\/ingenjor\\\/2017\\\/06\\\/15\\\/det-ar-hos-oss-det-hander-i-25-30-ar-framat\\\/#breadcrumb\",\"itemListElement\":[{\"@type\":\"ListItem\",\"position\":1,\"name\":\"Home\",\"item\":\"https:\\\/\\\/framtidenskarriar.se\\\/ingenjor\\\/\"},{\"@type\":\"ListItem\",\"position\":2,\"name\":\"\u201dDet \u00e4r hos oss det h\u00e4nder i 25\u201330 \u00e5r fram\u00e5t\u201d\"}]},{\"@type\":\"WebSite\",\"@id\":\"https:\\\/\\\/framtidenskarriar.se\\\/ingenjor\\\/#website\",\"url\":\"https:\\\/\\\/framtidenskarriar.se\\\/ingenjor\\\/\",\"name\":\"Framtidens Karri\u00e4r - Ingenj\u00f6r\",\"description\":\"Just another NMDashboard.se Sites site\",\"potentialAction\":[{\"@type\":\"SearchAction\",\"target\":{\"@type\":\"EntryPoint\",\"urlTemplate\":\"https:\\\/\\\/framtidenskarriar.se\\\/ingenjor\\\/?s={search_term_string}\"},\"query-input\":{\"@type\":\"PropertyValueSpecification\",\"valueRequired\":true,\"valueName\":\"search_term_string\"}}],\"inLanguage\":\"sv-SE\"},{\"@type\":\"Person\",\"@id\":\"https:\\\/\\\/framtidenskarriar.se\\\/ingenjor\\\/#\\\/schema\\\/person\\\/c8a43eb855191e573b73ecf8987a3b99\",\"name\":\"stellanstal\",\"image\":{\"@type\":\"ImageObject\",\"inLanguage\":\"sv-SE\",\"@id\":\"https:\\\/\\\/secure.gravatar.com\\\/avatar\\\/cd330fa6bb17f598124b2068ee0b189e4fe0987a50af9d53b78410836060d0c9?s=96&d=mm&r=g\",\"url\":\"https:\\\/\\\/secure.gravatar.com\\\/avatar\\\/cd330fa6bb17f598124b2068ee0b189e4fe0987a50af9d53b78410836060d0c9?s=96&d=mm&r=g\",\"contentUrl\":\"https:\\\/\\\/secure.gravatar.com\\\/avatar\\\/cd330fa6bb17f598124b2068ee0b189e4fe0987a50af9d53b78410836060d0c9?s=96&d=mm&r=g\",\"caption\":\"stellanstal\"},\"url\":\"https:\\\/\\\/framtidenskarriar.se\\\/ingenjor\\\/author\\\/stellanstal\\\/\"}]}<\/script>\n<!-- \/ Yoast SEO plugin. -->","yoast_head_json":{"title":"\u201dDet \u00e4r hos oss det h\u00e4nder i 25\u201330 \u00e5r fram\u00e5t\u201d - Framtidens Karri\u00e4r - Ingenj\u00f6r","robots":{"index":"index","follow":"follow","max-snippet":"max-snippet:-1","max-image-preview":"max-image-preview:large","max-video-preview":"max-video-preview:-1"},"canonical":"https:\/\/framtidenskarriar.se\/ingenjor\/2017\/06\/15\/det-ar-hos-oss-det-hander-i-25-30-ar-framat\/","og_locale":"sv_SE","og_type":"article","og_title":"\u201dDet \u00e4r hos oss det h\u00e4nder i 25\u201330 \u00e5r fram\u00e5t\u201d - Framtidens Karri\u00e4r - Ingenj\u00f6r","og_description":"G\u00f6teborg st\u00e5r inf\u00f6r den st\u00f6rsta och mest omfattande stadsutvecklingen i modern tid. H\u00e4r ska investeras...","og_url":"https:\/\/framtidenskarriar.se\/ingenjor\/2017\/06\/15\/det-ar-hos-oss-det-hander-i-25-30-ar-framat\/","og_site_name":"Framtidens Karri\u00e4r - Ingenj\u00f6r","article_published_time":"2017-06-15T12:07:58+00:00","og_image":[{"width":1000,"height":697,"url":"https:\/\/framtidenskarriar.se\/ingenjor\/wp-content\/uploads\/sites\/14\/2017\/06\/goteborg-goteborgs-stad-04.jpg","type":"image\/jpeg"}],"author":"stellanstal","twitter_card":"summary_large_image","twitter_misc":{"Skriven av":"stellanstal","Ber\u00e4knad l\u00e4stid":"4 minuter"},"schema":{"@context":"https:\/\/schema.org","@graph":[{"@type":"Article","@id":"https:\/\/framtidenskarriar.se\/ingenjor\/2017\/06\/15\/det-ar-hos-oss-det-hander-i-25-30-ar-framat\/#article","isPartOf":{"@id":"https:\/\/framtidenskarriar.se\/ingenjor\/2017\/06\/15\/det-ar-hos-oss-det-hander-i-25-30-ar-framat\/"},"author":{"name":"stellanstal","@id":"https:\/\/framtidenskarriar.se\/ingenjor\/#\/schema\/person\/c8a43eb855191e573b73ecf8987a3b99"},"headline":"\u201dDet \u00e4r hos oss det h\u00e4nder i 25\u201330 \u00e5r fram\u00e5t\u201d","datePublished":"2017-06-15T12:07:58+00:00","mainEntityOfPage":{"@id":"https:\/\/framtidenskarriar.se\/ingenjor\/2017\/06\/15\/det-ar-hos-oss-det-hander-i-25-30-ar-framat\/"},"wordCount":893,"image":{"@id":"https:\/\/framtidenskarriar.se\/ingenjor\/2017\/06\/15\/det-ar-hos-oss-det-hander-i-25-30-ar-framat\/#primaryimage"},"thumbnailUrl":"https:\/\/framtidenskarriar.se\/ingenjor\/wp-content\/uploads\/sites\/14\/2017\/06\/goteborg-goteborgs-stad-04.jpg","keywords":["G\u00f6teborgs stad","Jobba kommunalt","Samh\u00e4llsbyggnad","Stadsplanering","Stadsutveckling"],"articleSection":["Presentation"],"inLanguage":"sv-SE"},{"@type":"WebPage","@id":"https:\/\/framtidenskarriar.se\/ingenjor\/2017\/06\/15\/det-ar-hos-oss-det-hander-i-25-30-ar-framat\/","url":"https:\/\/framtidenskarriar.se\/ingenjor\/2017\/06\/15\/det-ar-hos-oss-det-hander-i-25-30-ar-framat\/","name":"\u201dDet \u00e4r hos oss det h\u00e4nder i 25\u201330 \u00e5r fram\u00e5t\u201d - Framtidens Karri\u00e4r - Ingenj\u00f6r","isPartOf":{"@id":"https:\/\/framtidenskarriar.se\/ingenjor\/#website"},"primaryImageOfPage":{"@id":"https:\/\/framtidenskarriar.se\/ingenjor\/2017\/06\/15\/det-ar-hos-oss-det-hander-i-25-30-ar-framat\/#primaryimage"},"image":{"@id":"https:\/\/framtidenskarriar.se\/ingenjor\/2017\/06\/15\/det-ar-hos-oss-det-hander-i-25-30-ar-framat\/#primaryimage"},"thumbnailUrl":"https:\/\/framtidenskarriar.se\/ingenjor\/wp-content\/uploads\/sites\/14\/2017\/06\/goteborg-goteborgs-stad-04.jpg","datePublished":"2017-06-15T12:07:58+00:00","author":{"@id":"https:\/\/framtidenskarriar.se\/ingenjor\/#\/schema\/person\/c8a43eb855191e573b73ecf8987a3b99"},"breadcrumb":{"@id":"https:\/\/framtidenskarriar.se\/ingenjor\/2017\/06\/15\/det-ar-hos-oss-det-hander-i-25-30-ar-framat\/#breadcrumb"},"inLanguage":"sv-SE","potentialAction":[{"@type":"ReadAction","target":["https:\/\/framtidenskarriar.se\/ingenjor\/2017\/06\/15\/det-ar-hos-oss-det-hander-i-25-30-ar-framat\/"]}]},{"@type":"ImageObject","inLanguage":"sv-SE","@id":"https:\/\/framtidenskarriar.se\/ingenjor\/2017\/06\/15\/det-ar-hos-oss-det-hander-i-25-30-ar-framat\/#primaryimage","url":"https:\/\/framtidenskarriar.se\/ingenjor\/wp-content\/uploads\/sites\/14\/2017\/06\/goteborg-goteborgs-stad-04.jpg","contentUrl":"https:\/\/framtidenskarriar.se\/ingenjor\/wp-content\/uploads\/sites\/14\/2017\/06\/goteborg-goteborgs-stad-04.jpg","width":1000,"height":697,"caption":"Anna Nord\u00e9n, utvecklingschef, Magnus Uhrberg, projektledare och Thomas Johnsson, kommunikat\u00f6r. Foto: Patrik Bergenstav"},{"@type":"BreadcrumbList","@id":"https:\/\/framtidenskarriar.se\/ingenjor\/2017\/06\/15\/det-ar-hos-oss-det-hander-i-25-30-ar-framat\/#breadcrumb","itemListElement":[{"@type":"ListItem","position":1,"name":"Home","item":"https:\/\/framtidenskarriar.se\/ingenjor\/"},{"@type":"ListItem","position":2,"name":"\u201dDet \u00e4r hos oss det h\u00e4nder i 25\u201330 \u00e5r fram\u00e5t\u201d"}]},{"@type":"WebSite","@id":"https:\/\/framtidenskarriar.se\/ingenjor\/#website","url":"https:\/\/framtidenskarriar.se\/ingenjor\/","name":"Framtidens Karri\u00e4r - Ingenj\u00f6r","description":"Just another NMDashboard.se Sites site","potentialAction":[{"@type":"SearchAction","target":{"@type":"EntryPoint","urlTemplate":"https:\/\/framtidenskarriar.se\/ingenjor\/?s={search_term_string}"},"query-input":{"@type":"PropertyValueSpecification","valueRequired":true,"valueName":"search_term_string"}}],"inLanguage":"sv-SE"},{"@type":"Person","@id":"https:\/\/framtidenskarriar.se\/ingenjor\/#\/schema\/person\/c8a43eb855191e573b73ecf8987a3b99","name":"stellanstal","image":{"@type":"ImageObject","inLanguage":"sv-SE","@id":"https:\/\/secure.gravatar.com\/avatar\/cd330fa6bb17f598124b2068ee0b189e4fe0987a50af9d53b78410836060d0c9?s=96&d=mm&r=g","url":"https:\/\/secure.gravatar.com\/avatar\/cd330fa6bb17f598124b2068ee0b189e4fe0987a50af9d53b78410836060d0c9?s=96&d=mm&r=g","contentUrl":"https:\/\/secure.gravatar.com\/avatar\/cd330fa6bb17f598124b2068ee0b189e4fe0987a50af9d53b78410836060d0c9?s=96&d=mm&r=g","caption":"stellanstal"},"url":"https:\/\/framtidenskarriar.se\/ingenjor\/author\/stellanstal\/"}]}},"_links":{"self":[{"href":"https:\/\/framtidenskarriar.se\/ingenjor\/wp-json\/wp\/v2\/posts\/5695","targetHints":{"allow":["GET"]}}],"collection":[{"href":"https:\/\/framtidenskarriar.se\/ingenjor\/wp-json\/wp\/v2\/posts"}],"about":[{"href":"https:\/\/framtidenskarriar.se\/ingenjor\/wp-json\/wp\/v2\/types\/post"}],"author":[{"embeddable":true,"href":"https:\/\/framtidenskarriar.se\/ingenjor\/wp-json\/wp\/v2\/users\/3"}],"replies":[{"embeddable":true,"href":"https:\/\/framtidenskarriar.se\/ingenjor\/wp-json\/wp\/v2\/comments?post=5695"}],"version-history":[{"count":0,"href":"https:\/\/framtidenskarriar.se\/ingenjor\/wp-json\/wp\/v2\/posts\/5695\/revisions"}],"wp:featuredmedia":[{"embeddable":true,"href":"https:\/\/framtidenskarriar.se\/ingenjor\/wp-json\/wp\/v2\/media\/5697"}],"wp:attachment":[{"href":"https:\/\/framtidenskarriar.se\/ingenjor\/wp-json\/wp\/v2\/media?parent=5695"}],"wp:term":[{"taxonomy":"category","embeddable":true,"href":"https:\/\/framtidenskarriar.se\/ingenjor\/wp-json\/wp\/v2\/categories?post=5695"},{"taxonomy":"post_tag","embeddable":true,"href":"https:\/\/framtidenskarriar.se\/ingenjor\/wp-json\/wp\/v2\/tags?post=5695"}],"curies":[{"name":"wp","href":"https:\/\/api.w.org\/{rel}","templated":true}]}}