{"id":5761,"date":"2017-06-15T12:51:34","date_gmt":"2017-06-15T10:51:34","guid":{"rendered":"http:\/\/framtidenskarriar.se\/ingenjor\/?p=5761"},"modified":"2017-06-15T12:51:34","modified_gmt":"2017-06-15T10:51:34","slug":"att-vara-en-del-i-nagot-storre","status":"publish","type":"post","link":"https:\/\/framtidenskarriar.se\/ingenjor\/2017\/06\/15\/att-vara-en-del-i-nagot-storre\/","title":{"rendered":"Att vara en del i n\u00e5got st\u00f6rre"},"content":{"rendered":"<p><figure id=\"attachment_5762\" aria-describedby=\"caption-attachment-5762\" style=\"width: 1000px\" class=\"wp-caption alignnone\"><img loading=\"lazy\" decoding=\"async\" src=\"https:\/\/framtidenskarriar.se\/ingenjor\/wp-content\/uploads\/sites\/14\/2017\/06\/infrastruktur-centralen-uppgang-highres.jpg\" alt=\"Illustration: Metro Arkitekter\" width=\"1000\" height=\"623\" class=\"size-full wp-image-5762\" srcset=\"https:\/\/framtidenskarriar.se\/ingenjor\/wp-content\/uploads\/sites\/14\/2017\/06\/infrastruktur-centralen-uppgang-highres.jpg 1000w, https:\/\/framtidenskarriar.se\/ingenjor\/wp-content\/uploads\/sites\/14\/2017\/06\/infrastruktur-centralen-uppgang-highres-300x187.jpg 300w, https:\/\/framtidenskarriar.se\/ingenjor\/wp-content\/uploads\/sites\/14\/2017\/06\/infrastruktur-centralen-uppgang-highres-768x478.jpg 768w, https:\/\/framtidenskarriar.se\/ingenjor\/wp-content\/uploads\/sites\/14\/2017\/06\/infrastruktur-centralen-uppgang-highres-257x160.jpg 257w, https:\/\/framtidenskarriar.se\/ingenjor\/wp-content\/uploads\/sites\/14\/2017\/06\/infrastruktur-centralen-uppgang-highres-526x328.jpg 526w, https:\/\/framtidenskarriar.se\/ingenjor\/wp-content\/uploads\/sites\/14\/2017\/06\/infrastruktur-centralen-uppgang-highres-720x449.jpg 720w, https:\/\/framtidenskarriar.se\/ingenjor\/wp-content\/uploads\/sites\/14\/2017\/06\/infrastruktur-centralen-uppgang-highres-960x598.jpg 960w\" sizes=\"auto, (max-width: 1000px) 100vw, 1000px\" \/><figcaption id=\"caption-attachment-5762\" class=\"wp-caption-text\">Illustration: Metro Arkitekter<\/figcaption><\/figure><strong>Med ett stadigt och brett kompetensbehov \u00e4r en framtid inom infrastrukturomr\u00e5det ett s\u00e4kert kort. En karri\u00e4r h\u00e4r inneb\u00e4r ocks\u00e5 att f\u00e5 bidra till att skapa ett h\u00e5llbart samh\u00e4lle. N\u00e5got som blir allt viktigare, tror Stefan Engdahl vid Trafikverket.<\/strong><\/p>\n<p><figure id=\"attachment_5763\" aria-describedby=\"caption-attachment-5763\" style=\"width: 150px\" class=\"wp-caption alignright\"><img loading=\"lazy\" decoding=\"async\" src=\"http:\/\/framtidenskarriar.se\/ingenjor\/wp-content\/uploads\/2017\/06\/infrastruktur_stefan_engdahl_22443_highres-250x360.jpg\" alt=\"Stefan Engdahl, planeringsdirekt\u00f6r p\u00e5 Trafikverket. Foto: Trafikverket\" width=\"150\" height=\"216\" class=\"size-medium wp-image-5763\" \/><figcaption id=\"caption-attachment-5763\" class=\"wp-caption-text\">Stefan Engdahl, planeringsdirekt\u00f6r p\u00e5 Trafikverket. Foto: Trafikverket<\/figcaption><\/figure>Stefan Engdahl \u00e4r planeringsdirekt\u00f6r p\u00e5 Trafikverket. Tillsammans med omkring 1&nbsp;000 medarbetare och olika samverkanspartner ansvarar han f\u00f6r planeringen av utvecklingen av Sveriges statliga infrastruktur. Det g\u00e4ller v\u00e4gar och j\u00e4rnv\u00e4gar s\u00e5v\u00e4l som luft- och sj\u00f6fart.<br \/>\n\u2013 Vi drar v\u00e5rt str\u00e5 till stacken i planeringen av en smart, samh\u00e4llsekonomiskt effektiv och l\u00e5ngsiktigt h\u00e5llbar infrastruktur, ber\u00e4ttar han.<br \/>\nGrunden f\u00f6r hans karri\u00e4r lades vid Lunds tekniska h\u00f6gskola med en examen som civilingenj\u00f6r inom v\u00e4g- och vattenbyggnad. Dessutom har han studerat vid Ekonomih\u00f6gskolan och har ytterligare en examen i projekteringsmetodik vid Arkitekth\u00f6gskolan i Lund. <\/p>\n<p><strong>Avg\u00f6rande roll i samh\u00e4llsutvecklingen<\/strong><br \/>\nAtt arbeta inom infrastrukturomr\u00e5det tillf\u00f6r ett v\u00e4rde till ens yrkesliv som handlar om att skapa m\u00f6jligheter f\u00f6r fler \u00e4n dig sj\u00e4lv eller den verksamhet du jobbar f\u00f6r. N\u00e5got Stefan Engdahl tror \u00e4r en allt viktigare faktor n\u00e4r det \u00e4r dags att v\u00e4lja karri\u00e4r.<br \/>\n\u2013 Det \u00e4r l\u00e4tt gl\u00f6mma att infrastrukturen spelar en ganska avg\u00f6rande roll i samh\u00e4llsutvecklingen. F\u00f6r att vi ska n\u00e5 v\u00e5ra m\u00e5l inom klimatfr\u00e5gan beh\u00f6ver vi bygga smart, f\u00f6r att klara av v\u00e5r bostadsproduktion beh\u00f6ver vi v\u00e4gar och j\u00e4rnv\u00e4gar och f\u00f6r att skapa en social h\u00e5llbarhet i samh\u00e4llet kr\u00e4vs tillg\u00e4nglighet, att alla kan ta sig till skolan och sjukhus och kan \u00e5ka p\u00e5 semester, s\u00e4ger han och forts\u00e4tter:<br \/>\n\u2013 Det \u00e4r v\u00e4ldigt sp\u00e4nnande att s\u00e5 tydligt kunna se sin del i n\u00e5got st\u00f6rre, att man \u00e4r en kugge i att skapa ett gott samh\u00e4lle, livskvalitet f\u00f6r medborgarna och konkurrenskraft f\u00f6r n\u00e4ringslivet.<\/p>\n<p><strong>Stadigt kompetensbehov<\/strong><br \/>\nKompetensbehovet inom infrastrukturell utveckling \u00e4r ofta stort och kunskapsspannet \u00e4r minst sagt stort. H\u00e4r beh\u00f6vs allt fr\u00e5n beteendevetare till utredare, fr\u00e5n signaltekniker till broingenj\u00f6rer och fr\u00e5n projektledare till samh\u00e4llsplanerare. Det \u00e4r en bredd som ger stora m\u00f6jligheter att utvecklas inom olika omr\u00e5den som kopplar an till ens grundutbildning.<br \/>\nRent krasst \u00e4r infrastruktur dessutom ett s\u00e4kert omr\u00e5de att g\u00f6ra karri\u00e4r inom.<br \/>\n\u2013 N\u00e4r det \u00e4r l\u00e5gkonjuktur f\u00e5r vi mer pengar f\u00f6r att bygga, och n\u00e4r det \u00e4r h\u00f6gkonjuktur f\u00e5r vi mer pengar f\u00f6r att t\u00e4cka behovet, s\u00e4ger Stefan Engdahl \u00e4rligt och hj\u00e4rtligt.<\/p>\n","protected":false},"excerpt":{"rendered":"<p>Med ett stadigt och brett kompetensbehov \u00e4r en framtid inom infrastrukturomr\u00e5det ett s\u00e4kert kort. En&#8230;<\/p>\n","protected":false},"author":3,"featured_media":5762,"comment_status":"closed","ping_status":"open","sticky":false,"template":"","format":"standard","meta":{"_acf_changed":false,"_monsterinsights_skip_tracking":false,"_monsterinsights_sitenote_active":false,"_monsterinsights_sitenote_note":"","_monsterinsights_sitenote_category":0,"footnotes":""},"categories":[1],"tags":[114,210,260],"class_list":["post-5761","post","type-post","status-publish","format-standard","has-post-thumbnail","hentry","category-artikel","tag-infrastruktur","tag-samhallsutveckling","tag-trafikverket"],"acf":[],"yoast_head":"<!-- This site is optimized with the Yoast SEO plugin v27.3 - https:\/\/yoast.com\/product\/yoast-seo-wordpress\/ -->\n<title>Att vara en del i n\u00e5got st\u00f6rre - Framtidens Karri\u00e4r - Ingenj\u00f6r<\/title>\n<meta name=\"robots\" content=\"index, follow, max-snippet:-1, max-image-preview:large, max-video-preview:-1\" \/>\n<link rel=\"canonical\" href=\"https:\/\/framtidenskarriar.se\/ingenjor\/2017\/06\/15\/att-vara-en-del-i-nagot-storre\/\" \/>\n<meta property=\"og:locale\" content=\"sv_SE\" \/>\n<meta property=\"og:type\" content=\"article\" \/>\n<meta property=\"og:title\" content=\"Att vara en del i n\u00e5got st\u00f6rre - Framtidens Karri\u00e4r - Ingenj\u00f6r\" \/>\n<meta property=\"og:description\" content=\"Med ett stadigt och brett kompetensbehov \u00e4r en framtid inom infrastrukturomr\u00e5det ett s\u00e4kert kort. En...\" \/>\n<meta property=\"og:url\" content=\"https:\/\/framtidenskarriar.se\/ingenjor\/2017\/06\/15\/att-vara-en-del-i-nagot-storre\/\" \/>\n<meta property=\"og:site_name\" content=\"Framtidens Karri\u00e4r - Ingenj\u00f6r\" \/>\n<meta property=\"article:published_time\" content=\"2017-06-15T10:51:34+00:00\" \/>\n<meta property=\"og:image\" content=\"https:\/\/framtidenskarriar.se\/ingenjor\/wp-content\/uploads\/sites\/14\/2017\/06\/infrastruktur-centralen-uppgang-highres.jpg\" \/>\n\t<meta property=\"og:image:width\" content=\"1000\" \/>\n\t<meta property=\"og:image:height\" content=\"623\" \/>\n\t<meta property=\"og:image:type\" content=\"image\/jpeg\" \/>\n<meta name=\"author\" content=\"stellanstal\" \/>\n<meta name=\"twitter:card\" content=\"summary_large_image\" \/>\n<meta name=\"twitter:label1\" content=\"Skriven av\" \/>\n\t<meta name=\"twitter:data1\" content=\"stellanstal\" \/>\n\t<meta name=\"twitter:label2\" content=\"Ber\u00e4knad l\u00e4stid\" \/>\n\t<meta name=\"twitter:data2\" content=\"2 minuter\" \/>\n<script type=\"application\/ld+json\" class=\"yoast-schema-graph\">{\"@context\":\"https:\\\/\\\/schema.org\",\"@graph\":[{\"@type\":\"Article\",\"@id\":\"https:\\\/\\\/framtidenskarriar.se\\\/ingenjor\\\/2017\\\/06\\\/15\\\/att-vara-en-del-i-nagot-storre\\\/#article\",\"isPartOf\":{\"@id\":\"https:\\\/\\\/framtidenskarriar.se\\\/ingenjor\\\/2017\\\/06\\\/15\\\/att-vara-en-del-i-nagot-storre\\\/\"},\"author\":{\"name\":\"stellanstal\",\"@id\":\"https:\\\/\\\/framtidenskarriar.se\\\/ingenjor\\\/#\\\/schema\\\/person\\\/c8a43eb855191e573b73ecf8987a3b99\"},\"headline\":\"Att vara en del i n\u00e5got st\u00f6rre\",\"datePublished\":\"2017-06-15T10:51:34+00:00\",\"mainEntityOfPage\":{\"@id\":\"https:\\\/\\\/framtidenskarriar.se\\\/ingenjor\\\/2017\\\/06\\\/15\\\/att-vara-en-del-i-nagot-storre\\\/\"},\"wordCount\":493,\"image\":{\"@id\":\"https:\\\/\\\/framtidenskarriar.se\\\/ingenjor\\\/2017\\\/06\\\/15\\\/att-vara-en-del-i-nagot-storre\\\/#primaryimage\"},\"thumbnailUrl\":\"https:\\\/\\\/framtidenskarriar.se\\\/ingenjor\\\/wp-content\\\/uploads\\\/sites\\\/14\\\/2017\\\/06\\\/infrastruktur-centralen-uppgang-highres.jpg\",\"keywords\":[\"Infrastruktur\",\"Samh\u00e4lls\u00adutveckling\",\"Trafikverket\"],\"articleSection\":[\"Artikel\"],\"inLanguage\":\"sv-SE\"},{\"@type\":\"WebPage\",\"@id\":\"https:\\\/\\\/framtidenskarriar.se\\\/ingenjor\\\/2017\\\/06\\\/15\\\/att-vara-en-del-i-nagot-storre\\\/\",\"url\":\"https:\\\/\\\/framtidenskarriar.se\\\/ingenjor\\\/2017\\\/06\\\/15\\\/att-vara-en-del-i-nagot-storre\\\/\",\"name\":\"Att vara en del i n\u00e5got st\u00f6rre - Framtidens Karri\u00e4r - Ingenj\u00f6r\",\"isPartOf\":{\"@id\":\"https:\\\/\\\/framtidenskarriar.se\\\/ingenjor\\\/#website\"},\"primaryImageOfPage\":{\"@id\":\"https:\\\/\\\/framtidenskarriar.se\\\/ingenjor\\\/2017\\\/06\\\/15\\\/att-vara-en-del-i-nagot-storre\\\/#primaryimage\"},\"image\":{\"@id\":\"https:\\\/\\\/framtidenskarriar.se\\\/ingenjor\\\/2017\\\/06\\\/15\\\/att-vara-en-del-i-nagot-storre\\\/#primaryimage\"},\"thumbnailUrl\":\"https:\\\/\\\/framtidenskarriar.se\\\/ingenjor\\\/wp-content\\\/uploads\\\/sites\\\/14\\\/2017\\\/06\\\/infrastruktur-centralen-uppgang-highres.jpg\",\"datePublished\":\"2017-06-15T10:51:34+00:00\",\"author\":{\"@id\":\"https:\\\/\\\/framtidenskarriar.se\\\/ingenjor\\\/#\\\/schema\\\/person\\\/c8a43eb855191e573b73ecf8987a3b99\"},\"breadcrumb\":{\"@id\":\"https:\\\/\\\/framtidenskarriar.se\\\/ingenjor\\\/2017\\\/06\\\/15\\\/att-vara-en-del-i-nagot-storre\\\/#breadcrumb\"},\"inLanguage\":\"sv-SE\",\"potentialAction\":[{\"@type\":\"ReadAction\",\"target\":[\"https:\\\/\\\/framtidenskarriar.se\\\/ingenjor\\\/2017\\\/06\\\/15\\\/att-vara-en-del-i-nagot-storre\\\/\"]}]},{\"@type\":\"ImageObject\",\"inLanguage\":\"sv-SE\",\"@id\":\"https:\\\/\\\/framtidenskarriar.se\\\/ingenjor\\\/2017\\\/06\\\/15\\\/att-vara-en-del-i-nagot-storre\\\/#primaryimage\",\"url\":\"https:\\\/\\\/framtidenskarriar.se\\\/ingenjor\\\/wp-content\\\/uploads\\\/sites\\\/14\\\/2017\\\/06\\\/infrastruktur-centralen-uppgang-highres.jpg\",\"contentUrl\":\"https:\\\/\\\/framtidenskarriar.se\\\/ingenjor\\\/wp-content\\\/uploads\\\/sites\\\/14\\\/2017\\\/06\\\/infrastruktur-centralen-uppgang-highres.jpg\",\"width\":1000,\"height\":623,\"caption\":\"Illustration: Metro Arkitekter\"},{\"@type\":\"BreadcrumbList\",\"@id\":\"https:\\\/\\\/framtidenskarriar.se\\\/ingenjor\\\/2017\\\/06\\\/15\\\/att-vara-en-del-i-nagot-storre\\\/#breadcrumb\",\"itemListElement\":[{\"@type\":\"ListItem\",\"position\":1,\"name\":\"Home\",\"item\":\"https:\\\/\\\/framtidenskarriar.se\\\/ingenjor\\\/\"},{\"@type\":\"ListItem\",\"position\":2,\"name\":\"Att vara en del i n\u00e5got st\u00f6rre\"}]},{\"@type\":\"WebSite\",\"@id\":\"https:\\\/\\\/framtidenskarriar.se\\\/ingenjor\\\/#website\",\"url\":\"https:\\\/\\\/framtidenskarriar.se\\\/ingenjor\\\/\",\"name\":\"Framtidens Karri\u00e4r - Ingenj\u00f6r\",\"description\":\"Just another NMDashboard.se Sites site\",\"potentialAction\":[{\"@type\":\"SearchAction\",\"target\":{\"@type\":\"EntryPoint\",\"urlTemplate\":\"https:\\\/\\\/framtidenskarriar.se\\\/ingenjor\\\/?s={search_term_string}\"},\"query-input\":{\"@type\":\"PropertyValueSpecification\",\"valueRequired\":true,\"valueName\":\"search_term_string\"}}],\"inLanguage\":\"sv-SE\"},{\"@type\":\"Person\",\"@id\":\"https:\\\/\\\/framtidenskarriar.se\\\/ingenjor\\\/#\\\/schema\\\/person\\\/c8a43eb855191e573b73ecf8987a3b99\",\"name\":\"stellanstal\",\"image\":{\"@type\":\"ImageObject\",\"inLanguage\":\"sv-SE\",\"@id\":\"https:\\\/\\\/secure.gravatar.com\\\/avatar\\\/cd330fa6bb17f598124b2068ee0b189e4fe0987a50af9d53b78410836060d0c9?s=96&d=mm&r=g\",\"url\":\"https:\\\/\\\/secure.gravatar.com\\\/avatar\\\/cd330fa6bb17f598124b2068ee0b189e4fe0987a50af9d53b78410836060d0c9?s=96&d=mm&r=g\",\"contentUrl\":\"https:\\\/\\\/secure.gravatar.com\\\/avatar\\\/cd330fa6bb17f598124b2068ee0b189e4fe0987a50af9d53b78410836060d0c9?s=96&d=mm&r=g\",\"caption\":\"stellanstal\"},\"url\":\"https:\\\/\\\/framtidenskarriar.se\\\/ingenjor\\\/author\\\/stellanstal\\\/\"}]}<\/script>\n<!-- \/ Yoast SEO plugin. -->","yoast_head_json":{"title":"Att vara en del i n\u00e5got st\u00f6rre - Framtidens Karri\u00e4r - Ingenj\u00f6r","robots":{"index":"index","follow":"follow","max-snippet":"max-snippet:-1","max-image-preview":"max-image-preview:large","max-video-preview":"max-video-preview:-1"},"canonical":"https:\/\/framtidenskarriar.se\/ingenjor\/2017\/06\/15\/att-vara-en-del-i-nagot-storre\/","og_locale":"sv_SE","og_type":"article","og_title":"Att vara en del i n\u00e5got st\u00f6rre - Framtidens Karri\u00e4r - Ingenj\u00f6r","og_description":"Med ett stadigt och brett kompetensbehov \u00e4r en framtid inom infrastrukturomr\u00e5det ett s\u00e4kert kort. En...","og_url":"https:\/\/framtidenskarriar.se\/ingenjor\/2017\/06\/15\/att-vara-en-del-i-nagot-storre\/","og_site_name":"Framtidens Karri\u00e4r - Ingenj\u00f6r","article_published_time":"2017-06-15T10:51:34+00:00","og_image":[{"width":1000,"height":623,"url":"https:\/\/framtidenskarriar.se\/ingenjor\/wp-content\/uploads\/sites\/14\/2017\/06\/infrastruktur-centralen-uppgang-highres.jpg","type":"image\/jpeg"}],"author":"stellanstal","twitter_card":"summary_large_image","twitter_misc":{"Skriven av":"stellanstal","Ber\u00e4knad l\u00e4stid":"2 minuter"},"schema":{"@context":"https:\/\/schema.org","@graph":[{"@type":"Article","@id":"https:\/\/framtidenskarriar.se\/ingenjor\/2017\/06\/15\/att-vara-en-del-i-nagot-storre\/#article","isPartOf":{"@id":"https:\/\/framtidenskarriar.se\/ingenjor\/2017\/06\/15\/att-vara-en-del-i-nagot-storre\/"},"author":{"name":"stellanstal","@id":"https:\/\/framtidenskarriar.se\/ingenjor\/#\/schema\/person\/c8a43eb855191e573b73ecf8987a3b99"},"headline":"Att vara en del i n\u00e5got st\u00f6rre","datePublished":"2017-06-15T10:51:34+00:00","mainEntityOfPage":{"@id":"https:\/\/framtidenskarriar.se\/ingenjor\/2017\/06\/15\/att-vara-en-del-i-nagot-storre\/"},"wordCount":493,"image":{"@id":"https:\/\/framtidenskarriar.se\/ingenjor\/2017\/06\/15\/att-vara-en-del-i-nagot-storre\/#primaryimage"},"thumbnailUrl":"https:\/\/framtidenskarriar.se\/ingenjor\/wp-content\/uploads\/sites\/14\/2017\/06\/infrastruktur-centralen-uppgang-highres.jpg","keywords":["Infrastruktur","Samh\u00e4lls\u00adutveckling","Trafikverket"],"articleSection":["Artikel"],"inLanguage":"sv-SE"},{"@type":"WebPage","@id":"https:\/\/framtidenskarriar.se\/ingenjor\/2017\/06\/15\/att-vara-en-del-i-nagot-storre\/","url":"https:\/\/framtidenskarriar.se\/ingenjor\/2017\/06\/15\/att-vara-en-del-i-nagot-storre\/","name":"Att vara en del i n\u00e5got st\u00f6rre - Framtidens Karri\u00e4r - Ingenj\u00f6r","isPartOf":{"@id":"https:\/\/framtidenskarriar.se\/ingenjor\/#website"},"primaryImageOfPage":{"@id":"https:\/\/framtidenskarriar.se\/ingenjor\/2017\/06\/15\/att-vara-en-del-i-nagot-storre\/#primaryimage"},"image":{"@id":"https:\/\/framtidenskarriar.se\/ingenjor\/2017\/06\/15\/att-vara-en-del-i-nagot-storre\/#primaryimage"},"thumbnailUrl":"https:\/\/framtidenskarriar.se\/ingenjor\/wp-content\/uploads\/sites\/14\/2017\/06\/infrastruktur-centralen-uppgang-highres.jpg","datePublished":"2017-06-15T10:51:34+00:00","author":{"@id":"https:\/\/framtidenskarriar.se\/ingenjor\/#\/schema\/person\/c8a43eb855191e573b73ecf8987a3b99"},"breadcrumb":{"@id":"https:\/\/framtidenskarriar.se\/ingenjor\/2017\/06\/15\/att-vara-en-del-i-nagot-storre\/#breadcrumb"},"inLanguage":"sv-SE","potentialAction":[{"@type":"ReadAction","target":["https:\/\/framtidenskarriar.se\/ingenjor\/2017\/06\/15\/att-vara-en-del-i-nagot-storre\/"]}]},{"@type":"ImageObject","inLanguage":"sv-SE","@id":"https:\/\/framtidenskarriar.se\/ingenjor\/2017\/06\/15\/att-vara-en-del-i-nagot-storre\/#primaryimage","url":"https:\/\/framtidenskarriar.se\/ingenjor\/wp-content\/uploads\/sites\/14\/2017\/06\/infrastruktur-centralen-uppgang-highres.jpg","contentUrl":"https:\/\/framtidenskarriar.se\/ingenjor\/wp-content\/uploads\/sites\/14\/2017\/06\/infrastruktur-centralen-uppgang-highres.jpg","width":1000,"height":623,"caption":"Illustration: Metro Arkitekter"},{"@type":"BreadcrumbList","@id":"https:\/\/framtidenskarriar.se\/ingenjor\/2017\/06\/15\/att-vara-en-del-i-nagot-storre\/#breadcrumb","itemListElement":[{"@type":"ListItem","position":1,"name":"Home","item":"https:\/\/framtidenskarriar.se\/ingenjor\/"},{"@type":"ListItem","position":2,"name":"Att vara en del i n\u00e5got st\u00f6rre"}]},{"@type":"WebSite","@id":"https:\/\/framtidenskarriar.se\/ingenjor\/#website","url":"https:\/\/framtidenskarriar.se\/ingenjor\/","name":"Framtidens Karri\u00e4r - Ingenj\u00f6r","description":"Just another NMDashboard.se Sites site","potentialAction":[{"@type":"SearchAction","target":{"@type":"EntryPoint","urlTemplate":"https:\/\/framtidenskarriar.se\/ingenjor\/?s={search_term_string}"},"query-input":{"@type":"PropertyValueSpecification","valueRequired":true,"valueName":"search_term_string"}}],"inLanguage":"sv-SE"},{"@type":"Person","@id":"https:\/\/framtidenskarriar.se\/ingenjor\/#\/schema\/person\/c8a43eb855191e573b73ecf8987a3b99","name":"stellanstal","image":{"@type":"ImageObject","inLanguage":"sv-SE","@id":"https:\/\/secure.gravatar.com\/avatar\/cd330fa6bb17f598124b2068ee0b189e4fe0987a50af9d53b78410836060d0c9?s=96&d=mm&r=g","url":"https:\/\/secure.gravatar.com\/avatar\/cd330fa6bb17f598124b2068ee0b189e4fe0987a50af9d53b78410836060d0c9?s=96&d=mm&r=g","contentUrl":"https:\/\/secure.gravatar.com\/avatar\/cd330fa6bb17f598124b2068ee0b189e4fe0987a50af9d53b78410836060d0c9?s=96&d=mm&r=g","caption":"stellanstal"},"url":"https:\/\/framtidenskarriar.se\/ingenjor\/author\/stellanstal\/"}]}},"_links":{"self":[{"href":"https:\/\/framtidenskarriar.se\/ingenjor\/wp-json\/wp\/v2\/posts\/5761","targetHints":{"allow":["GET"]}}],"collection":[{"href":"https:\/\/framtidenskarriar.se\/ingenjor\/wp-json\/wp\/v2\/posts"}],"about":[{"href":"https:\/\/framtidenskarriar.se\/ingenjor\/wp-json\/wp\/v2\/types\/post"}],"author":[{"embeddable":true,"href":"https:\/\/framtidenskarriar.se\/ingenjor\/wp-json\/wp\/v2\/users\/3"}],"replies":[{"embeddable":true,"href":"https:\/\/framtidenskarriar.se\/ingenjor\/wp-json\/wp\/v2\/comments?post=5761"}],"version-history":[{"count":0,"href":"https:\/\/framtidenskarriar.se\/ingenjor\/wp-json\/wp\/v2\/posts\/5761\/revisions"}],"wp:featuredmedia":[{"embeddable":true,"href":"https:\/\/framtidenskarriar.se\/ingenjor\/wp-json\/wp\/v2\/media\/5762"}],"wp:attachment":[{"href":"https:\/\/framtidenskarriar.se\/ingenjor\/wp-json\/wp\/v2\/media?parent=5761"}],"wp:term":[{"taxonomy":"category","embeddable":true,"href":"https:\/\/framtidenskarriar.se\/ingenjor\/wp-json\/wp\/v2\/categories?post=5761"},{"taxonomy":"post_tag","embeddable":true,"href":"https:\/\/framtidenskarriar.se\/ingenjor\/wp-json\/wp\/v2\/tags?post=5761"}],"curies":[{"name":"wp","href":"https:\/\/api.w.org\/{rel}","templated":true}]}}