{"id":5786,"date":"2017-06-15T14:04:39","date_gmt":"2017-06-15T12:04:39","guid":{"rendered":"http:\/\/framtidenskarriar.se\/ingenjor\/?p=5786"},"modified":"2017-06-15T14:04:39","modified_gmt":"2017-06-15T12:04:39","slug":"en-avgorande-tid-for-samhallsbyggare","status":"publish","type":"post","link":"https:\/\/framtidenskarriar.se\/ingenjor\/2017\/06\/15\/en-avgorande-tid-for-samhallsbyggare\/","title":{"rendered":"En avg\u00f6rande tid f\u00f6r samh\u00e4llsbyggare"},"content":{"rendered":"<p><figure id=\"attachment_5787\" aria-describedby=\"caption-attachment-5787\" style=\"width: 1000px\" class=\"wp-caption alignnone\"><img loading=\"lazy\" decoding=\"async\" src=\"https:\/\/framtidenskarriar.se\/ingenjor\/wp-content\/uploads\/sites\/14\/2017\/06\/samhalle1-centralen-plattform-highres.jpg\" alt=\"Station Centralen, V\u00e4stl\u00e4nken. Illustration: Metro Arkitekter\" width=\"1000\" height=\"573\" class=\"size-full wp-image-5787\" srcset=\"https:\/\/framtidenskarriar.se\/ingenjor\/wp-content\/uploads\/sites\/14\/2017\/06\/samhalle1-centralen-plattform-highres.jpg 1000w, https:\/\/framtidenskarriar.se\/ingenjor\/wp-content\/uploads\/sites\/14\/2017\/06\/samhalle1-centralen-plattform-highres-300x172.jpg 300w, https:\/\/framtidenskarriar.se\/ingenjor\/wp-content\/uploads\/sites\/14\/2017\/06\/samhalle1-centralen-plattform-highres-768x440.jpg 768w, https:\/\/framtidenskarriar.se\/ingenjor\/wp-content\/uploads\/sites\/14\/2017\/06\/samhalle1-centralen-plattform-highres-279x160.jpg 279w, https:\/\/framtidenskarriar.se\/ingenjor\/wp-content\/uploads\/sites\/14\/2017\/06\/samhalle1-centralen-plattform-highres-80x45.jpg 80w, https:\/\/framtidenskarriar.se\/ingenjor\/wp-content\/uploads\/sites\/14\/2017\/06\/samhalle1-centralen-plattform-highres-526x301.jpg 526w, https:\/\/framtidenskarriar.se\/ingenjor\/wp-content\/uploads\/sites\/14\/2017\/06\/samhalle1-centralen-plattform-highres-720x413.jpg 720w, https:\/\/framtidenskarriar.se\/ingenjor\/wp-content\/uploads\/sites\/14\/2017\/06\/samhalle1-centralen-plattform-highres-960x550.jpg 960w\" sizes=\"auto, (max-width: 1000px) 100vw, 1000px\" \/><figcaption id=\"caption-attachment-5787\" class=\"wp-caption-text\">Station Centralen, V\u00e4stl\u00e4nken. Illustration: Metro Arkitekter<\/figcaption><\/figure><strong>Mats P\u00e5hlsson, chef f\u00f6r \u00c5F:s division f\u00f6r infrastruktur, har arbetat med samh\u00e4llsbyggnad sedan slutet av 1970-talet.<br \/>\n\u2013 Jag har aldrig upplevt en st\u00f6rre samh\u00e4llsbyggnadsf\u00f6r\u00e4ndring \u00e4n den som nu p\u00e5g\u00e5r. St\u00e4derna v\u00e4xer inifr\u00e5n och trenden \u00e4r global.<\/strong><\/p>\n<p><figure id=\"attachment_5789\" aria-describedby=\"caption-attachment-5789\" style=\"width: 150px\" class=\"wp-caption alignright\"><img loading=\"lazy\" decoding=\"async\" src=\"http:\/\/framtidenskarriar.se\/ingenjor\/wp-content\/uploads\/2017\/06\/samhalle1_mats-pahlsson2-250x356.jpg\" alt=\"Mats P\u00e5hlsson, chef f\u00f6r \u00c5F:s division f\u00f6r infrastruktur. Foto: \u00c5F\" width=\"150\" height=\"214\" class=\"size-medium wp-image-5789\" \/><figcaption id=\"caption-attachment-5789\" class=\"wp-caption-text\">Mats P\u00e5hlsson, chef f\u00f6r \u00c5F:s division f\u00f6r infrastruktur. Foto: \u00c5F<\/figcaption><\/figure>Samh\u00e4llsbyggnad har g\u00e5tt som en r\u00f6d tr\u00e5d genom Mats P\u00e5hlssons yrkesliv, som arbetat b\u00e5de som entrepren\u00f6r och p\u00e5 teknikkonsultbolag. Sedan \u00e5tta \u00e5r tillbaka leder han \u00c5F:s division f\u00f6r infrastruktur, och konstaterar att det \u00e4r en sp\u00e4nnande tid f\u00f6r samh\u00e4llsbyggnad.<br \/>\n\u2013 I en stad kan man se st\u00f6rre och mindre \u00e5rsringar fr\u00e5n de g\u00e5ngna \u00e5rens samh\u00e4llsbyggen. Jag \u00e4r \u00f6vertygad om att den \u00e5rsring vi nu bygger kommer att vara synlig f\u00f6r m\u00e5nga generationer fram\u00f6ver.<br \/>\nMats P\u00e5hlsson p\u00e5pekar att den riktigt stora utv\u00e4xlingen av dagens infrastruktursatsningar ligger i framtiden.<br \/>\n\u2013 N\u00e4r du bygger ny infrastruktur f\u00f6r\u00e4ndrar du ocks\u00e5 samh\u00e4llet. Hur mycket stora infrastrukturprojekt som till exempel F\u00f6rbifart Stockholm och V\u00e4stl\u00e4nken kommer att p\u00e5verka samh\u00e4llsbyggnaden, det vet vi inte f\u00f6rr\u00e4n om 15, 20 \u00e5r. St\u00e4derna forts\u00e4tter att utvecklas efter de f\u00f6ruts\u00e4ttningar som den nya infrastrukturen ger.<\/p>\n<p><strong>Stor potential<\/strong><br \/>\nUnder de g\u00e5nga \u00e5ren har samh\u00e4llsbyggandet kommit att omfatta allt fler mjuka faktorer.<br \/>\n\u2013 Idag ses det inte enbart som en logistisk utmaning d\u00e4r det handlar om att f\u00e5 hus att inrymma tillr\u00e4ckligt m\u00e5nga m\u00e4nniskor eller arbetsplatser. D\u00e4r var vi p\u00e5 1960-talet, nu \u00e4r det mer fokus p\u00e5 att bygga st\u00e4der d\u00e4r m\u00e4nniskor m\u00e5r bra, kan leva och utvecklas i.<br \/>\nF\u00f6r \u00c5F:s del har det bland annat inneburit f\u00f6rv\u00e4rv av flera arkitektbolag.<br \/>\n\u2013 F\u00f6r att vara en akt\u00f6r som bygger de riktigt nyskapande och framst\u00e5ende stads- och samh\u00e4llsprojekten m\u00e5ste vi ha duktiga gestaltare. Avsikten \u00e4r inte att \u00e5stadkomma det mest flashiga resultatet, utan att folk ska bo bra och m\u00e5 gott i det vi bygger.<br \/>\nP\u00e5 fr\u00e5gan om han kan rekommendera andra att v\u00e4lja en karri\u00e4r inom samh\u00e4llsbyggnadssektorn blir svaret ett tvekl\u00f6st \u201dJa!\u201d<br \/>\n\u2013 H\u00e4r finns en stor utvecklingspotential och m\u00f6jligheter att odla intresse b\u00e5de f\u00f6r hur man f\u00e5r en betongkonstruktion att h\u00e5lla och hur m\u00e4nniskor lever och frodas. Det b\u00e4sta med mitt jobb \u00e4r att projekten best\u00e5r just av m\u00e4nniskor. Att tillsammans jobba f\u00f6r att skapa de milj\u00f6er, byggnader och projekt vi arbetar med \u00e4r roligast av allt. Jag \u00e4r grymt stolt \u00f6ver att vara en del av den h\u00e4r v\u00e4rlden.<\/p>\n<div class=\"faktaruta2-title\">Kan du t\u00e4nka dig att arbeta i samh\u00e4llsbyggnadsektorn? (om du bortser fr\u00e5n var du bor och arbetar idag)<\/div><div class=\"faktaruta2\"><img loading=\"lazy\" decoding=\"async\" src=\"https:\/\/framtidenskarriar.se\/ingenjor\/wp-content\/uploads\/sites\/14\/2017\/06\/samhalle1-graf.png\" alt=\"samhalle1_graf\" width=\"983\" height=\"156\" class=\"alignnone size-full wp-image-5788\" srcset=\"https:\/\/framtidenskarriar.se\/ingenjor\/wp-content\/uploads\/sites\/14\/2017\/06\/samhalle1-graf.png 983w, https:\/\/framtidenskarriar.se\/ingenjor\/wp-content\/uploads\/sites\/14\/2017\/06\/samhalle1-graf-300x48.png 300w, https:\/\/framtidenskarriar.se\/ingenjor\/wp-content\/uploads\/sites\/14\/2017\/06\/samhalle1-graf-768x122.png 768w, https:\/\/framtidenskarriar.se\/ingenjor\/wp-content\/uploads\/sites\/14\/2017\/06\/samhalle1-graf-526x83.png 526w, https:\/\/framtidenskarriar.se\/ingenjor\/wp-content\/uploads\/sites\/14\/2017\/06\/samhalle1-graf-720x114.png 720w, https:\/\/framtidenskarriar.se\/ingenjor\/wp-content\/uploads\/sites\/14\/2017\/06\/samhalle1-graf-960x152.png 960w\" sizes=\"auto, (max-width: 983px) 100vw, 983px\" \/><br \/>\n<\/div>\n","protected":false},"excerpt":{"rendered":"<p>Mats P\u00e5hlsson, chef f\u00f6r \u00c5F:s division f\u00f6r infrastruktur, har arbetat med samh\u00e4llsbyggnad sedan slutet av&#8230;<\/p>\n","protected":false},"author":3,"featured_media":5787,"comment_status":"closed","ping_status":"open","sticky":false,"template":"","format":"standard","meta":{"_acf_changed":false,"_monsterinsights_skip_tracking":false,"_monsterinsights_sitenote_active":false,"_monsterinsights_sitenote_note":"","_monsterinsights_sitenote_category":0,"footnotes":""},"categories":[1],"tags":[16,114,212,262],"class_list":["post-5786","post","type-post","status-publish","format-standard","has-post-thumbnail","hentry","category-artikel","tag-af","tag-infrastruktur","tag-samhallsbyggnad","tag-undersokning"],"acf":[],"yoast_head":"<!-- This site is optimized with the Yoast SEO plugin v27.3 - https:\/\/yoast.com\/product\/yoast-seo-wordpress\/ -->\n<title>En avg\u00f6rande tid f\u00f6r samh\u00e4llsbyggare - Framtidens Karri\u00e4r - Ingenj\u00f6r<\/title>\n<meta name=\"robots\" content=\"index, follow, max-snippet:-1, max-image-preview:large, max-video-preview:-1\" \/>\n<link rel=\"canonical\" href=\"https:\/\/framtidenskarriar.se\/ingenjor\/2017\/06\/15\/en-avgorande-tid-for-samhallsbyggare\/\" \/>\n<meta property=\"og:locale\" content=\"sv_SE\" \/>\n<meta property=\"og:type\" content=\"article\" \/>\n<meta property=\"og:title\" content=\"En avg\u00f6rande tid f\u00f6r samh\u00e4llsbyggare - Framtidens Karri\u00e4r - Ingenj\u00f6r\" \/>\n<meta property=\"og:description\" content=\"Mats P\u00e5hlsson, chef f\u00f6r \u00c5F:s division f\u00f6r infrastruktur, har arbetat med samh\u00e4llsbyggnad sedan slutet av...\" \/>\n<meta property=\"og:url\" content=\"https:\/\/framtidenskarriar.se\/ingenjor\/2017\/06\/15\/en-avgorande-tid-for-samhallsbyggare\/\" \/>\n<meta property=\"og:site_name\" content=\"Framtidens Karri\u00e4r - Ingenj\u00f6r\" \/>\n<meta property=\"article:published_time\" content=\"2017-06-15T12:04:39+00:00\" \/>\n<meta property=\"og:image\" content=\"https:\/\/framtidenskarriar.se\/ingenjor\/wp-content\/uploads\/sites\/14\/2017\/06\/samhalle1-centralen-plattform-highres.jpg\" \/>\n\t<meta property=\"og:image:width\" content=\"1000\" \/>\n\t<meta property=\"og:image:height\" content=\"573\" \/>\n\t<meta property=\"og:image:type\" content=\"image\/jpeg\" \/>\n<meta name=\"author\" content=\"stellanstal\" \/>\n<meta name=\"twitter:card\" content=\"summary_large_image\" \/>\n<meta name=\"twitter:label1\" content=\"Skriven av\" \/>\n\t<meta name=\"twitter:data1\" content=\"stellanstal\" \/>\n\t<meta name=\"twitter:label2\" content=\"Ber\u00e4knad l\u00e4stid\" \/>\n\t<meta name=\"twitter:data2\" content=\"3 minuter\" \/>\n<script type=\"application\/ld+json\" class=\"yoast-schema-graph\">{\"@context\":\"https:\\\/\\\/schema.org\",\"@graph\":[{\"@type\":\"Article\",\"@id\":\"https:\\\/\\\/framtidenskarriar.se\\\/ingenjor\\\/2017\\\/06\\\/15\\\/en-avgorande-tid-for-samhallsbyggare\\\/#article\",\"isPartOf\":{\"@id\":\"https:\\\/\\\/framtidenskarriar.se\\\/ingenjor\\\/2017\\\/06\\\/15\\\/en-avgorande-tid-for-samhallsbyggare\\\/\"},\"author\":{\"name\":\"stellanstal\",\"@id\":\"https:\\\/\\\/framtidenskarriar.se\\\/ingenjor\\\/#\\\/schema\\\/person\\\/c8a43eb855191e573b73ecf8987a3b99\"},\"headline\":\"En avg\u00f6rande tid f\u00f6r samh\u00e4llsbyggare\",\"datePublished\":\"2017-06-15T12:04:39+00:00\",\"mainEntityOfPage\":{\"@id\":\"https:\\\/\\\/framtidenskarriar.se\\\/ingenjor\\\/2017\\\/06\\\/15\\\/en-avgorande-tid-for-samhallsbyggare\\\/\"},\"wordCount\":523,\"image\":{\"@id\":\"https:\\\/\\\/framtidenskarriar.se\\\/ingenjor\\\/2017\\\/06\\\/15\\\/en-avgorande-tid-for-samhallsbyggare\\\/#primaryimage\"},\"thumbnailUrl\":\"https:\\\/\\\/framtidenskarriar.se\\\/ingenjor\\\/wp-content\\\/uploads\\\/sites\\\/14\\\/2017\\\/06\\\/samhalle1-centralen-plattform-highres.jpg\",\"keywords\":[\"\u00c5F\",\"Infrastruktur\",\"Samh\u00e4llsbyggnad\",\"Unders\u00f6kning\"],\"articleSection\":[\"Artikel\"],\"inLanguage\":\"sv-SE\"},{\"@type\":\"WebPage\",\"@id\":\"https:\\\/\\\/framtidenskarriar.se\\\/ingenjor\\\/2017\\\/06\\\/15\\\/en-avgorande-tid-for-samhallsbyggare\\\/\",\"url\":\"https:\\\/\\\/framtidenskarriar.se\\\/ingenjor\\\/2017\\\/06\\\/15\\\/en-avgorande-tid-for-samhallsbyggare\\\/\",\"name\":\"En avg\u00f6rande tid f\u00f6r samh\u00e4llsbyggare - Framtidens Karri\u00e4r - Ingenj\u00f6r\",\"isPartOf\":{\"@id\":\"https:\\\/\\\/framtidenskarriar.se\\\/ingenjor\\\/#website\"},\"primaryImageOfPage\":{\"@id\":\"https:\\\/\\\/framtidenskarriar.se\\\/ingenjor\\\/2017\\\/06\\\/15\\\/en-avgorande-tid-for-samhallsbyggare\\\/#primaryimage\"},\"image\":{\"@id\":\"https:\\\/\\\/framtidenskarriar.se\\\/ingenjor\\\/2017\\\/06\\\/15\\\/en-avgorande-tid-for-samhallsbyggare\\\/#primaryimage\"},\"thumbnailUrl\":\"https:\\\/\\\/framtidenskarriar.se\\\/ingenjor\\\/wp-content\\\/uploads\\\/sites\\\/14\\\/2017\\\/06\\\/samhalle1-centralen-plattform-highres.jpg\",\"datePublished\":\"2017-06-15T12:04:39+00:00\",\"author\":{\"@id\":\"https:\\\/\\\/framtidenskarriar.se\\\/ingenjor\\\/#\\\/schema\\\/person\\\/c8a43eb855191e573b73ecf8987a3b99\"},\"breadcrumb\":{\"@id\":\"https:\\\/\\\/framtidenskarriar.se\\\/ingenjor\\\/2017\\\/06\\\/15\\\/en-avgorande-tid-for-samhallsbyggare\\\/#breadcrumb\"},\"inLanguage\":\"sv-SE\",\"potentialAction\":[{\"@type\":\"ReadAction\",\"target\":[\"https:\\\/\\\/framtidenskarriar.se\\\/ingenjor\\\/2017\\\/06\\\/15\\\/en-avgorande-tid-for-samhallsbyggare\\\/\"]}]},{\"@type\":\"ImageObject\",\"inLanguage\":\"sv-SE\",\"@id\":\"https:\\\/\\\/framtidenskarriar.se\\\/ingenjor\\\/2017\\\/06\\\/15\\\/en-avgorande-tid-for-samhallsbyggare\\\/#primaryimage\",\"url\":\"https:\\\/\\\/framtidenskarriar.se\\\/ingenjor\\\/wp-content\\\/uploads\\\/sites\\\/14\\\/2017\\\/06\\\/samhalle1-centralen-plattform-highres.jpg\",\"contentUrl\":\"https:\\\/\\\/framtidenskarriar.se\\\/ingenjor\\\/wp-content\\\/uploads\\\/sites\\\/14\\\/2017\\\/06\\\/samhalle1-centralen-plattform-highres.jpg\",\"width\":1000,\"height\":573,\"caption\":\"Station Centralen, V\u00e4stl\u00e4nken. Illustration: Metro Arkitekter\"},{\"@type\":\"BreadcrumbList\",\"@id\":\"https:\\\/\\\/framtidenskarriar.se\\\/ingenjor\\\/2017\\\/06\\\/15\\\/en-avgorande-tid-for-samhallsbyggare\\\/#breadcrumb\",\"itemListElement\":[{\"@type\":\"ListItem\",\"position\":1,\"name\":\"Home\",\"item\":\"https:\\\/\\\/framtidenskarriar.se\\\/ingenjor\\\/\"},{\"@type\":\"ListItem\",\"position\":2,\"name\":\"En avg\u00f6rande tid f\u00f6r samh\u00e4llsbyggare\"}]},{\"@type\":\"WebSite\",\"@id\":\"https:\\\/\\\/framtidenskarriar.se\\\/ingenjor\\\/#website\",\"url\":\"https:\\\/\\\/framtidenskarriar.se\\\/ingenjor\\\/\",\"name\":\"Framtidens Karri\u00e4r - Ingenj\u00f6r\",\"description\":\"Just another NMDashboard.se Sites site\",\"potentialAction\":[{\"@type\":\"SearchAction\",\"target\":{\"@type\":\"EntryPoint\",\"urlTemplate\":\"https:\\\/\\\/framtidenskarriar.se\\\/ingenjor\\\/?s={search_term_string}\"},\"query-input\":{\"@type\":\"PropertyValueSpecification\",\"valueRequired\":true,\"valueName\":\"search_term_string\"}}],\"inLanguage\":\"sv-SE\"},{\"@type\":\"Person\",\"@id\":\"https:\\\/\\\/framtidenskarriar.se\\\/ingenjor\\\/#\\\/schema\\\/person\\\/c8a43eb855191e573b73ecf8987a3b99\",\"name\":\"stellanstal\",\"image\":{\"@type\":\"ImageObject\",\"inLanguage\":\"sv-SE\",\"@id\":\"https:\\\/\\\/secure.gravatar.com\\\/avatar\\\/cd330fa6bb17f598124b2068ee0b189e4fe0987a50af9d53b78410836060d0c9?s=96&d=mm&r=g\",\"url\":\"https:\\\/\\\/secure.gravatar.com\\\/avatar\\\/cd330fa6bb17f598124b2068ee0b189e4fe0987a50af9d53b78410836060d0c9?s=96&d=mm&r=g\",\"contentUrl\":\"https:\\\/\\\/secure.gravatar.com\\\/avatar\\\/cd330fa6bb17f598124b2068ee0b189e4fe0987a50af9d53b78410836060d0c9?s=96&d=mm&r=g\",\"caption\":\"stellanstal\"},\"url\":\"https:\\\/\\\/framtidenskarriar.se\\\/ingenjor\\\/author\\\/stellanstal\\\/\"}]}<\/script>\n<!-- \/ Yoast SEO plugin. -->","yoast_head_json":{"title":"En avg\u00f6rande tid f\u00f6r samh\u00e4llsbyggare - Framtidens Karri\u00e4r - Ingenj\u00f6r","robots":{"index":"index","follow":"follow","max-snippet":"max-snippet:-1","max-image-preview":"max-image-preview:large","max-video-preview":"max-video-preview:-1"},"canonical":"https:\/\/framtidenskarriar.se\/ingenjor\/2017\/06\/15\/en-avgorande-tid-for-samhallsbyggare\/","og_locale":"sv_SE","og_type":"article","og_title":"En avg\u00f6rande tid f\u00f6r samh\u00e4llsbyggare - Framtidens Karri\u00e4r - Ingenj\u00f6r","og_description":"Mats P\u00e5hlsson, chef f\u00f6r \u00c5F:s division f\u00f6r infrastruktur, har arbetat med samh\u00e4llsbyggnad sedan slutet av...","og_url":"https:\/\/framtidenskarriar.se\/ingenjor\/2017\/06\/15\/en-avgorande-tid-for-samhallsbyggare\/","og_site_name":"Framtidens Karri\u00e4r - Ingenj\u00f6r","article_published_time":"2017-06-15T12:04:39+00:00","og_image":[{"width":1000,"height":573,"url":"https:\/\/framtidenskarriar.se\/ingenjor\/wp-content\/uploads\/sites\/14\/2017\/06\/samhalle1-centralen-plattform-highres.jpg","type":"image\/jpeg"}],"author":"stellanstal","twitter_card":"summary_large_image","twitter_misc":{"Skriven av":"stellanstal","Ber\u00e4knad l\u00e4stid":"3 minuter"},"schema":{"@context":"https:\/\/schema.org","@graph":[{"@type":"Article","@id":"https:\/\/framtidenskarriar.se\/ingenjor\/2017\/06\/15\/en-avgorande-tid-for-samhallsbyggare\/#article","isPartOf":{"@id":"https:\/\/framtidenskarriar.se\/ingenjor\/2017\/06\/15\/en-avgorande-tid-for-samhallsbyggare\/"},"author":{"name":"stellanstal","@id":"https:\/\/framtidenskarriar.se\/ingenjor\/#\/schema\/person\/c8a43eb855191e573b73ecf8987a3b99"},"headline":"En avg\u00f6rande tid f\u00f6r samh\u00e4llsbyggare","datePublished":"2017-06-15T12:04:39+00:00","mainEntityOfPage":{"@id":"https:\/\/framtidenskarriar.se\/ingenjor\/2017\/06\/15\/en-avgorande-tid-for-samhallsbyggare\/"},"wordCount":523,"image":{"@id":"https:\/\/framtidenskarriar.se\/ingenjor\/2017\/06\/15\/en-avgorande-tid-for-samhallsbyggare\/#primaryimage"},"thumbnailUrl":"https:\/\/framtidenskarriar.se\/ingenjor\/wp-content\/uploads\/sites\/14\/2017\/06\/samhalle1-centralen-plattform-highres.jpg","keywords":["\u00c5F","Infrastruktur","Samh\u00e4llsbyggnad","Unders\u00f6kning"],"articleSection":["Artikel"],"inLanguage":"sv-SE"},{"@type":"WebPage","@id":"https:\/\/framtidenskarriar.se\/ingenjor\/2017\/06\/15\/en-avgorande-tid-for-samhallsbyggare\/","url":"https:\/\/framtidenskarriar.se\/ingenjor\/2017\/06\/15\/en-avgorande-tid-for-samhallsbyggare\/","name":"En avg\u00f6rande tid f\u00f6r samh\u00e4llsbyggare - Framtidens Karri\u00e4r - Ingenj\u00f6r","isPartOf":{"@id":"https:\/\/framtidenskarriar.se\/ingenjor\/#website"},"primaryImageOfPage":{"@id":"https:\/\/framtidenskarriar.se\/ingenjor\/2017\/06\/15\/en-avgorande-tid-for-samhallsbyggare\/#primaryimage"},"image":{"@id":"https:\/\/framtidenskarriar.se\/ingenjor\/2017\/06\/15\/en-avgorande-tid-for-samhallsbyggare\/#primaryimage"},"thumbnailUrl":"https:\/\/framtidenskarriar.se\/ingenjor\/wp-content\/uploads\/sites\/14\/2017\/06\/samhalle1-centralen-plattform-highres.jpg","datePublished":"2017-06-15T12:04:39+00:00","author":{"@id":"https:\/\/framtidenskarriar.se\/ingenjor\/#\/schema\/person\/c8a43eb855191e573b73ecf8987a3b99"},"breadcrumb":{"@id":"https:\/\/framtidenskarriar.se\/ingenjor\/2017\/06\/15\/en-avgorande-tid-for-samhallsbyggare\/#breadcrumb"},"inLanguage":"sv-SE","potentialAction":[{"@type":"ReadAction","target":["https:\/\/framtidenskarriar.se\/ingenjor\/2017\/06\/15\/en-avgorande-tid-for-samhallsbyggare\/"]}]},{"@type":"ImageObject","inLanguage":"sv-SE","@id":"https:\/\/framtidenskarriar.se\/ingenjor\/2017\/06\/15\/en-avgorande-tid-for-samhallsbyggare\/#primaryimage","url":"https:\/\/framtidenskarriar.se\/ingenjor\/wp-content\/uploads\/sites\/14\/2017\/06\/samhalle1-centralen-plattform-highres.jpg","contentUrl":"https:\/\/framtidenskarriar.se\/ingenjor\/wp-content\/uploads\/sites\/14\/2017\/06\/samhalle1-centralen-plattform-highres.jpg","width":1000,"height":573,"caption":"Station Centralen, V\u00e4stl\u00e4nken. Illustration: Metro Arkitekter"},{"@type":"BreadcrumbList","@id":"https:\/\/framtidenskarriar.se\/ingenjor\/2017\/06\/15\/en-avgorande-tid-for-samhallsbyggare\/#breadcrumb","itemListElement":[{"@type":"ListItem","position":1,"name":"Home","item":"https:\/\/framtidenskarriar.se\/ingenjor\/"},{"@type":"ListItem","position":2,"name":"En avg\u00f6rande tid f\u00f6r samh\u00e4llsbyggare"}]},{"@type":"WebSite","@id":"https:\/\/framtidenskarriar.se\/ingenjor\/#website","url":"https:\/\/framtidenskarriar.se\/ingenjor\/","name":"Framtidens Karri\u00e4r - Ingenj\u00f6r","description":"Just another NMDashboard.se Sites site","potentialAction":[{"@type":"SearchAction","target":{"@type":"EntryPoint","urlTemplate":"https:\/\/framtidenskarriar.se\/ingenjor\/?s={search_term_string}"},"query-input":{"@type":"PropertyValueSpecification","valueRequired":true,"valueName":"search_term_string"}}],"inLanguage":"sv-SE"},{"@type":"Person","@id":"https:\/\/framtidenskarriar.se\/ingenjor\/#\/schema\/person\/c8a43eb855191e573b73ecf8987a3b99","name":"stellanstal","image":{"@type":"ImageObject","inLanguage":"sv-SE","@id":"https:\/\/secure.gravatar.com\/avatar\/cd330fa6bb17f598124b2068ee0b189e4fe0987a50af9d53b78410836060d0c9?s=96&d=mm&r=g","url":"https:\/\/secure.gravatar.com\/avatar\/cd330fa6bb17f598124b2068ee0b189e4fe0987a50af9d53b78410836060d0c9?s=96&d=mm&r=g","contentUrl":"https:\/\/secure.gravatar.com\/avatar\/cd330fa6bb17f598124b2068ee0b189e4fe0987a50af9d53b78410836060d0c9?s=96&d=mm&r=g","caption":"stellanstal"},"url":"https:\/\/framtidenskarriar.se\/ingenjor\/author\/stellanstal\/"}]}},"_links":{"self":[{"href":"https:\/\/framtidenskarriar.se\/ingenjor\/wp-json\/wp\/v2\/posts\/5786","targetHints":{"allow":["GET"]}}],"collection":[{"href":"https:\/\/framtidenskarriar.se\/ingenjor\/wp-json\/wp\/v2\/posts"}],"about":[{"href":"https:\/\/framtidenskarriar.se\/ingenjor\/wp-json\/wp\/v2\/types\/post"}],"author":[{"embeddable":true,"href":"https:\/\/framtidenskarriar.se\/ingenjor\/wp-json\/wp\/v2\/users\/3"}],"replies":[{"embeddable":true,"href":"https:\/\/framtidenskarriar.se\/ingenjor\/wp-json\/wp\/v2\/comments?post=5786"}],"version-history":[{"count":0,"href":"https:\/\/framtidenskarriar.se\/ingenjor\/wp-json\/wp\/v2\/posts\/5786\/revisions"}],"wp:featuredmedia":[{"embeddable":true,"href":"https:\/\/framtidenskarriar.se\/ingenjor\/wp-json\/wp\/v2\/media\/5787"}],"wp:attachment":[{"href":"https:\/\/framtidenskarriar.se\/ingenjor\/wp-json\/wp\/v2\/media?parent=5786"}],"wp:term":[{"taxonomy":"category","embeddable":true,"href":"https:\/\/framtidenskarriar.se\/ingenjor\/wp-json\/wp\/v2\/categories?post=5786"},{"taxonomy":"post_tag","embeddable":true,"href":"https:\/\/framtidenskarriar.se\/ingenjor\/wp-json\/wp\/v2\/tags?post=5786"}],"curies":[{"name":"wp","href":"https:\/\/api.w.org\/{rel}","templated":true}]}}