{"id":5810,"date":"2017-06-15T14:37:01","date_gmt":"2017-06-15T12:37:01","guid":{"rendered":"http:\/\/framtidenskarriar.se\/ingenjor\/?p=5810"},"modified":"2017-06-15T14:37:01","modified_gmt":"2017-06-15T12:37:01","slug":"ericssons-vd-ser-ljust-pa-uppkopplad-framtid","status":"publish","type":"post","link":"https:\/\/framtidenskarriar.se\/ingenjor\/2017\/06\/15\/ericssons-vd-ser-ljust-pa-uppkopplad-framtid\/","title":{"rendered":"Ericssons vd ser ljust p\u00e5 uppkopplad framtid"},"content":{"rendered":"<p><figure id=\"attachment_5811\" aria-describedby=\"caption-attachment-5811\" style=\"width: 1000px\" class=\"wp-caption alignnone\"><img loading=\"lazy\" decoding=\"async\" src=\"https:\/\/framtidenskarriar.se\/ingenjor\/wp-content\/uploads\/sites\/14\/2017\/06\/telekom-borje-ekholm-170118-0284.jpg\" alt=\"B\u00f6rje Ekholm, vd och koncernchef Ericsson. Foto: Per Myrehed\" width=\"1000\" height=\"651\" class=\"size-full wp-image-5811\" srcset=\"https:\/\/framtidenskarriar.se\/ingenjor\/wp-content\/uploads\/sites\/14\/2017\/06\/telekom-borje-ekholm-170118-0284.jpg 1000w, https:\/\/framtidenskarriar.se\/ingenjor\/wp-content\/uploads\/sites\/14\/2017\/06\/telekom-borje-ekholm-170118-0284-300x195.jpg 300w, https:\/\/framtidenskarriar.se\/ingenjor\/wp-content\/uploads\/sites\/14\/2017\/06\/telekom-borje-ekholm-170118-0284-768x500.jpg 768w, https:\/\/framtidenskarriar.se\/ingenjor\/wp-content\/uploads\/sites\/14\/2017\/06\/telekom-borje-ekholm-170118-0284-246x160.jpg 246w, https:\/\/framtidenskarriar.se\/ingenjor\/wp-content\/uploads\/sites\/14\/2017\/06\/telekom-borje-ekholm-170118-0284-526x342.jpg 526w, https:\/\/framtidenskarriar.se\/ingenjor\/wp-content\/uploads\/sites\/14\/2017\/06\/telekom-borje-ekholm-170118-0284-720x469.jpg 720w, https:\/\/framtidenskarriar.se\/ingenjor\/wp-content\/uploads\/sites\/14\/2017\/06\/telekom-borje-ekholm-170118-0284-960x625.jpg 960w\" sizes=\"auto, (max-width: 1000px) 100vw, 1000px\" \/><figcaption id=\"caption-attachment-5811\" class=\"wp-caption-text\">B\u00f6rje Ekholm, vd och koncernchef Ericsson. Foto: Per Myrehed<\/figcaption><\/figure><strong>En tillv\u00e4xt p\u00e5 drygt 50 procent av trafiken i mobiln\u00e4ten f\u00f6rra \u00e5ret i kombination med att allt fler saker och maskiner kopplas upp, och b\u00e4ddar f\u00f6r 5G, g\u00f6r att Ericssons vd och koncernchef B\u00f6rje Ekholm ser en sp\u00e4nnande tid bland annat f\u00f6r ingenj\u00f6rer som vill delta i den h\u00e4r utvecklingen. De n\u00e4rmaste \u00e5ren ska 1&nbsp;000 ingenj\u00f6rer nyanst\u00e4llas.<\/strong><\/p>\n<p><strong><em>Hur ser du p\u00e5 utvecklingen inom telekombranschen just nu?<\/em><\/strong><br \/>\n\u2013 Det \u00e4r sp\u00e4nnande bransch med olika utmaningar och med en stor aff\u00e4rspotential. Idag har de flesta m\u00e4nniskor minst ett mobiltelefonabonnemang och det finns 4,3 miljarder mobila bredbandsabonnemang i v\u00e4rlden \u2013 och \u00f6kningen under f\u00f6rra \u00e5ret var \u00f6ver 25 procent. De senaste \u00e5ren har \u00e4ven trafiken i mobiln\u00e4tet fullkomligt exploderat. Mellan slutet av 2015 och slutet av 2016 \u00f6kade trafiken med hela 55 procent.* Att m\u00e4nniskor vill ha och beh\u00f6ver tillg\u00e5ng till mobiltelefoni och mobilt bredband \u00e4r allts\u00e5 helt uppenbart. Nu ser vi att marknaden f\u00f6r\u00e4ndras igen genom n\u00e4sta generations mobilteknik, 5G.<br \/>\n\u2013 Utvecklingen g\u00e5r mot att koppla ihop fler och fler saker och maskiner, det vi kallar IoT eller sakernas internet. 5G kommer att f\u00f6r\u00e4ndra och driva innovation i alla branscher och vi ser redan att intresset \u00e4r mycket stort, b\u00e5de bland v\u00e5ra kunder och fr\u00e5n andra industrier, f\u00f6r m\u00f6jligheterna som 5G kommer att inneb\u00e4ra. Med v\u00e4sentligt h\u00f6gre tillf\u00f6rlitlighet \u00e4n idag, extremt l\u00e5g f\u00f6rdr\u00f6jning, och molnbaserade tj\u00e4nster \u00f6ppnas m\u00f6jligheten att kostnadseffektivt adressera bland annat industrier inom tillverkning, transport, och logistik. Fr\u00e5n att n\u00e4ten har varit lite \u201dbest effort\u201d f\u00e5r de med 5G en mycket viktig roll f\u00f6r b\u00e5de f\u00f6retag och konsumenter. De investeringar som v\u00e5ra kunder kommer att g\u00f6ra i 4G-uppgraderingar och 5G inneb\u00e4r dessutom att n\u00e4ten kan hantera 100 g\u00e5nger fler uppkopplade enheter med upp till 10 \u00e5rs batteritid. Vi \u00e4r \u00f6vertygade om att marknaden har en mycket stor potential. <\/p>\n<p><strong><em>Vilka \u00e4r de st\u00f6rsta m\u00f6jligheterna resp. utmaningarna f\u00f6r branschen och Ericsson?<\/em><\/strong><br \/>\n\u2013 V\u00e5ra kunder, som fr\u00e4mst \u00e4r telekom-operat\u00f6rer, verkar p\u00e5 en marknad som f\u00f6r\u00e4ndras snabbt eftersom deras kunder, konsumenterna, f\u00f6rv\u00e4ntar sig b\u00e4ttre tj\u00e4nster och snabbare n\u00e4t till en l\u00e4gre kostnad. Samtidigt inneb\u00e4r det stora m\u00f6jligheter och Ericsson har en ledande position p\u00e5 marknaden.<br \/>\n\u2013 Ericsson handlar om v\u00e5r starka ingenj\u00f6rskunskap och starka kompetens. Det g\u00e4ller alla delar av f\u00f6retaget \u2013 forskning och utveckling, tj\u00e4nsteleverans, f\u00f6rs\u00e4ljning och koncernfunktioner. Vi som bolag m\u00e5ste vara i den absoluta framkanten av teknikutvecklingen och f\u00f6retaget har en unik m\u00f6jlighet att g\u00f6ra det genom att kombinera v\u00e5r styrka i b\u00e5de produkter och tj\u00e4nster f\u00f6r att skapa de r\u00e4tta l\u00f6sningarna f\u00f6r v\u00e5ra kunder.<br \/>\n\u2013 Det \u00e4r en sp\u00e4nnande tid f\u00f6r bland annat ingenj\u00f6rer att komma in i den h\u00e4r utvecklingen. Det \u00e4r en del i Ericssons strategi att satsa p\u00e5 nya omr\u00e5den. Inom morgondagens teknikl\u00f6sningar beh\u00f6ver vi f\u00f6rst\u00e4rka v\u00e5r kompetens med nya ingenj\u00f6rer f\u00f6r att beh\u00e5lla v\u00e5r position. Sverige \u00e4r hj\u00e4rtat i v\u00e5r globala forskning och utveckling inom radioteknik. Totalt har vi \u00f6ver 8&nbsp;000 medarbetare i Sverige inom forskning och utveckling. De kommande tre \u00e5ren kommer vi att beh\u00f6va rekrytera omkring 1&nbsp;000 ingenj\u00f6rer och vi har redan startat det arbetet och ser att vi f\u00e5r m\u00e5nga s\u00f6kanden till v\u00e5ra olika utvecklingssiter. <\/p>\n<p><strong><em>Vad \u00e4r roligast med att vara vd f\u00f6r Ericsson?<\/em><\/strong><br \/>\n\u2013 Det \u00e4r ett oerh\u00f6rt f\u00f6rtroende att f\u00e5 vara vd f\u00f6r Ericsson. Jag har alltid beundrat bolaget och jag har ju ocks\u00e5 suttit i styrelsen i tio \u00e5r s\u00e5 jag har stor del av mitt hj\u00e4rta h\u00e4r. Och s\u00e5 sporras jag av utmaningar s\u00e5 d\u00e4rf\u00f6r ser jag fram emot att jobba vidare med v\u00e5r fokuserade strategi som vi meddelade under v\u00e5ren. Sedan jag startade i januari har jag m\u00f6tt v\u00e4ldigt m\u00e5nga kompetenta och professionella medarbetare och jag slutar aldrig att imponeras av deras drivkraft och engagemang. <\/p>\n<p><strong><em>Kort om din egen ingenj\u00f6rsbakgrund.<\/em><\/strong><br \/>\n\u2013 Jag \u00e4r civilingenj\u00f6r i elektroteknik och har examen fr\u00e5n KTH i Stockholm. Jag har inte arbetat som renodlad ingenj\u00f6r men utbildningen har varit grunden i min karri\u00e4r och fr\u00e5n den har jag f\u00e5tt kunskap om hur jag kan adressera och l\u00f6sa problem. Under m\u00e5nga \u00e5r var jag ocks\u00e5 ordf\u00f6rande f\u00f6r KTH och det har sj\u00e4lvfallet gett mig insyn i och kunskap inom teknikomr\u00e5det. <\/p>\n<p><em>* Ericsson Mobility Report<\/p>\n<p><strong>Fotnot: Den h\u00e4r intervjun gjordes via e-post<\/strong><\/em><\/p>\n","protected":false},"excerpt":{"rendered":"<p>En tillv\u00e4xt p\u00e5 drygt 50 procent av trafiken i mobiln\u00e4ten f\u00f6rra \u00e5ret i kombination med&#8230;<\/p>\n","protected":false},"author":3,"featured_media":5811,"comment_status":"closed","ping_status":"open","sticky":false,"template":"","format":"standard","meta":{"_acf_changed":false,"_monsterinsights_skip_tracking":false,"_monsterinsights_sitenote_active":false,"_monsterinsights_sitenote_note":"","_monsterinsights_sitenote_category":0,"footnotes":""},"categories":[1],"tags":[65,106,257,266],"class_list":["post-5810","post","type-post","status-publish","format-standard","has-post-thumbnail","hentry","category-artikel","tag-ericsson","tag-hogteknologi","tag-telekomsektorn","tag-utveckling"],"acf":[],"yoast_head":"<!-- This site is optimized with the Yoast SEO plugin v27.3 - https:\/\/yoast.com\/product\/yoast-seo-wordpress\/ -->\n<title>Ericssons vd ser ljust p\u00e5 uppkopplad framtid - Framtidens Karri\u00e4r - Ingenj\u00f6r<\/title>\n<meta name=\"robots\" content=\"index, follow, max-snippet:-1, max-image-preview:large, max-video-preview:-1\" \/>\n<link rel=\"canonical\" href=\"https:\/\/framtidenskarriar.se\/ingenjor\/2017\/06\/15\/ericssons-vd-ser-ljust-pa-uppkopplad-framtid\/\" \/>\n<meta property=\"og:locale\" content=\"sv_SE\" \/>\n<meta property=\"og:type\" content=\"article\" \/>\n<meta property=\"og:title\" content=\"Ericssons vd ser ljust p\u00e5 uppkopplad framtid - Framtidens Karri\u00e4r - Ingenj\u00f6r\" \/>\n<meta property=\"og:description\" content=\"En tillv\u00e4xt p\u00e5 drygt 50 procent av trafiken i mobiln\u00e4ten f\u00f6rra \u00e5ret i kombination med...\" \/>\n<meta property=\"og:url\" content=\"https:\/\/framtidenskarriar.se\/ingenjor\/2017\/06\/15\/ericssons-vd-ser-ljust-pa-uppkopplad-framtid\/\" \/>\n<meta property=\"og:site_name\" content=\"Framtidens Karri\u00e4r - Ingenj\u00f6r\" \/>\n<meta property=\"article:published_time\" content=\"2017-06-15T12:37:01+00:00\" \/>\n<meta property=\"og:image\" content=\"https:\/\/framtidenskarriar.se\/ingenjor\/wp-content\/uploads\/sites\/14\/2017\/06\/telekom-borje-ekholm-170118-0284.jpg\" \/>\n\t<meta property=\"og:image:width\" content=\"1000\" \/>\n\t<meta property=\"og:image:height\" content=\"651\" \/>\n\t<meta property=\"og:image:type\" content=\"image\/jpeg\" \/>\n<meta name=\"author\" content=\"stellanstal\" \/>\n<meta name=\"twitter:card\" content=\"summary_large_image\" \/>\n<meta name=\"twitter:label1\" content=\"Skriven av\" \/>\n\t<meta name=\"twitter:data1\" content=\"stellanstal\" \/>\n\t<meta name=\"twitter:label2\" content=\"Ber\u00e4knad l\u00e4stid\" \/>\n\t<meta name=\"twitter:data2\" content=\"4 minuter\" \/>\n<script type=\"application\/ld+json\" class=\"yoast-schema-graph\">{\"@context\":\"https:\\\/\\\/schema.org\",\"@graph\":[{\"@type\":\"Article\",\"@id\":\"https:\\\/\\\/framtidenskarriar.se\\\/ingenjor\\\/2017\\\/06\\\/15\\\/ericssons-vd-ser-ljust-pa-uppkopplad-framtid\\\/#article\",\"isPartOf\":{\"@id\":\"https:\\\/\\\/framtidenskarriar.se\\\/ingenjor\\\/2017\\\/06\\\/15\\\/ericssons-vd-ser-ljust-pa-uppkopplad-framtid\\\/\"},\"author\":{\"name\":\"stellanstal\",\"@id\":\"https:\\\/\\\/framtidenskarriar.se\\\/ingenjor\\\/#\\\/schema\\\/person\\\/c8a43eb855191e573b73ecf8987a3b99\"},\"headline\":\"Ericssons vd ser ljust p\u00e5 uppkopplad framtid\",\"datePublished\":\"2017-06-15T12:37:01+00:00\",\"mainEntityOfPage\":{\"@id\":\"https:\\\/\\\/framtidenskarriar.se\\\/ingenjor\\\/2017\\\/06\\\/15\\\/ericssons-vd-ser-ljust-pa-uppkopplad-framtid\\\/\"},\"wordCount\":831,\"image\":{\"@id\":\"https:\\\/\\\/framtidenskarriar.se\\\/ingenjor\\\/2017\\\/06\\\/15\\\/ericssons-vd-ser-ljust-pa-uppkopplad-framtid\\\/#primaryimage\"},\"thumbnailUrl\":\"https:\\\/\\\/framtidenskarriar.se\\\/ingenjor\\\/wp-content\\\/uploads\\\/sites\\\/14\\\/2017\\\/06\\\/telekom-borje-ekholm-170118-0284.jpg\",\"keywords\":[\"Ericsson\",\"H\u00f6gteknologi\",\"Telekomsektorn\",\"Utveckling\"],\"articleSection\":[\"Artikel\"],\"inLanguage\":\"sv-SE\"},{\"@type\":\"WebPage\",\"@id\":\"https:\\\/\\\/framtidenskarriar.se\\\/ingenjor\\\/2017\\\/06\\\/15\\\/ericssons-vd-ser-ljust-pa-uppkopplad-framtid\\\/\",\"url\":\"https:\\\/\\\/framtidenskarriar.se\\\/ingenjor\\\/2017\\\/06\\\/15\\\/ericssons-vd-ser-ljust-pa-uppkopplad-framtid\\\/\",\"name\":\"Ericssons vd ser ljust p\u00e5 uppkopplad framtid - Framtidens Karri\u00e4r - Ingenj\u00f6r\",\"isPartOf\":{\"@id\":\"https:\\\/\\\/framtidenskarriar.se\\\/ingenjor\\\/#website\"},\"primaryImageOfPage\":{\"@id\":\"https:\\\/\\\/framtidenskarriar.se\\\/ingenjor\\\/2017\\\/06\\\/15\\\/ericssons-vd-ser-ljust-pa-uppkopplad-framtid\\\/#primaryimage\"},\"image\":{\"@id\":\"https:\\\/\\\/framtidenskarriar.se\\\/ingenjor\\\/2017\\\/06\\\/15\\\/ericssons-vd-ser-ljust-pa-uppkopplad-framtid\\\/#primaryimage\"},\"thumbnailUrl\":\"https:\\\/\\\/framtidenskarriar.se\\\/ingenjor\\\/wp-content\\\/uploads\\\/sites\\\/14\\\/2017\\\/06\\\/telekom-borje-ekholm-170118-0284.jpg\",\"datePublished\":\"2017-06-15T12:37:01+00:00\",\"author\":{\"@id\":\"https:\\\/\\\/framtidenskarriar.se\\\/ingenjor\\\/#\\\/schema\\\/person\\\/c8a43eb855191e573b73ecf8987a3b99\"},\"breadcrumb\":{\"@id\":\"https:\\\/\\\/framtidenskarriar.se\\\/ingenjor\\\/2017\\\/06\\\/15\\\/ericssons-vd-ser-ljust-pa-uppkopplad-framtid\\\/#breadcrumb\"},\"inLanguage\":\"sv-SE\",\"potentialAction\":[{\"@type\":\"ReadAction\",\"target\":[\"https:\\\/\\\/framtidenskarriar.se\\\/ingenjor\\\/2017\\\/06\\\/15\\\/ericssons-vd-ser-ljust-pa-uppkopplad-framtid\\\/\"]}]},{\"@type\":\"ImageObject\",\"inLanguage\":\"sv-SE\",\"@id\":\"https:\\\/\\\/framtidenskarriar.se\\\/ingenjor\\\/2017\\\/06\\\/15\\\/ericssons-vd-ser-ljust-pa-uppkopplad-framtid\\\/#primaryimage\",\"url\":\"https:\\\/\\\/framtidenskarriar.se\\\/ingenjor\\\/wp-content\\\/uploads\\\/sites\\\/14\\\/2017\\\/06\\\/telekom-borje-ekholm-170118-0284.jpg\",\"contentUrl\":\"https:\\\/\\\/framtidenskarriar.se\\\/ingenjor\\\/wp-content\\\/uploads\\\/sites\\\/14\\\/2017\\\/06\\\/telekom-borje-ekholm-170118-0284.jpg\",\"width\":1000,\"height\":651,\"caption\":\"B\u00f6rje Ekholm, vd och koncernchef Ericsson. Foto: Per Myrehed\"},{\"@type\":\"BreadcrumbList\",\"@id\":\"https:\\\/\\\/framtidenskarriar.se\\\/ingenjor\\\/2017\\\/06\\\/15\\\/ericssons-vd-ser-ljust-pa-uppkopplad-framtid\\\/#breadcrumb\",\"itemListElement\":[{\"@type\":\"ListItem\",\"position\":1,\"name\":\"Home\",\"item\":\"https:\\\/\\\/framtidenskarriar.se\\\/ingenjor\\\/\"},{\"@type\":\"ListItem\",\"position\":2,\"name\":\"Ericssons vd ser ljust p\u00e5 uppkopplad framtid\"}]},{\"@type\":\"WebSite\",\"@id\":\"https:\\\/\\\/framtidenskarriar.se\\\/ingenjor\\\/#website\",\"url\":\"https:\\\/\\\/framtidenskarriar.se\\\/ingenjor\\\/\",\"name\":\"Framtidens Karri\u00e4r - Ingenj\u00f6r\",\"description\":\"Just another NMDashboard.se Sites site\",\"potentialAction\":[{\"@type\":\"SearchAction\",\"target\":{\"@type\":\"EntryPoint\",\"urlTemplate\":\"https:\\\/\\\/framtidenskarriar.se\\\/ingenjor\\\/?s={search_term_string}\"},\"query-input\":{\"@type\":\"PropertyValueSpecification\",\"valueRequired\":true,\"valueName\":\"search_term_string\"}}],\"inLanguage\":\"sv-SE\"},{\"@type\":\"Person\",\"@id\":\"https:\\\/\\\/framtidenskarriar.se\\\/ingenjor\\\/#\\\/schema\\\/person\\\/c8a43eb855191e573b73ecf8987a3b99\",\"name\":\"stellanstal\",\"image\":{\"@type\":\"ImageObject\",\"inLanguage\":\"sv-SE\",\"@id\":\"https:\\\/\\\/secure.gravatar.com\\\/avatar\\\/cd330fa6bb17f598124b2068ee0b189e4fe0987a50af9d53b78410836060d0c9?s=96&d=mm&r=g\",\"url\":\"https:\\\/\\\/secure.gravatar.com\\\/avatar\\\/cd330fa6bb17f598124b2068ee0b189e4fe0987a50af9d53b78410836060d0c9?s=96&d=mm&r=g\",\"contentUrl\":\"https:\\\/\\\/secure.gravatar.com\\\/avatar\\\/cd330fa6bb17f598124b2068ee0b189e4fe0987a50af9d53b78410836060d0c9?s=96&d=mm&r=g\",\"caption\":\"stellanstal\"},\"url\":\"https:\\\/\\\/framtidenskarriar.se\\\/ingenjor\\\/author\\\/stellanstal\\\/\"}]}<\/script>\n<!-- \/ Yoast SEO plugin. -->","yoast_head_json":{"title":"Ericssons vd ser ljust p\u00e5 uppkopplad framtid - Framtidens Karri\u00e4r - Ingenj\u00f6r","robots":{"index":"index","follow":"follow","max-snippet":"max-snippet:-1","max-image-preview":"max-image-preview:large","max-video-preview":"max-video-preview:-1"},"canonical":"https:\/\/framtidenskarriar.se\/ingenjor\/2017\/06\/15\/ericssons-vd-ser-ljust-pa-uppkopplad-framtid\/","og_locale":"sv_SE","og_type":"article","og_title":"Ericssons vd ser ljust p\u00e5 uppkopplad framtid - Framtidens Karri\u00e4r - Ingenj\u00f6r","og_description":"En tillv\u00e4xt p\u00e5 drygt 50 procent av trafiken i mobiln\u00e4ten f\u00f6rra \u00e5ret i kombination med...","og_url":"https:\/\/framtidenskarriar.se\/ingenjor\/2017\/06\/15\/ericssons-vd-ser-ljust-pa-uppkopplad-framtid\/","og_site_name":"Framtidens Karri\u00e4r - Ingenj\u00f6r","article_published_time":"2017-06-15T12:37:01+00:00","og_image":[{"width":1000,"height":651,"url":"https:\/\/framtidenskarriar.se\/ingenjor\/wp-content\/uploads\/sites\/14\/2017\/06\/telekom-borje-ekholm-170118-0284.jpg","type":"image\/jpeg"}],"author":"stellanstal","twitter_card":"summary_large_image","twitter_misc":{"Skriven av":"stellanstal","Ber\u00e4knad l\u00e4stid":"4 minuter"},"schema":{"@context":"https:\/\/schema.org","@graph":[{"@type":"Article","@id":"https:\/\/framtidenskarriar.se\/ingenjor\/2017\/06\/15\/ericssons-vd-ser-ljust-pa-uppkopplad-framtid\/#article","isPartOf":{"@id":"https:\/\/framtidenskarriar.se\/ingenjor\/2017\/06\/15\/ericssons-vd-ser-ljust-pa-uppkopplad-framtid\/"},"author":{"name":"stellanstal","@id":"https:\/\/framtidenskarriar.se\/ingenjor\/#\/schema\/person\/c8a43eb855191e573b73ecf8987a3b99"},"headline":"Ericssons vd ser ljust p\u00e5 uppkopplad framtid","datePublished":"2017-06-15T12:37:01+00:00","mainEntityOfPage":{"@id":"https:\/\/framtidenskarriar.se\/ingenjor\/2017\/06\/15\/ericssons-vd-ser-ljust-pa-uppkopplad-framtid\/"},"wordCount":831,"image":{"@id":"https:\/\/framtidenskarriar.se\/ingenjor\/2017\/06\/15\/ericssons-vd-ser-ljust-pa-uppkopplad-framtid\/#primaryimage"},"thumbnailUrl":"https:\/\/framtidenskarriar.se\/ingenjor\/wp-content\/uploads\/sites\/14\/2017\/06\/telekom-borje-ekholm-170118-0284.jpg","keywords":["Ericsson","H\u00f6gteknologi","Telekomsektorn","Utveckling"],"articleSection":["Artikel"],"inLanguage":"sv-SE"},{"@type":"WebPage","@id":"https:\/\/framtidenskarriar.se\/ingenjor\/2017\/06\/15\/ericssons-vd-ser-ljust-pa-uppkopplad-framtid\/","url":"https:\/\/framtidenskarriar.se\/ingenjor\/2017\/06\/15\/ericssons-vd-ser-ljust-pa-uppkopplad-framtid\/","name":"Ericssons vd ser ljust p\u00e5 uppkopplad framtid - Framtidens Karri\u00e4r - Ingenj\u00f6r","isPartOf":{"@id":"https:\/\/framtidenskarriar.se\/ingenjor\/#website"},"primaryImageOfPage":{"@id":"https:\/\/framtidenskarriar.se\/ingenjor\/2017\/06\/15\/ericssons-vd-ser-ljust-pa-uppkopplad-framtid\/#primaryimage"},"image":{"@id":"https:\/\/framtidenskarriar.se\/ingenjor\/2017\/06\/15\/ericssons-vd-ser-ljust-pa-uppkopplad-framtid\/#primaryimage"},"thumbnailUrl":"https:\/\/framtidenskarriar.se\/ingenjor\/wp-content\/uploads\/sites\/14\/2017\/06\/telekom-borje-ekholm-170118-0284.jpg","datePublished":"2017-06-15T12:37:01+00:00","author":{"@id":"https:\/\/framtidenskarriar.se\/ingenjor\/#\/schema\/person\/c8a43eb855191e573b73ecf8987a3b99"},"breadcrumb":{"@id":"https:\/\/framtidenskarriar.se\/ingenjor\/2017\/06\/15\/ericssons-vd-ser-ljust-pa-uppkopplad-framtid\/#breadcrumb"},"inLanguage":"sv-SE","potentialAction":[{"@type":"ReadAction","target":["https:\/\/framtidenskarriar.se\/ingenjor\/2017\/06\/15\/ericssons-vd-ser-ljust-pa-uppkopplad-framtid\/"]}]},{"@type":"ImageObject","inLanguage":"sv-SE","@id":"https:\/\/framtidenskarriar.se\/ingenjor\/2017\/06\/15\/ericssons-vd-ser-ljust-pa-uppkopplad-framtid\/#primaryimage","url":"https:\/\/framtidenskarriar.se\/ingenjor\/wp-content\/uploads\/sites\/14\/2017\/06\/telekom-borje-ekholm-170118-0284.jpg","contentUrl":"https:\/\/framtidenskarriar.se\/ingenjor\/wp-content\/uploads\/sites\/14\/2017\/06\/telekom-borje-ekholm-170118-0284.jpg","width":1000,"height":651,"caption":"B\u00f6rje Ekholm, vd och koncernchef Ericsson. Foto: Per Myrehed"},{"@type":"BreadcrumbList","@id":"https:\/\/framtidenskarriar.se\/ingenjor\/2017\/06\/15\/ericssons-vd-ser-ljust-pa-uppkopplad-framtid\/#breadcrumb","itemListElement":[{"@type":"ListItem","position":1,"name":"Home","item":"https:\/\/framtidenskarriar.se\/ingenjor\/"},{"@type":"ListItem","position":2,"name":"Ericssons vd ser ljust p\u00e5 uppkopplad framtid"}]},{"@type":"WebSite","@id":"https:\/\/framtidenskarriar.se\/ingenjor\/#website","url":"https:\/\/framtidenskarriar.se\/ingenjor\/","name":"Framtidens Karri\u00e4r - Ingenj\u00f6r","description":"Just another NMDashboard.se Sites site","potentialAction":[{"@type":"SearchAction","target":{"@type":"EntryPoint","urlTemplate":"https:\/\/framtidenskarriar.se\/ingenjor\/?s={search_term_string}"},"query-input":{"@type":"PropertyValueSpecification","valueRequired":true,"valueName":"search_term_string"}}],"inLanguage":"sv-SE"},{"@type":"Person","@id":"https:\/\/framtidenskarriar.se\/ingenjor\/#\/schema\/person\/c8a43eb855191e573b73ecf8987a3b99","name":"stellanstal","image":{"@type":"ImageObject","inLanguage":"sv-SE","@id":"https:\/\/secure.gravatar.com\/avatar\/cd330fa6bb17f598124b2068ee0b189e4fe0987a50af9d53b78410836060d0c9?s=96&d=mm&r=g","url":"https:\/\/secure.gravatar.com\/avatar\/cd330fa6bb17f598124b2068ee0b189e4fe0987a50af9d53b78410836060d0c9?s=96&d=mm&r=g","contentUrl":"https:\/\/secure.gravatar.com\/avatar\/cd330fa6bb17f598124b2068ee0b189e4fe0987a50af9d53b78410836060d0c9?s=96&d=mm&r=g","caption":"stellanstal"},"url":"https:\/\/framtidenskarriar.se\/ingenjor\/author\/stellanstal\/"}]}},"_links":{"self":[{"href":"https:\/\/framtidenskarriar.se\/ingenjor\/wp-json\/wp\/v2\/posts\/5810","targetHints":{"allow":["GET"]}}],"collection":[{"href":"https:\/\/framtidenskarriar.se\/ingenjor\/wp-json\/wp\/v2\/posts"}],"about":[{"href":"https:\/\/framtidenskarriar.se\/ingenjor\/wp-json\/wp\/v2\/types\/post"}],"author":[{"embeddable":true,"href":"https:\/\/framtidenskarriar.se\/ingenjor\/wp-json\/wp\/v2\/users\/3"}],"replies":[{"embeddable":true,"href":"https:\/\/framtidenskarriar.se\/ingenjor\/wp-json\/wp\/v2\/comments?post=5810"}],"version-history":[{"count":0,"href":"https:\/\/framtidenskarriar.se\/ingenjor\/wp-json\/wp\/v2\/posts\/5810\/revisions"}],"wp:featuredmedia":[{"embeddable":true,"href":"https:\/\/framtidenskarriar.se\/ingenjor\/wp-json\/wp\/v2\/media\/5811"}],"wp:attachment":[{"href":"https:\/\/framtidenskarriar.se\/ingenjor\/wp-json\/wp\/v2\/media?parent=5810"}],"wp:term":[{"taxonomy":"category","embeddable":true,"href":"https:\/\/framtidenskarriar.se\/ingenjor\/wp-json\/wp\/v2\/categories?post=5810"},{"taxonomy":"post_tag","embeddable":true,"href":"https:\/\/framtidenskarriar.se\/ingenjor\/wp-json\/wp\/v2\/tags?post=5810"}],"curies":[{"name":"wp","href":"https:\/\/api.w.org\/{rel}","templated":true}]}}