{"id":5876,"date":"2017-06-15T14:35:14","date_gmt":"2017-06-15T12:35:14","guid":{"rendered":"http:\/\/framtidenskarriar.se\/ingenjor\/?p=5876"},"modified":"2017-06-15T14:35:14","modified_gmt":"2017-06-15T12:35:14","slug":"civilingenjoren-bashar-fran-syrien-fick-praktikplats-pa-volvo","status":"publish","type":"post","link":"https:\/\/framtidenskarriar.se\/ingenjor\/2017\/06\/15\/civilingenjoren-bashar-fran-syrien-fick-praktikplats-pa-volvo\/","title":{"rendered":"Civilingenj\u00f6ren Bashar fr\u00e5n Syrien fick praktikplats p\u00e5 Volvo"},"content":{"rendered":"<p><figure id=\"attachment_5879\" aria-describedby=\"caption-attachment-5879\" style=\"width: 1000px\" class=\"wp-caption alignnone\"><img loading=\"lazy\" decoding=\"async\" src=\"https:\/\/framtidenskarriar.se\/ingenjor\/wp-content\/uploads\/sites\/14\/2017\/06\/nyanland-v827769-hq.jpg\" alt=\"Bashar Al Suliman, civilingenj\u00f6r fr\u00e5n Syrien, har praktik p\u00e5 Volvo Lastvagnar i Ume\u00e5. Foto: Elin Vinger Elliot\" width=\"1000\" height=\"692\" class=\"size-full wp-image-5879\" srcset=\"https:\/\/framtidenskarriar.se\/ingenjor\/wp-content\/uploads\/sites\/14\/2017\/06\/nyanland-v827769-hq.jpg 1000w, https:\/\/framtidenskarriar.se\/ingenjor\/wp-content\/uploads\/sites\/14\/2017\/06\/nyanland-v827769-hq-300x208.jpg 300w, https:\/\/framtidenskarriar.se\/ingenjor\/wp-content\/uploads\/sites\/14\/2017\/06\/nyanland-v827769-hq-768x531.jpg 768w, https:\/\/framtidenskarriar.se\/ingenjor\/wp-content\/uploads\/sites\/14\/2017\/06\/nyanland-v827769-hq-231x160.jpg 231w, https:\/\/framtidenskarriar.se\/ingenjor\/wp-content\/uploads\/sites\/14\/2017\/06\/nyanland-v827769-hq-526x364.jpg 526w, https:\/\/framtidenskarriar.se\/ingenjor\/wp-content\/uploads\/sites\/14\/2017\/06\/nyanland-v827769-hq-720x498.jpg 720w, https:\/\/framtidenskarriar.se\/ingenjor\/wp-content\/uploads\/sites\/14\/2017\/06\/nyanland-v827769-hq-960x664.jpg 960w\" sizes=\"auto, (max-width: 1000px) 100vw, 1000px\" \/><figcaption id=\"caption-attachment-5879\" class=\"wp-caption-text\">Bashar Al Suliman, civilingenj\u00f6r fr\u00e5n Syrien, har praktik p\u00e5 Volvo Lastvagnar i Ume\u00e5. Foto: Elin Vinger Elliot<\/figcaption><\/figure><strong>F\u00f6r 35-\u00e5riga Bashar Al Suliman, som \u00e4r civilingenj\u00f6r med inriktning mot produktionsteknik, tog det ett drygt \u00e5r fr\u00e5n det att han kom fr\u00e5n Syrien till Sverige tills han fick praktik via akademikerprogrammet Jobbspr\u00e5nget p\u00e5 Volvo Lastvagnar i Ume\u00e5. <\/strong><\/p>\n<p>\u2013 Jag kom till Sverige f\u00f6r arton m\u00e5nader sedan. Med mig i bagaget hade jag nio \u00e5rs yrkeserfarenhet som ingenj\u00f6r p\u00e5 ett f\u00f6retag som tillverkar maskiner f\u00f6r tr\u00e4varuindustrin. Jag hade ocks\u00e5 hunnit p\u00e5b\u00f6rja en masterexamen i robotik p\u00e5 ett universitet i Syrien som jag dessv\u00e4rre inte hade m\u00f6jlighet att slutf\u00f6ra p\u00e5 grund av kriget, s\u00e4ger Bashar Al Suliman.<br \/>\nV\u00e4ntetiden f\u00f6r asyls\u00f6kande att f\u00e5 sitt \u00e4rende handlagt av Migrationsverket \u00e4r i dagsl\u00e4get l\u00e5ng. Enligt reglerna f\u00e5r den asyls\u00f6kande inte arbeta eller praktisera under v\u00e4ntetiden. Bashar Al Suliman, som var angel\u00e4gen om att snabbt l\u00e4ra sig svenska och f\u00e5 in en fot p\u00e5 den svenska arbetsmarknaden, lyckades f\u00e5 tillst\u00e5nd att praktisera i en livsmedelsbutik f\u00f6r att st\u00e4rka sina svenskkunskaper. <\/p>\n<p><strong>Probleml\u00f6sning l\u00e4ttare i Sverige<\/strong><br \/>\nN\u00e4r han p\u00e5 Facebook l\u00e4ste om Jobbspr\u00e5nget, ett praktikprogram f\u00f6r nyanl\u00e4nda akademiker, blev Bashar Al Suliman genast intresserad. Via Jobbspr\u00e5nget genomf\u00f6r han nu en fyra m\u00e5naders praktik p\u00e5 Volvo Lastvagnar i Ume\u00e5.<br \/>\n\u2013 Jag \u00e4r inne p\u00e5 min tredje m\u00e5nad p\u00e5 Volvo Lastvagnar och trivs mycket bra. \u00c4ven om den grundl\u00e4ggande ingenj\u00f6rskompetensen \u00e4r densamma \u00f6ver hela v\u00e4rlden s\u00e5 finns det m\u00e5nga skillnader mellan den svenska och den syriska f\u00f6retagskulturen. I Syrien tvingades jag exempelvis ofta anstr\u00e4nga mig mycket f\u00f6r att f\u00e5 tag p\u00e5 de data och det informationsunderlag jag beh\u00f6vde f\u00f6r att kunna g\u00f6ra mitt jobb som ingenj\u00f6r. I Sverige finns all information som beh\u00f6vs l\u00e4ttillg\u00e4ngligt p\u00e5 ett helt annat s\u00e4tt, vilket f\u00f6rst\u00e5s underl\u00e4ttar det probleml\u00f6sande arbetet, s\u00e4ger Bashar Al Suliman.<\/p>\n<p><strong>Nytta av sin syriska erfarenhet<\/strong><br \/>\nHans tips till andra nyanl\u00e4nda ingenj\u00f6rer \u00e4r att inte n\u00f6ja sig med att sitta och v\u00e4nta p\u00e5 att m\u00f6jligheterna till praktik och jobb ska dyka upp. Det \u00e4r viktigt att vara aktiv och sj\u00e4lv s\u00f6ka upp de m\u00f6jligheter som finns.<br \/>\n\u2013 Jag skulle g\u00e4rna vilja jobba p\u00e5 Volvo Lastvagnar eller n\u00e5got annat svenskt ingenj\u00f6rsf\u00f6retag i framtiden. Jag ser goda m\u00f6jligheter att verkligen f\u00e5 nytta av min utbildning och erfarenhet fr\u00e5n Syrien p\u00e5 den svenska arbetsmarknaden, men det g\u00e4ller att jag verkligen visar vad jag g\u00e5r f\u00f6r s\u00e5 arbetsgivare f\u00f6rst\u00e5r att jag kan tillf\u00f6ra mycket v\u00e4rde. Det \u00e4r ocks\u00e5 angel\u00e4get att Migrationsverkets regler \u00e4ndras s\u00e5 det blir m\u00f6jligt att praktisera eller arbeta \u00e4ven medan man v\u00e4ntar p\u00e5 uppeh\u00e5llstillst\u00e5nd, s\u00e4ger Bashar Al Suliman.<\/p>\n<div class=\"faktaruta2-title\">Jobbspr\u00e5nget<\/div><div class=\"faktaruta2\">Jobbspr\u00e5nget \u00e4r ett praktikprogram p\u00e5 engelska f\u00f6r nyanl\u00e4nda akademiker, som enkelt matchar arbetsgivares kompetensbehov med ingenj\u00f6rer, arkitekter, naturvetare och ekonomer.<br \/>\nArbetss\u00f6kande nyanl\u00e4nda kan genom det fyra m\u00e5nader l\u00e5nga praktikprogrammet komma i kontakt med arbetsgivare i privat och offentlig sektor runt om i Sverige.<br \/>\nJobbspr\u00e5nget drivs av Kungl. Ingenj\u00f6rsvetenskapsakademin med m\u00e5l att f\u00f6rmedla 4&nbsp;000 praktiktillf\u00e4llen under fem \u00e5r. Jobbspr\u00e5nget, som finansieras av Wallenbergsstiftelserna, samarbetar med Arbetsf\u00f6rmedlingen och \u00e4r upptaget i regeringens satsning f\u00f6r integration fram till 2019. Den 16 juli \u00f6ppnar ans\u00f6kningsperioden f\u00f6r h\u00f6stens praktikplatser.<\/div>\n","protected":false},"excerpt":{"rendered":"<p>F\u00f6r 35-\u00e5riga Bashar Al Suliman, som \u00e4r civilingenj\u00f6r med inriktning mot produktionsteknik, tog det ett&#8230;<\/p>\n","protected":false},"author":3,"featured_media":5879,"comment_status":"closed","ping_status":"open","sticky":false,"template":"","format":"standard","meta":{"_acf_changed":false,"_monsterinsights_skip_tracking":false,"_monsterinsights_sitenote_active":false,"_monsterinsights_sitenote_note":"","_monsterinsights_sitenote_category":0,"footnotes":""},"categories":[1],"tags":[129,179,195,249,275],"class_list":["post-5876","post","type-post","status-publish","format-standard","has-post-thumbnail","hentry","category-artikel","tag-jobbspranget","tag-nyanland","tag-praktik","tag-syrien","tag-volvo-lastvagnar"],"acf":[],"yoast_head":"<!-- This site is optimized with the Yoast SEO plugin v27.3 - https:\/\/yoast.com\/product\/yoast-seo-wordpress\/ -->\n<title>Civilingenj\u00f6ren Bashar fr\u00e5n Syrien fick praktikplats p\u00e5 Volvo - Framtidens Karri\u00e4r - Ingenj\u00f6r<\/title>\n<meta name=\"robots\" content=\"index, follow, max-snippet:-1, max-image-preview:large, max-video-preview:-1\" \/>\n<link rel=\"canonical\" href=\"https:\/\/framtidenskarriar.se\/ingenjor\/2017\/06\/15\/civilingenjoren-bashar-fran-syrien-fick-praktikplats-pa-volvo\/\" \/>\n<meta property=\"og:locale\" content=\"sv_SE\" \/>\n<meta property=\"og:type\" content=\"article\" \/>\n<meta property=\"og:title\" content=\"Civilingenj\u00f6ren Bashar fr\u00e5n Syrien fick praktikplats p\u00e5 Volvo - Framtidens Karri\u00e4r - Ingenj\u00f6r\" \/>\n<meta property=\"og:description\" content=\"F\u00f6r 35-\u00e5riga Bashar Al Suliman, som \u00e4r civilingenj\u00f6r med inriktning mot produktionsteknik, tog det ett...\" \/>\n<meta property=\"og:url\" content=\"https:\/\/framtidenskarriar.se\/ingenjor\/2017\/06\/15\/civilingenjoren-bashar-fran-syrien-fick-praktikplats-pa-volvo\/\" \/>\n<meta property=\"og:site_name\" content=\"Framtidens Karri\u00e4r - Ingenj\u00f6r\" \/>\n<meta property=\"article:published_time\" content=\"2017-06-15T12:35:14+00:00\" \/>\n<meta property=\"og:image\" content=\"https:\/\/framtidenskarriar.se\/ingenjor\/wp-content\/uploads\/sites\/14\/2017\/06\/nyanland-v827769-hq.jpg\" \/>\n\t<meta property=\"og:image:width\" content=\"1000\" \/>\n\t<meta property=\"og:image:height\" content=\"692\" \/>\n\t<meta property=\"og:image:type\" content=\"image\/jpeg\" \/>\n<meta name=\"author\" content=\"stellanstal\" \/>\n<meta name=\"twitter:card\" content=\"summary_large_image\" \/>\n<meta name=\"twitter:label1\" content=\"Skriven av\" \/>\n\t<meta name=\"twitter:data1\" content=\"stellanstal\" \/>\n\t<meta name=\"twitter:label2\" content=\"Ber\u00e4knad l\u00e4stid\" \/>\n\t<meta name=\"twitter:data2\" content=\"3 minuter\" \/>\n<script type=\"application\/ld+json\" class=\"yoast-schema-graph\">{\"@context\":\"https:\\\/\\\/schema.org\",\"@graph\":[{\"@type\":\"Article\",\"@id\":\"https:\\\/\\\/framtidenskarriar.se\\\/ingenjor\\\/2017\\\/06\\\/15\\\/civilingenjoren-bashar-fran-syrien-fick-praktikplats-pa-volvo\\\/#article\",\"isPartOf\":{\"@id\":\"https:\\\/\\\/framtidenskarriar.se\\\/ingenjor\\\/2017\\\/06\\\/15\\\/civilingenjoren-bashar-fran-syrien-fick-praktikplats-pa-volvo\\\/\"},\"author\":{\"name\":\"stellanstal\",\"@id\":\"https:\\\/\\\/framtidenskarriar.se\\\/ingenjor\\\/#\\\/schema\\\/person\\\/c8a43eb855191e573b73ecf8987a3b99\"},\"headline\":\"Civilingenj\u00f6ren Bashar fr\u00e5n Syrien fick praktikplats p\u00e5 Volvo\",\"datePublished\":\"2017-06-15T12:35:14+00:00\",\"mainEntityOfPage\":{\"@id\":\"https:\\\/\\\/framtidenskarriar.se\\\/ingenjor\\\/2017\\\/06\\\/15\\\/civilingenjoren-bashar-fran-syrien-fick-praktikplats-pa-volvo\\\/\"},\"wordCount\":634,\"image\":{\"@id\":\"https:\\\/\\\/framtidenskarriar.se\\\/ingenjor\\\/2017\\\/06\\\/15\\\/civilingenjoren-bashar-fran-syrien-fick-praktikplats-pa-volvo\\\/#primaryimage\"},\"thumbnailUrl\":\"https:\\\/\\\/framtidenskarriar.se\\\/ingenjor\\\/wp-content\\\/uploads\\\/sites\\\/14\\\/2017\\\/06\\\/nyanland-v827769-hq.jpg\",\"keywords\":[\"Jobbspr\u00e5nget\",\"Nyanl\u00e4nd\",\"Praktik\",\"Syrien\",\"Volvo Lastvagnar\"],\"articleSection\":[\"Artikel\"],\"inLanguage\":\"sv-SE\"},{\"@type\":\"WebPage\",\"@id\":\"https:\\\/\\\/framtidenskarriar.se\\\/ingenjor\\\/2017\\\/06\\\/15\\\/civilingenjoren-bashar-fran-syrien-fick-praktikplats-pa-volvo\\\/\",\"url\":\"https:\\\/\\\/framtidenskarriar.se\\\/ingenjor\\\/2017\\\/06\\\/15\\\/civilingenjoren-bashar-fran-syrien-fick-praktikplats-pa-volvo\\\/\",\"name\":\"Civilingenj\u00f6ren Bashar fr\u00e5n Syrien fick praktikplats p\u00e5 Volvo - Framtidens Karri\u00e4r - Ingenj\u00f6r\",\"isPartOf\":{\"@id\":\"https:\\\/\\\/framtidenskarriar.se\\\/ingenjor\\\/#website\"},\"primaryImageOfPage\":{\"@id\":\"https:\\\/\\\/framtidenskarriar.se\\\/ingenjor\\\/2017\\\/06\\\/15\\\/civilingenjoren-bashar-fran-syrien-fick-praktikplats-pa-volvo\\\/#primaryimage\"},\"image\":{\"@id\":\"https:\\\/\\\/framtidenskarriar.se\\\/ingenjor\\\/2017\\\/06\\\/15\\\/civilingenjoren-bashar-fran-syrien-fick-praktikplats-pa-volvo\\\/#primaryimage\"},\"thumbnailUrl\":\"https:\\\/\\\/framtidenskarriar.se\\\/ingenjor\\\/wp-content\\\/uploads\\\/sites\\\/14\\\/2017\\\/06\\\/nyanland-v827769-hq.jpg\",\"datePublished\":\"2017-06-15T12:35:14+00:00\",\"author\":{\"@id\":\"https:\\\/\\\/framtidenskarriar.se\\\/ingenjor\\\/#\\\/schema\\\/person\\\/c8a43eb855191e573b73ecf8987a3b99\"},\"breadcrumb\":{\"@id\":\"https:\\\/\\\/framtidenskarriar.se\\\/ingenjor\\\/2017\\\/06\\\/15\\\/civilingenjoren-bashar-fran-syrien-fick-praktikplats-pa-volvo\\\/#breadcrumb\"},\"inLanguage\":\"sv-SE\",\"potentialAction\":[{\"@type\":\"ReadAction\",\"target\":[\"https:\\\/\\\/framtidenskarriar.se\\\/ingenjor\\\/2017\\\/06\\\/15\\\/civilingenjoren-bashar-fran-syrien-fick-praktikplats-pa-volvo\\\/\"]}]},{\"@type\":\"ImageObject\",\"inLanguage\":\"sv-SE\",\"@id\":\"https:\\\/\\\/framtidenskarriar.se\\\/ingenjor\\\/2017\\\/06\\\/15\\\/civilingenjoren-bashar-fran-syrien-fick-praktikplats-pa-volvo\\\/#primaryimage\",\"url\":\"https:\\\/\\\/framtidenskarriar.se\\\/ingenjor\\\/wp-content\\\/uploads\\\/sites\\\/14\\\/2017\\\/06\\\/nyanland-v827769-hq.jpg\",\"contentUrl\":\"https:\\\/\\\/framtidenskarriar.se\\\/ingenjor\\\/wp-content\\\/uploads\\\/sites\\\/14\\\/2017\\\/06\\\/nyanland-v827769-hq.jpg\",\"width\":1000,\"height\":692,\"caption\":\"Bashar Al Suliman, civilingenj\u00f6r fr\u00e5n Syrien, har praktik p\u00e5 Volvo Lastvagnar i Ume\u00e5. Foto: Elin Vinger Elliot\"},{\"@type\":\"BreadcrumbList\",\"@id\":\"https:\\\/\\\/framtidenskarriar.se\\\/ingenjor\\\/2017\\\/06\\\/15\\\/civilingenjoren-bashar-fran-syrien-fick-praktikplats-pa-volvo\\\/#breadcrumb\",\"itemListElement\":[{\"@type\":\"ListItem\",\"position\":1,\"name\":\"Home\",\"item\":\"https:\\\/\\\/framtidenskarriar.se\\\/ingenjor\\\/\"},{\"@type\":\"ListItem\",\"position\":2,\"name\":\"Civilingenj\u00f6ren Bashar fr\u00e5n Syrien fick praktikplats p\u00e5 Volvo\"}]},{\"@type\":\"WebSite\",\"@id\":\"https:\\\/\\\/framtidenskarriar.se\\\/ingenjor\\\/#website\",\"url\":\"https:\\\/\\\/framtidenskarriar.se\\\/ingenjor\\\/\",\"name\":\"Framtidens Karri\u00e4r - Ingenj\u00f6r\",\"description\":\"Just another NMDashboard.se Sites site\",\"potentialAction\":[{\"@type\":\"SearchAction\",\"target\":{\"@type\":\"EntryPoint\",\"urlTemplate\":\"https:\\\/\\\/framtidenskarriar.se\\\/ingenjor\\\/?s={search_term_string}\"},\"query-input\":{\"@type\":\"PropertyValueSpecification\",\"valueRequired\":true,\"valueName\":\"search_term_string\"}}],\"inLanguage\":\"sv-SE\"},{\"@type\":\"Person\",\"@id\":\"https:\\\/\\\/framtidenskarriar.se\\\/ingenjor\\\/#\\\/schema\\\/person\\\/c8a43eb855191e573b73ecf8987a3b99\",\"name\":\"stellanstal\",\"image\":{\"@type\":\"ImageObject\",\"inLanguage\":\"sv-SE\",\"@id\":\"https:\\\/\\\/secure.gravatar.com\\\/avatar\\\/cd330fa6bb17f598124b2068ee0b189e4fe0987a50af9d53b78410836060d0c9?s=96&d=mm&r=g\",\"url\":\"https:\\\/\\\/secure.gravatar.com\\\/avatar\\\/cd330fa6bb17f598124b2068ee0b189e4fe0987a50af9d53b78410836060d0c9?s=96&d=mm&r=g\",\"contentUrl\":\"https:\\\/\\\/secure.gravatar.com\\\/avatar\\\/cd330fa6bb17f598124b2068ee0b189e4fe0987a50af9d53b78410836060d0c9?s=96&d=mm&r=g\",\"caption\":\"stellanstal\"},\"url\":\"https:\\\/\\\/framtidenskarriar.se\\\/ingenjor\\\/author\\\/stellanstal\\\/\"}]}<\/script>\n<!-- \/ Yoast SEO plugin. -->","yoast_head_json":{"title":"Civilingenj\u00f6ren Bashar fr\u00e5n Syrien fick praktikplats p\u00e5 Volvo - Framtidens Karri\u00e4r - Ingenj\u00f6r","robots":{"index":"index","follow":"follow","max-snippet":"max-snippet:-1","max-image-preview":"max-image-preview:large","max-video-preview":"max-video-preview:-1"},"canonical":"https:\/\/framtidenskarriar.se\/ingenjor\/2017\/06\/15\/civilingenjoren-bashar-fran-syrien-fick-praktikplats-pa-volvo\/","og_locale":"sv_SE","og_type":"article","og_title":"Civilingenj\u00f6ren Bashar fr\u00e5n Syrien fick praktikplats p\u00e5 Volvo - Framtidens Karri\u00e4r - Ingenj\u00f6r","og_description":"F\u00f6r 35-\u00e5riga Bashar Al Suliman, som \u00e4r civilingenj\u00f6r med inriktning mot produktionsteknik, tog det ett...","og_url":"https:\/\/framtidenskarriar.se\/ingenjor\/2017\/06\/15\/civilingenjoren-bashar-fran-syrien-fick-praktikplats-pa-volvo\/","og_site_name":"Framtidens Karri\u00e4r - Ingenj\u00f6r","article_published_time":"2017-06-15T12:35:14+00:00","og_image":[{"width":1000,"height":692,"url":"https:\/\/framtidenskarriar.se\/ingenjor\/wp-content\/uploads\/sites\/14\/2017\/06\/nyanland-v827769-hq.jpg","type":"image\/jpeg"}],"author":"stellanstal","twitter_card":"summary_large_image","twitter_misc":{"Skriven av":"stellanstal","Ber\u00e4knad l\u00e4stid":"3 minuter"},"schema":{"@context":"https:\/\/schema.org","@graph":[{"@type":"Article","@id":"https:\/\/framtidenskarriar.se\/ingenjor\/2017\/06\/15\/civilingenjoren-bashar-fran-syrien-fick-praktikplats-pa-volvo\/#article","isPartOf":{"@id":"https:\/\/framtidenskarriar.se\/ingenjor\/2017\/06\/15\/civilingenjoren-bashar-fran-syrien-fick-praktikplats-pa-volvo\/"},"author":{"name":"stellanstal","@id":"https:\/\/framtidenskarriar.se\/ingenjor\/#\/schema\/person\/c8a43eb855191e573b73ecf8987a3b99"},"headline":"Civilingenj\u00f6ren Bashar fr\u00e5n Syrien fick praktikplats p\u00e5 Volvo","datePublished":"2017-06-15T12:35:14+00:00","mainEntityOfPage":{"@id":"https:\/\/framtidenskarriar.se\/ingenjor\/2017\/06\/15\/civilingenjoren-bashar-fran-syrien-fick-praktikplats-pa-volvo\/"},"wordCount":634,"image":{"@id":"https:\/\/framtidenskarriar.se\/ingenjor\/2017\/06\/15\/civilingenjoren-bashar-fran-syrien-fick-praktikplats-pa-volvo\/#primaryimage"},"thumbnailUrl":"https:\/\/framtidenskarriar.se\/ingenjor\/wp-content\/uploads\/sites\/14\/2017\/06\/nyanland-v827769-hq.jpg","keywords":["Jobbspr\u00e5nget","Nyanl\u00e4nd","Praktik","Syrien","Volvo Lastvagnar"],"articleSection":["Artikel"],"inLanguage":"sv-SE"},{"@type":"WebPage","@id":"https:\/\/framtidenskarriar.se\/ingenjor\/2017\/06\/15\/civilingenjoren-bashar-fran-syrien-fick-praktikplats-pa-volvo\/","url":"https:\/\/framtidenskarriar.se\/ingenjor\/2017\/06\/15\/civilingenjoren-bashar-fran-syrien-fick-praktikplats-pa-volvo\/","name":"Civilingenj\u00f6ren Bashar fr\u00e5n Syrien fick praktikplats p\u00e5 Volvo - Framtidens Karri\u00e4r - Ingenj\u00f6r","isPartOf":{"@id":"https:\/\/framtidenskarriar.se\/ingenjor\/#website"},"primaryImageOfPage":{"@id":"https:\/\/framtidenskarriar.se\/ingenjor\/2017\/06\/15\/civilingenjoren-bashar-fran-syrien-fick-praktikplats-pa-volvo\/#primaryimage"},"image":{"@id":"https:\/\/framtidenskarriar.se\/ingenjor\/2017\/06\/15\/civilingenjoren-bashar-fran-syrien-fick-praktikplats-pa-volvo\/#primaryimage"},"thumbnailUrl":"https:\/\/framtidenskarriar.se\/ingenjor\/wp-content\/uploads\/sites\/14\/2017\/06\/nyanland-v827769-hq.jpg","datePublished":"2017-06-15T12:35:14+00:00","author":{"@id":"https:\/\/framtidenskarriar.se\/ingenjor\/#\/schema\/person\/c8a43eb855191e573b73ecf8987a3b99"},"breadcrumb":{"@id":"https:\/\/framtidenskarriar.se\/ingenjor\/2017\/06\/15\/civilingenjoren-bashar-fran-syrien-fick-praktikplats-pa-volvo\/#breadcrumb"},"inLanguage":"sv-SE","potentialAction":[{"@type":"ReadAction","target":["https:\/\/framtidenskarriar.se\/ingenjor\/2017\/06\/15\/civilingenjoren-bashar-fran-syrien-fick-praktikplats-pa-volvo\/"]}]},{"@type":"ImageObject","inLanguage":"sv-SE","@id":"https:\/\/framtidenskarriar.se\/ingenjor\/2017\/06\/15\/civilingenjoren-bashar-fran-syrien-fick-praktikplats-pa-volvo\/#primaryimage","url":"https:\/\/framtidenskarriar.se\/ingenjor\/wp-content\/uploads\/sites\/14\/2017\/06\/nyanland-v827769-hq.jpg","contentUrl":"https:\/\/framtidenskarriar.se\/ingenjor\/wp-content\/uploads\/sites\/14\/2017\/06\/nyanland-v827769-hq.jpg","width":1000,"height":692,"caption":"Bashar Al Suliman, civilingenj\u00f6r fr\u00e5n Syrien, har praktik p\u00e5 Volvo Lastvagnar i Ume\u00e5. Foto: Elin Vinger Elliot"},{"@type":"BreadcrumbList","@id":"https:\/\/framtidenskarriar.se\/ingenjor\/2017\/06\/15\/civilingenjoren-bashar-fran-syrien-fick-praktikplats-pa-volvo\/#breadcrumb","itemListElement":[{"@type":"ListItem","position":1,"name":"Home","item":"https:\/\/framtidenskarriar.se\/ingenjor\/"},{"@type":"ListItem","position":2,"name":"Civilingenj\u00f6ren Bashar fr\u00e5n Syrien fick praktikplats p\u00e5 Volvo"}]},{"@type":"WebSite","@id":"https:\/\/framtidenskarriar.se\/ingenjor\/#website","url":"https:\/\/framtidenskarriar.se\/ingenjor\/","name":"Framtidens Karri\u00e4r - Ingenj\u00f6r","description":"Just another NMDashboard.se Sites site","potentialAction":[{"@type":"SearchAction","target":{"@type":"EntryPoint","urlTemplate":"https:\/\/framtidenskarriar.se\/ingenjor\/?s={search_term_string}"},"query-input":{"@type":"PropertyValueSpecification","valueRequired":true,"valueName":"search_term_string"}}],"inLanguage":"sv-SE"},{"@type":"Person","@id":"https:\/\/framtidenskarriar.se\/ingenjor\/#\/schema\/person\/c8a43eb855191e573b73ecf8987a3b99","name":"stellanstal","image":{"@type":"ImageObject","inLanguage":"sv-SE","@id":"https:\/\/secure.gravatar.com\/avatar\/cd330fa6bb17f598124b2068ee0b189e4fe0987a50af9d53b78410836060d0c9?s=96&d=mm&r=g","url":"https:\/\/secure.gravatar.com\/avatar\/cd330fa6bb17f598124b2068ee0b189e4fe0987a50af9d53b78410836060d0c9?s=96&d=mm&r=g","contentUrl":"https:\/\/secure.gravatar.com\/avatar\/cd330fa6bb17f598124b2068ee0b189e4fe0987a50af9d53b78410836060d0c9?s=96&d=mm&r=g","caption":"stellanstal"},"url":"https:\/\/framtidenskarriar.se\/ingenjor\/author\/stellanstal\/"}]}},"_links":{"self":[{"href":"https:\/\/framtidenskarriar.se\/ingenjor\/wp-json\/wp\/v2\/posts\/5876","targetHints":{"allow":["GET"]}}],"collection":[{"href":"https:\/\/framtidenskarriar.se\/ingenjor\/wp-json\/wp\/v2\/posts"}],"about":[{"href":"https:\/\/framtidenskarriar.se\/ingenjor\/wp-json\/wp\/v2\/types\/post"}],"author":[{"embeddable":true,"href":"https:\/\/framtidenskarriar.se\/ingenjor\/wp-json\/wp\/v2\/users\/3"}],"replies":[{"embeddable":true,"href":"https:\/\/framtidenskarriar.se\/ingenjor\/wp-json\/wp\/v2\/comments?post=5876"}],"version-history":[{"count":0,"href":"https:\/\/framtidenskarriar.se\/ingenjor\/wp-json\/wp\/v2\/posts\/5876\/revisions"}],"wp:featuredmedia":[{"embeddable":true,"href":"https:\/\/framtidenskarriar.se\/ingenjor\/wp-json\/wp\/v2\/media\/5879"}],"wp:attachment":[{"href":"https:\/\/framtidenskarriar.se\/ingenjor\/wp-json\/wp\/v2\/media?parent=5876"}],"wp:term":[{"taxonomy":"category","embeddable":true,"href":"https:\/\/framtidenskarriar.se\/ingenjor\/wp-json\/wp\/v2\/categories?post=5876"},{"taxonomy":"post_tag","embeddable":true,"href":"https:\/\/framtidenskarriar.se\/ingenjor\/wp-json\/wp\/v2\/tags?post=5876"}],"curies":[{"name":"wp","href":"https:\/\/api.w.org\/{rel}","templated":true}]}}