{"id":5906,"date":"2018-06-29T11:09:58","date_gmt":"2018-06-29T11:09:58","guid":{"rendered":"http:\/\/framtidenskarriar.se\/ingenjor\/?p=5906"},"modified":"2020-11-09T11:56:09","modified_gmt":"2020-11-09T11:56:09","slug":"kurs-i-ledarskap-och-organisationsbeteende","status":"publish","type":"post","link":"https:\/\/framtidenskarriar.se\/ingenjor\/2018\/06\/29\/kurs-i-ledarskap-och-organisationsbeteende\/","title":{"rendered":"Ledarskap och organisationsbeteende \u2013 STF Business Academy 14 augusti"},"content":{"rendered":"\n<figure class=\"wp-block-image\"><img loading=\"lazy\" decoding=\"async\" width=\"1200\" height=\"628\" src=\"https:\/\/framtidenskarriar.se\/ingenjor\/wp-content\/uploads\/sites\/14\/2018\/06\/mba-1200x628px.jpg\" alt=\"Ledarskap och organisationsbeteende\" class=\"wp-image-5907\" srcset=\"https:\/\/framtidenskarriar.se\/ingenjor\/wp-content\/uploads\/sites\/14\/2018\/06\/mba-1200x628px.jpg 1200w, https:\/\/framtidenskarriar.se\/ingenjor\/wp-content\/uploads\/sites\/14\/2018\/06\/mba-1200x628px-300x157.jpg 300w, https:\/\/framtidenskarriar.se\/ingenjor\/wp-content\/uploads\/sites\/14\/2018\/06\/mba-1200x628px-1024x536.jpg 1024w, https:\/\/framtidenskarriar.se\/ingenjor\/wp-content\/uploads\/sites\/14\/2018\/06\/mba-1200x628px-768x402.jpg 768w, https:\/\/framtidenskarriar.se\/ingenjor\/wp-content\/uploads\/sites\/14\/2018\/06\/mba-1200x628px-306x160.jpg 306w, https:\/\/framtidenskarriar.se\/ingenjor\/wp-content\/uploads\/sites\/14\/2018\/06\/mba-1200x628px-526x275.jpg 526w, https:\/\/framtidenskarriar.se\/ingenjor\/wp-content\/uploads\/sites\/14\/2018\/06\/mba-1200x628px-720x377.jpg 720w, https:\/\/framtidenskarriar.se\/ingenjor\/wp-content\/uploads\/sites\/14\/2018\/06\/mba-1200x628px-960x502.jpg 960w, https:\/\/framtidenskarriar.se\/ingenjor\/wp-content\/uploads\/sites\/14\/2018\/06\/mba-1200x628px-1140x597.jpg 1140w\" sizes=\"auto, (max-width: 1200px) 100vw, 1200px\" \/><\/figure>\n\n\n\n<p><strong>Ledarskap och organisationsbeteende \u00e4r en av \u00e5tta kurser som \u00e4r en del av MBA &#8211; Ledarskap och management. Kursen \u00e4r p\u00e5 akademisk niv\u00e5 och efter genomf\u00f6rd kurs finns m\u00f6jlighet att tentera av 7,5 h\u00f6gskolepo\u00e4ng.<\/strong><\/p>\n\n\n\n<p>Kursen genomf\u00f6rs av STF Business Academy och utg\u00e5r fr\u00e5n dina och gruppens f\u00f6ruts\u00e4ttningar och visar hur du kan situationsanpassa ditt ledarskap. Med en \u00f6kad f\u00f6rst\u00e5else f\u00f6r ledarrollen kan du engagera och motivera dina medarbetare till att arbeta mot uppsatta m\u00e5l p\u00e5 ett effektivt s\u00e4tt.<\/p>\n\n\n\n<div class=\"wp-block-group has-color-gray-01-background-color has-background\"><div class=\"wp-block-group__inner-container is-layout-flow wp-block-group-is-layout-flow\">\n<p>L\u00e4s mer och boka kursen h\u00e4r: <strong><a title=\"Kurs Ledarskap textlink\" rel=\"noopener noreferrer\" href=\"https:\/\/stf.se\/kurser\/kurs\/ledarskap-och-organisationsbeteende\/\" target=\"_blank\">https:\/\/stf.se\/kurser\/kurs\/ledarskap-och-organisationsbeteende\/<\/a><\/strong><\/p>\n\n\n\n<p class=\"has-text-color\" style=\"color:#ff0202\">(Sista ans\u00f6kningsdag har passerat)<\/p>\n<\/div><\/div>\n\n\n\n<p>Det h\u00e4r inneh\u00e5ller kursen:<\/p>\n\n\n\n<p><strong>Perspektiv p\u00e5 ledarskap<\/strong><br>Vad inneb\u00e4r ditt chefskap och ditt personliga ledarskap?<br>Vi g\u00e5r igenom roller, uppgifter och praktiskt ut\u00f6vande f\u00f6r att tydligg\u00f6ra ledarskapsrollen.<\/p>\n\n\n\n<p><strong>Ledarskap och f\u00f6rtroende<\/strong><br>Hur g\u00f6r du f\u00f6r att f\u00f6rtj\u00e4na ledarskapet i ditt team?<br>H\u00e4r diskuterar vi skillnader mellan chefskap och ledarskap och visar hur du effektivt kommunicerar ditt budskap.<\/p>\n\n\n\n<p><strong>Individuellt l\u00e4rande i organisationen<\/strong><br>Alla grupper genomg\u00e5r utvecklingsfaser \u2013 vilka krav st\u00e4ller detta p\u00e5 chefen och medarbetaren? I den h\u00e4r delen av kursen tar vi upp team- och arbetsgruppsdesign.<\/p>\n\n\n\n<p><strong>\u00d6vningar i sj\u00e4lvf\u00f6rst\u00e5lse och ledarskapsprofiler<\/strong><br>F\u00f6r att kunna leda andra beh\u00f6ver du f\u00f6rst kunna leda dig sj\u00e4lv. Vilka egna insikter och metoder beh\u00f6ver du f\u00f6r att bli en b\u00e4ttre ledare?<\/p>\n\n\n\n<p><strong>Kursen genomf\u00f6rs i Stockholm och online<\/strong><br>Med v\u00e5rt flexibla uppl\u00e4gg kan du smidigt studera vid sidan om ditt ordinarie arbete! Vi tr\u00e4ffas i Stockholm vid start- och slutseminarium. Resten av utbildningen l\u00e4ser du p\u00e5 halvfart via webben d\u00e4r du ser inspelade f\u00f6rel\u00e4sningar samt deltar i webbinarier.<\/p>\n\n\n\n<div class=\"wp-block-group has-color-gray-01-background-color has-background\"><div class=\"wp-block-group__inner-container is-layout-flow wp-block-group-is-layout-flow\">\n<p>L\u00e4s mer och boka kursen h\u00e4r: <strong><a title=\"Kurs Ledarskap textlink\" rel=\"noopener noreferrer\" href=\"https:\/\/stf.se\/kurser\/kurs\/ledarskap-och-organisationsbeteende\/\" target=\"_blank\">https:\/\/stf.se\/kurser\/kurs\/ledarskap-och-organisationsbeteende\/<\/a><\/strong><\/p>\n\n\n\n<p class=\"has-text-color\" style=\"color:#ff0202\">(Sista ans\u00f6kningsdag har passerat)<\/p>\n<\/div><\/div>\n\n\n\n<p><\/p>\n","protected":false},"excerpt":{"rendered":"<p>Kursen \u00e4r p\u00e5 akademisk niv\u00e5 och efter genomf\u00f6rd kurs finns m\u00f6jlighet att tentera av 7,5 h\u00f6gskolepo\u00e4ng.<\/p>\n","protected":false},"author":2,"featured_media":5907,"comment_status":"closed","ping_status":"open","sticky":false,"template":"","format":"standard","meta":{"_acf_changed":false,"_monsterinsights_skip_tracking":false,"_monsterinsights_sitenote_active":false,"_monsterinsights_sitenote_note":"","_monsterinsights_sitenote_category":0,"footnotes":""},"categories":[284],"tags":[115,147],"class_list":["post-5906","post","type-post","status-publish","format-standard","has-post-thumbnail","hentry","category-annons","tag-ingenjor","tag-kurs"],"acf":[],"yoast_head":"<!-- This site is optimized with the Yoast SEO plugin v27.3 - https:\/\/yoast.com\/product\/yoast-seo-wordpress\/ -->\n<title>Ledarskap och organisationsbeteende \u2013 STF Business Academy 14 augusti - Framtidens Karri\u00e4r - Ingenj\u00f6r<\/title>\n<meta name=\"robots\" content=\"index, follow, max-snippet:-1, max-image-preview:large, max-video-preview:-1\" \/>\n<link rel=\"canonical\" href=\"https:\/\/framtidenskarriar.se\/ingenjor\/2018\/06\/29\/kurs-i-ledarskap-och-organisationsbeteende\/\" \/>\n<meta property=\"og:locale\" content=\"sv_SE\" \/>\n<meta property=\"og:type\" content=\"article\" \/>\n<meta property=\"og:title\" content=\"Ledarskap och organisationsbeteende \u2013 STF Business Academy 14 augusti - Framtidens Karri\u00e4r - Ingenj\u00f6r\" \/>\n<meta property=\"og:description\" content=\"Kursen \u00e4r p\u00e5 akademisk niv\u00e5 och efter genomf\u00f6rd kurs finns m\u00f6jlighet att tentera av 7,5 h\u00f6gskolepo\u00e4ng.\" \/>\n<meta property=\"og:url\" content=\"https:\/\/framtidenskarriar.se\/ingenjor\/2018\/06\/29\/kurs-i-ledarskap-och-organisationsbeteende\/\" \/>\n<meta property=\"og:site_name\" content=\"Framtidens Karri\u00e4r - Ingenj\u00f6r\" \/>\n<meta property=\"article:published_time\" content=\"2018-06-29T11:09:58+00:00\" \/>\n<meta property=\"article:modified_time\" content=\"2020-11-09T11:56:09+00:00\" \/>\n<meta property=\"og:image\" content=\"https:\/\/framtidenskarriar.se\/ingenjor\/wp-content\/uploads\/sites\/14\/2018\/06\/mba-1200x628px.jpg\" \/>\n\t<meta property=\"og:image:width\" content=\"1200\" \/>\n\t<meta property=\"og:image:height\" content=\"628\" \/>\n\t<meta property=\"og:image:type\" content=\"image\/jpeg\" \/>\n<meta name=\"author\" content=\"viktorwallen\" \/>\n<meta name=\"twitter:card\" content=\"summary_large_image\" \/>\n<meta name=\"twitter:label1\" content=\"Skriven av\" \/>\n\t<meta name=\"twitter:data1\" content=\"viktorwallen\" \/>\n\t<meta name=\"twitter:label2\" content=\"Ber\u00e4knad l\u00e4stid\" \/>\n\t<meta name=\"twitter:data2\" content=\"2 minuter\" \/>\n<script type=\"application\/ld+json\" class=\"yoast-schema-graph\">{\"@context\":\"https:\\\/\\\/schema.org\",\"@graph\":[{\"@type\":\"Article\",\"@id\":\"https:\\\/\\\/framtidenskarriar.se\\\/ingenjor\\\/2018\\\/06\\\/29\\\/kurs-i-ledarskap-och-organisationsbeteende\\\/#article\",\"isPartOf\":{\"@id\":\"https:\\\/\\\/framtidenskarriar.se\\\/ingenjor\\\/2018\\\/06\\\/29\\\/kurs-i-ledarskap-och-organisationsbeteende\\\/\"},\"author\":{\"name\":\"viktorwallen\",\"@id\":\"https:\\\/\\\/framtidenskarriar.se\\\/ingenjor\\\/#\\\/schema\\\/person\\\/2a13a849ec7646386c2211f59afe3083\"},\"headline\":\"Ledarskap och organisationsbeteende \u2013 STF Business Academy 14 augusti\",\"datePublished\":\"2018-06-29T11:09:58+00:00\",\"dateModified\":\"2020-11-09T11:56:09+00:00\",\"mainEntityOfPage\":{\"@id\":\"https:\\\/\\\/framtidenskarriar.se\\\/ingenjor\\\/2018\\\/06\\\/29\\\/kurs-i-ledarskap-och-organisationsbeteende\\\/\"},\"wordCount\":331,\"image\":{\"@id\":\"https:\\\/\\\/framtidenskarriar.se\\\/ingenjor\\\/2018\\\/06\\\/29\\\/kurs-i-ledarskap-och-organisationsbeteende\\\/#primaryimage\"},\"thumbnailUrl\":\"https:\\\/\\\/framtidenskarriar.se\\\/ingenjor\\\/wp-content\\\/uploads\\\/sites\\\/14\\\/2018\\\/06\\\/mba-1200x628px.jpg\",\"keywords\":[\"Ingenj\u00f6r\",\"Kurs\"],\"articleSection\":[\"Annons\"],\"inLanguage\":\"sv-SE\"},{\"@type\":\"WebPage\",\"@id\":\"https:\\\/\\\/framtidenskarriar.se\\\/ingenjor\\\/2018\\\/06\\\/29\\\/kurs-i-ledarskap-och-organisationsbeteende\\\/\",\"url\":\"https:\\\/\\\/framtidenskarriar.se\\\/ingenjor\\\/2018\\\/06\\\/29\\\/kurs-i-ledarskap-och-organisationsbeteende\\\/\",\"name\":\"Ledarskap och organisationsbeteende \u2013 STF Business Academy 14 augusti - Framtidens Karri\u00e4r - Ingenj\u00f6r\",\"isPartOf\":{\"@id\":\"https:\\\/\\\/framtidenskarriar.se\\\/ingenjor\\\/#website\"},\"primaryImageOfPage\":{\"@id\":\"https:\\\/\\\/framtidenskarriar.se\\\/ingenjor\\\/2018\\\/06\\\/29\\\/kurs-i-ledarskap-och-organisationsbeteende\\\/#primaryimage\"},\"image\":{\"@id\":\"https:\\\/\\\/framtidenskarriar.se\\\/ingenjor\\\/2018\\\/06\\\/29\\\/kurs-i-ledarskap-och-organisationsbeteende\\\/#primaryimage\"},\"thumbnailUrl\":\"https:\\\/\\\/framtidenskarriar.se\\\/ingenjor\\\/wp-content\\\/uploads\\\/sites\\\/14\\\/2018\\\/06\\\/mba-1200x628px.jpg\",\"datePublished\":\"2018-06-29T11:09:58+00:00\",\"dateModified\":\"2020-11-09T11:56:09+00:00\",\"author\":{\"@id\":\"https:\\\/\\\/framtidenskarriar.se\\\/ingenjor\\\/#\\\/schema\\\/person\\\/2a13a849ec7646386c2211f59afe3083\"},\"breadcrumb\":{\"@id\":\"https:\\\/\\\/framtidenskarriar.se\\\/ingenjor\\\/2018\\\/06\\\/29\\\/kurs-i-ledarskap-och-organisationsbeteende\\\/#breadcrumb\"},\"inLanguage\":\"sv-SE\",\"potentialAction\":[{\"@type\":\"ReadAction\",\"target\":[\"https:\\\/\\\/framtidenskarriar.se\\\/ingenjor\\\/2018\\\/06\\\/29\\\/kurs-i-ledarskap-och-organisationsbeteende\\\/\"]}]},{\"@type\":\"ImageObject\",\"inLanguage\":\"sv-SE\",\"@id\":\"https:\\\/\\\/framtidenskarriar.se\\\/ingenjor\\\/2018\\\/06\\\/29\\\/kurs-i-ledarskap-och-organisationsbeteende\\\/#primaryimage\",\"url\":\"https:\\\/\\\/framtidenskarriar.se\\\/ingenjor\\\/wp-content\\\/uploads\\\/sites\\\/14\\\/2018\\\/06\\\/mba-1200x628px.jpg\",\"contentUrl\":\"https:\\\/\\\/framtidenskarriar.se\\\/ingenjor\\\/wp-content\\\/uploads\\\/sites\\\/14\\\/2018\\\/06\\\/mba-1200x628px.jpg\",\"width\":1200,\"height\":628,\"caption\":\"Ledarskap och organisationsbeteende\"},{\"@type\":\"BreadcrumbList\",\"@id\":\"https:\\\/\\\/framtidenskarriar.se\\\/ingenjor\\\/2018\\\/06\\\/29\\\/kurs-i-ledarskap-och-organisationsbeteende\\\/#breadcrumb\",\"itemListElement\":[{\"@type\":\"ListItem\",\"position\":1,\"name\":\"Home\",\"item\":\"https:\\\/\\\/framtidenskarriar.se\\\/ingenjor\\\/\"},{\"@type\":\"ListItem\",\"position\":2,\"name\":\"Ledarskap och organisationsbeteende \u2013 STF Business Academy 14 augusti\"}]},{\"@type\":\"WebSite\",\"@id\":\"https:\\\/\\\/framtidenskarriar.se\\\/ingenjor\\\/#website\",\"url\":\"https:\\\/\\\/framtidenskarriar.se\\\/ingenjor\\\/\",\"name\":\"Framtidens Karri\u00e4r - Ingenj\u00f6r\",\"description\":\"Just another NMDashboard.se Sites site\",\"potentialAction\":[{\"@type\":\"SearchAction\",\"target\":{\"@type\":\"EntryPoint\",\"urlTemplate\":\"https:\\\/\\\/framtidenskarriar.se\\\/ingenjor\\\/?s={search_term_string}\"},\"query-input\":{\"@type\":\"PropertyValueSpecification\",\"valueRequired\":true,\"valueName\":\"search_term_string\"}}],\"inLanguage\":\"sv-SE\"},{\"@type\":\"Person\",\"@id\":\"https:\\\/\\\/framtidenskarriar.se\\\/ingenjor\\\/#\\\/schema\\\/person\\\/2a13a849ec7646386c2211f59afe3083\",\"name\":\"viktorwallen\",\"image\":{\"@type\":\"ImageObject\",\"inLanguage\":\"sv-SE\",\"@id\":\"https:\\\/\\\/secure.gravatar.com\\\/avatar\\\/701701bd36169636031933997c8c6b954f2f635bbb7cd4802e4a007f9c9f4e59?s=96&d=mm&r=g\",\"url\":\"https:\\\/\\\/secure.gravatar.com\\\/avatar\\\/701701bd36169636031933997c8c6b954f2f635bbb7cd4802e4a007f9c9f4e59?s=96&d=mm&r=g\",\"contentUrl\":\"https:\\\/\\\/secure.gravatar.com\\\/avatar\\\/701701bd36169636031933997c8c6b954f2f635bbb7cd4802e4a007f9c9f4e59?s=96&d=mm&r=g\",\"caption\":\"viktorwallen\"},\"url\":\"https:\\\/\\\/framtidenskarriar.se\\\/ingenjor\\\/author\\\/viktorwallen\\\/\"}]}<\/script>\n<!-- \/ Yoast SEO plugin. -->","yoast_head_json":{"title":"Ledarskap och organisationsbeteende \u2013 STF Business Academy 14 augusti - Framtidens Karri\u00e4r - Ingenj\u00f6r","robots":{"index":"index","follow":"follow","max-snippet":"max-snippet:-1","max-image-preview":"max-image-preview:large","max-video-preview":"max-video-preview:-1"},"canonical":"https:\/\/framtidenskarriar.se\/ingenjor\/2018\/06\/29\/kurs-i-ledarskap-och-organisationsbeteende\/","og_locale":"sv_SE","og_type":"article","og_title":"Ledarskap och organisationsbeteende \u2013 STF Business Academy 14 augusti - Framtidens Karri\u00e4r - Ingenj\u00f6r","og_description":"Kursen \u00e4r p\u00e5 akademisk niv\u00e5 och efter genomf\u00f6rd kurs finns m\u00f6jlighet att tentera av 7,5 h\u00f6gskolepo\u00e4ng.","og_url":"https:\/\/framtidenskarriar.se\/ingenjor\/2018\/06\/29\/kurs-i-ledarskap-och-organisationsbeteende\/","og_site_name":"Framtidens Karri\u00e4r - Ingenj\u00f6r","article_published_time":"2018-06-29T11:09:58+00:00","article_modified_time":"2020-11-09T11:56:09+00:00","og_image":[{"width":1200,"height":628,"url":"https:\/\/framtidenskarriar.se\/ingenjor\/wp-content\/uploads\/sites\/14\/2018\/06\/mba-1200x628px.jpg","type":"image\/jpeg"}],"author":"viktorwallen","twitter_card":"summary_large_image","twitter_misc":{"Skriven av":"viktorwallen","Ber\u00e4knad l\u00e4stid":"2 minuter"},"schema":{"@context":"https:\/\/schema.org","@graph":[{"@type":"Article","@id":"https:\/\/framtidenskarriar.se\/ingenjor\/2018\/06\/29\/kurs-i-ledarskap-och-organisationsbeteende\/#article","isPartOf":{"@id":"https:\/\/framtidenskarriar.se\/ingenjor\/2018\/06\/29\/kurs-i-ledarskap-och-organisationsbeteende\/"},"author":{"name":"viktorwallen","@id":"https:\/\/framtidenskarriar.se\/ingenjor\/#\/schema\/person\/2a13a849ec7646386c2211f59afe3083"},"headline":"Ledarskap och organisationsbeteende \u2013 STF Business Academy 14 augusti","datePublished":"2018-06-29T11:09:58+00:00","dateModified":"2020-11-09T11:56:09+00:00","mainEntityOfPage":{"@id":"https:\/\/framtidenskarriar.se\/ingenjor\/2018\/06\/29\/kurs-i-ledarskap-och-organisationsbeteende\/"},"wordCount":331,"image":{"@id":"https:\/\/framtidenskarriar.se\/ingenjor\/2018\/06\/29\/kurs-i-ledarskap-och-organisationsbeteende\/#primaryimage"},"thumbnailUrl":"https:\/\/framtidenskarriar.se\/ingenjor\/wp-content\/uploads\/sites\/14\/2018\/06\/mba-1200x628px.jpg","keywords":["Ingenj\u00f6r","Kurs"],"articleSection":["Annons"],"inLanguage":"sv-SE"},{"@type":"WebPage","@id":"https:\/\/framtidenskarriar.se\/ingenjor\/2018\/06\/29\/kurs-i-ledarskap-och-organisationsbeteende\/","url":"https:\/\/framtidenskarriar.se\/ingenjor\/2018\/06\/29\/kurs-i-ledarskap-och-organisationsbeteende\/","name":"Ledarskap och organisationsbeteende \u2013 STF Business Academy 14 augusti - Framtidens Karri\u00e4r - Ingenj\u00f6r","isPartOf":{"@id":"https:\/\/framtidenskarriar.se\/ingenjor\/#website"},"primaryImageOfPage":{"@id":"https:\/\/framtidenskarriar.se\/ingenjor\/2018\/06\/29\/kurs-i-ledarskap-och-organisationsbeteende\/#primaryimage"},"image":{"@id":"https:\/\/framtidenskarriar.se\/ingenjor\/2018\/06\/29\/kurs-i-ledarskap-och-organisationsbeteende\/#primaryimage"},"thumbnailUrl":"https:\/\/framtidenskarriar.se\/ingenjor\/wp-content\/uploads\/sites\/14\/2018\/06\/mba-1200x628px.jpg","datePublished":"2018-06-29T11:09:58+00:00","dateModified":"2020-11-09T11:56:09+00:00","author":{"@id":"https:\/\/framtidenskarriar.se\/ingenjor\/#\/schema\/person\/2a13a849ec7646386c2211f59afe3083"},"breadcrumb":{"@id":"https:\/\/framtidenskarriar.se\/ingenjor\/2018\/06\/29\/kurs-i-ledarskap-och-organisationsbeteende\/#breadcrumb"},"inLanguage":"sv-SE","potentialAction":[{"@type":"ReadAction","target":["https:\/\/framtidenskarriar.se\/ingenjor\/2018\/06\/29\/kurs-i-ledarskap-och-organisationsbeteende\/"]}]},{"@type":"ImageObject","inLanguage":"sv-SE","@id":"https:\/\/framtidenskarriar.se\/ingenjor\/2018\/06\/29\/kurs-i-ledarskap-och-organisationsbeteende\/#primaryimage","url":"https:\/\/framtidenskarriar.se\/ingenjor\/wp-content\/uploads\/sites\/14\/2018\/06\/mba-1200x628px.jpg","contentUrl":"https:\/\/framtidenskarriar.se\/ingenjor\/wp-content\/uploads\/sites\/14\/2018\/06\/mba-1200x628px.jpg","width":1200,"height":628,"caption":"Ledarskap och organisationsbeteende"},{"@type":"BreadcrumbList","@id":"https:\/\/framtidenskarriar.se\/ingenjor\/2018\/06\/29\/kurs-i-ledarskap-och-organisationsbeteende\/#breadcrumb","itemListElement":[{"@type":"ListItem","position":1,"name":"Home","item":"https:\/\/framtidenskarriar.se\/ingenjor\/"},{"@type":"ListItem","position":2,"name":"Ledarskap och organisationsbeteende \u2013 STF Business Academy 14 augusti"}]},{"@type":"WebSite","@id":"https:\/\/framtidenskarriar.se\/ingenjor\/#website","url":"https:\/\/framtidenskarriar.se\/ingenjor\/","name":"Framtidens Karri\u00e4r - Ingenj\u00f6r","description":"Just another NMDashboard.se Sites site","potentialAction":[{"@type":"SearchAction","target":{"@type":"EntryPoint","urlTemplate":"https:\/\/framtidenskarriar.se\/ingenjor\/?s={search_term_string}"},"query-input":{"@type":"PropertyValueSpecification","valueRequired":true,"valueName":"search_term_string"}}],"inLanguage":"sv-SE"},{"@type":"Person","@id":"https:\/\/framtidenskarriar.se\/ingenjor\/#\/schema\/person\/2a13a849ec7646386c2211f59afe3083","name":"viktorwallen","image":{"@type":"ImageObject","inLanguage":"sv-SE","@id":"https:\/\/secure.gravatar.com\/avatar\/701701bd36169636031933997c8c6b954f2f635bbb7cd4802e4a007f9c9f4e59?s=96&d=mm&r=g","url":"https:\/\/secure.gravatar.com\/avatar\/701701bd36169636031933997c8c6b954f2f635bbb7cd4802e4a007f9c9f4e59?s=96&d=mm&r=g","contentUrl":"https:\/\/secure.gravatar.com\/avatar\/701701bd36169636031933997c8c6b954f2f635bbb7cd4802e4a007f9c9f4e59?s=96&d=mm&r=g","caption":"viktorwallen"},"url":"https:\/\/framtidenskarriar.se\/ingenjor\/author\/viktorwallen\/"}]}},"_links":{"self":[{"href":"https:\/\/framtidenskarriar.se\/ingenjor\/wp-json\/wp\/v2\/posts\/5906","targetHints":{"allow":["GET"]}}],"collection":[{"href":"https:\/\/framtidenskarriar.se\/ingenjor\/wp-json\/wp\/v2\/posts"}],"about":[{"href":"https:\/\/framtidenskarriar.se\/ingenjor\/wp-json\/wp\/v2\/types\/post"}],"author":[{"embeddable":true,"href":"https:\/\/framtidenskarriar.se\/ingenjor\/wp-json\/wp\/v2\/users\/2"}],"replies":[{"embeddable":true,"href":"https:\/\/framtidenskarriar.se\/ingenjor\/wp-json\/wp\/v2\/comments?post=5906"}],"version-history":[{"count":6,"href":"https:\/\/framtidenskarriar.se\/ingenjor\/wp-json\/wp\/v2\/posts\/5906\/revisions"}],"predecessor-version":[{"id":6336,"href":"https:\/\/framtidenskarriar.se\/ingenjor\/wp-json\/wp\/v2\/posts\/5906\/revisions\/6336"}],"wp:featuredmedia":[{"embeddable":true,"href":"https:\/\/framtidenskarriar.se\/ingenjor\/wp-json\/wp\/v2\/media\/5907"}],"wp:attachment":[{"href":"https:\/\/framtidenskarriar.se\/ingenjor\/wp-json\/wp\/v2\/media?parent=5906"}],"wp:term":[{"taxonomy":"category","embeddable":true,"href":"https:\/\/framtidenskarriar.se\/ingenjor\/wp-json\/wp\/v2\/categories?post=5906"},{"taxonomy":"post_tag","embeddable":true,"href":"https:\/\/framtidenskarriar.se\/ingenjor\/wp-json\/wp\/v2\/tags?post=5906"}],"curies":[{"name":"wp","href":"https:\/\/api.w.org\/{rel}","templated":true}]}}