{"id":6025,"date":"2018-08-22T11:31:08","date_gmt":"2018-08-22T11:31:08","guid":{"rendered":"http:\/\/framtidenskarriar.se\/ingenjor\/?p=6025"},"modified":"2025-11-03T14:06:59","modified_gmt":"2025-11-03T14:06:59","slug":"sjalvstyrande-team-bakom-volvos-sjalvkorande-bilar","status":"publish","type":"post","link":"https:\/\/framtidenskarriar.se\/ingenjor\/2018\/08\/22\/sjalvstyrande-team-bakom-volvos-sjalvkorande-bilar\/","title":{"rendered":"Sj\u00e4lvstyrande team bakom Volvos sj\u00e4lvk\u00f6rande bilar"},"content":{"rendered":"\n<figure class=\"wp-block-image alignnone size-full wp-image-6026\"><img loading=\"lazy\" decoding=\"async\" width=\"1000\" height=\"634\" src=\"https:\/\/framtidenskarriar.se\/ingenjor\/wp-content\/uploads\/sites\/14\/2018\/08\/zenuity-03.jpg\" alt=\"\u2013 Vi jobbar f\u00f6r att skapa en framtid som \u00e4r gr\u00f6nare, mer h\u00e5llbar och mer trafiks\u00e4ker \u00e4n vad generationerna f\u00f6re oss lyckats med. Shilan Demir (till h\u00f6ger) och Lena Westervall \u00e4r tv\u00e5 av cheferna p\u00e5 Zenuity i G\u00f6teborg. Foto: Patrik Bergenstav\" class=\"wp-image-6026\" srcset=\"https:\/\/framtidenskarriar.se\/ingenjor\/wp-content\/uploads\/sites\/14\/2018\/08\/zenuity-03.jpg 1000w, https:\/\/framtidenskarriar.se\/ingenjor\/wp-content\/uploads\/sites\/14\/2018\/08\/zenuity-03-300x190.jpg 300w, https:\/\/framtidenskarriar.se\/ingenjor\/wp-content\/uploads\/sites\/14\/2018\/08\/zenuity-03-768x487.jpg 768w, https:\/\/framtidenskarriar.se\/ingenjor\/wp-content\/uploads\/sites\/14\/2018\/08\/zenuity-03-252x160.jpg 252w, https:\/\/framtidenskarriar.se\/ingenjor\/wp-content\/uploads\/sites\/14\/2018\/08\/zenuity-03-526x333.jpg 526w, https:\/\/framtidenskarriar.se\/ingenjor\/wp-content\/uploads\/sites\/14\/2018\/08\/zenuity-03-720x456.jpg 720w, https:\/\/framtidenskarriar.se\/ingenjor\/wp-content\/uploads\/sites\/14\/2018\/08\/zenuity-03-960x609.jpg 960w\" sizes=\"auto, (max-width: 1000px) 100vw, 1000px\" \/><figcaption>\u2013 Vi jobbar f\u00f6r att skapa en framtid som \u00e4r gr\u00f6nare, mer h\u00e5llbar och mer trafiks\u00e4ker \u00e4n vad generationerna f\u00f6re oss lyckats med. Shilan Demir (till h\u00f6ger) och Lena Westervall \u00e4r tv\u00e5 av cheferna p\u00e5 Zenuity i G\u00f6teborg. Foto: Patrik Bergenstav<\/figcaption><\/figure>\n\n\n\n<p><strong>\u00c5r 2025 ska var tredje ny Volvobil \u2013 400&nbsp;000 bilar \u2013 vara sj\u00e4lvk\u00f6rande. Och det \u00e4r Zenuity \u2013 med huvud\u00adkontor p\u00e5 Lindholmen i G\u00f6teborg \u2013 som ska utveckla mjukvaran. H\u00e4r f\u00e5r det inte finnas n\u00e5gra buggar.<\/strong><\/p>\n\n\n\n<p>Det s\u00e4gs att 95 procent av alla bil\u00adolyckor beror p\u00e5 den m\u00e4nskliga faktorn \u2013 f\u00f6raren. En framtid med bilar styrda av datorer, som aldrig somnar vid ratten eller v\u00e4lter en kaffemugg i kn\u00e4et, verkar d\u00e4rf\u00f6r mycket lockande. Men det handlar inte bara om s\u00e4kerheten.<br>\u2013 Sj\u00e4lvk\u00f6rande bilar \u00e4r inte bara en ny funktion som kommer att g\u00f6ra det \u00e4nnu s\u00e4krare att \u00e5ka bil, det kommer att f\u00f6r\u00e4ndra samh\u00e4llet oerh\u00f6rt mycket, s\u00e4ger Lena Westervall, omr\u00e5des\u00e4gare p\u00e5 Zenuity f\u00f6r verktygskedjan eller Continuos Integration and Data Factory.<br>\u2013 T\u00e4nk bara vilka m\u00f6jligheter det finns att f\u00e5 bort stora parkeringsytor n\u00e4r bilarna parkerar sj\u00e4lva, ytor som kanske kan anv\u00e4ndas f\u00f6r odlingar inne i st\u00e4derna.<\/p>\n\n\n\n<p><strong>Data \u00e4r nya oljan<\/strong><br>Zenuity \u00e4r ett samriskbolag mellan Volvo Cars och Autoliv som startade i april 2017. Bolaget har redan 575 anst\u00e4llda och ska v\u00e4xa till runt 650 personer, d\u00e5 \u00e4r det \u201dn\u00e4stan fullt\u201d i det egna huset i Lindholmen Science Park.<br>Bolaget st\u00e5r p\u00e5 tv\u00e5 produktben: Avancerade f\u00f6rarst\u00f6dda system (ADAS) och sj\u00e4lvk\u00f6rande bilar (AD).<br>\u2013 ADAS kan vi erbjuda redan idag. AD kommer om n\u00e5gra \u00e5r, runt 2021, s\u00e4ger Lena Westervall.<br>Inom hennes ansvarsomr\u00e5de, verktygskedjan, jobbar cirka 140 personer, som ocks\u00e5 \u00e4r ute p\u00e5 f\u00e4ltet och samlar in data.<br>\u2013 Data \u00e4r ju den nya oljan. Vi jobbar med AI i v\u00e5r produktutveckling och beh\u00f6ver oerh\u00f6rt stora m\u00e4ngder data. Det g\u00e5r \u00e5t mer tid att hantera, sortera och tv\u00e4tta data \u00e4n att tr\u00e4na algoritmerna och n\u00e4tverken.<\/p>\n\n\n\n<p><strong>Hetaste omr\u00e5det f\u00f6r ingenj\u00f6rer<\/strong><br>Ett hetare teknikomr\u00e5de \u00e4n sj\u00e4lvk\u00f6rande bilar \u00e4r nog sv\u00e5rt att hitta just nu. Zenuity f\u00e5r ungef\u00e4r 100 kvalificerade s\u00f6kande p\u00e5 varje ledigt jobb. I skrivande stund finns ett 70-tal lediga IT-jobb p\u00e5 f\u00f6retagets hemsida. I vissa fall kan de s\u00f6kande v\u00e4lja placeringsort: G\u00f6teborg, Detroit eller M\u00fcnchen. Och fler orter tillkommer:<br>\u2013 Vi har just startat en sajt i Silicon Valley i Kalifornien och ska starta en \u00e4ven i Kina, ber\u00e4ttar Lena Westervall.<br>Framf\u00f6r allt \u00e4r det mjukvaruutvecklare med olika bakgrunder och inriktningar som s\u00f6kes.<br>\u2013 Vi har tv\u00e4rfunktionella team som tar produkten fr\u00e5n id\u00e9 till kund. S\u00e5 de beh\u00f6ver kunna skriva koden, testa den och kvalitetss\u00e4kra hela leveransen, s\u00e4ger Lena Westervall.<br>Hon l\u00e4ste till ingenj\u00f6r vid Lule\u00e5 tekniska universitet och var med fr\u00e5n starten av Zenuity. Dit kom hon efter 15 \u00e5r p\u00e5 Volvo Cars, d\u00e4r hon var med och startade omr\u00e5det Aktiv s\u00e4kerhet.<\/p>\n\n\n\n<p><strong>Sj\u00e4lvstyrande team ger snabba beslut<\/strong><br>\u2013 N\u00e4r jag b\u00f6rjade p\u00e5 Volvo 2002 var vi en handfull personer, men sen dess har det blivit ett ganska stort omr\u00e5de och nu ett separat bolag \u2013 Zenuity. H\u00e4r finns en otroligt kreativ milj\u00f6, med fantastiskt drivna medarbetare. Vi k\u00e4nner oss som entrepren\u00f6rer, vi vill verkligen lyckas!<br>P\u00e5 Zenuity sl\u00f6sar man inte bort mycket tid p\u00e5 beslutsm\u00f6ten.<br>\u2013 F\u00f6r att vara snabba, vill vi ge teamen mycket mandat att sj\u00e4lva ta sina beslut. Vi str\u00e4var efter en sj\u00e4lvstyrande organisation, d\u00e4r man s\u00e4tter upp m\u00e5l att str\u00e4va mot inom varje produktomr\u00e5de, sedan jobbar teamen ganska sj\u00e4lvst\u00e4ndigt mot de m\u00e5len, s\u00e4ger Lena Westervall.<br>Programchefen Shilan Demir tog sin examen som maskinteknik-ingenj\u00f6r i Halmstad, byggde p\u00e5 med produktutveckling p\u00e5 Chalmers och har jobbat med projektledning i m\u00e5nga \u00e5r, bland annat f\u00f6r Volvo Cars Drive Me. I februari 2018 b\u00f6rjade hon p\u00e5 Zenuity.<\/p>\n\n\n\n<p><strong>En revolution i h\u00e5llbar riktning<\/strong><br>\u2013 Det som drev mig in p\u00e5 den h\u00e4r banan \u00e4r att det vi g\u00f6r idag kommer att p\u00e5verka samh\u00e4llet v\u00e4ldigt mycket p\u00e5 sikt. Vi kan inte forts\u00e4tta anv\u00e4nda bilen som vi g\u00f6r idag, det kommer inte att h\u00e5lla i 100 \u00e5r till. Men med sj\u00e4lvk\u00f6rande bilar kan vi maximera anv\u00e4ndandet av bilen och hitta p\u00e5 nya s\u00e4tt att transportera oss, s\u00e4ger Shilan Demir.<br>\u2013 Tillsammans med alternativa br\u00e4nslen och eldrivna bilar, kommer sj\u00e4lvk\u00f6rande bilar att p\u00e5verka v\u00e4rlden i en mycket mer h\u00e5llbar riktning, kanske det mest revolutionerande som h\u00e4nder i v\u00e5r tid.<br>\u2013 \u00c4ven om allt detta ligger l\u00e5ngt fram i tiden, m\u00e5ste n\u00e5gon ta de f\u00f6rsta stegen \u2013 och det \u00e4r h\u00e4r p\u00e5 Lindholmen som vi g\u00f6r det!<\/p>\n\n\n\n<div class=\"wp-block-group faktaruta\"><div class=\"wp-block-group__inner-container is-layout-flow wp-block-group-is-layout-flow\">\n<h6 class=\"wp-block-heading\">Zenuity<\/h6>\n\n\n\n<p>Zenuity AB \u00e4r ett Joint Venture mellan Volvo Cars och Autoliv.<br>Autoliv har beslutat knoppa av sitt aff\u00e4rsomr\u00e5de Electronics i det nya bolaget Veoneer, som \u00e4r h\u00e4lften\u00e4gare i Zenuity ihop med Volvo Cars.<br><br><strong>G\u00f6r:<\/strong> Mjukvara till system f\u00f6r avancerat f\u00f6rarst\u00f6d (ADAS) och sj\u00e4lvk\u00f6rande bilar (AD). Zenuity s\u00e4ljer mjukvarulicenser till Volvo Cars och Veoneer. De kan sedan s\u00e4lja licenserna vidare till andra fordonstillverkare b\u00e5de som en komplett systeml\u00f6sning ihop med sensorer eller som moduler, beroende p\u00e5 kundernas \u00f6nskem\u00e5l.<br><br><strong>Mobility Xlab:<\/strong> En av v\u00e5ningarna i Zenuitys hus p\u00e5 Lindholmen upptas av Mobility Xlab, ett samarbete mellan Veoneer, Ericsson, Volvo Cars, CEVT, Volvokoncernen och Zenuity.<br>Mobility Xlab \u00e4r b\u00e5de en expoyta och ett innovationslabb f\u00f6r gemensam utveckling av ny teknologi mellan parterna, men ocks\u00e5 samarbeten med mindre startup-f\u00f6retag, vars id\u00e9er man vill st\u00f6dja eller bli inspirerade av. Syftet med satsningen \u00e4r att \u201dstimulera utvecklingen av hela det svenska fordonsklustret, f\u00f6r \u00f6kad konkurrenskraft g\u00e4llande framtidens transportsystem\u201d.<br>Rent konkret kan samarbetet inneb\u00e4ra att anst\u00e4llda p\u00e5 Zenuity flyttar ner ett par v\u00e5ningar till Mobility Xlab, f\u00f6r att under en tid samarbeta med till exempel Ericsson kring Connected Safety eller andra produktomr\u00e5den.<\/p>\n\n\n\n<p>Zenuity AB<br>Lindholmspiren 2<br>417 56 G\u00f6teborg<br>Tel: 031-31 36 000<br><br><strong>Kontaktperson:<\/strong><br>Catarina Falkenstr\u00f6m<br><em>E-post: <a title=\"zenuity mail\" href=\"mailto:catarina.falkenstrom@zenuity.com\">catarina.falkenstrom@zenuity.com<\/a><\/em><br><strong><a title=\"zenuity textlink\" href=\"http:\/\/www.zenuity.com\" target=\"_blank\" rel=\"noopener noreferrer\">www.zenuity.com<\/a><\/strong><br><br><a href=\"http:\/\/www.zenuity.com\" title=\"zenuity logotype\" target=\"_blank\" rel=\"noreferrer noopener\"><img loading=\"lazy\" decoding=\"async\" width=\"150\" height=\"41\" class=\"wp-image-6027\" style=\"width: 150px;\" src=\"https:\/\/framtidenskarriar.se\/ingenjor\/wp-content\/uploads\/sites\/14\/2018\/08\/zenuity-logo-delivery-final-horizontal-black.png\" alt=\"\" srcset=\"https:\/\/framtidenskarriar.se\/ingenjor\/wp-content\/uploads\/sites\/14\/2018\/08\/zenuity-logo-delivery-final-horizontal-black.png 580w, https:\/\/framtidenskarriar.se\/ingenjor\/wp-content\/uploads\/sites\/14\/2018\/08\/zenuity-logo-delivery-final-horizontal-black-300x82.png 300w, https:\/\/framtidenskarriar.se\/ingenjor\/wp-content\/uploads\/sites\/14\/2018\/08\/zenuity-logo-delivery-final-horizontal-black-526x143.png 526w\" sizes=\"auto, (max-width: 150px) 100vw, 150px\" \/><\/a><\/p>\n<\/div><\/div>\n","protected":false},"excerpt":{"rendered":"<p>\u00c5r 2025 ska var tredje ny Volvobil vara sj\u00e4lvk\u00f6rande.<\/p>\n","protected":false},"author":2,"featured_media":6026,"comment_status":"closed","ping_status":"open","sticky":false,"template":"","format":"standard","meta":{"_acf_changed":false,"_monsterinsights_skip_tracking":false,"_monsterinsights_sitenote_active":false,"_monsterinsights_sitenote_note":"","_monsterinsights_sitenote_category":0,"footnotes":""},"categories":[4],"tags":[14,15,28,77,78,167,196,223,278],"class_list":["post-6025","post","type-post","status-publish","format-standard","has-post-thumbnail","hentry","category-presentation","tag-ad","tag-adas","tag-avancerade-forarstodda-system","tag-fordon","tag-fordonsindustri","tag-mjukvaruutveckling","tag-produktutveckling","tag-sjalvkorande-bilar","tag-zenuity"],"acf":[],"yoast_head":"<!-- This site is optimized with the Yoast SEO plugin v27.3 - https:\/\/yoast.com\/product\/yoast-seo-wordpress\/ -->\n<title>Sj\u00e4lvstyrande team bakom Volvos sj\u00e4lvk\u00f6rande bilar - Framtidens Karri\u00e4r - Ingenj\u00f6r<\/title>\n<meta name=\"robots\" content=\"index, follow, max-snippet:-1, max-image-preview:large, max-video-preview:-1\" \/>\n<link rel=\"canonical\" href=\"https:\/\/framtidenskarriar.se\/ingenjor\/2018\/08\/22\/sjalvstyrande-team-bakom-volvos-sjalvkorande-bilar\/\" \/>\n<meta property=\"og:locale\" content=\"sv_SE\" \/>\n<meta property=\"og:type\" content=\"article\" \/>\n<meta property=\"og:title\" content=\"Sj\u00e4lvstyrande team bakom Volvos sj\u00e4lvk\u00f6rande bilar - Framtidens Karri\u00e4r - Ingenj\u00f6r\" \/>\n<meta property=\"og:description\" content=\"\u00c5r 2025 ska var tredje ny Volvobil vara sj\u00e4lvk\u00f6rande.\" \/>\n<meta property=\"og:url\" content=\"https:\/\/framtidenskarriar.se\/ingenjor\/2018\/08\/22\/sjalvstyrande-team-bakom-volvos-sjalvkorande-bilar\/\" \/>\n<meta property=\"og:site_name\" content=\"Framtidens Karri\u00e4r - Ingenj\u00f6r\" \/>\n<meta property=\"article:published_time\" content=\"2018-08-22T11:31:08+00:00\" \/>\n<meta property=\"article:modified_time\" content=\"2025-11-03T14:06:59+00:00\" \/>\n<meta property=\"og:image\" content=\"https:\/\/framtidenskarriar.se\/ingenjor\/wp-content\/uploads\/sites\/14\/2018\/08\/zenuity-03.jpg\" \/>\n\t<meta property=\"og:image:width\" content=\"1000\" \/>\n\t<meta property=\"og:image:height\" content=\"634\" \/>\n\t<meta property=\"og:image:type\" content=\"image\/jpeg\" \/>\n<meta name=\"author\" content=\"viktorwallen\" \/>\n<meta name=\"twitter:card\" content=\"summary_large_image\" \/>\n<meta name=\"twitter:label1\" content=\"Skriven av\" \/>\n\t<meta name=\"twitter:data1\" content=\"viktorwallen\" \/>\n\t<meta name=\"twitter:label2\" content=\"Ber\u00e4knad l\u00e4stid\" \/>\n\t<meta name=\"twitter:data2\" content=\"6 minuter\" \/>\n<script type=\"application\/ld+json\" class=\"yoast-schema-graph\">{\"@context\":\"https:\\\/\\\/schema.org\",\"@graph\":[{\"@type\":\"Article\",\"@id\":\"https:\\\/\\\/framtidenskarriar.se\\\/ingenjor\\\/2018\\\/08\\\/22\\\/sjalvstyrande-team-bakom-volvos-sjalvkorande-bilar\\\/#article\",\"isPartOf\":{\"@id\":\"https:\\\/\\\/framtidenskarriar.se\\\/ingenjor\\\/2018\\\/08\\\/22\\\/sjalvstyrande-team-bakom-volvos-sjalvkorande-bilar\\\/\"},\"author\":{\"name\":\"viktorwallen\",\"@id\":\"https:\\\/\\\/framtidenskarriar.se\\\/ingenjor\\\/#\\\/schema\\\/person\\\/2a13a849ec7646386c2211f59afe3083\"},\"headline\":\"Sj\u00e4lvstyrande team bakom Volvos sj\u00e4lvk\u00f6rande bilar\",\"datePublished\":\"2018-08-22T11:31:08+00:00\",\"dateModified\":\"2025-11-03T14:06:59+00:00\",\"mainEntityOfPage\":{\"@id\":\"https:\\\/\\\/framtidenskarriar.se\\\/ingenjor\\\/2018\\\/08\\\/22\\\/sjalvstyrande-team-bakom-volvos-sjalvkorande-bilar\\\/\"},\"wordCount\":1088,\"image\":{\"@id\":\"https:\\\/\\\/framtidenskarriar.se\\\/ingenjor\\\/2018\\\/08\\\/22\\\/sjalvstyrande-team-bakom-volvos-sjalvkorande-bilar\\\/#primaryimage\"},\"thumbnailUrl\":\"https:\\\/\\\/framtidenskarriar.se\\\/ingenjor\\\/wp-content\\\/uploads\\\/sites\\\/14\\\/2018\\\/08\\\/zenuity-03.jpg\",\"keywords\":[\"AD\",\"ADAS\",\"Avancerade f\u00f6rarst\u00f6dda system\",\"Fordon\",\"Fordonsindustri\",\"Mjukvaruutveckling\",\"Produktutveckling\",\"Sj\u00e4lvk\u00f6rande bilar\",\"Zenuity\"],\"articleSection\":[\"Presentation\"],\"inLanguage\":\"sv-SE\"},{\"@type\":\"WebPage\",\"@id\":\"https:\\\/\\\/framtidenskarriar.se\\\/ingenjor\\\/2018\\\/08\\\/22\\\/sjalvstyrande-team-bakom-volvos-sjalvkorande-bilar\\\/\",\"url\":\"https:\\\/\\\/framtidenskarriar.se\\\/ingenjor\\\/2018\\\/08\\\/22\\\/sjalvstyrande-team-bakom-volvos-sjalvkorande-bilar\\\/\",\"name\":\"Sj\u00e4lvstyrande team bakom Volvos sj\u00e4lvk\u00f6rande bilar - Framtidens Karri\u00e4r - Ingenj\u00f6r\",\"isPartOf\":{\"@id\":\"https:\\\/\\\/framtidenskarriar.se\\\/ingenjor\\\/#website\"},\"primaryImageOfPage\":{\"@id\":\"https:\\\/\\\/framtidenskarriar.se\\\/ingenjor\\\/2018\\\/08\\\/22\\\/sjalvstyrande-team-bakom-volvos-sjalvkorande-bilar\\\/#primaryimage\"},\"image\":{\"@id\":\"https:\\\/\\\/framtidenskarriar.se\\\/ingenjor\\\/2018\\\/08\\\/22\\\/sjalvstyrande-team-bakom-volvos-sjalvkorande-bilar\\\/#primaryimage\"},\"thumbnailUrl\":\"https:\\\/\\\/framtidenskarriar.se\\\/ingenjor\\\/wp-content\\\/uploads\\\/sites\\\/14\\\/2018\\\/08\\\/zenuity-03.jpg\",\"datePublished\":\"2018-08-22T11:31:08+00:00\",\"dateModified\":\"2025-11-03T14:06:59+00:00\",\"author\":{\"@id\":\"https:\\\/\\\/framtidenskarriar.se\\\/ingenjor\\\/#\\\/schema\\\/person\\\/2a13a849ec7646386c2211f59afe3083\"},\"breadcrumb\":{\"@id\":\"https:\\\/\\\/framtidenskarriar.se\\\/ingenjor\\\/2018\\\/08\\\/22\\\/sjalvstyrande-team-bakom-volvos-sjalvkorande-bilar\\\/#breadcrumb\"},\"inLanguage\":\"sv-SE\",\"potentialAction\":[{\"@type\":\"ReadAction\",\"target\":[\"https:\\\/\\\/framtidenskarriar.se\\\/ingenjor\\\/2018\\\/08\\\/22\\\/sjalvstyrande-team-bakom-volvos-sjalvkorande-bilar\\\/\"]}]},{\"@type\":\"ImageObject\",\"inLanguage\":\"sv-SE\",\"@id\":\"https:\\\/\\\/framtidenskarriar.se\\\/ingenjor\\\/2018\\\/08\\\/22\\\/sjalvstyrande-team-bakom-volvos-sjalvkorande-bilar\\\/#primaryimage\",\"url\":\"https:\\\/\\\/framtidenskarriar.se\\\/ingenjor\\\/wp-content\\\/uploads\\\/sites\\\/14\\\/2018\\\/08\\\/zenuity-03.jpg\",\"contentUrl\":\"https:\\\/\\\/framtidenskarriar.se\\\/ingenjor\\\/wp-content\\\/uploads\\\/sites\\\/14\\\/2018\\\/08\\\/zenuity-03.jpg\",\"width\":1000,\"height\":634,\"caption\":\"\u2013 Vi jobbar f\u00f6r att skapa en framtid som \u00e4r gr\u00f6nare, mer h\u00e5llbar och mer trafiks\u00e4ker \u00e4n vad generationerna f\u00f6re oss lyckats med. Shilan Demir (till h\u00f6ger) och Lena Westervall \u00e4r tv\u00e5 av cheferna p\u00e5 Zenuity i G\u00f6teborg. Foto: Patrik Bergenstav\"},{\"@type\":\"BreadcrumbList\",\"@id\":\"https:\\\/\\\/framtidenskarriar.se\\\/ingenjor\\\/2018\\\/08\\\/22\\\/sjalvstyrande-team-bakom-volvos-sjalvkorande-bilar\\\/#breadcrumb\",\"itemListElement\":[{\"@type\":\"ListItem\",\"position\":1,\"name\":\"Home\",\"item\":\"https:\\\/\\\/framtidenskarriar.se\\\/ingenjor\\\/\"},{\"@type\":\"ListItem\",\"position\":2,\"name\":\"Sj\u00e4lvstyrande team bakom Volvos sj\u00e4lvk\u00f6rande bilar\"}]},{\"@type\":\"WebSite\",\"@id\":\"https:\\\/\\\/framtidenskarriar.se\\\/ingenjor\\\/#website\",\"url\":\"https:\\\/\\\/framtidenskarriar.se\\\/ingenjor\\\/\",\"name\":\"Framtidens Karri\u00e4r - Ingenj\u00f6r\",\"description\":\"Just another NMDashboard.se Sites site\",\"potentialAction\":[{\"@type\":\"SearchAction\",\"target\":{\"@type\":\"EntryPoint\",\"urlTemplate\":\"https:\\\/\\\/framtidenskarriar.se\\\/ingenjor\\\/?s={search_term_string}\"},\"query-input\":{\"@type\":\"PropertyValueSpecification\",\"valueRequired\":true,\"valueName\":\"search_term_string\"}}],\"inLanguage\":\"sv-SE\"},{\"@type\":\"Person\",\"@id\":\"https:\\\/\\\/framtidenskarriar.se\\\/ingenjor\\\/#\\\/schema\\\/person\\\/2a13a849ec7646386c2211f59afe3083\",\"name\":\"viktorwallen\",\"image\":{\"@type\":\"ImageObject\",\"inLanguage\":\"sv-SE\",\"@id\":\"https:\\\/\\\/secure.gravatar.com\\\/avatar\\\/701701bd36169636031933997c8c6b954f2f635bbb7cd4802e4a007f9c9f4e59?s=96&d=mm&r=g\",\"url\":\"https:\\\/\\\/secure.gravatar.com\\\/avatar\\\/701701bd36169636031933997c8c6b954f2f635bbb7cd4802e4a007f9c9f4e59?s=96&d=mm&r=g\",\"contentUrl\":\"https:\\\/\\\/secure.gravatar.com\\\/avatar\\\/701701bd36169636031933997c8c6b954f2f635bbb7cd4802e4a007f9c9f4e59?s=96&d=mm&r=g\",\"caption\":\"viktorwallen\"},\"url\":\"https:\\\/\\\/framtidenskarriar.se\\\/ingenjor\\\/author\\\/viktorwallen\\\/\"}]}<\/script>\n<!-- \/ Yoast SEO plugin. -->","yoast_head_json":{"title":"Sj\u00e4lvstyrande team bakom Volvos sj\u00e4lvk\u00f6rande bilar - Framtidens Karri\u00e4r - Ingenj\u00f6r","robots":{"index":"index","follow":"follow","max-snippet":"max-snippet:-1","max-image-preview":"max-image-preview:large","max-video-preview":"max-video-preview:-1"},"canonical":"https:\/\/framtidenskarriar.se\/ingenjor\/2018\/08\/22\/sjalvstyrande-team-bakom-volvos-sjalvkorande-bilar\/","og_locale":"sv_SE","og_type":"article","og_title":"Sj\u00e4lvstyrande team bakom Volvos sj\u00e4lvk\u00f6rande bilar - Framtidens Karri\u00e4r - Ingenj\u00f6r","og_description":"\u00c5r 2025 ska var tredje ny Volvobil vara sj\u00e4lvk\u00f6rande.","og_url":"https:\/\/framtidenskarriar.se\/ingenjor\/2018\/08\/22\/sjalvstyrande-team-bakom-volvos-sjalvkorande-bilar\/","og_site_name":"Framtidens Karri\u00e4r - Ingenj\u00f6r","article_published_time":"2018-08-22T11:31:08+00:00","article_modified_time":"2025-11-03T14:06:59+00:00","og_image":[{"width":1000,"height":634,"url":"https:\/\/framtidenskarriar.se\/ingenjor\/wp-content\/uploads\/sites\/14\/2018\/08\/zenuity-03.jpg","type":"image\/jpeg"}],"author":"viktorwallen","twitter_card":"summary_large_image","twitter_misc":{"Skriven av":"viktorwallen","Ber\u00e4knad l\u00e4stid":"6 minuter"},"schema":{"@context":"https:\/\/schema.org","@graph":[{"@type":"Article","@id":"https:\/\/framtidenskarriar.se\/ingenjor\/2018\/08\/22\/sjalvstyrande-team-bakom-volvos-sjalvkorande-bilar\/#article","isPartOf":{"@id":"https:\/\/framtidenskarriar.se\/ingenjor\/2018\/08\/22\/sjalvstyrande-team-bakom-volvos-sjalvkorande-bilar\/"},"author":{"name":"viktorwallen","@id":"https:\/\/framtidenskarriar.se\/ingenjor\/#\/schema\/person\/2a13a849ec7646386c2211f59afe3083"},"headline":"Sj\u00e4lvstyrande team bakom Volvos sj\u00e4lvk\u00f6rande bilar","datePublished":"2018-08-22T11:31:08+00:00","dateModified":"2025-11-03T14:06:59+00:00","mainEntityOfPage":{"@id":"https:\/\/framtidenskarriar.se\/ingenjor\/2018\/08\/22\/sjalvstyrande-team-bakom-volvos-sjalvkorande-bilar\/"},"wordCount":1088,"image":{"@id":"https:\/\/framtidenskarriar.se\/ingenjor\/2018\/08\/22\/sjalvstyrande-team-bakom-volvos-sjalvkorande-bilar\/#primaryimage"},"thumbnailUrl":"https:\/\/framtidenskarriar.se\/ingenjor\/wp-content\/uploads\/sites\/14\/2018\/08\/zenuity-03.jpg","keywords":["AD","ADAS","Avancerade f\u00f6rarst\u00f6dda system","Fordon","Fordonsindustri","Mjukvaruutveckling","Produktutveckling","Sj\u00e4lvk\u00f6rande bilar","Zenuity"],"articleSection":["Presentation"],"inLanguage":"sv-SE"},{"@type":"WebPage","@id":"https:\/\/framtidenskarriar.se\/ingenjor\/2018\/08\/22\/sjalvstyrande-team-bakom-volvos-sjalvkorande-bilar\/","url":"https:\/\/framtidenskarriar.se\/ingenjor\/2018\/08\/22\/sjalvstyrande-team-bakom-volvos-sjalvkorande-bilar\/","name":"Sj\u00e4lvstyrande team bakom Volvos sj\u00e4lvk\u00f6rande bilar - Framtidens Karri\u00e4r - Ingenj\u00f6r","isPartOf":{"@id":"https:\/\/framtidenskarriar.se\/ingenjor\/#website"},"primaryImageOfPage":{"@id":"https:\/\/framtidenskarriar.se\/ingenjor\/2018\/08\/22\/sjalvstyrande-team-bakom-volvos-sjalvkorande-bilar\/#primaryimage"},"image":{"@id":"https:\/\/framtidenskarriar.se\/ingenjor\/2018\/08\/22\/sjalvstyrande-team-bakom-volvos-sjalvkorande-bilar\/#primaryimage"},"thumbnailUrl":"https:\/\/framtidenskarriar.se\/ingenjor\/wp-content\/uploads\/sites\/14\/2018\/08\/zenuity-03.jpg","datePublished":"2018-08-22T11:31:08+00:00","dateModified":"2025-11-03T14:06:59+00:00","author":{"@id":"https:\/\/framtidenskarriar.se\/ingenjor\/#\/schema\/person\/2a13a849ec7646386c2211f59afe3083"},"breadcrumb":{"@id":"https:\/\/framtidenskarriar.se\/ingenjor\/2018\/08\/22\/sjalvstyrande-team-bakom-volvos-sjalvkorande-bilar\/#breadcrumb"},"inLanguage":"sv-SE","potentialAction":[{"@type":"ReadAction","target":["https:\/\/framtidenskarriar.se\/ingenjor\/2018\/08\/22\/sjalvstyrande-team-bakom-volvos-sjalvkorande-bilar\/"]}]},{"@type":"ImageObject","inLanguage":"sv-SE","@id":"https:\/\/framtidenskarriar.se\/ingenjor\/2018\/08\/22\/sjalvstyrande-team-bakom-volvos-sjalvkorande-bilar\/#primaryimage","url":"https:\/\/framtidenskarriar.se\/ingenjor\/wp-content\/uploads\/sites\/14\/2018\/08\/zenuity-03.jpg","contentUrl":"https:\/\/framtidenskarriar.se\/ingenjor\/wp-content\/uploads\/sites\/14\/2018\/08\/zenuity-03.jpg","width":1000,"height":634,"caption":"\u2013 Vi jobbar f\u00f6r att skapa en framtid som \u00e4r gr\u00f6nare, mer h\u00e5llbar och mer trafiks\u00e4ker \u00e4n vad generationerna f\u00f6re oss lyckats med. Shilan Demir (till h\u00f6ger) och Lena Westervall \u00e4r tv\u00e5 av cheferna p\u00e5 Zenuity i G\u00f6teborg. Foto: Patrik Bergenstav"},{"@type":"BreadcrumbList","@id":"https:\/\/framtidenskarriar.se\/ingenjor\/2018\/08\/22\/sjalvstyrande-team-bakom-volvos-sjalvkorande-bilar\/#breadcrumb","itemListElement":[{"@type":"ListItem","position":1,"name":"Home","item":"https:\/\/framtidenskarriar.se\/ingenjor\/"},{"@type":"ListItem","position":2,"name":"Sj\u00e4lvstyrande team bakom Volvos sj\u00e4lvk\u00f6rande bilar"}]},{"@type":"WebSite","@id":"https:\/\/framtidenskarriar.se\/ingenjor\/#website","url":"https:\/\/framtidenskarriar.se\/ingenjor\/","name":"Framtidens Karri\u00e4r - Ingenj\u00f6r","description":"Just another NMDashboard.se Sites site","potentialAction":[{"@type":"SearchAction","target":{"@type":"EntryPoint","urlTemplate":"https:\/\/framtidenskarriar.se\/ingenjor\/?s={search_term_string}"},"query-input":{"@type":"PropertyValueSpecification","valueRequired":true,"valueName":"search_term_string"}}],"inLanguage":"sv-SE"},{"@type":"Person","@id":"https:\/\/framtidenskarriar.se\/ingenjor\/#\/schema\/person\/2a13a849ec7646386c2211f59afe3083","name":"viktorwallen","image":{"@type":"ImageObject","inLanguage":"sv-SE","@id":"https:\/\/secure.gravatar.com\/avatar\/701701bd36169636031933997c8c6b954f2f635bbb7cd4802e4a007f9c9f4e59?s=96&d=mm&r=g","url":"https:\/\/secure.gravatar.com\/avatar\/701701bd36169636031933997c8c6b954f2f635bbb7cd4802e4a007f9c9f4e59?s=96&d=mm&r=g","contentUrl":"https:\/\/secure.gravatar.com\/avatar\/701701bd36169636031933997c8c6b954f2f635bbb7cd4802e4a007f9c9f4e59?s=96&d=mm&r=g","caption":"viktorwallen"},"url":"https:\/\/framtidenskarriar.se\/ingenjor\/author\/viktorwallen\/"}]}},"_links":{"self":[{"href":"https:\/\/framtidenskarriar.se\/ingenjor\/wp-json\/wp\/v2\/posts\/6025","targetHints":{"allow":["GET"]}}],"collection":[{"href":"https:\/\/framtidenskarriar.se\/ingenjor\/wp-json\/wp\/v2\/posts"}],"about":[{"href":"https:\/\/framtidenskarriar.se\/ingenjor\/wp-json\/wp\/v2\/types\/post"}],"author":[{"embeddable":true,"href":"https:\/\/framtidenskarriar.se\/ingenjor\/wp-json\/wp\/v2\/users\/2"}],"replies":[{"embeddable":true,"href":"https:\/\/framtidenskarriar.se\/ingenjor\/wp-json\/wp\/v2\/comments?post=6025"}],"version-history":[{"count":4,"href":"https:\/\/framtidenskarriar.se\/ingenjor\/wp-json\/wp\/v2\/posts\/6025\/revisions"}],"predecessor-version":[{"id":6672,"href":"https:\/\/framtidenskarriar.se\/ingenjor\/wp-json\/wp\/v2\/posts\/6025\/revisions\/6672"}],"wp:featuredmedia":[{"embeddable":true,"href":"https:\/\/framtidenskarriar.se\/ingenjor\/wp-json\/wp\/v2\/media\/6026"}],"wp:attachment":[{"href":"https:\/\/framtidenskarriar.se\/ingenjor\/wp-json\/wp\/v2\/media?parent=6025"}],"wp:term":[{"taxonomy":"category","embeddable":true,"href":"https:\/\/framtidenskarriar.se\/ingenjor\/wp-json\/wp\/v2\/categories?post=6025"},{"taxonomy":"post_tag","embeddable":true,"href":"https:\/\/framtidenskarriar.se\/ingenjor\/wp-json\/wp\/v2\/tags?post=6025"}],"curies":[{"name":"wp","href":"https:\/\/api.w.org\/{rel}","templated":true}]}}