{"id":6044,"date":"2018-08-22T11:58:36","date_gmt":"2018-08-22T11:58:36","guid":{"rendered":"http:\/\/framtidenskarriar.se\/ingenjor\/?p=6044"},"modified":"2025-11-03T14:01:43","modified_gmt":"2025-11-03T14:01:43","slug":"egnahemsbolaget-minskar-sociala-skillnader","status":"publish","type":"post","link":"https:\/\/framtidenskarriar.se\/ingenjor\/2018\/08\/22\/egnahemsbolaget-minskar-sociala-skillnader\/","title":{"rendered":"Vi minskar sociala skillnader"},"content":{"rendered":"\n<figure class=\"wp-block-image alignnone size-full wp-image-6045\"><img loading=\"lazy\" decoding=\"async\" width=\"1000\" height=\"667\" src=\"https:\/\/framtidenskarriar.se\/ingenjor\/wp-content\/uploads\/sites\/14\/2018\/08\/egnahemsbolaget-04.jpg\" alt=\"Annika Mayer, marknads- och f\u00f6rs\u00e4ljningschef och Maria Henriksson, byggchef p\u00e5 Egnahemsbolaget. Foto: Patrik Bergenstav\" class=\"wp-image-6045\" srcset=\"https:\/\/framtidenskarriar.se\/ingenjor\/wp-content\/uploads\/sites\/14\/2018\/08\/egnahemsbolaget-04.jpg 1000w, https:\/\/framtidenskarriar.se\/ingenjor\/wp-content\/uploads\/sites\/14\/2018\/08\/egnahemsbolaget-04-300x200.jpg 300w, https:\/\/framtidenskarriar.se\/ingenjor\/wp-content\/uploads\/sites\/14\/2018\/08\/egnahemsbolaget-04-768x512.jpg 768w, https:\/\/framtidenskarriar.se\/ingenjor\/wp-content\/uploads\/sites\/14\/2018\/08\/egnahemsbolaget-04-240x160.jpg 240w, https:\/\/framtidenskarriar.se\/ingenjor\/wp-content\/uploads\/sites\/14\/2018\/08\/egnahemsbolaget-04-526x351.jpg 526w, https:\/\/framtidenskarriar.se\/ingenjor\/wp-content\/uploads\/sites\/14\/2018\/08\/egnahemsbolaget-04-720x480.jpg 720w, https:\/\/framtidenskarriar.se\/ingenjor\/wp-content\/uploads\/sites\/14\/2018\/08\/egnahemsbolaget-04-960x640.jpg 960w\" sizes=\"auto, (max-width: 1000px) 100vw, 1000px\" \/><figcaption>Annika Mayer, marknads- och f\u00f6rs\u00e4ljningschef och Maria Henriksson, byggchef p\u00e5 Egnahemsbolaget. Foto: Patrik Bergenstav<\/figcaption><\/figure>\n\n\n\n<p><strong>Ett lite ovanligt bostadsbolag, med full orderportf\u00f6lj l\u00e5ng tid fram\u00f6ver. Egnahemsbolaget i G\u00f6teborg har bara 30 anst\u00e4llda, men har stor p\u00e5verkan i samh\u00e4llet. H\u00e4r \u00e4r tv\u00e5 aktuella exempel:<\/strong><\/p>\n\n\n\n<p>\u2022 I kvarteret Makrillen i Gamlestaden ska det byggas 249 l\u00e4genheter \u2013 b\u00e5de Egnahemsbolagets bostadsr\u00e4tter och systerbolaget Poseidons hyresr\u00e4tter \u2013 men med en gemensam innerg\u00e5rd. En tydlig markering av att det \u00e4r bra att blanda uppl\u00e5telseformer om man vill minska segregationen mellan olika grupper.<br>\u2022 I \u00d6vre L\u00f6vg\u00e4rdet \u2013 ett socialt utsatt omr\u00e5de \u2013 ska det f\u00f6r f\u00f6rsta g\u00e5ngen n\u00e5gonsin byggas bostadsr\u00e4tter, totalt 66 l\u00e4genheter i tre sexv\u00e5ningshus, enligt SABO:s koncept Kombohus f\u00f6r att f\u00e5 ned byggkostnaderna.<\/p>\n\n\n\n<p>B\u00e5de Makrillen och \u00d6vre L\u00f6vg\u00e4rdet \u00e4r typiska uppdrag f\u00f6r Egnahemsbolaget, som inte \u00e4r ett \u201dvanligt\u201d bostadsbolag, utan arbetar f\u00f6r att minska de sociala skillnaderna i hur g\u00f6teborgarna bor. Det uppn\u00e5r man bland annat genom att bygga bostadsr\u00e4tter och \u00e4gander\u00e4tter i omr\u00e5den som domineras av hyresr\u00e4tter.<\/p>\n\n\n\n<p><strong>Integrerad stad<\/strong><br>\u2013 Vi \u00e4r ett litet bostadsbolag med ett stort uppdrag, s\u00e4ger Annika Mayer, marknads- och f\u00f6rs\u00e4ljningschef p\u00e5 Egnahemsbolaget.<br>\u2013 Och just det sociala ansvarstagandet var det som lockade mig, jag tycker att det k\u00e4nns v\u00e4ldigt vackert att jobba i g\u00f6teborgarnas tj\u00e4nst.<br>\u2013 Vi skiljer oss fr\u00e5n andra bostadsbolag p\u00e5 s\u00e5 s\u00e4tt att vi har en politiskt tillsatt styrelse och vi ska inte maximera vinsten varje kvartal, utan snarare maximera vinsterna f\u00f6r G\u00f6teborg, genom att bidra till en mer integrerad stad.<br>\u2013 Det \u00e4r hela v\u00e5rt uppdrag, v\u00e5rt existensber\u00e4ttigande. Det tycker jag \u00e4r otroligt tilltalande, det var d\u00e4rf\u00f6r jag b\u00f6rjade h\u00e4r, s\u00e4ger Annika Mayer, som kom till Egnahemsbolaget f\u00f6r ett \u00e5r sedan fr\u00e5n Next Step och tidigare har jobbat i 20 \u00e5r inom reklamv\u00e4rlden.<\/p>\n\n\n\n<p><strong>Intresset \u00f6kar<\/strong><br>Hennes kollega Maria Henriksson \u00e4r byggchef sedan april 2018, efter att ha arbetat som byggprojektledare i bolaget i drygt tre \u00e5r, innan dess var hon projektledare p\u00e5 Vetlanda kommun. Hon tror att Egnahemsbolaget kommer att f\u00f6rdubbla sin produktion fram\u00f6ver. F\u00f6r ett par \u00e5r sedan l\u00e5g den p\u00e5 150 l\u00e4genheter per \u00e5r, om n\u00e5gra \u00e5r handlar det om minst 350.<br>\u2013 St\u00f6rsta nyttan g\u00f6r vi n\u00e4r vi g\u00e5r in och f\u00f6rt\u00e4tar och bygger bostadsr\u00e4tter i miljonprogramsomr\u00e5den d\u00e4r det i princip bara finns hyresr\u00e4tter, s\u00e4ger Maria Henriksson.<br>Enligt FN:s boendeorgan UN-Habitats principer f\u00f6r ett socialt h\u00e5llbart bostadsomr\u00e5de b\u00f6r ingen uppl\u00e5telseform ha mer \u00e4n 50 procent. En \u201dregel\u201d som m\u00e5nga svenska f\u00f6rorter bryter mot.<br>\u2013 Cirka 125&nbsp;000 g\u00f6teborgare bor i bostadsomr\u00e5den med 100 procent hyresr\u00e4tter, s\u00e5 det beh\u00f6vs verkligen en f\u00f6r\u00e4ndring, s\u00e4ger Annika Mayer.<\/p>\n\n\n\n<div class=\"wp-block-group faktaruta\"><div class=\"wp-block-group__inner-container is-layout-flow wp-block-group-is-layout-flow\">\n<h6 class=\"wp-block-heading\">Egnahemsbolaget<\/h6>\n\n\n\n<p>Egnahemsbolaget startade 1933 som \u201dSm\u00e5stugebyr\u00e5n\u201d, med uppdrag att bygga sm\u00e5hus f\u00f6r en bredare allm\u00e4nhet. Idag tar bolaget ett socialt ansvar genom att bygga bost\u00e4der med \u00e4gande- eller bostadsr\u00e4tt i omr\u00e5den d\u00e4r hyresr\u00e4tter dominerar.<br>Egnahemsbolaget ing\u00e5r i Framtidenkoncernen i G\u00f6teborgs Stad.<\/p>\n\n\n\n<p><strong>Egnahemsbolaget<\/strong><br>Box 4034<br>422 04 Hisings Backa<br>Bes\u00f6ksadress: S:t J\u00f6rgens v\u00e4g 2<br>Tel: 031-707 70 00<br><strong><a title=\"egnahemsbolaget textlink\" href=\"http:\/\/www.egnahemsbolaget.se\" target=\"_blank\" rel=\"noopener noreferrer\">www.egnahemsbolaget.se<\/a><\/strong><br><br><a href=\"http:\/\/www.egnahemsbolaget.se\" target=\"_blank\" rel=\"noreferrer noopener\"><img loading=\"lazy\" decoding=\"async\" width=\"200\" height=\"68\" class=\"wp-image-6046\" style=\"width: 200px;\" src=\"https:\/\/framtidenskarriar.se\/ingenjor\/wp-content\/uploads\/sites\/14\/2018\/08\/egnahemsbolaget-tagline-rgb.png\" alt=\"\" srcset=\"https:\/\/framtidenskarriar.se\/ingenjor\/wp-content\/uploads\/sites\/14\/2018\/08\/egnahemsbolaget-tagline-rgb.png 750w, https:\/\/framtidenskarriar.se\/ingenjor\/wp-content\/uploads\/sites\/14\/2018\/08\/egnahemsbolaget-tagline-rgb-300x102.png 300w, https:\/\/framtidenskarriar.se\/ingenjor\/wp-content\/uploads\/sites\/14\/2018\/08\/egnahemsbolaget-tagline-rgb-472x160.png 472w, https:\/\/framtidenskarriar.se\/ingenjor\/wp-content\/uploads\/sites\/14\/2018\/08\/egnahemsbolaget-tagline-rgb-526x178.png 526w, https:\/\/framtidenskarriar.se\/ingenjor\/wp-content\/uploads\/sites\/14\/2018\/08\/egnahemsbolaget-tagline-rgb-720x244.png 720w\" sizes=\"auto, (max-width: 200px) 100vw, 200px\" \/><\/a><\/p>\n<\/div><\/div>\n","protected":false},"excerpt":{"rendered":"<p>Egnahemsbolaget i G\u00f6teborg har bara 30 anst\u00e4llda, men har stor p\u00e5verkan i samh\u00e4llet.<\/p>\n","protected":false},"author":2,"featured_media":6045,"comment_status":"closed","ping_status":"open","sticky":true,"template":"","format":"standard","meta":{"_acf_changed":false,"_monsterinsights_skip_tracking":false,"_monsterinsights_sitenote_active":false,"_monsterinsights_sitenote_note":"","_monsterinsights_sitenote_category":0,"footnotes":""},"categories":[4],"tags":[38,39,60,70,71,100,118],"class_list":["post-6044","post","type-post","status-publish","format-standard","has-post-thumbnail","hentry","category-presentation","tag-bostadsbolag","tag-bostadsratter","tag-egnahemsbolaget","tag-fastigheter","tag-fastighetsbranschen","tag-goteborg","tag-integration"],"acf":[],"yoast_head":"<!-- This site is optimized with the Yoast SEO plugin v27.3 - https:\/\/yoast.com\/product\/yoast-seo-wordpress\/ -->\n<title>Vi minskar sociala skillnader - Framtidens Karri\u00e4r - Ingenj\u00f6r<\/title>\n<meta name=\"robots\" content=\"index, follow, max-snippet:-1, max-image-preview:large, max-video-preview:-1\" \/>\n<link rel=\"canonical\" href=\"https:\/\/framtidenskarriar.se\/ingenjor\/2018\/08\/22\/egnahemsbolaget-minskar-sociala-skillnader\/\" \/>\n<meta property=\"og:locale\" content=\"sv_SE\" \/>\n<meta property=\"og:type\" content=\"article\" \/>\n<meta property=\"og:title\" content=\"Vi minskar sociala skillnader - Framtidens Karri\u00e4r - Ingenj\u00f6r\" \/>\n<meta property=\"og:description\" content=\"Egnahemsbolaget i G\u00f6teborg har bara 30 anst\u00e4llda, men har stor p\u00e5verkan i samh\u00e4llet.\" \/>\n<meta property=\"og:url\" content=\"https:\/\/framtidenskarriar.se\/ingenjor\/2018\/08\/22\/egnahemsbolaget-minskar-sociala-skillnader\/\" \/>\n<meta property=\"og:site_name\" content=\"Framtidens Karri\u00e4r - Ingenj\u00f6r\" \/>\n<meta property=\"article:published_time\" content=\"2018-08-22T11:58:36+00:00\" \/>\n<meta property=\"article:modified_time\" content=\"2025-11-03T14:01:43+00:00\" \/>\n<meta property=\"og:image\" content=\"https:\/\/framtidenskarriar.se\/ingenjor\/wp-content\/uploads\/sites\/14\/2018\/08\/egnahemsbolaget-04.jpg\" \/>\n\t<meta property=\"og:image:width\" content=\"1000\" \/>\n\t<meta property=\"og:image:height\" content=\"667\" \/>\n\t<meta property=\"og:image:type\" content=\"image\/jpeg\" \/>\n<meta name=\"author\" content=\"viktorwallen\" \/>\n<meta name=\"twitter:card\" content=\"summary_large_image\" \/>\n<meta name=\"twitter:label1\" content=\"Skriven av\" \/>\n\t<meta name=\"twitter:data1\" content=\"viktorwallen\" \/>\n\t<meta name=\"twitter:label2\" content=\"Ber\u00e4knad l\u00e4stid\" \/>\n\t<meta name=\"twitter:data2\" content=\"3 minuter\" \/>\n<script type=\"application\/ld+json\" class=\"yoast-schema-graph\">{\"@context\":\"https:\\\/\\\/schema.org\",\"@graph\":[{\"@type\":\"Article\",\"@id\":\"https:\\\/\\\/framtidenskarriar.se\\\/ingenjor\\\/2018\\\/08\\\/22\\\/egnahemsbolaget-minskar-sociala-skillnader\\\/#article\",\"isPartOf\":{\"@id\":\"https:\\\/\\\/framtidenskarriar.se\\\/ingenjor\\\/2018\\\/08\\\/22\\\/egnahemsbolaget-minskar-sociala-skillnader\\\/\"},\"author\":{\"name\":\"viktorwallen\",\"@id\":\"https:\\\/\\\/framtidenskarriar.se\\\/ingenjor\\\/#\\\/schema\\\/person\\\/2a13a849ec7646386c2211f59afe3083\"},\"headline\":\"Vi minskar sociala skillnader\",\"datePublished\":\"2018-08-22T11:58:36+00:00\",\"dateModified\":\"2025-11-03T14:01:43+00:00\",\"mainEntityOfPage\":{\"@id\":\"https:\\\/\\\/framtidenskarriar.se\\\/ingenjor\\\/2018\\\/08\\\/22\\\/egnahemsbolaget-minskar-sociala-skillnader\\\/\"},\"wordCount\":566,\"image\":{\"@id\":\"https:\\\/\\\/framtidenskarriar.se\\\/ingenjor\\\/2018\\\/08\\\/22\\\/egnahemsbolaget-minskar-sociala-skillnader\\\/#primaryimage\"},\"thumbnailUrl\":\"https:\\\/\\\/framtidenskarriar.se\\\/ingenjor\\\/wp-content\\\/uploads\\\/sites\\\/14\\\/2018\\\/08\\\/egnahemsbolaget-04.jpg\",\"keywords\":[\"Bostadsbolag\",\"Bostadsr\u00e4tter\",\"Egnahemsbolaget\",\"Fastigheter\",\"Fastighetsbranschen\",\"G\u00f6teborg\",\"Integration\"],\"articleSection\":[\"Presentation\"],\"inLanguage\":\"sv-SE\"},{\"@type\":\"WebPage\",\"@id\":\"https:\\\/\\\/framtidenskarriar.se\\\/ingenjor\\\/2018\\\/08\\\/22\\\/egnahemsbolaget-minskar-sociala-skillnader\\\/\",\"url\":\"https:\\\/\\\/framtidenskarriar.se\\\/ingenjor\\\/2018\\\/08\\\/22\\\/egnahemsbolaget-minskar-sociala-skillnader\\\/\",\"name\":\"Vi minskar sociala skillnader - Framtidens Karri\u00e4r - Ingenj\u00f6r\",\"isPartOf\":{\"@id\":\"https:\\\/\\\/framtidenskarriar.se\\\/ingenjor\\\/#website\"},\"primaryImageOfPage\":{\"@id\":\"https:\\\/\\\/framtidenskarriar.se\\\/ingenjor\\\/2018\\\/08\\\/22\\\/egnahemsbolaget-minskar-sociala-skillnader\\\/#primaryimage\"},\"image\":{\"@id\":\"https:\\\/\\\/framtidenskarriar.se\\\/ingenjor\\\/2018\\\/08\\\/22\\\/egnahemsbolaget-minskar-sociala-skillnader\\\/#primaryimage\"},\"thumbnailUrl\":\"https:\\\/\\\/framtidenskarriar.se\\\/ingenjor\\\/wp-content\\\/uploads\\\/sites\\\/14\\\/2018\\\/08\\\/egnahemsbolaget-04.jpg\",\"datePublished\":\"2018-08-22T11:58:36+00:00\",\"dateModified\":\"2025-11-03T14:01:43+00:00\",\"author\":{\"@id\":\"https:\\\/\\\/framtidenskarriar.se\\\/ingenjor\\\/#\\\/schema\\\/person\\\/2a13a849ec7646386c2211f59afe3083\"},\"breadcrumb\":{\"@id\":\"https:\\\/\\\/framtidenskarriar.se\\\/ingenjor\\\/2018\\\/08\\\/22\\\/egnahemsbolaget-minskar-sociala-skillnader\\\/#breadcrumb\"},\"inLanguage\":\"sv-SE\",\"potentialAction\":[{\"@type\":\"ReadAction\",\"target\":[\"https:\\\/\\\/framtidenskarriar.se\\\/ingenjor\\\/2018\\\/08\\\/22\\\/egnahemsbolaget-minskar-sociala-skillnader\\\/\"]}]},{\"@type\":\"ImageObject\",\"inLanguage\":\"sv-SE\",\"@id\":\"https:\\\/\\\/framtidenskarriar.se\\\/ingenjor\\\/2018\\\/08\\\/22\\\/egnahemsbolaget-minskar-sociala-skillnader\\\/#primaryimage\",\"url\":\"https:\\\/\\\/framtidenskarriar.se\\\/ingenjor\\\/wp-content\\\/uploads\\\/sites\\\/14\\\/2018\\\/08\\\/egnahemsbolaget-04.jpg\",\"contentUrl\":\"https:\\\/\\\/framtidenskarriar.se\\\/ingenjor\\\/wp-content\\\/uploads\\\/sites\\\/14\\\/2018\\\/08\\\/egnahemsbolaget-04.jpg\",\"width\":1000,\"height\":667,\"caption\":\"Annika Mayer, marknads- och f\u00f6rs\u00e4ljningschef och Maria Henriksson, byggchef p\u00e5 Egnahemsbolaget. Foto: Patrik Bergenstav\"},{\"@type\":\"BreadcrumbList\",\"@id\":\"https:\\\/\\\/framtidenskarriar.se\\\/ingenjor\\\/2018\\\/08\\\/22\\\/egnahemsbolaget-minskar-sociala-skillnader\\\/#breadcrumb\",\"itemListElement\":[{\"@type\":\"ListItem\",\"position\":1,\"name\":\"Home\",\"item\":\"https:\\\/\\\/framtidenskarriar.se\\\/ingenjor\\\/\"},{\"@type\":\"ListItem\",\"position\":2,\"name\":\"Vi minskar sociala skillnader\"}]},{\"@type\":\"WebSite\",\"@id\":\"https:\\\/\\\/framtidenskarriar.se\\\/ingenjor\\\/#website\",\"url\":\"https:\\\/\\\/framtidenskarriar.se\\\/ingenjor\\\/\",\"name\":\"Framtidens Karri\u00e4r - Ingenj\u00f6r\",\"description\":\"Just another NMDashboard.se Sites site\",\"potentialAction\":[{\"@type\":\"SearchAction\",\"target\":{\"@type\":\"EntryPoint\",\"urlTemplate\":\"https:\\\/\\\/framtidenskarriar.se\\\/ingenjor\\\/?s={search_term_string}\"},\"query-input\":{\"@type\":\"PropertyValueSpecification\",\"valueRequired\":true,\"valueName\":\"search_term_string\"}}],\"inLanguage\":\"sv-SE\"},{\"@type\":\"Person\",\"@id\":\"https:\\\/\\\/framtidenskarriar.se\\\/ingenjor\\\/#\\\/schema\\\/person\\\/2a13a849ec7646386c2211f59afe3083\",\"name\":\"viktorwallen\",\"image\":{\"@type\":\"ImageObject\",\"inLanguage\":\"sv-SE\",\"@id\":\"https:\\\/\\\/secure.gravatar.com\\\/avatar\\\/701701bd36169636031933997c8c6b954f2f635bbb7cd4802e4a007f9c9f4e59?s=96&d=mm&r=g\",\"url\":\"https:\\\/\\\/secure.gravatar.com\\\/avatar\\\/701701bd36169636031933997c8c6b954f2f635bbb7cd4802e4a007f9c9f4e59?s=96&d=mm&r=g\",\"contentUrl\":\"https:\\\/\\\/secure.gravatar.com\\\/avatar\\\/701701bd36169636031933997c8c6b954f2f635bbb7cd4802e4a007f9c9f4e59?s=96&d=mm&r=g\",\"caption\":\"viktorwallen\"},\"url\":\"https:\\\/\\\/framtidenskarriar.se\\\/ingenjor\\\/author\\\/viktorwallen\\\/\"}]}<\/script>\n<!-- \/ Yoast SEO plugin. -->","yoast_head_json":{"title":"Vi minskar sociala skillnader - Framtidens Karri\u00e4r - Ingenj\u00f6r","robots":{"index":"index","follow":"follow","max-snippet":"max-snippet:-1","max-image-preview":"max-image-preview:large","max-video-preview":"max-video-preview:-1"},"canonical":"https:\/\/framtidenskarriar.se\/ingenjor\/2018\/08\/22\/egnahemsbolaget-minskar-sociala-skillnader\/","og_locale":"sv_SE","og_type":"article","og_title":"Vi minskar sociala skillnader - Framtidens Karri\u00e4r - Ingenj\u00f6r","og_description":"Egnahemsbolaget i G\u00f6teborg har bara 30 anst\u00e4llda, men har stor p\u00e5verkan i samh\u00e4llet.","og_url":"https:\/\/framtidenskarriar.se\/ingenjor\/2018\/08\/22\/egnahemsbolaget-minskar-sociala-skillnader\/","og_site_name":"Framtidens Karri\u00e4r - Ingenj\u00f6r","article_published_time":"2018-08-22T11:58:36+00:00","article_modified_time":"2025-11-03T14:01:43+00:00","og_image":[{"width":1000,"height":667,"url":"https:\/\/framtidenskarriar.se\/ingenjor\/wp-content\/uploads\/sites\/14\/2018\/08\/egnahemsbolaget-04.jpg","type":"image\/jpeg"}],"author":"viktorwallen","twitter_card":"summary_large_image","twitter_misc":{"Skriven av":"viktorwallen","Ber\u00e4knad l\u00e4stid":"3 minuter"},"schema":{"@context":"https:\/\/schema.org","@graph":[{"@type":"Article","@id":"https:\/\/framtidenskarriar.se\/ingenjor\/2018\/08\/22\/egnahemsbolaget-minskar-sociala-skillnader\/#article","isPartOf":{"@id":"https:\/\/framtidenskarriar.se\/ingenjor\/2018\/08\/22\/egnahemsbolaget-minskar-sociala-skillnader\/"},"author":{"name":"viktorwallen","@id":"https:\/\/framtidenskarriar.se\/ingenjor\/#\/schema\/person\/2a13a849ec7646386c2211f59afe3083"},"headline":"Vi minskar sociala skillnader","datePublished":"2018-08-22T11:58:36+00:00","dateModified":"2025-11-03T14:01:43+00:00","mainEntityOfPage":{"@id":"https:\/\/framtidenskarriar.se\/ingenjor\/2018\/08\/22\/egnahemsbolaget-minskar-sociala-skillnader\/"},"wordCount":566,"image":{"@id":"https:\/\/framtidenskarriar.se\/ingenjor\/2018\/08\/22\/egnahemsbolaget-minskar-sociala-skillnader\/#primaryimage"},"thumbnailUrl":"https:\/\/framtidenskarriar.se\/ingenjor\/wp-content\/uploads\/sites\/14\/2018\/08\/egnahemsbolaget-04.jpg","keywords":["Bostadsbolag","Bostadsr\u00e4tter","Egnahemsbolaget","Fastigheter","Fastighetsbranschen","G\u00f6teborg","Integration"],"articleSection":["Presentation"],"inLanguage":"sv-SE"},{"@type":"WebPage","@id":"https:\/\/framtidenskarriar.se\/ingenjor\/2018\/08\/22\/egnahemsbolaget-minskar-sociala-skillnader\/","url":"https:\/\/framtidenskarriar.se\/ingenjor\/2018\/08\/22\/egnahemsbolaget-minskar-sociala-skillnader\/","name":"Vi minskar sociala skillnader - Framtidens Karri\u00e4r - Ingenj\u00f6r","isPartOf":{"@id":"https:\/\/framtidenskarriar.se\/ingenjor\/#website"},"primaryImageOfPage":{"@id":"https:\/\/framtidenskarriar.se\/ingenjor\/2018\/08\/22\/egnahemsbolaget-minskar-sociala-skillnader\/#primaryimage"},"image":{"@id":"https:\/\/framtidenskarriar.se\/ingenjor\/2018\/08\/22\/egnahemsbolaget-minskar-sociala-skillnader\/#primaryimage"},"thumbnailUrl":"https:\/\/framtidenskarriar.se\/ingenjor\/wp-content\/uploads\/sites\/14\/2018\/08\/egnahemsbolaget-04.jpg","datePublished":"2018-08-22T11:58:36+00:00","dateModified":"2025-11-03T14:01:43+00:00","author":{"@id":"https:\/\/framtidenskarriar.se\/ingenjor\/#\/schema\/person\/2a13a849ec7646386c2211f59afe3083"},"breadcrumb":{"@id":"https:\/\/framtidenskarriar.se\/ingenjor\/2018\/08\/22\/egnahemsbolaget-minskar-sociala-skillnader\/#breadcrumb"},"inLanguage":"sv-SE","potentialAction":[{"@type":"ReadAction","target":["https:\/\/framtidenskarriar.se\/ingenjor\/2018\/08\/22\/egnahemsbolaget-minskar-sociala-skillnader\/"]}]},{"@type":"ImageObject","inLanguage":"sv-SE","@id":"https:\/\/framtidenskarriar.se\/ingenjor\/2018\/08\/22\/egnahemsbolaget-minskar-sociala-skillnader\/#primaryimage","url":"https:\/\/framtidenskarriar.se\/ingenjor\/wp-content\/uploads\/sites\/14\/2018\/08\/egnahemsbolaget-04.jpg","contentUrl":"https:\/\/framtidenskarriar.se\/ingenjor\/wp-content\/uploads\/sites\/14\/2018\/08\/egnahemsbolaget-04.jpg","width":1000,"height":667,"caption":"Annika Mayer, marknads- och f\u00f6rs\u00e4ljningschef och Maria Henriksson, byggchef p\u00e5 Egnahemsbolaget. Foto: Patrik Bergenstav"},{"@type":"BreadcrumbList","@id":"https:\/\/framtidenskarriar.se\/ingenjor\/2018\/08\/22\/egnahemsbolaget-minskar-sociala-skillnader\/#breadcrumb","itemListElement":[{"@type":"ListItem","position":1,"name":"Home","item":"https:\/\/framtidenskarriar.se\/ingenjor\/"},{"@type":"ListItem","position":2,"name":"Vi minskar sociala skillnader"}]},{"@type":"WebSite","@id":"https:\/\/framtidenskarriar.se\/ingenjor\/#website","url":"https:\/\/framtidenskarriar.se\/ingenjor\/","name":"Framtidens Karri\u00e4r - Ingenj\u00f6r","description":"Just another NMDashboard.se Sites site","potentialAction":[{"@type":"SearchAction","target":{"@type":"EntryPoint","urlTemplate":"https:\/\/framtidenskarriar.se\/ingenjor\/?s={search_term_string}"},"query-input":{"@type":"PropertyValueSpecification","valueRequired":true,"valueName":"search_term_string"}}],"inLanguage":"sv-SE"},{"@type":"Person","@id":"https:\/\/framtidenskarriar.se\/ingenjor\/#\/schema\/person\/2a13a849ec7646386c2211f59afe3083","name":"viktorwallen","image":{"@type":"ImageObject","inLanguage":"sv-SE","@id":"https:\/\/secure.gravatar.com\/avatar\/701701bd36169636031933997c8c6b954f2f635bbb7cd4802e4a007f9c9f4e59?s=96&d=mm&r=g","url":"https:\/\/secure.gravatar.com\/avatar\/701701bd36169636031933997c8c6b954f2f635bbb7cd4802e4a007f9c9f4e59?s=96&d=mm&r=g","contentUrl":"https:\/\/secure.gravatar.com\/avatar\/701701bd36169636031933997c8c6b954f2f635bbb7cd4802e4a007f9c9f4e59?s=96&d=mm&r=g","caption":"viktorwallen"},"url":"https:\/\/framtidenskarriar.se\/ingenjor\/author\/viktorwallen\/"}]}},"_links":{"self":[{"href":"https:\/\/framtidenskarriar.se\/ingenjor\/wp-json\/wp\/v2\/posts\/6044","targetHints":{"allow":["GET"]}}],"collection":[{"href":"https:\/\/framtidenskarriar.se\/ingenjor\/wp-json\/wp\/v2\/posts"}],"about":[{"href":"https:\/\/framtidenskarriar.se\/ingenjor\/wp-json\/wp\/v2\/types\/post"}],"author":[{"embeddable":true,"href":"https:\/\/framtidenskarriar.se\/ingenjor\/wp-json\/wp\/v2\/users\/2"}],"replies":[{"embeddable":true,"href":"https:\/\/framtidenskarriar.se\/ingenjor\/wp-json\/wp\/v2\/comments?post=6044"}],"version-history":[{"count":6,"href":"https:\/\/framtidenskarriar.se\/ingenjor\/wp-json\/wp\/v2\/posts\/6044\/revisions"}],"predecessor-version":[{"id":6666,"href":"https:\/\/framtidenskarriar.se\/ingenjor\/wp-json\/wp\/v2\/posts\/6044\/revisions\/6666"}],"wp:featuredmedia":[{"embeddable":true,"href":"https:\/\/framtidenskarriar.se\/ingenjor\/wp-json\/wp\/v2\/media\/6045"}],"wp:attachment":[{"href":"https:\/\/framtidenskarriar.se\/ingenjor\/wp-json\/wp\/v2\/media?parent=6044"}],"wp:term":[{"taxonomy":"category","embeddable":true,"href":"https:\/\/framtidenskarriar.se\/ingenjor\/wp-json\/wp\/v2\/categories?post=6044"},{"taxonomy":"post_tag","embeddable":true,"href":"https:\/\/framtidenskarriar.se\/ingenjor\/wp-json\/wp\/v2\/tags?post=6044"}],"curies":[{"name":"wp","href":"https:\/\/api.w.org\/{rel}","templated":true}]}}