{"id":6083,"date":"2018-08-22T10:39:36","date_gmt":"2018-08-22T10:39:36","guid":{"rendered":"http:\/\/framtidenskarriar.se\/ingenjor\/?p=6083"},"modified":"2020-11-10T09:51:18","modified_gmt":"2020-11-10T09:51:18","slug":"omfattande-brist-pa-ingenjorer","status":"publish","type":"post","link":"https:\/\/framtidenskarriar.se\/ingenjor\/2018\/08\/22\/omfattande-brist-pa-ingenjorer\/","title":{"rendered":"Omfattande brist p\u00e5 ingenj\u00f6rer"},"content":{"rendered":"\n<figure class=\"wp-block-image alignnone size-full wp-image-6085\"><img loading=\"lazy\" decoding=\"async\" width=\"1000\" height=\"628\" src=\"https:\/\/framtidenskarriar.se\/ingenjor\/wp-content\/uploads\/sites\/14\/2018\/08\/statligt-susanne-as-l.jpg\" alt=\"Susanne \u00c5s Sivborg, generaldirekt\u00f6r p\u00e5 Lantm\u00e4teriet. Foto: Daniel Vallin\" class=\"wp-image-6085\" srcset=\"https:\/\/framtidenskarriar.se\/ingenjor\/wp-content\/uploads\/sites\/14\/2018\/08\/statligt-susanne-as-l.jpg 1000w, https:\/\/framtidenskarriar.se\/ingenjor\/wp-content\/uploads\/sites\/14\/2018\/08\/statligt-susanne-as-l-300x188.jpg 300w, https:\/\/framtidenskarriar.se\/ingenjor\/wp-content\/uploads\/sites\/14\/2018\/08\/statligt-susanne-as-l-768x482.jpg 768w, https:\/\/framtidenskarriar.se\/ingenjor\/wp-content\/uploads\/sites\/14\/2018\/08\/statligt-susanne-as-l-255x160.jpg 255w, https:\/\/framtidenskarriar.se\/ingenjor\/wp-content\/uploads\/sites\/14\/2018\/08\/statligt-susanne-as-l-526x330.jpg 526w, https:\/\/framtidenskarriar.se\/ingenjor\/wp-content\/uploads\/sites\/14\/2018\/08\/statligt-susanne-as-l-720x452.jpg 720w, https:\/\/framtidenskarriar.se\/ingenjor\/wp-content\/uploads\/sites\/14\/2018\/08\/statligt-susanne-as-l-960x603.jpg 960w\" sizes=\"auto, (max-width: 1000px) 100vw, 1000px\" \/><figcaption>Susanne \u00c5s Sivborg, generaldirekt\u00f6r p\u00e5 Lantm\u00e4teriet. Foto: Daniel Vallin<\/figcaption><\/figure>\n\n\n\n<p><strong>Behovet av ingenj\u00f6rer \u00e4r stort b\u00e5de inom det offentliga och det privata. S\u00e4rskilt stor \u00e4r efterfr\u00e5gan p\u00e5 ingenj\u00f6rer med digitaliseringsinriktning.<br>\u2013 Vi \u00e4r inne i en stor digitaliseringsf\u00f6r\u00e4ndring som ber\u00f6r alla myndigheter, s\u00e4ger Susanne \u00c5s Sivborg, generaldirekt\u00f6r p\u00e5 Lantm\u00e4teriet.<\/strong><\/p>\n\n\n\n<p>Susanne \u00c5s Sivborg \u00e4r v\u00e4g- och vatten\u00adingenj\u00f6r i botten och har l\u00e5ng erfarenhet fr\u00e5n b\u00e5de statliga och privata arbetsgivare. Innan hon blev generaldirekt\u00f6r f\u00f6r Lantm\u00e4teriet i b\u00f6rjan av 2018, tillbringade hon nio \u00e5r som generaldirekt\u00f6r p\u00e5 Patent- och registreringsverket och 15 \u00e5r inom den privata industrin. Likheterna mellan det offentliga och det privata \u00e4r m\u00e5nga, menar hon. Men skillnaderna finns ocks\u00e5 d\u00e4r. Framf\u00f6rallt i drivkrafterna bakom verksamheten och den leverans som man g\u00f6r.<br>\u2013 Det man arbetar med i den statliga sektorn har stor betydelse f\u00f6r samh\u00e4llet, man kan s\u00e4ga att man levererar till samh\u00e4llet. Man bidrar p\u00e5 ett annat s\u00e4tt. Privata sidan har andra, ofta mer ekonomiska drivkrafter. Det \u00e4r lika sp\u00e4nnande, men p\u00e5 ett annat s\u00e4tt, s\u00e4ger Susanne \u00c5s Sivborg.<\/p>\n\n\n\n<p><strong>Eftertraktad arbetsgivare<\/strong><br>Staten generellt \u00e4r en arbetsgivare med m\u00e5nga m\u00f6jligheter, menar hon och hon rekommenderar alla ingenj\u00f6rer att titta p\u00e5 det offentliga n\u00e4r man st\u00e5r inf\u00f6r valet av karri\u00e4rv\u00e4g.<br>\u2013 H\u00e4r finns m\u00e5nga sp\u00e4nnande jobb d\u00e4r man \u00e4r med och bidrar till samh\u00e4llet. Staten \u00e4r numera utspridd \u00f6ver st\u00f6rre delen av landet och m\u00f6jligheterna likas\u00e5. Eftersom det ocks\u00e5 ofta handlar om stora arbetsplatser som huserar m\u00e5nga andra ingenj\u00f6rer, \u00e4r det \u00e4ven en fantastisk milj\u00f6 f\u00f6r kompetensutveckling, s\u00e4ger hon.<br>I en unders\u00f6kning fr\u00e5n Framtidens Karri\u00e4r \u2013 Ingenj\u00f6r svarade svenska ingenj\u00f6rer p\u00e5 vilka statliga myndigheter de har positivt intryck av. 33 procent, den tredje st\u00f6rsta andelen, svarade Lantm\u00e4teriet.<br>\u2013 Det \u00e4r s\u00e5klart fantastiskt roligt. Vi \u00e4r v\u00e4ldigt k\u00e4nda hos dem som har anledning att ha k\u00e4nnedom om oss. Vi har ocks\u00e5 v\u00e4ldigt m\u00e5nga ingenj\u00f6rer i v\u00e5r verksamhet. Jag \u00e4r ju sj\u00e4lv ingenj\u00f6r och har alltid k\u00e4nt till Lantm\u00e4teriet.<\/p>\n\n\n\n<p><strong>Digitaliseringen styr kompetensbehovet<\/strong><br>\u2013 Generellt har alla brist p\u00e5 ingenj\u00f6rer. Och med den digitalisering och f\u00f6r\u00e4ndring som vi alla \u00e4r i idag \u00f6kar behovet \u00e4nnu mer, s\u00e4ger hon och f\u00f6rklarar:<br>\u2013 Just nu \u00e4r hela den offentliga sektorn inne i en stor digitaliseringsf\u00f6r\u00e4ndring. Den ber\u00f6r alla myndigheter och vi har ett stort behov av ingenj\u00f6rer av alla de slag, men det handlar framf\u00f6rallt om kompetenser som hanterar f\u00f6r\u00e4ndring av verksamhetsprocesser och andra f\u00f6r\u00e4ndringsarbeten, s\u00e4ger Susanne \u00c5s Sivborg.<\/p>\n\n\n\n<div class=\"wp-block-group faktaruta has-color-white-01-background-color has-background\"><div class=\"wp-block-group__inner-container is-layout-flow wp-block-group-is-layout-flow\">\n<h5 class=\"wp-block-heading\">Vilka av f\u00f6ljande statliga myndigheter har du positivt intryck av?<\/h5>\n\n\n\n<div class=\"wp-block-image\"><figure class=\"aligncenter size-large\"><img loading=\"lazy\" decoding=\"async\" width=\"1000\" height=\"723\" src=\"https:\/\/framtidenskarriar.se\/ingenjor\/wp-content\/uploads\/sites\/14\/2018\/08\/statligt-graf.png\" alt=\"\" class=\"wp-image-6084\" srcset=\"https:\/\/framtidenskarriar.se\/ingenjor\/wp-content\/uploads\/sites\/14\/2018\/08\/statligt-graf.png 1000w, https:\/\/framtidenskarriar.se\/ingenjor\/wp-content\/uploads\/sites\/14\/2018\/08\/statligt-graf-300x217.png 300w, https:\/\/framtidenskarriar.se\/ingenjor\/wp-content\/uploads\/sites\/14\/2018\/08\/statligt-graf-768x555.png 768w, https:\/\/framtidenskarriar.se\/ingenjor\/wp-content\/uploads\/sites\/14\/2018\/08\/statligt-graf-221x160.png 221w, https:\/\/framtidenskarriar.se\/ingenjor\/wp-content\/uploads\/sites\/14\/2018\/08\/statligt-graf-526x380.png 526w, https:\/\/framtidenskarriar.se\/ingenjor\/wp-content\/uploads\/sites\/14\/2018\/08\/statligt-graf-720x521.png 720w, https:\/\/framtidenskarriar.se\/ingenjor\/wp-content\/uploads\/sites\/14\/2018\/08\/statligt-graf-960x694.png 960w\" sizes=\"auto, (max-width: 1000px) 100vw, 1000px\" \/><\/figure><\/div>\n<\/div><\/div>\n\n\n\n<div class=\"wp-block-group faktaruta has-color-white-01-background-color has-background\"><div class=\"wp-block-group__inner-container is-layout-flow wp-block-group-is-layout-flow\">\n<h6 class=\"wp-block-heading\">Om unders\u00f6kningen<\/h6>\n\n\n\n<p>Framtidens Karri\u00e4r \u2013 Ingenj\u00f6r har genomf\u00f6rt en unders\u00f6kning mot ett slumpm\u00e4ssigt urval av yrkesverksamma civil- och h\u00f6gskole\u00adingenj\u00f6rer den 9\u201315 maj 2018. Statistisk felmarginal \u00e4r 2,5\u20134 procentenheter.<\/p>\n<\/div><\/div>\n","protected":false},"excerpt":{"rendered":"<p>Stor \u00e4r efterfr\u00e5gan p\u00e5 ingenj\u00f6rer med digitaliseringsinriktning.<\/p>\n","protected":false},"author":2,"featured_media":6085,"comment_status":"closed","ping_status":"open","sticky":false,"template":"","format":"standard","meta":{"_acf_changed":false,"_monsterinsights_skip_tracking":false,"_monsterinsights_sitenote_active":false,"_monsterinsights_sitenote_note":"","_monsterinsights_sitenote_category":0,"footnotes":""},"categories":[1],"tags":[58,128,137,139,170,174,214,239,262],"class_list":["post-6083","post","type-post","status-publish","format-standard","has-post-thumbnail","hentry","category-artikel","tag-digitalisering","tag-jobba-statligt","tag-kompetensbehov","tag-kompetensutveckling","tag-mojligheter","tag-myndighet","tag-samhallsnytta","tag-statligt","tag-undersokning"],"acf":[],"yoast_head":"<!-- This site is optimized with the Yoast SEO plugin v27.3 - https:\/\/yoast.com\/product\/yoast-seo-wordpress\/ -->\n<title>Omfattande brist p\u00e5 ingenj\u00f6rer - Framtidens Karri\u00e4r - Ingenj\u00f6r<\/title>\n<meta name=\"robots\" content=\"index, follow, max-snippet:-1, max-image-preview:large, max-video-preview:-1\" \/>\n<link rel=\"canonical\" href=\"https:\/\/framtidenskarriar.se\/ingenjor\/2018\/08\/22\/omfattande-brist-pa-ingenjorer\/\" \/>\n<meta property=\"og:locale\" content=\"sv_SE\" \/>\n<meta property=\"og:type\" content=\"article\" \/>\n<meta property=\"og:title\" content=\"Omfattande brist p\u00e5 ingenj\u00f6rer - Framtidens Karri\u00e4r - Ingenj\u00f6r\" \/>\n<meta property=\"og:description\" content=\"Stor \u00e4r efterfr\u00e5gan p\u00e5 ingenj\u00f6rer med digitaliseringsinriktning.\" \/>\n<meta property=\"og:url\" content=\"https:\/\/framtidenskarriar.se\/ingenjor\/2018\/08\/22\/omfattande-brist-pa-ingenjorer\/\" \/>\n<meta property=\"og:site_name\" content=\"Framtidens Karri\u00e4r - Ingenj\u00f6r\" \/>\n<meta property=\"article:published_time\" content=\"2018-08-22T10:39:36+00:00\" \/>\n<meta property=\"article:modified_time\" content=\"2020-11-10T09:51:18+00:00\" \/>\n<meta property=\"og:image\" content=\"https:\/\/framtidenskarriar.se\/ingenjor\/wp-content\/uploads\/sites\/14\/2018\/08\/statligt-susanne-as-l.jpg\" \/>\n\t<meta property=\"og:image:width\" content=\"1000\" \/>\n\t<meta property=\"og:image:height\" content=\"628\" \/>\n\t<meta property=\"og:image:type\" content=\"image\/jpeg\" \/>\n<meta name=\"author\" content=\"viktorwallen\" \/>\n<meta name=\"twitter:card\" content=\"summary_large_image\" \/>\n<meta name=\"twitter:label1\" content=\"Skriven av\" \/>\n\t<meta name=\"twitter:data1\" content=\"viktorwallen\" \/>\n\t<meta name=\"twitter:label2\" content=\"Ber\u00e4knad l\u00e4stid\" \/>\n\t<meta name=\"twitter:data2\" content=\"3 minuter\" \/>\n<script type=\"application\/ld+json\" class=\"yoast-schema-graph\">{\"@context\":\"https:\\\/\\\/schema.org\",\"@graph\":[{\"@type\":\"Article\",\"@id\":\"https:\\\/\\\/framtidenskarriar.se\\\/ingenjor\\\/2018\\\/08\\\/22\\\/omfattande-brist-pa-ingenjorer\\\/#article\",\"isPartOf\":{\"@id\":\"https:\\\/\\\/framtidenskarriar.se\\\/ingenjor\\\/2018\\\/08\\\/22\\\/omfattande-brist-pa-ingenjorer\\\/\"},\"author\":{\"name\":\"viktorwallen\",\"@id\":\"https:\\\/\\\/framtidenskarriar.se\\\/ingenjor\\\/#\\\/schema\\\/person\\\/2a13a849ec7646386c2211f59afe3083\"},\"headline\":\"Omfattande brist p\u00e5 ingenj\u00f6rer\",\"datePublished\":\"2018-08-22T10:39:36+00:00\",\"dateModified\":\"2020-11-10T09:51:18+00:00\",\"mainEntityOfPage\":{\"@id\":\"https:\\\/\\\/framtidenskarriar.se\\\/ingenjor\\\/2018\\\/08\\\/22\\\/omfattande-brist-pa-ingenjorer\\\/\"},\"wordCount\":521,\"image\":{\"@id\":\"https:\\\/\\\/framtidenskarriar.se\\\/ingenjor\\\/2018\\\/08\\\/22\\\/omfattande-brist-pa-ingenjorer\\\/#primaryimage\"},\"thumbnailUrl\":\"https:\\\/\\\/framtidenskarriar.se\\\/ingenjor\\\/wp-content\\\/uploads\\\/sites\\\/14\\\/2018\\\/08\\\/statligt-susanne-as-l.jpg\",\"keywords\":[\"Digitalisering\",\"Jobba statligt\",\"Kompetensbehov\",\"Kompetensutveckling\",\"M\u00f6jligheter\",\"Myndighet\",\"Samh\u00e4llsnytta\",\"Statligt\",\"Unders\u00f6kning\"],\"articleSection\":[\"Artikel\"],\"inLanguage\":\"sv-SE\"},{\"@type\":\"WebPage\",\"@id\":\"https:\\\/\\\/framtidenskarriar.se\\\/ingenjor\\\/2018\\\/08\\\/22\\\/omfattande-brist-pa-ingenjorer\\\/\",\"url\":\"https:\\\/\\\/framtidenskarriar.se\\\/ingenjor\\\/2018\\\/08\\\/22\\\/omfattande-brist-pa-ingenjorer\\\/\",\"name\":\"Omfattande brist p\u00e5 ingenj\u00f6rer - Framtidens Karri\u00e4r - Ingenj\u00f6r\",\"isPartOf\":{\"@id\":\"https:\\\/\\\/framtidenskarriar.se\\\/ingenjor\\\/#website\"},\"primaryImageOfPage\":{\"@id\":\"https:\\\/\\\/framtidenskarriar.se\\\/ingenjor\\\/2018\\\/08\\\/22\\\/omfattande-brist-pa-ingenjorer\\\/#primaryimage\"},\"image\":{\"@id\":\"https:\\\/\\\/framtidenskarriar.se\\\/ingenjor\\\/2018\\\/08\\\/22\\\/omfattande-brist-pa-ingenjorer\\\/#primaryimage\"},\"thumbnailUrl\":\"https:\\\/\\\/framtidenskarriar.se\\\/ingenjor\\\/wp-content\\\/uploads\\\/sites\\\/14\\\/2018\\\/08\\\/statligt-susanne-as-l.jpg\",\"datePublished\":\"2018-08-22T10:39:36+00:00\",\"dateModified\":\"2020-11-10T09:51:18+00:00\",\"author\":{\"@id\":\"https:\\\/\\\/framtidenskarriar.se\\\/ingenjor\\\/#\\\/schema\\\/person\\\/2a13a849ec7646386c2211f59afe3083\"},\"breadcrumb\":{\"@id\":\"https:\\\/\\\/framtidenskarriar.se\\\/ingenjor\\\/2018\\\/08\\\/22\\\/omfattande-brist-pa-ingenjorer\\\/#breadcrumb\"},\"inLanguage\":\"sv-SE\",\"potentialAction\":[{\"@type\":\"ReadAction\",\"target\":[\"https:\\\/\\\/framtidenskarriar.se\\\/ingenjor\\\/2018\\\/08\\\/22\\\/omfattande-brist-pa-ingenjorer\\\/\"]}]},{\"@type\":\"ImageObject\",\"inLanguage\":\"sv-SE\",\"@id\":\"https:\\\/\\\/framtidenskarriar.se\\\/ingenjor\\\/2018\\\/08\\\/22\\\/omfattande-brist-pa-ingenjorer\\\/#primaryimage\",\"url\":\"https:\\\/\\\/framtidenskarriar.se\\\/ingenjor\\\/wp-content\\\/uploads\\\/sites\\\/14\\\/2018\\\/08\\\/statligt-susanne-as-l.jpg\",\"contentUrl\":\"https:\\\/\\\/framtidenskarriar.se\\\/ingenjor\\\/wp-content\\\/uploads\\\/sites\\\/14\\\/2018\\\/08\\\/statligt-susanne-as-l.jpg\",\"width\":1000,\"height\":628,\"caption\":\"Susanne \u00c5s Sivborg, generaldirekt\u00f6r p\u00e5 Lantm\u00e4teriet. Foto: Daniel Vallin\"},{\"@type\":\"BreadcrumbList\",\"@id\":\"https:\\\/\\\/framtidenskarriar.se\\\/ingenjor\\\/2018\\\/08\\\/22\\\/omfattande-brist-pa-ingenjorer\\\/#breadcrumb\",\"itemListElement\":[{\"@type\":\"ListItem\",\"position\":1,\"name\":\"Home\",\"item\":\"https:\\\/\\\/framtidenskarriar.se\\\/ingenjor\\\/\"},{\"@type\":\"ListItem\",\"position\":2,\"name\":\"Omfattande brist p\u00e5 ingenj\u00f6rer\"}]},{\"@type\":\"WebSite\",\"@id\":\"https:\\\/\\\/framtidenskarriar.se\\\/ingenjor\\\/#website\",\"url\":\"https:\\\/\\\/framtidenskarriar.se\\\/ingenjor\\\/\",\"name\":\"Framtidens Karri\u00e4r - Ingenj\u00f6r\",\"description\":\"Just another NMDashboard.se Sites site\",\"potentialAction\":[{\"@type\":\"SearchAction\",\"target\":{\"@type\":\"EntryPoint\",\"urlTemplate\":\"https:\\\/\\\/framtidenskarriar.se\\\/ingenjor\\\/?s={search_term_string}\"},\"query-input\":{\"@type\":\"PropertyValueSpecification\",\"valueRequired\":true,\"valueName\":\"search_term_string\"}}],\"inLanguage\":\"sv-SE\"},{\"@type\":\"Person\",\"@id\":\"https:\\\/\\\/framtidenskarriar.se\\\/ingenjor\\\/#\\\/schema\\\/person\\\/2a13a849ec7646386c2211f59afe3083\",\"name\":\"viktorwallen\",\"image\":{\"@type\":\"ImageObject\",\"inLanguage\":\"sv-SE\",\"@id\":\"https:\\\/\\\/secure.gravatar.com\\\/avatar\\\/701701bd36169636031933997c8c6b954f2f635bbb7cd4802e4a007f9c9f4e59?s=96&d=mm&r=g\",\"url\":\"https:\\\/\\\/secure.gravatar.com\\\/avatar\\\/701701bd36169636031933997c8c6b954f2f635bbb7cd4802e4a007f9c9f4e59?s=96&d=mm&r=g\",\"contentUrl\":\"https:\\\/\\\/secure.gravatar.com\\\/avatar\\\/701701bd36169636031933997c8c6b954f2f635bbb7cd4802e4a007f9c9f4e59?s=96&d=mm&r=g\",\"caption\":\"viktorwallen\"},\"url\":\"https:\\\/\\\/framtidenskarriar.se\\\/ingenjor\\\/author\\\/viktorwallen\\\/\"}]}<\/script>\n<!-- \/ Yoast SEO plugin. -->","yoast_head_json":{"title":"Omfattande brist p\u00e5 ingenj\u00f6rer - Framtidens Karri\u00e4r - Ingenj\u00f6r","robots":{"index":"index","follow":"follow","max-snippet":"max-snippet:-1","max-image-preview":"max-image-preview:large","max-video-preview":"max-video-preview:-1"},"canonical":"https:\/\/framtidenskarriar.se\/ingenjor\/2018\/08\/22\/omfattande-brist-pa-ingenjorer\/","og_locale":"sv_SE","og_type":"article","og_title":"Omfattande brist p\u00e5 ingenj\u00f6rer - Framtidens Karri\u00e4r - Ingenj\u00f6r","og_description":"Stor \u00e4r efterfr\u00e5gan p\u00e5 ingenj\u00f6rer med digitaliseringsinriktning.","og_url":"https:\/\/framtidenskarriar.se\/ingenjor\/2018\/08\/22\/omfattande-brist-pa-ingenjorer\/","og_site_name":"Framtidens Karri\u00e4r - Ingenj\u00f6r","article_published_time":"2018-08-22T10:39:36+00:00","article_modified_time":"2020-11-10T09:51:18+00:00","og_image":[{"width":1000,"height":628,"url":"https:\/\/framtidenskarriar.se\/ingenjor\/wp-content\/uploads\/sites\/14\/2018\/08\/statligt-susanne-as-l.jpg","type":"image\/jpeg"}],"author":"viktorwallen","twitter_card":"summary_large_image","twitter_misc":{"Skriven av":"viktorwallen","Ber\u00e4knad l\u00e4stid":"3 minuter"},"schema":{"@context":"https:\/\/schema.org","@graph":[{"@type":"Article","@id":"https:\/\/framtidenskarriar.se\/ingenjor\/2018\/08\/22\/omfattande-brist-pa-ingenjorer\/#article","isPartOf":{"@id":"https:\/\/framtidenskarriar.se\/ingenjor\/2018\/08\/22\/omfattande-brist-pa-ingenjorer\/"},"author":{"name":"viktorwallen","@id":"https:\/\/framtidenskarriar.se\/ingenjor\/#\/schema\/person\/2a13a849ec7646386c2211f59afe3083"},"headline":"Omfattande brist p\u00e5 ingenj\u00f6rer","datePublished":"2018-08-22T10:39:36+00:00","dateModified":"2020-11-10T09:51:18+00:00","mainEntityOfPage":{"@id":"https:\/\/framtidenskarriar.se\/ingenjor\/2018\/08\/22\/omfattande-brist-pa-ingenjorer\/"},"wordCount":521,"image":{"@id":"https:\/\/framtidenskarriar.se\/ingenjor\/2018\/08\/22\/omfattande-brist-pa-ingenjorer\/#primaryimage"},"thumbnailUrl":"https:\/\/framtidenskarriar.se\/ingenjor\/wp-content\/uploads\/sites\/14\/2018\/08\/statligt-susanne-as-l.jpg","keywords":["Digitalisering","Jobba statligt","Kompetensbehov","Kompetensutveckling","M\u00f6jligheter","Myndighet","Samh\u00e4llsnytta","Statligt","Unders\u00f6kning"],"articleSection":["Artikel"],"inLanguage":"sv-SE"},{"@type":"WebPage","@id":"https:\/\/framtidenskarriar.se\/ingenjor\/2018\/08\/22\/omfattande-brist-pa-ingenjorer\/","url":"https:\/\/framtidenskarriar.se\/ingenjor\/2018\/08\/22\/omfattande-brist-pa-ingenjorer\/","name":"Omfattande brist p\u00e5 ingenj\u00f6rer - Framtidens Karri\u00e4r - Ingenj\u00f6r","isPartOf":{"@id":"https:\/\/framtidenskarriar.se\/ingenjor\/#website"},"primaryImageOfPage":{"@id":"https:\/\/framtidenskarriar.se\/ingenjor\/2018\/08\/22\/omfattande-brist-pa-ingenjorer\/#primaryimage"},"image":{"@id":"https:\/\/framtidenskarriar.se\/ingenjor\/2018\/08\/22\/omfattande-brist-pa-ingenjorer\/#primaryimage"},"thumbnailUrl":"https:\/\/framtidenskarriar.se\/ingenjor\/wp-content\/uploads\/sites\/14\/2018\/08\/statligt-susanne-as-l.jpg","datePublished":"2018-08-22T10:39:36+00:00","dateModified":"2020-11-10T09:51:18+00:00","author":{"@id":"https:\/\/framtidenskarriar.se\/ingenjor\/#\/schema\/person\/2a13a849ec7646386c2211f59afe3083"},"breadcrumb":{"@id":"https:\/\/framtidenskarriar.se\/ingenjor\/2018\/08\/22\/omfattande-brist-pa-ingenjorer\/#breadcrumb"},"inLanguage":"sv-SE","potentialAction":[{"@type":"ReadAction","target":["https:\/\/framtidenskarriar.se\/ingenjor\/2018\/08\/22\/omfattande-brist-pa-ingenjorer\/"]}]},{"@type":"ImageObject","inLanguage":"sv-SE","@id":"https:\/\/framtidenskarriar.se\/ingenjor\/2018\/08\/22\/omfattande-brist-pa-ingenjorer\/#primaryimage","url":"https:\/\/framtidenskarriar.se\/ingenjor\/wp-content\/uploads\/sites\/14\/2018\/08\/statligt-susanne-as-l.jpg","contentUrl":"https:\/\/framtidenskarriar.se\/ingenjor\/wp-content\/uploads\/sites\/14\/2018\/08\/statligt-susanne-as-l.jpg","width":1000,"height":628,"caption":"Susanne \u00c5s Sivborg, generaldirekt\u00f6r p\u00e5 Lantm\u00e4teriet. Foto: Daniel Vallin"},{"@type":"BreadcrumbList","@id":"https:\/\/framtidenskarriar.se\/ingenjor\/2018\/08\/22\/omfattande-brist-pa-ingenjorer\/#breadcrumb","itemListElement":[{"@type":"ListItem","position":1,"name":"Home","item":"https:\/\/framtidenskarriar.se\/ingenjor\/"},{"@type":"ListItem","position":2,"name":"Omfattande brist p\u00e5 ingenj\u00f6rer"}]},{"@type":"WebSite","@id":"https:\/\/framtidenskarriar.se\/ingenjor\/#website","url":"https:\/\/framtidenskarriar.se\/ingenjor\/","name":"Framtidens Karri\u00e4r - Ingenj\u00f6r","description":"Just another NMDashboard.se Sites site","potentialAction":[{"@type":"SearchAction","target":{"@type":"EntryPoint","urlTemplate":"https:\/\/framtidenskarriar.se\/ingenjor\/?s={search_term_string}"},"query-input":{"@type":"PropertyValueSpecification","valueRequired":true,"valueName":"search_term_string"}}],"inLanguage":"sv-SE"},{"@type":"Person","@id":"https:\/\/framtidenskarriar.se\/ingenjor\/#\/schema\/person\/2a13a849ec7646386c2211f59afe3083","name":"viktorwallen","image":{"@type":"ImageObject","inLanguage":"sv-SE","@id":"https:\/\/secure.gravatar.com\/avatar\/701701bd36169636031933997c8c6b954f2f635bbb7cd4802e4a007f9c9f4e59?s=96&d=mm&r=g","url":"https:\/\/secure.gravatar.com\/avatar\/701701bd36169636031933997c8c6b954f2f635bbb7cd4802e4a007f9c9f4e59?s=96&d=mm&r=g","contentUrl":"https:\/\/secure.gravatar.com\/avatar\/701701bd36169636031933997c8c6b954f2f635bbb7cd4802e4a007f9c9f4e59?s=96&d=mm&r=g","caption":"viktorwallen"},"url":"https:\/\/framtidenskarriar.se\/ingenjor\/author\/viktorwallen\/"}]}},"_links":{"self":[{"href":"https:\/\/framtidenskarriar.se\/ingenjor\/wp-json\/wp\/v2\/posts\/6083","targetHints":{"allow":["GET"]}}],"collection":[{"href":"https:\/\/framtidenskarriar.se\/ingenjor\/wp-json\/wp\/v2\/posts"}],"about":[{"href":"https:\/\/framtidenskarriar.se\/ingenjor\/wp-json\/wp\/v2\/types\/post"}],"author":[{"embeddable":true,"href":"https:\/\/framtidenskarriar.se\/ingenjor\/wp-json\/wp\/v2\/users\/2"}],"replies":[{"embeddable":true,"href":"https:\/\/framtidenskarriar.se\/ingenjor\/wp-json\/wp\/v2\/comments?post=6083"}],"version-history":[{"count":5,"href":"https:\/\/framtidenskarriar.se\/ingenjor\/wp-json\/wp\/v2\/posts\/6083\/revisions"}],"predecessor-version":[{"id":6458,"href":"https:\/\/framtidenskarriar.se\/ingenjor\/wp-json\/wp\/v2\/posts\/6083\/revisions\/6458"}],"wp:featuredmedia":[{"embeddable":true,"href":"https:\/\/framtidenskarriar.se\/ingenjor\/wp-json\/wp\/v2\/media\/6085"}],"wp:attachment":[{"href":"https:\/\/framtidenskarriar.se\/ingenjor\/wp-json\/wp\/v2\/media?parent=6083"}],"wp:term":[{"taxonomy":"category","embeddable":true,"href":"https:\/\/framtidenskarriar.se\/ingenjor\/wp-json\/wp\/v2\/categories?post=6083"},{"taxonomy":"post_tag","embeddable":true,"href":"https:\/\/framtidenskarriar.se\/ingenjor\/wp-json\/wp\/v2\/tags?post=6083"}],"curies":[{"name":"wp","href":"https:\/\/api.w.org\/{rel}","templated":true}]}}