{"id":6096,"date":"2018-08-22T10:56:45","date_gmt":"2018-08-22T10:56:45","guid":{"rendered":"http:\/\/framtidenskarriar.se\/ingenjor\/?p=6096"},"modified":"2020-11-10T11:05:44","modified_gmt":"2020-11-10T11:05:44","slug":"stort-rekryteringsbehov-nar-infrastrukturen-moderniseras","status":"publish","type":"post","link":"https:\/\/framtidenskarriar.se\/ingenjor\/2018\/08\/22\/stort-rekryteringsbehov-nar-infrastrukturen-moderniseras\/","title":{"rendered":"Stort rekryteringsbehov n\u00e4r infrastrukturen moderniseras"},"content":{"rendered":"\n<figure class=\"wp-block-image size-large\"><img loading=\"lazy\" decoding=\"async\" width=\"1000\" height=\"585\" src=\"https:\/\/framtidenskarriar.se\/ingenjor\/wp-content\/uploads\/sites\/14\/2020\/11\/infra-shutterstock-426867334.jpg\" alt=\"\" class=\"wp-image-6441\" srcset=\"https:\/\/framtidenskarriar.se\/ingenjor\/wp-content\/uploads\/sites\/14\/2020\/11\/infra-shutterstock-426867334.jpg 1000w, https:\/\/framtidenskarriar.se\/ingenjor\/wp-content\/uploads\/sites\/14\/2020\/11\/infra-shutterstock-426867334-300x176.jpg 300w, https:\/\/framtidenskarriar.se\/ingenjor\/wp-content\/uploads\/sites\/14\/2020\/11\/infra-shutterstock-426867334-768x449.jpg 768w, https:\/\/framtidenskarriar.se\/ingenjor\/wp-content\/uploads\/sites\/14\/2020\/11\/infra-shutterstock-426867334-274x160.jpg 274w, https:\/\/framtidenskarriar.se\/ingenjor\/wp-content\/uploads\/sites\/14\/2020\/11\/infra-shutterstock-426867334-526x308.jpg 526w, https:\/\/framtidenskarriar.se\/ingenjor\/wp-content\/uploads\/sites\/14\/2020\/11\/infra-shutterstock-426867334-720x421.jpg 720w, https:\/\/framtidenskarriar.se\/ingenjor\/wp-content\/uploads\/sites\/14\/2020\/11\/infra-shutterstock-426867334-960x562.jpg 960w\" sizes=\"auto, (max-width: 1000px) 100vw, 1000px\" \/><figcaption>Foto: Shutterstock<\/figcaption><\/figure>\n\n\n\n<div class=\"wp-block-image\"><figure class=\"alignright size-large is-resized\"><img loading=\"lazy\" decoding=\"async\" src=\"https:\/\/framtidenskarriar.se\/ingenjor\/wp-content\/uploads\/sites\/14\/2018\/08\/infrastruktur-peter-uneklint-highres.jpg\" alt=\"Peter Uneklint, programchef f\u00f6r h\u00f6ghastighetsj\u00e4rnv\u00e4gen p\u00e5 Trafikverket. Foto: Kerstin Ericsson\" class=\"wp-image-6097\" width=\"125\" height=\"190\" srcset=\"https:\/\/framtidenskarriar.se\/ingenjor\/wp-content\/uploads\/sites\/14\/2018\/08\/infrastruktur-peter-uneklint-highres.jpg 500w, https:\/\/framtidenskarriar.se\/ingenjor\/wp-content\/uploads\/sites\/14\/2018\/08\/infrastruktur-peter-uneklint-highres-197x300.jpg 197w, https:\/\/framtidenskarriar.se\/ingenjor\/wp-content\/uploads\/sites\/14\/2018\/08\/infrastruktur-peter-uneklint-highres-105x160.jpg 105w\" sizes=\"auto, (max-width: 125px) 100vw, 125px\" \/><figcaption>Peter Uneklint, programchef f\u00f6r h\u00f6ghastighetsj\u00e4rnv\u00e4gen p\u00e5 Trafikverket. Foto: Kerstin Ericsson<\/figcaption><\/figure><\/div>\n\n\n\n<p><strong>Infrastrukturutveckling f\u00f6r en h\u00e5llbar tillv\u00e4xt lockar allt fler ingenj\u00f6rer till den offentliga sektorn. N\u00e4r morgondagens tekniska utmaningar, som h\u00f6ghastighetsbanan, ska l\u00f6sas kommer det att finnas m\u00e5nga sp\u00e4nnande arbetsuppgifter f\u00f6r ingenj\u00f6rer. <\/strong><\/p>\n\n\n\n<p>I str\u00e4van att uppn\u00e5 FN:s uppsatta globala m\u00e5l f\u00f6r en h\u00e5llbar utveckling kommer Sverige att beh\u00f6va en motst\u00e5ndskraftig infrastruktur. Det kommer inneb\u00e4ra nya tekniska utmaningar f\u00f6r hur naturens resurser ska hanteras och hur m\u00e4nniskor verkar i dessa milj\u00f6er. H\u00e4r kommer det att finnas m\u00e5nga sp\u00e4nnande arbetsuppgifter i allt fr\u00e5n samh\u00e4llsplanering till tekniska och ekonomiska kapacitetsfr\u00e5gor.<br>\u2013 Det som g\u00f6r det h\u00e4r jobbet s\u00e5 intressant \u00e4r att man f\u00e5r vara med och verka f\u00f6r ett b\u00e4ttre samh\u00e4lle i stort. I utvecklandet av h\u00f6ghastighetst\u00e5g skapar vi f\u00f6ruts\u00e4ttningar f\u00f6r morgondagens resen\u00e4rer att kunna f\u00f6rflytta sig p\u00e5 ett smart och h\u00e5llbart s\u00e4tt, vilket gynnar b\u00e5de enskilda medborgare, f\u00f6retag och milj\u00f6n, s\u00e4ger Peter Uneklint som \u00e4r programchef f\u00f6r h\u00f6ghastighetsj\u00e4rnv\u00e4gen, \u00e4ven kallad En ny generation j\u00e4rnv\u00e4g, p\u00e5 Trafikverket.<\/p>\n\n\n\n<p><strong>Skapar h\u00e5llbar tillv\u00e4xt<\/strong><br>F\u00f6r att skapa social h\u00e5llbarhet i ett samh\u00e4lle kr\u00e4vs det att tillg\u00e4ngligheten \u00f6kar. Med den nya stambanan skulle en resa mellan Stockholm och G\u00f6teborg i 320 km\/h ta tv\u00e5 timmar, och Stockholm\u2013Malm\u00f6 bara en halvtimme mer.<br>\u2013 F\u00f6rutom att den nya j\u00e4rnv\u00e4gen \u00e4r viktig f\u00f6r de tre storst\u00e4derna kommer h\u00f6ghastighetsbanan \u00e4ven att leda till \u00f6kat bostadsbyggande och tillv\u00e4xt i m\u00e5nga kommuner l\u00e4ngs str\u00e4ckorna. En restid under tre timmar g\u00f6r ocks\u00e5 t\u00e5get mer konkurrenskraftigt gentemot flyget, forts\u00e4tter han.<\/p>\n\n\n\n<p><strong>Framtidsbransch<\/strong><br>Moderniseringen av infrastrukturen g\u00f6r att kompetensbehovet inom omr\u00e5det kommer att vara stort, med ett brett kunskapsspann. Peter Uneklint ber\u00e4ttar att man kommer att beh\u00f6va anst\u00e4lla allt fr\u00e5n projektledare, samh\u00e4llsplanerare, signaltekniker, broingenj\u00f6rer, utredare till it-ingenj\u00f6rer fram\u00f6ver.<br>\u2013 Det kommer att finnas m\u00e5nga sp\u00e4nnande arbetsuppgifter inom omr\u00e5det och en bredd som ger stora m\u00f6jligheter att utvecklas inom. Bara p\u00e5 Trafikverket r\u00e4knar vi med att anst\u00e4lla 2&nbsp;000\u20133&nbsp;000 medarbetare inom n\u00e5gra \u00e5r, s\u00e4ger han och till\u00e4gger att han varmt kan rekommendera att arbeta med infrastrukturutveckling.<br>\u2013 F\u00f6rutom att arbetet \u00e4r v\u00e4ldigt sp\u00e4nnande \u00e4r det roligt att f\u00e5 vara med och bidra till att skapa ett h\u00e5llbart samh\u00e4lle. Det ger merv\u00e4rde f\u00f6r b\u00e5de en sj\u00e4lv och andra, avslutar han.<\/p>\n","protected":false},"excerpt":{"rendered":"<p>N\u00e4r morgondagens tekniska utmaningar, som h\u00f6ghastighetsbanan, ska l\u00f6sas kommer det att finnas m\u00e5nga sp\u00e4nnande arbetsuppgifter f\u00f6r ingenj\u00f6rer.<\/p>\n","protected":false},"author":2,"featured_media":6441,"comment_status":"closed","ping_status":"open","sticky":false,"template":"","format":"standard","meta":{"_acf_changed":false,"_monsterinsights_skip_tracking":false,"_monsterinsights_sitenote_active":false,"_monsterinsights_sitenote_note":"","_monsterinsights_sitenote_category":0,"footnotes":""},"categories":[1],"tags":[105,114,124,137,182,212,260],"class_list":["post-6096","post","type-post","status-publish","format-standard","has-post-thumbnail","hentry","category-artikel","tag-hoghastighetsbana","tag-infrastruktur","tag-jarnvag","tag-kompetensbehov","tag-offentlig-sektor","tag-samhallsbyggnad","tag-trafikverket"],"acf":[],"yoast_head":"<!-- This site is optimized with the Yoast SEO plugin v27.3 - https:\/\/yoast.com\/product\/yoast-seo-wordpress\/ -->\n<title>Stort rekryteringsbehov n\u00e4r infrastrukturen moderniseras - Framtidens Karri\u00e4r - Ingenj\u00f6r<\/title>\n<meta name=\"robots\" content=\"index, follow, max-snippet:-1, max-image-preview:large, max-video-preview:-1\" \/>\n<link rel=\"canonical\" href=\"https:\/\/framtidenskarriar.se\/ingenjor\/2018\/08\/22\/stort-rekryteringsbehov-nar-infrastrukturen-moderniseras\/\" \/>\n<meta property=\"og:locale\" content=\"sv_SE\" \/>\n<meta property=\"og:type\" content=\"article\" \/>\n<meta property=\"og:title\" content=\"Stort rekryteringsbehov n\u00e4r infrastrukturen moderniseras - Framtidens Karri\u00e4r - Ingenj\u00f6r\" \/>\n<meta property=\"og:description\" content=\"N\u00e4r morgondagens tekniska utmaningar, som h\u00f6ghastighetsbanan, ska l\u00f6sas kommer det att finnas m\u00e5nga sp\u00e4nnande arbetsuppgifter f\u00f6r ingenj\u00f6rer.\" \/>\n<meta property=\"og:url\" content=\"https:\/\/framtidenskarriar.se\/ingenjor\/2018\/08\/22\/stort-rekryteringsbehov-nar-infrastrukturen-moderniseras\/\" \/>\n<meta property=\"og:site_name\" content=\"Framtidens Karri\u00e4r - Ingenj\u00f6r\" \/>\n<meta property=\"article:published_time\" content=\"2018-08-22T10:56:45+00:00\" \/>\n<meta property=\"article:modified_time\" content=\"2020-11-10T11:05:44+00:00\" \/>\n<meta property=\"og:image\" content=\"https:\/\/framtidenskarriar.se\/ingenjor\/wp-content\/uploads\/sites\/14\/2020\/11\/infra-shutterstock-426867334.jpg\" \/>\n\t<meta property=\"og:image:width\" content=\"1000\" \/>\n\t<meta property=\"og:image:height\" content=\"585\" \/>\n\t<meta property=\"og:image:type\" content=\"image\/jpeg\" \/>\n<meta name=\"author\" content=\"viktorwallen\" \/>\n<meta name=\"twitter:card\" content=\"summary_large_image\" \/>\n<meta name=\"twitter:label1\" content=\"Skriven av\" \/>\n\t<meta name=\"twitter:data1\" content=\"viktorwallen\" \/>\n\t<meta name=\"twitter:label2\" content=\"Ber\u00e4knad l\u00e4stid\" \/>\n\t<meta name=\"twitter:data2\" content=\"2 minuter\" \/>\n<script type=\"application\/ld+json\" class=\"yoast-schema-graph\">{\"@context\":\"https:\\\/\\\/schema.org\",\"@graph\":[{\"@type\":\"Article\",\"@id\":\"https:\\\/\\\/framtidenskarriar.se\\\/ingenjor\\\/2018\\\/08\\\/22\\\/stort-rekryteringsbehov-nar-infrastrukturen-moderniseras\\\/#article\",\"isPartOf\":{\"@id\":\"https:\\\/\\\/framtidenskarriar.se\\\/ingenjor\\\/2018\\\/08\\\/22\\\/stort-rekryteringsbehov-nar-infrastrukturen-moderniseras\\\/\"},\"author\":{\"name\":\"viktorwallen\",\"@id\":\"https:\\\/\\\/framtidenskarriar.se\\\/ingenjor\\\/#\\\/schema\\\/person\\\/2a13a849ec7646386c2211f59afe3083\"},\"headline\":\"Stort rekryteringsbehov n\u00e4r infrastrukturen moderniseras\",\"datePublished\":\"2018-08-22T10:56:45+00:00\",\"dateModified\":\"2020-11-10T11:05:44+00:00\",\"mainEntityOfPage\":{\"@id\":\"https:\\\/\\\/framtidenskarriar.se\\\/ingenjor\\\/2018\\\/08\\\/22\\\/stort-rekryteringsbehov-nar-infrastrukturen-moderniseras\\\/\"},\"wordCount\":469,\"image\":{\"@id\":\"https:\\\/\\\/framtidenskarriar.se\\\/ingenjor\\\/2018\\\/08\\\/22\\\/stort-rekryteringsbehov-nar-infrastrukturen-moderniseras\\\/#primaryimage\"},\"thumbnailUrl\":\"https:\\\/\\\/framtidenskarriar.se\\\/ingenjor\\\/wp-content\\\/uploads\\\/sites\\\/14\\\/2020\\\/11\\\/infra-shutterstock-426867334.jpg\",\"keywords\":[\"H\u00f6ghastighetsbana\",\"Infrastruktur\",\"J\u00e4rnv\u00e4g\",\"Kompetensbehov\",\"Offentlig sektor\",\"Samh\u00e4llsbyggnad\",\"Trafikverket\"],\"articleSection\":[\"Artikel\"],\"inLanguage\":\"sv-SE\"},{\"@type\":\"WebPage\",\"@id\":\"https:\\\/\\\/framtidenskarriar.se\\\/ingenjor\\\/2018\\\/08\\\/22\\\/stort-rekryteringsbehov-nar-infrastrukturen-moderniseras\\\/\",\"url\":\"https:\\\/\\\/framtidenskarriar.se\\\/ingenjor\\\/2018\\\/08\\\/22\\\/stort-rekryteringsbehov-nar-infrastrukturen-moderniseras\\\/\",\"name\":\"Stort rekryteringsbehov n\u00e4r infrastrukturen moderniseras - Framtidens Karri\u00e4r - Ingenj\u00f6r\",\"isPartOf\":{\"@id\":\"https:\\\/\\\/framtidenskarriar.se\\\/ingenjor\\\/#website\"},\"primaryImageOfPage\":{\"@id\":\"https:\\\/\\\/framtidenskarriar.se\\\/ingenjor\\\/2018\\\/08\\\/22\\\/stort-rekryteringsbehov-nar-infrastrukturen-moderniseras\\\/#primaryimage\"},\"image\":{\"@id\":\"https:\\\/\\\/framtidenskarriar.se\\\/ingenjor\\\/2018\\\/08\\\/22\\\/stort-rekryteringsbehov-nar-infrastrukturen-moderniseras\\\/#primaryimage\"},\"thumbnailUrl\":\"https:\\\/\\\/framtidenskarriar.se\\\/ingenjor\\\/wp-content\\\/uploads\\\/sites\\\/14\\\/2020\\\/11\\\/infra-shutterstock-426867334.jpg\",\"datePublished\":\"2018-08-22T10:56:45+00:00\",\"dateModified\":\"2020-11-10T11:05:44+00:00\",\"author\":{\"@id\":\"https:\\\/\\\/framtidenskarriar.se\\\/ingenjor\\\/#\\\/schema\\\/person\\\/2a13a849ec7646386c2211f59afe3083\"},\"breadcrumb\":{\"@id\":\"https:\\\/\\\/framtidenskarriar.se\\\/ingenjor\\\/2018\\\/08\\\/22\\\/stort-rekryteringsbehov-nar-infrastrukturen-moderniseras\\\/#breadcrumb\"},\"inLanguage\":\"sv-SE\",\"potentialAction\":[{\"@type\":\"ReadAction\",\"target\":[\"https:\\\/\\\/framtidenskarriar.se\\\/ingenjor\\\/2018\\\/08\\\/22\\\/stort-rekryteringsbehov-nar-infrastrukturen-moderniseras\\\/\"]}]},{\"@type\":\"ImageObject\",\"inLanguage\":\"sv-SE\",\"@id\":\"https:\\\/\\\/framtidenskarriar.se\\\/ingenjor\\\/2018\\\/08\\\/22\\\/stort-rekryteringsbehov-nar-infrastrukturen-moderniseras\\\/#primaryimage\",\"url\":\"https:\\\/\\\/framtidenskarriar.se\\\/ingenjor\\\/wp-content\\\/uploads\\\/sites\\\/14\\\/2020\\\/11\\\/infra-shutterstock-426867334.jpg\",\"contentUrl\":\"https:\\\/\\\/framtidenskarriar.se\\\/ingenjor\\\/wp-content\\\/uploads\\\/sites\\\/14\\\/2020\\\/11\\\/infra-shutterstock-426867334.jpg\",\"width\":1000,\"height\":585},{\"@type\":\"BreadcrumbList\",\"@id\":\"https:\\\/\\\/framtidenskarriar.se\\\/ingenjor\\\/2018\\\/08\\\/22\\\/stort-rekryteringsbehov-nar-infrastrukturen-moderniseras\\\/#breadcrumb\",\"itemListElement\":[{\"@type\":\"ListItem\",\"position\":1,\"name\":\"Home\",\"item\":\"https:\\\/\\\/framtidenskarriar.se\\\/ingenjor\\\/\"},{\"@type\":\"ListItem\",\"position\":2,\"name\":\"Stort rekryteringsbehov n\u00e4r infrastrukturen moderniseras\"}]},{\"@type\":\"WebSite\",\"@id\":\"https:\\\/\\\/framtidenskarriar.se\\\/ingenjor\\\/#website\",\"url\":\"https:\\\/\\\/framtidenskarriar.se\\\/ingenjor\\\/\",\"name\":\"Framtidens Karri\u00e4r - Ingenj\u00f6r\",\"description\":\"Just another NMDashboard.se Sites site\",\"potentialAction\":[{\"@type\":\"SearchAction\",\"target\":{\"@type\":\"EntryPoint\",\"urlTemplate\":\"https:\\\/\\\/framtidenskarriar.se\\\/ingenjor\\\/?s={search_term_string}\"},\"query-input\":{\"@type\":\"PropertyValueSpecification\",\"valueRequired\":true,\"valueName\":\"search_term_string\"}}],\"inLanguage\":\"sv-SE\"},{\"@type\":\"Person\",\"@id\":\"https:\\\/\\\/framtidenskarriar.se\\\/ingenjor\\\/#\\\/schema\\\/person\\\/2a13a849ec7646386c2211f59afe3083\",\"name\":\"viktorwallen\",\"image\":{\"@type\":\"ImageObject\",\"inLanguage\":\"sv-SE\",\"@id\":\"https:\\\/\\\/secure.gravatar.com\\\/avatar\\\/701701bd36169636031933997c8c6b954f2f635bbb7cd4802e4a007f9c9f4e59?s=96&d=mm&r=g\",\"url\":\"https:\\\/\\\/secure.gravatar.com\\\/avatar\\\/701701bd36169636031933997c8c6b954f2f635bbb7cd4802e4a007f9c9f4e59?s=96&d=mm&r=g\",\"contentUrl\":\"https:\\\/\\\/secure.gravatar.com\\\/avatar\\\/701701bd36169636031933997c8c6b954f2f635bbb7cd4802e4a007f9c9f4e59?s=96&d=mm&r=g\",\"caption\":\"viktorwallen\"},\"url\":\"https:\\\/\\\/framtidenskarriar.se\\\/ingenjor\\\/author\\\/viktorwallen\\\/\"}]}<\/script>\n<!-- \/ Yoast SEO plugin. -->","yoast_head_json":{"title":"Stort rekryteringsbehov n\u00e4r infrastrukturen moderniseras - Framtidens Karri\u00e4r - Ingenj\u00f6r","robots":{"index":"index","follow":"follow","max-snippet":"max-snippet:-1","max-image-preview":"max-image-preview:large","max-video-preview":"max-video-preview:-1"},"canonical":"https:\/\/framtidenskarriar.se\/ingenjor\/2018\/08\/22\/stort-rekryteringsbehov-nar-infrastrukturen-moderniseras\/","og_locale":"sv_SE","og_type":"article","og_title":"Stort rekryteringsbehov n\u00e4r infrastrukturen moderniseras - Framtidens Karri\u00e4r - Ingenj\u00f6r","og_description":"N\u00e4r morgondagens tekniska utmaningar, som h\u00f6ghastighetsbanan, ska l\u00f6sas kommer det att finnas m\u00e5nga sp\u00e4nnande arbetsuppgifter f\u00f6r ingenj\u00f6rer.","og_url":"https:\/\/framtidenskarriar.se\/ingenjor\/2018\/08\/22\/stort-rekryteringsbehov-nar-infrastrukturen-moderniseras\/","og_site_name":"Framtidens Karri\u00e4r - Ingenj\u00f6r","article_published_time":"2018-08-22T10:56:45+00:00","article_modified_time":"2020-11-10T11:05:44+00:00","og_image":[{"width":1000,"height":585,"url":"https:\/\/framtidenskarriar.se\/ingenjor\/wp-content\/uploads\/sites\/14\/2020\/11\/infra-shutterstock-426867334.jpg","type":"image\/jpeg"}],"author":"viktorwallen","twitter_card":"summary_large_image","twitter_misc":{"Skriven av":"viktorwallen","Ber\u00e4knad l\u00e4stid":"2 minuter"},"schema":{"@context":"https:\/\/schema.org","@graph":[{"@type":"Article","@id":"https:\/\/framtidenskarriar.se\/ingenjor\/2018\/08\/22\/stort-rekryteringsbehov-nar-infrastrukturen-moderniseras\/#article","isPartOf":{"@id":"https:\/\/framtidenskarriar.se\/ingenjor\/2018\/08\/22\/stort-rekryteringsbehov-nar-infrastrukturen-moderniseras\/"},"author":{"name":"viktorwallen","@id":"https:\/\/framtidenskarriar.se\/ingenjor\/#\/schema\/person\/2a13a849ec7646386c2211f59afe3083"},"headline":"Stort rekryteringsbehov n\u00e4r infrastrukturen moderniseras","datePublished":"2018-08-22T10:56:45+00:00","dateModified":"2020-11-10T11:05:44+00:00","mainEntityOfPage":{"@id":"https:\/\/framtidenskarriar.se\/ingenjor\/2018\/08\/22\/stort-rekryteringsbehov-nar-infrastrukturen-moderniseras\/"},"wordCount":469,"image":{"@id":"https:\/\/framtidenskarriar.se\/ingenjor\/2018\/08\/22\/stort-rekryteringsbehov-nar-infrastrukturen-moderniseras\/#primaryimage"},"thumbnailUrl":"https:\/\/framtidenskarriar.se\/ingenjor\/wp-content\/uploads\/sites\/14\/2020\/11\/infra-shutterstock-426867334.jpg","keywords":["H\u00f6ghastighetsbana","Infrastruktur","J\u00e4rnv\u00e4g","Kompetensbehov","Offentlig sektor","Samh\u00e4llsbyggnad","Trafikverket"],"articleSection":["Artikel"],"inLanguage":"sv-SE"},{"@type":"WebPage","@id":"https:\/\/framtidenskarriar.se\/ingenjor\/2018\/08\/22\/stort-rekryteringsbehov-nar-infrastrukturen-moderniseras\/","url":"https:\/\/framtidenskarriar.se\/ingenjor\/2018\/08\/22\/stort-rekryteringsbehov-nar-infrastrukturen-moderniseras\/","name":"Stort rekryteringsbehov n\u00e4r infrastrukturen moderniseras - Framtidens Karri\u00e4r - Ingenj\u00f6r","isPartOf":{"@id":"https:\/\/framtidenskarriar.se\/ingenjor\/#website"},"primaryImageOfPage":{"@id":"https:\/\/framtidenskarriar.se\/ingenjor\/2018\/08\/22\/stort-rekryteringsbehov-nar-infrastrukturen-moderniseras\/#primaryimage"},"image":{"@id":"https:\/\/framtidenskarriar.se\/ingenjor\/2018\/08\/22\/stort-rekryteringsbehov-nar-infrastrukturen-moderniseras\/#primaryimage"},"thumbnailUrl":"https:\/\/framtidenskarriar.se\/ingenjor\/wp-content\/uploads\/sites\/14\/2020\/11\/infra-shutterstock-426867334.jpg","datePublished":"2018-08-22T10:56:45+00:00","dateModified":"2020-11-10T11:05:44+00:00","author":{"@id":"https:\/\/framtidenskarriar.se\/ingenjor\/#\/schema\/person\/2a13a849ec7646386c2211f59afe3083"},"breadcrumb":{"@id":"https:\/\/framtidenskarriar.se\/ingenjor\/2018\/08\/22\/stort-rekryteringsbehov-nar-infrastrukturen-moderniseras\/#breadcrumb"},"inLanguage":"sv-SE","potentialAction":[{"@type":"ReadAction","target":["https:\/\/framtidenskarriar.se\/ingenjor\/2018\/08\/22\/stort-rekryteringsbehov-nar-infrastrukturen-moderniseras\/"]}]},{"@type":"ImageObject","inLanguage":"sv-SE","@id":"https:\/\/framtidenskarriar.se\/ingenjor\/2018\/08\/22\/stort-rekryteringsbehov-nar-infrastrukturen-moderniseras\/#primaryimage","url":"https:\/\/framtidenskarriar.se\/ingenjor\/wp-content\/uploads\/sites\/14\/2020\/11\/infra-shutterstock-426867334.jpg","contentUrl":"https:\/\/framtidenskarriar.se\/ingenjor\/wp-content\/uploads\/sites\/14\/2020\/11\/infra-shutterstock-426867334.jpg","width":1000,"height":585},{"@type":"BreadcrumbList","@id":"https:\/\/framtidenskarriar.se\/ingenjor\/2018\/08\/22\/stort-rekryteringsbehov-nar-infrastrukturen-moderniseras\/#breadcrumb","itemListElement":[{"@type":"ListItem","position":1,"name":"Home","item":"https:\/\/framtidenskarriar.se\/ingenjor\/"},{"@type":"ListItem","position":2,"name":"Stort rekryteringsbehov n\u00e4r infrastrukturen moderniseras"}]},{"@type":"WebSite","@id":"https:\/\/framtidenskarriar.se\/ingenjor\/#website","url":"https:\/\/framtidenskarriar.se\/ingenjor\/","name":"Framtidens Karri\u00e4r - Ingenj\u00f6r","description":"Just another NMDashboard.se Sites site","potentialAction":[{"@type":"SearchAction","target":{"@type":"EntryPoint","urlTemplate":"https:\/\/framtidenskarriar.se\/ingenjor\/?s={search_term_string}"},"query-input":{"@type":"PropertyValueSpecification","valueRequired":true,"valueName":"search_term_string"}}],"inLanguage":"sv-SE"},{"@type":"Person","@id":"https:\/\/framtidenskarriar.se\/ingenjor\/#\/schema\/person\/2a13a849ec7646386c2211f59afe3083","name":"viktorwallen","image":{"@type":"ImageObject","inLanguage":"sv-SE","@id":"https:\/\/secure.gravatar.com\/avatar\/701701bd36169636031933997c8c6b954f2f635bbb7cd4802e4a007f9c9f4e59?s=96&d=mm&r=g","url":"https:\/\/secure.gravatar.com\/avatar\/701701bd36169636031933997c8c6b954f2f635bbb7cd4802e4a007f9c9f4e59?s=96&d=mm&r=g","contentUrl":"https:\/\/secure.gravatar.com\/avatar\/701701bd36169636031933997c8c6b954f2f635bbb7cd4802e4a007f9c9f4e59?s=96&d=mm&r=g","caption":"viktorwallen"},"url":"https:\/\/framtidenskarriar.se\/ingenjor\/author\/viktorwallen\/"}]}},"_links":{"self":[{"href":"https:\/\/framtidenskarriar.se\/ingenjor\/wp-json\/wp\/v2\/posts\/6096","targetHints":{"allow":["GET"]}}],"collection":[{"href":"https:\/\/framtidenskarriar.se\/ingenjor\/wp-json\/wp\/v2\/posts"}],"about":[{"href":"https:\/\/framtidenskarriar.se\/ingenjor\/wp-json\/wp\/v2\/types\/post"}],"author":[{"embeddable":true,"href":"https:\/\/framtidenskarriar.se\/ingenjor\/wp-json\/wp\/v2\/users\/2"}],"replies":[{"embeddable":true,"href":"https:\/\/framtidenskarriar.se\/ingenjor\/wp-json\/wp\/v2\/comments?post=6096"}],"version-history":[{"count":6,"href":"https:\/\/framtidenskarriar.se\/ingenjor\/wp-json\/wp\/v2\/posts\/6096\/revisions"}],"predecessor-version":[{"id":6484,"href":"https:\/\/framtidenskarriar.se\/ingenjor\/wp-json\/wp\/v2\/posts\/6096\/revisions\/6484"}],"wp:featuredmedia":[{"embeddable":true,"href":"https:\/\/framtidenskarriar.se\/ingenjor\/wp-json\/wp\/v2\/media\/6441"}],"wp:attachment":[{"href":"https:\/\/framtidenskarriar.se\/ingenjor\/wp-json\/wp\/v2\/media?parent=6096"}],"wp:term":[{"taxonomy":"category","embeddable":true,"href":"https:\/\/framtidenskarriar.se\/ingenjor\/wp-json\/wp\/v2\/categories?post=6096"},{"taxonomy":"post_tag","embeddable":true,"href":"https:\/\/framtidenskarriar.se\/ingenjor\/wp-json\/wp\/v2\/tags?post=6096"}],"curies":[{"name":"wp","href":"https:\/\/api.w.org\/{rel}","templated":true}]}}