{"id":6125,"date":"2018-08-22T11:41:48","date_gmt":"2018-08-22T11:41:48","guid":{"rendered":"http:\/\/framtidenskarriar.se\/ingenjor\/?p=6125"},"modified":"2020-11-09T12:41:00","modified_gmt":"2020-11-09T12:41:00","slug":"energibranschens-paradigmskifte-kraver-ingenjorskompetens","status":"publish","type":"post","link":"https:\/\/framtidenskarriar.se\/ingenjor\/2018\/08\/22\/energibranschens-paradigmskifte-kraver-ingenjorskompetens\/","title":{"rendered":"Energibranschens paradigmskifte kr\u00e4ver ingenj\u00f6rskompetens"},"content":{"rendered":"\n<figure class=\"wp-block-image alignnone size-full wp-image-6126\"><img loading=\"lazy\" decoding=\"async\" width=\"1000\" height=\"678\" src=\"https:\/\/framtidenskarriar.se\/ingenjor\/wp-content\/uploads\/sites\/14\/2018\/08\/kraftkvinna-piabrantgardelinder1.jpg\" alt=\"Pia Brantg\u00e4rde Linder, aff\u00e4rsomr\u00e5deschef f\u00f6r High Voltage Products i norra Europa p\u00e5 ABB. Foto: Jonas Bilberg \/ ABB\" class=\"wp-image-6126\" srcset=\"https:\/\/framtidenskarriar.se\/ingenjor\/wp-content\/uploads\/sites\/14\/2018\/08\/kraftkvinna-piabrantgardelinder1.jpg 1000w, https:\/\/framtidenskarriar.se\/ingenjor\/wp-content\/uploads\/sites\/14\/2018\/08\/kraftkvinna-piabrantgardelinder1-300x203.jpg 300w, https:\/\/framtidenskarriar.se\/ingenjor\/wp-content\/uploads\/sites\/14\/2018\/08\/kraftkvinna-piabrantgardelinder1-768x521.jpg 768w, https:\/\/framtidenskarriar.se\/ingenjor\/wp-content\/uploads\/sites\/14\/2018\/08\/kraftkvinna-piabrantgardelinder1-236x160.jpg 236w, https:\/\/framtidenskarriar.se\/ingenjor\/wp-content\/uploads\/sites\/14\/2018\/08\/kraftkvinna-piabrantgardelinder1-526x357.jpg 526w, https:\/\/framtidenskarriar.se\/ingenjor\/wp-content\/uploads\/sites\/14\/2018\/08\/kraftkvinna-piabrantgardelinder1-720x488.jpg 720w, https:\/\/framtidenskarriar.se\/ingenjor\/wp-content\/uploads\/sites\/14\/2018\/08\/kraftkvinna-piabrantgardelinder1-960x651.jpg 960w\" sizes=\"auto, (max-width: 1000px) 100vw, 1000px\" \/><figcaption>Pia Brantg\u00e4rde Linder, aff\u00e4rsomr\u00e5deschef f\u00f6r High Voltage Products i norra Europa p\u00e5 ABB. Foto: Jonas Bilberg \/ ABB<\/figcaption><\/figure>\n\n\n\n<p><strong>Energibranschen befinner sig mitt i ett gr\u00f6nt skifte med nya kundkrav och samh\u00e4llstrender som p\u00e5verkar branschens snabba utveckling. Behovet av ingenj\u00f6rskompetens \u00e4r omfattande inom i stort sett alla omr\u00e5den. F\u00f6r Pia Brantg\u00e4rde Linder, aff\u00e4rsomr\u00e5deschef f\u00f6r High Voltage Products i norra Europa p\u00e5 ABB, har det varit sj\u00e4lvklart att stanna i branschen l\u00e4nge.<\/strong><\/p>\n\n\n\n<p>Pia Brantg\u00e4rde Linder har gjort karri\u00e4r p\u00e5 ABB sedan hon tog civilingenj\u00f6rsexamen fr\u00e5n Chalmers 1997. Att det blev just energibranschen var egentligen n\u00e5got av en slump. N\u00e4r Pia Brantg\u00e4rde Linder kom in p\u00e5 ABB:s traineeprogram placerades hon p\u00e5 f\u00f6retagets kraftenhet i Ludvika. Det blev starten p\u00e5 en personlig utvecklingsresa i energibranschen. 2017 uts\u00e5gs hon till \u00c5rets Kraftkvinna, energibranschens utm\u00e4rkelse som lyfter fram kompententa kvinnor i branschen.<\/p>\n\n\n\n<p><strong>Mer intressant \u00e4n n\u00e5gonsin<\/strong><br>\u2013 Den fr\u00e4msta anledningen till att jag stannat i energibranschen och p\u00e5 ABB s\u00e5 l\u00e4nge \u00e4r att jag arbetat inom m\u00e5nga olika omr\u00e5den, med otroligt kompetenta m\u00e4nniskor omkring mig. I v\u00e5r bransch st\u00e5r ingenting stilla, vi r\u00f6r oss hela tiden fram\u00e5t och v\u00e5gar komma med nya, ibland utmanande och ofta banbrytande l\u00f6sningar till marknaden. Just energibranschen k\u00e4nns sp\u00e4nnande eftersom den befinner sig mitt i ett paradigmskifte just nu. Jag upplever att branschen f\u00f6r tillf\u00e4llet \u00e4r mer intressant \u00e4n n\u00e5gonsin tidigare, s\u00e4ger Pia Brantg\u00e4rde Linder.<br>Som ingenj\u00f6r hittar man m\u00e5nga utmaningar i energibranschen, inte minst i anknytning till den elektrifiering som p\u00e5g\u00e5r av hela samh\u00e4llet samt omst\u00e4llningen fr\u00e5n ett fossilt till ett gr\u00f6nt eln\u00e4t med \u00f6kad integration av bland annat vindenergi och solenergi och inte minst elfordon.<\/p>\n\n\n\n<p><strong>Mycket ingenj\u00f6rskompetens<\/strong><br>\u2013 Det beh\u00f6vs mycket ingenj\u00f6rskompetens med i stort sett alla tekniska inriktningar f\u00f6r att l\u00f6sa energibranschens framtida utmaningar, alltifr\u00e5n mikron\u00e4t till att bygga laddinfrastruktur f\u00f6r elfordon och bidra till branschens digitalisering. Det k\u00e4nns v\u00e4ldigt meningsfullt att vara med och bidra till framtidens h\u00e5llbara samh\u00e4lle, vilket man definitivt g\u00f6r som ingenj\u00f6r i energibranschen. Jag \u00e4r stolt \u00f6ver att arbeta i den h\u00e4r branschen, s\u00e4ger Pia Brantg\u00e4rde Linder.<\/p>\n\n\n\n<p><strong>M\u00e4nniska och teknik<\/strong><br>Hon gillar att jobba n\u00e4ra kunder, leda medarbetare och att vara verksam i gr\u00e4nslandet mellan m\u00e4nniska och teknik.<br>\u2013 Jag kan absolut rekommendera andra ingenj\u00f6rer att s\u00f6ka sig hit. Energibranschen kommer ocks\u00e5 att vara i omv\u00e4rldens fokus i m\u00e5nga \u00e5r fram\u00f6ver eftersom den ju fyller en nyckelfunktion i den stora klimatomst\u00e4llningen, och det k\u00e4nns sp\u00e4nnande. F\u00f6r ingenj\u00f6rer som \u00e4r intresserade av branschen \u00e4r det ambition och intresse snarare \u00e4n specifika erfarenheter som avg\u00f6r, s\u00e4ger Pia Brantg\u00e4rde Linder.<\/p>\n","protected":false},"excerpt":{"rendered":"<p>Behovet av ingenj\u00f6rskompetens \u00e4r omfattande.<\/p>\n","protected":false},"author":2,"featured_media":6126,"comment_status":"closed","ping_status":"open","sticky":false,"template":"","format":"standard","meta":{"_acf_changed":false,"_monsterinsights_skip_tracking":false,"_monsterinsights_sitenote_active":false,"_monsterinsights_sitenote_note":"","_monsterinsights_sitenote_category":0,"footnotes":""},"categories":[1],"tags":[13,23,58,62,135,136,137],"class_list":["post-6125","post","type-post","status-publish","format-standard","has-post-thumbnail","hentry","category-artikel","tag-abb","tag-arets-kraftkvinna","tag-digitalisering","tag-energibranschen","tag-klimat","tag-klimatomstallning","tag-kompetensbehov"],"acf":[],"yoast_head":"<!-- This site is optimized with the Yoast SEO plugin v27.3 - https:\/\/yoast.com\/product\/yoast-seo-wordpress\/ -->\n<title>Energibranschens paradigmskifte kr\u00e4ver ingenj\u00f6rskompetens - Framtidens Karri\u00e4r - Ingenj\u00f6r<\/title>\n<meta name=\"robots\" content=\"index, follow, max-snippet:-1, max-image-preview:large, max-video-preview:-1\" \/>\n<link rel=\"canonical\" href=\"https:\/\/framtidenskarriar.se\/ingenjor\/2018\/08\/22\/energibranschens-paradigmskifte-kraver-ingenjorskompetens\/\" \/>\n<meta property=\"og:locale\" content=\"sv_SE\" \/>\n<meta property=\"og:type\" content=\"article\" \/>\n<meta property=\"og:title\" content=\"Energibranschens paradigmskifte kr\u00e4ver ingenj\u00f6rskompetens - Framtidens Karri\u00e4r - Ingenj\u00f6r\" \/>\n<meta property=\"og:description\" content=\"Behovet av ingenj\u00f6rskompetens \u00e4r omfattande.\" \/>\n<meta property=\"og:url\" content=\"https:\/\/framtidenskarriar.se\/ingenjor\/2018\/08\/22\/energibranschens-paradigmskifte-kraver-ingenjorskompetens\/\" \/>\n<meta property=\"og:site_name\" content=\"Framtidens Karri\u00e4r - Ingenj\u00f6r\" \/>\n<meta property=\"article:published_time\" content=\"2018-08-22T11:41:48+00:00\" \/>\n<meta property=\"article:modified_time\" content=\"2020-11-09T12:41:00+00:00\" \/>\n<meta property=\"og:image\" content=\"https:\/\/framtidenskarriar.se\/ingenjor\/wp-content\/uploads\/sites\/14\/2018\/08\/kraftkvinna-piabrantgardelinder1.jpg\" \/>\n\t<meta property=\"og:image:width\" content=\"1000\" \/>\n\t<meta property=\"og:image:height\" content=\"678\" \/>\n\t<meta property=\"og:image:type\" content=\"image\/jpeg\" \/>\n<meta name=\"author\" content=\"viktorwallen\" \/>\n<meta name=\"twitter:card\" content=\"summary_large_image\" \/>\n<meta name=\"twitter:label1\" content=\"Skriven av\" \/>\n\t<meta name=\"twitter:data1\" content=\"viktorwallen\" \/>\n\t<meta name=\"twitter:label2\" content=\"Ber\u00e4knad l\u00e4stid\" \/>\n\t<meta name=\"twitter:data2\" content=\"2 minuter\" \/>\n<script type=\"application\/ld+json\" class=\"yoast-schema-graph\">{\"@context\":\"https:\\\/\\\/schema.org\",\"@graph\":[{\"@type\":\"Article\",\"@id\":\"https:\\\/\\\/framtidenskarriar.se\\\/ingenjor\\\/2018\\\/08\\\/22\\\/energibranschens-paradigmskifte-kraver-ingenjorskompetens\\\/#article\",\"isPartOf\":{\"@id\":\"https:\\\/\\\/framtidenskarriar.se\\\/ingenjor\\\/2018\\\/08\\\/22\\\/energibranschens-paradigmskifte-kraver-ingenjorskompetens\\\/\"},\"author\":{\"name\":\"viktorwallen\",\"@id\":\"https:\\\/\\\/framtidenskarriar.se\\\/ingenjor\\\/#\\\/schema\\\/person\\\/2a13a849ec7646386c2211f59afe3083\"},\"headline\":\"Energibranschens paradigmskifte kr\u00e4ver ingenj\u00f6rskompetens\",\"datePublished\":\"2018-08-22T11:41:48+00:00\",\"dateModified\":\"2020-11-09T12:41:00+00:00\",\"mainEntityOfPage\":{\"@id\":\"https:\\\/\\\/framtidenskarriar.se\\\/ingenjor\\\/2018\\\/08\\\/22\\\/energibranschens-paradigmskifte-kraver-ingenjorskompetens\\\/\"},\"wordCount\":503,\"image\":{\"@id\":\"https:\\\/\\\/framtidenskarriar.se\\\/ingenjor\\\/2018\\\/08\\\/22\\\/energibranschens-paradigmskifte-kraver-ingenjorskompetens\\\/#primaryimage\"},\"thumbnailUrl\":\"https:\\\/\\\/framtidenskarriar.se\\\/ingenjor\\\/wp-content\\\/uploads\\\/sites\\\/14\\\/2018\\\/08\\\/kraftkvinna-piabrantgardelinder1.jpg\",\"keywords\":[\"ABB\",\"\u00c5rets Kraftkvinna\",\"Digitalisering\",\"Energibranschen\",\"Klimat\",\"Klimatomst\u00e4llning\",\"Kompetensbehov\"],\"articleSection\":[\"Artikel\"],\"inLanguage\":\"sv-SE\"},{\"@type\":\"WebPage\",\"@id\":\"https:\\\/\\\/framtidenskarriar.se\\\/ingenjor\\\/2018\\\/08\\\/22\\\/energibranschens-paradigmskifte-kraver-ingenjorskompetens\\\/\",\"url\":\"https:\\\/\\\/framtidenskarriar.se\\\/ingenjor\\\/2018\\\/08\\\/22\\\/energibranschens-paradigmskifte-kraver-ingenjorskompetens\\\/\",\"name\":\"Energibranschens paradigmskifte kr\u00e4ver ingenj\u00f6rskompetens - Framtidens Karri\u00e4r - Ingenj\u00f6r\",\"isPartOf\":{\"@id\":\"https:\\\/\\\/framtidenskarriar.se\\\/ingenjor\\\/#website\"},\"primaryImageOfPage\":{\"@id\":\"https:\\\/\\\/framtidenskarriar.se\\\/ingenjor\\\/2018\\\/08\\\/22\\\/energibranschens-paradigmskifte-kraver-ingenjorskompetens\\\/#primaryimage\"},\"image\":{\"@id\":\"https:\\\/\\\/framtidenskarriar.se\\\/ingenjor\\\/2018\\\/08\\\/22\\\/energibranschens-paradigmskifte-kraver-ingenjorskompetens\\\/#primaryimage\"},\"thumbnailUrl\":\"https:\\\/\\\/framtidenskarriar.se\\\/ingenjor\\\/wp-content\\\/uploads\\\/sites\\\/14\\\/2018\\\/08\\\/kraftkvinna-piabrantgardelinder1.jpg\",\"datePublished\":\"2018-08-22T11:41:48+00:00\",\"dateModified\":\"2020-11-09T12:41:00+00:00\",\"author\":{\"@id\":\"https:\\\/\\\/framtidenskarriar.se\\\/ingenjor\\\/#\\\/schema\\\/person\\\/2a13a849ec7646386c2211f59afe3083\"},\"breadcrumb\":{\"@id\":\"https:\\\/\\\/framtidenskarriar.se\\\/ingenjor\\\/2018\\\/08\\\/22\\\/energibranschens-paradigmskifte-kraver-ingenjorskompetens\\\/#breadcrumb\"},\"inLanguage\":\"sv-SE\",\"potentialAction\":[{\"@type\":\"ReadAction\",\"target\":[\"https:\\\/\\\/framtidenskarriar.se\\\/ingenjor\\\/2018\\\/08\\\/22\\\/energibranschens-paradigmskifte-kraver-ingenjorskompetens\\\/\"]}]},{\"@type\":\"ImageObject\",\"inLanguage\":\"sv-SE\",\"@id\":\"https:\\\/\\\/framtidenskarriar.se\\\/ingenjor\\\/2018\\\/08\\\/22\\\/energibranschens-paradigmskifte-kraver-ingenjorskompetens\\\/#primaryimage\",\"url\":\"https:\\\/\\\/framtidenskarriar.se\\\/ingenjor\\\/wp-content\\\/uploads\\\/sites\\\/14\\\/2018\\\/08\\\/kraftkvinna-piabrantgardelinder1.jpg\",\"contentUrl\":\"https:\\\/\\\/framtidenskarriar.se\\\/ingenjor\\\/wp-content\\\/uploads\\\/sites\\\/14\\\/2018\\\/08\\\/kraftkvinna-piabrantgardelinder1.jpg\",\"width\":1000,\"height\":678,\"caption\":\"Pia Brantg\u00e4rde Linder, aff\u00e4rsomr\u00e5deschef f\u00f6r High Voltage Products i norra Europa p\u00e5 ABB. Foto: Jonas Bilberg \\\/ ABB\"},{\"@type\":\"BreadcrumbList\",\"@id\":\"https:\\\/\\\/framtidenskarriar.se\\\/ingenjor\\\/2018\\\/08\\\/22\\\/energibranschens-paradigmskifte-kraver-ingenjorskompetens\\\/#breadcrumb\",\"itemListElement\":[{\"@type\":\"ListItem\",\"position\":1,\"name\":\"Home\",\"item\":\"https:\\\/\\\/framtidenskarriar.se\\\/ingenjor\\\/\"},{\"@type\":\"ListItem\",\"position\":2,\"name\":\"Energibranschens paradigmskifte kr\u00e4ver ingenj\u00f6rskompetens\"}]},{\"@type\":\"WebSite\",\"@id\":\"https:\\\/\\\/framtidenskarriar.se\\\/ingenjor\\\/#website\",\"url\":\"https:\\\/\\\/framtidenskarriar.se\\\/ingenjor\\\/\",\"name\":\"Framtidens Karri\u00e4r - Ingenj\u00f6r\",\"description\":\"Just another NMDashboard.se Sites site\",\"potentialAction\":[{\"@type\":\"SearchAction\",\"target\":{\"@type\":\"EntryPoint\",\"urlTemplate\":\"https:\\\/\\\/framtidenskarriar.se\\\/ingenjor\\\/?s={search_term_string}\"},\"query-input\":{\"@type\":\"PropertyValueSpecification\",\"valueRequired\":true,\"valueName\":\"search_term_string\"}}],\"inLanguage\":\"sv-SE\"},{\"@type\":\"Person\",\"@id\":\"https:\\\/\\\/framtidenskarriar.se\\\/ingenjor\\\/#\\\/schema\\\/person\\\/2a13a849ec7646386c2211f59afe3083\",\"name\":\"viktorwallen\",\"image\":{\"@type\":\"ImageObject\",\"inLanguage\":\"sv-SE\",\"@id\":\"https:\\\/\\\/secure.gravatar.com\\\/avatar\\\/701701bd36169636031933997c8c6b954f2f635bbb7cd4802e4a007f9c9f4e59?s=96&d=mm&r=g\",\"url\":\"https:\\\/\\\/secure.gravatar.com\\\/avatar\\\/701701bd36169636031933997c8c6b954f2f635bbb7cd4802e4a007f9c9f4e59?s=96&d=mm&r=g\",\"contentUrl\":\"https:\\\/\\\/secure.gravatar.com\\\/avatar\\\/701701bd36169636031933997c8c6b954f2f635bbb7cd4802e4a007f9c9f4e59?s=96&d=mm&r=g\",\"caption\":\"viktorwallen\"},\"url\":\"https:\\\/\\\/framtidenskarriar.se\\\/ingenjor\\\/author\\\/viktorwallen\\\/\"}]}<\/script>\n<!-- \/ Yoast SEO plugin. -->","yoast_head_json":{"title":"Energibranschens paradigmskifte kr\u00e4ver ingenj\u00f6rskompetens - Framtidens Karri\u00e4r - Ingenj\u00f6r","robots":{"index":"index","follow":"follow","max-snippet":"max-snippet:-1","max-image-preview":"max-image-preview:large","max-video-preview":"max-video-preview:-1"},"canonical":"https:\/\/framtidenskarriar.se\/ingenjor\/2018\/08\/22\/energibranschens-paradigmskifte-kraver-ingenjorskompetens\/","og_locale":"sv_SE","og_type":"article","og_title":"Energibranschens paradigmskifte kr\u00e4ver ingenj\u00f6rskompetens - Framtidens Karri\u00e4r - Ingenj\u00f6r","og_description":"Behovet av ingenj\u00f6rskompetens \u00e4r omfattande.","og_url":"https:\/\/framtidenskarriar.se\/ingenjor\/2018\/08\/22\/energibranschens-paradigmskifte-kraver-ingenjorskompetens\/","og_site_name":"Framtidens Karri\u00e4r - Ingenj\u00f6r","article_published_time":"2018-08-22T11:41:48+00:00","article_modified_time":"2020-11-09T12:41:00+00:00","og_image":[{"width":1000,"height":678,"url":"https:\/\/framtidenskarriar.se\/ingenjor\/wp-content\/uploads\/sites\/14\/2018\/08\/kraftkvinna-piabrantgardelinder1.jpg","type":"image\/jpeg"}],"author":"viktorwallen","twitter_card":"summary_large_image","twitter_misc":{"Skriven av":"viktorwallen","Ber\u00e4knad l\u00e4stid":"2 minuter"},"schema":{"@context":"https:\/\/schema.org","@graph":[{"@type":"Article","@id":"https:\/\/framtidenskarriar.se\/ingenjor\/2018\/08\/22\/energibranschens-paradigmskifte-kraver-ingenjorskompetens\/#article","isPartOf":{"@id":"https:\/\/framtidenskarriar.se\/ingenjor\/2018\/08\/22\/energibranschens-paradigmskifte-kraver-ingenjorskompetens\/"},"author":{"name":"viktorwallen","@id":"https:\/\/framtidenskarriar.se\/ingenjor\/#\/schema\/person\/2a13a849ec7646386c2211f59afe3083"},"headline":"Energibranschens paradigmskifte kr\u00e4ver ingenj\u00f6rskompetens","datePublished":"2018-08-22T11:41:48+00:00","dateModified":"2020-11-09T12:41:00+00:00","mainEntityOfPage":{"@id":"https:\/\/framtidenskarriar.se\/ingenjor\/2018\/08\/22\/energibranschens-paradigmskifte-kraver-ingenjorskompetens\/"},"wordCount":503,"image":{"@id":"https:\/\/framtidenskarriar.se\/ingenjor\/2018\/08\/22\/energibranschens-paradigmskifte-kraver-ingenjorskompetens\/#primaryimage"},"thumbnailUrl":"https:\/\/framtidenskarriar.se\/ingenjor\/wp-content\/uploads\/sites\/14\/2018\/08\/kraftkvinna-piabrantgardelinder1.jpg","keywords":["ABB","\u00c5rets Kraftkvinna","Digitalisering","Energibranschen","Klimat","Klimatomst\u00e4llning","Kompetensbehov"],"articleSection":["Artikel"],"inLanguage":"sv-SE"},{"@type":"WebPage","@id":"https:\/\/framtidenskarriar.se\/ingenjor\/2018\/08\/22\/energibranschens-paradigmskifte-kraver-ingenjorskompetens\/","url":"https:\/\/framtidenskarriar.se\/ingenjor\/2018\/08\/22\/energibranschens-paradigmskifte-kraver-ingenjorskompetens\/","name":"Energibranschens paradigmskifte kr\u00e4ver ingenj\u00f6rskompetens - Framtidens Karri\u00e4r - Ingenj\u00f6r","isPartOf":{"@id":"https:\/\/framtidenskarriar.se\/ingenjor\/#website"},"primaryImageOfPage":{"@id":"https:\/\/framtidenskarriar.se\/ingenjor\/2018\/08\/22\/energibranschens-paradigmskifte-kraver-ingenjorskompetens\/#primaryimage"},"image":{"@id":"https:\/\/framtidenskarriar.se\/ingenjor\/2018\/08\/22\/energibranschens-paradigmskifte-kraver-ingenjorskompetens\/#primaryimage"},"thumbnailUrl":"https:\/\/framtidenskarriar.se\/ingenjor\/wp-content\/uploads\/sites\/14\/2018\/08\/kraftkvinna-piabrantgardelinder1.jpg","datePublished":"2018-08-22T11:41:48+00:00","dateModified":"2020-11-09T12:41:00+00:00","author":{"@id":"https:\/\/framtidenskarriar.se\/ingenjor\/#\/schema\/person\/2a13a849ec7646386c2211f59afe3083"},"breadcrumb":{"@id":"https:\/\/framtidenskarriar.se\/ingenjor\/2018\/08\/22\/energibranschens-paradigmskifte-kraver-ingenjorskompetens\/#breadcrumb"},"inLanguage":"sv-SE","potentialAction":[{"@type":"ReadAction","target":["https:\/\/framtidenskarriar.se\/ingenjor\/2018\/08\/22\/energibranschens-paradigmskifte-kraver-ingenjorskompetens\/"]}]},{"@type":"ImageObject","inLanguage":"sv-SE","@id":"https:\/\/framtidenskarriar.se\/ingenjor\/2018\/08\/22\/energibranschens-paradigmskifte-kraver-ingenjorskompetens\/#primaryimage","url":"https:\/\/framtidenskarriar.se\/ingenjor\/wp-content\/uploads\/sites\/14\/2018\/08\/kraftkvinna-piabrantgardelinder1.jpg","contentUrl":"https:\/\/framtidenskarriar.se\/ingenjor\/wp-content\/uploads\/sites\/14\/2018\/08\/kraftkvinna-piabrantgardelinder1.jpg","width":1000,"height":678,"caption":"Pia Brantg\u00e4rde Linder, aff\u00e4rsomr\u00e5deschef f\u00f6r High Voltage Products i norra Europa p\u00e5 ABB. Foto: Jonas Bilberg \/ ABB"},{"@type":"BreadcrumbList","@id":"https:\/\/framtidenskarriar.se\/ingenjor\/2018\/08\/22\/energibranschens-paradigmskifte-kraver-ingenjorskompetens\/#breadcrumb","itemListElement":[{"@type":"ListItem","position":1,"name":"Home","item":"https:\/\/framtidenskarriar.se\/ingenjor\/"},{"@type":"ListItem","position":2,"name":"Energibranschens paradigmskifte kr\u00e4ver ingenj\u00f6rskompetens"}]},{"@type":"WebSite","@id":"https:\/\/framtidenskarriar.se\/ingenjor\/#website","url":"https:\/\/framtidenskarriar.se\/ingenjor\/","name":"Framtidens Karri\u00e4r - Ingenj\u00f6r","description":"Just another NMDashboard.se Sites site","potentialAction":[{"@type":"SearchAction","target":{"@type":"EntryPoint","urlTemplate":"https:\/\/framtidenskarriar.se\/ingenjor\/?s={search_term_string}"},"query-input":{"@type":"PropertyValueSpecification","valueRequired":true,"valueName":"search_term_string"}}],"inLanguage":"sv-SE"},{"@type":"Person","@id":"https:\/\/framtidenskarriar.se\/ingenjor\/#\/schema\/person\/2a13a849ec7646386c2211f59afe3083","name":"viktorwallen","image":{"@type":"ImageObject","inLanguage":"sv-SE","@id":"https:\/\/secure.gravatar.com\/avatar\/701701bd36169636031933997c8c6b954f2f635bbb7cd4802e4a007f9c9f4e59?s=96&d=mm&r=g","url":"https:\/\/secure.gravatar.com\/avatar\/701701bd36169636031933997c8c6b954f2f635bbb7cd4802e4a007f9c9f4e59?s=96&d=mm&r=g","contentUrl":"https:\/\/secure.gravatar.com\/avatar\/701701bd36169636031933997c8c6b954f2f635bbb7cd4802e4a007f9c9f4e59?s=96&d=mm&r=g","caption":"viktorwallen"},"url":"https:\/\/framtidenskarriar.se\/ingenjor\/author\/viktorwallen\/"}]}},"_links":{"self":[{"href":"https:\/\/framtidenskarriar.se\/ingenjor\/wp-json\/wp\/v2\/posts\/6125","targetHints":{"allow":["GET"]}}],"collection":[{"href":"https:\/\/framtidenskarriar.se\/ingenjor\/wp-json\/wp\/v2\/posts"}],"about":[{"href":"https:\/\/framtidenskarriar.se\/ingenjor\/wp-json\/wp\/v2\/types\/post"}],"author":[{"embeddable":true,"href":"https:\/\/framtidenskarriar.se\/ingenjor\/wp-json\/wp\/v2\/users\/2"}],"replies":[{"embeddable":true,"href":"https:\/\/framtidenskarriar.se\/ingenjor\/wp-json\/wp\/v2\/comments?post=6125"}],"version-history":[{"count":3,"href":"https:\/\/framtidenskarriar.se\/ingenjor\/wp-json\/wp\/v2\/posts\/6125\/revisions"}],"predecessor-version":[{"id":6346,"href":"https:\/\/framtidenskarriar.se\/ingenjor\/wp-json\/wp\/v2\/posts\/6125\/revisions\/6346"}],"wp:featuredmedia":[{"embeddable":true,"href":"https:\/\/framtidenskarriar.se\/ingenjor\/wp-json\/wp\/v2\/media\/6126"}],"wp:attachment":[{"href":"https:\/\/framtidenskarriar.se\/ingenjor\/wp-json\/wp\/v2\/media?parent=6125"}],"wp:term":[{"taxonomy":"category","embeddable":true,"href":"https:\/\/framtidenskarriar.se\/ingenjor\/wp-json\/wp\/v2\/categories?post=6125"},{"taxonomy":"post_tag","embeddable":true,"href":"https:\/\/framtidenskarriar.se\/ingenjor\/wp-json\/wp\/v2\/tags?post=6125"}],"curies":[{"name":"wp","href":"https:\/\/api.w.org\/{rel}","templated":true}]}}