{"id":6175,"date":"2018-08-22T11:52:13","date_gmt":"2018-08-22T11:52:13","guid":{"rendered":"http:\/\/framtidenskarriar.se\/ingenjor\/?p=6175"},"modified":"2020-11-09T11:02:53","modified_gmt":"2020-11-09T11:02:53","slug":"ro-gruppen-soker-platschefer-och-entreprenadingenjorer","status":"publish","type":"post","link":"https:\/\/framtidenskarriar.se\/ingenjor\/2018\/08\/22\/ro-gruppen-soker-platschefer-och-entreprenadingenjorer\/","title":{"rendered":"RO-Gruppen s\u00f6ker platschefer och entreprenadingenj\u00f6rer"},"content":{"rendered":"\n<p><img loading=\"lazy\" decoding=\"async\" class=\"alignnone size-full wp-image-6177\" src=\"https:\/\/framtidenskarriar.se\/ingenjor\/wp-content\/uploads\/sites\/14\/2018\/08\/ro-900x500-3.jpg\" alt=\"\" width=\"900\" height=\"500\" srcset=\"https:\/\/framtidenskarriar.se\/ingenjor\/wp-content\/uploads\/sites\/14\/2018\/08\/ro-900x500-3.jpg 900w, https:\/\/framtidenskarriar.se\/ingenjor\/wp-content\/uploads\/sites\/14\/2018\/08\/ro-900x500-3-300x167.jpg 300w, https:\/\/framtidenskarriar.se\/ingenjor\/wp-content\/uploads\/sites\/14\/2018\/08\/ro-900x500-3-768x427.jpg 768w, https:\/\/framtidenskarriar.se\/ingenjor\/wp-content\/uploads\/sites\/14\/2018\/08\/ro-900x500-3-288x160.jpg 288w, https:\/\/framtidenskarriar.se\/ingenjor\/wp-content\/uploads\/sites\/14\/2018\/08\/ro-900x500-3-80x45.jpg 80w, https:\/\/framtidenskarriar.se\/ingenjor\/wp-content\/uploads\/sites\/14\/2018\/08\/ro-900x500-3-526x292.jpg 526w, https:\/\/framtidenskarriar.se\/ingenjor\/wp-content\/uploads\/sites\/14\/2018\/08\/ro-900x500-3-720x400.jpg 720w, https:\/\/framtidenskarriar.se\/ingenjor\/wp-content\/uploads\/sites\/14\/2018\/08\/ro-900x500-3-672x372.jpg 672w\" sizes=\"auto, (max-width: 900px) 100vw, 900px\" \/><br><br><strong>S\u00f6kes:<\/strong><br>Dig som vill anta nya utmaningar som platschef eller entreprenadingenj\u00f6r p\u00e5 en av Sveriges b\u00e4sta arbetsplatser.<br>Du \u00e4r driven, nyfiken och har ett h\u00f6gt engagemang. P\u00e5 RO-Gruppen arbetar vi tillsammans f\u00f6r att n\u00e5 v\u00e5ra m\u00e5l. F\u00f6r att vara framg\u00e5ngsrik i din roll hos oss \u00e4r det viktigt att du lever efter v\u00e5r v\u00e4rdegrund FENA: F\u00f6rtroende, Engagemang, Nyt\u00e4nkande och Arbetsgl\u00e4dje.<\/p>\n\n\n\n<p><strong>Finnes:<\/strong><br>Ett byggf\u00f6retag i framkant med flera lediga tj\u00e4nster i Bor\u00e5s, G\u00f6teborg och Stockholm.<\/p>\n\n\n\n<p><strong>Erbjudande:<\/strong><br>V\u00e5r vision \u00e4r att vi vill bygga en b\u00e4ttre v\u00e4rld. Den visionen b\u00f6rjar med att vi vill ge v\u00e5r personal en bra arbetsplats med utvecklingsm\u00f6jligheter, intressanta arbetsuppgifter, h\u00e4rlig gemenskap och fantastiska kollegor! Det \u00e4r viktigt f\u00f6r oss att ha det roligt p\u00e5 jobbet.<\/p>\n\n\n\n<p><strong>OM RO-Gruppen:<\/strong><br>RO-Gruppen \u00e4r ett av Sveriges mest expansiva byggf\u00f6retag. Vi \u00e4r starka p\u00e5 v\u00e5r lokala marknad samtidigt som vi bygger och erbjuder v\u00e5ra tj\u00e4nster runt om i Norden. Vi oms\u00e4tter 1.3 miljarder och utf\u00f6r alla slags entreprenader inklusive byggservice. Vi har ocks\u00e5 specialiserat oss p\u00e5 butik- och konceptbyggnationer. Med huvudkontor i Bor\u00e5s samt kontor i G\u00f6teborg och Stockholm tar vi oss an byggprojekt \u00f6ver hela Sverige. Utsedda till &#8221;\u00c5rets Byggf\u00f6retag 2017&#8221; och en av &#8221;Sveriges b\u00e4sta arbetsplatser&#8221; 2017 och 2018.<\/p>\n\n\n\n<div class=\"wp-block-group\"><div class=\"wp-block-group__inner-container is-layout-flow wp-block-group-is-layout-flow\">\n<div class=\"wp-block-group faktaruta\"><div class=\"wp-block-group__inner-container is-layout-flow wp-block-group-is-layout-flow\">\n<h3 class=\"wp-block-heading\">Antar du utmaningen?<\/h3>\n\n\n\n<p><strong>L\u00e4s mer om v\u00e5ra lediga tj\u00e4nster och ans\u00f6k p\u00e5 v\u00e5r karri\u00e4rsajt:<br><a title=\"rogruppen textlink\" href=\"http:\/\/karriar.ro-gruppen.se\/jobs\" target=\"_blank\" rel=\"noopener noreferrer\">karriar.ro-gruppen.se\/jobs<\/a><\/strong><br><br><a title=\"rogruppen logotype\" href=\"http:\/\/karriar.ro-gruppen.se\/jobs\" target=\"_blank\" rel=\"noopener noreferrer\"><img loading=\"lazy\" decoding=\"async\" class=\"alignnone size-full wp-image-6181\" src=\"https:\/\/framtidenskarriar.se\/ingenjor\/wp-content\/uploads\/sites\/14\/2018\/08\/ro-gruppen-logotype.png\" alt=\"\" width=\"150\" height=\"119\"><\/a><\/p>\n<\/div><\/div>\n<\/div><\/div>\n","protected":false},"excerpt":{"rendered":"<p>Vill du anta nya utmaningar som platschef eller entreprenadingenj\u00f6r p\u00e5 en av Sveriges b\u00e4sta arbetsplatser?<\/p>\n","protected":false},"author":2,"featured_media":6178,"comment_status":"closed","ping_status":"open","sticky":false,"template":"","format":"standard","meta":{"_acf_changed":false,"_monsterinsights_skip_tracking":false,"_monsterinsights_sitenote_active":false,"_monsterinsights_sitenote_note":"","_monsterinsights_sitenote_category":0,"footnotes":""},"categories":[282],"tags":[115,126,283],"class_list":["post-6175","post","type-post","status-publish","format-standard","has-post-thumbnail","hentry","category-jobb","tag-ingenjor","tag-jobb","tag-ro-gruppen"],"acf":[],"yoast_head":"<!-- This site is optimized with the Yoast SEO plugin v27.3 - https:\/\/yoast.com\/product\/yoast-seo-wordpress\/ -->\n<title>RO-Gruppen s\u00f6ker platschefer och entreprenadingenj\u00f6rer - Framtidens Karri\u00e4r - Ingenj\u00f6r<\/title>\n<meta name=\"robots\" content=\"index, follow, max-snippet:-1, max-image-preview:large, max-video-preview:-1\" \/>\n<link rel=\"canonical\" href=\"https:\/\/framtidenskarriar.se\/ingenjor\/2018\/08\/22\/ro-gruppen-soker-platschefer-och-entreprenadingenjorer\/\" \/>\n<meta property=\"og:locale\" content=\"sv_SE\" \/>\n<meta property=\"og:type\" content=\"article\" \/>\n<meta property=\"og:title\" content=\"RO-Gruppen s\u00f6ker platschefer och entreprenadingenj\u00f6rer - Framtidens Karri\u00e4r - Ingenj\u00f6r\" \/>\n<meta property=\"og:description\" content=\"Vill du anta nya utmaningar som platschef eller entreprenadingenj\u00f6r p\u00e5 en av Sveriges b\u00e4sta arbetsplatser?\" \/>\n<meta property=\"og:url\" content=\"https:\/\/framtidenskarriar.se\/ingenjor\/2018\/08\/22\/ro-gruppen-soker-platschefer-och-entreprenadingenjorer\/\" \/>\n<meta property=\"og:site_name\" content=\"Framtidens Karri\u00e4r - Ingenj\u00f6r\" \/>\n<meta property=\"article:published_time\" content=\"2018-08-22T11:52:13+00:00\" \/>\n<meta property=\"article:modified_time\" content=\"2020-11-09T11:02:53+00:00\" \/>\n<meta property=\"og:image\" content=\"https:\/\/framtidenskarriar.se\/ingenjor\/wp-content\/uploads\/sites\/14\/2018\/08\/ro-900x500-3-besk.jpg\" \/>\n\t<meta property=\"og:image:width\" content=\"501\" \/>\n\t<meta property=\"og:image:height\" content=\"500\" \/>\n\t<meta property=\"og:image:type\" content=\"image\/jpeg\" \/>\n<meta name=\"author\" content=\"viktorwallen\" \/>\n<meta name=\"twitter:card\" content=\"summary_large_image\" \/>\n<meta name=\"twitter:label1\" content=\"Skriven av\" \/>\n\t<meta name=\"twitter:data1\" content=\"viktorwallen\" \/>\n\t<meta name=\"twitter:label2\" content=\"Ber\u00e4knad l\u00e4stid\" \/>\n\t<meta name=\"twitter:data2\" content=\"1 minut\" \/>\n<script type=\"application\/ld+json\" class=\"yoast-schema-graph\">{\"@context\":\"https:\\\/\\\/schema.org\",\"@graph\":[{\"@type\":\"Article\",\"@id\":\"https:\\\/\\\/framtidenskarriar.se\\\/ingenjor\\\/2018\\\/08\\\/22\\\/ro-gruppen-soker-platschefer-och-entreprenadingenjorer\\\/#article\",\"isPartOf\":{\"@id\":\"https:\\\/\\\/framtidenskarriar.se\\\/ingenjor\\\/2018\\\/08\\\/22\\\/ro-gruppen-soker-platschefer-och-entreprenadingenjorer\\\/\"},\"author\":{\"name\":\"viktorwallen\",\"@id\":\"https:\\\/\\\/framtidenskarriar.se\\\/ingenjor\\\/#\\\/schema\\\/person\\\/2a13a849ec7646386c2211f59afe3083\"},\"headline\":\"RO-Gruppen s\u00f6ker platschefer och entreprenadingenj\u00f6rer\",\"datePublished\":\"2018-08-22T11:52:13+00:00\",\"dateModified\":\"2020-11-09T11:02:53+00:00\",\"mainEntityOfPage\":{\"@id\":\"https:\\\/\\\/framtidenskarriar.se\\\/ingenjor\\\/2018\\\/08\\\/22\\\/ro-gruppen-soker-platschefer-och-entreprenadingenjorer\\\/\"},\"wordCount\":262,\"image\":{\"@id\":\"https:\\\/\\\/framtidenskarriar.se\\\/ingenjor\\\/2018\\\/08\\\/22\\\/ro-gruppen-soker-platschefer-och-entreprenadingenjorer\\\/#primaryimage\"},\"thumbnailUrl\":\"https:\\\/\\\/framtidenskarriar.se\\\/ingenjor\\\/wp-content\\\/uploads\\\/sites\\\/14\\\/2018\\\/08\\\/ro-900x500-3-besk.jpg\",\"keywords\":[\"Ingenj\u00f6r\",\"jobb\",\"RO-gruppen\"],\"articleSection\":[\"Jobb\"],\"inLanguage\":\"sv-SE\"},{\"@type\":\"WebPage\",\"@id\":\"https:\\\/\\\/framtidenskarriar.se\\\/ingenjor\\\/2018\\\/08\\\/22\\\/ro-gruppen-soker-platschefer-och-entreprenadingenjorer\\\/\",\"url\":\"https:\\\/\\\/framtidenskarriar.se\\\/ingenjor\\\/2018\\\/08\\\/22\\\/ro-gruppen-soker-platschefer-och-entreprenadingenjorer\\\/\",\"name\":\"RO-Gruppen s\u00f6ker platschefer och entreprenadingenj\u00f6rer - Framtidens Karri\u00e4r - Ingenj\u00f6r\",\"isPartOf\":{\"@id\":\"https:\\\/\\\/framtidenskarriar.se\\\/ingenjor\\\/#website\"},\"primaryImageOfPage\":{\"@id\":\"https:\\\/\\\/framtidenskarriar.se\\\/ingenjor\\\/2018\\\/08\\\/22\\\/ro-gruppen-soker-platschefer-och-entreprenadingenjorer\\\/#primaryimage\"},\"image\":{\"@id\":\"https:\\\/\\\/framtidenskarriar.se\\\/ingenjor\\\/2018\\\/08\\\/22\\\/ro-gruppen-soker-platschefer-och-entreprenadingenjorer\\\/#primaryimage\"},\"thumbnailUrl\":\"https:\\\/\\\/framtidenskarriar.se\\\/ingenjor\\\/wp-content\\\/uploads\\\/sites\\\/14\\\/2018\\\/08\\\/ro-900x500-3-besk.jpg\",\"datePublished\":\"2018-08-22T11:52:13+00:00\",\"dateModified\":\"2020-11-09T11:02:53+00:00\",\"author\":{\"@id\":\"https:\\\/\\\/framtidenskarriar.se\\\/ingenjor\\\/#\\\/schema\\\/person\\\/2a13a849ec7646386c2211f59afe3083\"},\"breadcrumb\":{\"@id\":\"https:\\\/\\\/framtidenskarriar.se\\\/ingenjor\\\/2018\\\/08\\\/22\\\/ro-gruppen-soker-platschefer-och-entreprenadingenjorer\\\/#breadcrumb\"},\"inLanguage\":\"sv-SE\",\"potentialAction\":[{\"@type\":\"ReadAction\",\"target\":[\"https:\\\/\\\/framtidenskarriar.se\\\/ingenjor\\\/2018\\\/08\\\/22\\\/ro-gruppen-soker-platschefer-och-entreprenadingenjorer\\\/\"]}]},{\"@type\":\"ImageObject\",\"inLanguage\":\"sv-SE\",\"@id\":\"https:\\\/\\\/framtidenskarriar.se\\\/ingenjor\\\/2018\\\/08\\\/22\\\/ro-gruppen-soker-platschefer-och-entreprenadingenjorer\\\/#primaryimage\",\"url\":\"https:\\\/\\\/framtidenskarriar.se\\\/ingenjor\\\/wp-content\\\/uploads\\\/sites\\\/14\\\/2018\\\/08\\\/ro-900x500-3-besk.jpg\",\"contentUrl\":\"https:\\\/\\\/framtidenskarriar.se\\\/ingenjor\\\/wp-content\\\/uploads\\\/sites\\\/14\\\/2018\\\/08\\\/ro-900x500-3-besk.jpg\",\"width\":501,\"height\":500},{\"@type\":\"BreadcrumbList\",\"@id\":\"https:\\\/\\\/framtidenskarriar.se\\\/ingenjor\\\/2018\\\/08\\\/22\\\/ro-gruppen-soker-platschefer-och-entreprenadingenjorer\\\/#breadcrumb\",\"itemListElement\":[{\"@type\":\"ListItem\",\"position\":1,\"name\":\"Home\",\"item\":\"https:\\\/\\\/framtidenskarriar.se\\\/ingenjor\\\/\"},{\"@type\":\"ListItem\",\"position\":2,\"name\":\"RO-Gruppen s\u00f6ker platschefer och entreprenadingenj\u00f6rer\"}]},{\"@type\":\"WebSite\",\"@id\":\"https:\\\/\\\/framtidenskarriar.se\\\/ingenjor\\\/#website\",\"url\":\"https:\\\/\\\/framtidenskarriar.se\\\/ingenjor\\\/\",\"name\":\"Framtidens Karri\u00e4r - Ingenj\u00f6r\",\"description\":\"Just another NMDashboard.se Sites site\",\"potentialAction\":[{\"@type\":\"SearchAction\",\"target\":{\"@type\":\"EntryPoint\",\"urlTemplate\":\"https:\\\/\\\/framtidenskarriar.se\\\/ingenjor\\\/?s={search_term_string}\"},\"query-input\":{\"@type\":\"PropertyValueSpecification\",\"valueRequired\":true,\"valueName\":\"search_term_string\"}}],\"inLanguage\":\"sv-SE\"},{\"@type\":\"Person\",\"@id\":\"https:\\\/\\\/framtidenskarriar.se\\\/ingenjor\\\/#\\\/schema\\\/person\\\/2a13a849ec7646386c2211f59afe3083\",\"name\":\"viktorwallen\",\"image\":{\"@type\":\"ImageObject\",\"inLanguage\":\"sv-SE\",\"@id\":\"https:\\\/\\\/secure.gravatar.com\\\/avatar\\\/701701bd36169636031933997c8c6b954f2f635bbb7cd4802e4a007f9c9f4e59?s=96&d=mm&r=g\",\"url\":\"https:\\\/\\\/secure.gravatar.com\\\/avatar\\\/701701bd36169636031933997c8c6b954f2f635bbb7cd4802e4a007f9c9f4e59?s=96&d=mm&r=g\",\"contentUrl\":\"https:\\\/\\\/secure.gravatar.com\\\/avatar\\\/701701bd36169636031933997c8c6b954f2f635bbb7cd4802e4a007f9c9f4e59?s=96&d=mm&r=g\",\"caption\":\"viktorwallen\"},\"url\":\"https:\\\/\\\/framtidenskarriar.se\\\/ingenjor\\\/author\\\/viktorwallen\\\/\"}]}<\/script>\n<!-- \/ Yoast SEO plugin. -->","yoast_head_json":{"title":"RO-Gruppen s\u00f6ker platschefer och entreprenadingenj\u00f6rer - Framtidens Karri\u00e4r - Ingenj\u00f6r","robots":{"index":"index","follow":"follow","max-snippet":"max-snippet:-1","max-image-preview":"max-image-preview:large","max-video-preview":"max-video-preview:-1"},"canonical":"https:\/\/framtidenskarriar.se\/ingenjor\/2018\/08\/22\/ro-gruppen-soker-platschefer-och-entreprenadingenjorer\/","og_locale":"sv_SE","og_type":"article","og_title":"RO-Gruppen s\u00f6ker platschefer och entreprenadingenj\u00f6rer - Framtidens Karri\u00e4r - Ingenj\u00f6r","og_description":"Vill du anta nya utmaningar som platschef eller entreprenadingenj\u00f6r p\u00e5 en av Sveriges b\u00e4sta arbetsplatser?","og_url":"https:\/\/framtidenskarriar.se\/ingenjor\/2018\/08\/22\/ro-gruppen-soker-platschefer-och-entreprenadingenjorer\/","og_site_name":"Framtidens Karri\u00e4r - Ingenj\u00f6r","article_published_time":"2018-08-22T11:52:13+00:00","article_modified_time":"2020-11-09T11:02:53+00:00","og_image":[{"width":501,"height":500,"url":"https:\/\/framtidenskarriar.se\/ingenjor\/wp-content\/uploads\/sites\/14\/2018\/08\/ro-900x500-3-besk.jpg","type":"image\/jpeg"}],"author":"viktorwallen","twitter_card":"summary_large_image","twitter_misc":{"Skriven av":"viktorwallen","Ber\u00e4knad l\u00e4stid":"1 minut"},"schema":{"@context":"https:\/\/schema.org","@graph":[{"@type":"Article","@id":"https:\/\/framtidenskarriar.se\/ingenjor\/2018\/08\/22\/ro-gruppen-soker-platschefer-och-entreprenadingenjorer\/#article","isPartOf":{"@id":"https:\/\/framtidenskarriar.se\/ingenjor\/2018\/08\/22\/ro-gruppen-soker-platschefer-och-entreprenadingenjorer\/"},"author":{"name":"viktorwallen","@id":"https:\/\/framtidenskarriar.se\/ingenjor\/#\/schema\/person\/2a13a849ec7646386c2211f59afe3083"},"headline":"RO-Gruppen s\u00f6ker platschefer och entreprenadingenj\u00f6rer","datePublished":"2018-08-22T11:52:13+00:00","dateModified":"2020-11-09T11:02:53+00:00","mainEntityOfPage":{"@id":"https:\/\/framtidenskarriar.se\/ingenjor\/2018\/08\/22\/ro-gruppen-soker-platschefer-och-entreprenadingenjorer\/"},"wordCount":262,"image":{"@id":"https:\/\/framtidenskarriar.se\/ingenjor\/2018\/08\/22\/ro-gruppen-soker-platschefer-och-entreprenadingenjorer\/#primaryimage"},"thumbnailUrl":"https:\/\/framtidenskarriar.se\/ingenjor\/wp-content\/uploads\/sites\/14\/2018\/08\/ro-900x500-3-besk.jpg","keywords":["Ingenj\u00f6r","jobb","RO-gruppen"],"articleSection":["Jobb"],"inLanguage":"sv-SE"},{"@type":"WebPage","@id":"https:\/\/framtidenskarriar.se\/ingenjor\/2018\/08\/22\/ro-gruppen-soker-platschefer-och-entreprenadingenjorer\/","url":"https:\/\/framtidenskarriar.se\/ingenjor\/2018\/08\/22\/ro-gruppen-soker-platschefer-och-entreprenadingenjorer\/","name":"RO-Gruppen s\u00f6ker platschefer och entreprenadingenj\u00f6rer - Framtidens Karri\u00e4r - Ingenj\u00f6r","isPartOf":{"@id":"https:\/\/framtidenskarriar.se\/ingenjor\/#website"},"primaryImageOfPage":{"@id":"https:\/\/framtidenskarriar.se\/ingenjor\/2018\/08\/22\/ro-gruppen-soker-platschefer-och-entreprenadingenjorer\/#primaryimage"},"image":{"@id":"https:\/\/framtidenskarriar.se\/ingenjor\/2018\/08\/22\/ro-gruppen-soker-platschefer-och-entreprenadingenjorer\/#primaryimage"},"thumbnailUrl":"https:\/\/framtidenskarriar.se\/ingenjor\/wp-content\/uploads\/sites\/14\/2018\/08\/ro-900x500-3-besk.jpg","datePublished":"2018-08-22T11:52:13+00:00","dateModified":"2020-11-09T11:02:53+00:00","author":{"@id":"https:\/\/framtidenskarriar.se\/ingenjor\/#\/schema\/person\/2a13a849ec7646386c2211f59afe3083"},"breadcrumb":{"@id":"https:\/\/framtidenskarriar.se\/ingenjor\/2018\/08\/22\/ro-gruppen-soker-platschefer-och-entreprenadingenjorer\/#breadcrumb"},"inLanguage":"sv-SE","potentialAction":[{"@type":"ReadAction","target":["https:\/\/framtidenskarriar.se\/ingenjor\/2018\/08\/22\/ro-gruppen-soker-platschefer-och-entreprenadingenjorer\/"]}]},{"@type":"ImageObject","inLanguage":"sv-SE","@id":"https:\/\/framtidenskarriar.se\/ingenjor\/2018\/08\/22\/ro-gruppen-soker-platschefer-och-entreprenadingenjorer\/#primaryimage","url":"https:\/\/framtidenskarriar.se\/ingenjor\/wp-content\/uploads\/sites\/14\/2018\/08\/ro-900x500-3-besk.jpg","contentUrl":"https:\/\/framtidenskarriar.se\/ingenjor\/wp-content\/uploads\/sites\/14\/2018\/08\/ro-900x500-3-besk.jpg","width":501,"height":500},{"@type":"BreadcrumbList","@id":"https:\/\/framtidenskarriar.se\/ingenjor\/2018\/08\/22\/ro-gruppen-soker-platschefer-och-entreprenadingenjorer\/#breadcrumb","itemListElement":[{"@type":"ListItem","position":1,"name":"Home","item":"https:\/\/framtidenskarriar.se\/ingenjor\/"},{"@type":"ListItem","position":2,"name":"RO-Gruppen s\u00f6ker platschefer och entreprenadingenj\u00f6rer"}]},{"@type":"WebSite","@id":"https:\/\/framtidenskarriar.se\/ingenjor\/#website","url":"https:\/\/framtidenskarriar.se\/ingenjor\/","name":"Framtidens Karri\u00e4r - Ingenj\u00f6r","description":"Just another NMDashboard.se Sites site","potentialAction":[{"@type":"SearchAction","target":{"@type":"EntryPoint","urlTemplate":"https:\/\/framtidenskarriar.se\/ingenjor\/?s={search_term_string}"},"query-input":{"@type":"PropertyValueSpecification","valueRequired":true,"valueName":"search_term_string"}}],"inLanguage":"sv-SE"},{"@type":"Person","@id":"https:\/\/framtidenskarriar.se\/ingenjor\/#\/schema\/person\/2a13a849ec7646386c2211f59afe3083","name":"viktorwallen","image":{"@type":"ImageObject","inLanguage":"sv-SE","@id":"https:\/\/secure.gravatar.com\/avatar\/701701bd36169636031933997c8c6b954f2f635bbb7cd4802e4a007f9c9f4e59?s=96&d=mm&r=g","url":"https:\/\/secure.gravatar.com\/avatar\/701701bd36169636031933997c8c6b954f2f635bbb7cd4802e4a007f9c9f4e59?s=96&d=mm&r=g","contentUrl":"https:\/\/secure.gravatar.com\/avatar\/701701bd36169636031933997c8c6b954f2f635bbb7cd4802e4a007f9c9f4e59?s=96&d=mm&r=g","caption":"viktorwallen"},"url":"https:\/\/framtidenskarriar.se\/ingenjor\/author\/viktorwallen\/"}]}},"_links":{"self":[{"href":"https:\/\/framtidenskarriar.se\/ingenjor\/wp-json\/wp\/v2\/posts\/6175","targetHints":{"allow":["GET"]}}],"collection":[{"href":"https:\/\/framtidenskarriar.se\/ingenjor\/wp-json\/wp\/v2\/posts"}],"about":[{"href":"https:\/\/framtidenskarriar.se\/ingenjor\/wp-json\/wp\/v2\/types\/post"}],"author":[{"embeddable":true,"href":"https:\/\/framtidenskarriar.se\/ingenjor\/wp-json\/wp\/v2\/users\/2"}],"replies":[{"embeddable":true,"href":"https:\/\/framtidenskarriar.se\/ingenjor\/wp-json\/wp\/v2\/comments?post=6175"}],"version-history":[{"count":3,"href":"https:\/\/framtidenskarriar.se\/ingenjor\/wp-json\/wp\/v2\/posts\/6175\/revisions"}],"predecessor-version":[{"id":6315,"href":"https:\/\/framtidenskarriar.se\/ingenjor\/wp-json\/wp\/v2\/posts\/6175\/revisions\/6315"}],"wp:featuredmedia":[{"embeddable":true,"href":"https:\/\/framtidenskarriar.se\/ingenjor\/wp-json\/wp\/v2\/media\/6178"}],"wp:attachment":[{"href":"https:\/\/framtidenskarriar.se\/ingenjor\/wp-json\/wp\/v2\/media?parent=6175"}],"wp:term":[{"taxonomy":"category","embeddable":true,"href":"https:\/\/framtidenskarriar.se\/ingenjor\/wp-json\/wp\/v2\/categories?post=6175"},{"taxonomy":"post_tag","embeddable":true,"href":"https:\/\/framtidenskarriar.se\/ingenjor\/wp-json\/wp\/v2\/tags?post=6175"}],"curies":[{"name":"wp","href":"https:\/\/api.w.org\/{rel}","templated":true}]}}