{"id":6574,"date":"2025-11-03T10:18:23","date_gmt":"2025-11-03T10:18:23","guid":{"rendered":"https:\/\/framtidenskarriar.se\/ingenjor\/?p=6574"},"modified":"2025-12-12T14:01:52","modified_gmt":"2025-12-12T14:01:52","slug":"fran-frisor-till-ingenjor","status":"publish","type":"post","link":"https:\/\/framtidenskarriar.se\/ingenjor\/2025\/11\/03\/fran-frisor-till-ingenjor\/","title":{"rendered":"Fr\u00e5n fris\u00f6r till ingenj\u00f6r"},"content":{"rendered":"\n<figure class=\"wp-block-image size-full\"><img loading=\"lazy\" decoding=\"async\" width=\"1000\" height=\"563\" src=\"https:\/\/framtidenskarriar.se\/ingenjor\/wp-content\/uploads\/sites\/14\/2025\/11\/nammo-img-04031-20251027-091433-photo-berg-film-5.jpg\" alt=\"Evelina Eriksson, produktionstekniker p\u00e5 Nammo i Karlsborg. Foto: Victor Daggberg\" class=\"wp-image-6575\" srcset=\"https:\/\/framtidenskarriar.se\/ingenjor\/wp-content\/uploads\/sites\/14\/2025\/11\/nammo-img-04031-20251027-091433-photo-berg-film-5.jpg 1000w, https:\/\/framtidenskarriar.se\/ingenjor\/wp-content\/uploads\/sites\/14\/2025\/11\/nammo-img-04031-20251027-091433-photo-berg-film-5-300x169.jpg 300w, https:\/\/framtidenskarriar.se\/ingenjor\/wp-content\/uploads\/sites\/14\/2025\/11\/nammo-img-04031-20251027-091433-photo-berg-film-5-768x432.jpg 768w, https:\/\/framtidenskarriar.se\/ingenjor\/wp-content\/uploads\/sites\/14\/2025\/11\/nammo-img-04031-20251027-091433-photo-berg-film-5-284x160.jpg 284w, https:\/\/framtidenskarriar.se\/ingenjor\/wp-content\/uploads\/sites\/14\/2025\/11\/nammo-img-04031-20251027-091433-photo-berg-film-5-80x45.jpg 80w, https:\/\/framtidenskarriar.se\/ingenjor\/wp-content\/uploads\/sites\/14\/2025\/11\/nammo-img-04031-20251027-091433-photo-berg-film-5-720x405.jpg 720w, https:\/\/framtidenskarriar.se\/ingenjor\/wp-content\/uploads\/sites\/14\/2025\/11\/nammo-img-04031-20251027-091433-photo-berg-film-5-960x540.jpg 960w, https:\/\/framtidenskarriar.se\/ingenjor\/wp-content\/uploads\/sites\/14\/2025\/11\/nammo-img-04031-20251027-091433-photo-berg-film-5-526x296.jpg 526w\" sizes=\"auto, (max-width: 1000px) 100vw, 1000px\" \/><figcaption class=\"wp-element-caption\">Evelina Eriksson, produktionstekniker p\u00e5 Nammo i Karlsborg. Foto: Victor Daggberg<\/figcaption><\/figure>\n\n\n\n<p><strong>F\u00f6rsvarsf\u00f6retaget Nammo lockar b\u00e5de ingenj\u00f6rer som har arbetat l\u00e4nge inom sektorn och de som bytt bana fr\u00e5n helt andra yrken. Evelina Eriksson var tidigare fris\u00f6r, medan Carl Svebeus har en utbildning fr\u00e5n KTH. Idag arbetar de med produktionsfl\u00f6den och avancerad ammunitionsteknik.<\/strong><\/p>\n\n\n\n<p>Evelina Eriksson arbetade tio \u00e5r som fris\u00f6r innan hon fullst\u00e4ndigt bytte bana. Valet f\u00f6ll f\u00f6rst p\u00e5 att studera en tv\u00e5\u00e5rig utbildning till automatiseringstekniker vid H\u00f6gskolan i Sk\u00f6vde.<br>\u2013 Dels var jag sugen p\u00e5 att l\u00e4sa n\u00e5gonting, dels var jag lite tr\u00f6tt p\u00e5 arbetstider och annat som kommer med serviceyrken, ber\u00e4ttar hon.<br>Efter ett \u00e5r fick Evelina erbjudande om att f\u00f6rl\u00e4nga sin utbildning f\u00f6r att bli produktionsingenj\u00f6r, vilket hon tackade ja till. Hon hade tidigare lockats av att studera robotik och programmering. Genom att satsa p\u00e5 just produktionsingenj\u00f6rsyrket kunde hon kombinera automation och produktion i en och samma roll.<br>\u2013 Jag t\u00e4nkte ocks\u00e5 att det skulle vara gynnsamt att f\u00e5 jobb genom den h\u00e4r utbildningen, s\u00e4ger Evelina.<br>Utbildningen ledde mycket riktigt snabbt fram till ett arbete som produktionstekniker p\u00e5 Nammo i Karlsborg, d\u00e4r hon idag bland annat analyserar och effektiviserar produktionsfl\u00f6den.<br>\u2013 Fr\u00e4mst jobbar jag mot n\u00e5gra av v\u00e5ra tillverkningsavdelningar. Det kan handla om att hj\u00e4lpa till med dagliga saker, men ocks\u00e5 att f\u00f6rb\u00e4ttra driftss\u00e4kerhet och produktionsfl\u00f6den l\u00e5ngsiktigt, ber\u00e4ttar hon.<\/p>\n\n\n\n<p class=\"has-color-white-01-color has-text-color has-background has-link-color wp-elements-c3508ac0231ef2f5ad06d9ebddcedfad\" style=\"background-color:#003148\"><strong><a href=\"https:\/\/nammo.csod.com\/ux\/ats\/careersite\/1\/home?c=nammo\" title=\"Nammo HT25 ING pres jobb\" target=\"_blank\" rel=\"noreferrer noopener nofollow\">G\u00f6r karri\u00e4r hos oss. <span style=\"text-decoration: underline;\">Klicka h\u00e4r f\u00f6r att se v\u00e5ra lediga tj\u00e4nster<\/span><\/a><\/strong><\/p>\n\n\n\n<p><strong>Fr\u00e5n KTH till utveckling av ammunition<\/strong><br>Evelinas kollega Carl Svebeus \u00e4r civilingenj\u00f6r i materialteknik fr\u00e5n KTH. Han hade h\u00f6rt talas om att Nammo var en bra arbetsgivare med varierande arbetsuppgifter, och s\u00f6kte sig d\u00e4rf\u00f6r till f\u00f6retaget redan 2010.<br>Nu arbetar han som produktutvecklingsingenj\u00f6r p\u00e5 Nammo i Lindesberg, vilket bland annat inneb\u00e4r utveckling av ny ammunition.<br>\u2013 Jag tycker att det \u00e4r kul att l\u00f6sa problem! N\u00e4r man l\u00f6ser ett problem blir man n\u00f6jd, ber\u00e4ttar han som svar p\u00e5 varf\u00f6r han valde ingenj\u00f6rsbanan fr\u00e5n b\u00f6rjan.<br>Nammo tillverkar finkalibrig ammunition till handh\u00e5llna vapen samt grovkalibrig ammunition till artilleri och marina system. P\u00e5 grund av den oroliga globala situationen \u00e4r behovet av produkterna stort.<br>Ut\u00f6ver nytillverkning driver Nammo ocks\u00e5 verksamhet f\u00f6r milj\u00f6v\u00e4nligt tillvaratagande av gammal, of\u00f6rbrukad ammunition, vid sin anl\u00e4ggning i Ving\u00e5ker.<br>Carl beskriver en vardag med mycket samarbete med andra avdelningar, kunder och leverant\u00f6rer i hela kedjan. Allt i syfte att l\u00f6sa morgondagens utmaningar inom f\u00f6rsvarssektorn.<br>\u2013 Det \u00e4r v\u00e4ldigt varierande arbetsuppgifter. Tidigare arbetade jag mycket med produktv\u00e5rd, att byta ut saker som inte gick att f\u00e5 tag p\u00e5 l\u00e4ngre. Nu har vi b\u00f6rjat med nyutveckling ocks\u00e5, vilket \u00e4r j\u00e4ttekul.<\/p>\n\n\n\n<p><strong>Snabb och sp\u00e4nnande utveckling<\/strong><br>B\u00e5de Evelina och Carl vittnar om en trivsam f\u00f6retagskultur och en snabb expansion.<br>\u2013 Det \u00e4r en stor tillv\u00e4xtresa vi g\u00f6r och det \u00e4r roligt att vara med fr\u00e5n b\u00f6rjan. Arbetsbelastningen \u00e4r h\u00f6g men vi anst\u00e4ller fler folk. Det g\u00f6r att vi hela tiden utvecklar nya arbetss\u00e4tt, s\u00e4ger Carl.<br>Evelina h\u00e5ller med om den dynamiska utvecklingen p\u00e5 Nammo:<br>\u2013 Det satsas mer och g\u00f6rs nya investeringar h\u00e4r, vilket \u00e4r v\u00e4ldigt kul.<br>Tillsammans beskriver de sin arbetsplats som ett st\u00e4lle d\u00e4r ingenj\u00f6rer f\u00e5r kombinera teknik, samh\u00e4llsnytta och konkret probleml\u00f6sning \u2013 i en bransch som blivit alltmer central f\u00f6r Sveriges s\u00e4kerhet.<\/p>\n\n\n<div class=\"wp-block-image\">\n<figure class=\"aligncenter size-full\"><img loading=\"lazy\" decoding=\"async\" width=\"1000\" height=\"562\" src=\"https:\/\/framtidenskarriar.se\/ingenjor\/wp-content\/uploads\/sites\/14\/2025\/11\/nammo-1.jpg\" alt=\"Carl Svebeus, produktutvecklingsingenj\u00f6r p\u00e5 Nammo i Lindesberg. Foto: Malin af Kleen\" class=\"wp-image-6576\" srcset=\"https:\/\/framtidenskarriar.se\/ingenjor\/wp-content\/uploads\/sites\/14\/2025\/11\/nammo-1.jpg 1000w, https:\/\/framtidenskarriar.se\/ingenjor\/wp-content\/uploads\/sites\/14\/2025\/11\/nammo-1-300x169.jpg 300w, https:\/\/framtidenskarriar.se\/ingenjor\/wp-content\/uploads\/sites\/14\/2025\/11\/nammo-1-768x432.jpg 768w, https:\/\/framtidenskarriar.se\/ingenjor\/wp-content\/uploads\/sites\/14\/2025\/11\/nammo-1-285x160.jpg 285w, https:\/\/framtidenskarriar.se\/ingenjor\/wp-content\/uploads\/sites\/14\/2025\/11\/nammo-1-80x45.jpg 80w, https:\/\/framtidenskarriar.se\/ingenjor\/wp-content\/uploads\/sites\/14\/2025\/11\/nammo-1-720x405.jpg 720w, https:\/\/framtidenskarriar.se\/ingenjor\/wp-content\/uploads\/sites\/14\/2025\/11\/nammo-1-960x540.jpg 960w, https:\/\/framtidenskarriar.se\/ingenjor\/wp-content\/uploads\/sites\/14\/2025\/11\/nammo-1-526x296.jpg 526w\" sizes=\"auto, (max-width: 1000px) 100vw, 1000px\" \/><figcaption class=\"wp-element-caption\">Carl Svebeus, produktutvecklingsingenj\u00f6r p\u00e5 Nammo i Lindesberg. Foto: Malin af Kleen<\/figcaption><\/figure>\n<\/div>\n\n\n<p class=\"has-color-white-01-color has-text-color has-background has-link-color wp-elements-c3508ac0231ef2f5ad06d9ebddcedfad\" style=\"background-color:#003148\"><strong><a href=\"https:\/\/nammo.csod.com\/ux\/ats\/careersite\/1\/home?c=nammo\" title=\"Nammo HT25 ING pres jobb\" target=\"_blank\" rel=\"noreferrer noopener nofollow\">G\u00f6r karri\u00e4r hos oss. <span style=\"text-decoration: underline;\">Klicka h\u00e4r f\u00f6r att se v\u00e5ra lediga tj\u00e4nster<\/span><\/a><\/strong><\/p>\n\n\n\n<div class=\"wp-block-group faktaruta\"><div class=\"wp-block-group__inner-container is-layout-constrained wp-block-group-is-layout-constrained\">\n<h6 class=\"wp-block-heading\">Nammo<\/h6>\n\n\n\n<p>Nammo-koncernen har cirka 4000 anst\u00e4llda och finns representerade i 11 l\u00e4nder v\u00e4rlden \u00f6ver. Verksamheten omfattar utveckling, produktion och f\u00f6rs\u00e4ljning av h\u00f6gteknologiska f\u00f6rsvarsprodukter samt milj\u00f6v\u00e4nlig demilitarisering. Nammo Sweden AB finns p\u00e5 fyra orter i Sverige \u2013 Karlskoga, Karlsborg, Ving\u00e5ker och Lindesberg \u2013 och har cirka 600 anst\u00e4llda. Nammo \u00e4r ett v\u00e4rderingsstyrt f\u00f6retag d\u00e4r v\u00e4rderingarna Engagemang, Precision och Omtanke genomsyrar hela verksamheten.<br><br><strong><a href=\"https:\/\/www.nammo.com\/\" title=\"Nammo HT25 ING pres textlink\" target=\"_blank\" rel=\"noreferrer noopener nofollow\">nammo.com<\/a><\/strong><br><br><a href=\"https:\/\/www.nammo.com\/\" title=\"Nammo HT25 ING pres logotype\" target=\"_blank\" rel=\"noreferrer noopener nofollow\"><img loading=\"lazy\" decoding=\"async\" width=\"150\" height=\"44\" class=\"wp-image-6577\" style=\"width: 150px;\" src=\"https:\/\/framtidenskarriar.se\/ingenjor\/wp-content\/uploads\/sites\/14\/2025\/11\/nammo-stf-blue-logo.png\" alt=\"\" srcset=\"https:\/\/framtidenskarriar.se\/ingenjor\/wp-content\/uploads\/sites\/14\/2025\/11\/nammo-stf-blue-logo.png 500w, https:\/\/framtidenskarriar.se\/ingenjor\/wp-content\/uploads\/sites\/14\/2025\/11\/nammo-stf-blue-logo-300x87.png 300w\" sizes=\"auto, (max-width: 150px) 100vw, 150px\" \/><\/a><\/p>\n<\/div><\/div>\n\n\n<hr>\n\n\n<div class=\"ad-label\">Annons <i class=\"fas fa-caret-down\" aria-hidden=\"true\"><\/i><\/div>\n\n\n<div class=\"g g-1\"><div class=\"g-single a-10\"><a href=\"https:\/\/framtidenskarriar.se\/ingenjor\/2025\/11\/04\/digitalisera-sveriges-forsvar\/\" target=\"_blank\" title=\"Elbit annons ht25\" onclick=\"_gaq.push(['_trackEvent', 'Link Clicks', 'Banners', 'Elbit annons ht25']);\"><img decoding=\"async\" alt=\"Elbit annons ht25\" src=\"https:\/\/framtidenskarriar.se\/ingenjor\/wp-content\/uploads\/sites\/14\/2025\/11\/elbit-annons-bred.jpg\"\/><\/a><\/div><\/div>\n","protected":false},"excerpt":{"rendered":"<p>F\u00f6rsvarsf\u00f6retaget Nammo lockar b\u00e5de ingenj\u00f6rer som har arbetat l\u00e4nge inom sektorn och de som bytt bana fr\u00e5n helt andra yrken.<\/p>\n","protected":false},"author":2,"featured_media":6579,"comment_status":"open","ping_status":"open","sticky":false,"template":"","format":"standard","meta":{"_acf_changed":false,"_monsterinsights_skip_tracking":false,"_monsterinsights_sitenote_active":false,"_monsterinsights_sitenote_note":"","_monsterinsights_sitenote_category":0,"footnotes":""},"categories":[4],"tags":[299],"class_list":["post-6574","post","type-post","status-publish","format-standard","has-post-thumbnail","hentry","category-presentation","tag-nammo"],"acf":[],"yoast_head":"<!-- This site is optimized with the Yoast SEO plugin v27.3 - https:\/\/yoast.com\/product\/yoast-seo-wordpress\/ -->\n<title>Fr\u00e5n fris\u00f6r till ingenj\u00f6r - Framtidens Karri\u00e4r - Ingenj\u00f6r<\/title>\n<meta name=\"robots\" content=\"index, follow, max-snippet:-1, max-image-preview:large, max-video-preview:-1\" \/>\n<link rel=\"canonical\" href=\"https:\/\/framtidenskarriar.se\/ingenjor\/2025\/11\/03\/fran-frisor-till-ingenjor\/\" \/>\n<meta property=\"og:locale\" content=\"sv_SE\" \/>\n<meta property=\"og:type\" content=\"article\" \/>\n<meta property=\"og:title\" content=\"Fr\u00e5n fris\u00f6r till ingenj\u00f6r - Framtidens Karri\u00e4r - Ingenj\u00f6r\" \/>\n<meta property=\"og:description\" content=\"F\u00f6rsvarsf\u00f6retaget Nammo lockar b\u00e5de ingenj\u00f6rer som har arbetat l\u00e4nge inom sektorn och de som bytt bana fr\u00e5n helt andra yrken.\" \/>\n<meta property=\"og:url\" content=\"https:\/\/framtidenskarriar.se\/ingenjor\/2025\/11\/03\/fran-frisor-till-ingenjor\/\" \/>\n<meta property=\"og:site_name\" content=\"Framtidens Karri\u00e4r - Ingenj\u00f6r\" \/>\n<meta property=\"article:published_time\" content=\"2025-11-03T10:18:23+00:00\" \/>\n<meta property=\"article:modified_time\" content=\"2025-12-12T14:01:52+00:00\" \/>\n<meta property=\"og:image\" content=\"https:\/\/framtidenskarriar.se\/ingenjor\/wp-content\/uploads\/sites\/14\/2025\/11\/nammo-utvald.jpg\" \/>\n\t<meta property=\"og:image:width\" content=\"1000\" \/>\n\t<meta property=\"og:image:height\" content=\"563\" \/>\n\t<meta property=\"og:image:type\" content=\"image\/jpeg\" \/>\n<meta name=\"author\" content=\"viktorwallen\" \/>\n<meta name=\"twitter:card\" content=\"summary_large_image\" \/>\n<meta name=\"twitter:label1\" content=\"Skriven av\" \/>\n\t<meta name=\"twitter:data1\" content=\"viktorwallen\" \/>\n\t<meta name=\"twitter:label2\" content=\"Ber\u00e4knad l\u00e4stid\" \/>\n\t<meta name=\"twitter:data2\" content=\"4 minuter\" \/>\n<script type=\"application\/ld+json\" class=\"yoast-schema-graph\">{\"@context\":\"https:\\\/\\\/schema.org\",\"@graph\":[{\"@type\":\"Article\",\"@id\":\"https:\\\/\\\/framtidenskarriar.se\\\/ingenjor\\\/2025\\\/11\\\/03\\\/fran-frisor-till-ingenjor\\\/#article\",\"isPartOf\":{\"@id\":\"https:\\\/\\\/framtidenskarriar.se\\\/ingenjor\\\/2025\\\/11\\\/03\\\/fran-frisor-till-ingenjor\\\/\"},\"author\":{\"name\":\"viktorwallen\",\"@id\":\"https:\\\/\\\/framtidenskarriar.se\\\/ingenjor\\\/#\\\/schema\\\/person\\\/2a13a849ec7646386c2211f59afe3083\"},\"headline\":\"Fr\u00e5n fris\u00f6r till ingenj\u00f6r\",\"datePublished\":\"2025-11-03T10:18:23+00:00\",\"dateModified\":\"2025-12-12T14:01:52+00:00\",\"mainEntityOfPage\":{\"@id\":\"https:\\\/\\\/framtidenskarriar.se\\\/ingenjor\\\/2025\\\/11\\\/03\\\/fran-frisor-till-ingenjor\\\/\"},\"wordCount\":732,\"commentCount\":0,\"image\":{\"@id\":\"https:\\\/\\\/framtidenskarriar.se\\\/ingenjor\\\/2025\\\/11\\\/03\\\/fran-frisor-till-ingenjor\\\/#primaryimage\"},\"thumbnailUrl\":\"https:\\\/\\\/framtidenskarriar.se\\\/ingenjor\\\/wp-content\\\/uploads\\\/sites\\\/14\\\/2025\\\/11\\\/nammo-utvald.jpg\",\"keywords\":[\"Nammo\"],\"articleSection\":[\"Presentation\"],\"inLanguage\":\"sv-SE\",\"potentialAction\":[{\"@type\":\"CommentAction\",\"name\":\"Comment\",\"target\":[\"https:\\\/\\\/framtidenskarriar.se\\\/ingenjor\\\/2025\\\/11\\\/03\\\/fran-frisor-till-ingenjor\\\/#respond\"]}]},{\"@type\":\"WebPage\",\"@id\":\"https:\\\/\\\/framtidenskarriar.se\\\/ingenjor\\\/2025\\\/11\\\/03\\\/fran-frisor-till-ingenjor\\\/\",\"url\":\"https:\\\/\\\/framtidenskarriar.se\\\/ingenjor\\\/2025\\\/11\\\/03\\\/fran-frisor-till-ingenjor\\\/\",\"name\":\"Fr\u00e5n fris\u00f6r till ingenj\u00f6r - Framtidens Karri\u00e4r - Ingenj\u00f6r\",\"isPartOf\":{\"@id\":\"https:\\\/\\\/framtidenskarriar.se\\\/ingenjor\\\/#website\"},\"primaryImageOfPage\":{\"@id\":\"https:\\\/\\\/framtidenskarriar.se\\\/ingenjor\\\/2025\\\/11\\\/03\\\/fran-frisor-till-ingenjor\\\/#primaryimage\"},\"image\":{\"@id\":\"https:\\\/\\\/framtidenskarriar.se\\\/ingenjor\\\/2025\\\/11\\\/03\\\/fran-frisor-till-ingenjor\\\/#primaryimage\"},\"thumbnailUrl\":\"https:\\\/\\\/framtidenskarriar.se\\\/ingenjor\\\/wp-content\\\/uploads\\\/sites\\\/14\\\/2025\\\/11\\\/nammo-utvald.jpg\",\"datePublished\":\"2025-11-03T10:18:23+00:00\",\"dateModified\":\"2025-12-12T14:01:52+00:00\",\"author\":{\"@id\":\"https:\\\/\\\/framtidenskarriar.se\\\/ingenjor\\\/#\\\/schema\\\/person\\\/2a13a849ec7646386c2211f59afe3083\"},\"breadcrumb\":{\"@id\":\"https:\\\/\\\/framtidenskarriar.se\\\/ingenjor\\\/2025\\\/11\\\/03\\\/fran-frisor-till-ingenjor\\\/#breadcrumb\"},\"inLanguage\":\"sv-SE\",\"potentialAction\":[{\"@type\":\"ReadAction\",\"target\":[\"https:\\\/\\\/framtidenskarriar.se\\\/ingenjor\\\/2025\\\/11\\\/03\\\/fran-frisor-till-ingenjor\\\/\"]}]},{\"@type\":\"ImageObject\",\"inLanguage\":\"sv-SE\",\"@id\":\"https:\\\/\\\/framtidenskarriar.se\\\/ingenjor\\\/2025\\\/11\\\/03\\\/fran-frisor-till-ingenjor\\\/#primaryimage\",\"url\":\"https:\\\/\\\/framtidenskarriar.se\\\/ingenjor\\\/wp-content\\\/uploads\\\/sites\\\/14\\\/2025\\\/11\\\/nammo-utvald.jpg\",\"contentUrl\":\"https:\\\/\\\/framtidenskarriar.se\\\/ingenjor\\\/wp-content\\\/uploads\\\/sites\\\/14\\\/2025\\\/11\\\/nammo-utvald.jpg\",\"width\":1000,\"height\":563},{\"@type\":\"BreadcrumbList\",\"@id\":\"https:\\\/\\\/framtidenskarriar.se\\\/ingenjor\\\/2025\\\/11\\\/03\\\/fran-frisor-till-ingenjor\\\/#breadcrumb\",\"itemListElement\":[{\"@type\":\"ListItem\",\"position\":1,\"name\":\"Home\",\"item\":\"https:\\\/\\\/framtidenskarriar.se\\\/ingenjor\\\/\"},{\"@type\":\"ListItem\",\"position\":2,\"name\":\"Fr\u00e5n fris\u00f6r till ingenj\u00f6r\"}]},{\"@type\":\"WebSite\",\"@id\":\"https:\\\/\\\/framtidenskarriar.se\\\/ingenjor\\\/#website\",\"url\":\"https:\\\/\\\/framtidenskarriar.se\\\/ingenjor\\\/\",\"name\":\"Framtidens Karri\u00e4r - Ingenj\u00f6r\",\"description\":\"Just another NMDashboard.se Sites site\",\"potentialAction\":[{\"@type\":\"SearchAction\",\"target\":{\"@type\":\"EntryPoint\",\"urlTemplate\":\"https:\\\/\\\/framtidenskarriar.se\\\/ingenjor\\\/?s={search_term_string}\"},\"query-input\":{\"@type\":\"PropertyValueSpecification\",\"valueRequired\":true,\"valueName\":\"search_term_string\"}}],\"inLanguage\":\"sv-SE\"},{\"@type\":\"Person\",\"@id\":\"https:\\\/\\\/framtidenskarriar.se\\\/ingenjor\\\/#\\\/schema\\\/person\\\/2a13a849ec7646386c2211f59afe3083\",\"name\":\"viktorwallen\",\"image\":{\"@type\":\"ImageObject\",\"inLanguage\":\"sv-SE\",\"@id\":\"https:\\\/\\\/secure.gravatar.com\\\/avatar\\\/701701bd36169636031933997c8c6b954f2f635bbb7cd4802e4a007f9c9f4e59?s=96&d=mm&r=g\",\"url\":\"https:\\\/\\\/secure.gravatar.com\\\/avatar\\\/701701bd36169636031933997c8c6b954f2f635bbb7cd4802e4a007f9c9f4e59?s=96&d=mm&r=g\",\"contentUrl\":\"https:\\\/\\\/secure.gravatar.com\\\/avatar\\\/701701bd36169636031933997c8c6b954f2f635bbb7cd4802e4a007f9c9f4e59?s=96&d=mm&r=g\",\"caption\":\"viktorwallen\"},\"url\":\"https:\\\/\\\/framtidenskarriar.se\\\/ingenjor\\\/author\\\/viktorwallen\\\/\"}]}<\/script>\n<!-- \/ Yoast SEO plugin. -->","yoast_head_json":{"title":"Fr\u00e5n fris\u00f6r till ingenj\u00f6r - Framtidens Karri\u00e4r - Ingenj\u00f6r","robots":{"index":"index","follow":"follow","max-snippet":"max-snippet:-1","max-image-preview":"max-image-preview:large","max-video-preview":"max-video-preview:-1"},"canonical":"https:\/\/framtidenskarriar.se\/ingenjor\/2025\/11\/03\/fran-frisor-till-ingenjor\/","og_locale":"sv_SE","og_type":"article","og_title":"Fr\u00e5n fris\u00f6r till ingenj\u00f6r - Framtidens Karri\u00e4r - Ingenj\u00f6r","og_description":"F\u00f6rsvarsf\u00f6retaget Nammo lockar b\u00e5de ingenj\u00f6rer som har arbetat l\u00e4nge inom sektorn och de som bytt bana fr\u00e5n helt andra yrken.","og_url":"https:\/\/framtidenskarriar.se\/ingenjor\/2025\/11\/03\/fran-frisor-till-ingenjor\/","og_site_name":"Framtidens Karri\u00e4r - Ingenj\u00f6r","article_published_time":"2025-11-03T10:18:23+00:00","article_modified_time":"2025-12-12T14:01:52+00:00","og_image":[{"width":1000,"height":563,"url":"https:\/\/framtidenskarriar.se\/ingenjor\/wp-content\/uploads\/sites\/14\/2025\/11\/nammo-utvald.jpg","type":"image\/jpeg"}],"author":"viktorwallen","twitter_card":"summary_large_image","twitter_misc":{"Skriven av":"viktorwallen","Ber\u00e4knad l\u00e4stid":"4 minuter"},"schema":{"@context":"https:\/\/schema.org","@graph":[{"@type":"Article","@id":"https:\/\/framtidenskarriar.se\/ingenjor\/2025\/11\/03\/fran-frisor-till-ingenjor\/#article","isPartOf":{"@id":"https:\/\/framtidenskarriar.se\/ingenjor\/2025\/11\/03\/fran-frisor-till-ingenjor\/"},"author":{"name":"viktorwallen","@id":"https:\/\/framtidenskarriar.se\/ingenjor\/#\/schema\/person\/2a13a849ec7646386c2211f59afe3083"},"headline":"Fr\u00e5n fris\u00f6r till ingenj\u00f6r","datePublished":"2025-11-03T10:18:23+00:00","dateModified":"2025-12-12T14:01:52+00:00","mainEntityOfPage":{"@id":"https:\/\/framtidenskarriar.se\/ingenjor\/2025\/11\/03\/fran-frisor-till-ingenjor\/"},"wordCount":732,"commentCount":0,"image":{"@id":"https:\/\/framtidenskarriar.se\/ingenjor\/2025\/11\/03\/fran-frisor-till-ingenjor\/#primaryimage"},"thumbnailUrl":"https:\/\/framtidenskarriar.se\/ingenjor\/wp-content\/uploads\/sites\/14\/2025\/11\/nammo-utvald.jpg","keywords":["Nammo"],"articleSection":["Presentation"],"inLanguage":"sv-SE","potentialAction":[{"@type":"CommentAction","name":"Comment","target":["https:\/\/framtidenskarriar.se\/ingenjor\/2025\/11\/03\/fran-frisor-till-ingenjor\/#respond"]}]},{"@type":"WebPage","@id":"https:\/\/framtidenskarriar.se\/ingenjor\/2025\/11\/03\/fran-frisor-till-ingenjor\/","url":"https:\/\/framtidenskarriar.se\/ingenjor\/2025\/11\/03\/fran-frisor-till-ingenjor\/","name":"Fr\u00e5n fris\u00f6r till ingenj\u00f6r - Framtidens Karri\u00e4r - Ingenj\u00f6r","isPartOf":{"@id":"https:\/\/framtidenskarriar.se\/ingenjor\/#website"},"primaryImageOfPage":{"@id":"https:\/\/framtidenskarriar.se\/ingenjor\/2025\/11\/03\/fran-frisor-till-ingenjor\/#primaryimage"},"image":{"@id":"https:\/\/framtidenskarriar.se\/ingenjor\/2025\/11\/03\/fran-frisor-till-ingenjor\/#primaryimage"},"thumbnailUrl":"https:\/\/framtidenskarriar.se\/ingenjor\/wp-content\/uploads\/sites\/14\/2025\/11\/nammo-utvald.jpg","datePublished":"2025-11-03T10:18:23+00:00","dateModified":"2025-12-12T14:01:52+00:00","author":{"@id":"https:\/\/framtidenskarriar.se\/ingenjor\/#\/schema\/person\/2a13a849ec7646386c2211f59afe3083"},"breadcrumb":{"@id":"https:\/\/framtidenskarriar.se\/ingenjor\/2025\/11\/03\/fran-frisor-till-ingenjor\/#breadcrumb"},"inLanguage":"sv-SE","potentialAction":[{"@type":"ReadAction","target":["https:\/\/framtidenskarriar.se\/ingenjor\/2025\/11\/03\/fran-frisor-till-ingenjor\/"]}]},{"@type":"ImageObject","inLanguage":"sv-SE","@id":"https:\/\/framtidenskarriar.se\/ingenjor\/2025\/11\/03\/fran-frisor-till-ingenjor\/#primaryimage","url":"https:\/\/framtidenskarriar.se\/ingenjor\/wp-content\/uploads\/sites\/14\/2025\/11\/nammo-utvald.jpg","contentUrl":"https:\/\/framtidenskarriar.se\/ingenjor\/wp-content\/uploads\/sites\/14\/2025\/11\/nammo-utvald.jpg","width":1000,"height":563},{"@type":"BreadcrumbList","@id":"https:\/\/framtidenskarriar.se\/ingenjor\/2025\/11\/03\/fran-frisor-till-ingenjor\/#breadcrumb","itemListElement":[{"@type":"ListItem","position":1,"name":"Home","item":"https:\/\/framtidenskarriar.se\/ingenjor\/"},{"@type":"ListItem","position":2,"name":"Fr\u00e5n fris\u00f6r till ingenj\u00f6r"}]},{"@type":"WebSite","@id":"https:\/\/framtidenskarriar.se\/ingenjor\/#website","url":"https:\/\/framtidenskarriar.se\/ingenjor\/","name":"Framtidens Karri\u00e4r - Ingenj\u00f6r","description":"Just another NMDashboard.se Sites site","potentialAction":[{"@type":"SearchAction","target":{"@type":"EntryPoint","urlTemplate":"https:\/\/framtidenskarriar.se\/ingenjor\/?s={search_term_string}"},"query-input":{"@type":"PropertyValueSpecification","valueRequired":true,"valueName":"search_term_string"}}],"inLanguage":"sv-SE"},{"@type":"Person","@id":"https:\/\/framtidenskarriar.se\/ingenjor\/#\/schema\/person\/2a13a849ec7646386c2211f59afe3083","name":"viktorwallen","image":{"@type":"ImageObject","inLanguage":"sv-SE","@id":"https:\/\/secure.gravatar.com\/avatar\/701701bd36169636031933997c8c6b954f2f635bbb7cd4802e4a007f9c9f4e59?s=96&d=mm&r=g","url":"https:\/\/secure.gravatar.com\/avatar\/701701bd36169636031933997c8c6b954f2f635bbb7cd4802e4a007f9c9f4e59?s=96&d=mm&r=g","contentUrl":"https:\/\/secure.gravatar.com\/avatar\/701701bd36169636031933997c8c6b954f2f635bbb7cd4802e4a007f9c9f4e59?s=96&d=mm&r=g","caption":"viktorwallen"},"url":"https:\/\/framtidenskarriar.se\/ingenjor\/author\/viktorwallen\/"}]}},"_links":{"self":[{"href":"https:\/\/framtidenskarriar.se\/ingenjor\/wp-json\/wp\/v2\/posts\/6574","targetHints":{"allow":["GET"]}}],"collection":[{"href":"https:\/\/framtidenskarriar.se\/ingenjor\/wp-json\/wp\/v2\/posts"}],"about":[{"href":"https:\/\/framtidenskarriar.se\/ingenjor\/wp-json\/wp\/v2\/types\/post"}],"author":[{"embeddable":true,"href":"https:\/\/framtidenskarriar.se\/ingenjor\/wp-json\/wp\/v2\/users\/2"}],"replies":[{"embeddable":true,"href":"https:\/\/framtidenskarriar.se\/ingenjor\/wp-json\/wp\/v2\/comments?post=6574"}],"version-history":[{"count":3,"href":"https:\/\/framtidenskarriar.se\/ingenjor\/wp-json\/wp\/v2\/posts\/6574\/revisions"}],"predecessor-version":[{"id":6949,"href":"https:\/\/framtidenskarriar.se\/ingenjor\/wp-json\/wp\/v2\/posts\/6574\/revisions\/6949"}],"wp:featuredmedia":[{"embeddable":true,"href":"https:\/\/framtidenskarriar.se\/ingenjor\/wp-json\/wp\/v2\/media\/6579"}],"wp:attachment":[{"href":"https:\/\/framtidenskarriar.se\/ingenjor\/wp-json\/wp\/v2\/media?parent=6574"}],"wp:term":[{"taxonomy":"category","embeddable":true,"href":"https:\/\/framtidenskarriar.se\/ingenjor\/wp-json\/wp\/v2\/categories?post=6574"},{"taxonomy":"post_tag","embeddable":true,"href":"https:\/\/framtidenskarriar.se\/ingenjor\/wp-json\/wp\/v2\/tags?post=6574"}],"curies":[{"name":"wp","href":"https:\/\/api.w.org\/{rel}","templated":true}]}}