{"id":6645,"date":"2025-11-03T13:39:27","date_gmt":"2025-11-03T13:39:27","guid":{"rendered":"https:\/\/framtidenskarriar.se\/ingenjor\/?p=6645"},"modified":"2025-12-12T13:59:49","modified_gmt":"2025-12-12T13:59:49","slug":"rise-viktig-del-av-sveriges-totalforsvar","status":"publish","type":"post","link":"https:\/\/framtidenskarriar.se\/ingenjor\/2025\/11\/03\/rise-viktig-del-av-sveriges-totalforsvar\/","title":{"rendered":"RISE viktig del av Sveriges totalf\u00f6rsvar"},"content":{"rendered":"\n<figure class=\"wp-block-image size-full\"><img loading=\"lazy\" decoding=\"async\" width=\"1000\" height=\"562\" src=\"https:\/\/framtidenskarriar.se\/ingenjor\/wp-content\/uploads\/sites\/14\/2025\/11\/rise-img-6671-2.jpg\" alt=\"RISE forskning om brand, brandtekniska system och r\u00e4ddningsinsatser i tunnlar och andra undermarksanl\u00e4ggningar g\u00f6r s\u00e5v\u00e4l samh\u00e4llsekonomisk nytta som bidrar till ett starkare totalf\u00f6rsvar. Foto: Per Rohl\u00e9n\" class=\"wp-image-6648\" srcset=\"https:\/\/framtidenskarriar.se\/ingenjor\/wp-content\/uploads\/sites\/14\/2025\/11\/rise-img-6671-2.jpg 1000w, https:\/\/framtidenskarriar.se\/ingenjor\/wp-content\/uploads\/sites\/14\/2025\/11\/rise-img-6671-2-300x169.jpg 300w, https:\/\/framtidenskarriar.se\/ingenjor\/wp-content\/uploads\/sites\/14\/2025\/11\/rise-img-6671-2-768x432.jpg 768w, https:\/\/framtidenskarriar.se\/ingenjor\/wp-content\/uploads\/sites\/14\/2025\/11\/rise-img-6671-2-285x160.jpg 285w, https:\/\/framtidenskarriar.se\/ingenjor\/wp-content\/uploads\/sites\/14\/2025\/11\/rise-img-6671-2-80x45.jpg 80w, https:\/\/framtidenskarriar.se\/ingenjor\/wp-content\/uploads\/sites\/14\/2025\/11\/rise-img-6671-2-720x405.jpg 720w, https:\/\/framtidenskarriar.se\/ingenjor\/wp-content\/uploads\/sites\/14\/2025\/11\/rise-img-6671-2-960x540.jpg 960w, https:\/\/framtidenskarriar.se\/ingenjor\/wp-content\/uploads\/sites\/14\/2025\/11\/rise-img-6671-2-526x296.jpg 526w\" sizes=\"auto, (max-width: 1000px) 100vw, 1000px\" \/><figcaption class=\"wp-element-caption\">RISE forskning om brand, brandtekniska system och r\u00e4ddningsinsatser i tunnlar och andra undermarksanl\u00e4ggningar g\u00f6r s\u00e5v\u00e4l samh\u00e4llsekonomisk nytta som bidrar till ett starkare totalf\u00f6rsvar. Foto: Per Rohl\u00e9n<\/figcaption><\/figure>\n\n\n\n<p><strong>Det s\u00e4kerhetspolitiska l\u00e4get i omv\u00e4rlden har under de senaste \u00e5ren kraftigt f\u00f6rs\u00e4mrats och Sverige har jobbat s\u00e5v\u00e4l operativt som strategiskt med att st\u00e4rka landets totalf\u00f6rsvar. RISE \u00e4r ett statligt forskningsinstitut med uppgiften att vara en l\u00e4nk mellan akademi, samh\u00e4lle och n\u00e4ringsliv. RISE resurser och kompetenser blir allt viktigare f\u00f6r totalf\u00f6rsvaret.<\/strong><\/p>\n\n\n\n<p>I en utredning om n\u00e4ringslivets f\u00f6rs\u00f6rjningsberedskap beskrivs RISE f\u00f6rm\u00e5ga till forskning, provning, validering och certifiering som v\u00e4sentliga f\u00f6r ett st\u00e4rkt totalf\u00f6rsvar. Med totalf\u00f6rsvaret avses b\u00e5de det civila och det milit\u00e4ra f\u00f6rsvaret. I utredningen f\u00f6resl\u00e5s RISE f\u00e5 ett ut\u00f6kat samh\u00e4llsuppdrag f\u00f6r att st\u00e4rka Sveriges f\u00f6rs\u00f6rjningsberedskap och produktionsomst\u00e4llningsf\u00f6rm\u00e5ga vid fredstida krissituationer, h\u00f6jd beredskap och ytterst krig.<br>\u2013 Vi har bred teknisk kompetens, h\u00f6g innovationsf\u00f6rm\u00e5ga och n\u00e4ra koppling till industrin. Det \u00e4r egenskaper som kr\u00e4vs f\u00f6r att snabbt kunna st\u00e4lla om produktion och s\u00e4kra tillg\u00e5ng till samh\u00e4llsviktiga varor och tj\u00e4nster, f\u00f6rklarar Elenor Bernelow Loyd, avdelningschef totalf\u00f6rsvar och ansvarig f\u00f6r RISE interna kapacitet och leveransf\u00f6rm\u00e5ga av dessa tj\u00e4nster.<\/p>\n\n\n\n<p><strong>Snabb omst\u00e4llning avg\u00f6rande<\/strong><br>De tidigare erfarenheterna fr\u00e5n pandemin visar p\u00e5 behovet av samordning och st\u00f6d till samh\u00e4lle och n\u00e4ringsliv f\u00f6r att snabbt kunna st\u00e4lla om sin produktion. RISE har en gedigen kunskap och kompetens inom dessa omr\u00e5den och kan st\u00f6dja industrin att snabbt kunna st\u00e4lla om.<br>\u2013 RISE har en viktig roll att exempelvis st\u00f6dja myndigheterna i fr\u00e5gor som r\u00f6r kravst\u00e4llning, verifiering av kvalitets- och s\u00e4kerhetskrav. Myndigheterna f\u00e5r ocks\u00e5 st\u00f6d i hur alternativa material och produktionsmetoder p\u00e5verkar slutprodukten n\u00e4r produktionen av samh\u00e4llsviktiga varor m\u00e5ste ske p\u00e5 andra s\u00e4tt \u00e4n vid normall\u00e4ge, f\u00f6rklarar Mia Kumm, totalf\u00f6rsvarsstrateg p\u00e5 RISE.<\/p>\n\n\n<div class=\"wp-block-image\">\n<figure class=\"aligncenter size-full\"><img loading=\"lazy\" decoding=\"async\" width=\"1000\" height=\"563\" src=\"https:\/\/framtidenskarriar.se\/ingenjor\/wp-content\/uploads\/sites\/14\/2025\/11\/rise-elenor.jpg\" alt=\"Elenor Bernelow Loyd, avdelningschef totalf\u00f6rsvar p\u00e5 RISE. Foto: RISE\" class=\"wp-image-6649\" srcset=\"https:\/\/framtidenskarriar.se\/ingenjor\/wp-content\/uploads\/sites\/14\/2025\/11\/rise-elenor.jpg 1000w, https:\/\/framtidenskarriar.se\/ingenjor\/wp-content\/uploads\/sites\/14\/2025\/11\/rise-elenor-300x169.jpg 300w, https:\/\/framtidenskarriar.se\/ingenjor\/wp-content\/uploads\/sites\/14\/2025\/11\/rise-elenor-768x432.jpg 768w, https:\/\/framtidenskarriar.se\/ingenjor\/wp-content\/uploads\/sites\/14\/2025\/11\/rise-elenor-284x160.jpg 284w, https:\/\/framtidenskarriar.se\/ingenjor\/wp-content\/uploads\/sites\/14\/2025\/11\/rise-elenor-80x45.jpg 80w, https:\/\/framtidenskarriar.se\/ingenjor\/wp-content\/uploads\/sites\/14\/2025\/11\/rise-elenor-720x405.jpg 720w, https:\/\/framtidenskarriar.se\/ingenjor\/wp-content\/uploads\/sites\/14\/2025\/11\/rise-elenor-960x540.jpg 960w, https:\/\/framtidenskarriar.se\/ingenjor\/wp-content\/uploads\/sites\/14\/2025\/11\/rise-elenor-526x296.jpg 526w\" sizes=\"auto, (max-width: 1000px) 100vw, 1000px\" \/><figcaption class=\"wp-element-caption\">Elenor Bernelow Loyd, avdelningschef totalf\u00f6rsvar p\u00e5 RISE. Foto: RISE<\/figcaption><\/figure>\n<\/div>\n\n\n<p><strong>Viktigare f\u00f6r totalf\u00f6rsvaret<\/strong><br>RISE har under m\u00e5nga \u00e5r genomf\u00f6rt provning och certifiering av olika produkter och tj\u00e4nster kopplat till kritisk infrastruktur och milit\u00e4ra applikationer. F\u00f6r att kunna genomf\u00f6ra provning och verifiering utg\u00f6r RISE teknikinfrastrukturer en v\u00e4sentlig resurs. RISE har runt 200 teknikinfrastrukturer varav fler \u00e4n h\u00e4lften har relevans f\u00f6r f\u00f6rsvarsinnovation eller f\u00f6r totalf\u00f6rsvaret i stort.<br>\u2013 Innan sommaren fick F\u00f6rsvarsmakten ett regeringsuppdrag att tillsammans med FOI, FMV och RISE kartl\u00e4gga och analysera m\u00f6jligheterna till en ut\u00f6kad samverkan g\u00e4llande teknikinfrastruktur i syfte att st\u00f6dja f\u00f6rsvarsinnovation. Uppdraget syftar bland annat till att ge n\u00e4ringslivet f\u00f6rb\u00e4ttrade m\u00f6jligheter att nyttja teknikinfrastrukturerna och bidra till att f\u00e5 fram produkter som st\u00e4rker F\u00f6rsvarsmaktens f\u00f6rm\u00e5ga, ber\u00e4ttar Elenor Bernelow Loyd.<\/p>\n\n\n\n<p><strong>Inte bara provning och certifiering<\/strong><br>RISE bedriver ocks\u00e5 till\u00e4mpad forskning och utveckling kopplad till hela totalf\u00f6rsvaret. Ett viktigt omr\u00e5de \u00e4r dr\u00f6nare, d\u00e4r RISE samlade expertis inom flera teknikomr\u00e5den g\u00f6r stor nytta. Dr\u00f6nare \u00e4r ett bra exempel d\u00e4r m\u00e5nga kompetenser m\u00e5ste samverka f\u00f6r att f\u00e5 till helheten.<br>\u2013 Inom dr\u00f6naromr\u00e5det har RISE m\u00e5nga forskare och projektledare med kompletterande kompetenser, till exempel experter inom batteri, material, cybers\u00e4kerhet och AI, konstaterar Mia Kumm.<br>RISE driver ocks\u00e5, i samverkan med Fortifikationsverket och F\u00f6rsvarsmakten, kompetensplattformen CFORT \u2013 Centrum f\u00f6r fortifikatorisk kompetens. CFORT har fokus p\u00e5 fortifikatoriskt skydd och uth\u00e5lliga tekniska system.<\/p>\n\n\n<div class=\"wp-block-image\">\n<figure class=\"aligncenter size-full\"><img loading=\"lazy\" decoding=\"async\" width=\"1000\" height=\"562\" src=\"https:\/\/framtidenskarriar.se\/ingenjor\/wp-content\/uploads\/sites\/14\/2025\/11\/rise-miakumm-25182-114.jpg\" alt=\"Mia Kumm, totalf\u00f6rsvarsstrateg p\u00e5 RISE. Foto: Pia Nordlander, BildN\" class=\"wp-image-6650\" srcset=\"https:\/\/framtidenskarriar.se\/ingenjor\/wp-content\/uploads\/sites\/14\/2025\/11\/rise-miakumm-25182-114.jpg 1000w, https:\/\/framtidenskarriar.se\/ingenjor\/wp-content\/uploads\/sites\/14\/2025\/11\/rise-miakumm-25182-114-300x169.jpg 300w, https:\/\/framtidenskarriar.se\/ingenjor\/wp-content\/uploads\/sites\/14\/2025\/11\/rise-miakumm-25182-114-768x432.jpg 768w, https:\/\/framtidenskarriar.se\/ingenjor\/wp-content\/uploads\/sites\/14\/2025\/11\/rise-miakumm-25182-114-285x160.jpg 285w, https:\/\/framtidenskarriar.se\/ingenjor\/wp-content\/uploads\/sites\/14\/2025\/11\/rise-miakumm-25182-114-80x45.jpg 80w, https:\/\/framtidenskarriar.se\/ingenjor\/wp-content\/uploads\/sites\/14\/2025\/11\/rise-miakumm-25182-114-720x405.jpg 720w, https:\/\/framtidenskarriar.se\/ingenjor\/wp-content\/uploads\/sites\/14\/2025\/11\/rise-miakumm-25182-114-960x540.jpg 960w, https:\/\/framtidenskarriar.se\/ingenjor\/wp-content\/uploads\/sites\/14\/2025\/11\/rise-miakumm-25182-114-526x296.jpg 526w\" sizes=\"auto, (max-width: 1000px) 100vw, 1000px\" \/><figcaption class=\"wp-element-caption\">Mia Kumm, totalf\u00f6rsvarsstrateg p\u00e5 RISE. Foto: Pia Nordlander, BildN<\/figcaption><\/figure>\n<\/div>\n\n\n<p class=\"has-color-white-01-color has-text-color has-background has-link-color wp-elements-116102143e73f5329d0b0c1fff6b9552\" style=\"background-color:#003148\"><strong><span style=\"text-decoration: underline;\"><a href=\"https:\/\/www.ri.se\/sv\/expertisomraden\/expertiser\/skydd-och-sakerhet-inom-totalforsvar\" title=\"RISE HT25 ING pres l\u00e4s mer 1\" target=\"_blank\" rel=\"noreferrer noopener nofollow\">Klicka h\u00e4r f\u00f6r att l\u00e4sa mer om skydd och s\u00e4kerhet inom totalf\u00f6rsvar<\/a><\/span><\/strong><br><br><strong><span style=\"text-decoration: underline;\"><a href=\"https:\/\/www.ri.se\/sv\/expertisomraden\/totalforsvar-och-krisberedskap\" title=\"RISE HT25 ING pres l\u00e4s mer 2\" target=\"_blank\" rel=\"noreferrer noopener nofollow\">Klicka h\u00e4r f\u00f6r att l\u00e4sa mer om totalf\u00f6rsvar och krisberedskap<\/a><\/span><\/strong><\/p>\n\n\n\n<div class=\"wp-block-group\"><div class=\"wp-block-group__inner-container is-layout-constrained wp-block-group-is-layout-constrained\">\n<div class=\"wp-block-group faktaruta\"><div class=\"wp-block-group__inner-container is-layout-constrained wp-block-group-is-layout-constrained\">\n<h6 class=\"wp-block-heading\">RISE<\/h6>\n\n\n\n<p>RISE arbetar inom omr\u00e5dena forskning och utveckling, innovationsledning och omst\u00e4llning samt provning och certifiering inom de flesta beredskapssektorer. Med expertis inom omr\u00e5den fr\u00e5n kritisk infrastruktur och logistik till skydd, s\u00e4kerhet, energi och produktionsomst\u00e4llning bidrar RISE till ett starkt totalf\u00f6rsvar, h\u00e5llbar omst\u00e4llning och \u00f6kad svensk konkurrenskraft p\u00e5 vetenskaplig grund.<br><br><strong><a href=\"https:\/\/www.ri.se\/sv\" title=\"RISE HT25 ING pres textlink\" target=\"_blank\" rel=\"noreferrer noopener nofollow\">ri.se<\/a><\/strong><br><br><a href=\"https:\/\/www.ri.se\/sv\" title=\"RISE HT25 ING pres logotype\" target=\"_blank\" rel=\"noreferrer noopener nofollow\"><img loading=\"lazy\" decoding=\"async\" width=\"100\" height=\"129\" class=\"wp-image-6647\" style=\"width: 100px;\" src=\"https:\/\/framtidenskarriar.se\/ingenjor\/wp-content\/uploads\/sites\/14\/2025\/11\/rise-logo-cmyk-pos-1.png\" alt=\"\" srcset=\"https:\/\/framtidenskarriar.se\/ingenjor\/wp-content\/uploads\/sites\/14\/2025\/11\/rise-logo-cmyk-pos-1.png 500w, https:\/\/framtidenskarriar.se\/ingenjor\/wp-content\/uploads\/sites\/14\/2025\/11\/rise-logo-cmyk-pos-1-233x300.png 233w, https:\/\/framtidenskarriar.se\/ingenjor\/wp-content\/uploads\/sites\/14\/2025\/11\/rise-logo-cmyk-pos-1-124x160.png 124w\" sizes=\"auto, (max-width: 100px) 100vw, 100px\" \/><\/a><\/p>\n<\/div><\/div>\n<\/div><\/div>\n\n\n<hr>\n\n\n<div class=\"ad-label\">Annons <i class=\"fas fa-caret-down\" aria-hidden=\"true\"><\/i><\/div>\n\n\n<div class=\"g g-1\"><div class=\"g-single a-11\"><a href=\"https:\/\/framtidenskarriar.se\/ingenjor\/2025\/11\/04\/innovation-genom-integration\/\" target=\"_blank\" title=\"SES annons ht25\" onclick=\"_gaq.push(['_trackEvent', 'Link Clicks', 'Banners', 'SES annons ht25']);\"><img decoding=\"async\" alt=\"SES annons ht25\" src=\"https:\/\/framtidenskarriar.se\/ingenjor\/wp-content\/uploads\/sites\/14\/2025\/11\/ses-annons-liggande.jpg\"\/><\/a><\/div><\/div>\n","protected":false},"excerpt":{"rendered":"<p>Uppgift att vara en l\u00e4nk mellan akademi, samh\u00e4lle och n\u00e4ringsliv.<\/p>\n","protected":false},"author":2,"featured_media":6651,"comment_status":"open","ping_status":"open","sticky":false,"template":"","format":"standard","meta":{"_acf_changed":false,"_monsterinsights_skip_tracking":false,"_monsterinsights_sitenote_active":false,"_monsterinsights_sitenote_note":"","_monsterinsights_sitenote_category":0,"footnotes":""},"categories":[4],"tags":[308],"class_list":["post-6645","post","type-post","status-publish","format-standard","has-post-thumbnail","hentry","category-presentation","tag-rise"],"acf":[],"yoast_head":"<!-- This site is optimized with the Yoast SEO plugin v27.3 - https:\/\/yoast.com\/product\/yoast-seo-wordpress\/ -->\n<title>RISE viktig del av Sveriges totalf\u00f6rsvar - Framtidens Karri\u00e4r - Ingenj\u00f6r<\/title>\n<meta name=\"robots\" content=\"index, follow, max-snippet:-1, max-image-preview:large, max-video-preview:-1\" \/>\n<link rel=\"canonical\" href=\"https:\/\/framtidenskarriar.se\/ingenjor\/2025\/11\/03\/rise-viktig-del-av-sveriges-totalforsvar\/\" \/>\n<meta property=\"og:locale\" content=\"sv_SE\" \/>\n<meta property=\"og:type\" content=\"article\" \/>\n<meta property=\"og:title\" content=\"RISE viktig del av Sveriges totalf\u00f6rsvar - Framtidens Karri\u00e4r - Ingenj\u00f6r\" \/>\n<meta property=\"og:description\" content=\"Uppgift att vara en l\u00e4nk mellan akademi, samh\u00e4lle och n\u00e4ringsliv.\" \/>\n<meta property=\"og:url\" content=\"https:\/\/framtidenskarriar.se\/ingenjor\/2025\/11\/03\/rise-viktig-del-av-sveriges-totalforsvar\/\" \/>\n<meta property=\"og:site_name\" content=\"Framtidens Karri\u00e4r - Ingenj\u00f6r\" \/>\n<meta property=\"article:published_time\" content=\"2025-11-03T13:39:27+00:00\" \/>\n<meta property=\"article:modified_time\" content=\"2025-12-12T13:59:49+00:00\" \/>\n<meta property=\"og:image\" content=\"https:\/\/framtidenskarriar.se\/ingenjor\/wp-content\/uploads\/sites\/14\/2025\/11\/rise-utvald.jpg\" \/>\n\t<meta property=\"og:image:width\" content=\"1000\" \/>\n\t<meta property=\"og:image:height\" content=\"562\" \/>\n\t<meta property=\"og:image:type\" content=\"image\/jpeg\" \/>\n<meta name=\"author\" content=\"viktorwallen\" \/>\n<meta name=\"twitter:card\" content=\"summary_large_image\" \/>\n<meta name=\"twitter:label1\" content=\"Skriven av\" \/>\n\t<meta name=\"twitter:data1\" content=\"viktorwallen\" \/>\n\t<meta name=\"twitter:label2\" content=\"Ber\u00e4knad l\u00e4stid\" \/>\n\t<meta name=\"twitter:data2\" content=\"4 minuter\" \/>\n<script type=\"application\/ld+json\" class=\"yoast-schema-graph\">{\"@context\":\"https:\\\/\\\/schema.org\",\"@graph\":[{\"@type\":\"Article\",\"@id\":\"https:\\\/\\\/framtidenskarriar.se\\\/ingenjor\\\/2025\\\/11\\\/03\\\/rise-viktig-del-av-sveriges-totalforsvar\\\/#article\",\"isPartOf\":{\"@id\":\"https:\\\/\\\/framtidenskarriar.se\\\/ingenjor\\\/2025\\\/11\\\/03\\\/rise-viktig-del-av-sveriges-totalforsvar\\\/\"},\"author\":{\"name\":\"viktorwallen\",\"@id\":\"https:\\\/\\\/framtidenskarriar.se\\\/ingenjor\\\/#\\\/schema\\\/person\\\/2a13a849ec7646386c2211f59afe3083\"},\"headline\":\"RISE viktig del av Sveriges totalf\u00f6rsvar\",\"datePublished\":\"2025-11-03T13:39:27+00:00\",\"dateModified\":\"2025-12-12T13:59:49+00:00\",\"mainEntityOfPage\":{\"@id\":\"https:\\\/\\\/framtidenskarriar.se\\\/ingenjor\\\/2025\\\/11\\\/03\\\/rise-viktig-del-av-sveriges-totalforsvar\\\/\"},\"wordCount\":740,\"commentCount\":0,\"image\":{\"@id\":\"https:\\\/\\\/framtidenskarriar.se\\\/ingenjor\\\/2025\\\/11\\\/03\\\/rise-viktig-del-av-sveriges-totalforsvar\\\/#primaryimage\"},\"thumbnailUrl\":\"https:\\\/\\\/framtidenskarriar.se\\\/ingenjor\\\/wp-content\\\/uploads\\\/sites\\\/14\\\/2025\\\/11\\\/rise-utvald.jpg\",\"keywords\":[\"RISE\"],\"articleSection\":[\"Presentation\"],\"inLanguage\":\"sv-SE\",\"potentialAction\":[{\"@type\":\"CommentAction\",\"name\":\"Comment\",\"target\":[\"https:\\\/\\\/framtidenskarriar.se\\\/ingenjor\\\/2025\\\/11\\\/03\\\/rise-viktig-del-av-sveriges-totalforsvar\\\/#respond\"]}]},{\"@type\":\"WebPage\",\"@id\":\"https:\\\/\\\/framtidenskarriar.se\\\/ingenjor\\\/2025\\\/11\\\/03\\\/rise-viktig-del-av-sveriges-totalforsvar\\\/\",\"url\":\"https:\\\/\\\/framtidenskarriar.se\\\/ingenjor\\\/2025\\\/11\\\/03\\\/rise-viktig-del-av-sveriges-totalforsvar\\\/\",\"name\":\"RISE viktig del av Sveriges totalf\u00f6rsvar - Framtidens Karri\u00e4r - Ingenj\u00f6r\",\"isPartOf\":{\"@id\":\"https:\\\/\\\/framtidenskarriar.se\\\/ingenjor\\\/#website\"},\"primaryImageOfPage\":{\"@id\":\"https:\\\/\\\/framtidenskarriar.se\\\/ingenjor\\\/2025\\\/11\\\/03\\\/rise-viktig-del-av-sveriges-totalforsvar\\\/#primaryimage\"},\"image\":{\"@id\":\"https:\\\/\\\/framtidenskarriar.se\\\/ingenjor\\\/2025\\\/11\\\/03\\\/rise-viktig-del-av-sveriges-totalforsvar\\\/#primaryimage\"},\"thumbnailUrl\":\"https:\\\/\\\/framtidenskarriar.se\\\/ingenjor\\\/wp-content\\\/uploads\\\/sites\\\/14\\\/2025\\\/11\\\/rise-utvald.jpg\",\"datePublished\":\"2025-11-03T13:39:27+00:00\",\"dateModified\":\"2025-12-12T13:59:49+00:00\",\"author\":{\"@id\":\"https:\\\/\\\/framtidenskarriar.se\\\/ingenjor\\\/#\\\/schema\\\/person\\\/2a13a849ec7646386c2211f59afe3083\"},\"breadcrumb\":{\"@id\":\"https:\\\/\\\/framtidenskarriar.se\\\/ingenjor\\\/2025\\\/11\\\/03\\\/rise-viktig-del-av-sveriges-totalforsvar\\\/#breadcrumb\"},\"inLanguage\":\"sv-SE\",\"potentialAction\":[{\"@type\":\"ReadAction\",\"target\":[\"https:\\\/\\\/framtidenskarriar.se\\\/ingenjor\\\/2025\\\/11\\\/03\\\/rise-viktig-del-av-sveriges-totalforsvar\\\/\"]}]},{\"@type\":\"ImageObject\",\"inLanguage\":\"sv-SE\",\"@id\":\"https:\\\/\\\/framtidenskarriar.se\\\/ingenjor\\\/2025\\\/11\\\/03\\\/rise-viktig-del-av-sveriges-totalforsvar\\\/#primaryimage\",\"url\":\"https:\\\/\\\/framtidenskarriar.se\\\/ingenjor\\\/wp-content\\\/uploads\\\/sites\\\/14\\\/2025\\\/11\\\/rise-utvald.jpg\",\"contentUrl\":\"https:\\\/\\\/framtidenskarriar.se\\\/ingenjor\\\/wp-content\\\/uploads\\\/sites\\\/14\\\/2025\\\/11\\\/rise-utvald.jpg\",\"width\":1000,\"height\":562},{\"@type\":\"BreadcrumbList\",\"@id\":\"https:\\\/\\\/framtidenskarriar.se\\\/ingenjor\\\/2025\\\/11\\\/03\\\/rise-viktig-del-av-sveriges-totalforsvar\\\/#breadcrumb\",\"itemListElement\":[{\"@type\":\"ListItem\",\"position\":1,\"name\":\"Home\",\"item\":\"https:\\\/\\\/framtidenskarriar.se\\\/ingenjor\\\/\"},{\"@type\":\"ListItem\",\"position\":2,\"name\":\"RISE viktig del av Sveriges totalf\u00f6rsvar\"}]},{\"@type\":\"WebSite\",\"@id\":\"https:\\\/\\\/framtidenskarriar.se\\\/ingenjor\\\/#website\",\"url\":\"https:\\\/\\\/framtidenskarriar.se\\\/ingenjor\\\/\",\"name\":\"Framtidens Karri\u00e4r - Ingenj\u00f6r\",\"description\":\"Just another NMDashboard.se Sites site\",\"potentialAction\":[{\"@type\":\"SearchAction\",\"target\":{\"@type\":\"EntryPoint\",\"urlTemplate\":\"https:\\\/\\\/framtidenskarriar.se\\\/ingenjor\\\/?s={search_term_string}\"},\"query-input\":{\"@type\":\"PropertyValueSpecification\",\"valueRequired\":true,\"valueName\":\"search_term_string\"}}],\"inLanguage\":\"sv-SE\"},{\"@type\":\"Person\",\"@id\":\"https:\\\/\\\/framtidenskarriar.se\\\/ingenjor\\\/#\\\/schema\\\/person\\\/2a13a849ec7646386c2211f59afe3083\",\"name\":\"viktorwallen\",\"image\":{\"@type\":\"ImageObject\",\"inLanguage\":\"sv-SE\",\"@id\":\"https:\\\/\\\/secure.gravatar.com\\\/avatar\\\/701701bd36169636031933997c8c6b954f2f635bbb7cd4802e4a007f9c9f4e59?s=96&d=mm&r=g\",\"url\":\"https:\\\/\\\/secure.gravatar.com\\\/avatar\\\/701701bd36169636031933997c8c6b954f2f635bbb7cd4802e4a007f9c9f4e59?s=96&d=mm&r=g\",\"contentUrl\":\"https:\\\/\\\/secure.gravatar.com\\\/avatar\\\/701701bd36169636031933997c8c6b954f2f635bbb7cd4802e4a007f9c9f4e59?s=96&d=mm&r=g\",\"caption\":\"viktorwallen\"},\"url\":\"https:\\\/\\\/framtidenskarriar.se\\\/ingenjor\\\/author\\\/viktorwallen\\\/\"}]}<\/script>\n<!-- \/ Yoast SEO plugin. -->","yoast_head_json":{"title":"RISE viktig del av Sveriges totalf\u00f6rsvar - Framtidens Karri\u00e4r - Ingenj\u00f6r","robots":{"index":"index","follow":"follow","max-snippet":"max-snippet:-1","max-image-preview":"max-image-preview:large","max-video-preview":"max-video-preview:-1"},"canonical":"https:\/\/framtidenskarriar.se\/ingenjor\/2025\/11\/03\/rise-viktig-del-av-sveriges-totalforsvar\/","og_locale":"sv_SE","og_type":"article","og_title":"RISE viktig del av Sveriges totalf\u00f6rsvar - Framtidens Karri\u00e4r - Ingenj\u00f6r","og_description":"Uppgift att vara en l\u00e4nk mellan akademi, samh\u00e4lle och n\u00e4ringsliv.","og_url":"https:\/\/framtidenskarriar.se\/ingenjor\/2025\/11\/03\/rise-viktig-del-av-sveriges-totalforsvar\/","og_site_name":"Framtidens Karri\u00e4r - Ingenj\u00f6r","article_published_time":"2025-11-03T13:39:27+00:00","article_modified_time":"2025-12-12T13:59:49+00:00","og_image":[{"width":1000,"height":562,"url":"https:\/\/framtidenskarriar.se\/ingenjor\/wp-content\/uploads\/sites\/14\/2025\/11\/rise-utvald.jpg","type":"image\/jpeg"}],"author":"viktorwallen","twitter_card":"summary_large_image","twitter_misc":{"Skriven av":"viktorwallen","Ber\u00e4knad l\u00e4stid":"4 minuter"},"schema":{"@context":"https:\/\/schema.org","@graph":[{"@type":"Article","@id":"https:\/\/framtidenskarriar.se\/ingenjor\/2025\/11\/03\/rise-viktig-del-av-sveriges-totalforsvar\/#article","isPartOf":{"@id":"https:\/\/framtidenskarriar.se\/ingenjor\/2025\/11\/03\/rise-viktig-del-av-sveriges-totalforsvar\/"},"author":{"name":"viktorwallen","@id":"https:\/\/framtidenskarriar.se\/ingenjor\/#\/schema\/person\/2a13a849ec7646386c2211f59afe3083"},"headline":"RISE viktig del av Sveriges totalf\u00f6rsvar","datePublished":"2025-11-03T13:39:27+00:00","dateModified":"2025-12-12T13:59:49+00:00","mainEntityOfPage":{"@id":"https:\/\/framtidenskarriar.se\/ingenjor\/2025\/11\/03\/rise-viktig-del-av-sveriges-totalforsvar\/"},"wordCount":740,"commentCount":0,"image":{"@id":"https:\/\/framtidenskarriar.se\/ingenjor\/2025\/11\/03\/rise-viktig-del-av-sveriges-totalforsvar\/#primaryimage"},"thumbnailUrl":"https:\/\/framtidenskarriar.se\/ingenjor\/wp-content\/uploads\/sites\/14\/2025\/11\/rise-utvald.jpg","keywords":["RISE"],"articleSection":["Presentation"],"inLanguage":"sv-SE","potentialAction":[{"@type":"CommentAction","name":"Comment","target":["https:\/\/framtidenskarriar.se\/ingenjor\/2025\/11\/03\/rise-viktig-del-av-sveriges-totalforsvar\/#respond"]}]},{"@type":"WebPage","@id":"https:\/\/framtidenskarriar.se\/ingenjor\/2025\/11\/03\/rise-viktig-del-av-sveriges-totalforsvar\/","url":"https:\/\/framtidenskarriar.se\/ingenjor\/2025\/11\/03\/rise-viktig-del-av-sveriges-totalforsvar\/","name":"RISE viktig del av Sveriges totalf\u00f6rsvar - Framtidens Karri\u00e4r - Ingenj\u00f6r","isPartOf":{"@id":"https:\/\/framtidenskarriar.se\/ingenjor\/#website"},"primaryImageOfPage":{"@id":"https:\/\/framtidenskarriar.se\/ingenjor\/2025\/11\/03\/rise-viktig-del-av-sveriges-totalforsvar\/#primaryimage"},"image":{"@id":"https:\/\/framtidenskarriar.se\/ingenjor\/2025\/11\/03\/rise-viktig-del-av-sveriges-totalforsvar\/#primaryimage"},"thumbnailUrl":"https:\/\/framtidenskarriar.se\/ingenjor\/wp-content\/uploads\/sites\/14\/2025\/11\/rise-utvald.jpg","datePublished":"2025-11-03T13:39:27+00:00","dateModified":"2025-12-12T13:59:49+00:00","author":{"@id":"https:\/\/framtidenskarriar.se\/ingenjor\/#\/schema\/person\/2a13a849ec7646386c2211f59afe3083"},"breadcrumb":{"@id":"https:\/\/framtidenskarriar.se\/ingenjor\/2025\/11\/03\/rise-viktig-del-av-sveriges-totalforsvar\/#breadcrumb"},"inLanguage":"sv-SE","potentialAction":[{"@type":"ReadAction","target":["https:\/\/framtidenskarriar.se\/ingenjor\/2025\/11\/03\/rise-viktig-del-av-sveriges-totalforsvar\/"]}]},{"@type":"ImageObject","inLanguage":"sv-SE","@id":"https:\/\/framtidenskarriar.se\/ingenjor\/2025\/11\/03\/rise-viktig-del-av-sveriges-totalforsvar\/#primaryimage","url":"https:\/\/framtidenskarriar.se\/ingenjor\/wp-content\/uploads\/sites\/14\/2025\/11\/rise-utvald.jpg","contentUrl":"https:\/\/framtidenskarriar.se\/ingenjor\/wp-content\/uploads\/sites\/14\/2025\/11\/rise-utvald.jpg","width":1000,"height":562},{"@type":"BreadcrumbList","@id":"https:\/\/framtidenskarriar.se\/ingenjor\/2025\/11\/03\/rise-viktig-del-av-sveriges-totalforsvar\/#breadcrumb","itemListElement":[{"@type":"ListItem","position":1,"name":"Home","item":"https:\/\/framtidenskarriar.se\/ingenjor\/"},{"@type":"ListItem","position":2,"name":"RISE viktig del av Sveriges totalf\u00f6rsvar"}]},{"@type":"WebSite","@id":"https:\/\/framtidenskarriar.se\/ingenjor\/#website","url":"https:\/\/framtidenskarriar.se\/ingenjor\/","name":"Framtidens Karri\u00e4r - Ingenj\u00f6r","description":"Just another NMDashboard.se Sites site","potentialAction":[{"@type":"SearchAction","target":{"@type":"EntryPoint","urlTemplate":"https:\/\/framtidenskarriar.se\/ingenjor\/?s={search_term_string}"},"query-input":{"@type":"PropertyValueSpecification","valueRequired":true,"valueName":"search_term_string"}}],"inLanguage":"sv-SE"},{"@type":"Person","@id":"https:\/\/framtidenskarriar.se\/ingenjor\/#\/schema\/person\/2a13a849ec7646386c2211f59afe3083","name":"viktorwallen","image":{"@type":"ImageObject","inLanguage":"sv-SE","@id":"https:\/\/secure.gravatar.com\/avatar\/701701bd36169636031933997c8c6b954f2f635bbb7cd4802e4a007f9c9f4e59?s=96&d=mm&r=g","url":"https:\/\/secure.gravatar.com\/avatar\/701701bd36169636031933997c8c6b954f2f635bbb7cd4802e4a007f9c9f4e59?s=96&d=mm&r=g","contentUrl":"https:\/\/secure.gravatar.com\/avatar\/701701bd36169636031933997c8c6b954f2f635bbb7cd4802e4a007f9c9f4e59?s=96&d=mm&r=g","caption":"viktorwallen"},"url":"https:\/\/framtidenskarriar.se\/ingenjor\/author\/viktorwallen\/"}]}},"_links":{"self":[{"href":"https:\/\/framtidenskarriar.se\/ingenjor\/wp-json\/wp\/v2\/posts\/6645","targetHints":{"allow":["GET"]}}],"collection":[{"href":"https:\/\/framtidenskarriar.se\/ingenjor\/wp-json\/wp\/v2\/posts"}],"about":[{"href":"https:\/\/framtidenskarriar.se\/ingenjor\/wp-json\/wp\/v2\/types\/post"}],"author":[{"embeddable":true,"href":"https:\/\/framtidenskarriar.se\/ingenjor\/wp-json\/wp\/v2\/users\/2"}],"replies":[{"embeddable":true,"href":"https:\/\/framtidenskarriar.se\/ingenjor\/wp-json\/wp\/v2\/comments?post=6645"}],"version-history":[{"count":3,"href":"https:\/\/framtidenskarriar.se\/ingenjor\/wp-json\/wp\/v2\/posts\/6645\/revisions"}],"predecessor-version":[{"id":6939,"href":"https:\/\/framtidenskarriar.se\/ingenjor\/wp-json\/wp\/v2\/posts\/6645\/revisions\/6939"}],"wp:featuredmedia":[{"embeddable":true,"href":"https:\/\/framtidenskarriar.se\/ingenjor\/wp-json\/wp\/v2\/media\/6651"}],"wp:attachment":[{"href":"https:\/\/framtidenskarriar.se\/ingenjor\/wp-json\/wp\/v2\/media?parent=6645"}],"wp:term":[{"taxonomy":"category","embeddable":true,"href":"https:\/\/framtidenskarriar.se\/ingenjor\/wp-json\/wp\/v2\/categories?post=6645"},{"taxonomy":"post_tag","embeddable":true,"href":"https:\/\/framtidenskarriar.se\/ingenjor\/wp-json\/wp\/v2\/tags?post=6645"}],"curies":[{"name":"wp","href":"https:\/\/api.w.org\/{rel}","templated":true}]}}