{"id":6653,"date":"2025-11-03T13:48:22","date_gmt":"2025-11-03T13:48:22","guid":{"rendered":"https:\/\/framtidenskarriar.se\/ingenjor\/?p=6653"},"modified":"2025-12-12T13:54:29","modified_gmt":"2025-12-12T13:54:29","slug":"saab-lyfter-bade-teknik-och-manniskor","status":"publish","type":"post","link":"https:\/\/framtidenskarriar.se\/ingenjor\/2025\/11\/03\/saab-lyfter-bade-teknik-och-manniskor\/","title":{"rendered":"Saab lyfter b\u00e5de teknik och m\u00e4nniskor"},"content":{"rendered":"\n<figure class=\"wp-block-image size-full\"><img loading=\"lazy\" decoding=\"async\" width=\"1000\" height=\"563\" src=\"https:\/\/framtidenskarriar.se\/ingenjor\/wp-content\/uploads\/sites\/14\/2025\/11\/saab-aero-oliver-6873.jpg\" alt=\"Oliver \u00d6hrstam Lindstr\u00f6m, mjukvaru- och forskningsingenj\u00f6r p\u00e5 Saab. Foto: Linus Haegermark \/ Saab AB\" class=\"wp-image-6655\" srcset=\"https:\/\/framtidenskarriar.se\/ingenjor\/wp-content\/uploads\/sites\/14\/2025\/11\/saab-aero-oliver-6873.jpg 1000w, https:\/\/framtidenskarriar.se\/ingenjor\/wp-content\/uploads\/sites\/14\/2025\/11\/saab-aero-oliver-6873-300x169.jpg 300w, https:\/\/framtidenskarriar.se\/ingenjor\/wp-content\/uploads\/sites\/14\/2025\/11\/saab-aero-oliver-6873-768x432.jpg 768w, https:\/\/framtidenskarriar.se\/ingenjor\/wp-content\/uploads\/sites\/14\/2025\/11\/saab-aero-oliver-6873-284x160.jpg 284w, https:\/\/framtidenskarriar.se\/ingenjor\/wp-content\/uploads\/sites\/14\/2025\/11\/saab-aero-oliver-6873-80x45.jpg 80w, https:\/\/framtidenskarriar.se\/ingenjor\/wp-content\/uploads\/sites\/14\/2025\/11\/saab-aero-oliver-6873-720x405.jpg 720w, https:\/\/framtidenskarriar.se\/ingenjor\/wp-content\/uploads\/sites\/14\/2025\/11\/saab-aero-oliver-6873-960x540.jpg 960w, https:\/\/framtidenskarriar.se\/ingenjor\/wp-content\/uploads\/sites\/14\/2025\/11\/saab-aero-oliver-6873-526x296.jpg 526w\" sizes=\"auto, (max-width: 1000px) 100vw, 1000px\" \/><figcaption class=\"wp-element-caption\">Oliver \u00d6hrstam Lindstr\u00f6m, mjukvaru- och forskningsingenj\u00f6r p\u00e5 Saab. Foto: Linus Haegermark \/ Saab AB<\/figcaption><\/figure>\n\n\n\n<p><strong>I Saabs utvecklingsmilj\u00f6er och fabriker formas framtidens flygteknik. H\u00e4r m\u00f6ts ingenj\u00f6rer fr\u00e5n olika discipliner, fr\u00e5n kemi och mekanik till elektronik, materialvetenskap och AI f\u00f6r att l\u00f6sa komplexa problem, utveckla nya l\u00f6sningar och flytta teknikens gr\u00e4nser fram\u00e5t.<\/strong><\/p>\n\n\n\n<p>N\u00e4r Ellen Emanuelsson, civilingenj\u00f6r i kemiteknik fr\u00e5n Chalmers, sommarjobbade p\u00e5 Saab v\u00e4cktes ett intresse f\u00f6r flygindustrins tekniska utmaningar. I dag, n\u00e5gra \u00e5r senare, \u00e4r hon anst\u00e4lld som material- och processingenj\u00f6r p\u00e5 Saabs aff\u00e4rsomr\u00e5de Aeronautics.<br>\u2013 Jag hade inte insett hur central kemin \u00e4r p\u00e5 Saab. H\u00e4r finns en m\u00e4ngd sp\u00e4nnande utmaningar inom Material Process and Component Engineering(MPCE).<br>\u00c4ven kollegan Oliver \u00d6hrstam Lindstr\u00f6m lockades av verksamhetens kombination av avancerad teknik och m\u00f6jligheter att f\u00f6rvandla forskning till praktiska l\u00f6sningar. Som civilingenj\u00f6r i teknisk fysik fr\u00e5n KTH leder han i dag en grupp som utforskar hur artificiell intelligens kan anv\u00e4ndas i Saabs flygsystem.<br>Ett av projekten som v\u00e4ckt stor uppm\u00e4rksamhet \u00e4r integrationen av AI i stridsflygplanet Gripen, det s\u00e5 kallade Beyond-projektet.<br>\u2013 Vi integrerade AI-agenter som kan st\u00f6tta piloten under flygning. Jag satt i kontrollrummet under provflygningarna n\u00e4r agenten faktiskt fl\u00f6g. Det var nerv\u00f6st, men ocks\u00e5 fantastiskt kul.<br>Utvecklingsarbetet, ber\u00e4ttar han, gick i extremt snabbt tempo. P\u00e5 bara sex m\u00e5nader gick de fr\u00e5n simulering till verkliga provflygningar i civilt luftrum.<br>\u2013 Att se n\u00e5got man varit med och utvecklat fungera i luften, det \u00e4r en k\u00e4nsla som \u00e4r sv\u00e5r att sl\u00e5.<\/p>\n\n\n\n<p class=\"has-color-white-01-color has-text-color has-background has-link-color wp-elements-9ad802383cfe4934b340e9edd13a92c0\" style=\"background-color:#003148\"><strong><a href=\"https:\/\/www.saab.com\/sv\/markets\/sweden\/karriar#2624_location__vtype__query_Engineering%20Aeronautics_type_vacancies_block_102501_skip_14\" title=\"Saab Aeronautics HT25 ING pres jobb\" target=\"_blank\" rel=\"noreferrer noopener nofollow\">Jobba med oss. <span style=\"text-decoration: underline;\">Klicka h\u00e4r f\u00f6r att se v\u00e5ra lediga tj\u00e4nster<\/span><\/a><\/strong><\/p>\n\n\n<div class=\"wp-block-image\">\n<figure class=\"alignright size-full is-resized\"><img loading=\"lazy\" decoding=\"async\" width=\"500\" height=\"706\" src=\"https:\/\/framtidenskarriar.se\/ingenjor\/wp-content\/uploads\/sites\/14\/2025\/11\/saab-aero-portratt-251021-erk9826.jpg\" alt=\"Ellen Emanuelsson, material- och processingenj\u00f6r p\u00e5 Saab. Foto: Per Kustvik \/ Saab AB\" class=\"wp-image-6656\" style=\"width:150px\" srcset=\"https:\/\/framtidenskarriar.se\/ingenjor\/wp-content\/uploads\/sites\/14\/2025\/11\/saab-aero-portratt-251021-erk9826.jpg 500w, https:\/\/framtidenskarriar.se\/ingenjor\/wp-content\/uploads\/sites\/14\/2025\/11\/saab-aero-portratt-251021-erk9826-212x300.jpg 212w, https:\/\/framtidenskarriar.se\/ingenjor\/wp-content\/uploads\/sites\/14\/2025\/11\/saab-aero-portratt-251021-erk9826-113x160.jpg 113w\" sizes=\"auto, (max-width: 500px) 100vw, 500px\" \/><figcaption class=\"wp-element-caption\">Ellen Emanuelsson, material- och processingenj\u00f6r p\u00e5 Saab. Foto: Per Kustvik \/ Saab AB<\/figcaption><\/figure>\n<\/div>\n\n\n<p><strong>H\u00e5llbarhet<\/strong><br>Ellen arbetar i en annan del av verksamheten, d\u00e4r samma engagemang och nyfikenhet pr\u00e4glar kulturen. Tillsammans med en kollega leder hon ett omfattande projekt f\u00f6r att fasa ut sexv\u00e4rt krom ur Saabs ytbehandlingar. Det \u00e4r en viktig del i arbetet mot en mer h\u00e5llbar flygproduktion.<br>\u2013 Det \u00e4r ett komplext pussel. Vi ska hitta processer som uppfyller b\u00e5de milj\u00f6krav och flygindustrins h\u00f6ga standarder. Det \u00e4r utmanande, men ocks\u00e5 v\u00e4ldigt givande.<br>Projektet kr\u00e4ver t\u00e4tt samarbete mellan samtliga ber\u00f6rda parter fr\u00e5n produktion, avdelningen f\u00f6r industrialisering och fr\u00e5n milj\u00f6organisationen.<br>\u2013 Det \u00e4r det b\u00e4sta med jobbet, att man l\u00e4r sig s\u00e5 mycket av alla kollegor och specialister runtomkring.<\/p>\n\n\n\n<p><strong>M\u00e5nga m\u00f6jligheter<\/strong><br>Oliver och Ellen beskriver Saab som en milj\u00f6 d\u00e4r unga ingenj\u00f6rer ges m\u00f6jlighet att v\u00e4xa. Cheferna uppmuntrar nyfikenhet och det finns utrymme att forma sin egen roll.<br>\u2013 Jag har haft chefer som sett vad jag tycker \u00e4r roligt och l\u00e5tit mig utvecklas i den riktningen. Det betyder mycket, s\u00e4ger Oliver.<br>Ellen \u00e4r inne p\u00e5 samma sp\u00e5r.<br>\u2013 Saab \u00e4r brett och fullt av m\u00f6jligheter. Oavsett bakgrund finns det alltid n\u00e5got nytt att l\u00e4ra och utvecklas inom.<br>B\u00e5da lyfter fram variationen i arbetet som en avg\u00f6rande del av trivseln.<br>\u2013 Ena dagen handlar det om att analysera och diskutera provresultat, n\u00e4sta om m\u00f6ten med produktionen. Det h\u00e4nder alltid n\u00e5got nytt, konstaterar Ellen.<br>Oliver beskriver samma k\u00e4nsla, att arbetet hela tiden f\u00f6r\u00e4ndras och utmanar.<br>\u2013 Jag gillar att l\u00f6sa komplexa problem och se dem bli till n\u00e5got konkret. N\u00e4r v\u00e5ra id\u00e9er till slut hamnar i luften vet jag att det vi g\u00f6r verkligen spelar roll, s\u00e4ger han.<\/p>\n\n\n\n<p><strong>Stor v\u00e4xtkraft<\/strong><br>De konstaterar att Saabs aff\u00e4rsomr\u00e5de Aeronautics \u00e4r en verksamhet d\u00e4r m\u00e5nga olika ingenj\u00f6rsyrken m\u00f6ts. Oavsett om ingenj\u00f6rsbakgrunden finns inom kemi, fysik, mekanik eller programmering finns det massor med sp\u00e4nnande utmaningar att utforska.<br>\u2013 H\u00e4r f\u00e5r medarbetare utbildning, st\u00f6d och m\u00f6jlighet att v\u00e4xa eller byta inriktning n\u00e4r nya intressen v\u00e4cks. Det finns alltid n\u00e5got nytt att l\u00e4ra sig, s\u00e4ger Ellen.<br>Oliver beskriver drivkraften som avg\u00f6rande, en vilja att l\u00f6sa problem och bidra till n\u00e5got st\u00f6rre.<br>\u2013 Oavsett ingenj\u00f6rsinriktning handlar allt om nyfikenhet och lusten att hitta l\u00f6sningar som g\u00f6r skillnad. Och p\u00e5 Saab finns garanterat alltid n\u00e5got nytt att utforska.<\/p>\n\n\n\n<p class=\"has-color-white-01-color has-text-color has-background has-link-color wp-elements-9ad802383cfe4934b340e9edd13a92c0\" style=\"background-color:#003148\"><strong><a href=\"https:\/\/www.saab.com\/sv\/markets\/sweden\/karriar#2624_location__vtype__query_Engineering%20Aeronautics_type_vacancies_block_102501_skip_14\" title=\"Saab Aeronautics HT25 ING pres jobb\" target=\"_blank\" rel=\"noreferrer noopener nofollow\">Jobba med oss. <span style=\"text-decoration: underline;\">Klicka h\u00e4r f\u00f6r att se v\u00e5ra lediga tj\u00e4nster<\/span><\/a><\/strong><\/p>\n\n\n\n<div class=\"wp-block-group\"><div class=\"wp-block-group__inner-container is-layout-constrained wp-block-group-is-layout-constrained\">\n<div class=\"wp-block-group faktaruta\"><div class=\"wp-block-group__inner-container is-layout-constrained wp-block-group-is-layout-constrained\">\n<h6 class=\"wp-block-heading\">Saab Aeronautics<\/h6>\n\n\n\n<p>Saabs aff\u00e4rsomr\u00e5de Aeronautics utvecklar och producerar flygsystem i v\u00e4rldsklass, fr\u00e5n avancerade stridsflygplan till civila flygstrukturer. Verksamheten omfattar forskning, utveckling och produktion samt f\u00f6rberedande studier f\u00f6r framtida bemannade och obemannade flygplanssystem. Saabs aff\u00e4rsomr\u00e5de Aeronautics har ocks\u00e5 ett n\u00e4ra samarbete med ledande internationella akt\u00f6rer inom flyg- och f\u00f6rsvarsteknik.<br><br><strong><a href=\"https:\/\/www.saab.com\/\" title=\"Saab Aeronautics HT25 ING pres textlink\" target=\"_blank\" rel=\"noreferrer noopener nofollow\">saab.com<\/a><\/strong><br><br><a href=\"https:\/\/www.saab.com\/\" title=\"Saab Aeronautics HT25 ING pres logotype\" target=\"_blank\" rel=\"noreferrer noopener nofollow\"><img loading=\"lazy\" decoding=\"async\" width=\"150\" height=\"48\" class=\"wp-image-6657\" style=\"width: 150px;\" src=\"https:\/\/framtidenskarriar.se\/ingenjor\/wp-content\/uploads\/sites\/14\/2025\/11\/saab-logotype-1.png\" alt=\"\" srcset=\"https:\/\/framtidenskarriar.se\/ingenjor\/wp-content\/uploads\/sites\/14\/2025\/11\/saab-logotype-1.png 500w, https:\/\/framtidenskarriar.se\/ingenjor\/wp-content\/uploads\/sites\/14\/2025\/11\/saab-logotype-1-300x95.png 300w\" sizes=\"auto, (max-width: 150px) 100vw, 150px\" \/><\/a><\/p>\n<\/div><\/div>\n<\/div><\/div>\n\n\n<hr>\n\n\n<div class=\"ad-label\">Annons <i class=\"fas fa-caret-down\" aria-hidden=\"true\"><\/i><\/div>\n\n\n<div class=\"g g-1\"><div class=\"g-single a-11\"><a href=\"https:\/\/framtidenskarriar.se\/ingenjor\/2025\/11\/04\/innovation-genom-integration\/\" target=\"_blank\" title=\"SES annons ht25\" onclick=\"_gaq.push(['_trackEvent', 'Link Clicks', 'Banners', 'SES annons ht25']);\"><img decoding=\"async\" alt=\"SES annons ht25\" src=\"https:\/\/framtidenskarriar.se\/ingenjor\/wp-content\/uploads\/sites\/14\/2025\/11\/ses-annons-liggande.jpg\"\/><\/a><\/div><\/div>\n","protected":false},"excerpt":{"rendered":"<p>I Saabs utvecklingsmilj\u00f6er och fabriker formas framtidens flygteknik.<\/p>\n","protected":false},"author":2,"featured_media":6658,"comment_status":"open","ping_status":"open","sticky":false,"template":"","format":"standard","meta":{"_acf_changed":false,"_monsterinsights_skip_tracking":false,"_monsterinsights_sitenote_active":false,"_monsterinsights_sitenote_note":"","_monsterinsights_sitenote_category":0,"footnotes":""},"categories":[4],"tags":[309,205],"class_list":["post-6653","post","type-post","status-publish","format-standard","has-post-thumbnail","hentry","category-presentation","tag-aeronautics","tag-saab"],"acf":[],"yoast_head":"<!-- This site is optimized with the Yoast SEO plugin v27.3 - https:\/\/yoast.com\/product\/yoast-seo-wordpress\/ -->\n<title>Saab lyfter b\u00e5de teknik och m\u00e4nniskor - Framtidens Karri\u00e4r - Ingenj\u00f6r<\/title>\n<meta name=\"robots\" content=\"index, follow, max-snippet:-1, max-image-preview:large, max-video-preview:-1\" \/>\n<link rel=\"canonical\" href=\"https:\/\/framtidenskarriar.se\/ingenjor\/2025\/11\/03\/saab-lyfter-bade-teknik-och-manniskor\/\" \/>\n<meta property=\"og:locale\" content=\"sv_SE\" \/>\n<meta property=\"og:type\" content=\"article\" \/>\n<meta property=\"og:title\" content=\"Saab lyfter b\u00e5de teknik och m\u00e4nniskor - Framtidens Karri\u00e4r - Ingenj\u00f6r\" \/>\n<meta property=\"og:description\" content=\"I Saabs utvecklingsmilj\u00f6er och fabriker formas framtidens flygteknik.\" \/>\n<meta property=\"og:url\" content=\"https:\/\/framtidenskarriar.se\/ingenjor\/2025\/11\/03\/saab-lyfter-bade-teknik-och-manniskor\/\" \/>\n<meta property=\"og:site_name\" content=\"Framtidens Karri\u00e4r - Ingenj\u00f6r\" \/>\n<meta property=\"article:published_time\" content=\"2025-11-03T13:48:22+00:00\" \/>\n<meta property=\"article:modified_time\" content=\"2025-12-12T13:54:29+00:00\" \/>\n<meta property=\"og:image\" content=\"https:\/\/framtidenskarriar.se\/ingenjor\/wp-content\/uploads\/sites\/14\/2025\/11\/saab-aero-utvald.jpg\" \/>\n\t<meta property=\"og:image:width\" content=\"1000\" \/>\n\t<meta property=\"og:image:height\" content=\"563\" \/>\n\t<meta property=\"og:image:type\" content=\"image\/jpeg\" \/>\n<meta name=\"author\" content=\"viktorwallen\" \/>\n<meta name=\"twitter:card\" content=\"summary_large_image\" \/>\n<meta name=\"twitter:label1\" content=\"Skriven av\" \/>\n\t<meta name=\"twitter:data1\" content=\"viktorwallen\" \/>\n\t<meta name=\"twitter:label2\" content=\"Ber\u00e4knad l\u00e4stid\" \/>\n\t<meta name=\"twitter:data2\" content=\"5 minuter\" \/>\n<script type=\"application\/ld+json\" class=\"yoast-schema-graph\">{\"@context\":\"https:\\\/\\\/schema.org\",\"@graph\":[{\"@type\":\"Article\",\"@id\":\"https:\\\/\\\/framtidenskarriar.se\\\/ingenjor\\\/2025\\\/11\\\/03\\\/saab-lyfter-bade-teknik-och-manniskor\\\/#article\",\"isPartOf\":{\"@id\":\"https:\\\/\\\/framtidenskarriar.se\\\/ingenjor\\\/2025\\\/11\\\/03\\\/saab-lyfter-bade-teknik-och-manniskor\\\/\"},\"author\":{\"name\":\"viktorwallen\",\"@id\":\"https:\\\/\\\/framtidenskarriar.se\\\/ingenjor\\\/#\\\/schema\\\/person\\\/2a13a849ec7646386c2211f59afe3083\"},\"headline\":\"Saab lyfter b\u00e5de teknik och m\u00e4nniskor\",\"datePublished\":\"2025-11-03T13:48:22+00:00\",\"dateModified\":\"2025-12-12T13:54:29+00:00\",\"mainEntityOfPage\":{\"@id\":\"https:\\\/\\\/framtidenskarriar.se\\\/ingenjor\\\/2025\\\/11\\\/03\\\/saab-lyfter-bade-teknik-och-manniskor\\\/\"},\"wordCount\":826,\"commentCount\":0,\"image\":{\"@id\":\"https:\\\/\\\/framtidenskarriar.se\\\/ingenjor\\\/2025\\\/11\\\/03\\\/saab-lyfter-bade-teknik-och-manniskor\\\/#primaryimage\"},\"thumbnailUrl\":\"https:\\\/\\\/framtidenskarriar.se\\\/ingenjor\\\/wp-content\\\/uploads\\\/sites\\\/14\\\/2025\\\/11\\\/saab-aero-utvald.jpg\",\"keywords\":[\"Aeronautics\",\"Saab\"],\"articleSection\":[\"Presentation\"],\"inLanguage\":\"sv-SE\",\"potentialAction\":[{\"@type\":\"CommentAction\",\"name\":\"Comment\",\"target\":[\"https:\\\/\\\/framtidenskarriar.se\\\/ingenjor\\\/2025\\\/11\\\/03\\\/saab-lyfter-bade-teknik-och-manniskor\\\/#respond\"]}]},{\"@type\":\"WebPage\",\"@id\":\"https:\\\/\\\/framtidenskarriar.se\\\/ingenjor\\\/2025\\\/11\\\/03\\\/saab-lyfter-bade-teknik-och-manniskor\\\/\",\"url\":\"https:\\\/\\\/framtidenskarriar.se\\\/ingenjor\\\/2025\\\/11\\\/03\\\/saab-lyfter-bade-teknik-och-manniskor\\\/\",\"name\":\"Saab lyfter b\u00e5de teknik och m\u00e4nniskor - Framtidens Karri\u00e4r - Ingenj\u00f6r\",\"isPartOf\":{\"@id\":\"https:\\\/\\\/framtidenskarriar.se\\\/ingenjor\\\/#website\"},\"primaryImageOfPage\":{\"@id\":\"https:\\\/\\\/framtidenskarriar.se\\\/ingenjor\\\/2025\\\/11\\\/03\\\/saab-lyfter-bade-teknik-och-manniskor\\\/#primaryimage\"},\"image\":{\"@id\":\"https:\\\/\\\/framtidenskarriar.se\\\/ingenjor\\\/2025\\\/11\\\/03\\\/saab-lyfter-bade-teknik-och-manniskor\\\/#primaryimage\"},\"thumbnailUrl\":\"https:\\\/\\\/framtidenskarriar.se\\\/ingenjor\\\/wp-content\\\/uploads\\\/sites\\\/14\\\/2025\\\/11\\\/saab-aero-utvald.jpg\",\"datePublished\":\"2025-11-03T13:48:22+00:00\",\"dateModified\":\"2025-12-12T13:54:29+00:00\",\"author\":{\"@id\":\"https:\\\/\\\/framtidenskarriar.se\\\/ingenjor\\\/#\\\/schema\\\/person\\\/2a13a849ec7646386c2211f59afe3083\"},\"breadcrumb\":{\"@id\":\"https:\\\/\\\/framtidenskarriar.se\\\/ingenjor\\\/2025\\\/11\\\/03\\\/saab-lyfter-bade-teknik-och-manniskor\\\/#breadcrumb\"},\"inLanguage\":\"sv-SE\",\"potentialAction\":[{\"@type\":\"ReadAction\",\"target\":[\"https:\\\/\\\/framtidenskarriar.se\\\/ingenjor\\\/2025\\\/11\\\/03\\\/saab-lyfter-bade-teknik-och-manniskor\\\/\"]}]},{\"@type\":\"ImageObject\",\"inLanguage\":\"sv-SE\",\"@id\":\"https:\\\/\\\/framtidenskarriar.se\\\/ingenjor\\\/2025\\\/11\\\/03\\\/saab-lyfter-bade-teknik-och-manniskor\\\/#primaryimage\",\"url\":\"https:\\\/\\\/framtidenskarriar.se\\\/ingenjor\\\/wp-content\\\/uploads\\\/sites\\\/14\\\/2025\\\/11\\\/saab-aero-utvald.jpg\",\"contentUrl\":\"https:\\\/\\\/framtidenskarriar.se\\\/ingenjor\\\/wp-content\\\/uploads\\\/sites\\\/14\\\/2025\\\/11\\\/saab-aero-utvald.jpg\",\"width\":1000,\"height\":563},{\"@type\":\"BreadcrumbList\",\"@id\":\"https:\\\/\\\/framtidenskarriar.se\\\/ingenjor\\\/2025\\\/11\\\/03\\\/saab-lyfter-bade-teknik-och-manniskor\\\/#breadcrumb\",\"itemListElement\":[{\"@type\":\"ListItem\",\"position\":1,\"name\":\"Home\",\"item\":\"https:\\\/\\\/framtidenskarriar.se\\\/ingenjor\\\/\"},{\"@type\":\"ListItem\",\"position\":2,\"name\":\"Saab lyfter b\u00e5de teknik och m\u00e4nniskor\"}]},{\"@type\":\"WebSite\",\"@id\":\"https:\\\/\\\/framtidenskarriar.se\\\/ingenjor\\\/#website\",\"url\":\"https:\\\/\\\/framtidenskarriar.se\\\/ingenjor\\\/\",\"name\":\"Framtidens Karri\u00e4r - Ingenj\u00f6r\",\"description\":\"Just another NMDashboard.se Sites site\",\"potentialAction\":[{\"@type\":\"SearchAction\",\"target\":{\"@type\":\"EntryPoint\",\"urlTemplate\":\"https:\\\/\\\/framtidenskarriar.se\\\/ingenjor\\\/?s={search_term_string}\"},\"query-input\":{\"@type\":\"PropertyValueSpecification\",\"valueRequired\":true,\"valueName\":\"search_term_string\"}}],\"inLanguage\":\"sv-SE\"},{\"@type\":\"Person\",\"@id\":\"https:\\\/\\\/framtidenskarriar.se\\\/ingenjor\\\/#\\\/schema\\\/person\\\/2a13a849ec7646386c2211f59afe3083\",\"name\":\"viktorwallen\",\"image\":{\"@type\":\"ImageObject\",\"inLanguage\":\"sv-SE\",\"@id\":\"https:\\\/\\\/secure.gravatar.com\\\/avatar\\\/701701bd36169636031933997c8c6b954f2f635bbb7cd4802e4a007f9c9f4e59?s=96&d=mm&r=g\",\"url\":\"https:\\\/\\\/secure.gravatar.com\\\/avatar\\\/701701bd36169636031933997c8c6b954f2f635bbb7cd4802e4a007f9c9f4e59?s=96&d=mm&r=g\",\"contentUrl\":\"https:\\\/\\\/secure.gravatar.com\\\/avatar\\\/701701bd36169636031933997c8c6b954f2f635bbb7cd4802e4a007f9c9f4e59?s=96&d=mm&r=g\",\"caption\":\"viktorwallen\"},\"url\":\"https:\\\/\\\/framtidenskarriar.se\\\/ingenjor\\\/author\\\/viktorwallen\\\/\"}]}<\/script>\n<!-- \/ Yoast SEO plugin. -->","yoast_head_json":{"title":"Saab lyfter b\u00e5de teknik och m\u00e4nniskor - Framtidens Karri\u00e4r - Ingenj\u00f6r","robots":{"index":"index","follow":"follow","max-snippet":"max-snippet:-1","max-image-preview":"max-image-preview:large","max-video-preview":"max-video-preview:-1"},"canonical":"https:\/\/framtidenskarriar.se\/ingenjor\/2025\/11\/03\/saab-lyfter-bade-teknik-och-manniskor\/","og_locale":"sv_SE","og_type":"article","og_title":"Saab lyfter b\u00e5de teknik och m\u00e4nniskor - Framtidens Karri\u00e4r - Ingenj\u00f6r","og_description":"I Saabs utvecklingsmilj\u00f6er och fabriker formas framtidens flygteknik.","og_url":"https:\/\/framtidenskarriar.se\/ingenjor\/2025\/11\/03\/saab-lyfter-bade-teknik-och-manniskor\/","og_site_name":"Framtidens Karri\u00e4r - Ingenj\u00f6r","article_published_time":"2025-11-03T13:48:22+00:00","article_modified_time":"2025-12-12T13:54:29+00:00","og_image":[{"width":1000,"height":563,"url":"https:\/\/framtidenskarriar.se\/ingenjor\/wp-content\/uploads\/sites\/14\/2025\/11\/saab-aero-utvald.jpg","type":"image\/jpeg"}],"author":"viktorwallen","twitter_card":"summary_large_image","twitter_misc":{"Skriven av":"viktorwallen","Ber\u00e4knad l\u00e4stid":"5 minuter"},"schema":{"@context":"https:\/\/schema.org","@graph":[{"@type":"Article","@id":"https:\/\/framtidenskarriar.se\/ingenjor\/2025\/11\/03\/saab-lyfter-bade-teknik-och-manniskor\/#article","isPartOf":{"@id":"https:\/\/framtidenskarriar.se\/ingenjor\/2025\/11\/03\/saab-lyfter-bade-teknik-och-manniskor\/"},"author":{"name":"viktorwallen","@id":"https:\/\/framtidenskarriar.se\/ingenjor\/#\/schema\/person\/2a13a849ec7646386c2211f59afe3083"},"headline":"Saab lyfter b\u00e5de teknik och m\u00e4nniskor","datePublished":"2025-11-03T13:48:22+00:00","dateModified":"2025-12-12T13:54:29+00:00","mainEntityOfPage":{"@id":"https:\/\/framtidenskarriar.se\/ingenjor\/2025\/11\/03\/saab-lyfter-bade-teknik-och-manniskor\/"},"wordCount":826,"commentCount":0,"image":{"@id":"https:\/\/framtidenskarriar.se\/ingenjor\/2025\/11\/03\/saab-lyfter-bade-teknik-och-manniskor\/#primaryimage"},"thumbnailUrl":"https:\/\/framtidenskarriar.se\/ingenjor\/wp-content\/uploads\/sites\/14\/2025\/11\/saab-aero-utvald.jpg","keywords":["Aeronautics","Saab"],"articleSection":["Presentation"],"inLanguage":"sv-SE","potentialAction":[{"@type":"CommentAction","name":"Comment","target":["https:\/\/framtidenskarriar.se\/ingenjor\/2025\/11\/03\/saab-lyfter-bade-teknik-och-manniskor\/#respond"]}]},{"@type":"WebPage","@id":"https:\/\/framtidenskarriar.se\/ingenjor\/2025\/11\/03\/saab-lyfter-bade-teknik-och-manniskor\/","url":"https:\/\/framtidenskarriar.se\/ingenjor\/2025\/11\/03\/saab-lyfter-bade-teknik-och-manniskor\/","name":"Saab lyfter b\u00e5de teknik och m\u00e4nniskor - Framtidens Karri\u00e4r - Ingenj\u00f6r","isPartOf":{"@id":"https:\/\/framtidenskarriar.se\/ingenjor\/#website"},"primaryImageOfPage":{"@id":"https:\/\/framtidenskarriar.se\/ingenjor\/2025\/11\/03\/saab-lyfter-bade-teknik-och-manniskor\/#primaryimage"},"image":{"@id":"https:\/\/framtidenskarriar.se\/ingenjor\/2025\/11\/03\/saab-lyfter-bade-teknik-och-manniskor\/#primaryimage"},"thumbnailUrl":"https:\/\/framtidenskarriar.se\/ingenjor\/wp-content\/uploads\/sites\/14\/2025\/11\/saab-aero-utvald.jpg","datePublished":"2025-11-03T13:48:22+00:00","dateModified":"2025-12-12T13:54:29+00:00","author":{"@id":"https:\/\/framtidenskarriar.se\/ingenjor\/#\/schema\/person\/2a13a849ec7646386c2211f59afe3083"},"breadcrumb":{"@id":"https:\/\/framtidenskarriar.se\/ingenjor\/2025\/11\/03\/saab-lyfter-bade-teknik-och-manniskor\/#breadcrumb"},"inLanguage":"sv-SE","potentialAction":[{"@type":"ReadAction","target":["https:\/\/framtidenskarriar.se\/ingenjor\/2025\/11\/03\/saab-lyfter-bade-teknik-och-manniskor\/"]}]},{"@type":"ImageObject","inLanguage":"sv-SE","@id":"https:\/\/framtidenskarriar.se\/ingenjor\/2025\/11\/03\/saab-lyfter-bade-teknik-och-manniskor\/#primaryimage","url":"https:\/\/framtidenskarriar.se\/ingenjor\/wp-content\/uploads\/sites\/14\/2025\/11\/saab-aero-utvald.jpg","contentUrl":"https:\/\/framtidenskarriar.se\/ingenjor\/wp-content\/uploads\/sites\/14\/2025\/11\/saab-aero-utvald.jpg","width":1000,"height":563},{"@type":"BreadcrumbList","@id":"https:\/\/framtidenskarriar.se\/ingenjor\/2025\/11\/03\/saab-lyfter-bade-teknik-och-manniskor\/#breadcrumb","itemListElement":[{"@type":"ListItem","position":1,"name":"Home","item":"https:\/\/framtidenskarriar.se\/ingenjor\/"},{"@type":"ListItem","position":2,"name":"Saab lyfter b\u00e5de teknik och m\u00e4nniskor"}]},{"@type":"WebSite","@id":"https:\/\/framtidenskarriar.se\/ingenjor\/#website","url":"https:\/\/framtidenskarriar.se\/ingenjor\/","name":"Framtidens Karri\u00e4r - Ingenj\u00f6r","description":"Just another NMDashboard.se Sites site","potentialAction":[{"@type":"SearchAction","target":{"@type":"EntryPoint","urlTemplate":"https:\/\/framtidenskarriar.se\/ingenjor\/?s={search_term_string}"},"query-input":{"@type":"PropertyValueSpecification","valueRequired":true,"valueName":"search_term_string"}}],"inLanguage":"sv-SE"},{"@type":"Person","@id":"https:\/\/framtidenskarriar.se\/ingenjor\/#\/schema\/person\/2a13a849ec7646386c2211f59afe3083","name":"viktorwallen","image":{"@type":"ImageObject","inLanguage":"sv-SE","@id":"https:\/\/secure.gravatar.com\/avatar\/701701bd36169636031933997c8c6b954f2f635bbb7cd4802e4a007f9c9f4e59?s=96&d=mm&r=g","url":"https:\/\/secure.gravatar.com\/avatar\/701701bd36169636031933997c8c6b954f2f635bbb7cd4802e4a007f9c9f4e59?s=96&d=mm&r=g","contentUrl":"https:\/\/secure.gravatar.com\/avatar\/701701bd36169636031933997c8c6b954f2f635bbb7cd4802e4a007f9c9f4e59?s=96&d=mm&r=g","caption":"viktorwallen"},"url":"https:\/\/framtidenskarriar.se\/ingenjor\/author\/viktorwallen\/"}]}},"_links":{"self":[{"href":"https:\/\/framtidenskarriar.se\/ingenjor\/wp-json\/wp\/v2\/posts\/6653","targetHints":{"allow":["GET"]}}],"collection":[{"href":"https:\/\/framtidenskarriar.se\/ingenjor\/wp-json\/wp\/v2\/posts"}],"about":[{"href":"https:\/\/framtidenskarriar.se\/ingenjor\/wp-json\/wp\/v2\/types\/post"}],"author":[{"embeddable":true,"href":"https:\/\/framtidenskarriar.se\/ingenjor\/wp-json\/wp\/v2\/users\/2"}],"replies":[{"embeddable":true,"href":"https:\/\/framtidenskarriar.se\/ingenjor\/wp-json\/wp\/v2\/comments?post=6653"}],"version-history":[{"count":3,"href":"https:\/\/framtidenskarriar.se\/ingenjor\/wp-json\/wp\/v2\/posts\/6653\/revisions"}],"predecessor-version":[{"id":6937,"href":"https:\/\/framtidenskarriar.se\/ingenjor\/wp-json\/wp\/v2\/posts\/6653\/revisions\/6937"}],"wp:featuredmedia":[{"embeddable":true,"href":"https:\/\/framtidenskarriar.se\/ingenjor\/wp-json\/wp\/v2\/media\/6658"}],"wp:attachment":[{"href":"https:\/\/framtidenskarriar.se\/ingenjor\/wp-json\/wp\/v2\/media?parent=6653"}],"wp:term":[{"taxonomy":"category","embeddable":true,"href":"https:\/\/framtidenskarriar.se\/ingenjor\/wp-json\/wp\/v2\/categories?post=6653"},{"taxonomy":"post_tag","embeddable":true,"href":"https:\/\/framtidenskarriar.se\/ingenjor\/wp-json\/wp\/v2\/tags?post=6653"}],"curies":[{"name":"wp","href":"https:\/\/api.w.org\/{rel}","templated":true}]}}