{"id":6754,"date":"2025-11-03T15:47:36","date_gmt":"2025-11-03T15:47:36","guid":{"rendered":"https:\/\/framtidenskarriar.se\/ingenjor\/?p=6754"},"modified":"2025-12-12T13:51:15","modified_gmt":"2025-12-12T13:51:15","slug":"vi-skyddar-vara-digitala-system-mot-cyberattacker","status":"publish","type":"post","link":"https:\/\/framtidenskarriar.se\/ingenjor\/2025\/11\/03\/vi-skyddar-vara-digitala-system-mot-cyberattacker\/","title":{"rendered":"\u201dVi skyddar v\u00e5ra digitala system mot cyberattacker\u201d"},"content":{"rendered":"\n<figure class=\"wp-block-image size-full\"><img loading=\"lazy\" decoding=\"async\" width=\"1000\" height=\"563\" src=\"https:\/\/framtidenskarriar.se\/ingenjor\/wp-content\/uploads\/sites\/14\/2025\/11\/cyberforsvar-20220208-joethu01-cyberpluton-27.jpg\" alt=\"Foto: Joel Thungren\/F\u00f6rsvarsmakten\" class=\"wp-image-6755\" srcset=\"https:\/\/framtidenskarriar.se\/ingenjor\/wp-content\/uploads\/sites\/14\/2025\/11\/cyberforsvar-20220208-joethu01-cyberpluton-27.jpg 1000w, https:\/\/framtidenskarriar.se\/ingenjor\/wp-content\/uploads\/sites\/14\/2025\/11\/cyberforsvar-20220208-joethu01-cyberpluton-27-300x169.jpg 300w, https:\/\/framtidenskarriar.se\/ingenjor\/wp-content\/uploads\/sites\/14\/2025\/11\/cyberforsvar-20220208-joethu01-cyberpluton-27-768x432.jpg 768w, https:\/\/framtidenskarriar.se\/ingenjor\/wp-content\/uploads\/sites\/14\/2025\/11\/cyberforsvar-20220208-joethu01-cyberpluton-27-284x160.jpg 284w, https:\/\/framtidenskarriar.se\/ingenjor\/wp-content\/uploads\/sites\/14\/2025\/11\/cyberforsvar-20220208-joethu01-cyberpluton-27-80x45.jpg 80w, https:\/\/framtidenskarriar.se\/ingenjor\/wp-content\/uploads\/sites\/14\/2025\/11\/cyberforsvar-20220208-joethu01-cyberpluton-27-720x405.jpg 720w, https:\/\/framtidenskarriar.se\/ingenjor\/wp-content\/uploads\/sites\/14\/2025\/11\/cyberforsvar-20220208-joethu01-cyberpluton-27-960x540.jpg 960w, https:\/\/framtidenskarriar.se\/ingenjor\/wp-content\/uploads\/sites\/14\/2025\/11\/cyberforsvar-20220208-joethu01-cyberpluton-27-526x296.jpg 526w\" sizes=\"auto, (max-width: 1000px) 100vw, 1000px\" \/><figcaption class=\"wp-element-caption\">Foto: Joel Thungren\/F\u00f6rsvarsmakten<\/figcaption><\/figure>\n\n\n\n<p><strong>Aktiviteten i cyberdom\u00e4nen har \u00f6kat markant de senaste \u00e5ren. Inte minst i samband med att den storskaliga invasionen av Ukraina inleddes 2022. Cyberattacker kan inneb\u00e4ra omfattande konsekvenser f\u00f6r samh\u00e4llet och samh\u00e4llsviktiga funktioner.<\/strong><\/p>\n\n\n\n<p>\u2013 Cyberf\u00f6rsvaret utg\u00f6r en milit\u00e4rstrategisk resurs och ing\u00e5r som en del i det milit\u00e4ra f\u00f6rsvaret. Genom offensiva och defensiva cyberoperationer ska vi p\u00e5verka motst\u00e5ndarens operativa och strategiska f\u00f6ruts\u00e4ttningar samt s\u00e4kerst\u00e4lla v\u00e5r egen handlingsfrihet genom att uppt\u00e4cka, identifiera och bem\u00f6ta hot. Vi skyddar kritisk infrastruktur och digitala system mot cyberattacker utifr\u00e5n m\u00e5ls\u00e4ttningen att F\u00f6rsvarsmakten ska kunna l\u00f6sa sin huvuduppgift samt s\u00e4kerst\u00e4lla att f\u00f6r oss kritiska funktioner i Sverige uppr\u00e4tth\u00e5lls. Vi har \u00e4ven en viktig roll i att st\u00f6tta f\u00f6retag och organisationer i deras arbete med att hantera och bem\u00f6ta cyberhot, s\u00e4ger generalmajor Johan Pekkari, som sedan 2023 \u00e4r chef f\u00f6r F\u00f6rsvarsmaktens cyberf\u00f6rsvar och strategienheten.<br>Cyberf\u00f6rsvarets verksamhet bedrivs i samverkan med andra myndigheter, n\u00e4ringslivet, akademi och allierade. Tv\u00e5 aktuella utmaningar f\u00f6r cyberf\u00f6rsvaret \u00e4r att st\u00e4ndigt befinna sig i den teknologiska utvecklingens frontlinje och att s\u00e4kerst\u00e4lla tillg\u00e5ngen p\u00e5 kompetenta medarbetare. Intresset f\u00f6r att arbeta inom cyberf\u00f6rsvaret har kontinuerligt \u00f6kat i takt med verksamhetens utveckling.<\/p>\n\n\n\n<blockquote class=\"wp-block-quote is-layout-flow wp-block-quote-is-layout-flow\">\n<p><em>&#8221;Vi skyddar kritisk infrastruktur och digitala system mot cyberattacker.&#8221;<\/em><\/p>\n<\/blockquote>\n\n\n<div class=\"wp-block-image\">\n<figure class=\"alignright size-full is-resized\"><img loading=\"lazy\" decoding=\"async\" width=\"475\" height=\"589\" src=\"https:\/\/framtidenskarriar.se\/ingenjor\/wp-content\/uploads\/sites\/14\/2025\/11\/cyberforsvar-pekkari-johan-utomhus.jpg\" alt=\"Generalmajor Johan Pekkari, chef f\u00f6r F\u00f6rsvarsmaktens cyberf\u00f6rsvar och strategienheten. Foto: F\u00f6rsvarsmakten\" class=\"wp-image-6756\" style=\"width:150px\" srcset=\"https:\/\/framtidenskarriar.se\/ingenjor\/wp-content\/uploads\/sites\/14\/2025\/11\/cyberforsvar-pekkari-johan-utomhus.jpg 475w, https:\/\/framtidenskarriar.se\/ingenjor\/wp-content\/uploads\/sites\/14\/2025\/11\/cyberforsvar-pekkari-johan-utomhus-242x300.jpg 242w, https:\/\/framtidenskarriar.se\/ingenjor\/wp-content\/uploads\/sites\/14\/2025\/11\/cyberforsvar-pekkari-johan-utomhus-129x160.jpg 129w\" sizes=\"auto, (max-width: 475px) 100vw, 475px\" \/><figcaption class=\"wp-element-caption\">Generalmajor Johan Pekkari, chef f\u00f6r F\u00f6rsvarsmaktens cyberf\u00f6rsvar och strategienheten. Foto: F\u00f6rsvarsmakten<\/figcaption><\/figure>\n<\/div>\n\n\n<p><strong>F\u00f6rsvara v\u00e5ra egna system<\/strong><br>\u2013 Cyberf\u00f6rsvaret \u00e4r avg\u00f6rande f\u00f6r den svenska f\u00f6rsvarsf\u00f6rm\u00e5gan. Om vi inte kan f\u00f6rsvara v\u00e5ra egna system kommer vi inte att ha den handlingsfrihet som kr\u00e4vs f\u00f6r att f\u00f6rsvara Sverige p\u00e5 det s\u00e4tt vi beh\u00f6ver. Cyberf\u00f6rsvarets roll blir dessutom allt viktigare ju mer uppkopplade vi \u00e4r, s\u00e4ger Johan Pekkari.<br>Cyberf\u00f6rsvaret har i en eller annan form funnits i 25 \u00e5r men \u00e4r, i f\u00f6rh\u00e5llande till arm\u00e9n, marinen och flygvapnet, en relativt ny del av F\u00f6rsvarsmakten. Johan Pekkari bed\u00f6mer att samtliga nordiska l\u00e4nder ligger relativt l\u00e5ngt fram p\u00e5 cyberf\u00f6rsvarsomr\u00e5det och till\u00e4gger att l\u00e4nderna har styrkeomr\u00e5den som kompletterar varandra.<br>\u2013 Vi \u00e4r aktiva 24 timmar om dygnet alla \u00e5rets dagar och vi utvecklar samtidigt en organisation som syftar till att skydda och s\u00e4kerst\u00e4lla handlingsfriheten med v\u00e5ra egna system. V\u00e5ren 2025 etablerades dessutom ett cyberf\u00f6rsvarsf\u00f6rband. Det ska kunna f\u00f6rsvara kritisk civil infrastruktur som F\u00f6rsvarsmakten \u00e4r beroende av men inte sj\u00e4lv \u00e4ger eller styr \u00f6ver. F\u00f6rbandet bem\u00f6ter bland annat hot fr\u00e5n statsakt\u00f6rer och har god tillg\u00e5ng till h\u00f6gt kvalificerad personal. Det handlar inledningsvis om sektorerna finans, energi och telekommunikation, s\u00e4ger Johan Pekkari.<\/p>\n\n\n\n<p><strong>Djup och bred ingenj\u00f6rskompetens<\/strong><br>S\u00e5v\u00e4l cyberf\u00f6rsvaret som cyberskyddsteknologin befinner sig i st\u00e4ndig utveckling och den cyberbaserade hotbilden blir alltmer komplex. F\u00f6r att tillgodose cyberf\u00f6rsvarets kompetensbehov kr\u00e4vs en bred palett av olika ingenj\u00f6rskompetenser.<br>\u2013 F\u00f6r att navigera i cyberf\u00f6rsvarsterr\u00e4ngen och arbeta med tekniska l\u00f6sningar som kan bidra till att f\u00f6rsvara Sverige kr\u00e4vs s\u00e5v\u00e4l bred som djup ingenj\u00f6rskompetens. Vi rekryterar brett och har bland annat behov av processingenj\u00f6rer samt ingenj\u00f6rer med kompetens inom underh\u00e5ll, automatisering, kvalitetsgranskning och AI. Ingenj\u00f6rer som vill arbeta med avancerad teknologi f\u00f6r att f\u00f6rsvara Sverige inom cyberdom\u00e4nen kan bland annat forska, satsa p\u00e5 en chefskarri\u00e4r eller bli teknisk specialist hos oss, s\u00e4ger Johan Pekkari.<\/p>\n\n\n<hr>\n\n\n<div class=\"ad-label\">Annons <i class=\"fas fa-caret-down\" aria-hidden=\"true\"><\/i><\/div>\n\n\n<div class=\"g g-1\"><div class=\"g-single a-11\"><a href=\"https:\/\/framtidenskarriar.se\/ingenjor\/2025\/11\/04\/innovation-genom-integration\/\" target=\"_blank\" title=\"SES annons ht25\" onclick=\"_gaq.push(['_trackEvent', 'Link Clicks', 'Banners', 'SES annons ht25']);\"><img decoding=\"async\" alt=\"SES annons ht25\" src=\"https:\/\/framtidenskarriar.se\/ingenjor\/wp-content\/uploads\/sites\/14\/2025\/11\/ses-annons-liggande.jpg\"\/><\/a><\/div><\/div>\n","protected":false},"excerpt":{"rendered":"<p>Cyberf\u00f6rsvaret utg\u00f6r en milit\u00e4rstrategisk resurs och ing\u00e5r som en del i det milit\u00e4ra f\u00f6rsvaret.<\/p>\n","protected":false},"author":2,"featured_media":6757,"comment_status":"open","ping_status":"open","sticky":false,"template":"","format":"standard","meta":{"_acf_changed":false,"_monsterinsights_skip_tracking":false,"_monsterinsights_sitenote_active":false,"_monsterinsights_sitenote_note":"","_monsterinsights_sitenote_category":0,"footnotes":""},"categories":[1],"tags":[303],"class_list":["post-6754","post","type-post","status-publish","format-standard","has-post-thumbnail","hentry","category-artikel","tag-cyberforsvaret"],"acf":[],"yoast_head":"<!-- This site is optimized with the Yoast SEO plugin v27.3 - https:\/\/yoast.com\/product\/yoast-seo-wordpress\/ -->\n<title>\u201dVi skyddar v\u00e5ra digitala system mot cyberattacker\u201d - Framtidens Karri\u00e4r - Ingenj\u00f6r<\/title>\n<meta name=\"robots\" content=\"index, follow, max-snippet:-1, max-image-preview:large, max-video-preview:-1\" \/>\n<link rel=\"canonical\" href=\"https:\/\/framtidenskarriar.se\/ingenjor\/2025\/11\/03\/vi-skyddar-vara-digitala-system-mot-cyberattacker\/\" \/>\n<meta property=\"og:locale\" content=\"sv_SE\" \/>\n<meta property=\"og:type\" content=\"article\" \/>\n<meta property=\"og:title\" content=\"\u201dVi skyddar v\u00e5ra digitala system mot cyberattacker\u201d - Framtidens Karri\u00e4r - Ingenj\u00f6r\" \/>\n<meta property=\"og:description\" content=\"Cyberf\u00f6rsvaret utg\u00f6r en milit\u00e4rstrategisk resurs och ing\u00e5r som en del i det milit\u00e4ra f\u00f6rsvaret.\" \/>\n<meta property=\"og:url\" content=\"https:\/\/framtidenskarriar.se\/ingenjor\/2025\/11\/03\/vi-skyddar-vara-digitala-system-mot-cyberattacker\/\" \/>\n<meta property=\"og:site_name\" content=\"Framtidens Karri\u00e4r - Ingenj\u00f6r\" \/>\n<meta property=\"article:published_time\" content=\"2025-11-03T15:47:36+00:00\" \/>\n<meta property=\"article:modified_time\" content=\"2025-12-12T13:51:15+00:00\" \/>\n<meta property=\"og:image\" content=\"https:\/\/framtidenskarriar.se\/ingenjor\/wp-content\/uploads\/sites\/14\/2025\/11\/cyberforsvar-utvald.jpg\" \/>\n\t<meta property=\"og:image:width\" content=\"1000\" \/>\n\t<meta property=\"og:image:height\" content=\"563\" \/>\n\t<meta property=\"og:image:type\" content=\"image\/jpeg\" \/>\n<meta name=\"author\" content=\"viktorwallen\" \/>\n<meta name=\"twitter:card\" content=\"summary_large_image\" \/>\n<meta name=\"twitter:label1\" content=\"Skriven av\" \/>\n\t<meta name=\"twitter:data1\" content=\"viktorwallen\" \/>\n\t<meta name=\"twitter:label2\" content=\"Ber\u00e4knad l\u00e4stid\" \/>\n\t<meta name=\"twitter:data2\" content=\"4 minuter\" \/>\n<script type=\"application\/ld+json\" class=\"yoast-schema-graph\">{\"@context\":\"https:\\\/\\\/schema.org\",\"@graph\":[{\"@type\":\"Article\",\"@id\":\"https:\\\/\\\/framtidenskarriar.se\\\/ingenjor\\\/2025\\\/11\\\/03\\\/vi-skyddar-vara-digitala-system-mot-cyberattacker\\\/#article\",\"isPartOf\":{\"@id\":\"https:\\\/\\\/framtidenskarriar.se\\\/ingenjor\\\/2025\\\/11\\\/03\\\/vi-skyddar-vara-digitala-system-mot-cyberattacker\\\/\"},\"author\":{\"name\":\"viktorwallen\",\"@id\":\"https:\\\/\\\/framtidenskarriar.se\\\/ingenjor\\\/#\\\/schema\\\/person\\\/2a13a849ec7646386c2211f59afe3083\"},\"headline\":\"\u201dVi skyddar v\u00e5ra digitala system mot cyberattacker\u201d\",\"datePublished\":\"2025-11-03T15:47:36+00:00\",\"dateModified\":\"2025-12-12T13:51:15+00:00\",\"mainEntityOfPage\":{\"@id\":\"https:\\\/\\\/framtidenskarriar.se\\\/ingenjor\\\/2025\\\/11\\\/03\\\/vi-skyddar-vara-digitala-system-mot-cyberattacker\\\/\"},\"wordCount\":621,\"commentCount\":0,\"image\":{\"@id\":\"https:\\\/\\\/framtidenskarriar.se\\\/ingenjor\\\/2025\\\/11\\\/03\\\/vi-skyddar-vara-digitala-system-mot-cyberattacker\\\/#primaryimage\"},\"thumbnailUrl\":\"https:\\\/\\\/framtidenskarriar.se\\\/ingenjor\\\/wp-content\\\/uploads\\\/sites\\\/14\\\/2025\\\/11\\\/cyberforsvar-utvald.jpg\",\"keywords\":[\"Cyberf\u00f6rsvaret\"],\"articleSection\":[\"Artikel\"],\"inLanguage\":\"sv-SE\",\"potentialAction\":[{\"@type\":\"CommentAction\",\"name\":\"Comment\",\"target\":[\"https:\\\/\\\/framtidenskarriar.se\\\/ingenjor\\\/2025\\\/11\\\/03\\\/vi-skyddar-vara-digitala-system-mot-cyberattacker\\\/#respond\"]}]},{\"@type\":\"WebPage\",\"@id\":\"https:\\\/\\\/framtidenskarriar.se\\\/ingenjor\\\/2025\\\/11\\\/03\\\/vi-skyddar-vara-digitala-system-mot-cyberattacker\\\/\",\"url\":\"https:\\\/\\\/framtidenskarriar.se\\\/ingenjor\\\/2025\\\/11\\\/03\\\/vi-skyddar-vara-digitala-system-mot-cyberattacker\\\/\",\"name\":\"\u201dVi skyddar v\u00e5ra digitala system mot cyberattacker\u201d - Framtidens Karri\u00e4r - Ingenj\u00f6r\",\"isPartOf\":{\"@id\":\"https:\\\/\\\/framtidenskarriar.se\\\/ingenjor\\\/#website\"},\"primaryImageOfPage\":{\"@id\":\"https:\\\/\\\/framtidenskarriar.se\\\/ingenjor\\\/2025\\\/11\\\/03\\\/vi-skyddar-vara-digitala-system-mot-cyberattacker\\\/#primaryimage\"},\"image\":{\"@id\":\"https:\\\/\\\/framtidenskarriar.se\\\/ingenjor\\\/2025\\\/11\\\/03\\\/vi-skyddar-vara-digitala-system-mot-cyberattacker\\\/#primaryimage\"},\"thumbnailUrl\":\"https:\\\/\\\/framtidenskarriar.se\\\/ingenjor\\\/wp-content\\\/uploads\\\/sites\\\/14\\\/2025\\\/11\\\/cyberforsvar-utvald.jpg\",\"datePublished\":\"2025-11-03T15:47:36+00:00\",\"dateModified\":\"2025-12-12T13:51:15+00:00\",\"author\":{\"@id\":\"https:\\\/\\\/framtidenskarriar.se\\\/ingenjor\\\/#\\\/schema\\\/person\\\/2a13a849ec7646386c2211f59afe3083\"},\"breadcrumb\":{\"@id\":\"https:\\\/\\\/framtidenskarriar.se\\\/ingenjor\\\/2025\\\/11\\\/03\\\/vi-skyddar-vara-digitala-system-mot-cyberattacker\\\/#breadcrumb\"},\"inLanguage\":\"sv-SE\",\"potentialAction\":[{\"@type\":\"ReadAction\",\"target\":[\"https:\\\/\\\/framtidenskarriar.se\\\/ingenjor\\\/2025\\\/11\\\/03\\\/vi-skyddar-vara-digitala-system-mot-cyberattacker\\\/\"]}]},{\"@type\":\"ImageObject\",\"inLanguage\":\"sv-SE\",\"@id\":\"https:\\\/\\\/framtidenskarriar.se\\\/ingenjor\\\/2025\\\/11\\\/03\\\/vi-skyddar-vara-digitala-system-mot-cyberattacker\\\/#primaryimage\",\"url\":\"https:\\\/\\\/framtidenskarriar.se\\\/ingenjor\\\/wp-content\\\/uploads\\\/sites\\\/14\\\/2025\\\/11\\\/cyberforsvar-utvald.jpg\",\"contentUrl\":\"https:\\\/\\\/framtidenskarriar.se\\\/ingenjor\\\/wp-content\\\/uploads\\\/sites\\\/14\\\/2025\\\/11\\\/cyberforsvar-utvald.jpg\",\"width\":1000,\"height\":563},{\"@type\":\"BreadcrumbList\",\"@id\":\"https:\\\/\\\/framtidenskarriar.se\\\/ingenjor\\\/2025\\\/11\\\/03\\\/vi-skyddar-vara-digitala-system-mot-cyberattacker\\\/#breadcrumb\",\"itemListElement\":[{\"@type\":\"ListItem\",\"position\":1,\"name\":\"Home\",\"item\":\"https:\\\/\\\/framtidenskarriar.se\\\/ingenjor\\\/\"},{\"@type\":\"ListItem\",\"position\":2,\"name\":\"\u201dVi skyddar v\u00e5ra digitala system mot cyberattacker\u201d\"}]},{\"@type\":\"WebSite\",\"@id\":\"https:\\\/\\\/framtidenskarriar.se\\\/ingenjor\\\/#website\",\"url\":\"https:\\\/\\\/framtidenskarriar.se\\\/ingenjor\\\/\",\"name\":\"Framtidens Karri\u00e4r - Ingenj\u00f6r\",\"description\":\"Just another NMDashboard.se Sites site\",\"potentialAction\":[{\"@type\":\"SearchAction\",\"target\":{\"@type\":\"EntryPoint\",\"urlTemplate\":\"https:\\\/\\\/framtidenskarriar.se\\\/ingenjor\\\/?s={search_term_string}\"},\"query-input\":{\"@type\":\"PropertyValueSpecification\",\"valueRequired\":true,\"valueName\":\"search_term_string\"}}],\"inLanguage\":\"sv-SE\"},{\"@type\":\"Person\",\"@id\":\"https:\\\/\\\/framtidenskarriar.se\\\/ingenjor\\\/#\\\/schema\\\/person\\\/2a13a849ec7646386c2211f59afe3083\",\"name\":\"viktorwallen\",\"image\":{\"@type\":\"ImageObject\",\"inLanguage\":\"sv-SE\",\"@id\":\"https:\\\/\\\/secure.gravatar.com\\\/avatar\\\/701701bd36169636031933997c8c6b954f2f635bbb7cd4802e4a007f9c9f4e59?s=96&d=mm&r=g\",\"url\":\"https:\\\/\\\/secure.gravatar.com\\\/avatar\\\/701701bd36169636031933997c8c6b954f2f635bbb7cd4802e4a007f9c9f4e59?s=96&d=mm&r=g\",\"contentUrl\":\"https:\\\/\\\/secure.gravatar.com\\\/avatar\\\/701701bd36169636031933997c8c6b954f2f635bbb7cd4802e4a007f9c9f4e59?s=96&d=mm&r=g\",\"caption\":\"viktorwallen\"},\"url\":\"https:\\\/\\\/framtidenskarriar.se\\\/ingenjor\\\/author\\\/viktorwallen\\\/\"}]}<\/script>\n<!-- \/ Yoast SEO plugin. -->","yoast_head_json":{"title":"\u201dVi skyddar v\u00e5ra digitala system mot cyberattacker\u201d - Framtidens Karri\u00e4r - Ingenj\u00f6r","robots":{"index":"index","follow":"follow","max-snippet":"max-snippet:-1","max-image-preview":"max-image-preview:large","max-video-preview":"max-video-preview:-1"},"canonical":"https:\/\/framtidenskarriar.se\/ingenjor\/2025\/11\/03\/vi-skyddar-vara-digitala-system-mot-cyberattacker\/","og_locale":"sv_SE","og_type":"article","og_title":"\u201dVi skyddar v\u00e5ra digitala system mot cyberattacker\u201d - Framtidens Karri\u00e4r - Ingenj\u00f6r","og_description":"Cyberf\u00f6rsvaret utg\u00f6r en milit\u00e4rstrategisk resurs och ing\u00e5r som en del i det milit\u00e4ra f\u00f6rsvaret.","og_url":"https:\/\/framtidenskarriar.se\/ingenjor\/2025\/11\/03\/vi-skyddar-vara-digitala-system-mot-cyberattacker\/","og_site_name":"Framtidens Karri\u00e4r - Ingenj\u00f6r","article_published_time":"2025-11-03T15:47:36+00:00","article_modified_time":"2025-12-12T13:51:15+00:00","og_image":[{"width":1000,"height":563,"url":"https:\/\/framtidenskarriar.se\/ingenjor\/wp-content\/uploads\/sites\/14\/2025\/11\/cyberforsvar-utvald.jpg","type":"image\/jpeg"}],"author":"viktorwallen","twitter_card":"summary_large_image","twitter_misc":{"Skriven av":"viktorwallen","Ber\u00e4knad l\u00e4stid":"4 minuter"},"schema":{"@context":"https:\/\/schema.org","@graph":[{"@type":"Article","@id":"https:\/\/framtidenskarriar.se\/ingenjor\/2025\/11\/03\/vi-skyddar-vara-digitala-system-mot-cyberattacker\/#article","isPartOf":{"@id":"https:\/\/framtidenskarriar.se\/ingenjor\/2025\/11\/03\/vi-skyddar-vara-digitala-system-mot-cyberattacker\/"},"author":{"name":"viktorwallen","@id":"https:\/\/framtidenskarriar.se\/ingenjor\/#\/schema\/person\/2a13a849ec7646386c2211f59afe3083"},"headline":"\u201dVi skyddar v\u00e5ra digitala system mot cyberattacker\u201d","datePublished":"2025-11-03T15:47:36+00:00","dateModified":"2025-12-12T13:51:15+00:00","mainEntityOfPage":{"@id":"https:\/\/framtidenskarriar.se\/ingenjor\/2025\/11\/03\/vi-skyddar-vara-digitala-system-mot-cyberattacker\/"},"wordCount":621,"commentCount":0,"image":{"@id":"https:\/\/framtidenskarriar.se\/ingenjor\/2025\/11\/03\/vi-skyddar-vara-digitala-system-mot-cyberattacker\/#primaryimage"},"thumbnailUrl":"https:\/\/framtidenskarriar.se\/ingenjor\/wp-content\/uploads\/sites\/14\/2025\/11\/cyberforsvar-utvald.jpg","keywords":["Cyberf\u00f6rsvaret"],"articleSection":["Artikel"],"inLanguage":"sv-SE","potentialAction":[{"@type":"CommentAction","name":"Comment","target":["https:\/\/framtidenskarriar.se\/ingenjor\/2025\/11\/03\/vi-skyddar-vara-digitala-system-mot-cyberattacker\/#respond"]}]},{"@type":"WebPage","@id":"https:\/\/framtidenskarriar.se\/ingenjor\/2025\/11\/03\/vi-skyddar-vara-digitala-system-mot-cyberattacker\/","url":"https:\/\/framtidenskarriar.se\/ingenjor\/2025\/11\/03\/vi-skyddar-vara-digitala-system-mot-cyberattacker\/","name":"\u201dVi skyddar v\u00e5ra digitala system mot cyberattacker\u201d - Framtidens Karri\u00e4r - Ingenj\u00f6r","isPartOf":{"@id":"https:\/\/framtidenskarriar.se\/ingenjor\/#website"},"primaryImageOfPage":{"@id":"https:\/\/framtidenskarriar.se\/ingenjor\/2025\/11\/03\/vi-skyddar-vara-digitala-system-mot-cyberattacker\/#primaryimage"},"image":{"@id":"https:\/\/framtidenskarriar.se\/ingenjor\/2025\/11\/03\/vi-skyddar-vara-digitala-system-mot-cyberattacker\/#primaryimage"},"thumbnailUrl":"https:\/\/framtidenskarriar.se\/ingenjor\/wp-content\/uploads\/sites\/14\/2025\/11\/cyberforsvar-utvald.jpg","datePublished":"2025-11-03T15:47:36+00:00","dateModified":"2025-12-12T13:51:15+00:00","author":{"@id":"https:\/\/framtidenskarriar.se\/ingenjor\/#\/schema\/person\/2a13a849ec7646386c2211f59afe3083"},"breadcrumb":{"@id":"https:\/\/framtidenskarriar.se\/ingenjor\/2025\/11\/03\/vi-skyddar-vara-digitala-system-mot-cyberattacker\/#breadcrumb"},"inLanguage":"sv-SE","potentialAction":[{"@type":"ReadAction","target":["https:\/\/framtidenskarriar.se\/ingenjor\/2025\/11\/03\/vi-skyddar-vara-digitala-system-mot-cyberattacker\/"]}]},{"@type":"ImageObject","inLanguage":"sv-SE","@id":"https:\/\/framtidenskarriar.se\/ingenjor\/2025\/11\/03\/vi-skyddar-vara-digitala-system-mot-cyberattacker\/#primaryimage","url":"https:\/\/framtidenskarriar.se\/ingenjor\/wp-content\/uploads\/sites\/14\/2025\/11\/cyberforsvar-utvald.jpg","contentUrl":"https:\/\/framtidenskarriar.se\/ingenjor\/wp-content\/uploads\/sites\/14\/2025\/11\/cyberforsvar-utvald.jpg","width":1000,"height":563},{"@type":"BreadcrumbList","@id":"https:\/\/framtidenskarriar.se\/ingenjor\/2025\/11\/03\/vi-skyddar-vara-digitala-system-mot-cyberattacker\/#breadcrumb","itemListElement":[{"@type":"ListItem","position":1,"name":"Home","item":"https:\/\/framtidenskarriar.se\/ingenjor\/"},{"@type":"ListItem","position":2,"name":"\u201dVi skyddar v\u00e5ra digitala system mot cyberattacker\u201d"}]},{"@type":"WebSite","@id":"https:\/\/framtidenskarriar.se\/ingenjor\/#website","url":"https:\/\/framtidenskarriar.se\/ingenjor\/","name":"Framtidens Karri\u00e4r - Ingenj\u00f6r","description":"Just another NMDashboard.se Sites site","potentialAction":[{"@type":"SearchAction","target":{"@type":"EntryPoint","urlTemplate":"https:\/\/framtidenskarriar.se\/ingenjor\/?s={search_term_string}"},"query-input":{"@type":"PropertyValueSpecification","valueRequired":true,"valueName":"search_term_string"}}],"inLanguage":"sv-SE"},{"@type":"Person","@id":"https:\/\/framtidenskarriar.se\/ingenjor\/#\/schema\/person\/2a13a849ec7646386c2211f59afe3083","name":"viktorwallen","image":{"@type":"ImageObject","inLanguage":"sv-SE","@id":"https:\/\/secure.gravatar.com\/avatar\/701701bd36169636031933997c8c6b954f2f635bbb7cd4802e4a007f9c9f4e59?s=96&d=mm&r=g","url":"https:\/\/secure.gravatar.com\/avatar\/701701bd36169636031933997c8c6b954f2f635bbb7cd4802e4a007f9c9f4e59?s=96&d=mm&r=g","contentUrl":"https:\/\/secure.gravatar.com\/avatar\/701701bd36169636031933997c8c6b954f2f635bbb7cd4802e4a007f9c9f4e59?s=96&d=mm&r=g","caption":"viktorwallen"},"url":"https:\/\/framtidenskarriar.se\/ingenjor\/author\/viktorwallen\/"}]}},"_links":{"self":[{"href":"https:\/\/framtidenskarriar.se\/ingenjor\/wp-json\/wp\/v2\/posts\/6754","targetHints":{"allow":["GET"]}}],"collection":[{"href":"https:\/\/framtidenskarriar.se\/ingenjor\/wp-json\/wp\/v2\/posts"}],"about":[{"href":"https:\/\/framtidenskarriar.se\/ingenjor\/wp-json\/wp\/v2\/types\/post"}],"author":[{"embeddable":true,"href":"https:\/\/framtidenskarriar.se\/ingenjor\/wp-json\/wp\/v2\/users\/2"}],"replies":[{"embeddable":true,"href":"https:\/\/framtidenskarriar.se\/ingenjor\/wp-json\/wp\/v2\/comments?post=6754"}],"version-history":[{"count":2,"href":"https:\/\/framtidenskarriar.se\/ingenjor\/wp-json\/wp\/v2\/posts\/6754\/revisions"}],"predecessor-version":[{"id":6926,"href":"https:\/\/framtidenskarriar.se\/ingenjor\/wp-json\/wp\/v2\/posts\/6754\/revisions\/6926"}],"wp:featuredmedia":[{"embeddable":true,"href":"https:\/\/framtidenskarriar.se\/ingenjor\/wp-json\/wp\/v2\/media\/6757"}],"wp:attachment":[{"href":"https:\/\/framtidenskarriar.se\/ingenjor\/wp-json\/wp\/v2\/media?parent=6754"}],"wp:term":[{"taxonomy":"category","embeddable":true,"href":"https:\/\/framtidenskarriar.se\/ingenjor\/wp-json\/wp\/v2\/categories?post=6754"},{"taxonomy":"post_tag","embeddable":true,"href":"https:\/\/framtidenskarriar.se\/ingenjor\/wp-json\/wp\/v2\/tags?post=6754"}],"curies":[{"name":"wp","href":"https:\/\/api.w.org\/{rel}","templated":true}]}}