{"id":6775,"date":"2025-11-04T09:15:54","date_gmt":"2025-11-04T09:15:54","guid":{"rendered":"https:\/\/framtidenskarriar.se\/ingenjor\/?p=6775"},"modified":"2025-12-12T13:49:38","modified_gmt":"2025-12-12T13:49:38","slug":"ingenjorskonst-nyckel-till-framtidens-forsvar","status":"publish","type":"post","link":"https:\/\/framtidenskarriar.se\/ingenjor\/2025\/11\/04\/ingenjorskonst-nyckel-till-framtidens-forsvar\/","title":{"rendered":"Ingenj\u00f6rskonst nyckel till framtidens f\u00f6rsvar"},"content":{"rendered":"\n<figure class=\"wp-block-image size-full\"><img loading=\"lazy\" decoding=\"async\" width=\"1000\" height=\"563\" src=\"https:\/\/framtidenskarriar.se\/ingenjor\/wp-content\/uploads\/sites\/14\/2025\/11\/minister-forsvarsminister-pal-jonson-moderaterna-230914-3.jpg\" alt=\"P\u00e5l Jonson, Sveriges f\u00f6rsvarsminister. Foto: Fredrik Wennerlund\/Moderaterna\" class=\"wp-image-6776\" srcset=\"https:\/\/framtidenskarriar.se\/ingenjor\/wp-content\/uploads\/sites\/14\/2025\/11\/minister-forsvarsminister-pal-jonson-moderaterna-230914-3.jpg 1000w, https:\/\/framtidenskarriar.se\/ingenjor\/wp-content\/uploads\/sites\/14\/2025\/11\/minister-forsvarsminister-pal-jonson-moderaterna-230914-3-300x169.jpg 300w, https:\/\/framtidenskarriar.se\/ingenjor\/wp-content\/uploads\/sites\/14\/2025\/11\/minister-forsvarsminister-pal-jonson-moderaterna-230914-3-768x432.jpg 768w, https:\/\/framtidenskarriar.se\/ingenjor\/wp-content\/uploads\/sites\/14\/2025\/11\/minister-forsvarsminister-pal-jonson-moderaterna-230914-3-284x160.jpg 284w, https:\/\/framtidenskarriar.se\/ingenjor\/wp-content\/uploads\/sites\/14\/2025\/11\/minister-forsvarsminister-pal-jonson-moderaterna-230914-3-80x45.jpg 80w, https:\/\/framtidenskarriar.se\/ingenjor\/wp-content\/uploads\/sites\/14\/2025\/11\/minister-forsvarsminister-pal-jonson-moderaterna-230914-3-720x405.jpg 720w, https:\/\/framtidenskarriar.se\/ingenjor\/wp-content\/uploads\/sites\/14\/2025\/11\/minister-forsvarsminister-pal-jonson-moderaterna-230914-3-960x540.jpg 960w, https:\/\/framtidenskarriar.se\/ingenjor\/wp-content\/uploads\/sites\/14\/2025\/11\/minister-forsvarsminister-pal-jonson-moderaterna-230914-3-526x296.jpg 526w\" sizes=\"auto, (max-width: 1000px) 100vw, 1000px\" \/><figcaption class=\"wp-element-caption\">P\u00e5l Jonson, Sveriges f\u00f6rsvarsminister. Foto: Fredrik Wennerlund\/Moderaterna<\/figcaption><\/figure>\n\n\n\n<p><strong>N\u00e4r Sverige rustar i en takt som inte setts sedan andra v\u00e4rldskriget riktas str\u00e5lkastarljuset mot en grupp som ofta verkar i det tysta, ingenj\u00f6rerna. F\u00f6rsvarsminister P\u00e5l Jonson ser deras innovationskraft som avg\u00f6rande f\u00f6r att m\u00f6ta n\u00e4sta generations s\u00e4kerhetsutmaningar.<\/strong><\/p>\n\n\n\n<p>P\u00e5l Jonson, fil.dr. i krigsvetenskap fr\u00e5n King\u2019s College, har bland mycket annat arbetat b\u00e5de f\u00f6r NATO Defence College i Rom och lett Moderaternas kansli i Europaparlamentet. I dag \u00e4r han Sveriges f\u00f6rsvarsminister och ansvarar f\u00f6r landets st\u00f6rsta milit\u00e4ra upprustning p\u00e5 \u00e5ttio \u00e5r. Under studierna i USA best\u00e4mde han sig f\u00f6r att \u00e5terv\u00e4nda till V\u00e4rmland och bli riksdagsledamot. Sedan dess har han fyllt p\u00e5 med tunga uppdrag b\u00e5de i Sverige och utomlands. Fast i dag kretsar samtalet kring en annan yrkesgrupp, ingenj\u00f6rerna.<br>\u2013 Vi st\u00e5r inf\u00f6r en epok d\u00e4r teknik kommer att avg\u00f6ra slagf\u00e4ltet. AI, robotik, autonoma system och rymdbaserade l\u00f6sningar omvandlar krigf\u00f6ringen. Tempot \u00e4r hisnande och innovationscyklerna korta. F\u00f6rsvarsmakten m\u00e5ste hinna med, annars tappar vi f\u00f6rm\u00e5ga. H\u00e4r \u00e4r ingenj\u00f6rerna oumb\u00e4rliga.<\/p>\n\n\n\n<blockquote class=\"wp-block-quote is-layout-flow wp-block-quote-is-layout-flow\">\n<p><em>&#8221;Per capita h\u00f6r Sverige till v\u00e4rldens mest h\u00f6gutbildade inom teknik och naturvetenskap.&#8221;<\/em><\/p>\n<\/blockquote>\n\n\n\n<p><strong>Utvecklingstempo ett m\u00e5ste<\/strong><br>Han betonar att ett effektivt f\u00f6rsvar handlar om mycket mer \u00e4n vapensystem. Hela ekosystemet m\u00e5ste fungera. Den svenska trippel-helix-modellen d\u00e4r akademin levererar spetskompetens, industrin oms\u00e4tter id\u00e9erna i praktiken och staten ger l\u00e5ngsiktighet samt resurser lyfts fram som en stor styrka.<br>\u2013 Sverige har unika f\u00f6ruts\u00e4ttningar. Per capita h\u00f6r landet till v\u00e4rldens mest h\u00f6gutbildade inom teknik och naturvetenskap. Och v\u00e5r f\u00f6rsvarsindustri kan designa allt fr\u00e5n ub\u00e5tar till stridsflyg. N\u00e4r dessa styrkor kombineras frig\u00f6rs innovationskraft som \u00e4ven st\u00f6rre nationer ser p\u00e5 med respekt.<br>P\u00e5 fr\u00e5gan vad som \u00e4r mest avg\u00f6rande fram\u00f6ver kommer svaret snabbt.<br>\u2013 Vi t\u00e4vlar inte med Ryssland fr\u00e4mst n\u00e4r det kommer till volym. Vi t\u00e4vlar i kvalitet. V\u00e5ra soldater ska alltid ha den b\u00e4sta materielen i h\u00e4nderna. H\u00e4r \u00e4r ingenj\u00f6rernas arbete helt centralt.<br>H\u00f6gt utvecklingstempo \u00e4r ett annat m\u00e5ste.<br>\u2013 Den st\u00f6rsta risken \u00e4r inte att teknik saknas, utan att byr\u00e5kratiska processer bromsar. Tillst\u00e5nd, upphandlingar och regelverk tar tid. I en situation d\u00e4r resurser finns men tiden \u00e4r knapp m\u00e5ste besluten tas snabbt, annars g\u00e5r vi miste om de m\u00f6jligheter som tekniken ger.<\/p>\n\n\n\n<p><strong>Arbeta med mest avancerade systemen<\/strong><br>Ett tecken i tiden \u00e4r att en karri\u00e4r inom f\u00f6rsvarsmyndigheter och f\u00f6rsvarsindustri rankas h\u00f6gt bland unga ingenj\u00f6rer.<br>\u2013 H\u00e4r erbjuds n\u00e5got som f\u00e5 andra sektorer kan matcha, att arbeta med de mest avancerade systemen f\u00f6r det mest grundl\u00e4ggande syftet, att h\u00e5lla Sverige s\u00e4kert.<br>Enligt P\u00e5l Jonson handlar framtidens f\u00f6rsvar inte bara om att rusta f\u00f6rbanden utan \u00e4ven om att s\u00e4kra kompetensen.<br>\u2013 Att locka de b\u00e4sta hj\u00e4rnorna \u00e4r avg\u00f6rande f\u00f6r att fylla f\u00f6rr\u00e5den med r\u00e4tt materiel.<br>Efter tre \u00e5r p\u00e5 posten beskriver Jonson sitt arbete med ett ord: ansvar. Nato-medlemskapet \u00e4r p\u00e5 plats, st\u00f6det till Ukraina \u00e4r historiskt och upprustningen i full g\u00e5ng.<br>Har jobbet blivit l\u00e4ttare med tiden?<br>\u2013 \u00c4nnu mer intressant. Och framf\u00f6r allt viktigare \u00e4n n\u00e5gonsin.<\/p>\n\n\n<hr>\n\n\n<div class=\"ad-label\">Annons <i class=\"fas fa-caret-down\" aria-hidden=\"true\"><\/i><\/div>\n\n\n<div class=\"g g-1\"><div class=\"g-single a-11\"><a href=\"https:\/\/framtidenskarriar.se\/ingenjor\/2025\/11\/04\/innovation-genom-integration\/\" target=\"_blank\" title=\"SES annons ht25\" onclick=\"_gaq.push(['_trackEvent', 'Link Clicks', 'Banners', 'SES annons ht25']);\"><img decoding=\"async\" alt=\"SES annons ht25\" src=\"https:\/\/framtidenskarriar.se\/ingenjor\/wp-content\/uploads\/sites\/14\/2025\/11\/ses-annons-liggande.jpg\"\/><\/a><\/div><\/div>\n","protected":false},"excerpt":{"rendered":"<p>N\u00e4r Sverige rustar i en takt som inte setts sedan andra v\u00e4rldskriget riktas str\u00e5lkastarljuset mot en grupp som ofta verkar i det tysta, ingenj\u00f6rerna.<\/p>\n","protected":false},"author":2,"featured_media":6776,"comment_status":"open","ping_status":"open","sticky":false,"template":"","format":"standard","meta":{"_acf_changed":false,"_monsterinsights_skip_tracking":false,"_monsterinsights_sitenote_active":false,"_monsterinsights_sitenote_note":"","_monsterinsights_sitenote_category":0,"footnotes":""},"categories":[1],"tags":[327,326],"class_list":["post-6775","post","type-post","status-publish","format-standard","has-post-thumbnail","hentry","category-artikel","tag-minister","tag-satsning-pa-forsvaret"],"acf":[],"yoast_head":"<!-- This site is optimized with the Yoast SEO plugin v27.3 - https:\/\/yoast.com\/product\/yoast-seo-wordpress\/ -->\n<title>Ingenj\u00f6rskonst nyckel till framtidens f\u00f6rsvar - Framtidens Karri\u00e4r - Ingenj\u00f6r<\/title>\n<meta name=\"robots\" content=\"index, follow, max-snippet:-1, max-image-preview:large, max-video-preview:-1\" \/>\n<link rel=\"canonical\" href=\"https:\/\/framtidenskarriar.se\/ingenjor\/2025\/11\/04\/ingenjorskonst-nyckel-till-framtidens-forsvar\/\" \/>\n<meta property=\"og:locale\" content=\"sv_SE\" \/>\n<meta property=\"og:type\" content=\"article\" \/>\n<meta property=\"og:title\" content=\"Ingenj\u00f6rskonst nyckel till framtidens f\u00f6rsvar - Framtidens Karri\u00e4r - Ingenj\u00f6r\" \/>\n<meta property=\"og:description\" content=\"N\u00e4r Sverige rustar i en takt som inte setts sedan andra v\u00e4rldskriget riktas str\u00e5lkastarljuset mot en grupp som ofta verkar i det tysta, ingenj\u00f6rerna.\" \/>\n<meta property=\"og:url\" content=\"https:\/\/framtidenskarriar.se\/ingenjor\/2025\/11\/04\/ingenjorskonst-nyckel-till-framtidens-forsvar\/\" \/>\n<meta property=\"og:site_name\" content=\"Framtidens Karri\u00e4r - Ingenj\u00f6r\" \/>\n<meta property=\"article:published_time\" content=\"2025-11-04T09:15:54+00:00\" \/>\n<meta property=\"article:modified_time\" content=\"2025-12-12T13:49:38+00:00\" \/>\n<meta property=\"og:image\" content=\"https:\/\/framtidenskarriar.se\/ingenjor\/wp-content\/uploads\/sites\/14\/2025\/11\/minister-forsvarsminister-pal-jonson-moderaterna-230914-3.jpg\" \/>\n\t<meta property=\"og:image:width\" content=\"1000\" \/>\n\t<meta property=\"og:image:height\" content=\"563\" \/>\n\t<meta property=\"og:image:type\" content=\"image\/jpeg\" \/>\n<meta name=\"author\" content=\"viktorwallen\" \/>\n<meta name=\"twitter:card\" content=\"summary_large_image\" \/>\n<meta name=\"twitter:label1\" content=\"Skriven av\" \/>\n\t<meta name=\"twitter:data1\" content=\"viktorwallen\" \/>\n\t<meta name=\"twitter:label2\" content=\"Ber\u00e4knad l\u00e4stid\" \/>\n\t<meta name=\"twitter:data2\" content=\"3 minuter\" \/>\n<script type=\"application\/ld+json\" class=\"yoast-schema-graph\">{\"@context\":\"https:\\\/\\\/schema.org\",\"@graph\":[{\"@type\":\"Article\",\"@id\":\"https:\\\/\\\/framtidenskarriar.se\\\/ingenjor\\\/2025\\\/11\\\/04\\\/ingenjorskonst-nyckel-till-framtidens-forsvar\\\/#article\",\"isPartOf\":{\"@id\":\"https:\\\/\\\/framtidenskarriar.se\\\/ingenjor\\\/2025\\\/11\\\/04\\\/ingenjorskonst-nyckel-till-framtidens-forsvar\\\/\"},\"author\":{\"name\":\"viktorwallen\",\"@id\":\"https:\\\/\\\/framtidenskarriar.se\\\/ingenjor\\\/#\\\/schema\\\/person\\\/2a13a849ec7646386c2211f59afe3083\"},\"headline\":\"Ingenj\u00f6rskonst nyckel till framtidens f\u00f6rsvar\",\"datePublished\":\"2025-11-04T09:15:54+00:00\",\"dateModified\":\"2025-12-12T13:49:38+00:00\",\"mainEntityOfPage\":{\"@id\":\"https:\\\/\\\/framtidenskarriar.se\\\/ingenjor\\\/2025\\\/11\\\/04\\\/ingenjorskonst-nyckel-till-framtidens-forsvar\\\/\"},\"wordCount\":595,\"commentCount\":0,\"image\":{\"@id\":\"https:\\\/\\\/framtidenskarriar.se\\\/ingenjor\\\/2025\\\/11\\\/04\\\/ingenjorskonst-nyckel-till-framtidens-forsvar\\\/#primaryimage\"},\"thumbnailUrl\":\"https:\\\/\\\/framtidenskarriar.se\\\/ingenjor\\\/wp-content\\\/uploads\\\/sites\\\/14\\\/2025\\\/11\\\/minister-forsvarsminister-pal-jonson-moderaterna-230914-3.jpg\",\"keywords\":[\"Minister\",\"Satsning p\u00e5 f\u00f6rsvaret\"],\"articleSection\":[\"Artikel\"],\"inLanguage\":\"sv-SE\",\"potentialAction\":[{\"@type\":\"CommentAction\",\"name\":\"Comment\",\"target\":[\"https:\\\/\\\/framtidenskarriar.se\\\/ingenjor\\\/2025\\\/11\\\/04\\\/ingenjorskonst-nyckel-till-framtidens-forsvar\\\/#respond\"]}]},{\"@type\":\"WebPage\",\"@id\":\"https:\\\/\\\/framtidenskarriar.se\\\/ingenjor\\\/2025\\\/11\\\/04\\\/ingenjorskonst-nyckel-till-framtidens-forsvar\\\/\",\"url\":\"https:\\\/\\\/framtidenskarriar.se\\\/ingenjor\\\/2025\\\/11\\\/04\\\/ingenjorskonst-nyckel-till-framtidens-forsvar\\\/\",\"name\":\"Ingenj\u00f6rskonst nyckel till framtidens f\u00f6rsvar - Framtidens Karri\u00e4r - Ingenj\u00f6r\",\"isPartOf\":{\"@id\":\"https:\\\/\\\/framtidenskarriar.se\\\/ingenjor\\\/#website\"},\"primaryImageOfPage\":{\"@id\":\"https:\\\/\\\/framtidenskarriar.se\\\/ingenjor\\\/2025\\\/11\\\/04\\\/ingenjorskonst-nyckel-till-framtidens-forsvar\\\/#primaryimage\"},\"image\":{\"@id\":\"https:\\\/\\\/framtidenskarriar.se\\\/ingenjor\\\/2025\\\/11\\\/04\\\/ingenjorskonst-nyckel-till-framtidens-forsvar\\\/#primaryimage\"},\"thumbnailUrl\":\"https:\\\/\\\/framtidenskarriar.se\\\/ingenjor\\\/wp-content\\\/uploads\\\/sites\\\/14\\\/2025\\\/11\\\/minister-forsvarsminister-pal-jonson-moderaterna-230914-3.jpg\",\"datePublished\":\"2025-11-04T09:15:54+00:00\",\"dateModified\":\"2025-12-12T13:49:38+00:00\",\"author\":{\"@id\":\"https:\\\/\\\/framtidenskarriar.se\\\/ingenjor\\\/#\\\/schema\\\/person\\\/2a13a849ec7646386c2211f59afe3083\"},\"breadcrumb\":{\"@id\":\"https:\\\/\\\/framtidenskarriar.se\\\/ingenjor\\\/2025\\\/11\\\/04\\\/ingenjorskonst-nyckel-till-framtidens-forsvar\\\/#breadcrumb\"},\"inLanguage\":\"sv-SE\",\"potentialAction\":[{\"@type\":\"ReadAction\",\"target\":[\"https:\\\/\\\/framtidenskarriar.se\\\/ingenjor\\\/2025\\\/11\\\/04\\\/ingenjorskonst-nyckel-till-framtidens-forsvar\\\/\"]}]},{\"@type\":\"ImageObject\",\"inLanguage\":\"sv-SE\",\"@id\":\"https:\\\/\\\/framtidenskarriar.se\\\/ingenjor\\\/2025\\\/11\\\/04\\\/ingenjorskonst-nyckel-till-framtidens-forsvar\\\/#primaryimage\",\"url\":\"https:\\\/\\\/framtidenskarriar.se\\\/ingenjor\\\/wp-content\\\/uploads\\\/sites\\\/14\\\/2025\\\/11\\\/minister-forsvarsminister-pal-jonson-moderaterna-230914-3.jpg\",\"contentUrl\":\"https:\\\/\\\/framtidenskarriar.se\\\/ingenjor\\\/wp-content\\\/uploads\\\/sites\\\/14\\\/2025\\\/11\\\/minister-forsvarsminister-pal-jonson-moderaterna-230914-3.jpg\",\"width\":1000,\"height\":563,\"caption\":\"P\u00e5l Jonson, Sveriges f\u00f6rsvarsminister. Foto: Fredrik Wennerlund\\\/Moderaterna\"},{\"@type\":\"BreadcrumbList\",\"@id\":\"https:\\\/\\\/framtidenskarriar.se\\\/ingenjor\\\/2025\\\/11\\\/04\\\/ingenjorskonst-nyckel-till-framtidens-forsvar\\\/#breadcrumb\",\"itemListElement\":[{\"@type\":\"ListItem\",\"position\":1,\"name\":\"Home\",\"item\":\"https:\\\/\\\/framtidenskarriar.se\\\/ingenjor\\\/\"},{\"@type\":\"ListItem\",\"position\":2,\"name\":\"Ingenj\u00f6rskonst nyckel till framtidens f\u00f6rsvar\"}]},{\"@type\":\"WebSite\",\"@id\":\"https:\\\/\\\/framtidenskarriar.se\\\/ingenjor\\\/#website\",\"url\":\"https:\\\/\\\/framtidenskarriar.se\\\/ingenjor\\\/\",\"name\":\"Framtidens Karri\u00e4r - Ingenj\u00f6r\",\"description\":\"Just another NMDashboard.se Sites site\",\"potentialAction\":[{\"@type\":\"SearchAction\",\"target\":{\"@type\":\"EntryPoint\",\"urlTemplate\":\"https:\\\/\\\/framtidenskarriar.se\\\/ingenjor\\\/?s={search_term_string}\"},\"query-input\":{\"@type\":\"PropertyValueSpecification\",\"valueRequired\":true,\"valueName\":\"search_term_string\"}}],\"inLanguage\":\"sv-SE\"},{\"@type\":\"Person\",\"@id\":\"https:\\\/\\\/framtidenskarriar.se\\\/ingenjor\\\/#\\\/schema\\\/person\\\/2a13a849ec7646386c2211f59afe3083\",\"name\":\"viktorwallen\",\"image\":{\"@type\":\"ImageObject\",\"inLanguage\":\"sv-SE\",\"@id\":\"https:\\\/\\\/secure.gravatar.com\\\/avatar\\\/701701bd36169636031933997c8c6b954f2f635bbb7cd4802e4a007f9c9f4e59?s=96&d=mm&r=g\",\"url\":\"https:\\\/\\\/secure.gravatar.com\\\/avatar\\\/701701bd36169636031933997c8c6b954f2f635bbb7cd4802e4a007f9c9f4e59?s=96&d=mm&r=g\",\"contentUrl\":\"https:\\\/\\\/secure.gravatar.com\\\/avatar\\\/701701bd36169636031933997c8c6b954f2f635bbb7cd4802e4a007f9c9f4e59?s=96&d=mm&r=g\",\"caption\":\"viktorwallen\"},\"url\":\"https:\\\/\\\/framtidenskarriar.se\\\/ingenjor\\\/author\\\/viktorwallen\\\/\"}]}<\/script>\n<!-- \/ Yoast SEO plugin. -->","yoast_head_json":{"title":"Ingenj\u00f6rskonst nyckel till framtidens f\u00f6rsvar - Framtidens Karri\u00e4r - Ingenj\u00f6r","robots":{"index":"index","follow":"follow","max-snippet":"max-snippet:-1","max-image-preview":"max-image-preview:large","max-video-preview":"max-video-preview:-1"},"canonical":"https:\/\/framtidenskarriar.se\/ingenjor\/2025\/11\/04\/ingenjorskonst-nyckel-till-framtidens-forsvar\/","og_locale":"sv_SE","og_type":"article","og_title":"Ingenj\u00f6rskonst nyckel till framtidens f\u00f6rsvar - Framtidens Karri\u00e4r - Ingenj\u00f6r","og_description":"N\u00e4r Sverige rustar i en takt som inte setts sedan andra v\u00e4rldskriget riktas str\u00e5lkastarljuset mot en grupp som ofta verkar i det tysta, ingenj\u00f6rerna.","og_url":"https:\/\/framtidenskarriar.se\/ingenjor\/2025\/11\/04\/ingenjorskonst-nyckel-till-framtidens-forsvar\/","og_site_name":"Framtidens Karri\u00e4r - Ingenj\u00f6r","article_published_time":"2025-11-04T09:15:54+00:00","article_modified_time":"2025-12-12T13:49:38+00:00","og_image":[{"width":1000,"height":563,"url":"https:\/\/framtidenskarriar.se\/ingenjor\/wp-content\/uploads\/sites\/14\/2025\/11\/minister-forsvarsminister-pal-jonson-moderaterna-230914-3.jpg","type":"image\/jpeg"}],"author":"viktorwallen","twitter_card":"summary_large_image","twitter_misc":{"Skriven av":"viktorwallen","Ber\u00e4knad l\u00e4stid":"3 minuter"},"schema":{"@context":"https:\/\/schema.org","@graph":[{"@type":"Article","@id":"https:\/\/framtidenskarriar.se\/ingenjor\/2025\/11\/04\/ingenjorskonst-nyckel-till-framtidens-forsvar\/#article","isPartOf":{"@id":"https:\/\/framtidenskarriar.se\/ingenjor\/2025\/11\/04\/ingenjorskonst-nyckel-till-framtidens-forsvar\/"},"author":{"name":"viktorwallen","@id":"https:\/\/framtidenskarriar.se\/ingenjor\/#\/schema\/person\/2a13a849ec7646386c2211f59afe3083"},"headline":"Ingenj\u00f6rskonst nyckel till framtidens f\u00f6rsvar","datePublished":"2025-11-04T09:15:54+00:00","dateModified":"2025-12-12T13:49:38+00:00","mainEntityOfPage":{"@id":"https:\/\/framtidenskarriar.se\/ingenjor\/2025\/11\/04\/ingenjorskonst-nyckel-till-framtidens-forsvar\/"},"wordCount":595,"commentCount":0,"image":{"@id":"https:\/\/framtidenskarriar.se\/ingenjor\/2025\/11\/04\/ingenjorskonst-nyckel-till-framtidens-forsvar\/#primaryimage"},"thumbnailUrl":"https:\/\/framtidenskarriar.se\/ingenjor\/wp-content\/uploads\/sites\/14\/2025\/11\/minister-forsvarsminister-pal-jonson-moderaterna-230914-3.jpg","keywords":["Minister","Satsning p\u00e5 f\u00f6rsvaret"],"articleSection":["Artikel"],"inLanguage":"sv-SE","potentialAction":[{"@type":"CommentAction","name":"Comment","target":["https:\/\/framtidenskarriar.se\/ingenjor\/2025\/11\/04\/ingenjorskonst-nyckel-till-framtidens-forsvar\/#respond"]}]},{"@type":"WebPage","@id":"https:\/\/framtidenskarriar.se\/ingenjor\/2025\/11\/04\/ingenjorskonst-nyckel-till-framtidens-forsvar\/","url":"https:\/\/framtidenskarriar.se\/ingenjor\/2025\/11\/04\/ingenjorskonst-nyckel-till-framtidens-forsvar\/","name":"Ingenj\u00f6rskonst nyckel till framtidens f\u00f6rsvar - Framtidens Karri\u00e4r - Ingenj\u00f6r","isPartOf":{"@id":"https:\/\/framtidenskarriar.se\/ingenjor\/#website"},"primaryImageOfPage":{"@id":"https:\/\/framtidenskarriar.se\/ingenjor\/2025\/11\/04\/ingenjorskonst-nyckel-till-framtidens-forsvar\/#primaryimage"},"image":{"@id":"https:\/\/framtidenskarriar.se\/ingenjor\/2025\/11\/04\/ingenjorskonst-nyckel-till-framtidens-forsvar\/#primaryimage"},"thumbnailUrl":"https:\/\/framtidenskarriar.se\/ingenjor\/wp-content\/uploads\/sites\/14\/2025\/11\/minister-forsvarsminister-pal-jonson-moderaterna-230914-3.jpg","datePublished":"2025-11-04T09:15:54+00:00","dateModified":"2025-12-12T13:49:38+00:00","author":{"@id":"https:\/\/framtidenskarriar.se\/ingenjor\/#\/schema\/person\/2a13a849ec7646386c2211f59afe3083"},"breadcrumb":{"@id":"https:\/\/framtidenskarriar.se\/ingenjor\/2025\/11\/04\/ingenjorskonst-nyckel-till-framtidens-forsvar\/#breadcrumb"},"inLanguage":"sv-SE","potentialAction":[{"@type":"ReadAction","target":["https:\/\/framtidenskarriar.se\/ingenjor\/2025\/11\/04\/ingenjorskonst-nyckel-till-framtidens-forsvar\/"]}]},{"@type":"ImageObject","inLanguage":"sv-SE","@id":"https:\/\/framtidenskarriar.se\/ingenjor\/2025\/11\/04\/ingenjorskonst-nyckel-till-framtidens-forsvar\/#primaryimage","url":"https:\/\/framtidenskarriar.se\/ingenjor\/wp-content\/uploads\/sites\/14\/2025\/11\/minister-forsvarsminister-pal-jonson-moderaterna-230914-3.jpg","contentUrl":"https:\/\/framtidenskarriar.se\/ingenjor\/wp-content\/uploads\/sites\/14\/2025\/11\/minister-forsvarsminister-pal-jonson-moderaterna-230914-3.jpg","width":1000,"height":563,"caption":"P\u00e5l Jonson, Sveriges f\u00f6rsvarsminister. Foto: Fredrik Wennerlund\/Moderaterna"},{"@type":"BreadcrumbList","@id":"https:\/\/framtidenskarriar.se\/ingenjor\/2025\/11\/04\/ingenjorskonst-nyckel-till-framtidens-forsvar\/#breadcrumb","itemListElement":[{"@type":"ListItem","position":1,"name":"Home","item":"https:\/\/framtidenskarriar.se\/ingenjor\/"},{"@type":"ListItem","position":2,"name":"Ingenj\u00f6rskonst nyckel till framtidens f\u00f6rsvar"}]},{"@type":"WebSite","@id":"https:\/\/framtidenskarriar.se\/ingenjor\/#website","url":"https:\/\/framtidenskarriar.se\/ingenjor\/","name":"Framtidens Karri\u00e4r - Ingenj\u00f6r","description":"Just another NMDashboard.se Sites site","potentialAction":[{"@type":"SearchAction","target":{"@type":"EntryPoint","urlTemplate":"https:\/\/framtidenskarriar.se\/ingenjor\/?s={search_term_string}"},"query-input":{"@type":"PropertyValueSpecification","valueRequired":true,"valueName":"search_term_string"}}],"inLanguage":"sv-SE"},{"@type":"Person","@id":"https:\/\/framtidenskarriar.se\/ingenjor\/#\/schema\/person\/2a13a849ec7646386c2211f59afe3083","name":"viktorwallen","image":{"@type":"ImageObject","inLanguage":"sv-SE","@id":"https:\/\/secure.gravatar.com\/avatar\/701701bd36169636031933997c8c6b954f2f635bbb7cd4802e4a007f9c9f4e59?s=96&d=mm&r=g","url":"https:\/\/secure.gravatar.com\/avatar\/701701bd36169636031933997c8c6b954f2f635bbb7cd4802e4a007f9c9f4e59?s=96&d=mm&r=g","contentUrl":"https:\/\/secure.gravatar.com\/avatar\/701701bd36169636031933997c8c6b954f2f635bbb7cd4802e4a007f9c9f4e59?s=96&d=mm&r=g","caption":"viktorwallen"},"url":"https:\/\/framtidenskarriar.se\/ingenjor\/author\/viktorwallen\/"}]}},"_links":{"self":[{"href":"https:\/\/framtidenskarriar.se\/ingenjor\/wp-json\/wp\/v2\/posts\/6775","targetHints":{"allow":["GET"]}}],"collection":[{"href":"https:\/\/framtidenskarriar.se\/ingenjor\/wp-json\/wp\/v2\/posts"}],"about":[{"href":"https:\/\/framtidenskarriar.se\/ingenjor\/wp-json\/wp\/v2\/types\/post"}],"author":[{"embeddable":true,"href":"https:\/\/framtidenskarriar.se\/ingenjor\/wp-json\/wp\/v2\/users\/2"}],"replies":[{"embeddable":true,"href":"https:\/\/framtidenskarriar.se\/ingenjor\/wp-json\/wp\/v2\/comments?post=6775"}],"version-history":[{"count":2,"href":"https:\/\/framtidenskarriar.se\/ingenjor\/wp-json\/wp\/v2\/posts\/6775\/revisions"}],"predecessor-version":[{"id":6921,"href":"https:\/\/framtidenskarriar.se\/ingenjor\/wp-json\/wp\/v2\/posts\/6775\/revisions\/6921"}],"wp:featuredmedia":[{"embeddable":true,"href":"https:\/\/framtidenskarriar.se\/ingenjor\/wp-json\/wp\/v2\/media\/6776"}],"wp:attachment":[{"href":"https:\/\/framtidenskarriar.se\/ingenjor\/wp-json\/wp\/v2\/media?parent=6775"}],"wp:term":[{"taxonomy":"category","embeddable":true,"href":"https:\/\/framtidenskarriar.se\/ingenjor\/wp-json\/wp\/v2\/categories?post=6775"},{"taxonomy":"post_tag","embeddable":true,"href":"https:\/\/framtidenskarriar.se\/ingenjor\/wp-json\/wp\/v2\/tags?post=6775"}],"curies":[{"name":"wp","href":"https:\/\/api.w.org\/{rel}","templated":true}]}}