{"id":6788,"date":"2025-11-04T09:38:17","date_gmt":"2025-11-04T09:38:17","guid":{"rendered":"https:\/\/framtidenskarriar.se\/ingenjor\/?p=6788"},"modified":"2025-12-12T13:49:04","modified_gmt":"2025-12-12T13:49:04","slug":"avancerad-teknik-starker-sveriges-forsvarsformaga","status":"publish","type":"post","link":"https:\/\/framtidenskarriar.se\/ingenjor\/2025\/11\/04\/avancerad-teknik-starker-sveriges-forsvarsformaga\/","title":{"rendered":"Avancerad teknik st\u00e4rker Sveriges f\u00f6rsvarsf\u00f6rm\u00e5ga"},"content":{"rendered":"\n<figure class=\"wp-block-image size-full\"><img loading=\"lazy\" decoding=\"async\" width=\"1000\" height=\"563\" src=\"https:\/\/framtidenskarriar.se\/ingenjor\/wp-content\/uploads\/sites\/14\/2025\/11\/teleinfo-it-1.jpg\" alt=\"Foto: F\u00f6rsvarsmakten\" class=\"wp-image-6789\" srcset=\"https:\/\/framtidenskarriar.se\/ingenjor\/wp-content\/uploads\/sites\/14\/2025\/11\/teleinfo-it-1.jpg 1000w, https:\/\/framtidenskarriar.se\/ingenjor\/wp-content\/uploads\/sites\/14\/2025\/11\/teleinfo-it-1-300x169.jpg 300w, https:\/\/framtidenskarriar.se\/ingenjor\/wp-content\/uploads\/sites\/14\/2025\/11\/teleinfo-it-1-768x432.jpg 768w, https:\/\/framtidenskarriar.se\/ingenjor\/wp-content\/uploads\/sites\/14\/2025\/11\/teleinfo-it-1-284x160.jpg 284w, https:\/\/framtidenskarriar.se\/ingenjor\/wp-content\/uploads\/sites\/14\/2025\/11\/teleinfo-it-1-80x45.jpg 80w, https:\/\/framtidenskarriar.se\/ingenjor\/wp-content\/uploads\/sites\/14\/2025\/11\/teleinfo-it-1-720x405.jpg 720w, https:\/\/framtidenskarriar.se\/ingenjor\/wp-content\/uploads\/sites\/14\/2025\/11\/teleinfo-it-1-960x540.jpg 960w, https:\/\/framtidenskarriar.se\/ingenjor\/wp-content\/uploads\/sites\/14\/2025\/11\/teleinfo-it-1-526x296.jpg 526w\" sizes=\"auto, (max-width: 1000px) 100vw, 1000px\" \/><figcaption class=\"wp-element-caption\">Foto: F\u00f6rsvarsmakten<\/figcaption><\/figure>\n\n\n\n<p><strong>F\u00f6rsvarsmaktens telekommunikations- och informationssystemf\u00f6rband, FMTIS, s\u00e4kerst\u00e4ller F\u00f6rsvarsmaktens f\u00f6rm\u00e5ga att kommunicera och leda till sj\u00f6ss, p\u00e5 land och i luften, dygnet runt, \u00e5ret om, i Sverige och utomlands.<\/strong><\/p>\n\n\n<div class=\"wp-block-image\">\n<figure class=\"alignright size-full is-resized\"><img loading=\"lazy\" decoding=\"async\" width=\"500\" height=\"694\" src=\"https:\/\/framtidenskarriar.se\/ingenjor\/wp-content\/uploads\/sites\/14\/2025\/11\/teleinfo-image001.jpg\" alt=\"Per-Ola Johansson, st\u00e4llf\u00f6retr\u00e4dande f\u00f6rbandschef p\u00e5 FMTIS. Foto: F\u00f6rsvarsmakten\" class=\"wp-image-6790\" style=\"width:150px\" srcset=\"https:\/\/framtidenskarriar.se\/ingenjor\/wp-content\/uploads\/sites\/14\/2025\/11\/teleinfo-image001.jpg 500w, https:\/\/framtidenskarriar.se\/ingenjor\/wp-content\/uploads\/sites\/14\/2025\/11\/teleinfo-image001-216x300.jpg 216w, https:\/\/framtidenskarriar.se\/ingenjor\/wp-content\/uploads\/sites\/14\/2025\/11\/teleinfo-image001-115x160.jpg 115w\" sizes=\"auto, (max-width: 500px) 100vw, 500px\" \/><figcaption class=\"wp-element-caption\">Per-Ola Johansson, st\u00e4llf\u00f6retr\u00e4dande f\u00f6rbandschef p\u00e5 FMTIS. Foto: F\u00f6rsvarsmakten<\/figcaption><\/figure>\n<\/div>\n\n\n<p>F\u00f6rsvarsmaktens it- och kommunikationsutveckling befinner sig f\u00f6r n\u00e4rvarande i en h\u00e4ndelserik och expansiv fas, inte minst kopplat till den tekniska upprustning som omv\u00e4rldsutvecklingen och Sveriges Natomedlemskap kr\u00e4ver.<br>\u2013 V\u00e5rt ansvarsomr\u00e5de \u00e4r att utveckla, vidmakth\u00e5lla och underh\u00e5lla all central it och kommunikation i F\u00f6rsvarsmakten. Vi \u00e4r \u00e4ven F\u00f6rsvarsmaktens n\u00e4toperat\u00f6r med ansvar f\u00f6r f\u00f6rsvarets eget tele- och datan\u00e4t, fr\u00e5n n\u00e4t till applikationer, servrar och datorer. Vi bedriver verksamhet p\u00e5 ett trettiotal orter i landet. F\u00f6rbandet best\u00e5r av \u00f6ver 2000 medarbetare spridda \u00f6ver hela landet. Medarbetarna levererar bland annat signalskydd, elektroniska system och aff\u00e4rssystem till hela F\u00f6rsvarsmakten, s\u00e4ger Per-Ola Johansson, st\u00e4llf\u00f6retr\u00e4dande f\u00f6rbandschef p\u00e5 FMTIS. F\u00f6rbandet har sin bas i \u00d6rebro men bedriver \u00e4ven omfattande verksamhet i Arboga, Enk\u00f6ping och Stockholm.<br>FMTIS medarbetare utvecklar, implementerar och skyddar F\u00f6rsvarsmaktens informations- och kommunikationssystem utifr\u00e5n ett drifts\u00e4kerhets- och cybers\u00e4kerhetsperspektiv. De hanterar ocks\u00e5 de taktiska datal\u00e4nkar som sammanf\u00f6r Sveriges stridskrafter med \u00f6vriga Natol\u00e4nder genom att exempelvis \u00f6verf\u00f6ra information mellan flygande enheter och sensorer. Naturligtvis prioriteras it-s\u00e4kerheten alltid h\u00f6gt p\u00e5 agendan.<\/p>\n\n\n\n<blockquote class=\"wp-block-quote is-layout-flow wp-block-quote-is-layout-flow\">\n<p><em>&#8221;Ingenj\u00f6rer, utvecklare och tekniker fyller en nyckelroll hos oss med sin f\u00f6rst\u00e5else f\u00f6r hur vi kan anv\u00e4nda avancerad teknologi.&#8221;<\/em><\/p>\n<\/blockquote>\n\n\n\n<p><strong>Anpassning till Nato<\/strong><br>\u2013 En av v\u00e5ra viktigaste uppgifter just nu \u00e4r att s\u00e4kerst\u00e4lla att F\u00f6rsvarsmaktens system \u00e4r kompatibla med \u00f6vriga Natol\u00e4nders system. Vi bygger bland annat transmission och plattformar som \u00e4r interoperabla med andra Natol\u00e4nder. Ingenj\u00f6rer, utvecklare och tekniker fyller d\u00e4rf\u00f6r en nyckelroll hos oss med sin f\u00f6rst\u00e5else f\u00f6r hur vi kan anv\u00e4nda avancerad teknologi f\u00f6r att n\u00e5 en \u00f6kad operativ f\u00f6rm\u00e5ga och fullf\u00f6lja F\u00f6rsvarsmaktens uppdrag. De beh\u00f6vs inom alla teknikomr\u00e5den och i hela processen \u2013 fr\u00e5n att vidmakth\u00e5lla till att utveckla och underh\u00e5lla system, s\u00e4ger Per-Ola Johansson.<\/p>\n\n\n\n<p><strong>Ingenj\u00f6rer fyller en nyckelroll<\/strong><br>Signalskydd, cyberdom\u00e4ner och vapenteknologi \u00e4r n\u00e5gra exempel p\u00e5 avancerad teknik som ingenj\u00f6rer kan arbeta med inom FMTIS. Radar, signalspaning, telekom och transmission samt arbetet med att g\u00f6ra F\u00f6rsvarsmaktens strategiska n\u00e4t mer robust och motst\u00e5ndskraftigt h\u00f6r till n\u00e5gra av de tekniska utmaningar som erbjuds p\u00e5 f\u00f6rbandet. Sett till hela F\u00f6rsvarsmakten kan ingenj\u00f6rer bland annat ta roller som str\u00e4cker sig fr\u00e5n underh\u00e5ll av utrustning till systemutveckling, it-s\u00e4kerhet och strategisk planering. De kan arbeta med allt fr\u00e5n sensorsystem, ledningssystem och fordon till avancerade it-l\u00f6sningar och ub\u00e5tar.<\/p>\n\n\n\n<p><strong>Arbeta med avancerad teknik<\/strong><br>\u2013 Vi beh\u00f6ver sj\u00e4lvklart ingenj\u00f6rer med en gedigen teknisk kompetens och utbildning, men att vara en god lagspelare samt att vara lojal, innovativ och drivande \u00e4r minst lika viktigt. V\u00e5ra medarbetare beh\u00f6ver vara l\u00f6sningsorienterade, kunna f\u00e5 saker ur h\u00e4nderna och f\u00f6rst\u00e5s ocks\u00e5 vilja bidra till Sverige och Natoalliansens f\u00f6rsvarsf\u00f6rm\u00e5ga och styrka. Att arbeta med avancerad teknik inom F\u00f6rsvarsmakten \u00e4r ett omv\u00e4xlande arbete d\u00e4r omv\u00e4rldsf\u00f6r\u00e4ndringarna till stor del styr f\u00f6ruts\u00e4ttningarna, s\u00e4ger Per-Ola Johansson.<\/p>\n\n\n<div class=\"wp-block-image\">\n<figure class=\"aligncenter size-full\"><img loading=\"lazy\" decoding=\"async\" width=\"1000\" height=\"563\" src=\"https:\/\/framtidenskarriar.se\/ingenjor\/wp-content\/uploads\/sites\/14\/2025\/11\/teleinfo-it-2.jpg\" alt=\"Foto: F\u00f6rsvarsmakten\" class=\"wp-image-6791\" srcset=\"https:\/\/framtidenskarriar.se\/ingenjor\/wp-content\/uploads\/sites\/14\/2025\/11\/teleinfo-it-2.jpg 1000w, https:\/\/framtidenskarriar.se\/ingenjor\/wp-content\/uploads\/sites\/14\/2025\/11\/teleinfo-it-2-300x169.jpg 300w, https:\/\/framtidenskarriar.se\/ingenjor\/wp-content\/uploads\/sites\/14\/2025\/11\/teleinfo-it-2-768x432.jpg 768w, https:\/\/framtidenskarriar.se\/ingenjor\/wp-content\/uploads\/sites\/14\/2025\/11\/teleinfo-it-2-284x160.jpg 284w, https:\/\/framtidenskarriar.se\/ingenjor\/wp-content\/uploads\/sites\/14\/2025\/11\/teleinfo-it-2-80x45.jpg 80w, https:\/\/framtidenskarriar.se\/ingenjor\/wp-content\/uploads\/sites\/14\/2025\/11\/teleinfo-it-2-720x405.jpg 720w, https:\/\/framtidenskarriar.se\/ingenjor\/wp-content\/uploads\/sites\/14\/2025\/11\/teleinfo-it-2-960x540.jpg 960w, https:\/\/framtidenskarriar.se\/ingenjor\/wp-content\/uploads\/sites\/14\/2025\/11\/teleinfo-it-2-526x296.jpg 526w\" sizes=\"auto, (max-width: 1000px) 100vw, 1000px\" \/><figcaption class=\"wp-element-caption\">Foto: F\u00f6rsvarsmakten<\/figcaption><\/figure>\n<\/div>\n\n<hr>\n\n\n<div class=\"ad-label\">Annons <i class=\"fas fa-caret-down\" aria-hidden=\"true\"><\/i><\/div>\n\n\n<div class=\"g g-1\"><div class=\"g-single a-11\"><a href=\"https:\/\/framtidenskarriar.se\/ingenjor\/2025\/11\/04\/innovation-genom-integration\/\" target=\"_blank\" title=\"SES annons ht25\" onclick=\"_gaq.push(['_trackEvent', 'Link Clicks', 'Banners', 'SES annons ht25']);\"><img decoding=\"async\" alt=\"SES annons ht25\" src=\"https:\/\/framtidenskarriar.se\/ingenjor\/wp-content\/uploads\/sites\/14\/2025\/11\/ses-annons-liggande.jpg\"\/><\/a><\/div><\/div>\n","protected":false},"excerpt":{"rendered":"<p>FMTIS s\u00e4kerst\u00e4ller F\u00f6rsvarsmaktens f\u00f6rm\u00e5ga att kommunicera och leda till sj\u00f6ss, p\u00e5 land och i luften, dygnet runt, \u00e5ret om, i Sverige och utomlands.<\/p>\n","protected":false},"author":2,"featured_media":6792,"comment_status":"open","ping_status":"open","sticky":false,"template":"","format":"standard","meta":{"_acf_changed":false,"_monsterinsights_skip_tracking":false,"_monsterinsights_sitenote_active":false,"_monsterinsights_sitenote_note":"","_monsterinsights_sitenote_category":0,"footnotes":""},"categories":[1],"tags":[304,331],"class_list":["post-6788","post","type-post","status-publish","format-standard","has-post-thumbnail","hentry","category-artikel","tag-fmtis","tag-kommunikation-och-information"],"acf":[],"yoast_head":"<!-- This site is optimized with the Yoast SEO plugin v27.3 - https:\/\/yoast.com\/product\/yoast-seo-wordpress\/ -->\n<title>Avancerad teknik st\u00e4rker Sveriges f\u00f6rsvarsf\u00f6rm\u00e5ga - Framtidens Karri\u00e4r - Ingenj\u00f6r<\/title>\n<meta name=\"robots\" content=\"index, follow, max-snippet:-1, max-image-preview:large, max-video-preview:-1\" \/>\n<link rel=\"canonical\" href=\"https:\/\/framtidenskarriar.se\/ingenjor\/2025\/11\/04\/avancerad-teknik-starker-sveriges-forsvarsformaga\/\" \/>\n<meta property=\"og:locale\" content=\"sv_SE\" \/>\n<meta property=\"og:type\" content=\"article\" \/>\n<meta property=\"og:title\" content=\"Avancerad teknik st\u00e4rker Sveriges f\u00f6rsvarsf\u00f6rm\u00e5ga - Framtidens Karri\u00e4r - Ingenj\u00f6r\" \/>\n<meta property=\"og:description\" content=\"FMTIS s\u00e4kerst\u00e4ller F\u00f6rsvarsmaktens f\u00f6rm\u00e5ga att kommunicera och leda till sj\u00f6ss, p\u00e5 land och i luften, dygnet runt, \u00e5ret om, i Sverige och utomlands.\" \/>\n<meta property=\"og:url\" content=\"https:\/\/framtidenskarriar.se\/ingenjor\/2025\/11\/04\/avancerad-teknik-starker-sveriges-forsvarsformaga\/\" \/>\n<meta property=\"og:site_name\" content=\"Framtidens Karri\u00e4r - Ingenj\u00f6r\" \/>\n<meta property=\"article:published_time\" content=\"2025-11-04T09:38:17+00:00\" \/>\n<meta property=\"article:modified_time\" content=\"2025-12-12T13:49:04+00:00\" \/>\n<meta property=\"og:image\" content=\"https:\/\/framtidenskarriar.se\/ingenjor\/wp-content\/uploads\/sites\/14\/2025\/11\/teleinfo-utvald.jpg\" \/>\n\t<meta property=\"og:image:width\" content=\"1000\" \/>\n\t<meta property=\"og:image:height\" content=\"563\" \/>\n\t<meta property=\"og:image:type\" content=\"image\/jpeg\" \/>\n<meta name=\"author\" content=\"viktorwallen\" \/>\n<meta name=\"twitter:card\" content=\"summary_large_image\" \/>\n<meta name=\"twitter:label1\" content=\"Skriven av\" \/>\n\t<meta name=\"twitter:data1\" content=\"viktorwallen\" \/>\n\t<meta name=\"twitter:label2\" content=\"Ber\u00e4knad l\u00e4stid\" \/>\n\t<meta name=\"twitter:data2\" content=\"4 minuter\" \/>\n<script type=\"application\/ld+json\" class=\"yoast-schema-graph\">{\"@context\":\"https:\\\/\\\/schema.org\",\"@graph\":[{\"@type\":\"Article\",\"@id\":\"https:\\\/\\\/framtidenskarriar.se\\\/ingenjor\\\/2025\\\/11\\\/04\\\/avancerad-teknik-starker-sveriges-forsvarsformaga\\\/#article\",\"isPartOf\":{\"@id\":\"https:\\\/\\\/framtidenskarriar.se\\\/ingenjor\\\/2025\\\/11\\\/04\\\/avancerad-teknik-starker-sveriges-forsvarsformaga\\\/\"},\"author\":{\"name\":\"viktorwallen\",\"@id\":\"https:\\\/\\\/framtidenskarriar.se\\\/ingenjor\\\/#\\\/schema\\\/person\\\/2a13a849ec7646386c2211f59afe3083\"},\"headline\":\"Avancerad teknik st\u00e4rker Sveriges f\u00f6rsvarsf\u00f6rm\u00e5ga\",\"datePublished\":\"2025-11-04T09:38:17+00:00\",\"dateModified\":\"2025-12-12T13:49:04+00:00\",\"mainEntityOfPage\":{\"@id\":\"https:\\\/\\\/framtidenskarriar.se\\\/ingenjor\\\/2025\\\/11\\\/04\\\/avancerad-teknik-starker-sveriges-forsvarsformaga\\\/\"},\"wordCount\":604,\"commentCount\":0,\"image\":{\"@id\":\"https:\\\/\\\/framtidenskarriar.se\\\/ingenjor\\\/2025\\\/11\\\/04\\\/avancerad-teknik-starker-sveriges-forsvarsformaga\\\/#primaryimage\"},\"thumbnailUrl\":\"https:\\\/\\\/framtidenskarriar.se\\\/ingenjor\\\/wp-content\\\/uploads\\\/sites\\\/14\\\/2025\\\/11\\\/teleinfo-utvald.jpg\",\"keywords\":[\"FMTIS\",\"Kommunikation och information\"],\"articleSection\":[\"Artikel\"],\"inLanguage\":\"sv-SE\",\"potentialAction\":[{\"@type\":\"CommentAction\",\"name\":\"Comment\",\"target\":[\"https:\\\/\\\/framtidenskarriar.se\\\/ingenjor\\\/2025\\\/11\\\/04\\\/avancerad-teknik-starker-sveriges-forsvarsformaga\\\/#respond\"]}]},{\"@type\":\"WebPage\",\"@id\":\"https:\\\/\\\/framtidenskarriar.se\\\/ingenjor\\\/2025\\\/11\\\/04\\\/avancerad-teknik-starker-sveriges-forsvarsformaga\\\/\",\"url\":\"https:\\\/\\\/framtidenskarriar.se\\\/ingenjor\\\/2025\\\/11\\\/04\\\/avancerad-teknik-starker-sveriges-forsvarsformaga\\\/\",\"name\":\"Avancerad teknik st\u00e4rker Sveriges f\u00f6rsvarsf\u00f6rm\u00e5ga - Framtidens Karri\u00e4r - Ingenj\u00f6r\",\"isPartOf\":{\"@id\":\"https:\\\/\\\/framtidenskarriar.se\\\/ingenjor\\\/#website\"},\"primaryImageOfPage\":{\"@id\":\"https:\\\/\\\/framtidenskarriar.se\\\/ingenjor\\\/2025\\\/11\\\/04\\\/avancerad-teknik-starker-sveriges-forsvarsformaga\\\/#primaryimage\"},\"image\":{\"@id\":\"https:\\\/\\\/framtidenskarriar.se\\\/ingenjor\\\/2025\\\/11\\\/04\\\/avancerad-teknik-starker-sveriges-forsvarsformaga\\\/#primaryimage\"},\"thumbnailUrl\":\"https:\\\/\\\/framtidenskarriar.se\\\/ingenjor\\\/wp-content\\\/uploads\\\/sites\\\/14\\\/2025\\\/11\\\/teleinfo-utvald.jpg\",\"datePublished\":\"2025-11-04T09:38:17+00:00\",\"dateModified\":\"2025-12-12T13:49:04+00:00\",\"author\":{\"@id\":\"https:\\\/\\\/framtidenskarriar.se\\\/ingenjor\\\/#\\\/schema\\\/person\\\/2a13a849ec7646386c2211f59afe3083\"},\"breadcrumb\":{\"@id\":\"https:\\\/\\\/framtidenskarriar.se\\\/ingenjor\\\/2025\\\/11\\\/04\\\/avancerad-teknik-starker-sveriges-forsvarsformaga\\\/#breadcrumb\"},\"inLanguage\":\"sv-SE\",\"potentialAction\":[{\"@type\":\"ReadAction\",\"target\":[\"https:\\\/\\\/framtidenskarriar.se\\\/ingenjor\\\/2025\\\/11\\\/04\\\/avancerad-teknik-starker-sveriges-forsvarsformaga\\\/\"]}]},{\"@type\":\"ImageObject\",\"inLanguage\":\"sv-SE\",\"@id\":\"https:\\\/\\\/framtidenskarriar.se\\\/ingenjor\\\/2025\\\/11\\\/04\\\/avancerad-teknik-starker-sveriges-forsvarsformaga\\\/#primaryimage\",\"url\":\"https:\\\/\\\/framtidenskarriar.se\\\/ingenjor\\\/wp-content\\\/uploads\\\/sites\\\/14\\\/2025\\\/11\\\/teleinfo-utvald.jpg\",\"contentUrl\":\"https:\\\/\\\/framtidenskarriar.se\\\/ingenjor\\\/wp-content\\\/uploads\\\/sites\\\/14\\\/2025\\\/11\\\/teleinfo-utvald.jpg\",\"width\":1000,\"height\":563},{\"@type\":\"BreadcrumbList\",\"@id\":\"https:\\\/\\\/framtidenskarriar.se\\\/ingenjor\\\/2025\\\/11\\\/04\\\/avancerad-teknik-starker-sveriges-forsvarsformaga\\\/#breadcrumb\",\"itemListElement\":[{\"@type\":\"ListItem\",\"position\":1,\"name\":\"Home\",\"item\":\"https:\\\/\\\/framtidenskarriar.se\\\/ingenjor\\\/\"},{\"@type\":\"ListItem\",\"position\":2,\"name\":\"Avancerad teknik st\u00e4rker Sveriges f\u00f6rsvarsf\u00f6rm\u00e5ga\"}]},{\"@type\":\"WebSite\",\"@id\":\"https:\\\/\\\/framtidenskarriar.se\\\/ingenjor\\\/#website\",\"url\":\"https:\\\/\\\/framtidenskarriar.se\\\/ingenjor\\\/\",\"name\":\"Framtidens Karri\u00e4r - Ingenj\u00f6r\",\"description\":\"Just another NMDashboard.se Sites site\",\"potentialAction\":[{\"@type\":\"SearchAction\",\"target\":{\"@type\":\"EntryPoint\",\"urlTemplate\":\"https:\\\/\\\/framtidenskarriar.se\\\/ingenjor\\\/?s={search_term_string}\"},\"query-input\":{\"@type\":\"PropertyValueSpecification\",\"valueRequired\":true,\"valueName\":\"search_term_string\"}}],\"inLanguage\":\"sv-SE\"},{\"@type\":\"Person\",\"@id\":\"https:\\\/\\\/framtidenskarriar.se\\\/ingenjor\\\/#\\\/schema\\\/person\\\/2a13a849ec7646386c2211f59afe3083\",\"name\":\"viktorwallen\",\"image\":{\"@type\":\"ImageObject\",\"inLanguage\":\"sv-SE\",\"@id\":\"https:\\\/\\\/secure.gravatar.com\\\/avatar\\\/701701bd36169636031933997c8c6b954f2f635bbb7cd4802e4a007f9c9f4e59?s=96&d=mm&r=g\",\"url\":\"https:\\\/\\\/secure.gravatar.com\\\/avatar\\\/701701bd36169636031933997c8c6b954f2f635bbb7cd4802e4a007f9c9f4e59?s=96&d=mm&r=g\",\"contentUrl\":\"https:\\\/\\\/secure.gravatar.com\\\/avatar\\\/701701bd36169636031933997c8c6b954f2f635bbb7cd4802e4a007f9c9f4e59?s=96&d=mm&r=g\",\"caption\":\"viktorwallen\"},\"url\":\"https:\\\/\\\/framtidenskarriar.se\\\/ingenjor\\\/author\\\/viktorwallen\\\/\"}]}<\/script>\n<!-- \/ Yoast SEO plugin. -->","yoast_head_json":{"title":"Avancerad teknik st\u00e4rker Sveriges f\u00f6rsvarsf\u00f6rm\u00e5ga - Framtidens Karri\u00e4r - Ingenj\u00f6r","robots":{"index":"index","follow":"follow","max-snippet":"max-snippet:-1","max-image-preview":"max-image-preview:large","max-video-preview":"max-video-preview:-1"},"canonical":"https:\/\/framtidenskarriar.se\/ingenjor\/2025\/11\/04\/avancerad-teknik-starker-sveriges-forsvarsformaga\/","og_locale":"sv_SE","og_type":"article","og_title":"Avancerad teknik st\u00e4rker Sveriges f\u00f6rsvarsf\u00f6rm\u00e5ga - Framtidens Karri\u00e4r - Ingenj\u00f6r","og_description":"FMTIS s\u00e4kerst\u00e4ller F\u00f6rsvarsmaktens f\u00f6rm\u00e5ga att kommunicera och leda till sj\u00f6ss, p\u00e5 land och i luften, dygnet runt, \u00e5ret om, i Sverige och utomlands.","og_url":"https:\/\/framtidenskarriar.se\/ingenjor\/2025\/11\/04\/avancerad-teknik-starker-sveriges-forsvarsformaga\/","og_site_name":"Framtidens Karri\u00e4r - Ingenj\u00f6r","article_published_time":"2025-11-04T09:38:17+00:00","article_modified_time":"2025-12-12T13:49:04+00:00","og_image":[{"width":1000,"height":563,"url":"https:\/\/framtidenskarriar.se\/ingenjor\/wp-content\/uploads\/sites\/14\/2025\/11\/teleinfo-utvald.jpg","type":"image\/jpeg"}],"author":"viktorwallen","twitter_card":"summary_large_image","twitter_misc":{"Skriven av":"viktorwallen","Ber\u00e4knad l\u00e4stid":"4 minuter"},"schema":{"@context":"https:\/\/schema.org","@graph":[{"@type":"Article","@id":"https:\/\/framtidenskarriar.se\/ingenjor\/2025\/11\/04\/avancerad-teknik-starker-sveriges-forsvarsformaga\/#article","isPartOf":{"@id":"https:\/\/framtidenskarriar.se\/ingenjor\/2025\/11\/04\/avancerad-teknik-starker-sveriges-forsvarsformaga\/"},"author":{"name":"viktorwallen","@id":"https:\/\/framtidenskarriar.se\/ingenjor\/#\/schema\/person\/2a13a849ec7646386c2211f59afe3083"},"headline":"Avancerad teknik st\u00e4rker Sveriges f\u00f6rsvarsf\u00f6rm\u00e5ga","datePublished":"2025-11-04T09:38:17+00:00","dateModified":"2025-12-12T13:49:04+00:00","mainEntityOfPage":{"@id":"https:\/\/framtidenskarriar.se\/ingenjor\/2025\/11\/04\/avancerad-teknik-starker-sveriges-forsvarsformaga\/"},"wordCount":604,"commentCount":0,"image":{"@id":"https:\/\/framtidenskarriar.se\/ingenjor\/2025\/11\/04\/avancerad-teknik-starker-sveriges-forsvarsformaga\/#primaryimage"},"thumbnailUrl":"https:\/\/framtidenskarriar.se\/ingenjor\/wp-content\/uploads\/sites\/14\/2025\/11\/teleinfo-utvald.jpg","keywords":["FMTIS","Kommunikation och information"],"articleSection":["Artikel"],"inLanguage":"sv-SE","potentialAction":[{"@type":"CommentAction","name":"Comment","target":["https:\/\/framtidenskarriar.se\/ingenjor\/2025\/11\/04\/avancerad-teknik-starker-sveriges-forsvarsformaga\/#respond"]}]},{"@type":"WebPage","@id":"https:\/\/framtidenskarriar.se\/ingenjor\/2025\/11\/04\/avancerad-teknik-starker-sveriges-forsvarsformaga\/","url":"https:\/\/framtidenskarriar.se\/ingenjor\/2025\/11\/04\/avancerad-teknik-starker-sveriges-forsvarsformaga\/","name":"Avancerad teknik st\u00e4rker Sveriges f\u00f6rsvarsf\u00f6rm\u00e5ga - Framtidens Karri\u00e4r - Ingenj\u00f6r","isPartOf":{"@id":"https:\/\/framtidenskarriar.se\/ingenjor\/#website"},"primaryImageOfPage":{"@id":"https:\/\/framtidenskarriar.se\/ingenjor\/2025\/11\/04\/avancerad-teknik-starker-sveriges-forsvarsformaga\/#primaryimage"},"image":{"@id":"https:\/\/framtidenskarriar.se\/ingenjor\/2025\/11\/04\/avancerad-teknik-starker-sveriges-forsvarsformaga\/#primaryimage"},"thumbnailUrl":"https:\/\/framtidenskarriar.se\/ingenjor\/wp-content\/uploads\/sites\/14\/2025\/11\/teleinfo-utvald.jpg","datePublished":"2025-11-04T09:38:17+00:00","dateModified":"2025-12-12T13:49:04+00:00","author":{"@id":"https:\/\/framtidenskarriar.se\/ingenjor\/#\/schema\/person\/2a13a849ec7646386c2211f59afe3083"},"breadcrumb":{"@id":"https:\/\/framtidenskarriar.se\/ingenjor\/2025\/11\/04\/avancerad-teknik-starker-sveriges-forsvarsformaga\/#breadcrumb"},"inLanguage":"sv-SE","potentialAction":[{"@type":"ReadAction","target":["https:\/\/framtidenskarriar.se\/ingenjor\/2025\/11\/04\/avancerad-teknik-starker-sveriges-forsvarsformaga\/"]}]},{"@type":"ImageObject","inLanguage":"sv-SE","@id":"https:\/\/framtidenskarriar.se\/ingenjor\/2025\/11\/04\/avancerad-teknik-starker-sveriges-forsvarsformaga\/#primaryimage","url":"https:\/\/framtidenskarriar.se\/ingenjor\/wp-content\/uploads\/sites\/14\/2025\/11\/teleinfo-utvald.jpg","contentUrl":"https:\/\/framtidenskarriar.se\/ingenjor\/wp-content\/uploads\/sites\/14\/2025\/11\/teleinfo-utvald.jpg","width":1000,"height":563},{"@type":"BreadcrumbList","@id":"https:\/\/framtidenskarriar.se\/ingenjor\/2025\/11\/04\/avancerad-teknik-starker-sveriges-forsvarsformaga\/#breadcrumb","itemListElement":[{"@type":"ListItem","position":1,"name":"Home","item":"https:\/\/framtidenskarriar.se\/ingenjor\/"},{"@type":"ListItem","position":2,"name":"Avancerad teknik st\u00e4rker Sveriges f\u00f6rsvarsf\u00f6rm\u00e5ga"}]},{"@type":"WebSite","@id":"https:\/\/framtidenskarriar.se\/ingenjor\/#website","url":"https:\/\/framtidenskarriar.se\/ingenjor\/","name":"Framtidens Karri\u00e4r - Ingenj\u00f6r","description":"Just another NMDashboard.se Sites site","potentialAction":[{"@type":"SearchAction","target":{"@type":"EntryPoint","urlTemplate":"https:\/\/framtidenskarriar.se\/ingenjor\/?s={search_term_string}"},"query-input":{"@type":"PropertyValueSpecification","valueRequired":true,"valueName":"search_term_string"}}],"inLanguage":"sv-SE"},{"@type":"Person","@id":"https:\/\/framtidenskarriar.se\/ingenjor\/#\/schema\/person\/2a13a849ec7646386c2211f59afe3083","name":"viktorwallen","image":{"@type":"ImageObject","inLanguage":"sv-SE","@id":"https:\/\/secure.gravatar.com\/avatar\/701701bd36169636031933997c8c6b954f2f635bbb7cd4802e4a007f9c9f4e59?s=96&d=mm&r=g","url":"https:\/\/secure.gravatar.com\/avatar\/701701bd36169636031933997c8c6b954f2f635bbb7cd4802e4a007f9c9f4e59?s=96&d=mm&r=g","contentUrl":"https:\/\/secure.gravatar.com\/avatar\/701701bd36169636031933997c8c6b954f2f635bbb7cd4802e4a007f9c9f4e59?s=96&d=mm&r=g","caption":"viktorwallen"},"url":"https:\/\/framtidenskarriar.se\/ingenjor\/author\/viktorwallen\/"}]}},"_links":{"self":[{"href":"https:\/\/framtidenskarriar.se\/ingenjor\/wp-json\/wp\/v2\/posts\/6788","targetHints":{"allow":["GET"]}}],"collection":[{"href":"https:\/\/framtidenskarriar.se\/ingenjor\/wp-json\/wp\/v2\/posts"}],"about":[{"href":"https:\/\/framtidenskarriar.se\/ingenjor\/wp-json\/wp\/v2\/types\/post"}],"author":[{"embeddable":true,"href":"https:\/\/framtidenskarriar.se\/ingenjor\/wp-json\/wp\/v2\/users\/2"}],"replies":[{"embeddable":true,"href":"https:\/\/framtidenskarriar.se\/ingenjor\/wp-json\/wp\/v2\/comments?post=6788"}],"version-history":[{"count":2,"href":"https:\/\/framtidenskarriar.se\/ingenjor\/wp-json\/wp\/v2\/posts\/6788\/revisions"}],"predecessor-version":[{"id":6918,"href":"https:\/\/framtidenskarriar.se\/ingenjor\/wp-json\/wp\/v2\/posts\/6788\/revisions\/6918"}],"wp:featuredmedia":[{"embeddable":true,"href":"https:\/\/framtidenskarriar.se\/ingenjor\/wp-json\/wp\/v2\/media\/6792"}],"wp:attachment":[{"href":"https:\/\/framtidenskarriar.se\/ingenjor\/wp-json\/wp\/v2\/media?parent=6788"}],"wp:term":[{"taxonomy":"category","embeddable":true,"href":"https:\/\/framtidenskarriar.se\/ingenjor\/wp-json\/wp\/v2\/categories?post=6788"},{"taxonomy":"post_tag","embeddable":true,"href":"https:\/\/framtidenskarriar.se\/ingenjor\/wp-json\/wp\/v2\/tags?post=6788"}],"curies":[{"name":"wp","href":"https:\/\/api.w.org\/{rel}","templated":true}]}}