{"id":4965,"date":"2016-02-09T22:42:29","date_gmt":"2016-02-09T20:42:29","guid":{"rendered":"http:\/\/framtidenskarriar.se\/itdata\/?p=4965"},"modified":"2016-02-09T22:42:29","modified_gmt":"2016-02-09T20:42:29","slug":"snabbrorliga-mot-den-digitala-framtiden","status":"publish","type":"post","link":"https:\/\/framtidenskarriar.se\/itdata\/2016\/02\/09\/snabbrorliga-mot-den-digitala-framtiden\/","title":{"rendered":"Snabbr\u00f6rliga mot den digitala framtiden!"},"content":{"rendered":"<figure id=\"attachment_4966\" aria-describedby=\"caption-attachment-4966\" style=\"width: 1000px\" class=\"wp-caption alignnone\"><img loading=\"lazy\" decoding=\"async\" class=\"size-full wp-image-4966\" src=\"https:\/\/framtidenskarriar.se\/itdata\/wp-content\/uploads\/sites\/13\/2016\/02\/pensionsmynd-artikel-feb2016-slutgiltig138.jpg\" alt=\"Kompetenstillskott i Hornstull. Daniel Andersson (t.v.) tillsammans med n\u00e5gra nya medarbetare p\u00e5 IT-avdelningen: Magnus H\u00f6rnqvist, Matz Nystr\u00f6m, P\u00e4r Malmsborg, Fredrik Lagnetoft, Charlotte Str\u00f6mbeck, Mattias \u00d6man, Matz Lindgren, Maria Sandberg, Maria H\u00e5kansson, \u00c5sa H. Lindholm, Andreas Andersson, Ahmad Mudhar, Loan Trieu Olsson, Anders Hellsten, Louise Fontin.\" width=\"1000\" height=\"649\" srcset=\"https:\/\/framtidenskarriar.se\/itdata\/wp-content\/uploads\/sites\/13\/2016\/02\/pensionsmynd-artikel-feb2016-slutgiltig138.jpg 1000w, https:\/\/framtidenskarriar.se\/itdata\/wp-content\/uploads\/sites\/13\/2016\/02\/pensionsmynd-artikel-feb2016-slutgiltig138-300x195.jpg 300w, https:\/\/framtidenskarriar.se\/itdata\/wp-content\/uploads\/sites\/13\/2016\/02\/pensionsmynd-artikel-feb2016-slutgiltig138-768x498.jpg 768w, https:\/\/framtidenskarriar.se\/itdata\/wp-content\/uploads\/sites\/13\/2016\/02\/pensionsmynd-artikel-feb2016-slutgiltig138-247x160.jpg 247w, https:\/\/framtidenskarriar.se\/itdata\/wp-content\/uploads\/sites\/13\/2016\/02\/pensionsmynd-artikel-feb2016-slutgiltig138-526x341.jpg 526w, https:\/\/framtidenskarriar.se\/itdata\/wp-content\/uploads\/sites\/13\/2016\/02\/pensionsmynd-artikel-feb2016-slutgiltig138-720x467.jpg 720w, https:\/\/framtidenskarriar.se\/itdata\/wp-content\/uploads\/sites\/13\/2016\/02\/pensionsmynd-artikel-feb2016-slutgiltig138-960x623.jpg 960w\" sizes=\"auto, (max-width: 1000px) 100vw, 1000px\" \/><figcaption id=\"caption-attachment-4966\" class=\"wp-caption-text\">Kompetenstillskott i Hornstull. Daniel Andersson (t.v.) tillsammans med n\u00e5gra nya medarbetare p\u00e5 IT-avdelningen: Magnus H\u00f6rnqvist, Matz Nystr\u00f6m, P\u00e4r Malmsborg, Fredrik Lagnetoft, Charlotte Str\u00f6mbeck, Mattias \u00d6man, Matz Lindgren, Maria Sandberg, Maria H\u00e5kansson, \u00c5sa H. Lindholm, Andreas Andersson, Ahmad Mudhar, Loan Trieu Olsson, Anders Hellsten, Louise Fontin.<\/figcaption><\/figure>\n<p><strong>P\u00e5 Pensionsmyndighetens IT f\u00f6renas samh\u00e4llsnytta med innovationsh\u00f6jd och tv\u00e4rfunktionella team. H\u00e4r uppmuntras medarbetarna att v\u00e5ga testa nya id\u00e9er som kan bidra med kundnytta. Den smidiga organisationen skapar de r\u00e4tta f\u00f6ruts\u00e4ttningarna.<\/strong><\/p>\n<p>\u2013 V\u00e5ra tj\u00e4nster ber\u00f6r stora delar av Sveriges befolkning, de IT-tj\u00e4nster och den infrastruktur vi utvecklar ger Sveriges pensionssparare och pension\u00e4rer tillg\u00e5ng till b\u00e4ttre information och service. Det \u00e4r d\u00e4rf\u00f6r l\u00e4tt att se nyttan med v\u00e5ra tj\u00e4nster, b\u00e5de f\u00f6r samh\u00e4llet och f\u00f6r individen.<br \/>\nVerksamheten pr\u00e4glas av tydligt kundfokus och alla v\u00e5ra medarbetare utg\u00f6r en viktig del av v\u00e5rt innovationsarbete, viljan att st\u00e4ndigt utveckla och testa nya tekniska l\u00f6sningar och tj\u00e4nster som kan underl\u00e4tta f\u00f6r pension\u00e4rer och pensionssparare, s\u00e4ger Daniel Andersson, enhetschef inom test och utveckling p\u00e5 Pensionsmyndighetens IT-avdelning.<\/p>\n<p><strong>B\u00e4sta IT-avdelningen 2020<\/strong><br \/>\nPensionsmyndighetens IT befinner sig ett expansivt och h\u00e4ndelserikt skede. Den \u00f6vergripande m\u00e5ls\u00e4ttningen \u00e4r att bli Sveriges b\u00e4sta IT-avdelning senast \u00e5r 2020 och redan f\u00f6rra \u00e5ret anst\u00e4lldes ett femtiotal nya medarbetare. Pensionsmyndighetens IT-avdelning arbetar med allt fr\u00e5n drift och utveckling till arkitektur och s\u00e4kerhet.<br \/>\n\u2013 V\u00e5r organisationskultur uppmuntrar till engagemang och karakteriseras av att vi v\u00e4lkomnar nya id\u00e9er. Vi uppmuntrar v\u00e5ra medarbetare att v\u00e5ga testa nya id\u00e9er och d\u00e4rmed \u00e4ven v\u00e5ga misslyckas ibland, s\u00e4ger Daniel Andersson.<\/p>\n<p><strong>Smidig organisation<\/strong><br \/>\nVerksamheten p\u00e5 Pensionsmyndighetens IT-enhet organiseras till stor del utifr\u00e5n agilt arbete i tv\u00e4rfunktionella team. Myndighetens IT-arbete \u00e4r ett f\u00f6red\u00f6me f\u00f6r s\u00e5v\u00e4l f\u00f6retag som andra myndigheter och Daniel Andersson och hans kollegor f\u00f6rel\u00e4ser regelbundet kring Pensionsmyndighetens arbetss\u00e4tt.<br \/>\n\u2013 Med drygt 250 medarbetare \u00e4r vi en lagom stor IT-organisation, tillr\u00e4ckligt stor f\u00f6r att kunna erbjuda m\u00e5nga sp\u00e4nnande karri\u00e4rm\u00f6jligheter, men samtidigt tillr\u00e4ckligt sm\u00e5skaligt f\u00f6r att kunna vara snabbfotade och lyh\u00f6rda f\u00f6r nya id\u00e9er, s\u00e4ger Daniel Andersson.<\/p>\n<div class=\"faktaruta-title\">Pensionsmyndigheten<\/div><div class=\"faktaruta\">Pensionsmyndighetens uppdrag \u00e4r att administrera den allm\u00e4nna pensionen samt att informera om hela pensionen. Varje \u00e5r betalar vi ut drygt 300 miljarder kronor till 2,1 miljoner pension\u00e4rer, genomf\u00f6r drygt 800\u00a0000 fondbyten och skickar ut 6,8 miljoner orange kuvert. Vi \u00e4r omkring 1\u00a0100 medarbetare p\u00e5 8 orter.<br \/>\n<strong><a href=\"http:\/\/www.itjobb.pensionsmyndigheten.se\" target=\"_blank\" rel=\"noopener noreferrer\">www.itjobb.pensionsmyndigheten.se<\/a><\/strong><br \/>\n<a href=\"http:\/\/www.itjobb.pensionsmyndigheten.se\" target=\"_blank\" rel=\"attachment wp-att-4967 noopener noreferrer\"><img loading=\"lazy\" decoding=\"async\" class=\"alignnone size-medium wp-image-4967\" src=\"https:\/\/framtidenskarriar.se\/itdata\/wp-content\/uploads\/sites\/13\/2016\/02\/pensionsmynd-pm-logo-tryck-ob-cmyk-250x117.png\" alt=\"www.itjobb.pensionsmyndigheten.se\" width=\"250\" height=\"117\" \/><\/a><\/div>\n","protected":false},"excerpt":{"rendered":"<p>P\u00e5 Pensionsmyndighetens IT f\u00f6renas samh\u00e4llsnytta med innovationsh\u00f6jd och tv\u00e4rfunktionella team. H\u00e4r uppmuntras medarbetarna att v\u00e5ga&#8230;<\/p>\n","protected":false},"author":3,"featured_media":5278,"comment_status":"closed","ping_status":"open","sticky":false,"template":"","format":"standard","meta":{"_acf_changed":false,"_monsterinsights_skip_tracking":false,"_monsterinsights_sitenote_active":false,"_monsterinsights_sitenote_note":"","_monsterinsights_sitenote_category":0,"footnotes":""},"categories":[1],"tags":[],"class_list":["post-4965","post","type-post","status-publish","format-standard","has-post-thumbnail","hentry","category-artikel"],"acf":[],"yoast_head":"<!-- This site is optimized with the Yoast SEO plugin v27.3 - https:\/\/yoast.com\/product\/yoast-seo-wordpress\/ -->\n<title>Snabbr\u00f6rliga mot den digitala framtiden! - Framtidens karri\u00e4r IT &amp; Data<\/title>\n<meta name=\"robots\" content=\"index, follow, max-snippet:-1, max-image-preview:large, max-video-preview:-1\" \/>\n<link rel=\"canonical\" href=\"https:\/\/framtidenskarriar.se\/itdata\/2016\/02\/09\/snabbrorliga-mot-den-digitala-framtiden\/\" \/>\n<meta property=\"og:locale\" content=\"sv_SE\" \/>\n<meta property=\"og:type\" content=\"article\" \/>\n<meta property=\"og:title\" content=\"Snabbr\u00f6rliga mot den digitala framtiden! - Framtidens karri\u00e4r IT &amp; Data\" \/>\n<meta property=\"og:description\" content=\"P\u00e5 Pensionsmyndighetens IT f\u00f6renas samh\u00e4llsnytta med innovationsh\u00f6jd och tv\u00e4rfunktionella team. H\u00e4r uppmuntras medarbetarna att v\u00e5ga...\" \/>\n<meta property=\"og:url\" content=\"https:\/\/framtidenskarriar.se\/itdata\/2016\/02\/09\/snabbrorliga-mot-den-digitala-framtiden\/\" \/>\n<meta property=\"og:site_name\" content=\"Framtidens karri\u00e4r IT &amp; Data\" \/>\n<meta property=\"article:published_time\" content=\"2016-02-09T20:42:29+00:00\" \/>\n<meta property=\"og:image\" content=\"https:\/\/framtidenskarriar.se\/itdata\/wp-content\/uploads\/sites\/13\/2016\/02\/pensionsmynd-artikel-feb2016-slutgiltig138-1.jpg\" \/>\n\t<meta property=\"og:image:width\" content=\"1000\" \/>\n\t<meta property=\"og:image:height\" content=\"649\" \/>\n\t<meta property=\"og:image:type\" content=\"image\/jpeg\" \/>\n<meta name=\"author\" content=\"stellanstal\" \/>\n<meta name=\"twitter:card\" content=\"summary_large_image\" \/>\n<meta name=\"twitter:label1\" content=\"Skriven av\" \/>\n\t<meta name=\"twitter:data1\" content=\"stellanstal\" \/>\n\t<meta name=\"twitter:label2\" content=\"Ber\u00e4knad l\u00e4stid\" \/>\n\t<meta name=\"twitter:data2\" content=\"2 minuter\" \/>\n<script type=\"application\/ld+json\" class=\"yoast-schema-graph\">{\"@context\":\"https:\\\/\\\/schema.org\",\"@graph\":[{\"@type\":\"Article\",\"@id\":\"https:\\\/\\\/framtidenskarriar.se\\\/itdata\\\/2016\\\/02\\\/09\\\/snabbrorliga-mot-den-digitala-framtiden\\\/#article\",\"isPartOf\":{\"@id\":\"https:\\\/\\\/framtidenskarriar.se\\\/itdata\\\/2016\\\/02\\\/09\\\/snabbrorliga-mot-den-digitala-framtiden\\\/\"},\"author\":{\"name\":\"stellanstal\",\"@id\":\"https:\\\/\\\/framtidenskarriar.se\\\/itdata\\\/#\\\/schema\\\/person\\\/c8a43eb855191e573b73ecf8987a3b99\"},\"headline\":\"Snabbr\u00f6rliga mot den digitala framtiden!\",\"datePublished\":\"2016-02-09T20:42:29+00:00\",\"mainEntityOfPage\":{\"@id\":\"https:\\\/\\\/framtidenskarriar.se\\\/itdata\\\/2016\\\/02\\\/09\\\/snabbrorliga-mot-den-digitala-framtiden\\\/\"},\"wordCount\":460,\"image\":{\"@id\":\"https:\\\/\\\/framtidenskarriar.se\\\/itdata\\\/2016\\\/02\\\/09\\\/snabbrorliga-mot-den-digitala-framtiden\\\/#primaryimage\"},\"thumbnailUrl\":\"https:\\\/\\\/framtidenskarriar.se\\\/itdata\\\/wp-content\\\/uploads\\\/sites\\\/13\\\/2016\\\/02\\\/pensionsmynd-artikel-feb2016-slutgiltig138-1.jpg\",\"articleSection\":[\"Artikel\"],\"inLanguage\":\"sv-SE\"},{\"@type\":\"WebPage\",\"@id\":\"https:\\\/\\\/framtidenskarriar.se\\\/itdata\\\/2016\\\/02\\\/09\\\/snabbrorliga-mot-den-digitala-framtiden\\\/\",\"url\":\"https:\\\/\\\/framtidenskarriar.se\\\/itdata\\\/2016\\\/02\\\/09\\\/snabbrorliga-mot-den-digitala-framtiden\\\/\",\"name\":\"Snabbr\u00f6rliga mot den digitala framtiden! - Framtidens karri\u00e4r IT & Data\",\"isPartOf\":{\"@id\":\"https:\\\/\\\/framtidenskarriar.se\\\/itdata\\\/#website\"},\"primaryImageOfPage\":{\"@id\":\"https:\\\/\\\/framtidenskarriar.se\\\/itdata\\\/2016\\\/02\\\/09\\\/snabbrorliga-mot-den-digitala-framtiden\\\/#primaryimage\"},\"image\":{\"@id\":\"https:\\\/\\\/framtidenskarriar.se\\\/itdata\\\/2016\\\/02\\\/09\\\/snabbrorliga-mot-den-digitala-framtiden\\\/#primaryimage\"},\"thumbnailUrl\":\"https:\\\/\\\/framtidenskarriar.se\\\/itdata\\\/wp-content\\\/uploads\\\/sites\\\/13\\\/2016\\\/02\\\/pensionsmynd-artikel-feb2016-slutgiltig138-1.jpg\",\"datePublished\":\"2016-02-09T20:42:29+00:00\",\"author\":{\"@id\":\"https:\\\/\\\/framtidenskarriar.se\\\/itdata\\\/#\\\/schema\\\/person\\\/c8a43eb855191e573b73ecf8987a3b99\"},\"breadcrumb\":{\"@id\":\"https:\\\/\\\/framtidenskarriar.se\\\/itdata\\\/2016\\\/02\\\/09\\\/snabbrorliga-mot-den-digitala-framtiden\\\/#breadcrumb\"},\"inLanguage\":\"sv-SE\",\"potentialAction\":[{\"@type\":\"ReadAction\",\"target\":[\"https:\\\/\\\/framtidenskarriar.se\\\/itdata\\\/2016\\\/02\\\/09\\\/snabbrorliga-mot-den-digitala-framtiden\\\/\"]}]},{\"@type\":\"ImageObject\",\"inLanguage\":\"sv-SE\",\"@id\":\"https:\\\/\\\/framtidenskarriar.se\\\/itdata\\\/2016\\\/02\\\/09\\\/snabbrorliga-mot-den-digitala-framtiden\\\/#primaryimage\",\"url\":\"https:\\\/\\\/framtidenskarriar.se\\\/itdata\\\/wp-content\\\/uploads\\\/sites\\\/13\\\/2016\\\/02\\\/pensionsmynd-artikel-feb2016-slutgiltig138-1.jpg\",\"contentUrl\":\"https:\\\/\\\/framtidenskarriar.se\\\/itdata\\\/wp-content\\\/uploads\\\/sites\\\/13\\\/2016\\\/02\\\/pensionsmynd-artikel-feb2016-slutgiltig138-1.jpg\",\"width\":1000,\"height\":649},{\"@type\":\"BreadcrumbList\",\"@id\":\"https:\\\/\\\/framtidenskarriar.se\\\/itdata\\\/2016\\\/02\\\/09\\\/snabbrorliga-mot-den-digitala-framtiden\\\/#breadcrumb\",\"itemListElement\":[{\"@type\":\"ListItem\",\"position\":1,\"name\":\"Home\",\"item\":\"https:\\\/\\\/framtidenskarriar.se\\\/itdata\\\/\"},{\"@type\":\"ListItem\",\"position\":2,\"name\":\"Snabbr\u00f6rliga mot den digitala framtiden!\"}]},{\"@type\":\"WebSite\",\"@id\":\"https:\\\/\\\/framtidenskarriar.se\\\/itdata\\\/#website\",\"url\":\"https:\\\/\\\/framtidenskarriar.se\\\/itdata\\\/\",\"name\":\"Framtidens karri\u00e4r IT & Data\",\"description\":\"Just another NMDashboard.se Sites site\",\"potentialAction\":[{\"@type\":\"SearchAction\",\"target\":{\"@type\":\"EntryPoint\",\"urlTemplate\":\"https:\\\/\\\/framtidenskarriar.se\\\/itdata\\\/?s={search_term_string}\"},\"query-input\":{\"@type\":\"PropertyValueSpecification\",\"valueRequired\":true,\"valueName\":\"search_term_string\"}}],\"inLanguage\":\"sv-SE\"},{\"@type\":\"Person\",\"@id\":\"https:\\\/\\\/framtidenskarriar.se\\\/itdata\\\/#\\\/schema\\\/person\\\/c8a43eb855191e573b73ecf8987a3b99\",\"name\":\"stellanstal\",\"image\":{\"@type\":\"ImageObject\",\"inLanguage\":\"sv-SE\",\"@id\":\"https:\\\/\\\/secure.gravatar.com\\\/avatar\\\/cd330fa6bb17f598124b2068ee0b189e4fe0987a50af9d53b78410836060d0c9?s=96&d=mm&r=g\",\"url\":\"https:\\\/\\\/secure.gravatar.com\\\/avatar\\\/cd330fa6bb17f598124b2068ee0b189e4fe0987a50af9d53b78410836060d0c9?s=96&d=mm&r=g\",\"contentUrl\":\"https:\\\/\\\/secure.gravatar.com\\\/avatar\\\/cd330fa6bb17f598124b2068ee0b189e4fe0987a50af9d53b78410836060d0c9?s=96&d=mm&r=g\",\"caption\":\"stellanstal\"},\"url\":\"https:\\\/\\\/framtidenskarriar.se\\\/itdata\\\/author\\\/stellanstal\\\/\"}]}<\/script>\n<!-- \/ Yoast SEO plugin. -->","yoast_head_json":{"title":"Snabbr\u00f6rliga mot den digitala framtiden! - Framtidens karri\u00e4r IT & Data","robots":{"index":"index","follow":"follow","max-snippet":"max-snippet:-1","max-image-preview":"max-image-preview:large","max-video-preview":"max-video-preview:-1"},"canonical":"https:\/\/framtidenskarriar.se\/itdata\/2016\/02\/09\/snabbrorliga-mot-den-digitala-framtiden\/","og_locale":"sv_SE","og_type":"article","og_title":"Snabbr\u00f6rliga mot den digitala framtiden! - Framtidens karri\u00e4r IT & Data","og_description":"P\u00e5 Pensionsmyndighetens IT f\u00f6renas samh\u00e4llsnytta med innovationsh\u00f6jd och tv\u00e4rfunktionella team. H\u00e4r uppmuntras medarbetarna att v\u00e5ga...","og_url":"https:\/\/framtidenskarriar.se\/itdata\/2016\/02\/09\/snabbrorliga-mot-den-digitala-framtiden\/","og_site_name":"Framtidens karri\u00e4r IT & Data","article_published_time":"2016-02-09T20:42:29+00:00","og_image":[{"width":1000,"height":649,"url":"https:\/\/framtidenskarriar.se\/itdata\/wp-content\/uploads\/sites\/13\/2016\/02\/pensionsmynd-artikel-feb2016-slutgiltig138-1.jpg","type":"image\/jpeg"}],"author":"stellanstal","twitter_card":"summary_large_image","twitter_misc":{"Skriven av":"stellanstal","Ber\u00e4knad l\u00e4stid":"2 minuter"},"schema":{"@context":"https:\/\/schema.org","@graph":[{"@type":"Article","@id":"https:\/\/framtidenskarriar.se\/itdata\/2016\/02\/09\/snabbrorliga-mot-den-digitala-framtiden\/#article","isPartOf":{"@id":"https:\/\/framtidenskarriar.se\/itdata\/2016\/02\/09\/snabbrorliga-mot-den-digitala-framtiden\/"},"author":{"name":"stellanstal","@id":"https:\/\/framtidenskarriar.se\/itdata\/#\/schema\/person\/c8a43eb855191e573b73ecf8987a3b99"},"headline":"Snabbr\u00f6rliga mot den digitala framtiden!","datePublished":"2016-02-09T20:42:29+00:00","mainEntityOfPage":{"@id":"https:\/\/framtidenskarriar.se\/itdata\/2016\/02\/09\/snabbrorliga-mot-den-digitala-framtiden\/"},"wordCount":460,"image":{"@id":"https:\/\/framtidenskarriar.se\/itdata\/2016\/02\/09\/snabbrorliga-mot-den-digitala-framtiden\/#primaryimage"},"thumbnailUrl":"https:\/\/framtidenskarriar.se\/itdata\/wp-content\/uploads\/sites\/13\/2016\/02\/pensionsmynd-artikel-feb2016-slutgiltig138-1.jpg","articleSection":["Artikel"],"inLanguage":"sv-SE"},{"@type":"WebPage","@id":"https:\/\/framtidenskarriar.se\/itdata\/2016\/02\/09\/snabbrorliga-mot-den-digitala-framtiden\/","url":"https:\/\/framtidenskarriar.se\/itdata\/2016\/02\/09\/snabbrorliga-mot-den-digitala-framtiden\/","name":"Snabbr\u00f6rliga mot den digitala framtiden! - Framtidens karri\u00e4r IT & Data","isPartOf":{"@id":"https:\/\/framtidenskarriar.se\/itdata\/#website"},"primaryImageOfPage":{"@id":"https:\/\/framtidenskarriar.se\/itdata\/2016\/02\/09\/snabbrorliga-mot-den-digitala-framtiden\/#primaryimage"},"image":{"@id":"https:\/\/framtidenskarriar.se\/itdata\/2016\/02\/09\/snabbrorliga-mot-den-digitala-framtiden\/#primaryimage"},"thumbnailUrl":"https:\/\/framtidenskarriar.se\/itdata\/wp-content\/uploads\/sites\/13\/2016\/02\/pensionsmynd-artikel-feb2016-slutgiltig138-1.jpg","datePublished":"2016-02-09T20:42:29+00:00","author":{"@id":"https:\/\/framtidenskarriar.se\/itdata\/#\/schema\/person\/c8a43eb855191e573b73ecf8987a3b99"},"breadcrumb":{"@id":"https:\/\/framtidenskarriar.se\/itdata\/2016\/02\/09\/snabbrorliga-mot-den-digitala-framtiden\/#breadcrumb"},"inLanguage":"sv-SE","potentialAction":[{"@type":"ReadAction","target":["https:\/\/framtidenskarriar.se\/itdata\/2016\/02\/09\/snabbrorliga-mot-den-digitala-framtiden\/"]}]},{"@type":"ImageObject","inLanguage":"sv-SE","@id":"https:\/\/framtidenskarriar.se\/itdata\/2016\/02\/09\/snabbrorliga-mot-den-digitala-framtiden\/#primaryimage","url":"https:\/\/framtidenskarriar.se\/itdata\/wp-content\/uploads\/sites\/13\/2016\/02\/pensionsmynd-artikel-feb2016-slutgiltig138-1.jpg","contentUrl":"https:\/\/framtidenskarriar.se\/itdata\/wp-content\/uploads\/sites\/13\/2016\/02\/pensionsmynd-artikel-feb2016-slutgiltig138-1.jpg","width":1000,"height":649},{"@type":"BreadcrumbList","@id":"https:\/\/framtidenskarriar.se\/itdata\/2016\/02\/09\/snabbrorliga-mot-den-digitala-framtiden\/#breadcrumb","itemListElement":[{"@type":"ListItem","position":1,"name":"Home","item":"https:\/\/framtidenskarriar.se\/itdata\/"},{"@type":"ListItem","position":2,"name":"Snabbr\u00f6rliga mot den digitala framtiden!"}]},{"@type":"WebSite","@id":"https:\/\/framtidenskarriar.se\/itdata\/#website","url":"https:\/\/framtidenskarriar.se\/itdata\/","name":"Framtidens karri\u00e4r IT & Data","description":"Just another NMDashboard.se Sites site","potentialAction":[{"@type":"SearchAction","target":{"@type":"EntryPoint","urlTemplate":"https:\/\/framtidenskarriar.se\/itdata\/?s={search_term_string}"},"query-input":{"@type":"PropertyValueSpecification","valueRequired":true,"valueName":"search_term_string"}}],"inLanguage":"sv-SE"},{"@type":"Person","@id":"https:\/\/framtidenskarriar.se\/itdata\/#\/schema\/person\/c8a43eb855191e573b73ecf8987a3b99","name":"stellanstal","image":{"@type":"ImageObject","inLanguage":"sv-SE","@id":"https:\/\/secure.gravatar.com\/avatar\/cd330fa6bb17f598124b2068ee0b189e4fe0987a50af9d53b78410836060d0c9?s=96&d=mm&r=g","url":"https:\/\/secure.gravatar.com\/avatar\/cd330fa6bb17f598124b2068ee0b189e4fe0987a50af9d53b78410836060d0c9?s=96&d=mm&r=g","contentUrl":"https:\/\/secure.gravatar.com\/avatar\/cd330fa6bb17f598124b2068ee0b189e4fe0987a50af9d53b78410836060d0c9?s=96&d=mm&r=g","caption":"stellanstal"},"url":"https:\/\/framtidenskarriar.se\/itdata\/author\/stellanstal\/"}]}},"_links":{"self":[{"href":"https:\/\/framtidenskarriar.se\/itdata\/wp-json\/wp\/v2\/posts\/4965","targetHints":{"allow":["GET"]}}],"collection":[{"href":"https:\/\/framtidenskarriar.se\/itdata\/wp-json\/wp\/v2\/posts"}],"about":[{"href":"https:\/\/framtidenskarriar.se\/itdata\/wp-json\/wp\/v2\/types\/post"}],"author":[{"embeddable":true,"href":"https:\/\/framtidenskarriar.se\/itdata\/wp-json\/wp\/v2\/users\/3"}],"replies":[{"embeddable":true,"href":"https:\/\/framtidenskarriar.se\/itdata\/wp-json\/wp\/v2\/comments?post=4965"}],"version-history":[{"count":0,"href":"https:\/\/framtidenskarriar.se\/itdata\/wp-json\/wp\/v2\/posts\/4965\/revisions"}],"wp:featuredmedia":[{"embeddable":true,"href":"https:\/\/framtidenskarriar.se\/itdata\/wp-json\/wp\/v2\/media\/5278"}],"wp:attachment":[{"href":"https:\/\/framtidenskarriar.se\/itdata\/wp-json\/wp\/v2\/media?parent=4965"}],"wp:term":[{"taxonomy":"category","embeddable":true,"href":"https:\/\/framtidenskarriar.se\/itdata\/wp-json\/wp\/v2\/categories?post=4965"},{"taxonomy":"post_tag","embeddable":true,"href":"https:\/\/framtidenskarriar.se\/itdata\/wp-json\/wp\/v2\/tags?post=4965"}],"curies":[{"name":"wp","href":"https:\/\/api.w.org\/{rel}","templated":true}]}}