{"id":4978,"date":"2016-02-09T22:55:39","date_gmt":"2016-02-09T20:55:39","guid":{"rendered":"http:\/\/framtidenskarriar.se\/itdata\/?p=4978"},"modified":"2016-02-09T22:55:39","modified_gmt":"2016-02-09T20:55:39","slug":"digitalisering-finns-hogt-pa-agendan-i-nacka-kommun","status":"publish","type":"post","link":"https:\/\/framtidenskarriar.se\/itdata\/2016\/02\/09\/digitalisering-finns-hogt-pa-agendan-i-nacka-kommun\/","title":{"rendered":"Digitalisering finns h\u00f6gt p\u00e5 agendan i Nacka kommun"},"content":{"rendered":"<figure id=\"attachment_4979\" aria-describedby=\"caption-attachment-4979\" style=\"width: 1000px\" class=\"wp-caption alignnone\"><img loading=\"lazy\" decoding=\"async\" class=\"size-full wp-image-4979\" src=\"https:\/\/framtidenskarriar.se\/itdata\/wp-content\/uploads\/sites\/13\/2016\/02\/nacka-66a8760.jpg\" alt=\"Brita R\u00f6sblad, Per St\u00e5hl och Mihaela Eklund hos Nacka kommun. Foto: Gonzalo Irigoyen\" width=\"1000\" height=\"654\" srcset=\"https:\/\/framtidenskarriar.se\/itdata\/wp-content\/uploads\/sites\/13\/2016\/02\/nacka-66a8760.jpg 1000w, https:\/\/framtidenskarriar.se\/itdata\/wp-content\/uploads\/sites\/13\/2016\/02\/nacka-66a8760-300x196.jpg 300w, https:\/\/framtidenskarriar.se\/itdata\/wp-content\/uploads\/sites\/13\/2016\/02\/nacka-66a8760-768x502.jpg 768w, https:\/\/framtidenskarriar.se\/itdata\/wp-content\/uploads\/sites\/13\/2016\/02\/nacka-66a8760-245x160.jpg 245w, https:\/\/framtidenskarriar.se\/itdata\/wp-content\/uploads\/sites\/13\/2016\/02\/nacka-66a8760-526x344.jpg 526w, https:\/\/framtidenskarriar.se\/itdata\/wp-content\/uploads\/sites\/13\/2016\/02\/nacka-66a8760-720x471.jpg 720w, https:\/\/framtidenskarriar.se\/itdata\/wp-content\/uploads\/sites\/13\/2016\/02\/nacka-66a8760-960x628.jpg 960w\" sizes=\"auto, (max-width: 1000px) 100vw, 1000px\" \/><figcaption id=\"caption-attachment-4979\" class=\"wp-caption-text\">Brita R\u00f6sblad, Per St\u00e5hl och Mihaela Eklund hos Nacka kommun. Foto: Gonzalo Irigoyen<\/figcaption><\/figure>\n<p><strong>I Nacka handlar IT-arbetet om utveckling b\u00e5de utifr\u00e5n verksamhetsbehov och teknik och om att s\u00e4kerst\u00e4lla att kommunens behov blir bem\u00f6tta i alla leveranser. F\u00f6r medarbetarna inom IT inneb\u00e4r detta att man inom samtliga roller ansvarar f\u00f6r att koordinera verksamhetsbehoven med kravst\u00e4llning p\u00e5 IT och s\u00e4kerst\u00e4lla bra IT-leveranser som skapar verksamhetsnytta. Att arbeta med IT inom Nacka inneb\u00e4r ett st\u00e4ndigt utvecklingsarbete d\u00e4r man alltid befinner sig i IT-omr\u00e5dets framkant.<\/strong><\/p>\n<p>F\u00f6r den teknikintresserade \u00e4r Nacka kommun ett sj\u00e4lvklart val som arbetsgivare. Kommunen har en engagerad ledning som ser m\u00f6jligheterna med IT och som uppmuntrar att medarbetarna l\u00f6ser verksamhetsutmaningar med hj\u00e4lp av nya tekniska l\u00f6sningar. Brita R\u00f6sblad \u00e4r tekniskt ansvarig f\u00f6r IT-enheten i Nacka kommun och hon understryker att det \u00e4r ovanligt att ha digitalisering s\u00e5 h\u00f6gt p\u00e5 agendan.<br \/>\n\u2013 Jag har l\u00e5ng erfarenhet inom IT-branschen och ofta hamnar digitalisering och IT-fr\u00e5gor i skymundan, men h\u00e4r \u00e4r det etablerat i alla forum och det skapar en dynamisk och omv\u00e4xlande arbetsmilj\u00f6. Vi \u00e4r en akt\u00f6r i framkant som aktivt arbetar med nydanande och modern teknik \u2013 som bl.a. molntj\u00e4nster \u2013 och vi str\u00e4var hela tiden efter att vara uppdaterade p\u00e5 de senaste versionerna inom programvaror.<\/p>\n<p><strong>V\u00e5gar t\u00e4nka om och t\u00e4nka nytt<\/strong><br \/>\nR\u00f6sblad f\u00e5r medh\u00e5ll fr\u00e5n projektledaren Mihaela Eklund, som ber\u00e4ttar att avancerade tekniska l\u00f6sningar \u00e4r en f\u00f6ruts\u00e4ttning f\u00f6r att kommunen ska uppn\u00e5 sina m\u00e5l de kommande \u00e5ren.<br \/>\n\u2013 Nacka v\u00e4xer enormt mycket \u2013 vi siktar p\u00e5 40\u00a0000 nya medborgare p\u00e5 15 \u00e5r \u2013 och det fordrar ett intensivt arbete med att effektivisera processer och arbetsfl\u00f6den. Med hj\u00e4lp av teknik kan vi st\u00f6dja verksamheten och n\u00e5 v\u00e5r m\u00e5ls\u00e4ttning, men det kr\u00e4ver att vi v\u00e5gar t\u00e4nka om och t\u00e4nka nytt, b\u00e5de internt och gentemot medborgarna.<br \/>\nKommunens effektiviseringsarbete medf\u00f6r en kraftig expansion av IT-avdelningen och i nul\u00e4get s\u00f6ker kommunen huvudsakligen f\u00f6rvaltare och systemadministrat\u00f6rer, men Per St\u00e5hl, tj\u00e4nsteansvarige IT-arbetsplats, p\u00e5pekar att det finns \u00f6ppningar f\u00f6r en m\u00e4ngd olika inriktningar.<br \/>\n\u2013 Eftersom kommunens organisation \u00e4r s\u00e5 stor finns det behov av flera skilda kompetenser. Arbetets fokus ligger p\u00e5 att b\u00e5de f\u00f6rst\u00e5 verksamheten och samtidigt vara v\u00e4l insatt i tekniken. V\u00e5r storlek medf\u00f6r dessutom att potentialen f\u00f6r omv\u00e4xling och utveckling \u00e4r utm\u00e4rkt.<\/p>\n<p><strong>Omfattande fokus p\u00e5 utveckling<\/strong><br \/>\nSt\u00e5hl ber\u00e4ttar vidare att medarbetarna i Nacka kommun genomg\u00e5r \u00e5rliga utvecklingssamtal och d\u00e4r kan l\u00e4gga upp en utvecklingsplan f\u00f6r det kommande \u00e5ret. Samtalen kretsar kring vilka personliga m\u00e5l man har och hur man vill n\u00e5 dem, men d\u00e5 f\u00f6r\u00e4ndringstakten \u00e4r s\u00e5 h\u00f6g sker ofta utbildning och utveckling direkt i det vardagliga arbetet.<br \/>\n\u2013 Det g\u00e5r inte en dag d\u00e5 man k\u00e4nner sig uttr\u00e5kad och f\u00f6r mig \u00e4r m\u00f6jligheten att bidra till att bygga upp en helt ny tj\u00e4nst som IT-arbetsplats v\u00e4ldigt v\u00e4rdefull, konstaterar han.<br \/>\nNacka satsar ocks\u00e5 p\u00e5 mer formaliserad utbildning och intresserade medarbetare f\u00e5r genomg\u00e5 olika kurser av relevans f\u00f6r arbetet. D\u00e4rut\u00f6ver finns externa samarbeten med b\u00e5de h\u00f6gskolor och statliga och privata f\u00f6retag f\u00f6r att kompetensutveckla utifr\u00e5n individuella behov.<br \/>\n\u2013 Det finns ett starkt fokus p\u00e5 ledarskapsutbildning, bland annat genom kommunens program Ledarskapsakademin. F\u00f6rutom matnyttiga kurser och m\u00f6jligheten att f\u00e5 insikt i andra kommuners arbete f\u00e5r man en mentor som ger r\u00e5dgivning och hj\u00e4lper en att utvecklas som ledare, s\u00e4ger Mihaela Eklund.<\/p>\n<p><strong>Tar socialt ansvar<\/strong><br \/>\nAlla tre s\u00e4ger att Nacka kommun aktivt str\u00e4var efter att utvecklas p\u00e5 alla plan, men de betonar samtidigt att eventuella f\u00f6r\u00e4ndringar sker fr\u00e5n en klimatm\u00e4ssigt och socialt h\u00e5llbar utg\u00e5ngspunkt. Brita R\u00f6sblad framh\u00e5ller att det \u00e4ven p\u00e5 individniv\u00e5 finns ett starkt engagemang och att eldsj\u00e4larna \u00e4r m\u00e5nga.<br \/>\n\u2013 Alla vill att vi ska arbeta p\u00e5 ett bra s\u00e4tt och CSR-fr\u00e5gor \u00e4r en st\u00e4ndigt n\u00e4rvarande komponent, inte minst d\u00e5 vi g\u00f6r upphandlingar och skriver avtal, men det avspeglas ocks\u00e5 i exempelvis arbetsmilj\u00f6n d\u00e4r fr\u00e5gor som t.ex. m\u00e5ngfald \u00e4r viktiga f\u00f6r Nacka. P\u00e5 IT-enheten \u00e4r det alltid full fart och folk trivs och st\u00e4ller upp f\u00f6r varandra, vilket m\u00e4rks i v\u00e5ra personalenk\u00e4ter \u2013 vi f\u00e5r alltid full pott!<br \/>\nAtt kombinera arbetet med familj och fritid \u00e4r heller inga problem i kommunen. F\u00f6r b\u00e5de R\u00f6sblad och Eklund var den flexibla attityden till arbetstider och -plats en stor anledning till att de s\u00f6kte sig till Nacka.<br \/>\n\u2013 H\u00e4r finns en balans mellan arbete och fritid och en st\u00f6rre kontroll \u00f6ver arbetssituationen. Det g\u00e5r enkelt att arbeta hemifr\u00e5n, och planera upp dagen s\u00e5 att det passar med t.ex. dagish\u00e4mtning, VAB eller liknande. Alla har stor respekt f\u00f6r att inte boka m\u00f6ten tidigt eller sent p\u00e5 dagen. Det \u00e4r en intensiv arbetsplats, men den fungerar utm\u00e4rkt i kombination med att vara sm\u00e5barnsf\u00f6r\u00e4lder, avslutar de.<\/p>\n<div class=\"faktaruta-title\">Nacka kommun<\/div><div class=\"faktaruta\">Nacka kommun har cirka 98\u00a0000 inv\u00e5nare och \u00e4r en attraktiv kommun med stora gr\u00f6nomr\u00e5den, insj\u00f6ar, kust och sk\u00e4rg\u00e5rd. Dess service pr\u00e4glas av effektivt resursutnyttjande, starkt medborgarinflytande och stor valfrihet.<br \/>\nInom alla verksamheter \u00e4r ambitionen att skapa f\u00f6ruts\u00e4ttningar f\u00f6r kreativitet, innovation och kunskapsdelning. Kommunens uppdrag \u00e4r att leverera v\u00e4lf\u00e4rdstj\u00e4nster av h\u00f6g kvalitet till Nackaborna och att utveckla territoriet Nacka f\u00f6r nuvarande och n\u00e4sta generation. Nacka kommun ska vara b\u00e4st p\u00e5 att vara kommun.<\/p>\n<p>Nacka kommun<br \/>\nGranitv\u00e4gen 15<br \/>\n131 81 Nacka<br \/>\nTel: 08-718 80 00<br \/>\nE-post: <em><a href=\"mailto:info@nacka.se\">info@nacka.se<\/a><\/em><br \/>\n<strong><a href=\"http:\/\/www.nacka.se\" target=\"_blank\" rel=\"noopener noreferrer\">www.nacka.se<\/a><\/strong><br \/>\n<a href=\"http:\/\/www.nacka.se\" target=\"_blank\" rel=\"attachment wp-att-4980 noopener noreferrer\"><img loading=\"lazy\" decoding=\"async\" class=\"alignnone size-medium wp-image-4980\" src=\"https:\/\/framtidenskarriar.se\/itdata\/wp-content\/uploads\/sites\/13\/2016\/02\/nacka-logo-liggande-hoger-orange-rgb-250x79.png\" alt=\"www.nacka.se\" width=\"250\" height=\"79\" \/><\/a><\/div>\n","protected":false},"excerpt":{"rendered":"<p>I Nacka handlar IT-arbetet om utveckling b\u00e5de utifr\u00e5n verksamhetsbehov och teknik och om att s\u00e4kerst\u00e4lla&#8230;<\/p>\n","protected":false},"author":3,"featured_media":5270,"comment_status":"closed","ping_status":"open","sticky":false,"template":"","format":"standard","meta":{"_acf_changed":false,"_monsterinsights_skip_tracking":false,"_monsterinsights_sitenote_active":false,"_monsterinsights_sitenote_note":"","_monsterinsights_sitenote_category":0,"footnotes":""},"categories":[1],"tags":[],"class_list":["post-4978","post","type-post","status-publish","format-standard","has-post-thumbnail","hentry","category-artikel"],"acf":[],"yoast_head":"<!-- This site is optimized with the Yoast SEO plugin v27.3 - https:\/\/yoast.com\/product\/yoast-seo-wordpress\/ -->\n<title>Digitalisering finns h\u00f6gt p\u00e5 agendan i Nacka kommun - Framtidens karri\u00e4r IT &amp; Data<\/title>\n<meta name=\"robots\" content=\"index, follow, max-snippet:-1, max-image-preview:large, max-video-preview:-1\" \/>\n<link rel=\"canonical\" href=\"https:\/\/framtidenskarriar.se\/itdata\/2016\/02\/09\/digitalisering-finns-hogt-pa-agendan-i-nacka-kommun\/\" \/>\n<meta property=\"og:locale\" content=\"sv_SE\" \/>\n<meta property=\"og:type\" content=\"article\" \/>\n<meta property=\"og:title\" content=\"Digitalisering finns h\u00f6gt p\u00e5 agendan i Nacka kommun - Framtidens karri\u00e4r IT &amp; Data\" \/>\n<meta property=\"og:description\" content=\"I Nacka handlar IT-arbetet om utveckling b\u00e5de utifr\u00e5n verksamhetsbehov och teknik och om att s\u00e4kerst\u00e4lla...\" \/>\n<meta property=\"og:url\" content=\"https:\/\/framtidenskarriar.se\/itdata\/2016\/02\/09\/digitalisering-finns-hogt-pa-agendan-i-nacka-kommun\/\" \/>\n<meta property=\"og:site_name\" content=\"Framtidens karri\u00e4r IT &amp; Data\" \/>\n<meta property=\"article:published_time\" content=\"2016-02-09T20:55:39+00:00\" \/>\n<meta property=\"og:image\" content=\"https:\/\/framtidenskarriar.se\/itdata\/wp-content\/uploads\/sites\/13\/2016\/02\/nacka-66a8760-1.jpg\" \/>\n\t<meta property=\"og:image:width\" content=\"1000\" \/>\n\t<meta property=\"og:image:height\" content=\"654\" \/>\n\t<meta property=\"og:image:type\" content=\"image\/jpeg\" \/>\n<meta name=\"author\" content=\"stellanstal\" \/>\n<meta name=\"twitter:card\" content=\"summary_large_image\" \/>\n<meta name=\"twitter:label1\" content=\"Skriven av\" \/>\n\t<meta name=\"twitter:data1\" content=\"stellanstal\" \/>\n\t<meta name=\"twitter:label2\" content=\"Ber\u00e4knad l\u00e4stid\" \/>\n\t<meta name=\"twitter:data2\" content=\"5 minuter\" \/>\n<script type=\"application\/ld+json\" class=\"yoast-schema-graph\">{\"@context\":\"https:\\\/\\\/schema.org\",\"@graph\":[{\"@type\":\"Article\",\"@id\":\"https:\\\/\\\/framtidenskarriar.se\\\/itdata\\\/2016\\\/02\\\/09\\\/digitalisering-finns-hogt-pa-agendan-i-nacka-kommun\\\/#article\",\"isPartOf\":{\"@id\":\"https:\\\/\\\/framtidenskarriar.se\\\/itdata\\\/2016\\\/02\\\/09\\\/digitalisering-finns-hogt-pa-agendan-i-nacka-kommun\\\/\"},\"author\":{\"name\":\"stellanstal\",\"@id\":\"https:\\\/\\\/framtidenskarriar.se\\\/itdata\\\/#\\\/schema\\\/person\\\/c8a43eb855191e573b73ecf8987a3b99\"},\"headline\":\"Digitalisering finns h\u00f6gt p\u00e5 agendan i Nacka kommun\",\"datePublished\":\"2016-02-09T20:55:39+00:00\",\"mainEntityOfPage\":{\"@id\":\"https:\\\/\\\/framtidenskarriar.se\\\/itdata\\\/2016\\\/02\\\/09\\\/digitalisering-finns-hogt-pa-agendan-i-nacka-kommun\\\/\"},\"wordCount\":1016,\"image\":{\"@id\":\"https:\\\/\\\/framtidenskarriar.se\\\/itdata\\\/2016\\\/02\\\/09\\\/digitalisering-finns-hogt-pa-agendan-i-nacka-kommun\\\/#primaryimage\"},\"thumbnailUrl\":\"https:\\\/\\\/framtidenskarriar.se\\\/itdata\\\/wp-content\\\/uploads\\\/sites\\\/13\\\/2016\\\/02\\\/nacka-66a8760-1.jpg\",\"articleSection\":[\"Artikel\"],\"inLanguage\":\"sv-SE\"},{\"@type\":\"WebPage\",\"@id\":\"https:\\\/\\\/framtidenskarriar.se\\\/itdata\\\/2016\\\/02\\\/09\\\/digitalisering-finns-hogt-pa-agendan-i-nacka-kommun\\\/\",\"url\":\"https:\\\/\\\/framtidenskarriar.se\\\/itdata\\\/2016\\\/02\\\/09\\\/digitalisering-finns-hogt-pa-agendan-i-nacka-kommun\\\/\",\"name\":\"Digitalisering finns h\u00f6gt p\u00e5 agendan i Nacka kommun - Framtidens karri\u00e4r IT & Data\",\"isPartOf\":{\"@id\":\"https:\\\/\\\/framtidenskarriar.se\\\/itdata\\\/#website\"},\"primaryImageOfPage\":{\"@id\":\"https:\\\/\\\/framtidenskarriar.se\\\/itdata\\\/2016\\\/02\\\/09\\\/digitalisering-finns-hogt-pa-agendan-i-nacka-kommun\\\/#primaryimage\"},\"image\":{\"@id\":\"https:\\\/\\\/framtidenskarriar.se\\\/itdata\\\/2016\\\/02\\\/09\\\/digitalisering-finns-hogt-pa-agendan-i-nacka-kommun\\\/#primaryimage\"},\"thumbnailUrl\":\"https:\\\/\\\/framtidenskarriar.se\\\/itdata\\\/wp-content\\\/uploads\\\/sites\\\/13\\\/2016\\\/02\\\/nacka-66a8760-1.jpg\",\"datePublished\":\"2016-02-09T20:55:39+00:00\",\"author\":{\"@id\":\"https:\\\/\\\/framtidenskarriar.se\\\/itdata\\\/#\\\/schema\\\/person\\\/c8a43eb855191e573b73ecf8987a3b99\"},\"breadcrumb\":{\"@id\":\"https:\\\/\\\/framtidenskarriar.se\\\/itdata\\\/2016\\\/02\\\/09\\\/digitalisering-finns-hogt-pa-agendan-i-nacka-kommun\\\/#breadcrumb\"},\"inLanguage\":\"sv-SE\",\"potentialAction\":[{\"@type\":\"ReadAction\",\"target\":[\"https:\\\/\\\/framtidenskarriar.se\\\/itdata\\\/2016\\\/02\\\/09\\\/digitalisering-finns-hogt-pa-agendan-i-nacka-kommun\\\/\"]}]},{\"@type\":\"ImageObject\",\"inLanguage\":\"sv-SE\",\"@id\":\"https:\\\/\\\/framtidenskarriar.se\\\/itdata\\\/2016\\\/02\\\/09\\\/digitalisering-finns-hogt-pa-agendan-i-nacka-kommun\\\/#primaryimage\",\"url\":\"https:\\\/\\\/framtidenskarriar.se\\\/itdata\\\/wp-content\\\/uploads\\\/sites\\\/13\\\/2016\\\/02\\\/nacka-66a8760-1.jpg\",\"contentUrl\":\"https:\\\/\\\/framtidenskarriar.se\\\/itdata\\\/wp-content\\\/uploads\\\/sites\\\/13\\\/2016\\\/02\\\/nacka-66a8760-1.jpg\",\"width\":1000,\"height\":654},{\"@type\":\"BreadcrumbList\",\"@id\":\"https:\\\/\\\/framtidenskarriar.se\\\/itdata\\\/2016\\\/02\\\/09\\\/digitalisering-finns-hogt-pa-agendan-i-nacka-kommun\\\/#breadcrumb\",\"itemListElement\":[{\"@type\":\"ListItem\",\"position\":1,\"name\":\"Home\",\"item\":\"https:\\\/\\\/framtidenskarriar.se\\\/itdata\\\/\"},{\"@type\":\"ListItem\",\"position\":2,\"name\":\"Digitalisering finns h\u00f6gt p\u00e5 agendan i Nacka kommun\"}]},{\"@type\":\"WebSite\",\"@id\":\"https:\\\/\\\/framtidenskarriar.se\\\/itdata\\\/#website\",\"url\":\"https:\\\/\\\/framtidenskarriar.se\\\/itdata\\\/\",\"name\":\"Framtidens karri\u00e4r IT & Data\",\"description\":\"Just another NMDashboard.se Sites site\",\"potentialAction\":[{\"@type\":\"SearchAction\",\"target\":{\"@type\":\"EntryPoint\",\"urlTemplate\":\"https:\\\/\\\/framtidenskarriar.se\\\/itdata\\\/?s={search_term_string}\"},\"query-input\":{\"@type\":\"PropertyValueSpecification\",\"valueRequired\":true,\"valueName\":\"search_term_string\"}}],\"inLanguage\":\"sv-SE\"},{\"@type\":\"Person\",\"@id\":\"https:\\\/\\\/framtidenskarriar.se\\\/itdata\\\/#\\\/schema\\\/person\\\/c8a43eb855191e573b73ecf8987a3b99\",\"name\":\"stellanstal\",\"image\":{\"@type\":\"ImageObject\",\"inLanguage\":\"sv-SE\",\"@id\":\"https:\\\/\\\/secure.gravatar.com\\\/avatar\\\/cd330fa6bb17f598124b2068ee0b189e4fe0987a50af9d53b78410836060d0c9?s=96&d=mm&r=g\",\"url\":\"https:\\\/\\\/secure.gravatar.com\\\/avatar\\\/cd330fa6bb17f598124b2068ee0b189e4fe0987a50af9d53b78410836060d0c9?s=96&d=mm&r=g\",\"contentUrl\":\"https:\\\/\\\/secure.gravatar.com\\\/avatar\\\/cd330fa6bb17f598124b2068ee0b189e4fe0987a50af9d53b78410836060d0c9?s=96&d=mm&r=g\",\"caption\":\"stellanstal\"},\"url\":\"https:\\\/\\\/framtidenskarriar.se\\\/itdata\\\/author\\\/stellanstal\\\/\"}]}<\/script>\n<!-- \/ Yoast SEO plugin. -->","yoast_head_json":{"title":"Digitalisering finns h\u00f6gt p\u00e5 agendan i Nacka kommun - Framtidens karri\u00e4r IT & Data","robots":{"index":"index","follow":"follow","max-snippet":"max-snippet:-1","max-image-preview":"max-image-preview:large","max-video-preview":"max-video-preview:-1"},"canonical":"https:\/\/framtidenskarriar.se\/itdata\/2016\/02\/09\/digitalisering-finns-hogt-pa-agendan-i-nacka-kommun\/","og_locale":"sv_SE","og_type":"article","og_title":"Digitalisering finns h\u00f6gt p\u00e5 agendan i Nacka kommun - Framtidens karri\u00e4r IT & Data","og_description":"I Nacka handlar IT-arbetet om utveckling b\u00e5de utifr\u00e5n verksamhetsbehov och teknik och om att s\u00e4kerst\u00e4lla...","og_url":"https:\/\/framtidenskarriar.se\/itdata\/2016\/02\/09\/digitalisering-finns-hogt-pa-agendan-i-nacka-kommun\/","og_site_name":"Framtidens karri\u00e4r IT & Data","article_published_time":"2016-02-09T20:55:39+00:00","og_image":[{"width":1000,"height":654,"url":"https:\/\/framtidenskarriar.se\/itdata\/wp-content\/uploads\/sites\/13\/2016\/02\/nacka-66a8760-1.jpg","type":"image\/jpeg"}],"author":"stellanstal","twitter_card":"summary_large_image","twitter_misc":{"Skriven av":"stellanstal","Ber\u00e4knad l\u00e4stid":"5 minuter"},"schema":{"@context":"https:\/\/schema.org","@graph":[{"@type":"Article","@id":"https:\/\/framtidenskarriar.se\/itdata\/2016\/02\/09\/digitalisering-finns-hogt-pa-agendan-i-nacka-kommun\/#article","isPartOf":{"@id":"https:\/\/framtidenskarriar.se\/itdata\/2016\/02\/09\/digitalisering-finns-hogt-pa-agendan-i-nacka-kommun\/"},"author":{"name":"stellanstal","@id":"https:\/\/framtidenskarriar.se\/itdata\/#\/schema\/person\/c8a43eb855191e573b73ecf8987a3b99"},"headline":"Digitalisering finns h\u00f6gt p\u00e5 agendan i Nacka kommun","datePublished":"2016-02-09T20:55:39+00:00","mainEntityOfPage":{"@id":"https:\/\/framtidenskarriar.se\/itdata\/2016\/02\/09\/digitalisering-finns-hogt-pa-agendan-i-nacka-kommun\/"},"wordCount":1016,"image":{"@id":"https:\/\/framtidenskarriar.se\/itdata\/2016\/02\/09\/digitalisering-finns-hogt-pa-agendan-i-nacka-kommun\/#primaryimage"},"thumbnailUrl":"https:\/\/framtidenskarriar.se\/itdata\/wp-content\/uploads\/sites\/13\/2016\/02\/nacka-66a8760-1.jpg","articleSection":["Artikel"],"inLanguage":"sv-SE"},{"@type":"WebPage","@id":"https:\/\/framtidenskarriar.se\/itdata\/2016\/02\/09\/digitalisering-finns-hogt-pa-agendan-i-nacka-kommun\/","url":"https:\/\/framtidenskarriar.se\/itdata\/2016\/02\/09\/digitalisering-finns-hogt-pa-agendan-i-nacka-kommun\/","name":"Digitalisering finns h\u00f6gt p\u00e5 agendan i Nacka kommun - Framtidens karri\u00e4r IT & Data","isPartOf":{"@id":"https:\/\/framtidenskarriar.se\/itdata\/#website"},"primaryImageOfPage":{"@id":"https:\/\/framtidenskarriar.se\/itdata\/2016\/02\/09\/digitalisering-finns-hogt-pa-agendan-i-nacka-kommun\/#primaryimage"},"image":{"@id":"https:\/\/framtidenskarriar.se\/itdata\/2016\/02\/09\/digitalisering-finns-hogt-pa-agendan-i-nacka-kommun\/#primaryimage"},"thumbnailUrl":"https:\/\/framtidenskarriar.se\/itdata\/wp-content\/uploads\/sites\/13\/2016\/02\/nacka-66a8760-1.jpg","datePublished":"2016-02-09T20:55:39+00:00","author":{"@id":"https:\/\/framtidenskarriar.se\/itdata\/#\/schema\/person\/c8a43eb855191e573b73ecf8987a3b99"},"breadcrumb":{"@id":"https:\/\/framtidenskarriar.se\/itdata\/2016\/02\/09\/digitalisering-finns-hogt-pa-agendan-i-nacka-kommun\/#breadcrumb"},"inLanguage":"sv-SE","potentialAction":[{"@type":"ReadAction","target":["https:\/\/framtidenskarriar.se\/itdata\/2016\/02\/09\/digitalisering-finns-hogt-pa-agendan-i-nacka-kommun\/"]}]},{"@type":"ImageObject","inLanguage":"sv-SE","@id":"https:\/\/framtidenskarriar.se\/itdata\/2016\/02\/09\/digitalisering-finns-hogt-pa-agendan-i-nacka-kommun\/#primaryimage","url":"https:\/\/framtidenskarriar.se\/itdata\/wp-content\/uploads\/sites\/13\/2016\/02\/nacka-66a8760-1.jpg","contentUrl":"https:\/\/framtidenskarriar.se\/itdata\/wp-content\/uploads\/sites\/13\/2016\/02\/nacka-66a8760-1.jpg","width":1000,"height":654},{"@type":"BreadcrumbList","@id":"https:\/\/framtidenskarriar.se\/itdata\/2016\/02\/09\/digitalisering-finns-hogt-pa-agendan-i-nacka-kommun\/#breadcrumb","itemListElement":[{"@type":"ListItem","position":1,"name":"Home","item":"https:\/\/framtidenskarriar.se\/itdata\/"},{"@type":"ListItem","position":2,"name":"Digitalisering finns h\u00f6gt p\u00e5 agendan i Nacka kommun"}]},{"@type":"WebSite","@id":"https:\/\/framtidenskarriar.se\/itdata\/#website","url":"https:\/\/framtidenskarriar.se\/itdata\/","name":"Framtidens karri\u00e4r IT & Data","description":"Just another NMDashboard.se Sites site","potentialAction":[{"@type":"SearchAction","target":{"@type":"EntryPoint","urlTemplate":"https:\/\/framtidenskarriar.se\/itdata\/?s={search_term_string}"},"query-input":{"@type":"PropertyValueSpecification","valueRequired":true,"valueName":"search_term_string"}}],"inLanguage":"sv-SE"},{"@type":"Person","@id":"https:\/\/framtidenskarriar.se\/itdata\/#\/schema\/person\/c8a43eb855191e573b73ecf8987a3b99","name":"stellanstal","image":{"@type":"ImageObject","inLanguage":"sv-SE","@id":"https:\/\/secure.gravatar.com\/avatar\/cd330fa6bb17f598124b2068ee0b189e4fe0987a50af9d53b78410836060d0c9?s=96&d=mm&r=g","url":"https:\/\/secure.gravatar.com\/avatar\/cd330fa6bb17f598124b2068ee0b189e4fe0987a50af9d53b78410836060d0c9?s=96&d=mm&r=g","contentUrl":"https:\/\/secure.gravatar.com\/avatar\/cd330fa6bb17f598124b2068ee0b189e4fe0987a50af9d53b78410836060d0c9?s=96&d=mm&r=g","caption":"stellanstal"},"url":"https:\/\/framtidenskarriar.se\/itdata\/author\/stellanstal\/"}]}},"_links":{"self":[{"href":"https:\/\/framtidenskarriar.se\/itdata\/wp-json\/wp\/v2\/posts\/4978","targetHints":{"allow":["GET"]}}],"collection":[{"href":"https:\/\/framtidenskarriar.se\/itdata\/wp-json\/wp\/v2\/posts"}],"about":[{"href":"https:\/\/framtidenskarriar.se\/itdata\/wp-json\/wp\/v2\/types\/post"}],"author":[{"embeddable":true,"href":"https:\/\/framtidenskarriar.se\/itdata\/wp-json\/wp\/v2\/users\/3"}],"replies":[{"embeddable":true,"href":"https:\/\/framtidenskarriar.se\/itdata\/wp-json\/wp\/v2\/comments?post=4978"}],"version-history":[{"count":0,"href":"https:\/\/framtidenskarriar.se\/itdata\/wp-json\/wp\/v2\/posts\/4978\/revisions"}],"wp:featuredmedia":[{"embeddable":true,"href":"https:\/\/framtidenskarriar.se\/itdata\/wp-json\/wp\/v2\/media\/5270"}],"wp:attachment":[{"href":"https:\/\/framtidenskarriar.se\/itdata\/wp-json\/wp\/v2\/media?parent=4978"}],"wp:term":[{"taxonomy":"category","embeddable":true,"href":"https:\/\/framtidenskarriar.se\/itdata\/wp-json\/wp\/v2\/categories?post=4978"},{"taxonomy":"post_tag","embeddable":true,"href":"https:\/\/framtidenskarriar.se\/itdata\/wp-json\/wp\/v2\/tags?post=4978"}],"curies":[{"name":"wp","href":"https:\/\/api.w.org\/{rel}","templated":true}]}}