{"id":4983,"date":"2016-02-09T22:25:24","date_gmt":"2016-02-09T20:25:24","guid":{"rendered":"http:\/\/framtidenskarriar.se\/itdata\/?p=4983"},"modified":"2016-02-09T22:25:24","modified_gmt":"2016-02-09T20:25:24","slug":"var-med-och-driv-den-digitala-resan-pa-seb","status":"publish","type":"post","link":"https:\/\/framtidenskarriar.se\/itdata\/2016\/02\/09\/var-med-och-driv-den-digitala-resan-pa-seb\/","title":{"rendered":"Var med och driv den digitala resan p\u00e5 SEB"},"content":{"rendered":"<figure id=\"attachment_4984\" aria-describedby=\"caption-attachment-4984\" style=\"width: 1000px\" class=\"wp-caption alignnone\"><img loading=\"lazy\" decoding=\"async\" class=\"size-full wp-image-4984\" src=\"https:\/\/framtidenskarriar.se\/itdata\/wp-content\/uploads\/sites\/13\/2016\/02\/seb-66a8322.jpg\" alt=\"Daniel Bj\u00f6rnlund, Information Security Officer och Andreas Berggren som arbetar med Assembler-utveckling p\u00e5 SEB. Foto: Gonzalo Irigoyen\" width=\"1000\" height=\"620\" srcset=\"https:\/\/framtidenskarriar.se\/itdata\/wp-content\/uploads\/sites\/13\/2016\/02\/seb-66a8322.jpg 1000w, https:\/\/framtidenskarriar.se\/itdata\/wp-content\/uploads\/sites\/13\/2016\/02\/seb-66a8322-300x186.jpg 300w, https:\/\/framtidenskarriar.se\/itdata\/wp-content\/uploads\/sites\/13\/2016\/02\/seb-66a8322-768x476.jpg 768w, https:\/\/framtidenskarriar.se\/itdata\/wp-content\/uploads\/sites\/13\/2016\/02\/seb-66a8322-258x160.jpg 258w, https:\/\/framtidenskarriar.se\/itdata\/wp-content\/uploads\/sites\/13\/2016\/02\/seb-66a8322-526x326.jpg 526w, https:\/\/framtidenskarriar.se\/itdata\/wp-content\/uploads\/sites\/13\/2016\/02\/seb-66a8322-720x446.jpg 720w, https:\/\/framtidenskarriar.se\/itdata\/wp-content\/uploads\/sites\/13\/2016\/02\/seb-66a8322-960x595.jpg 960w\" sizes=\"auto, (max-width: 1000px) 100vw, 1000px\" \/><figcaption id=\"caption-attachment-4984\" class=\"wp-caption-text\">Daniel Bj\u00f6rnlund, Information Security Officer och Andreas Berggren som arbetar med Assembler-utveckling p\u00e5 SEB. Foto: Gonzalo Irigoyen<\/figcaption><\/figure>\n<p><strong>Den digitala resan inom bank- och finansbranschen g\u00e5r med hisnande fart och SEB ligger i framkant f\u00f6r kreativa och innovativa l\u00f6sningar. Att jobba med IT p\u00e5 SEB inneb\u00e4r karri\u00e4rm\u00f6jligheter som \u00e4r sv\u00e5ra att hitta n\u00e5gon annanstans.<\/strong><\/p>\n<p>\u2013 SEB \u00e4r en stor, global bank, men att arbeta med IT p\u00e5 SEB \u00e4r som att vara en del av ett h\u00f6ginnovativt litet start-up-f\u00f6retag. Det \u00e4r snabbt, kreativt och utmanande, med stort fokus p\u00e5 agila arbetss\u00e4tt, probleml\u00f6sning och nyt\u00e4nkande. Samtidigt har man de resurser och den stabilitet som ett f\u00f6retag av SEB:s storlek och st\u00e4llning ger. Jag tror inte att n\u00e5gon annan arbetsplats kan matcha det, s\u00e4ger Daniel Bj\u00f6rnlund, som arbetar som Information Security Officer p\u00e5 SEB sedan ett \u00e5r tillbaka.<br \/>\nDaniel, som har en examen i datasystemvetenskap fr\u00e5n Stockholms universitet, kom till SEB via IT Young Professional Programme, som han rekommenderar varmt. P\u00e5 s\u00e5 s\u00e4tt fick han m\u00f6jlighet att b\u00e5de pr\u00f6va sin nya yrkesroll och g\u00e5 en rad olika interna utbildningar under sina f\u00f6rsta sex m\u00e5nader p\u00e5 SEB. Samtidigt skapade han sig en f\u00f6rst\u00e5else f\u00f6r hur aff\u00e4r och IT h\u00e4nger ihop. Som IT-specialist kan man jobba med allt fr\u00e5n utveckling, drift och support till ren aff\u00e4rsverksamhet. Daniel visste tidigt att han ville jobba med s\u00e4kerhet och arbetar idag med riskanalys, lagkrav, kontinuitetsplaner och liknande.<br \/>\n\u2013 SEB, liksom alla banker, arbetar mycket med s\u00e4kerhet och d\u00e5 vi lyder under str\u00e4nga lagkrav genomsyrar detta allt vi g\u00f6r. Till syvende och sist handlar det om att skydda kunderna och p\u00e5 SEB finns en omsorg om slutkunden som jag tror \u00e4r unik. SEB bryr sig verkligen om att l\u00f6sa \u00e4ven det minsta kund\u00e4rendet. Mitt arbete \u00e4r oerh\u00f6rt omv\u00e4xlande och utmanande och man blir aldrig full\u00e4rd, s\u00e4ger han.<\/p>\n<p><strong>Kreativ milj\u00f6<\/strong><br \/>\nHan f\u00e5r medh\u00e5ll av Andreas Berggren, som arbetar med Assembler-utveckling. Andreas har en bakgrund som webbutvecklare och grafisk designer. Han gjorde sin praktik p\u00e5 SEB efter att ha studerat COBOL-utveckling och slogs direkt av att f\u00f6retagskulturen kombinerar en stark seriositet och professionalism med stor \u00f6ppenhet f\u00f6r nya id\u00e9er och kreativa f\u00f6rslag.<br \/>\n\u2013 Chefer och ledning uppmuntrar verkligen nyt\u00e4nkande och tar vara p\u00e5 medarbetarnas kreativitet och vilja att f\u00f6r\u00e4ndra och f\u00f6rb\u00e4ttra. Har man en bra id\u00e9 s\u00e5 finns alla chanser att kunna utveckla den. Varje medarbetare \u00e4r betydelsefull och kan p\u00e5verka och det \u00e4r d\u00e4rf\u00f6r SEB hela tiden kan leverera nya l\u00f6sningar i absolut framkant. Det \u00e4r ett extremt innovativt f\u00f6retagsklimat, f\u00f6r den som vill, framh\u00e5ller Andreas.<br \/>\nEtt exempel p\u00e5 detta \u00e4r SEBs regelbundet \u00e5terkommande Innovation Lab, d\u00e4r medarbetare f\u00e5r chansen att \u201dpitcha\u201d f\u00f6r egna innovations- och f\u00f6rb\u00e4ttringsid\u00e9er.<br \/>\n\u2013 De b\u00e4sta f\u00f6rslagen g\u00e5r vidare och man f\u00e5r sex veckor p\u00e5 sig att kunna realisera sin id\u00e9 och oms\u00e4tta den i praktisk till\u00e4mpning. Jag sitter med i lite av ett sidosp\u00e5r till detta d\u00e4r vi utvecklar interna appar. H\u00e4r har jag f\u00e5tt anv\u00e4ndning av min tidigare karri\u00e4r som grafisk designer, ber\u00e4ttar Andreas.<\/p>\n<p><strong>Kompetensutveckling<\/strong><br \/>\nSEB utm\u00e4rker sig ocks\u00e5 genom de stora m\u00f6jligheter som finns f\u00f6r internutbildning och kompetensutveckling. Medarbetare st\u00f6ttas i sin karri\u00e4rutveckling och det finns en bra r\u00f6rlighet mellan olika funktioner och inom koncernen. Som IT-specialist finns alla f\u00f6ruts\u00e4ttningar att f\u00e5 pr\u00f6va olika roller och arbetsuppgifter och att bredda sig som generalist eller att f\u00f6rdjupa sig som specialist.<br \/>\n\u2013 Under mina tv\u00e5 \u00e5r h\u00e4r har jag aldrig f\u00e5tt nej d\u00e5 jag ans\u00f6kt om kurser och utbildningar. Tv\u00e4rtom har jag hela tiden uppmuntrats. Jag utbildar mig exempelvis nu till Assembler-utvecklare vilket \u00e4r en sex m\u00e5naders intern utbildning. Chefer och ledning f\u00f6rst\u00e5r v\u00e4rdet av att medarbetarna utvecklas och vill g\u00f6ra dem till katalysatorer f\u00f6r innovation. Det finns n\u00e4stan ingen gr\u00e4ns f\u00f6r den som visar framf\u00f6tterna, s\u00e4ger Andreas.<br \/>\nDen \u00f6ppna, uppmuntrande f\u00f6retagskulturen skapar stark laganda och medarbetare som v\u00e5gar uttrycka sina id\u00e9er och utvecklas i sina yrkesroller, menar Andreas och Daniel. Det finns ett engagemang och en omsorg hos s\u00e5v\u00e4l arbetskamrater som ledning som g\u00f6r det l\u00e4tt att trivas och skapar en bra grogrund f\u00f6r att v\u00e4xa professionellt.<br \/>\n\u2013 F\u00f6r IT-specialister \u00e4r det verkligen en optimal arbetsplats. Det \u00e4r enormt innovativt och kreativt och varje medarbetare kan g\u00f6ra skillnad. Den som \u00e4r nyfiken och gillar utmaningar kan knappast hitta b\u00e4ttre karri\u00e4rm\u00f6jligheter \u00e4n p\u00e5 SEB.<\/p>\n<div class=\"faktaruta-title\">SEB<\/div><div class=\"faktaruta\">SEB grundades f\u00f6r 160 \u00e5r sedan och \u00e4r idag en av Nordeuropas ledande banker, med ett brett utbud av finansiella tj\u00e4nster. Banken f\u00f6rvaltar ett arv av entrepren\u00f6rskap och l\u00e5ngsiktigt ansvarstagande. Visionen \u00e4r att alltid leverera service i v\u00e4rldsklass till kunderna och d\u00e4r spelar IT en avg\u00f6rande roll. IT \u00e4r aff\u00e4rsdrivande och integrerat i hela verksamheten och det finns mycket goda karri\u00e4rm\u00f6jligheter f\u00f6r IT-specialister som drivs av engagemang och fram\u00e5tanda.<\/p>\n<p>F\u00f6r mer information l\u00e4s p\u00e5 <a href=\"http:\/\/sebgroup.com\/career\" target=\"_blank\" rel=\"noopener noreferrer\">sebgroup.com\/career<\/a> och s\u00f6k till SEB IT Young Professional Programme senast 21\/2.<\/p>\n<p><strong><a href=\"http:\/\/www.sebgroup.com\/itypp\" target=\"_blank\" rel=\"noopener noreferrer\">www.sebgroup.com\/itypp<\/a><\/strong><br \/>\n<a href=\"http:\/\/www.sebgroup.com\/itypp\" target=\"_blank\" rel=\"attachment wp-att-4985 noopener noreferrer\"><img loading=\"lazy\" decoding=\"async\" class=\"alignnone size-medium wp-image-4985\" src=\"https:\/\/framtidenskarriar.se\/itdata\/wp-content\/uploads\/sites\/13\/2016\/02\/seb-box-down-45mm150dpi-250x211.jpg\" alt=\"www.sebgroup.com\/itypp\" width=\"250\" height=\"211\" \/><\/a><\/div>\n","protected":false},"excerpt":{"rendered":"<p>Den digitala resan inom bank- och finansbranschen g\u00e5r med hisnande fart och SEB ligger i&#8230;<\/p>\n","protected":false},"author":3,"featured_media":5284,"comment_status":"closed","ping_status":"open","sticky":false,"template":"","format":"standard","meta":{"_acf_changed":false,"_monsterinsights_skip_tracking":false,"_monsterinsights_sitenote_active":false,"_monsterinsights_sitenote_note":"","_monsterinsights_sitenote_category":0,"footnotes":""},"categories":[1],"tags":[],"class_list":["post-4983","post","type-post","status-publish","format-standard","has-post-thumbnail","hentry","category-artikel"],"acf":[],"yoast_head":"<!-- This site is optimized with the Yoast SEO plugin v27.3 - https:\/\/yoast.com\/product\/yoast-seo-wordpress\/ -->\n<title>Var med och driv den digitala resan p\u00e5 SEB - Framtidens karri\u00e4r IT &amp; Data<\/title>\n<meta name=\"robots\" content=\"index, follow, max-snippet:-1, max-image-preview:large, max-video-preview:-1\" \/>\n<link rel=\"canonical\" href=\"https:\/\/framtidenskarriar.se\/itdata\/2016\/02\/09\/var-med-och-driv-den-digitala-resan-pa-seb\/\" \/>\n<meta property=\"og:locale\" content=\"sv_SE\" \/>\n<meta property=\"og:type\" content=\"article\" \/>\n<meta property=\"og:title\" content=\"Var med och driv den digitala resan p\u00e5 SEB - Framtidens karri\u00e4r IT &amp; Data\" \/>\n<meta property=\"og:description\" content=\"Den digitala resan inom bank- och finansbranschen g\u00e5r med hisnande fart och SEB ligger i...\" \/>\n<meta property=\"og:url\" content=\"https:\/\/framtidenskarriar.se\/itdata\/2016\/02\/09\/var-med-och-driv-den-digitala-resan-pa-seb\/\" \/>\n<meta property=\"og:site_name\" content=\"Framtidens karri\u00e4r IT &amp; Data\" \/>\n<meta property=\"article:published_time\" content=\"2016-02-09T20:25:24+00:00\" \/>\n<meta property=\"og:image\" content=\"https:\/\/framtidenskarriar.se\/itdata\/wp-content\/uploads\/sites\/13\/2016\/02\/seb-66a8322-1.jpg\" \/>\n\t<meta property=\"og:image:width\" content=\"1000\" \/>\n\t<meta property=\"og:image:height\" content=\"620\" \/>\n\t<meta property=\"og:image:type\" content=\"image\/jpeg\" \/>\n<meta name=\"author\" content=\"stellanstal\" \/>\n<meta name=\"twitter:card\" content=\"summary_large_image\" \/>\n<meta name=\"twitter:label1\" content=\"Skriven av\" \/>\n\t<meta name=\"twitter:data1\" content=\"stellanstal\" \/>\n\t<meta name=\"twitter:label2\" content=\"Ber\u00e4knad l\u00e4stid\" \/>\n\t<meta name=\"twitter:data2\" content=\"5 minuter\" \/>\n<script type=\"application\/ld+json\" class=\"yoast-schema-graph\">{\"@context\":\"https:\\\/\\\/schema.org\",\"@graph\":[{\"@type\":\"Article\",\"@id\":\"https:\\\/\\\/framtidenskarriar.se\\\/itdata\\\/2016\\\/02\\\/09\\\/var-med-och-driv-den-digitala-resan-pa-seb\\\/#article\",\"isPartOf\":{\"@id\":\"https:\\\/\\\/framtidenskarriar.se\\\/itdata\\\/2016\\\/02\\\/09\\\/var-med-och-driv-den-digitala-resan-pa-seb\\\/\"},\"author\":{\"name\":\"stellanstal\",\"@id\":\"https:\\\/\\\/framtidenskarriar.se\\\/itdata\\\/#\\\/schema\\\/person\\\/c8a43eb855191e573b73ecf8987a3b99\"},\"headline\":\"Var med och driv den digitala resan p\u00e5 SEB\",\"datePublished\":\"2016-02-09T20:25:24+00:00\",\"mainEntityOfPage\":{\"@id\":\"https:\\\/\\\/framtidenskarriar.se\\\/itdata\\\/2016\\\/02\\\/09\\\/var-med-och-driv-den-digitala-resan-pa-seb\\\/\"},\"wordCount\":938,\"image\":{\"@id\":\"https:\\\/\\\/framtidenskarriar.se\\\/itdata\\\/2016\\\/02\\\/09\\\/var-med-och-driv-den-digitala-resan-pa-seb\\\/#primaryimage\"},\"thumbnailUrl\":\"https:\\\/\\\/framtidenskarriar.se\\\/itdata\\\/wp-content\\\/uploads\\\/sites\\\/13\\\/2016\\\/02\\\/seb-66a8322-1.jpg\",\"articleSection\":[\"Artikel\"],\"inLanguage\":\"sv-SE\"},{\"@type\":\"WebPage\",\"@id\":\"https:\\\/\\\/framtidenskarriar.se\\\/itdata\\\/2016\\\/02\\\/09\\\/var-med-och-driv-den-digitala-resan-pa-seb\\\/\",\"url\":\"https:\\\/\\\/framtidenskarriar.se\\\/itdata\\\/2016\\\/02\\\/09\\\/var-med-och-driv-den-digitala-resan-pa-seb\\\/\",\"name\":\"Var med och driv den digitala resan p\u00e5 SEB - Framtidens karri\u00e4r IT & Data\",\"isPartOf\":{\"@id\":\"https:\\\/\\\/framtidenskarriar.se\\\/itdata\\\/#website\"},\"primaryImageOfPage\":{\"@id\":\"https:\\\/\\\/framtidenskarriar.se\\\/itdata\\\/2016\\\/02\\\/09\\\/var-med-och-driv-den-digitala-resan-pa-seb\\\/#primaryimage\"},\"image\":{\"@id\":\"https:\\\/\\\/framtidenskarriar.se\\\/itdata\\\/2016\\\/02\\\/09\\\/var-med-och-driv-den-digitala-resan-pa-seb\\\/#primaryimage\"},\"thumbnailUrl\":\"https:\\\/\\\/framtidenskarriar.se\\\/itdata\\\/wp-content\\\/uploads\\\/sites\\\/13\\\/2016\\\/02\\\/seb-66a8322-1.jpg\",\"datePublished\":\"2016-02-09T20:25:24+00:00\",\"author\":{\"@id\":\"https:\\\/\\\/framtidenskarriar.se\\\/itdata\\\/#\\\/schema\\\/person\\\/c8a43eb855191e573b73ecf8987a3b99\"},\"breadcrumb\":{\"@id\":\"https:\\\/\\\/framtidenskarriar.se\\\/itdata\\\/2016\\\/02\\\/09\\\/var-med-och-driv-den-digitala-resan-pa-seb\\\/#breadcrumb\"},\"inLanguage\":\"sv-SE\",\"potentialAction\":[{\"@type\":\"ReadAction\",\"target\":[\"https:\\\/\\\/framtidenskarriar.se\\\/itdata\\\/2016\\\/02\\\/09\\\/var-med-och-driv-den-digitala-resan-pa-seb\\\/\"]}]},{\"@type\":\"ImageObject\",\"inLanguage\":\"sv-SE\",\"@id\":\"https:\\\/\\\/framtidenskarriar.se\\\/itdata\\\/2016\\\/02\\\/09\\\/var-med-och-driv-den-digitala-resan-pa-seb\\\/#primaryimage\",\"url\":\"https:\\\/\\\/framtidenskarriar.se\\\/itdata\\\/wp-content\\\/uploads\\\/sites\\\/13\\\/2016\\\/02\\\/seb-66a8322-1.jpg\",\"contentUrl\":\"https:\\\/\\\/framtidenskarriar.se\\\/itdata\\\/wp-content\\\/uploads\\\/sites\\\/13\\\/2016\\\/02\\\/seb-66a8322-1.jpg\",\"width\":1000,\"height\":620,\"caption\":\"Daniel Bj\u00f6rnlund och Andreas Berggren. SEB\"},{\"@type\":\"BreadcrumbList\",\"@id\":\"https:\\\/\\\/framtidenskarriar.se\\\/itdata\\\/2016\\\/02\\\/09\\\/var-med-och-driv-den-digitala-resan-pa-seb\\\/#breadcrumb\",\"itemListElement\":[{\"@type\":\"ListItem\",\"position\":1,\"name\":\"Home\",\"item\":\"https:\\\/\\\/framtidenskarriar.se\\\/itdata\\\/\"},{\"@type\":\"ListItem\",\"position\":2,\"name\":\"Var med och driv den digitala resan p\u00e5 SEB\"}]},{\"@type\":\"WebSite\",\"@id\":\"https:\\\/\\\/framtidenskarriar.se\\\/itdata\\\/#website\",\"url\":\"https:\\\/\\\/framtidenskarriar.se\\\/itdata\\\/\",\"name\":\"Framtidens karri\u00e4r IT & Data\",\"description\":\"Just another NMDashboard.se Sites site\",\"potentialAction\":[{\"@type\":\"SearchAction\",\"target\":{\"@type\":\"EntryPoint\",\"urlTemplate\":\"https:\\\/\\\/framtidenskarriar.se\\\/itdata\\\/?s={search_term_string}\"},\"query-input\":{\"@type\":\"PropertyValueSpecification\",\"valueRequired\":true,\"valueName\":\"search_term_string\"}}],\"inLanguage\":\"sv-SE\"},{\"@type\":\"Person\",\"@id\":\"https:\\\/\\\/framtidenskarriar.se\\\/itdata\\\/#\\\/schema\\\/person\\\/c8a43eb855191e573b73ecf8987a3b99\",\"name\":\"stellanstal\",\"image\":{\"@type\":\"ImageObject\",\"inLanguage\":\"sv-SE\",\"@id\":\"https:\\\/\\\/secure.gravatar.com\\\/avatar\\\/cd330fa6bb17f598124b2068ee0b189e4fe0987a50af9d53b78410836060d0c9?s=96&d=mm&r=g\",\"url\":\"https:\\\/\\\/secure.gravatar.com\\\/avatar\\\/cd330fa6bb17f598124b2068ee0b189e4fe0987a50af9d53b78410836060d0c9?s=96&d=mm&r=g\",\"contentUrl\":\"https:\\\/\\\/secure.gravatar.com\\\/avatar\\\/cd330fa6bb17f598124b2068ee0b189e4fe0987a50af9d53b78410836060d0c9?s=96&d=mm&r=g\",\"caption\":\"stellanstal\"},\"url\":\"https:\\\/\\\/framtidenskarriar.se\\\/itdata\\\/author\\\/stellanstal\\\/\"}]}<\/script>\n<!-- \/ Yoast SEO plugin. -->","yoast_head_json":{"title":"Var med och driv den digitala resan p\u00e5 SEB - Framtidens karri\u00e4r IT & Data","robots":{"index":"index","follow":"follow","max-snippet":"max-snippet:-1","max-image-preview":"max-image-preview:large","max-video-preview":"max-video-preview:-1"},"canonical":"https:\/\/framtidenskarriar.se\/itdata\/2016\/02\/09\/var-med-och-driv-den-digitala-resan-pa-seb\/","og_locale":"sv_SE","og_type":"article","og_title":"Var med och driv den digitala resan p\u00e5 SEB - Framtidens karri\u00e4r IT & Data","og_description":"Den digitala resan inom bank- och finansbranschen g\u00e5r med hisnande fart och SEB ligger i...","og_url":"https:\/\/framtidenskarriar.se\/itdata\/2016\/02\/09\/var-med-och-driv-den-digitala-resan-pa-seb\/","og_site_name":"Framtidens karri\u00e4r IT & Data","article_published_time":"2016-02-09T20:25:24+00:00","og_image":[{"width":1000,"height":620,"url":"https:\/\/framtidenskarriar.se\/itdata\/wp-content\/uploads\/sites\/13\/2016\/02\/seb-66a8322-1.jpg","type":"image\/jpeg"}],"author":"stellanstal","twitter_card":"summary_large_image","twitter_misc":{"Skriven av":"stellanstal","Ber\u00e4knad l\u00e4stid":"5 minuter"},"schema":{"@context":"https:\/\/schema.org","@graph":[{"@type":"Article","@id":"https:\/\/framtidenskarriar.se\/itdata\/2016\/02\/09\/var-med-och-driv-den-digitala-resan-pa-seb\/#article","isPartOf":{"@id":"https:\/\/framtidenskarriar.se\/itdata\/2016\/02\/09\/var-med-och-driv-den-digitala-resan-pa-seb\/"},"author":{"name":"stellanstal","@id":"https:\/\/framtidenskarriar.se\/itdata\/#\/schema\/person\/c8a43eb855191e573b73ecf8987a3b99"},"headline":"Var med och driv den digitala resan p\u00e5 SEB","datePublished":"2016-02-09T20:25:24+00:00","mainEntityOfPage":{"@id":"https:\/\/framtidenskarriar.se\/itdata\/2016\/02\/09\/var-med-och-driv-den-digitala-resan-pa-seb\/"},"wordCount":938,"image":{"@id":"https:\/\/framtidenskarriar.se\/itdata\/2016\/02\/09\/var-med-och-driv-den-digitala-resan-pa-seb\/#primaryimage"},"thumbnailUrl":"https:\/\/framtidenskarriar.se\/itdata\/wp-content\/uploads\/sites\/13\/2016\/02\/seb-66a8322-1.jpg","articleSection":["Artikel"],"inLanguage":"sv-SE"},{"@type":"WebPage","@id":"https:\/\/framtidenskarriar.se\/itdata\/2016\/02\/09\/var-med-och-driv-den-digitala-resan-pa-seb\/","url":"https:\/\/framtidenskarriar.se\/itdata\/2016\/02\/09\/var-med-och-driv-den-digitala-resan-pa-seb\/","name":"Var med och driv den digitala resan p\u00e5 SEB - Framtidens karri\u00e4r IT & Data","isPartOf":{"@id":"https:\/\/framtidenskarriar.se\/itdata\/#website"},"primaryImageOfPage":{"@id":"https:\/\/framtidenskarriar.se\/itdata\/2016\/02\/09\/var-med-och-driv-den-digitala-resan-pa-seb\/#primaryimage"},"image":{"@id":"https:\/\/framtidenskarriar.se\/itdata\/2016\/02\/09\/var-med-och-driv-den-digitala-resan-pa-seb\/#primaryimage"},"thumbnailUrl":"https:\/\/framtidenskarriar.se\/itdata\/wp-content\/uploads\/sites\/13\/2016\/02\/seb-66a8322-1.jpg","datePublished":"2016-02-09T20:25:24+00:00","author":{"@id":"https:\/\/framtidenskarriar.se\/itdata\/#\/schema\/person\/c8a43eb855191e573b73ecf8987a3b99"},"breadcrumb":{"@id":"https:\/\/framtidenskarriar.se\/itdata\/2016\/02\/09\/var-med-och-driv-den-digitala-resan-pa-seb\/#breadcrumb"},"inLanguage":"sv-SE","potentialAction":[{"@type":"ReadAction","target":["https:\/\/framtidenskarriar.se\/itdata\/2016\/02\/09\/var-med-och-driv-den-digitala-resan-pa-seb\/"]}]},{"@type":"ImageObject","inLanguage":"sv-SE","@id":"https:\/\/framtidenskarriar.se\/itdata\/2016\/02\/09\/var-med-och-driv-den-digitala-resan-pa-seb\/#primaryimage","url":"https:\/\/framtidenskarriar.se\/itdata\/wp-content\/uploads\/sites\/13\/2016\/02\/seb-66a8322-1.jpg","contentUrl":"https:\/\/framtidenskarriar.se\/itdata\/wp-content\/uploads\/sites\/13\/2016\/02\/seb-66a8322-1.jpg","width":1000,"height":620,"caption":"Daniel Bj\u00f6rnlund och Andreas Berggren. SEB"},{"@type":"BreadcrumbList","@id":"https:\/\/framtidenskarriar.se\/itdata\/2016\/02\/09\/var-med-och-driv-den-digitala-resan-pa-seb\/#breadcrumb","itemListElement":[{"@type":"ListItem","position":1,"name":"Home","item":"https:\/\/framtidenskarriar.se\/itdata\/"},{"@type":"ListItem","position":2,"name":"Var med och driv den digitala resan p\u00e5 SEB"}]},{"@type":"WebSite","@id":"https:\/\/framtidenskarriar.se\/itdata\/#website","url":"https:\/\/framtidenskarriar.se\/itdata\/","name":"Framtidens karri\u00e4r IT & Data","description":"Just another NMDashboard.se Sites site","potentialAction":[{"@type":"SearchAction","target":{"@type":"EntryPoint","urlTemplate":"https:\/\/framtidenskarriar.se\/itdata\/?s={search_term_string}"},"query-input":{"@type":"PropertyValueSpecification","valueRequired":true,"valueName":"search_term_string"}}],"inLanguage":"sv-SE"},{"@type":"Person","@id":"https:\/\/framtidenskarriar.se\/itdata\/#\/schema\/person\/c8a43eb855191e573b73ecf8987a3b99","name":"stellanstal","image":{"@type":"ImageObject","inLanguage":"sv-SE","@id":"https:\/\/secure.gravatar.com\/avatar\/cd330fa6bb17f598124b2068ee0b189e4fe0987a50af9d53b78410836060d0c9?s=96&d=mm&r=g","url":"https:\/\/secure.gravatar.com\/avatar\/cd330fa6bb17f598124b2068ee0b189e4fe0987a50af9d53b78410836060d0c9?s=96&d=mm&r=g","contentUrl":"https:\/\/secure.gravatar.com\/avatar\/cd330fa6bb17f598124b2068ee0b189e4fe0987a50af9d53b78410836060d0c9?s=96&d=mm&r=g","caption":"stellanstal"},"url":"https:\/\/framtidenskarriar.se\/itdata\/author\/stellanstal\/"}]}},"_links":{"self":[{"href":"https:\/\/framtidenskarriar.se\/itdata\/wp-json\/wp\/v2\/posts\/4983","targetHints":{"allow":["GET"]}}],"collection":[{"href":"https:\/\/framtidenskarriar.se\/itdata\/wp-json\/wp\/v2\/posts"}],"about":[{"href":"https:\/\/framtidenskarriar.se\/itdata\/wp-json\/wp\/v2\/types\/post"}],"author":[{"embeddable":true,"href":"https:\/\/framtidenskarriar.se\/itdata\/wp-json\/wp\/v2\/users\/3"}],"replies":[{"embeddable":true,"href":"https:\/\/framtidenskarriar.se\/itdata\/wp-json\/wp\/v2\/comments?post=4983"}],"version-history":[{"count":0,"href":"https:\/\/framtidenskarriar.se\/itdata\/wp-json\/wp\/v2\/posts\/4983\/revisions"}],"wp:featuredmedia":[{"embeddable":true,"href":"https:\/\/framtidenskarriar.se\/itdata\/wp-json\/wp\/v2\/media\/5284"}],"wp:attachment":[{"href":"https:\/\/framtidenskarriar.se\/itdata\/wp-json\/wp\/v2\/media?parent=4983"}],"wp:term":[{"taxonomy":"category","embeddable":true,"href":"https:\/\/framtidenskarriar.se\/itdata\/wp-json\/wp\/v2\/categories?post=4983"},{"taxonomy":"post_tag","embeddable":true,"href":"https:\/\/framtidenskarriar.se\/itdata\/wp-json\/wp\/v2\/tags?post=4983"}],"curies":[{"name":"wp","href":"https:\/\/api.w.org\/{rel}","templated":true}]}}