{"id":4989,"date":"2016-02-09T23:03:30","date_gmt":"2016-02-09T21:03:30","guid":{"rendered":"http:\/\/framtidenskarriar.se\/itdata\/?p=4989"},"modified":"2016-02-09T23:03:30","modified_gmt":"2016-02-09T21:03:30","slug":"spannande-utmaningar-i-forsvarsmakten","status":"publish","type":"post","link":"https:\/\/framtidenskarriar.se\/itdata\/2016\/02\/09\/spannande-utmaningar-i-forsvarsmakten\/","title":{"rendered":"Sp\u00e4nnande utmaningar i F\u00f6rsvarsmakten"},"content":{"rendered":"<figure id=\"attachment_4992\" aria-describedby=\"caption-attachment-4992\" style=\"width: 1000px\" class=\"wp-caption alignnone\"><img loading=\"lazy\" decoding=\"async\" class=\"size-full wp-image-4992\" src=\"https:\/\/framtidenskarriar.se\/itdata\/wp-content\/uploads\/sites\/13\/2016\/02\/forsvaret-ledn-66a8812.jpg\" alt=\"Kommend\u00f6r Peter Haglind, CIO, och f\u00f6rsvarsmakts\u00adingenj\u00f6r Pierre Anderberg, ansvarig f\u00f6r F\u00f6rsvarsmaktens IT-infrastruktur. Foto: Gonzalo Irigoyen\" width=\"1000\" height=\"615\" srcset=\"https:\/\/framtidenskarriar.se\/itdata\/wp-content\/uploads\/sites\/13\/2016\/02\/forsvaret-ledn-66a8812.jpg 1000w, https:\/\/framtidenskarriar.se\/itdata\/wp-content\/uploads\/sites\/13\/2016\/02\/forsvaret-ledn-66a8812-300x185.jpg 300w, https:\/\/framtidenskarriar.se\/itdata\/wp-content\/uploads\/sites\/13\/2016\/02\/forsvaret-ledn-66a8812-768x472.jpg 768w, https:\/\/framtidenskarriar.se\/itdata\/wp-content\/uploads\/sites\/13\/2016\/02\/forsvaret-ledn-66a8812-260x160.jpg 260w, https:\/\/framtidenskarriar.se\/itdata\/wp-content\/uploads\/sites\/13\/2016\/02\/forsvaret-ledn-66a8812-526x323.jpg 526w, https:\/\/framtidenskarriar.se\/itdata\/wp-content\/uploads\/sites\/13\/2016\/02\/forsvaret-ledn-66a8812-720x443.jpg 720w, https:\/\/framtidenskarriar.se\/itdata\/wp-content\/uploads\/sites\/13\/2016\/02\/forsvaret-ledn-66a8812-960x590.jpg 960w\" sizes=\"auto, (max-width: 1000px) 100vw, 1000px\" \/><figcaption id=\"caption-attachment-4992\" class=\"wp-caption-text\">Kommend\u00f6r Peter Haglind, CIO, och f\u00f6rsvarsmakts\u00adingenj\u00f6r Pierre Anderberg, ansvarig f\u00f6r F\u00f6rsvarsmaktens IT-infrastruktur. Foto: Gonzalo Irigoyen<\/figcaption><\/figure>\n<p><strong>Med bred verksamhet, \u00f6kande cyberhot, omfattande utveckling och nytt aff\u00e4rssystem \u00e4r F\u00f6rsvarsmaktens rekryteringsbehov inom IT stort. I en organisation som satsar p\u00e5 m\u00e5ngfald och erbjuder breda karri\u00e4r- och utvecklingsm\u00f6jligheter blir det aldrig l\u00e5ngtr\u00e5kigt, garanterar kommend\u00f6r Peter Haglind, CIO.<\/strong><\/p>\n<p>\u2013 Det som utm\u00e4rker F\u00f6rsvarsmaktens IT-verksamhet \u00e4r en mycket stor bredd och variation. Vi har en IT-organisation som t\u00e4cker allting fr\u00e5n sensorer och telekom till IT och ledningsst\u00f6dsystem. Vi har ocks\u00e5 bildat ett nytt f\u00f6rband, F\u00f6rsvarsmaktens telekommunikations- och informationssystemf\u00f6rband, FMTIS, d\u00e4r vi samlat s\u00e5dan verksamhet. Det \u00e4r f\u00e5 arbetsplatser som kan erbjuda sina anst\u00e4llda en s\u00e5dan bredd, framh\u00e5ller f\u00f6rsvarsmaktsingenj\u00f6r Pierre Anderberg.<br \/>\nPierre \u00e4r officer i grunden och efter fyra \u00e5r i den operativa verksamheten tog han tj\u00e4nstledigt f\u00f6r att l\u00e4sa till civilingenj\u00f6r.<br \/>\n\u2013 Ambitionen var att komma tillbaka eftersom jag alltid trivts bra h\u00e4r i F\u00f6rsvarsmakten. Det \u00e4r en arbetsplats med b\u00e5de intressanta arbetsuppgifter och m\u00e5nga utvecklingsm\u00f6jligheter, p\u00e5pekar Pierre som idag \u00e4r ansvarig f\u00f6r F\u00f6rsvarsmaktens IT-infrastruktur.<br \/>\nHan f\u00e5r medh\u00e5ll av Lisa Andersson som sedan ett knappt \u00e5r tillbaka arbetar inom CIO-funktionen vid Lednings- och underr\u00e4ttelseavdelningen p\u00e5 H\u00f6gkvarteret.<br \/>\n\u2013 F\u00f6rsvarsmakten har en v\u00e4ldigt sp\u00e4nnande IT-milj\u00f6 med mycket p\u00e5 g\u00e5ng.<\/p>\n<p><strong>F\u00f6rst\u00e4rker aff\u00e4rssystemsidan<\/strong><br \/>\nNyligen slutf\u00f6rde F\u00f6rsvarsmakten en av Sveriges st\u00f6rsta aff\u00e4rssystemimplementationer, Projekt PRIO. Det nya SAP-baserade aff\u00e4rssystemet f\u00f6r ekonomi, HR och logistik ska nu hanteras inom organisationens ordinarie linjeverksamhet.<br \/>\n\u2013 Vi har alltid ett rekryteringsbehov, dels f\u00f6r att ers\u00e4tta den naturliga personaloms\u00e4ttningen men ocks\u00e5 f\u00f6r att f\u00f6rst\u00e4rka verksamheten inom specifika omr\u00e5den, f\u00f6rklarar Peter Haglind.<br \/>\nLisa Andersson arbetar med att bygga upp ett kompetenscenter kring PRIO.<br \/>\n\u2013 Det \u00e4r ett v\u00e4ldigt sp\u00e4nnande arbete att vara delaktig i. Vi formar en organisation och ser \u00f6ver processer och rutiner f\u00f6r att s\u00e4kerst\u00e4lla att systemet forts\u00e4tter att f\u00f6rvaltas p\u00e5 ett bra s\u00e4tt fram\u00f6ver.<\/p>\n<p><strong>Bra st\u00f6d fr\u00e5n cheferna<\/strong><br \/>\nLisa Andersson \u00e4r dataingenj\u00f6r i grunden och arbetade civilt som konsult med SAP och systemf\u00f6rvaltningsfr\u00e5gor innan hon kom till F\u00f6rsvarsmakten f\u00f6r fem \u00e5r sedan.<br \/>\n\u2013 Den st\u00f6rsta skillnaden \u00e4r att jag f\u00e5r m\u00f6jligheten att jobba mer l\u00e5ngsiktigt med fr\u00e5gorna. En annan stor f\u00f6rdel \u00e4r att h\u00e4r har jag m\u00f6jligheten att arbeta i olika roller. Det har varit v\u00e4rdefullt att se verksamheten fr\u00e5n flera olika synvinklar. N\u00e4r jag k\u00e4nt att jag vill g\u00f6ra n\u00e5gonting nytt s\u00e5 har jag alltid haft ett bra st\u00f6d fr\u00e5n mina chefer, vilket har varit positivt, s\u00e4ger hon.<br \/>\nPeter Haglind bekr\u00e4ftar att F\u00f6rsvarsmakten satsar mycket p\u00e5 personalen. Utbildning och vidareutbildning, inom b\u00e5de IT och den speciella verksamhet som F\u00f6rsvarsmakten verkar inom, \u00e4r en sj\u00e4lvklar del av vardagen.<\/p>\n<p><strong>IT-s\u00e4kerhet i fokus<\/strong><br \/>\nEtt omr\u00e5de d\u00e4r det satsas stort \u00e4r IT-s\u00e4kerhet.<br \/>\n\u2013 Det har alltid varit ett fokusomr\u00e5de f\u00f6r oss och \u00e4r mer aktuellt idag \u00e4n n\u00e5gonsin. Vi lever med en annan hotbild idag och vi uts\u00e4tts st\u00e4ndigt f\u00f6r olika former av IT-attacker, f\u00f6rklarar Peter Haglind och till\u00e4gger:<br \/>\n\u2013 Det handlar om en aktiv f\u00f6rvaltning och \u00f6vervakning, kunniga medarbetare och robusta tekniska system. V\u00e5ra system ska ju fungera n\u00e4r inga andra system i samh\u00e4llet fungerar.<br \/>\nF\u00f6rsvarsmakten s\u00f6ker d\u00e4rf\u00f6r framf\u00f6r allt medarbetare med n\u00e5gon form av grundl\u00e4ggande akademisk kompetens inom IT. Men \u00e4ven annan akademisk utbildning och erfarenhet kan vara r\u00e4tt.<br \/>\n\u2013 Vi beh\u00f6ver allt fr\u00e5n personer med djupa specialistkunskaper till duktiga generalister. Som person ska du vara nyfiken och drivande och en god lagspelare, po\u00e4ngterar Peter Haglind.<br \/>\nPierre Anderberg l\u00e4gger \u00e4ven s\u00e4rskild vikt vid personens p\u00e5litlighet.<br \/>\n\u2013 Vi hanterar k\u00e4nslig information, och d\u00e4rf\u00f6r kr\u00e4vs det s\u00e4rskild medvetenhet och ansvarstagande, p\u00e5pekar Pierre.<\/p>\n<p><strong>M\u00e5ngfald ger styrka<\/strong><br \/>\nI F\u00f6rsvarsmakten ses m\u00e5ngfald som en stor styrka, f\u00f6rklarar Peter Haglind vidare.<br \/>\n\u2013 M\u00e4n och kvinnor med olika bakgrund och \u00e5lder st\u00e4rker v\u00e5r f\u00f6rm\u00e5ga. Inom ledningssystem- och IT-omr\u00e5det har vi idag en stor andel civila medarbetare och vi arbetar ocks\u00e5 aktivt med att utveckla m\u00e5ngfalden ytterligare i v\u00e5r organisation. Det som f\u00f6renar oss alla \u00e4r ett gemensamt intresse och en ambition att g\u00f6ra n\u00e5gonting gott f\u00f6r samh\u00e4llet.<\/p>\n<figure id=\"attachment_4991\" aria-describedby=\"caption-attachment-4991\" style=\"width: 1000px\" class=\"wp-caption alignnone\"><img loading=\"lazy\" decoding=\"async\" class=\"size-full wp-image-4991\" src=\"https:\/\/framtidenskarriar.se\/itdata\/wp-content\/uploads\/sites\/13\/2016\/02\/forsvaret-ledn-66a8589.jpg\" alt=\"Lisa Andersson arbetar inom CIO-funktionen vid Lednings- och underr\u00e4ttelseavdelningen p\u00e5 H\u00f6gkvarteret. Foto: Gonzalo Irigoyen\" width=\"1000\" height=\"680\" srcset=\"https:\/\/framtidenskarriar.se\/itdata\/wp-content\/uploads\/sites\/13\/2016\/02\/forsvaret-ledn-66a8589.jpg 1000w, https:\/\/framtidenskarriar.se\/itdata\/wp-content\/uploads\/sites\/13\/2016\/02\/forsvaret-ledn-66a8589-300x204.jpg 300w, https:\/\/framtidenskarriar.se\/itdata\/wp-content\/uploads\/sites\/13\/2016\/02\/forsvaret-ledn-66a8589-768x522.jpg 768w, https:\/\/framtidenskarriar.se\/itdata\/wp-content\/uploads\/sites\/13\/2016\/02\/forsvaret-ledn-66a8589-235x160.jpg 235w, https:\/\/framtidenskarriar.se\/itdata\/wp-content\/uploads\/sites\/13\/2016\/02\/forsvaret-ledn-66a8589-526x358.jpg 526w, https:\/\/framtidenskarriar.se\/itdata\/wp-content\/uploads\/sites\/13\/2016\/02\/forsvaret-ledn-66a8589-720x490.jpg 720w, https:\/\/framtidenskarriar.se\/itdata\/wp-content\/uploads\/sites\/13\/2016\/02\/forsvaret-ledn-66a8589-960x653.jpg 960w\" sizes=\"auto, (max-width: 1000px) 100vw, 1000px\" \/><figcaption id=\"caption-attachment-4991\" class=\"wp-caption-text\">Lisa Andersson arbetar inom CIO-funktionen vid Lednings- och underr\u00e4ttelseavdelningen p\u00e5 H\u00f6gkvarteret. Foto: Gonzalo Irigoyen<\/figcaption><\/figure>\n<div class=\"faktaruta-title\">F\u00f6rsvarsmakten<\/div><div class=\"faktaruta\">F\u00f6rsvarsmakten \u00e4r en av Sveriges st\u00f6rsta myndigheter med mer \u00e4n 50\u00a0000 medarbetare och frivilliga. Uppdraget \u00e4r att vara st\u00e4ndigt beredd att h\u00e4vda Sveriges territorium, genomf\u00f6ra internationella insatser samt st\u00f6dja samh\u00e4llet vid st\u00f6rre kriser. Myndigheten har \u00e4ven ett omfattande internationellt arbete och skickar styrkor till fredsbevarande och fredsframtvingande insatser runt om i v\u00e4rlden. Inom IT och data arbetar cirka 1\u00a0600 medarbetare.<br \/>\n<strong><a href=\"http:\/\/www.forsvarsmakten.se\" target=\"_blank\" rel=\"noopener noreferrer\">www.forsvarsmakten.se<\/a><\/strong><br \/>\n<a href=\"http:\/\/www.forsvarsmakten.se\" target=\"_blank\" rel=\"attachment wp-att-4990 noopener noreferrer\"><img loading=\"lazy\" decoding=\"async\" class=\"alignnone size-medium wp-image-4990\" src=\"https:\/\/framtidenskarriar.se\/itdata\/wp-content\/uploads\/sites\/13\/2016\/02\/forsvaret-cmyk-text-250x78.png\" alt=\"www.forsvarsmakten.se\" width=\"250\" height=\"78\" \/><\/a><\/div>\n","protected":false},"excerpt":{"rendered":"<p>Med bred verksamhet, \u00f6kande cyberhot, omfattande utveckling och nytt aff\u00e4rssystem \u00e4r F\u00f6rsvarsmaktens rekryteringsbehov inom IT&#8230;<\/p>\n","protected":false},"author":3,"featured_media":5264,"comment_status":"closed","ping_status":"open","sticky":false,"template":"","format":"standard","meta":{"_acf_changed":false,"_monsterinsights_skip_tracking":false,"_monsterinsights_sitenote_active":false,"_monsterinsights_sitenote_note":"","_monsterinsights_sitenote_category":0,"footnotes":""},"categories":[1],"tags":[],"class_list":["post-4989","post","type-post","status-publish","format-standard","has-post-thumbnail","hentry","category-artikel"],"acf":[],"yoast_head":"<!-- This site is optimized with the Yoast SEO plugin v27.3 - https:\/\/yoast.com\/product\/yoast-seo-wordpress\/ -->\n<title>Sp\u00e4nnande utmaningar i F\u00f6rsvarsmakten - Framtidens karri\u00e4r IT &amp; Data<\/title>\n<meta name=\"robots\" content=\"index, follow, max-snippet:-1, max-image-preview:large, max-video-preview:-1\" \/>\n<link rel=\"canonical\" href=\"https:\/\/framtidenskarriar.se\/itdata\/2016\/02\/09\/spannande-utmaningar-i-forsvarsmakten\/\" \/>\n<meta property=\"og:locale\" content=\"sv_SE\" \/>\n<meta property=\"og:type\" content=\"article\" \/>\n<meta property=\"og:title\" content=\"Sp\u00e4nnande utmaningar i F\u00f6rsvarsmakten - Framtidens karri\u00e4r IT &amp; Data\" \/>\n<meta property=\"og:description\" content=\"Med bred verksamhet, \u00f6kande cyberhot, omfattande utveckling och nytt aff\u00e4rssystem \u00e4r F\u00f6rsvarsmaktens rekryteringsbehov inom IT...\" \/>\n<meta property=\"og:url\" content=\"https:\/\/framtidenskarriar.se\/itdata\/2016\/02\/09\/spannande-utmaningar-i-forsvarsmakten\/\" \/>\n<meta property=\"og:site_name\" content=\"Framtidens karri\u00e4r IT &amp; Data\" \/>\n<meta property=\"article:published_time\" content=\"2016-02-09T21:03:30+00:00\" \/>\n<meta property=\"og:image\" content=\"https:\/\/framtidenskarriar.se\/itdata\/wp-content\/uploads\/sites\/13\/2016\/02\/forsvaret-ledn-66a8812-1.jpg\" \/>\n\t<meta property=\"og:image:width\" content=\"1000\" \/>\n\t<meta property=\"og:image:height\" content=\"615\" \/>\n\t<meta property=\"og:image:type\" content=\"image\/jpeg\" \/>\n<meta name=\"author\" content=\"stellanstal\" \/>\n<meta name=\"twitter:card\" content=\"summary_large_image\" \/>\n<meta name=\"twitter:label1\" content=\"Skriven av\" \/>\n\t<meta name=\"twitter:data1\" content=\"stellanstal\" \/>\n\t<meta name=\"twitter:label2\" content=\"Ber\u00e4knad l\u00e4stid\" \/>\n\t<meta name=\"twitter:data2\" content=\"4 minuter\" \/>\n<script type=\"application\/ld+json\" class=\"yoast-schema-graph\">{\"@context\":\"https:\\\/\\\/schema.org\",\"@graph\":[{\"@type\":\"Article\",\"@id\":\"https:\\\/\\\/framtidenskarriar.se\\\/itdata\\\/2016\\\/02\\\/09\\\/spannande-utmaningar-i-forsvarsmakten\\\/#article\",\"isPartOf\":{\"@id\":\"https:\\\/\\\/framtidenskarriar.se\\\/itdata\\\/2016\\\/02\\\/09\\\/spannande-utmaningar-i-forsvarsmakten\\\/\"},\"author\":{\"name\":\"stellanstal\",\"@id\":\"https:\\\/\\\/framtidenskarriar.se\\\/itdata\\\/#\\\/schema\\\/person\\\/c8a43eb855191e573b73ecf8987a3b99\"},\"headline\":\"Sp\u00e4nnande utmaningar i F\u00f6rsvarsmakten\",\"datePublished\":\"2016-02-09T21:03:30+00:00\",\"mainEntityOfPage\":{\"@id\":\"https:\\\/\\\/framtidenskarriar.se\\\/itdata\\\/2016\\\/02\\\/09\\\/spannande-utmaningar-i-forsvarsmakten\\\/\"},\"wordCount\":901,\"image\":{\"@id\":\"https:\\\/\\\/framtidenskarriar.se\\\/itdata\\\/2016\\\/02\\\/09\\\/spannande-utmaningar-i-forsvarsmakten\\\/#primaryimage\"},\"thumbnailUrl\":\"https:\\\/\\\/framtidenskarriar.se\\\/itdata\\\/wp-content\\\/uploads\\\/sites\\\/13\\\/2016\\\/02\\\/forsvaret-ledn-66a8812-1.jpg\",\"articleSection\":[\"Artikel\"],\"inLanguage\":\"sv-SE\"},{\"@type\":\"WebPage\",\"@id\":\"https:\\\/\\\/framtidenskarriar.se\\\/itdata\\\/2016\\\/02\\\/09\\\/spannande-utmaningar-i-forsvarsmakten\\\/\",\"url\":\"https:\\\/\\\/framtidenskarriar.se\\\/itdata\\\/2016\\\/02\\\/09\\\/spannande-utmaningar-i-forsvarsmakten\\\/\",\"name\":\"Sp\u00e4nnande utmaningar i F\u00f6rsvarsmakten - Framtidens karri\u00e4r IT & Data\",\"isPartOf\":{\"@id\":\"https:\\\/\\\/framtidenskarriar.se\\\/itdata\\\/#website\"},\"primaryImageOfPage\":{\"@id\":\"https:\\\/\\\/framtidenskarriar.se\\\/itdata\\\/2016\\\/02\\\/09\\\/spannande-utmaningar-i-forsvarsmakten\\\/#primaryimage\"},\"image\":{\"@id\":\"https:\\\/\\\/framtidenskarriar.se\\\/itdata\\\/2016\\\/02\\\/09\\\/spannande-utmaningar-i-forsvarsmakten\\\/#primaryimage\"},\"thumbnailUrl\":\"https:\\\/\\\/framtidenskarriar.se\\\/itdata\\\/wp-content\\\/uploads\\\/sites\\\/13\\\/2016\\\/02\\\/forsvaret-ledn-66a8812-1.jpg\",\"datePublished\":\"2016-02-09T21:03:30+00:00\",\"author\":{\"@id\":\"https:\\\/\\\/framtidenskarriar.se\\\/itdata\\\/#\\\/schema\\\/person\\\/c8a43eb855191e573b73ecf8987a3b99\"},\"breadcrumb\":{\"@id\":\"https:\\\/\\\/framtidenskarriar.se\\\/itdata\\\/2016\\\/02\\\/09\\\/spannande-utmaningar-i-forsvarsmakten\\\/#breadcrumb\"},\"inLanguage\":\"sv-SE\",\"potentialAction\":[{\"@type\":\"ReadAction\",\"target\":[\"https:\\\/\\\/framtidenskarriar.se\\\/itdata\\\/2016\\\/02\\\/09\\\/spannande-utmaningar-i-forsvarsmakten\\\/\"]}]},{\"@type\":\"ImageObject\",\"inLanguage\":\"sv-SE\",\"@id\":\"https:\\\/\\\/framtidenskarriar.se\\\/itdata\\\/2016\\\/02\\\/09\\\/spannande-utmaningar-i-forsvarsmakten\\\/#primaryimage\",\"url\":\"https:\\\/\\\/framtidenskarriar.se\\\/itdata\\\/wp-content\\\/uploads\\\/sites\\\/13\\\/2016\\\/02\\\/forsvaret-ledn-66a8812-1.jpg\",\"contentUrl\":\"https:\\\/\\\/framtidenskarriar.se\\\/itdata\\\/wp-content\\\/uploads\\\/sites\\\/13\\\/2016\\\/02\\\/forsvaret-ledn-66a8812-1.jpg\",\"width\":1000,\"height\":615},{\"@type\":\"BreadcrumbList\",\"@id\":\"https:\\\/\\\/framtidenskarriar.se\\\/itdata\\\/2016\\\/02\\\/09\\\/spannande-utmaningar-i-forsvarsmakten\\\/#breadcrumb\",\"itemListElement\":[{\"@type\":\"ListItem\",\"position\":1,\"name\":\"Home\",\"item\":\"https:\\\/\\\/framtidenskarriar.se\\\/itdata\\\/\"},{\"@type\":\"ListItem\",\"position\":2,\"name\":\"Sp\u00e4nnande utmaningar i F\u00f6rsvarsmakten\"}]},{\"@type\":\"WebSite\",\"@id\":\"https:\\\/\\\/framtidenskarriar.se\\\/itdata\\\/#website\",\"url\":\"https:\\\/\\\/framtidenskarriar.se\\\/itdata\\\/\",\"name\":\"Framtidens karri\u00e4r IT & Data\",\"description\":\"Just another NMDashboard.se Sites site\",\"potentialAction\":[{\"@type\":\"SearchAction\",\"target\":{\"@type\":\"EntryPoint\",\"urlTemplate\":\"https:\\\/\\\/framtidenskarriar.se\\\/itdata\\\/?s={search_term_string}\"},\"query-input\":{\"@type\":\"PropertyValueSpecification\",\"valueRequired\":true,\"valueName\":\"search_term_string\"}}],\"inLanguage\":\"sv-SE\"},{\"@type\":\"Person\",\"@id\":\"https:\\\/\\\/framtidenskarriar.se\\\/itdata\\\/#\\\/schema\\\/person\\\/c8a43eb855191e573b73ecf8987a3b99\",\"name\":\"stellanstal\",\"image\":{\"@type\":\"ImageObject\",\"inLanguage\":\"sv-SE\",\"@id\":\"https:\\\/\\\/secure.gravatar.com\\\/avatar\\\/cd330fa6bb17f598124b2068ee0b189e4fe0987a50af9d53b78410836060d0c9?s=96&d=mm&r=g\",\"url\":\"https:\\\/\\\/secure.gravatar.com\\\/avatar\\\/cd330fa6bb17f598124b2068ee0b189e4fe0987a50af9d53b78410836060d0c9?s=96&d=mm&r=g\",\"contentUrl\":\"https:\\\/\\\/secure.gravatar.com\\\/avatar\\\/cd330fa6bb17f598124b2068ee0b189e4fe0987a50af9d53b78410836060d0c9?s=96&d=mm&r=g\",\"caption\":\"stellanstal\"},\"url\":\"https:\\\/\\\/framtidenskarriar.se\\\/itdata\\\/author\\\/stellanstal\\\/\"}]}<\/script>\n<!-- \/ Yoast SEO plugin. -->","yoast_head_json":{"title":"Sp\u00e4nnande utmaningar i F\u00f6rsvarsmakten - Framtidens karri\u00e4r IT & Data","robots":{"index":"index","follow":"follow","max-snippet":"max-snippet:-1","max-image-preview":"max-image-preview:large","max-video-preview":"max-video-preview:-1"},"canonical":"https:\/\/framtidenskarriar.se\/itdata\/2016\/02\/09\/spannande-utmaningar-i-forsvarsmakten\/","og_locale":"sv_SE","og_type":"article","og_title":"Sp\u00e4nnande utmaningar i F\u00f6rsvarsmakten - Framtidens karri\u00e4r IT & Data","og_description":"Med bred verksamhet, \u00f6kande cyberhot, omfattande utveckling och nytt aff\u00e4rssystem \u00e4r F\u00f6rsvarsmaktens rekryteringsbehov inom IT...","og_url":"https:\/\/framtidenskarriar.se\/itdata\/2016\/02\/09\/spannande-utmaningar-i-forsvarsmakten\/","og_site_name":"Framtidens karri\u00e4r IT & Data","article_published_time":"2016-02-09T21:03:30+00:00","og_image":[{"width":1000,"height":615,"url":"https:\/\/framtidenskarriar.se\/itdata\/wp-content\/uploads\/sites\/13\/2016\/02\/forsvaret-ledn-66a8812-1.jpg","type":"image\/jpeg"}],"author":"stellanstal","twitter_card":"summary_large_image","twitter_misc":{"Skriven av":"stellanstal","Ber\u00e4knad l\u00e4stid":"4 minuter"},"schema":{"@context":"https:\/\/schema.org","@graph":[{"@type":"Article","@id":"https:\/\/framtidenskarriar.se\/itdata\/2016\/02\/09\/spannande-utmaningar-i-forsvarsmakten\/#article","isPartOf":{"@id":"https:\/\/framtidenskarriar.se\/itdata\/2016\/02\/09\/spannande-utmaningar-i-forsvarsmakten\/"},"author":{"name":"stellanstal","@id":"https:\/\/framtidenskarriar.se\/itdata\/#\/schema\/person\/c8a43eb855191e573b73ecf8987a3b99"},"headline":"Sp\u00e4nnande utmaningar i F\u00f6rsvarsmakten","datePublished":"2016-02-09T21:03:30+00:00","mainEntityOfPage":{"@id":"https:\/\/framtidenskarriar.se\/itdata\/2016\/02\/09\/spannande-utmaningar-i-forsvarsmakten\/"},"wordCount":901,"image":{"@id":"https:\/\/framtidenskarriar.se\/itdata\/2016\/02\/09\/spannande-utmaningar-i-forsvarsmakten\/#primaryimage"},"thumbnailUrl":"https:\/\/framtidenskarriar.se\/itdata\/wp-content\/uploads\/sites\/13\/2016\/02\/forsvaret-ledn-66a8812-1.jpg","articleSection":["Artikel"],"inLanguage":"sv-SE"},{"@type":"WebPage","@id":"https:\/\/framtidenskarriar.se\/itdata\/2016\/02\/09\/spannande-utmaningar-i-forsvarsmakten\/","url":"https:\/\/framtidenskarriar.se\/itdata\/2016\/02\/09\/spannande-utmaningar-i-forsvarsmakten\/","name":"Sp\u00e4nnande utmaningar i F\u00f6rsvarsmakten - Framtidens karri\u00e4r IT & Data","isPartOf":{"@id":"https:\/\/framtidenskarriar.se\/itdata\/#website"},"primaryImageOfPage":{"@id":"https:\/\/framtidenskarriar.se\/itdata\/2016\/02\/09\/spannande-utmaningar-i-forsvarsmakten\/#primaryimage"},"image":{"@id":"https:\/\/framtidenskarriar.se\/itdata\/2016\/02\/09\/spannande-utmaningar-i-forsvarsmakten\/#primaryimage"},"thumbnailUrl":"https:\/\/framtidenskarriar.se\/itdata\/wp-content\/uploads\/sites\/13\/2016\/02\/forsvaret-ledn-66a8812-1.jpg","datePublished":"2016-02-09T21:03:30+00:00","author":{"@id":"https:\/\/framtidenskarriar.se\/itdata\/#\/schema\/person\/c8a43eb855191e573b73ecf8987a3b99"},"breadcrumb":{"@id":"https:\/\/framtidenskarriar.se\/itdata\/2016\/02\/09\/spannande-utmaningar-i-forsvarsmakten\/#breadcrumb"},"inLanguage":"sv-SE","potentialAction":[{"@type":"ReadAction","target":["https:\/\/framtidenskarriar.se\/itdata\/2016\/02\/09\/spannande-utmaningar-i-forsvarsmakten\/"]}]},{"@type":"ImageObject","inLanguage":"sv-SE","@id":"https:\/\/framtidenskarriar.se\/itdata\/2016\/02\/09\/spannande-utmaningar-i-forsvarsmakten\/#primaryimage","url":"https:\/\/framtidenskarriar.se\/itdata\/wp-content\/uploads\/sites\/13\/2016\/02\/forsvaret-ledn-66a8812-1.jpg","contentUrl":"https:\/\/framtidenskarriar.se\/itdata\/wp-content\/uploads\/sites\/13\/2016\/02\/forsvaret-ledn-66a8812-1.jpg","width":1000,"height":615},{"@type":"BreadcrumbList","@id":"https:\/\/framtidenskarriar.se\/itdata\/2016\/02\/09\/spannande-utmaningar-i-forsvarsmakten\/#breadcrumb","itemListElement":[{"@type":"ListItem","position":1,"name":"Home","item":"https:\/\/framtidenskarriar.se\/itdata\/"},{"@type":"ListItem","position":2,"name":"Sp\u00e4nnande utmaningar i F\u00f6rsvarsmakten"}]},{"@type":"WebSite","@id":"https:\/\/framtidenskarriar.se\/itdata\/#website","url":"https:\/\/framtidenskarriar.se\/itdata\/","name":"Framtidens karri\u00e4r IT & Data","description":"Just another NMDashboard.se Sites site","potentialAction":[{"@type":"SearchAction","target":{"@type":"EntryPoint","urlTemplate":"https:\/\/framtidenskarriar.se\/itdata\/?s={search_term_string}"},"query-input":{"@type":"PropertyValueSpecification","valueRequired":true,"valueName":"search_term_string"}}],"inLanguage":"sv-SE"},{"@type":"Person","@id":"https:\/\/framtidenskarriar.se\/itdata\/#\/schema\/person\/c8a43eb855191e573b73ecf8987a3b99","name":"stellanstal","image":{"@type":"ImageObject","inLanguage":"sv-SE","@id":"https:\/\/secure.gravatar.com\/avatar\/cd330fa6bb17f598124b2068ee0b189e4fe0987a50af9d53b78410836060d0c9?s=96&d=mm&r=g","url":"https:\/\/secure.gravatar.com\/avatar\/cd330fa6bb17f598124b2068ee0b189e4fe0987a50af9d53b78410836060d0c9?s=96&d=mm&r=g","contentUrl":"https:\/\/secure.gravatar.com\/avatar\/cd330fa6bb17f598124b2068ee0b189e4fe0987a50af9d53b78410836060d0c9?s=96&d=mm&r=g","caption":"stellanstal"},"url":"https:\/\/framtidenskarriar.se\/itdata\/author\/stellanstal\/"}]}},"_links":{"self":[{"href":"https:\/\/framtidenskarriar.se\/itdata\/wp-json\/wp\/v2\/posts\/4989","targetHints":{"allow":["GET"]}}],"collection":[{"href":"https:\/\/framtidenskarriar.se\/itdata\/wp-json\/wp\/v2\/posts"}],"about":[{"href":"https:\/\/framtidenskarriar.se\/itdata\/wp-json\/wp\/v2\/types\/post"}],"author":[{"embeddable":true,"href":"https:\/\/framtidenskarriar.se\/itdata\/wp-json\/wp\/v2\/users\/3"}],"replies":[{"embeddable":true,"href":"https:\/\/framtidenskarriar.se\/itdata\/wp-json\/wp\/v2\/comments?post=4989"}],"version-history":[{"count":0,"href":"https:\/\/framtidenskarriar.se\/itdata\/wp-json\/wp\/v2\/posts\/4989\/revisions"}],"wp:featuredmedia":[{"embeddable":true,"href":"https:\/\/framtidenskarriar.se\/itdata\/wp-json\/wp\/v2\/media\/5264"}],"wp:attachment":[{"href":"https:\/\/framtidenskarriar.se\/itdata\/wp-json\/wp\/v2\/media?parent=4989"}],"wp:term":[{"taxonomy":"category","embeddable":true,"href":"https:\/\/framtidenskarriar.se\/itdata\/wp-json\/wp\/v2\/categories?post=4989"},{"taxonomy":"post_tag","embeddable":true,"href":"https:\/\/framtidenskarriar.se\/itdata\/wp-json\/wp\/v2\/tags?post=4989"}],"curies":[{"name":"wp","href":"https:\/\/api.w.org\/{rel}","templated":true}]}}