{"id":5002,"date":"2016-02-09T23:08:38","date_gmt":"2016-02-09T21:08:38","guid":{"rendered":"http:\/\/framtidenskarriar.se\/itdata\/?p=5002"},"modified":"2016-02-09T23:08:38","modified_gmt":"2016-02-09T21:08:38","slug":"fokus-pa-kundnytta-i-rattvisans-tjanst","status":"publish","type":"post","link":"https:\/\/framtidenskarriar.se\/itdata\/2016\/02\/09\/fokus-pa-kundnytta-i-rattvisans-tjanst\/","title":{"rendered":"Fokus p\u00e5 kundnytta i r\u00e4ttvisans tj\u00e4nst"},"content":{"rendered":"<figure id=\"attachment_5003\" aria-describedby=\"caption-attachment-5003\" style=\"width: 1000px\" class=\"wp-caption alignnone\"><img loading=\"lazy\" decoding=\"async\" class=\"size-full wp-image-5003\" src=\"https:\/\/framtidenskarriar.se\/itdata\/wp-content\/uploads\/sites\/13\/2016\/02\/domstol-4.jpg\" alt=\"Jenny Larsen, Ismeta Mujanovic och Markus Erlandsson p\u00e5 Domstolsverkets IT-avdelning. Foto: Hans Karlsson\" width=\"1000\" height=\"620\" srcset=\"https:\/\/framtidenskarriar.se\/itdata\/wp-content\/uploads\/sites\/13\/2016\/02\/domstol-4.jpg 1000w, https:\/\/framtidenskarriar.se\/itdata\/wp-content\/uploads\/sites\/13\/2016\/02\/domstol-4-300x186.jpg 300w, https:\/\/framtidenskarriar.se\/itdata\/wp-content\/uploads\/sites\/13\/2016\/02\/domstol-4-768x476.jpg 768w, https:\/\/framtidenskarriar.se\/itdata\/wp-content\/uploads\/sites\/13\/2016\/02\/domstol-4-258x160.jpg 258w, https:\/\/framtidenskarriar.se\/itdata\/wp-content\/uploads\/sites\/13\/2016\/02\/domstol-4-526x326.jpg 526w, https:\/\/framtidenskarriar.se\/itdata\/wp-content\/uploads\/sites\/13\/2016\/02\/domstol-4-720x446.jpg 720w, https:\/\/framtidenskarriar.se\/itdata\/wp-content\/uploads\/sites\/13\/2016\/02\/domstol-4-960x595.jpg 960w\" sizes=\"auto, (max-width: 1000px) 100vw, 1000px\" \/><figcaption id=\"caption-attachment-5003\" class=\"wp-caption-text\">Jenny Larsen, Ismeta Mujanovic och Markus Erlandsson p\u00e5 Domstolsverkets IT-avdelning. Foto: Hans Karlsson<\/figcaption><\/figure>\n<p><strong>I n\u00e4ra dialog och samverkan med best\u00e4llare och anv\u00e4ndare p\u00e5 domstol bidrar medarbetarna p\u00e5 Domstolsverkets IT-avdelning till kvalitet, r\u00e4ttss\u00e4kerhet och effektivitet inom Sveriges Domstolar.<\/strong><\/p>\n<p>Verksamhetsst\u00f6den som utvecklas f\u00f6r Sveriges Domstolar \u00e4r noga anpassade efter den speciella verksamhet som domstolen utg\u00f6r. F\u00f6r att m\u00f6ta kundens behov och krav \u00e4r det viktigt att l\u00f6pande arbeta med att s\u00e4kerst\u00e4lla tillg\u00e5ng till r\u00e4tt kompetens.<br \/>\n\u2013 I \u00e5r har vi exempelvis genomf\u00f6rt kompetensutvecklingsinsatser inom agil kravhantering, s\u00e4ker programmering och moderna javaramverk, s\u00e4ger Markus Erlandsson, chef p\u00e5 enheten f\u00f6r systemkonstruktion.<\/p>\n<p><strong>N\u00e4ra samverkan<\/strong><br \/>\nJust nu p\u00e5g\u00e5r utveckling av ett nytt verksamhetsst\u00f6d som ska f\u00f6renkla och effektivisera administrationen av landets ca 8\u00a0000 n\u00e4mndem\u00e4n. Domstolen f\u00e5r exempelvis st\u00f6d i schemal\u00e4ggningen och kommunikationen med n\u00e4mndem\u00e4nnen. Utvecklingen sker i n\u00e4ra samverkan med medarbetarna p\u00e5 domstolarna.<br \/>\n\u2013 Det \u00e4r viktigt att de \u00e4r med hela tiden och st\u00e4mmer av att vi g\u00f6r r\u00e4tt. Vi prioriterar det som \u00e4r nytta f\u00f6r kunden. Vi m\u00e5ste f\u00f6rst\u00e5 domstolens process, vad de beh\u00f6ver och det har vi uppn\u00e5tt i flera projekt d\u00e4r vi sitter tillsammans med de som st\u00e4ller krav, de som kodar, de som testar systemen och sen verifierar dem, s\u00e4ger Ismeta Mujanovic, systemanalytiker.<br \/>\nMycket kommunikation med kunden sker under projektets g\u00e5ng f\u00f6r att kunna m\u00f6ta behov och krav som finns.<br \/>\n\u2013 Vi har bes\u00f6kt domstolarna inledningsvis f\u00f6r att se hur de jobbar. De beskriver vad de beh\u00f6ver ha hj\u00e4lp med och sen f\u00e5r vi analysera vad vi kan ge f\u00f6r st\u00f6d s\u00e5 att det blir enklare f\u00f6r dem. Kunden \u00e4r med under hela projektperioden, prioriterar, medverkar vid demo och i tester, s\u00e4ger Jenny Larsen, projektledare.<\/p>\n<p><strong>Sp\u00e4nnande och stimulerande<\/strong><br \/>\nF\u00f6r Markus Erlandsson k\u00e4nns arbetet v\u00e4ldigt sp\u00e4nnande och stimulerande. Han s\u00f6kte sig hit efter att f\u00f6rst ha varit konsult.<br \/>\n\u2013 Domstolarna \u00e4r en h\u00f6rnpelare i demokratin, de \u00e4r beroende av att st\u00f6den vi g\u00f6r blir s\u00e4kra och effektiva. Det m\u00e5ste fungera p\u00e5 plats. Sen \u00e4r det en v\u00e4ldigt bra arbetsplats, trevliga kollegor och modern teknik. Vi m\u00e5ste ligga i framkant f\u00f6r att h\u00e4nga med, s\u00e4ger han.<br \/>\n\u00c4ven Jenny Larsen ser arbetets speciella karakt\u00e4r.<br \/>\n\u2013 Vi \u00e4r en del av samh\u00e4llsutvecklingen, d\u00e4r domstolarna ska kunna ha fokus p\u00e5 d\u00f6mandet och d\u00e4r vi erbjuder effektiva verksamhetsst\u00f6d. Det \u00e4r ocks\u00e5 varierande f\u00f6r oss, d\u00e5 vi i n\u00e4ra teamsamverkan tillsammans utvecklar l\u00f6sningar. Det t\u00e4ta samarbetet ger oss arbetsgl\u00e4dje, s\u00e4ger hon.<\/p>\n<div class=\"faktaruta-title\">Domstolsverket<\/div><div class=\"faktaruta\">Domstolsverket arbetar med administration och utveckling f\u00f6r Sveriges Domstolar, som omfattar ett 80-tal olika domstolar, myndigheter och n\u00e4mnder d\u00e4r drygt 6\u00a0500 personer arbetar. IT-avdelningen ansvarar f\u00f6r drift, utveckling och f\u00f6rvaltning av Sveriges Domstolars gemensamma system och infrastruktur. IT-avdelningen \u00e4r organiserad i en matrisorganisation baserad p\u00e5 fem kompetensenheter, med n\u00e4rmare 100 medarbetare samt ett femtontal konsulter, och tre huvudprocesser: drift, support samt utveckling och f\u00f6rvaltning.<\/p>\n<p>Domstolsverket<br \/>\nKyrkogatan 34<br \/>\n551 81 J\u00f6nk\u00f6ping<br \/>\nTel: 036-15 53 00<br \/>\n<strong><a href=\"http:\/\/www.domstol.se\" target=\"_blank\" rel=\"noopener noreferrer\">www.domstol.se<\/a><\/strong><br \/>\n<a href=\"http:\/\/www.domstol.se\" target=\"_blank\" rel=\"attachment wp-att-5004 noopener noreferrer\"><img loading=\"lazy\" decoding=\"async\" class=\"alignnone size-medium wp-image-5004\" src=\"https:\/\/framtidenskarriar.se\/itdata\/wp-content\/uploads\/sites\/13\/2016\/02\/domstol-dv-color-left-250x65.png\" alt=\"www.domstol.se\" width=\"250\" height=\"65\" \/><\/a><\/div>\n","protected":false},"excerpt":{"rendered":"<p>I n\u00e4ra dialog och samverkan med best\u00e4llare och anv\u00e4ndare p\u00e5 domstol bidrar medarbetarna p\u00e5 Domstolsverkets&#8230;<\/p>\n","protected":false},"author":3,"featured_media":5254,"comment_status":"closed","ping_status":"open","sticky":false,"template":"","format":"standard","meta":{"_acf_changed":false,"_monsterinsights_skip_tracking":false,"_monsterinsights_sitenote_active":false,"_monsterinsights_sitenote_note":"","_monsterinsights_sitenote_category":0,"footnotes":""},"categories":[1],"tags":[],"class_list":["post-5002","post","type-post","status-publish","format-standard","has-post-thumbnail","hentry","category-artikel"],"acf":[],"yoast_head":"<!-- This site is optimized with the Yoast SEO plugin v27.3 - https:\/\/yoast.com\/product\/yoast-seo-wordpress\/ -->\n<title>Fokus p\u00e5 kundnytta i r\u00e4ttvisans tj\u00e4nst - Framtidens karri\u00e4r IT &amp; Data<\/title>\n<meta name=\"robots\" content=\"index, follow, max-snippet:-1, max-image-preview:large, max-video-preview:-1\" \/>\n<link rel=\"canonical\" href=\"https:\/\/framtidenskarriar.se\/itdata\/2016\/02\/09\/fokus-pa-kundnytta-i-rattvisans-tjanst\/\" \/>\n<meta property=\"og:locale\" content=\"sv_SE\" \/>\n<meta property=\"og:type\" content=\"article\" \/>\n<meta property=\"og:title\" content=\"Fokus p\u00e5 kundnytta i r\u00e4ttvisans tj\u00e4nst - Framtidens karri\u00e4r IT &amp; Data\" \/>\n<meta property=\"og:description\" content=\"I n\u00e4ra dialog och samverkan med best\u00e4llare och anv\u00e4ndare p\u00e5 domstol bidrar medarbetarna p\u00e5 Domstolsverkets...\" \/>\n<meta property=\"og:url\" content=\"https:\/\/framtidenskarriar.se\/itdata\/2016\/02\/09\/fokus-pa-kundnytta-i-rattvisans-tjanst\/\" \/>\n<meta property=\"og:site_name\" content=\"Framtidens karri\u00e4r IT &amp; Data\" \/>\n<meta property=\"article:published_time\" content=\"2016-02-09T21:08:38+00:00\" \/>\n<meta property=\"og:image\" content=\"https:\/\/framtidenskarriar.se\/itdata\/wp-content\/uploads\/sites\/13\/2016\/02\/domstol-4-1.jpg\" \/>\n\t<meta property=\"og:image:width\" content=\"1000\" \/>\n\t<meta property=\"og:image:height\" content=\"620\" \/>\n\t<meta property=\"og:image:type\" content=\"image\/jpeg\" \/>\n<meta name=\"author\" content=\"stellanstal\" \/>\n<meta name=\"twitter:card\" content=\"summary_large_image\" \/>\n<meta name=\"twitter:label1\" content=\"Skriven av\" \/>\n\t<meta name=\"twitter:data1\" content=\"stellanstal\" \/>\n\t<meta name=\"twitter:label2\" content=\"Ber\u00e4knad l\u00e4stid\" \/>\n\t<meta name=\"twitter:data2\" content=\"3 minuter\" \/>\n<script type=\"application\/ld+json\" class=\"yoast-schema-graph\">{\"@context\":\"https:\\\/\\\/schema.org\",\"@graph\":[{\"@type\":\"Article\",\"@id\":\"https:\\\/\\\/framtidenskarriar.se\\\/itdata\\\/2016\\\/02\\\/09\\\/fokus-pa-kundnytta-i-rattvisans-tjanst\\\/#article\",\"isPartOf\":{\"@id\":\"https:\\\/\\\/framtidenskarriar.se\\\/itdata\\\/2016\\\/02\\\/09\\\/fokus-pa-kundnytta-i-rattvisans-tjanst\\\/\"},\"author\":{\"name\":\"stellanstal\",\"@id\":\"https:\\\/\\\/framtidenskarriar.se\\\/itdata\\\/#\\\/schema\\\/person\\\/c8a43eb855191e573b73ecf8987a3b99\"},\"headline\":\"Fokus p\u00e5 kundnytta i r\u00e4ttvisans tj\u00e4nst\",\"datePublished\":\"2016-02-09T21:08:38+00:00\",\"mainEntityOfPage\":{\"@id\":\"https:\\\/\\\/framtidenskarriar.se\\\/itdata\\\/2016\\\/02\\\/09\\\/fokus-pa-kundnytta-i-rattvisans-tjanst\\\/\"},\"wordCount\":569,\"image\":{\"@id\":\"https:\\\/\\\/framtidenskarriar.se\\\/itdata\\\/2016\\\/02\\\/09\\\/fokus-pa-kundnytta-i-rattvisans-tjanst\\\/#primaryimage\"},\"thumbnailUrl\":\"https:\\\/\\\/framtidenskarriar.se\\\/itdata\\\/wp-content\\\/uploads\\\/sites\\\/13\\\/2016\\\/02\\\/domstol-4-1.jpg\",\"articleSection\":[\"Artikel\"],\"inLanguage\":\"sv-SE\"},{\"@type\":\"WebPage\",\"@id\":\"https:\\\/\\\/framtidenskarriar.se\\\/itdata\\\/2016\\\/02\\\/09\\\/fokus-pa-kundnytta-i-rattvisans-tjanst\\\/\",\"url\":\"https:\\\/\\\/framtidenskarriar.se\\\/itdata\\\/2016\\\/02\\\/09\\\/fokus-pa-kundnytta-i-rattvisans-tjanst\\\/\",\"name\":\"Fokus p\u00e5 kundnytta i r\u00e4ttvisans tj\u00e4nst - Framtidens karri\u00e4r IT & Data\",\"isPartOf\":{\"@id\":\"https:\\\/\\\/framtidenskarriar.se\\\/itdata\\\/#website\"},\"primaryImageOfPage\":{\"@id\":\"https:\\\/\\\/framtidenskarriar.se\\\/itdata\\\/2016\\\/02\\\/09\\\/fokus-pa-kundnytta-i-rattvisans-tjanst\\\/#primaryimage\"},\"image\":{\"@id\":\"https:\\\/\\\/framtidenskarriar.se\\\/itdata\\\/2016\\\/02\\\/09\\\/fokus-pa-kundnytta-i-rattvisans-tjanst\\\/#primaryimage\"},\"thumbnailUrl\":\"https:\\\/\\\/framtidenskarriar.se\\\/itdata\\\/wp-content\\\/uploads\\\/sites\\\/13\\\/2016\\\/02\\\/domstol-4-1.jpg\",\"datePublished\":\"2016-02-09T21:08:38+00:00\",\"author\":{\"@id\":\"https:\\\/\\\/framtidenskarriar.se\\\/itdata\\\/#\\\/schema\\\/person\\\/c8a43eb855191e573b73ecf8987a3b99\"},\"breadcrumb\":{\"@id\":\"https:\\\/\\\/framtidenskarriar.se\\\/itdata\\\/2016\\\/02\\\/09\\\/fokus-pa-kundnytta-i-rattvisans-tjanst\\\/#breadcrumb\"},\"inLanguage\":\"sv-SE\",\"potentialAction\":[{\"@type\":\"ReadAction\",\"target\":[\"https:\\\/\\\/framtidenskarriar.se\\\/itdata\\\/2016\\\/02\\\/09\\\/fokus-pa-kundnytta-i-rattvisans-tjanst\\\/\"]}]},{\"@type\":\"ImageObject\",\"inLanguage\":\"sv-SE\",\"@id\":\"https:\\\/\\\/framtidenskarriar.se\\\/itdata\\\/2016\\\/02\\\/09\\\/fokus-pa-kundnytta-i-rattvisans-tjanst\\\/#primaryimage\",\"url\":\"https:\\\/\\\/framtidenskarriar.se\\\/itdata\\\/wp-content\\\/uploads\\\/sites\\\/13\\\/2016\\\/02\\\/domstol-4-1.jpg\",\"contentUrl\":\"https:\\\/\\\/framtidenskarriar.se\\\/itdata\\\/wp-content\\\/uploads\\\/sites\\\/13\\\/2016\\\/02\\\/domstol-4-1.jpg\",\"width\":1000,\"height\":620},{\"@type\":\"BreadcrumbList\",\"@id\":\"https:\\\/\\\/framtidenskarriar.se\\\/itdata\\\/2016\\\/02\\\/09\\\/fokus-pa-kundnytta-i-rattvisans-tjanst\\\/#breadcrumb\",\"itemListElement\":[{\"@type\":\"ListItem\",\"position\":1,\"name\":\"Home\",\"item\":\"https:\\\/\\\/framtidenskarriar.se\\\/itdata\\\/\"},{\"@type\":\"ListItem\",\"position\":2,\"name\":\"Fokus p\u00e5 kundnytta i r\u00e4ttvisans tj\u00e4nst\"}]},{\"@type\":\"WebSite\",\"@id\":\"https:\\\/\\\/framtidenskarriar.se\\\/itdata\\\/#website\",\"url\":\"https:\\\/\\\/framtidenskarriar.se\\\/itdata\\\/\",\"name\":\"Framtidens karri\u00e4r IT & Data\",\"description\":\"Just another NMDashboard.se Sites site\",\"potentialAction\":[{\"@type\":\"SearchAction\",\"target\":{\"@type\":\"EntryPoint\",\"urlTemplate\":\"https:\\\/\\\/framtidenskarriar.se\\\/itdata\\\/?s={search_term_string}\"},\"query-input\":{\"@type\":\"PropertyValueSpecification\",\"valueRequired\":true,\"valueName\":\"search_term_string\"}}],\"inLanguage\":\"sv-SE\"},{\"@type\":\"Person\",\"@id\":\"https:\\\/\\\/framtidenskarriar.se\\\/itdata\\\/#\\\/schema\\\/person\\\/c8a43eb855191e573b73ecf8987a3b99\",\"name\":\"stellanstal\",\"image\":{\"@type\":\"ImageObject\",\"inLanguage\":\"sv-SE\",\"@id\":\"https:\\\/\\\/secure.gravatar.com\\\/avatar\\\/cd330fa6bb17f598124b2068ee0b189e4fe0987a50af9d53b78410836060d0c9?s=96&d=mm&r=g\",\"url\":\"https:\\\/\\\/secure.gravatar.com\\\/avatar\\\/cd330fa6bb17f598124b2068ee0b189e4fe0987a50af9d53b78410836060d0c9?s=96&d=mm&r=g\",\"contentUrl\":\"https:\\\/\\\/secure.gravatar.com\\\/avatar\\\/cd330fa6bb17f598124b2068ee0b189e4fe0987a50af9d53b78410836060d0c9?s=96&d=mm&r=g\",\"caption\":\"stellanstal\"},\"url\":\"https:\\\/\\\/framtidenskarriar.se\\\/itdata\\\/author\\\/stellanstal\\\/\"}]}<\/script>\n<!-- \/ Yoast SEO plugin. -->","yoast_head_json":{"title":"Fokus p\u00e5 kundnytta i r\u00e4ttvisans tj\u00e4nst - Framtidens karri\u00e4r IT & Data","robots":{"index":"index","follow":"follow","max-snippet":"max-snippet:-1","max-image-preview":"max-image-preview:large","max-video-preview":"max-video-preview:-1"},"canonical":"https:\/\/framtidenskarriar.se\/itdata\/2016\/02\/09\/fokus-pa-kundnytta-i-rattvisans-tjanst\/","og_locale":"sv_SE","og_type":"article","og_title":"Fokus p\u00e5 kundnytta i r\u00e4ttvisans tj\u00e4nst - Framtidens karri\u00e4r IT & Data","og_description":"I n\u00e4ra dialog och samverkan med best\u00e4llare och anv\u00e4ndare p\u00e5 domstol bidrar medarbetarna p\u00e5 Domstolsverkets...","og_url":"https:\/\/framtidenskarriar.se\/itdata\/2016\/02\/09\/fokus-pa-kundnytta-i-rattvisans-tjanst\/","og_site_name":"Framtidens karri\u00e4r IT & Data","article_published_time":"2016-02-09T21:08:38+00:00","og_image":[{"width":1000,"height":620,"url":"https:\/\/framtidenskarriar.se\/itdata\/wp-content\/uploads\/sites\/13\/2016\/02\/domstol-4-1.jpg","type":"image\/jpeg"}],"author":"stellanstal","twitter_card":"summary_large_image","twitter_misc":{"Skriven av":"stellanstal","Ber\u00e4knad l\u00e4stid":"3 minuter"},"schema":{"@context":"https:\/\/schema.org","@graph":[{"@type":"Article","@id":"https:\/\/framtidenskarriar.se\/itdata\/2016\/02\/09\/fokus-pa-kundnytta-i-rattvisans-tjanst\/#article","isPartOf":{"@id":"https:\/\/framtidenskarriar.se\/itdata\/2016\/02\/09\/fokus-pa-kundnytta-i-rattvisans-tjanst\/"},"author":{"name":"stellanstal","@id":"https:\/\/framtidenskarriar.se\/itdata\/#\/schema\/person\/c8a43eb855191e573b73ecf8987a3b99"},"headline":"Fokus p\u00e5 kundnytta i r\u00e4ttvisans tj\u00e4nst","datePublished":"2016-02-09T21:08:38+00:00","mainEntityOfPage":{"@id":"https:\/\/framtidenskarriar.se\/itdata\/2016\/02\/09\/fokus-pa-kundnytta-i-rattvisans-tjanst\/"},"wordCount":569,"image":{"@id":"https:\/\/framtidenskarriar.se\/itdata\/2016\/02\/09\/fokus-pa-kundnytta-i-rattvisans-tjanst\/#primaryimage"},"thumbnailUrl":"https:\/\/framtidenskarriar.se\/itdata\/wp-content\/uploads\/sites\/13\/2016\/02\/domstol-4-1.jpg","articleSection":["Artikel"],"inLanguage":"sv-SE"},{"@type":"WebPage","@id":"https:\/\/framtidenskarriar.se\/itdata\/2016\/02\/09\/fokus-pa-kundnytta-i-rattvisans-tjanst\/","url":"https:\/\/framtidenskarriar.se\/itdata\/2016\/02\/09\/fokus-pa-kundnytta-i-rattvisans-tjanst\/","name":"Fokus p\u00e5 kundnytta i r\u00e4ttvisans tj\u00e4nst - Framtidens karri\u00e4r IT & Data","isPartOf":{"@id":"https:\/\/framtidenskarriar.se\/itdata\/#website"},"primaryImageOfPage":{"@id":"https:\/\/framtidenskarriar.se\/itdata\/2016\/02\/09\/fokus-pa-kundnytta-i-rattvisans-tjanst\/#primaryimage"},"image":{"@id":"https:\/\/framtidenskarriar.se\/itdata\/2016\/02\/09\/fokus-pa-kundnytta-i-rattvisans-tjanst\/#primaryimage"},"thumbnailUrl":"https:\/\/framtidenskarriar.se\/itdata\/wp-content\/uploads\/sites\/13\/2016\/02\/domstol-4-1.jpg","datePublished":"2016-02-09T21:08:38+00:00","author":{"@id":"https:\/\/framtidenskarriar.se\/itdata\/#\/schema\/person\/c8a43eb855191e573b73ecf8987a3b99"},"breadcrumb":{"@id":"https:\/\/framtidenskarriar.se\/itdata\/2016\/02\/09\/fokus-pa-kundnytta-i-rattvisans-tjanst\/#breadcrumb"},"inLanguage":"sv-SE","potentialAction":[{"@type":"ReadAction","target":["https:\/\/framtidenskarriar.se\/itdata\/2016\/02\/09\/fokus-pa-kundnytta-i-rattvisans-tjanst\/"]}]},{"@type":"ImageObject","inLanguage":"sv-SE","@id":"https:\/\/framtidenskarriar.se\/itdata\/2016\/02\/09\/fokus-pa-kundnytta-i-rattvisans-tjanst\/#primaryimage","url":"https:\/\/framtidenskarriar.se\/itdata\/wp-content\/uploads\/sites\/13\/2016\/02\/domstol-4-1.jpg","contentUrl":"https:\/\/framtidenskarriar.se\/itdata\/wp-content\/uploads\/sites\/13\/2016\/02\/domstol-4-1.jpg","width":1000,"height":620},{"@type":"BreadcrumbList","@id":"https:\/\/framtidenskarriar.se\/itdata\/2016\/02\/09\/fokus-pa-kundnytta-i-rattvisans-tjanst\/#breadcrumb","itemListElement":[{"@type":"ListItem","position":1,"name":"Home","item":"https:\/\/framtidenskarriar.se\/itdata\/"},{"@type":"ListItem","position":2,"name":"Fokus p\u00e5 kundnytta i r\u00e4ttvisans tj\u00e4nst"}]},{"@type":"WebSite","@id":"https:\/\/framtidenskarriar.se\/itdata\/#website","url":"https:\/\/framtidenskarriar.se\/itdata\/","name":"Framtidens karri\u00e4r IT & Data","description":"Just another NMDashboard.se Sites site","potentialAction":[{"@type":"SearchAction","target":{"@type":"EntryPoint","urlTemplate":"https:\/\/framtidenskarriar.se\/itdata\/?s={search_term_string}"},"query-input":{"@type":"PropertyValueSpecification","valueRequired":true,"valueName":"search_term_string"}}],"inLanguage":"sv-SE"},{"@type":"Person","@id":"https:\/\/framtidenskarriar.se\/itdata\/#\/schema\/person\/c8a43eb855191e573b73ecf8987a3b99","name":"stellanstal","image":{"@type":"ImageObject","inLanguage":"sv-SE","@id":"https:\/\/secure.gravatar.com\/avatar\/cd330fa6bb17f598124b2068ee0b189e4fe0987a50af9d53b78410836060d0c9?s=96&d=mm&r=g","url":"https:\/\/secure.gravatar.com\/avatar\/cd330fa6bb17f598124b2068ee0b189e4fe0987a50af9d53b78410836060d0c9?s=96&d=mm&r=g","contentUrl":"https:\/\/secure.gravatar.com\/avatar\/cd330fa6bb17f598124b2068ee0b189e4fe0987a50af9d53b78410836060d0c9?s=96&d=mm&r=g","caption":"stellanstal"},"url":"https:\/\/framtidenskarriar.se\/itdata\/author\/stellanstal\/"}]}},"_links":{"self":[{"href":"https:\/\/framtidenskarriar.se\/itdata\/wp-json\/wp\/v2\/posts\/5002","targetHints":{"allow":["GET"]}}],"collection":[{"href":"https:\/\/framtidenskarriar.se\/itdata\/wp-json\/wp\/v2\/posts"}],"about":[{"href":"https:\/\/framtidenskarriar.se\/itdata\/wp-json\/wp\/v2\/types\/post"}],"author":[{"embeddable":true,"href":"https:\/\/framtidenskarriar.se\/itdata\/wp-json\/wp\/v2\/users\/3"}],"replies":[{"embeddable":true,"href":"https:\/\/framtidenskarriar.se\/itdata\/wp-json\/wp\/v2\/comments?post=5002"}],"version-history":[{"count":0,"href":"https:\/\/framtidenskarriar.se\/itdata\/wp-json\/wp\/v2\/posts\/5002\/revisions"}],"wp:featuredmedia":[{"embeddable":true,"href":"https:\/\/framtidenskarriar.se\/itdata\/wp-json\/wp\/v2\/media\/5254"}],"wp:attachment":[{"href":"https:\/\/framtidenskarriar.se\/itdata\/wp-json\/wp\/v2\/media?parent=5002"}],"wp:term":[{"taxonomy":"category","embeddable":true,"href":"https:\/\/framtidenskarriar.se\/itdata\/wp-json\/wp\/v2\/categories?post=5002"},{"taxonomy":"post_tag","embeddable":true,"href":"https:\/\/framtidenskarriar.se\/itdata\/wp-json\/wp\/v2\/tags?post=5002"}],"curies":[{"name":"wp","href":"https:\/\/api.w.org\/{rel}","templated":true}]}}