{"id":5030,"date":"2016-02-09T23:20:51","date_gmt":"2016-02-09T21:20:51","guid":{"rendered":"http:\/\/framtidenskarriar.se\/itdata\/?p=5030"},"modified":"2016-02-09T23:20:51","modified_gmt":"2016-02-09T21:20:51","slug":"en-spannande-och-viktig-arbetsgivare","status":"publish","type":"post","link":"https:\/\/framtidenskarriar.se\/itdata\/2016\/02\/09\/en-spannande-och-viktig-arbetsgivare\/","title":{"rendered":"En sp\u00e4nnande och viktig arbetsgivare"},"content":{"rendered":"<figure id=\"attachment_5031\" aria-describedby=\"caption-attachment-5031\" style=\"width: 1000px\" class=\"wp-caption alignnone\"><img loading=\"lazy\" decoding=\"async\" class=\"size-full wp-image-5031\" src=\"https:\/\/framtidenskarriar.se\/itdata\/wp-content\/uploads\/sites\/13\/2016\/02\/forsvaret-4.jpg\" alt=\"Hussein Al-Sahaf och Anneli Dahlgren \u00e4r b\u00e5da anst\u00e4llda p\u00e5 F\u00f6rsvarsmaktens Systemf\u00f6rvaltningsenhet (SFE). Foto: Johan Marklund\" width=\"1000\" height=\"627\" srcset=\"https:\/\/framtidenskarriar.se\/itdata\/wp-content\/uploads\/sites\/13\/2016\/02\/forsvaret-4.jpg 1000w, https:\/\/framtidenskarriar.se\/itdata\/wp-content\/uploads\/sites\/13\/2016\/02\/forsvaret-4-300x188.jpg 300w, https:\/\/framtidenskarriar.se\/itdata\/wp-content\/uploads\/sites\/13\/2016\/02\/forsvaret-4-768x482.jpg 768w, https:\/\/framtidenskarriar.se\/itdata\/wp-content\/uploads\/sites\/13\/2016\/02\/forsvaret-4-255x160.jpg 255w, https:\/\/framtidenskarriar.se\/itdata\/wp-content\/uploads\/sites\/13\/2016\/02\/forsvaret-4-526x330.jpg 526w, https:\/\/framtidenskarriar.se\/itdata\/wp-content\/uploads\/sites\/13\/2016\/02\/forsvaret-4-720x451.jpg 720w, https:\/\/framtidenskarriar.se\/itdata\/wp-content\/uploads\/sites\/13\/2016\/02\/forsvaret-4-960x602.jpg 960w\" sizes=\"auto, (max-width: 1000px) 100vw, 1000px\" \/><figcaption id=\"caption-attachment-5031\" class=\"wp-caption-text\">Hussein Al-Sahaf och Anneli Dahlgren \u00e4r b\u00e5da anst\u00e4llda p\u00e5 F\u00f6rsvarsmaktens Systemf\u00f6rvaltningsenhet (SFE). Foto: Johan Marklund<\/figcaption><\/figure>\n<p><strong>Stolthet \u00f6ver arbetsgivaren och dess mission och en \u00f6nskan att f\u00e5 vidareutbilda sig i jobbet. Det \u00e4r tv\u00e5 gemensamma n\u00e4mnare som fick Anneli Dahlberg och Hussein Al-Sahaf att s\u00f6ka anst\u00e4llning hos F\u00f6rsvarsmakten.<\/strong><\/p>\n<p>F\u00f6rsvarsmaktens Systemf\u00f6rvaltningsenhet (SFE) syssels\u00e4tter idag \u00f6ver 200 medarbetare lokaliserade till Stockholm, Arboga och Boden. I uppdraget ing\u00e5r f\u00f6rvaltning av masterdata, SAP med tillh\u00f6rande system samt \u00f6vriga system inom HR, ekonomi, logistik, information och teknik.<br \/>\nAnneli Dahlgren jobbar i Systemf\u00f6rvaltningsenhetens teknikteam och ansvarar f\u00f6r portalen som utg\u00f6r interfacet till alla anv\u00e4ndare inom F\u00f6rsvarsmakten.<br \/>\n\u2013 Jag b\u00f6rjade p\u00e5 F\u00f6rsvarsmakten i mars 2015. Under hela PRIO-projektet \u2013 F\u00f6rsvarsmaktens stora effektiviseringssatsning med hj\u00e4lp av it \u2013 har jag jobbat som konsult fr\u00e5n IBM. Jag hade varit konsult i m\u00e5nga \u00e5r och trivdes v\u00e4ldigt bra med F\u00f6rsvarsmakten och alla arbetskamrater jag hunnit f\u00e5, vilket fick mig att s\u00f6ka, ber\u00e4ttar Anneli och till\u00e4gger:<br \/>\n\u2013 Jag tycker att F\u00f6rsvarsmakten \u00e4r en v\u00e4ldigt sp\u00e4nnande och viktig organisation och k\u00e4nner mig stolt d\u00e5 jag ber\u00e4ttar f\u00f6r andra var jag jobbar.<\/p>\n<p><strong>Ville in p\u00e5 tekniksp\u00e5ret<\/strong><br \/>\nHussein Al-Sahaf b\u00f6rjade hos F\u00f6rsvarsmakten i augusti 2015 efter att ha svarat p\u00e5 en jobbannons.<br \/>\n\u2013 Jag pluggade tre \u00e5r p\u00e5 KTH d\u00e4r jag l\u00e4ste aff\u00e4rssystem p\u00e5 systemvetarlinjen. N\u00e4r jag var klar med utbildningen 2013 b\u00f6rjade jag jobba med support p\u00e5 ett f\u00f6retag som arbetar med aff\u00e4rssystem. Sedan gick jag \u00f6ver till att bli key account manager och k\u00e4nde d\u00e5 att f\u00f6rs\u00e4ljning inte var det jag fr\u00e4mst ville h\u00e5lla p\u00e5 med. Jag ville in p\u00e5 tekniksp\u00e5ret och b\u00f6rjade titta p\u00e5 jobbannonser.<br \/>\n\u2013 F\u00f6rsvarsmaktens annons var faktiskt den enda jag svarade p\u00e5. F\u00f6r min egen del och \u00e4ven i min umg\u00e4ngeskrets \u00e4r det h\u00f6g status att f\u00e5 jobba inom F\u00f6rsvarsmakten och bidra till att f\u00f6rsvara landet.<\/p>\n<p><strong>L\u00e4tt att f\u00e5 vidareutbildning<\/strong><br \/>\nB\u00e5de Anneli och Hussein ser stora utvecklingsm\u00f6jligheter hos sin nuvarande arbetsgivare.<br \/>\n\u2013 Bland de b\u00e4ttre sakerna \u00e4r att du f\u00e5r g\u00e5 kurser och utbildningar. Efter att jag varit h\u00e4r i tre m\u00e5nader hade jag redan f\u00e5tt en ITIL-certifiering, ber\u00e4ttar Hussein.<br \/>\n\u2013 Jag har inte jobbat h\u00e4r s\u00e5 l\u00e5ng tid, men jag har hunnit g\u00e5 p\u00e5 mer kurser h\u00e4r \u00e4n vad jag gjorde under flera \u00e5r hos min f\u00f6rra arbetsgivare. Beh\u00f6ver du en kurs eller en utbildning s\u00e5 g\u00e5r det fort, bekr\u00e4ftar Anneli.<\/p>\n<hr \/>\n<h1>Bred palett av befattningar inom it och data<\/h1>\n<p>&nbsp;<\/p>\n<figure id=\"attachment_5032\" aria-describedby=\"caption-attachment-5032\" style=\"width: 250px\" class=\"wp-caption alignright\"><img loading=\"lazy\" decoding=\"async\" class=\"size-medium wp-image-5032\" src=\"https:\/\/framtidenskarriar.se\/itdata\/wp-content\/uploads\/sites\/13\/2016\/02\/forsvaret-img-0382-250x327.jpg\" alt=\"\u00d6verste H\u00e5kan Petersson, st\u00e4llf\u00f6retr\u00e4dande chef f\u00f6r F\u00f6rsvarsmaktens telekommunikations- och informationssystemf\u00f6rband.\" width=\"250\" height=\"327\" \/><figcaption id=\"caption-attachment-5032\" class=\"wp-caption-text\">\u00d6verste H\u00e5kan Petersson, st\u00e4llf\u00f6retr\u00e4dande chef f\u00f6r F\u00f6rsvarsmaktens telekommunikations- och informationssystemf\u00f6rband.<\/figcaption><\/figure>\n<p><strong>Det finns flera viktiga orsaker till att it- och dataingenj\u00f6rer s\u00f6ker sig till F\u00f6rsvarsmakten. Kompetensutveckling och karri\u00e4rm\u00f6jligheter \u00e4r tv\u00e5 av dem, s\u00e4ger \u00f6verste H\u00e5kan Petersson, st\u00e4llf\u00f6retr\u00e4dande chef f\u00f6r F\u00f6rsvarsmaktens telekommunikations- och informationssystemf\u00f6rband, FMTIS.<\/strong><\/p>\n<p>\u2013 Jag tror att de flesta som arbetar f\u00f6r oss uppskattar det tydliga ledarskapet. Jag tror ocks\u00e5 att m\u00e5nga \u00e4r positivt \u00f6verraskade \u00f6ver hur mycket vi kompetensutvecklar v\u00e5r personal inhouse. M\u00e5nga k\u00e4nner ocks\u00e5 att de vill g\u00f6ra skillnad genom att jobba f\u00f6r en verksamhet som betyder n\u00e5gonting, i v\u00e5rt fall att skydda v\u00e5rt land, s\u00e4ger H\u00e5kan Petersson.<br \/>\nS\u00e4kerhetsfr\u00e5gorna \u00e4r i st\u00e4ndigt fokus. Verksamhetens art inneb\u00e4r ocks\u00e5 arbete med stora system och avancerade till\u00e4mpningar inom it och data. Rekryteringsbehovet sp\u00e4nner \u00f6ver hela bredden, framh\u00e5ller H\u00e5kan Petersson.<br \/>\n\u2013 Vi beh\u00f6ver b\u00e5de driftstekniker som kan systemen och personer som sysslar med utvecklingsfr\u00e5gor.<\/p>\n<p><strong>Goda m\u00f6jligheter f\u00f6r alla<\/strong><br \/>\nMed den breda paletten av befattningar kan F\u00f6rsvarsmakten erbjuda goda karri\u00e4r- och utvecklingsm\u00f6jligheter inom it- och dataomr\u00e5det.<br \/>\n\u2013 En del ser en karri\u00e4r i att jobba i stab och andra ser en karri\u00e4r i att utvecklas inom sitt omr\u00e5de. Oavsett vilket fokus du har s\u00e5 finns det v\u00e4ldigt goda m\u00f6jligheter. \u00c4nnu mer idag eftersom den f\u00f6r\u00e4ndrade s\u00e4kerhetssituationen i omv\u00e4rlden har satt st\u00f6rre tydlighet p\u00e5 kraven p\u00e5 robusthet i it-st\u00f6det.<br \/>\nDet finns ocks\u00e5 m\u00f6jligheter att jobba internationellt, p\u00e5pekar H\u00e5kan Petersson.<br \/>\n\u2013 Var helst en svensk soldat eller sj\u00f6man befinner sig i v\u00e4rlden s\u00e5 \u00e4r vi d\u00e4r och st\u00f6djer dem med sambandssystem och datorsystem.<\/p>\n<p><strong>Stabil och \u00f6ppen som person<\/strong><br \/>\nAlla befattningar inom F\u00f6rsvarsmakten har n\u00e5gon form av s\u00e4kerhetsklassning, d\u00e4rf\u00f6r st\u00e4lls alltid kravet p\u00e5 den som s\u00f6ker anst\u00e4llning att han eller hon \u00e4r svensk medborgare. Kravbilden innefattar ocks\u00e5 att du \u00e4r psykiskt och fysiskt stabil som individ.<br \/>\n\u2013 Eftersom du ska kunna verka i en orolig milj\u00f6, i v\u00e4rsta fall i krig, m\u00e5ste stabiliteten finnas d\u00e4r. Du ska ocks\u00e5 vara \u00f6ppen och v\u00e5ga pr\u00f6va nya saker. Jobbet inneb\u00e4r ofta samarbete med andra, \u00e4ven utanf\u00f6r f\u00f6rbandet, s\u00e5 det \u00e4r en stor f\u00f6rdel om du \u00e4r en ut\u00e5triktad och social person. Ser vi p\u00e5 den erfarenhetsm\u00e4ssiga bakgrunden s\u00e5 s\u00f6ker vi fr\u00e4mst m\u00e4nniskor med teknisk bakgrund, i SFE:s fall g\u00e4rna en h\u00f6gskolebakgrund med n\u00e5gon form av datavetenskaplig utbildning, po\u00e4ngterar H\u00e5kan Petersson.<\/p>\n<div class=\"faktaruta-title\">F\u00f6rsvarsmaktens systemf\u00f6rvaltningsenhet<\/div><div class=\"faktaruta\">F\u00f6rsvarsmakten \u00e4r en av Sveriges st\u00f6rsta myndigheter med mer \u00e4n 50\u00a0000 medarbetare och frivilliga. Uppdraget \u00e4r att vara st\u00e4ndigt beredd att h\u00e4vda Sveriges territorium, genomf\u00f6ra internationella insatser samt st\u00f6dja samh\u00e4llet vid st\u00f6rre kriser.<br \/>\nF\u00f6rsvarsmaktens telekommunikations- och informationssystemf\u00f6rband (FMTIS) \u00e4r ett f\u00f6rsvarsmaktsgemensamt f\u00f6rband som verkat sedan 1 januari 2016. F\u00f6rbandet har ett samlat ansvar f\u00f6r drift, underh\u00e5ll och f\u00f6rvaltning av alla ledningsst\u00f6dsystem i F\u00f6rsvarsmakten. FMTIS \u00e4r F\u00f6rsvarsmaktens st\u00f6rsta f\u00f6rband med mer \u00e4n 1\u00a0400 medarbetare spridda p\u00e5 drygt 30 orter.<br \/>\nI FMTIS ing\u00e5r Systemf\u00f6rvaltningsenheten (SFE) som \u00e4r F\u00f6rsvarsmaktens enhet f\u00f6r f\u00f6rvaltning av it-system och masterdata. SFE syssels\u00e4tter idag \u00f6ver 200 medarbetare lokaliserade till Stockholm, Arboga och Boden.<\/p>\n<p>F\u00f6rsvarsmaktens systemf\u00f6rvaltningsenhet<br \/>\n\u00d6sthammarsgatan 68<br \/>\n115 28 Stockholm<br \/>\nTel: 08-788 75 00<br \/>\n<strong><a href=\"http:\/\/www.forsvarsmakten.se\" target=\"_blank\" rel=\"noopener noreferrer\">www.forsvarsmakten.se<\/a><\/strong><br \/>\n<a href=\"http:\/\/www.forsvarsmakten.se\" target=\"_blank\" rel=\"attachment wp-att-4990 noopener noreferrer\"><img loading=\"lazy\" decoding=\"async\" class=\"alignnone size-medium wp-image-4990\" src=\"https:\/\/framtidenskarriar.se\/itdata\/wp-content\/uploads\/sites\/13\/2016\/02\/forsvaret-cmyk-text-250x78.png\" alt=\"www.forsvarsmakten.se\" width=\"250\" height=\"78\" \/><\/a><\/div>\n","protected":false},"excerpt":{"rendered":"<p>Stolthet \u00f6ver arbetsgivaren och dess mission och en \u00f6nskan att f\u00e5 vidareutbilda sig i jobbet&#8230;.<\/p>\n","protected":false},"author":3,"featured_media":5238,"comment_status":"closed","ping_status":"open","sticky":false,"template":"","format":"standard","meta":{"_acf_changed":false,"_monsterinsights_skip_tracking":false,"_monsterinsights_sitenote_active":false,"_monsterinsights_sitenote_note":"","_monsterinsights_sitenote_category":0,"footnotes":""},"categories":[1],"tags":[],"class_list":["post-5030","post","type-post","status-publish","format-standard","has-post-thumbnail","hentry","category-artikel"],"acf":[],"yoast_head":"<!-- This site is optimized with the Yoast SEO plugin v27.3 - https:\/\/yoast.com\/product\/yoast-seo-wordpress\/ -->\n<title>En sp\u00e4nnande och viktig arbetsgivare - Framtidens karri\u00e4r IT &amp; Data<\/title>\n<meta name=\"robots\" content=\"index, follow, max-snippet:-1, max-image-preview:large, max-video-preview:-1\" \/>\n<link rel=\"canonical\" href=\"https:\/\/framtidenskarriar.se\/itdata\/2016\/02\/09\/en-spannande-och-viktig-arbetsgivare\/\" \/>\n<meta property=\"og:locale\" content=\"sv_SE\" \/>\n<meta property=\"og:type\" content=\"article\" \/>\n<meta property=\"og:title\" content=\"En sp\u00e4nnande och viktig arbetsgivare - Framtidens karri\u00e4r IT &amp; Data\" \/>\n<meta property=\"og:description\" content=\"Stolthet \u00f6ver arbetsgivaren och dess mission och en \u00f6nskan att f\u00e5 vidareutbilda sig i jobbet....\" \/>\n<meta property=\"og:url\" content=\"https:\/\/framtidenskarriar.se\/itdata\/2016\/02\/09\/en-spannande-och-viktig-arbetsgivare\/\" \/>\n<meta property=\"og:site_name\" content=\"Framtidens karri\u00e4r IT &amp; Data\" \/>\n<meta property=\"article:published_time\" content=\"2016-02-09T21:20:51+00:00\" \/>\n<meta property=\"og:image\" content=\"https:\/\/framtidenskarriar.se\/itdata\/wp-content\/uploads\/sites\/13\/2016\/02\/forsvaret-4-1.jpg\" \/>\n\t<meta property=\"og:image:width\" content=\"1000\" \/>\n\t<meta property=\"og:image:height\" content=\"627\" \/>\n\t<meta property=\"og:image:type\" content=\"image\/jpeg\" \/>\n<meta name=\"author\" content=\"stellanstal\" \/>\n<meta name=\"twitter:card\" content=\"summary_large_image\" \/>\n<meta name=\"twitter:label1\" content=\"Skriven av\" \/>\n\t<meta name=\"twitter:data1\" content=\"stellanstal\" \/>\n\t<meta name=\"twitter:label2\" content=\"Ber\u00e4knad l\u00e4stid\" \/>\n\t<meta name=\"twitter:data2\" content=\"5 minuter\" \/>\n<script type=\"application\/ld+json\" class=\"yoast-schema-graph\">{\"@context\":\"https:\\\/\\\/schema.org\",\"@graph\":[{\"@type\":\"Article\",\"@id\":\"https:\\\/\\\/framtidenskarriar.se\\\/itdata\\\/2016\\\/02\\\/09\\\/en-spannande-och-viktig-arbetsgivare\\\/#article\",\"isPartOf\":{\"@id\":\"https:\\\/\\\/framtidenskarriar.se\\\/itdata\\\/2016\\\/02\\\/09\\\/en-spannande-och-viktig-arbetsgivare\\\/\"},\"author\":{\"name\":\"stellanstal\",\"@id\":\"https:\\\/\\\/framtidenskarriar.se\\\/itdata\\\/#\\\/schema\\\/person\\\/c8a43eb855191e573b73ecf8987a3b99\"},\"headline\":\"En sp\u00e4nnande och viktig arbetsgivare\",\"datePublished\":\"2016-02-09T21:20:51+00:00\",\"mainEntityOfPage\":{\"@id\":\"https:\\\/\\\/framtidenskarriar.se\\\/itdata\\\/2016\\\/02\\\/09\\\/en-spannande-och-viktig-arbetsgivare\\\/\"},\"wordCount\":1080,\"image\":{\"@id\":\"https:\\\/\\\/framtidenskarriar.se\\\/itdata\\\/2016\\\/02\\\/09\\\/en-spannande-och-viktig-arbetsgivare\\\/#primaryimage\"},\"thumbnailUrl\":\"https:\\\/\\\/framtidenskarriar.se\\\/itdata\\\/wp-content\\\/uploads\\\/sites\\\/13\\\/2016\\\/02\\\/forsvaret-4-1.jpg\",\"articleSection\":[\"Artikel\"],\"inLanguage\":\"sv-SE\"},{\"@type\":\"WebPage\",\"@id\":\"https:\\\/\\\/framtidenskarriar.se\\\/itdata\\\/2016\\\/02\\\/09\\\/en-spannande-och-viktig-arbetsgivare\\\/\",\"url\":\"https:\\\/\\\/framtidenskarriar.se\\\/itdata\\\/2016\\\/02\\\/09\\\/en-spannande-och-viktig-arbetsgivare\\\/\",\"name\":\"En sp\u00e4nnande och viktig arbetsgivare - Framtidens karri\u00e4r IT & Data\",\"isPartOf\":{\"@id\":\"https:\\\/\\\/framtidenskarriar.se\\\/itdata\\\/#website\"},\"primaryImageOfPage\":{\"@id\":\"https:\\\/\\\/framtidenskarriar.se\\\/itdata\\\/2016\\\/02\\\/09\\\/en-spannande-och-viktig-arbetsgivare\\\/#primaryimage\"},\"image\":{\"@id\":\"https:\\\/\\\/framtidenskarriar.se\\\/itdata\\\/2016\\\/02\\\/09\\\/en-spannande-och-viktig-arbetsgivare\\\/#primaryimage\"},\"thumbnailUrl\":\"https:\\\/\\\/framtidenskarriar.se\\\/itdata\\\/wp-content\\\/uploads\\\/sites\\\/13\\\/2016\\\/02\\\/forsvaret-4-1.jpg\",\"datePublished\":\"2016-02-09T21:20:51+00:00\",\"author\":{\"@id\":\"https:\\\/\\\/framtidenskarriar.se\\\/itdata\\\/#\\\/schema\\\/person\\\/c8a43eb855191e573b73ecf8987a3b99\"},\"breadcrumb\":{\"@id\":\"https:\\\/\\\/framtidenskarriar.se\\\/itdata\\\/2016\\\/02\\\/09\\\/en-spannande-och-viktig-arbetsgivare\\\/#breadcrumb\"},\"inLanguage\":\"sv-SE\",\"potentialAction\":[{\"@type\":\"ReadAction\",\"target\":[\"https:\\\/\\\/framtidenskarriar.se\\\/itdata\\\/2016\\\/02\\\/09\\\/en-spannande-och-viktig-arbetsgivare\\\/\"]}]},{\"@type\":\"ImageObject\",\"inLanguage\":\"sv-SE\",\"@id\":\"https:\\\/\\\/framtidenskarriar.se\\\/itdata\\\/2016\\\/02\\\/09\\\/en-spannande-och-viktig-arbetsgivare\\\/#primaryimage\",\"url\":\"https:\\\/\\\/framtidenskarriar.se\\\/itdata\\\/wp-content\\\/uploads\\\/sites\\\/13\\\/2016\\\/02\\\/forsvaret-4-1.jpg\",\"contentUrl\":\"https:\\\/\\\/framtidenskarriar.se\\\/itdata\\\/wp-content\\\/uploads\\\/sites\\\/13\\\/2016\\\/02\\\/forsvaret-4-1.jpg\",\"width\":1000,\"height\":627,\"caption\":\"F\u00f6rsvaret\"},{\"@type\":\"BreadcrumbList\",\"@id\":\"https:\\\/\\\/framtidenskarriar.se\\\/itdata\\\/2016\\\/02\\\/09\\\/en-spannande-och-viktig-arbetsgivare\\\/#breadcrumb\",\"itemListElement\":[{\"@type\":\"ListItem\",\"position\":1,\"name\":\"Home\",\"item\":\"https:\\\/\\\/framtidenskarriar.se\\\/itdata\\\/\"},{\"@type\":\"ListItem\",\"position\":2,\"name\":\"En sp\u00e4nnande och viktig arbetsgivare\"}]},{\"@type\":\"WebSite\",\"@id\":\"https:\\\/\\\/framtidenskarriar.se\\\/itdata\\\/#website\",\"url\":\"https:\\\/\\\/framtidenskarriar.se\\\/itdata\\\/\",\"name\":\"Framtidens karri\u00e4r IT & Data\",\"description\":\"Just another NMDashboard.se Sites site\",\"potentialAction\":[{\"@type\":\"SearchAction\",\"target\":{\"@type\":\"EntryPoint\",\"urlTemplate\":\"https:\\\/\\\/framtidenskarriar.se\\\/itdata\\\/?s={search_term_string}\"},\"query-input\":{\"@type\":\"PropertyValueSpecification\",\"valueRequired\":true,\"valueName\":\"search_term_string\"}}],\"inLanguage\":\"sv-SE\"},{\"@type\":\"Person\",\"@id\":\"https:\\\/\\\/framtidenskarriar.se\\\/itdata\\\/#\\\/schema\\\/person\\\/c8a43eb855191e573b73ecf8987a3b99\",\"name\":\"stellanstal\",\"image\":{\"@type\":\"ImageObject\",\"inLanguage\":\"sv-SE\",\"@id\":\"https:\\\/\\\/secure.gravatar.com\\\/avatar\\\/cd330fa6bb17f598124b2068ee0b189e4fe0987a50af9d53b78410836060d0c9?s=96&d=mm&r=g\",\"url\":\"https:\\\/\\\/secure.gravatar.com\\\/avatar\\\/cd330fa6bb17f598124b2068ee0b189e4fe0987a50af9d53b78410836060d0c9?s=96&d=mm&r=g\",\"contentUrl\":\"https:\\\/\\\/secure.gravatar.com\\\/avatar\\\/cd330fa6bb17f598124b2068ee0b189e4fe0987a50af9d53b78410836060d0c9?s=96&d=mm&r=g\",\"caption\":\"stellanstal\"},\"url\":\"https:\\\/\\\/framtidenskarriar.se\\\/itdata\\\/author\\\/stellanstal\\\/\"}]}<\/script>\n<!-- \/ Yoast SEO plugin. -->","yoast_head_json":{"title":"En sp\u00e4nnande och viktig arbetsgivare - Framtidens karri\u00e4r IT & Data","robots":{"index":"index","follow":"follow","max-snippet":"max-snippet:-1","max-image-preview":"max-image-preview:large","max-video-preview":"max-video-preview:-1"},"canonical":"https:\/\/framtidenskarriar.se\/itdata\/2016\/02\/09\/en-spannande-och-viktig-arbetsgivare\/","og_locale":"sv_SE","og_type":"article","og_title":"En sp\u00e4nnande och viktig arbetsgivare - Framtidens karri\u00e4r IT & Data","og_description":"Stolthet \u00f6ver arbetsgivaren och dess mission och en \u00f6nskan att f\u00e5 vidareutbilda sig i jobbet....","og_url":"https:\/\/framtidenskarriar.se\/itdata\/2016\/02\/09\/en-spannande-och-viktig-arbetsgivare\/","og_site_name":"Framtidens karri\u00e4r IT & Data","article_published_time":"2016-02-09T21:20:51+00:00","og_image":[{"width":1000,"height":627,"url":"https:\/\/framtidenskarriar.se\/itdata\/wp-content\/uploads\/sites\/13\/2016\/02\/forsvaret-4-1.jpg","type":"image\/jpeg"}],"author":"stellanstal","twitter_card":"summary_large_image","twitter_misc":{"Skriven av":"stellanstal","Ber\u00e4knad l\u00e4stid":"5 minuter"},"schema":{"@context":"https:\/\/schema.org","@graph":[{"@type":"Article","@id":"https:\/\/framtidenskarriar.se\/itdata\/2016\/02\/09\/en-spannande-och-viktig-arbetsgivare\/#article","isPartOf":{"@id":"https:\/\/framtidenskarriar.se\/itdata\/2016\/02\/09\/en-spannande-och-viktig-arbetsgivare\/"},"author":{"name":"stellanstal","@id":"https:\/\/framtidenskarriar.se\/itdata\/#\/schema\/person\/c8a43eb855191e573b73ecf8987a3b99"},"headline":"En sp\u00e4nnande och viktig arbetsgivare","datePublished":"2016-02-09T21:20:51+00:00","mainEntityOfPage":{"@id":"https:\/\/framtidenskarriar.se\/itdata\/2016\/02\/09\/en-spannande-och-viktig-arbetsgivare\/"},"wordCount":1080,"image":{"@id":"https:\/\/framtidenskarriar.se\/itdata\/2016\/02\/09\/en-spannande-och-viktig-arbetsgivare\/#primaryimage"},"thumbnailUrl":"https:\/\/framtidenskarriar.se\/itdata\/wp-content\/uploads\/sites\/13\/2016\/02\/forsvaret-4-1.jpg","articleSection":["Artikel"],"inLanguage":"sv-SE"},{"@type":"WebPage","@id":"https:\/\/framtidenskarriar.se\/itdata\/2016\/02\/09\/en-spannande-och-viktig-arbetsgivare\/","url":"https:\/\/framtidenskarriar.se\/itdata\/2016\/02\/09\/en-spannande-och-viktig-arbetsgivare\/","name":"En sp\u00e4nnande och viktig arbetsgivare - Framtidens karri\u00e4r IT & Data","isPartOf":{"@id":"https:\/\/framtidenskarriar.se\/itdata\/#website"},"primaryImageOfPage":{"@id":"https:\/\/framtidenskarriar.se\/itdata\/2016\/02\/09\/en-spannande-och-viktig-arbetsgivare\/#primaryimage"},"image":{"@id":"https:\/\/framtidenskarriar.se\/itdata\/2016\/02\/09\/en-spannande-och-viktig-arbetsgivare\/#primaryimage"},"thumbnailUrl":"https:\/\/framtidenskarriar.se\/itdata\/wp-content\/uploads\/sites\/13\/2016\/02\/forsvaret-4-1.jpg","datePublished":"2016-02-09T21:20:51+00:00","author":{"@id":"https:\/\/framtidenskarriar.se\/itdata\/#\/schema\/person\/c8a43eb855191e573b73ecf8987a3b99"},"breadcrumb":{"@id":"https:\/\/framtidenskarriar.se\/itdata\/2016\/02\/09\/en-spannande-och-viktig-arbetsgivare\/#breadcrumb"},"inLanguage":"sv-SE","potentialAction":[{"@type":"ReadAction","target":["https:\/\/framtidenskarriar.se\/itdata\/2016\/02\/09\/en-spannande-och-viktig-arbetsgivare\/"]}]},{"@type":"ImageObject","inLanguage":"sv-SE","@id":"https:\/\/framtidenskarriar.se\/itdata\/2016\/02\/09\/en-spannande-och-viktig-arbetsgivare\/#primaryimage","url":"https:\/\/framtidenskarriar.se\/itdata\/wp-content\/uploads\/sites\/13\/2016\/02\/forsvaret-4-1.jpg","contentUrl":"https:\/\/framtidenskarriar.se\/itdata\/wp-content\/uploads\/sites\/13\/2016\/02\/forsvaret-4-1.jpg","width":1000,"height":627,"caption":"F\u00f6rsvaret"},{"@type":"BreadcrumbList","@id":"https:\/\/framtidenskarriar.se\/itdata\/2016\/02\/09\/en-spannande-och-viktig-arbetsgivare\/#breadcrumb","itemListElement":[{"@type":"ListItem","position":1,"name":"Home","item":"https:\/\/framtidenskarriar.se\/itdata\/"},{"@type":"ListItem","position":2,"name":"En sp\u00e4nnande och viktig arbetsgivare"}]},{"@type":"WebSite","@id":"https:\/\/framtidenskarriar.se\/itdata\/#website","url":"https:\/\/framtidenskarriar.se\/itdata\/","name":"Framtidens karri\u00e4r IT & Data","description":"Just another NMDashboard.se Sites site","potentialAction":[{"@type":"SearchAction","target":{"@type":"EntryPoint","urlTemplate":"https:\/\/framtidenskarriar.se\/itdata\/?s={search_term_string}"},"query-input":{"@type":"PropertyValueSpecification","valueRequired":true,"valueName":"search_term_string"}}],"inLanguage":"sv-SE"},{"@type":"Person","@id":"https:\/\/framtidenskarriar.se\/itdata\/#\/schema\/person\/c8a43eb855191e573b73ecf8987a3b99","name":"stellanstal","image":{"@type":"ImageObject","inLanguage":"sv-SE","@id":"https:\/\/secure.gravatar.com\/avatar\/cd330fa6bb17f598124b2068ee0b189e4fe0987a50af9d53b78410836060d0c9?s=96&d=mm&r=g","url":"https:\/\/secure.gravatar.com\/avatar\/cd330fa6bb17f598124b2068ee0b189e4fe0987a50af9d53b78410836060d0c9?s=96&d=mm&r=g","contentUrl":"https:\/\/secure.gravatar.com\/avatar\/cd330fa6bb17f598124b2068ee0b189e4fe0987a50af9d53b78410836060d0c9?s=96&d=mm&r=g","caption":"stellanstal"},"url":"https:\/\/framtidenskarriar.se\/itdata\/author\/stellanstal\/"}]}},"_links":{"self":[{"href":"https:\/\/framtidenskarriar.se\/itdata\/wp-json\/wp\/v2\/posts\/5030","targetHints":{"allow":["GET"]}}],"collection":[{"href":"https:\/\/framtidenskarriar.se\/itdata\/wp-json\/wp\/v2\/posts"}],"about":[{"href":"https:\/\/framtidenskarriar.se\/itdata\/wp-json\/wp\/v2\/types\/post"}],"author":[{"embeddable":true,"href":"https:\/\/framtidenskarriar.se\/itdata\/wp-json\/wp\/v2\/users\/3"}],"replies":[{"embeddable":true,"href":"https:\/\/framtidenskarriar.se\/itdata\/wp-json\/wp\/v2\/comments?post=5030"}],"version-history":[{"count":0,"href":"https:\/\/framtidenskarriar.se\/itdata\/wp-json\/wp\/v2\/posts\/5030\/revisions"}],"wp:featuredmedia":[{"embeddable":true,"href":"https:\/\/framtidenskarriar.se\/itdata\/wp-json\/wp\/v2\/media\/5238"}],"wp:attachment":[{"href":"https:\/\/framtidenskarriar.se\/itdata\/wp-json\/wp\/v2\/media?parent=5030"}],"wp:term":[{"taxonomy":"category","embeddable":true,"href":"https:\/\/framtidenskarriar.se\/itdata\/wp-json\/wp\/v2\/categories?post=5030"},{"taxonomy":"post_tag","embeddable":true,"href":"https:\/\/framtidenskarriar.se\/itdata\/wp-json\/wp\/v2\/tags?post=5030"}],"curies":[{"name":"wp","href":"https:\/\/api.w.org\/{rel}","templated":true}]}}