{"id":5052,"date":"2016-02-09T22:10:01","date_gmt":"2016-02-09T20:10:01","guid":{"rendered":"http:\/\/framtidenskarriar.se\/itdata\/?p=5052"},"modified":"2016-02-09T22:10:01","modified_gmt":"2016-02-09T20:10:01","slug":"it-revolutionen-andrar-forutsattningarna-for-industriell-it","status":"publish","type":"post","link":"https:\/\/framtidenskarriar.se\/itdata\/2016\/02\/09\/it-revolutionen-andrar-forutsattningarna-for-industriell-it\/","title":{"rendered":"It-revolutionen \u00e4ndrar f\u00f6ruts\u00e4ttningarna f\u00f6r industriell it"},"content":{"rendered":"<figure id=\"attachment_5056\" aria-describedby=\"caption-attachment-5056\" style=\"width: 250px\" class=\"wp-caption alignright\"><img loading=\"lazy\" decoding=\"async\" class=\"size-medium wp-image-5056\" src=\"https:\/\/framtidenskarriar.se\/itdata\/wp-content\/uploads\/sites\/13\/2016\/02\/imagevarde-jason-hoffman-250x375.jpg\" alt=\"Jason Hoffman, global teknikchef f\u00f6r Ericssons molnverksamhet.\" width=\"250\" height=\"375\" \/><figcaption id=\"caption-attachment-5056\" class=\"wp-caption-text\">Jason Hoffman, global teknikchef f\u00f6r Ericssons molnverksamhet.<\/figcaption><\/figure>\n<p><strong>Ericsson, Scania, Saab och Volvo Cars toppar listan \u00f6ver de mest v\u00e4lk\u00e4nda industrif\u00f6retagen bland dataingenj\u00f6rerna och systemvetarna. Var de helst vill arbeta toppas klart av Ericsson med 64 procent, f\u00f6ljt av Volvo Cars med 49 procent. Det visar den unders\u00f6kning som Framtidens Karri\u00e4r \u2013 It &amp; Data nyligen genomf\u00f6rt.<\/strong><\/p>\n<p>I unders\u00f6kningen fick deltagarna \u00e4ven ange vilka industrif\u00f6retag de k\u00e4nner till v\u00e4l. 82 procent har god k\u00e4nnedom om Ericsson, 68 procent om Scania, 66 procent om Saab och 65 procent om Volvo Cars. 46 procent k\u00e4nner till Swedish Match, men endast 12 procent kan t\u00e4nka sig att arbeta d\u00e4r.<br \/>\n\u2013 Vi \u00e4r sj\u00e4lvklart glada \u00f6ver att rankas h\u00f6gst, b\u00e5de vad g\u00e4ller k\u00e4nnedom och preferens. Det faktum att vi \u00e4r ett globalt bolag i teknikutvecklingens framkant med kontor i 140 l\u00e4nder och g\u00f6r aff\u00e4rer i \u00f6ver 180 l\u00e4nder \u00e4r en f\u00f6rklaring till Ericssons fina placering i unders\u00f6kningen. Samtidigt befinner sig b\u00e5de vi och \u00f6vriga delar av n\u00e4ringslivet mitt i en teknikrevolution som p\u00e5verkar allt fr\u00e5n teknikutveckling till marknadsf\u00f6ringsstrategier och karri\u00e4rm\u00f6jligheter, s\u00e4ger Jason Hoffman, global teknikchef f\u00f6r Ericssons molnverksamhet.<\/p>\n<p><strong>En ny generation it-bolag<\/strong><br \/>\nUtvecklingen tog sin b\u00f6rjan f\u00f6r drygt femton \u00e5r sedan n\u00e4r f\u00f6retag vars aff\u00e4rsid\u00e9 baseras p\u00e5 kostnadsfria tj\u00e4nster, d\u00e4ribland Google och Facebook, grundades. Den innovativa aff\u00e4rsmodellen st\u00e4llde nya krav p\u00e5 kostnadseffektiv teknikutveckling, vilket innebar att it-avdelningar p\u00e5 den nya generationens it-f\u00f6retag utvecklades fr\u00e5n att vara en kostnadspost till att ist\u00e4llet bli int\u00e4ktsgenererande verksamheter. Trenden smittade s\u00e5 sm\u00e5ningom av sig \u00e4ven p\u00e5 andra delar av n\u00e4ringslivet, inklusive industrif\u00f6retag.<br \/>\n\u2013 It-avdelningar som tidigare var siloorienterade g\u00f6rs i \u00f6kad omfattning om till horisontella och int\u00e4ktsdrivande enheter, \u00e4ven p\u00e5 traditionella industrif\u00f6retag. Det p\u00e5verkar it-specialister eftersom det numera kr\u00e4ver att de b\u00e5de \u00e4r specialister och dessutom har f\u00f6rst\u00e5else f\u00f6r hela verksamheten, s\u00e4ger Jason Hoffman.<\/p>\n<div class=\"faktaruta2-title\">Fakta Jason Hoffman:<\/div><div class=\"faktaruta2\"><strong>Jason Hoffman<\/strong> har bland annat ansvarat f\u00f6r produktutveckling, arkitektur och ingenj\u00f6rsutveckling p\u00e5 Ericsson. Han har \u00e4ven varit produktchef inom Ericssons molnverksamhet.<br \/>\n<strong>Tidigare har han grundat<\/strong> it-bolaget Joyent, d\u00e4r han var verksam i drygt tio \u00e5r. Jason Hoffman anses vara en av v\u00e4rldens ledande pionj\u00e4rer inom storskaliga molntj\u00e4nster. Han \u00e4r ocks\u00e5 verksam som aff\u00e4rs\u00e4ngel och strategir\u00e5dgivare. <\/div>\n<div class=\"faktaruta2-title\">Vilka industrif\u00f6retag k\u00e4nner du till v\u00e4l?<\/div><div class=\"faktaruta2\">Vilka av f\u00f6ljande industrif\u00f6retag k\u00e4nner du till v\u00e4l?<\/p>\n<p><img loading=\"lazy\" decoding=\"async\" class=\"alignnone size-full wp-image-5054\" src=\"https:\/\/framtidenskarriar.se\/itdata\/wp-content\/uploads\/sites\/13\/2016\/02\/imagevarde-industri-graf-1.png\" alt=\"imagevarde_industri_graf_1\" width=\"1234\" height=\"979\" srcset=\"https:\/\/framtidenskarriar.se\/itdata\/wp-content\/uploads\/sites\/13\/2016\/02\/imagevarde-industri-graf-1.png 1234w, https:\/\/framtidenskarriar.se\/itdata\/wp-content\/uploads\/sites\/13\/2016\/02\/imagevarde-industri-graf-1-300x238.png 300w, https:\/\/framtidenskarriar.se\/itdata\/wp-content\/uploads\/sites\/13\/2016\/02\/imagevarde-industri-graf-1-1024x812.png 1024w, https:\/\/framtidenskarriar.se\/itdata\/wp-content\/uploads\/sites\/13\/2016\/02\/imagevarde-industri-graf-1-768x609.png 768w, https:\/\/framtidenskarriar.se\/itdata\/wp-content\/uploads\/sites\/13\/2016\/02\/imagevarde-industri-graf-1-202x160.png 202w, https:\/\/framtidenskarriar.se\/itdata\/wp-content\/uploads\/sites\/13\/2016\/02\/imagevarde-industri-graf-1-526x417.png 526w, https:\/\/framtidenskarriar.se\/itdata\/wp-content\/uploads\/sites\/13\/2016\/02\/imagevarde-industri-graf-1-720x571.png 720w, https:\/\/framtidenskarriar.se\/itdata\/wp-content\/uploads\/sites\/13\/2016\/02\/imagevarde-industri-graf-1-960x762.png 960w, https:\/\/framtidenskarriar.se\/itdata\/wp-content\/uploads\/sites\/13\/2016\/02\/imagevarde-industri-graf-1-1140x904.png 1140w\" sizes=\"auto, (max-width: 1234px) 100vw, 1234px\" \/><\/div>\n<div class=\"faktaruta2-title\">Imagev\u00e4rde \u2013 H\u00e4r vill it-akademikerna arbeta:<\/div><div class=\"faktaruta2\">Vilka av dessa industrif\u00f6retag kan\u00a0du t\u00e4nka dig att jobba f\u00f6r eller rekommendera\u00a0till en v\u00e4n eller kollega?<\/p>\n<p><img loading=\"lazy\" decoding=\"async\" class=\"alignnone size-full wp-image-5055\" src=\"https:\/\/framtidenskarriar.se\/itdata\/wp-content\/uploads\/sites\/13\/2016\/02\/imagevarde-industri-graf-2.png\" alt=\"imagevarde_industri_graf_2\" width=\"1224\" height=\"981\" srcset=\"https:\/\/framtidenskarriar.se\/itdata\/wp-content\/uploads\/sites\/13\/2016\/02\/imagevarde-industri-graf-2.png 1224w, https:\/\/framtidenskarriar.se\/itdata\/wp-content\/uploads\/sites\/13\/2016\/02\/imagevarde-industri-graf-2-300x240.png 300w, https:\/\/framtidenskarriar.se\/itdata\/wp-content\/uploads\/sites\/13\/2016\/02\/imagevarde-industri-graf-2-1024x821.png 1024w, https:\/\/framtidenskarriar.se\/itdata\/wp-content\/uploads\/sites\/13\/2016\/02\/imagevarde-industri-graf-2-768x616.png 768w, https:\/\/framtidenskarriar.se\/itdata\/wp-content\/uploads\/sites\/13\/2016\/02\/imagevarde-industri-graf-2-200x160.png 200w, https:\/\/framtidenskarriar.se\/itdata\/wp-content\/uploads\/sites\/13\/2016\/02\/imagevarde-industri-graf-2-526x422.png 526w, https:\/\/framtidenskarriar.se\/itdata\/wp-content\/uploads\/sites\/13\/2016\/02\/imagevarde-industri-graf-2-720x577.png 720w, https:\/\/framtidenskarriar.se\/itdata\/wp-content\/uploads\/sites\/13\/2016\/02\/imagevarde-industri-graf-2-960x769.png 960w, https:\/\/framtidenskarriar.se\/itdata\/wp-content\/uploads\/sites\/13\/2016\/02\/imagevarde-industri-graf-2-1140x914.png 1140w\" sizes=\"auto, (max-width: 1224px) 100vw, 1224px\" \/><\/div>\n<div class=\"faktaruta-title\">Om unders\u00f6kningen<\/div><div class=\"faktaruta\"><strong>Framtidens Karri\u00e4r \u2013 It &amp; Data<\/strong> har i samarbete med VOC Nordic genomf\u00f6rt en trendunders\u00f6kning riktad mot ett slumpm\u00e4ssigt urval av 3200 it\/dataingenj\u00f6rer och systemvetare. Unders\u00f6kningen genomf\u00f6rdes 29 januari\u20132 februari 2016.<\/div>\n","protected":false},"excerpt":{"rendered":"<p>Ericsson, Scania, Saab och Volvo Cars toppar listan \u00f6ver de mest v\u00e4lk\u00e4nda industrif\u00f6retagen bland dataingenj\u00f6rerna&#8230;<\/p>\n","protected":false},"author":3,"featured_media":5287,"comment_status":"closed","ping_status":"open","sticky":false,"template":"","format":"standard","meta":{"_acf_changed":false,"_monsterinsights_skip_tracking":false,"_monsterinsights_sitenote_active":false,"_monsterinsights_sitenote_note":"","_monsterinsights_sitenote_category":0,"footnotes":""},"categories":[1],"tags":[],"class_list":["post-5052","post","type-post","status-publish","format-standard","has-post-thumbnail","hentry","category-artikel"],"acf":[],"yoast_head":"<!-- This site is optimized with the Yoast SEO plugin v27.3 - https:\/\/yoast.com\/product\/yoast-seo-wordpress\/ -->\n<title>It-revolutionen \u00e4ndrar f\u00f6ruts\u00e4ttningarna f\u00f6r industriell it - Framtidens karri\u00e4r IT &amp; Data<\/title>\n<meta name=\"robots\" content=\"index, follow, max-snippet:-1, max-image-preview:large, max-video-preview:-1\" \/>\n<link rel=\"canonical\" href=\"https:\/\/framtidenskarriar.se\/itdata\/2016\/02\/09\/it-revolutionen-andrar-forutsattningarna-for-industriell-it\/\" \/>\n<meta property=\"og:locale\" content=\"sv_SE\" \/>\n<meta property=\"og:type\" content=\"article\" \/>\n<meta property=\"og:title\" content=\"It-revolutionen \u00e4ndrar f\u00f6ruts\u00e4ttningarna f\u00f6r industriell it - Framtidens karri\u00e4r IT &amp; Data\" \/>\n<meta property=\"og:description\" content=\"Ericsson, Scania, Saab och Volvo Cars toppar listan \u00f6ver de mest v\u00e4lk\u00e4nda industrif\u00f6retagen bland dataingenj\u00f6rerna...\" \/>\n<meta property=\"og:url\" content=\"https:\/\/framtidenskarriar.se\/itdata\/2016\/02\/09\/it-revolutionen-andrar-forutsattningarna-for-industriell-it\/\" \/>\n<meta property=\"og:site_name\" content=\"Framtidens karri\u00e4r IT &amp; Data\" \/>\n<meta property=\"article:published_time\" content=\"2016-02-09T20:10:01+00:00\" \/>\n<meta property=\"og:image\" content=\"https:\/\/framtidenskarriar.se\/itdata\/wp-content\/uploads\/sites\/13\/2016\/02\/imagevarde-jason-hoffman-1.jpg\" \/>\n\t<meta property=\"og:image:width\" content=\"1000\" \/>\n\t<meta property=\"og:image:height\" content=\"1500\" \/>\n\t<meta property=\"og:image:type\" content=\"image\/jpeg\" \/>\n<meta name=\"author\" content=\"stellanstal\" \/>\n<meta name=\"twitter:card\" content=\"summary_large_image\" \/>\n<meta name=\"twitter:label1\" content=\"Skriven av\" \/>\n\t<meta name=\"twitter:data1\" content=\"stellanstal\" \/>\n\t<meta name=\"twitter:label2\" content=\"Ber\u00e4knad l\u00e4stid\" \/>\n\t<meta name=\"twitter:data2\" content=\"3 minuter\" \/>\n<script type=\"application\/ld+json\" class=\"yoast-schema-graph\">{\"@context\":\"https:\\\/\\\/schema.org\",\"@graph\":[{\"@type\":\"Article\",\"@id\":\"https:\\\/\\\/framtidenskarriar.se\\\/itdata\\\/2016\\\/02\\\/09\\\/it-revolutionen-andrar-forutsattningarna-for-industriell-it\\\/#article\",\"isPartOf\":{\"@id\":\"https:\\\/\\\/framtidenskarriar.se\\\/itdata\\\/2016\\\/02\\\/09\\\/it-revolutionen-andrar-forutsattningarna-for-industriell-it\\\/\"},\"author\":{\"name\":\"stellanstal\",\"@id\":\"https:\\\/\\\/framtidenskarriar.se\\\/itdata\\\/#\\\/schema\\\/person\\\/c8a43eb855191e573b73ecf8987a3b99\"},\"headline\":\"It-revolutionen \u00e4ndrar f\u00f6ruts\u00e4ttningarna f\u00f6r industriell it\",\"datePublished\":\"2016-02-09T20:10:01+00:00\",\"mainEntityOfPage\":{\"@id\":\"https:\\\/\\\/framtidenskarriar.se\\\/itdata\\\/2016\\\/02\\\/09\\\/it-revolutionen-andrar-forutsattningarna-for-industriell-it\\\/\"},\"wordCount\":528,\"image\":{\"@id\":\"https:\\\/\\\/framtidenskarriar.se\\\/itdata\\\/2016\\\/02\\\/09\\\/it-revolutionen-andrar-forutsattningarna-for-industriell-it\\\/#primaryimage\"},\"thumbnailUrl\":\"https:\\\/\\\/framtidenskarriar.se\\\/itdata\\\/wp-content\\\/uploads\\\/sites\\\/13\\\/2016\\\/02\\\/imagevarde-jason-hoffman-1.jpg\",\"articleSection\":[\"Artikel\"],\"inLanguage\":\"sv-SE\"},{\"@type\":\"WebPage\",\"@id\":\"https:\\\/\\\/framtidenskarriar.se\\\/itdata\\\/2016\\\/02\\\/09\\\/it-revolutionen-andrar-forutsattningarna-for-industriell-it\\\/\",\"url\":\"https:\\\/\\\/framtidenskarriar.se\\\/itdata\\\/2016\\\/02\\\/09\\\/it-revolutionen-andrar-forutsattningarna-for-industriell-it\\\/\",\"name\":\"It-revolutionen \u00e4ndrar f\u00f6ruts\u00e4ttningarna f\u00f6r industriell it - Framtidens karri\u00e4r IT & Data\",\"isPartOf\":{\"@id\":\"https:\\\/\\\/framtidenskarriar.se\\\/itdata\\\/#website\"},\"primaryImageOfPage\":{\"@id\":\"https:\\\/\\\/framtidenskarriar.se\\\/itdata\\\/2016\\\/02\\\/09\\\/it-revolutionen-andrar-forutsattningarna-for-industriell-it\\\/#primaryimage\"},\"image\":{\"@id\":\"https:\\\/\\\/framtidenskarriar.se\\\/itdata\\\/2016\\\/02\\\/09\\\/it-revolutionen-andrar-forutsattningarna-for-industriell-it\\\/#primaryimage\"},\"thumbnailUrl\":\"https:\\\/\\\/framtidenskarriar.se\\\/itdata\\\/wp-content\\\/uploads\\\/sites\\\/13\\\/2016\\\/02\\\/imagevarde-jason-hoffman-1.jpg\",\"datePublished\":\"2016-02-09T20:10:01+00:00\",\"author\":{\"@id\":\"https:\\\/\\\/framtidenskarriar.se\\\/itdata\\\/#\\\/schema\\\/person\\\/c8a43eb855191e573b73ecf8987a3b99\"},\"breadcrumb\":{\"@id\":\"https:\\\/\\\/framtidenskarriar.se\\\/itdata\\\/2016\\\/02\\\/09\\\/it-revolutionen-andrar-forutsattningarna-for-industriell-it\\\/#breadcrumb\"},\"inLanguage\":\"sv-SE\",\"potentialAction\":[{\"@type\":\"ReadAction\",\"target\":[\"https:\\\/\\\/framtidenskarriar.se\\\/itdata\\\/2016\\\/02\\\/09\\\/it-revolutionen-andrar-forutsattningarna-for-industriell-it\\\/\"]}]},{\"@type\":\"ImageObject\",\"inLanguage\":\"sv-SE\",\"@id\":\"https:\\\/\\\/framtidenskarriar.se\\\/itdata\\\/2016\\\/02\\\/09\\\/it-revolutionen-andrar-forutsattningarna-for-industriell-it\\\/#primaryimage\",\"url\":\"https:\\\/\\\/framtidenskarriar.se\\\/itdata\\\/wp-content\\\/uploads\\\/sites\\\/13\\\/2016\\\/02\\\/imagevarde-jason-hoffman-1.jpg\",\"contentUrl\":\"https:\\\/\\\/framtidenskarriar.se\\\/itdata\\\/wp-content\\\/uploads\\\/sites\\\/13\\\/2016\\\/02\\\/imagevarde-jason-hoffman-1.jpg\",\"width\":1000,\"height\":1500},{\"@type\":\"BreadcrumbList\",\"@id\":\"https:\\\/\\\/framtidenskarriar.se\\\/itdata\\\/2016\\\/02\\\/09\\\/it-revolutionen-andrar-forutsattningarna-for-industriell-it\\\/#breadcrumb\",\"itemListElement\":[{\"@type\":\"ListItem\",\"position\":1,\"name\":\"Home\",\"item\":\"https:\\\/\\\/framtidenskarriar.se\\\/itdata\\\/\"},{\"@type\":\"ListItem\",\"position\":2,\"name\":\"It-revolutionen \u00e4ndrar f\u00f6ruts\u00e4ttningarna f\u00f6r industriell it\"}]},{\"@type\":\"WebSite\",\"@id\":\"https:\\\/\\\/framtidenskarriar.se\\\/itdata\\\/#website\",\"url\":\"https:\\\/\\\/framtidenskarriar.se\\\/itdata\\\/\",\"name\":\"Framtidens karri\u00e4r IT & Data\",\"description\":\"Just another NMDashboard.se Sites site\",\"potentialAction\":[{\"@type\":\"SearchAction\",\"target\":{\"@type\":\"EntryPoint\",\"urlTemplate\":\"https:\\\/\\\/framtidenskarriar.se\\\/itdata\\\/?s={search_term_string}\"},\"query-input\":{\"@type\":\"PropertyValueSpecification\",\"valueRequired\":true,\"valueName\":\"search_term_string\"}}],\"inLanguage\":\"sv-SE\"},{\"@type\":\"Person\",\"@id\":\"https:\\\/\\\/framtidenskarriar.se\\\/itdata\\\/#\\\/schema\\\/person\\\/c8a43eb855191e573b73ecf8987a3b99\",\"name\":\"stellanstal\",\"image\":{\"@type\":\"ImageObject\",\"inLanguage\":\"sv-SE\",\"@id\":\"https:\\\/\\\/secure.gravatar.com\\\/avatar\\\/cd330fa6bb17f598124b2068ee0b189e4fe0987a50af9d53b78410836060d0c9?s=96&d=mm&r=g\",\"url\":\"https:\\\/\\\/secure.gravatar.com\\\/avatar\\\/cd330fa6bb17f598124b2068ee0b189e4fe0987a50af9d53b78410836060d0c9?s=96&d=mm&r=g\",\"contentUrl\":\"https:\\\/\\\/secure.gravatar.com\\\/avatar\\\/cd330fa6bb17f598124b2068ee0b189e4fe0987a50af9d53b78410836060d0c9?s=96&d=mm&r=g\",\"caption\":\"stellanstal\"},\"url\":\"https:\\\/\\\/framtidenskarriar.se\\\/itdata\\\/author\\\/stellanstal\\\/\"}]}<\/script>\n<!-- \/ Yoast SEO plugin. -->","yoast_head_json":{"title":"It-revolutionen \u00e4ndrar f\u00f6ruts\u00e4ttningarna f\u00f6r industriell it - Framtidens karri\u00e4r IT & Data","robots":{"index":"index","follow":"follow","max-snippet":"max-snippet:-1","max-image-preview":"max-image-preview:large","max-video-preview":"max-video-preview:-1"},"canonical":"https:\/\/framtidenskarriar.se\/itdata\/2016\/02\/09\/it-revolutionen-andrar-forutsattningarna-for-industriell-it\/","og_locale":"sv_SE","og_type":"article","og_title":"It-revolutionen \u00e4ndrar f\u00f6ruts\u00e4ttningarna f\u00f6r industriell it - Framtidens karri\u00e4r IT & Data","og_description":"Ericsson, Scania, Saab och Volvo Cars toppar listan \u00f6ver de mest v\u00e4lk\u00e4nda industrif\u00f6retagen bland dataingenj\u00f6rerna...","og_url":"https:\/\/framtidenskarriar.se\/itdata\/2016\/02\/09\/it-revolutionen-andrar-forutsattningarna-for-industriell-it\/","og_site_name":"Framtidens karri\u00e4r IT & Data","article_published_time":"2016-02-09T20:10:01+00:00","og_image":[{"width":1000,"height":1500,"url":"https:\/\/framtidenskarriar.se\/itdata\/wp-content\/uploads\/sites\/13\/2016\/02\/imagevarde-jason-hoffman-1.jpg","type":"image\/jpeg"}],"author":"stellanstal","twitter_card":"summary_large_image","twitter_misc":{"Skriven av":"stellanstal","Ber\u00e4knad l\u00e4stid":"3 minuter"},"schema":{"@context":"https:\/\/schema.org","@graph":[{"@type":"Article","@id":"https:\/\/framtidenskarriar.se\/itdata\/2016\/02\/09\/it-revolutionen-andrar-forutsattningarna-for-industriell-it\/#article","isPartOf":{"@id":"https:\/\/framtidenskarriar.se\/itdata\/2016\/02\/09\/it-revolutionen-andrar-forutsattningarna-for-industriell-it\/"},"author":{"name":"stellanstal","@id":"https:\/\/framtidenskarriar.se\/itdata\/#\/schema\/person\/c8a43eb855191e573b73ecf8987a3b99"},"headline":"It-revolutionen \u00e4ndrar f\u00f6ruts\u00e4ttningarna f\u00f6r industriell it","datePublished":"2016-02-09T20:10:01+00:00","mainEntityOfPage":{"@id":"https:\/\/framtidenskarriar.se\/itdata\/2016\/02\/09\/it-revolutionen-andrar-forutsattningarna-for-industriell-it\/"},"wordCount":528,"image":{"@id":"https:\/\/framtidenskarriar.se\/itdata\/2016\/02\/09\/it-revolutionen-andrar-forutsattningarna-for-industriell-it\/#primaryimage"},"thumbnailUrl":"https:\/\/framtidenskarriar.se\/itdata\/wp-content\/uploads\/sites\/13\/2016\/02\/imagevarde-jason-hoffman-1.jpg","articleSection":["Artikel"],"inLanguage":"sv-SE"},{"@type":"WebPage","@id":"https:\/\/framtidenskarriar.se\/itdata\/2016\/02\/09\/it-revolutionen-andrar-forutsattningarna-for-industriell-it\/","url":"https:\/\/framtidenskarriar.se\/itdata\/2016\/02\/09\/it-revolutionen-andrar-forutsattningarna-for-industriell-it\/","name":"It-revolutionen \u00e4ndrar f\u00f6ruts\u00e4ttningarna f\u00f6r industriell it - Framtidens karri\u00e4r IT & Data","isPartOf":{"@id":"https:\/\/framtidenskarriar.se\/itdata\/#website"},"primaryImageOfPage":{"@id":"https:\/\/framtidenskarriar.se\/itdata\/2016\/02\/09\/it-revolutionen-andrar-forutsattningarna-for-industriell-it\/#primaryimage"},"image":{"@id":"https:\/\/framtidenskarriar.se\/itdata\/2016\/02\/09\/it-revolutionen-andrar-forutsattningarna-for-industriell-it\/#primaryimage"},"thumbnailUrl":"https:\/\/framtidenskarriar.se\/itdata\/wp-content\/uploads\/sites\/13\/2016\/02\/imagevarde-jason-hoffman-1.jpg","datePublished":"2016-02-09T20:10:01+00:00","author":{"@id":"https:\/\/framtidenskarriar.se\/itdata\/#\/schema\/person\/c8a43eb855191e573b73ecf8987a3b99"},"breadcrumb":{"@id":"https:\/\/framtidenskarriar.se\/itdata\/2016\/02\/09\/it-revolutionen-andrar-forutsattningarna-for-industriell-it\/#breadcrumb"},"inLanguage":"sv-SE","potentialAction":[{"@type":"ReadAction","target":["https:\/\/framtidenskarriar.se\/itdata\/2016\/02\/09\/it-revolutionen-andrar-forutsattningarna-for-industriell-it\/"]}]},{"@type":"ImageObject","inLanguage":"sv-SE","@id":"https:\/\/framtidenskarriar.se\/itdata\/2016\/02\/09\/it-revolutionen-andrar-forutsattningarna-for-industriell-it\/#primaryimage","url":"https:\/\/framtidenskarriar.se\/itdata\/wp-content\/uploads\/sites\/13\/2016\/02\/imagevarde-jason-hoffman-1.jpg","contentUrl":"https:\/\/framtidenskarriar.se\/itdata\/wp-content\/uploads\/sites\/13\/2016\/02\/imagevarde-jason-hoffman-1.jpg","width":1000,"height":1500},{"@type":"BreadcrumbList","@id":"https:\/\/framtidenskarriar.se\/itdata\/2016\/02\/09\/it-revolutionen-andrar-forutsattningarna-for-industriell-it\/#breadcrumb","itemListElement":[{"@type":"ListItem","position":1,"name":"Home","item":"https:\/\/framtidenskarriar.se\/itdata\/"},{"@type":"ListItem","position":2,"name":"It-revolutionen \u00e4ndrar f\u00f6ruts\u00e4ttningarna f\u00f6r industriell it"}]},{"@type":"WebSite","@id":"https:\/\/framtidenskarriar.se\/itdata\/#website","url":"https:\/\/framtidenskarriar.se\/itdata\/","name":"Framtidens karri\u00e4r IT & Data","description":"Just another NMDashboard.se Sites site","potentialAction":[{"@type":"SearchAction","target":{"@type":"EntryPoint","urlTemplate":"https:\/\/framtidenskarriar.se\/itdata\/?s={search_term_string}"},"query-input":{"@type":"PropertyValueSpecification","valueRequired":true,"valueName":"search_term_string"}}],"inLanguage":"sv-SE"},{"@type":"Person","@id":"https:\/\/framtidenskarriar.se\/itdata\/#\/schema\/person\/c8a43eb855191e573b73ecf8987a3b99","name":"stellanstal","image":{"@type":"ImageObject","inLanguage":"sv-SE","@id":"https:\/\/secure.gravatar.com\/avatar\/cd330fa6bb17f598124b2068ee0b189e4fe0987a50af9d53b78410836060d0c9?s=96&d=mm&r=g","url":"https:\/\/secure.gravatar.com\/avatar\/cd330fa6bb17f598124b2068ee0b189e4fe0987a50af9d53b78410836060d0c9?s=96&d=mm&r=g","contentUrl":"https:\/\/secure.gravatar.com\/avatar\/cd330fa6bb17f598124b2068ee0b189e4fe0987a50af9d53b78410836060d0c9?s=96&d=mm&r=g","caption":"stellanstal"},"url":"https:\/\/framtidenskarriar.se\/itdata\/author\/stellanstal\/"}]}},"_links":{"self":[{"href":"https:\/\/framtidenskarriar.se\/itdata\/wp-json\/wp\/v2\/posts\/5052","targetHints":{"allow":["GET"]}}],"collection":[{"href":"https:\/\/framtidenskarriar.se\/itdata\/wp-json\/wp\/v2\/posts"}],"about":[{"href":"https:\/\/framtidenskarriar.se\/itdata\/wp-json\/wp\/v2\/types\/post"}],"author":[{"embeddable":true,"href":"https:\/\/framtidenskarriar.se\/itdata\/wp-json\/wp\/v2\/users\/3"}],"replies":[{"embeddable":true,"href":"https:\/\/framtidenskarriar.se\/itdata\/wp-json\/wp\/v2\/comments?post=5052"}],"version-history":[{"count":0,"href":"https:\/\/framtidenskarriar.se\/itdata\/wp-json\/wp\/v2\/posts\/5052\/revisions"}],"wp:featuredmedia":[{"embeddable":true,"href":"https:\/\/framtidenskarriar.se\/itdata\/wp-json\/wp\/v2\/media\/5287"}],"wp:attachment":[{"href":"https:\/\/framtidenskarriar.se\/itdata\/wp-json\/wp\/v2\/media?parent=5052"}],"wp:term":[{"taxonomy":"category","embeddable":true,"href":"https:\/\/framtidenskarriar.se\/itdata\/wp-json\/wp\/v2\/categories?post=5052"},{"taxonomy":"post_tag","embeddable":true,"href":"https:\/\/framtidenskarriar.se\/itdata\/wp-json\/wp\/v2\/tags?post=5052"}],"curies":[{"name":"wp","href":"https:\/\/api.w.org\/{rel}","templated":true}]}}