{"id":5065,"date":"2016-02-09T22:26:52","date_gmt":"2016-02-09T20:26:52","guid":{"rendered":"http:\/\/framtidenskarriar.se\/itdata\/?p=5065"},"modified":"2016-02-09T22:26:52","modified_gmt":"2016-02-09T20:26:52","slug":"ansvarstagande-och-engagemang-viktigast","status":"publish","type":"post","link":"https:\/\/framtidenskarriar.se\/itdata\/2016\/02\/09\/ansvarstagande-och-engagemang-viktigast\/","title":{"rendered":"Ansvarstagande och engagemang viktigast"},"content":{"rendered":"<figure id=\"attachment_5069\" aria-describedby=\"caption-attachment-5069\" style=\"width: 1000px\" class=\"wp-caption alignnone\"><img loading=\"lazy\" decoding=\"async\" class=\"size-full wp-image-5069\" src=\"https:\/\/framtidenskarriar.se\/itdata\/wp-content\/uploads\/sites\/13\/2016\/02\/itchefer-marie-eriksson.jpg\" alt=\"Marie Eriksson, vd p\u00e5 rekryterings- och konsultf\u00f6retaget Dfind IT.\" width=\"1000\" height=\"665\" srcset=\"https:\/\/framtidenskarriar.se\/itdata\/wp-content\/uploads\/sites\/13\/2016\/02\/itchefer-marie-eriksson.jpg 1000w, https:\/\/framtidenskarriar.se\/itdata\/wp-content\/uploads\/sites\/13\/2016\/02\/itchefer-marie-eriksson-300x200.jpg 300w, https:\/\/framtidenskarriar.se\/itdata\/wp-content\/uploads\/sites\/13\/2016\/02\/itchefer-marie-eriksson-768x511.jpg 768w, https:\/\/framtidenskarriar.se\/itdata\/wp-content\/uploads\/sites\/13\/2016\/02\/itchefer-marie-eriksson-241x160.jpg 241w, https:\/\/framtidenskarriar.se\/itdata\/wp-content\/uploads\/sites\/13\/2016\/02\/itchefer-marie-eriksson-526x350.jpg 526w, https:\/\/framtidenskarriar.se\/itdata\/wp-content\/uploads\/sites\/13\/2016\/02\/itchefer-marie-eriksson-720x479.jpg 720w, https:\/\/framtidenskarriar.se\/itdata\/wp-content\/uploads\/sites\/13\/2016\/02\/itchefer-marie-eriksson-960x638.jpg 960w\" sizes=\"auto, (max-width: 1000px) 100vw, 1000px\" \/><figcaption id=\"caption-attachment-5069\" class=\"wp-caption-text\">Marie Eriksson, vd p\u00e5 rekryterings- och konsultf\u00f6retaget Dfind IT.<\/figcaption><\/figure>\n<p><strong>Enligt Framtidens Karri\u00e4r \u2013 It &amp; Datas trendunders\u00f6kning, som genomf\u00f6rts i samarbete med VOC Nordic, \u00e4r ansvarstagande och engagemang, f\u00f6rst\u00e5else f\u00f6r verksamheten och social kompetens de mest avg\u00f6rande faktorerna vid rekrytering av it-medarbetare. Ledaregenskaper eller r\u00e4tt akademiska meriter \u00e4r d\u00e4remot inte lika viktigt.<\/strong><\/p>\n<p>Bland de mest efterfr\u00e5gade yrkeskategorierna finns helpdesktekniker som 41 procent av cheferna efterfr\u00e5gar, projektledare som efterfr\u00e5gas av 29 procent samt infrastrukturexperter som 25 procent efterfr\u00e5gar. Aff\u00e4rsutvecklare och mjukvaruutvecklare finns ocks\u00e5 med bland de mest efterfr\u00e5gade kategorierna.<br \/>\n\u2013 Unders\u00f6kningen speglar v\u00e5ra kunders efterfr\u00e5gan. Min erfarenhet \u00e4r att efterfr\u00e5gan p\u00e5 specialistkompetenser har \u00f6kat p\u00e5 senare \u00e5r. Ytterligare en \u00f6vergripande trend \u00e4r att det numera \u00e4r ett hygienkrav att kunna kombinera teknisk och social kompetens, oavsett roll, s\u00e4ger Marie Eriksson, vd p\u00e5 rekryterings- och konsultf\u00f6retaget Dfind IT.<\/p>\n<p><strong>Avg\u00f6rande att kunna entusiasmera<\/strong><br \/>\nDe fyra mest efterfr\u00e5gade ledaregenskaperna i unders\u00f6kningen \u00e4r f\u00f6rm\u00e5ga att fatta beslut, f\u00f6rm\u00e5ga att entusiasmera, drivande och resultatinriktad samt f\u00f6r\u00e4ndringsf\u00f6rm\u00e5ga. Enligt Marie Eriksson sk\u00e4rps kraven p\u00e5 framtidens it-chefer vad g\u00e4ller aff\u00e4rsm\u00e4ssighet och social kompetens. Hon anser d\u00e4rf\u00f6r att social kompetens och f\u00f6r\u00e4ndringskompetens borde rankas h\u00f6gre \u00e4n 44 procent i unders\u00f6kningen.<br \/>\n\u2013 Jag reagerar p\u00e5 att endast sex procent anser att teknisk kompetens \u00e4r en efterfr\u00e5gad ledaregenskap. M\u00e5nga it-specialister v\u00e4rdes\u00e4tter specialistkompetens \u00e4ven hos sina chefer. Jag anser att f\u00f6rm\u00e5gan att entusiasmera och f\u00e5 med sig m\u00e4nniskor \u00e4r helt avg\u00f6rande, liksom f\u00f6rm\u00e5gan att fatta beslut, s\u00e4ger Marie Eriksson.<\/p>\n<p><strong>F\u00f6r\u00e4ndringskompetens b\u00f6r rankas h\u00f6gt<\/strong><br \/>\nI kartl\u00e4ggningen av vilka kriterier som \u00e4r viktiga vid rekrytering av it-medarbetare hamnar en positiv inst\u00e4llning till vidareutveckling och f\u00f6r\u00e4ndring f\u00f6rst p\u00e5 fj\u00e4rde plats, 53 procent anser att det \u00e4r viktigt. Att endast 6 procent betraktar r\u00e4tt akademiska meriter som viktigt \u00e4r, enligt Marie Eriksson, typiskt f\u00f6r it-branschen d\u00e4r erfarenhet och specifik \u00e4mneskompetens ofta v\u00e4rderas h\u00f6gre \u00e4n en examen.<br \/>\n\u2013 F\u00f6r\u00e4ndringskompetens \u00e4r ett kriterium som generellt sett borde rankas h\u00f6gre. Eftersom it-branschen f\u00f6r\u00e4ndras s\u00e5 snabbt \u00e4r det sv\u00e5rt att g\u00f6ra karri\u00e4r i branschen och samtidigt ha sv\u00e5righeter att acceptera och ta till sig f\u00f6r\u00e4ndringar. Ett kriterium som m\u00e5nga av v\u00e5ra kunder l\u00e4gger stor vikt vid finns inte med i unders\u00f6kningen, n\u00e4mligen att individen som rekryteras passar in i den befintliga personalgruppen och fungerar i en grupp. Det \u00e4r viktigt att kunna vara en lagspelare, s\u00e4ger Marie Eriksson.<\/p>\n<div class=\"faktaruta2-title\">Vilka yrkeskategorier efterfr\u00e5gar ni fr\u00e4mst?<\/div><div class=\"faktaruta2\"><br \/>\n<img loading=\"lazy\" decoding=\"async\" class=\"alignnone size-full wp-image-5066\" src=\"https:\/\/framtidenskarriar.se\/itdata\/wp-content\/uploads\/sites\/13\/2016\/02\/itchefer-graf-1.png\" alt=\"itchefer_graf_1\" width=\"1000\" height=\"883\" srcset=\"https:\/\/framtidenskarriar.se\/itdata\/wp-content\/uploads\/sites\/13\/2016\/02\/itchefer-graf-1.png 1000w, https:\/\/framtidenskarriar.se\/itdata\/wp-content\/uploads\/sites\/13\/2016\/02\/itchefer-graf-1-300x265.png 300w, https:\/\/framtidenskarriar.se\/itdata\/wp-content\/uploads\/sites\/13\/2016\/02\/itchefer-graf-1-768x678.png 768w, https:\/\/framtidenskarriar.se\/itdata\/wp-content\/uploads\/sites\/13\/2016\/02\/itchefer-graf-1-181x160.png 181w, https:\/\/framtidenskarriar.se\/itdata\/wp-content\/uploads\/sites\/13\/2016\/02\/itchefer-graf-1-526x464.png 526w, https:\/\/framtidenskarriar.se\/itdata\/wp-content\/uploads\/sites\/13\/2016\/02\/itchefer-graf-1-720x636.png 720w, https:\/\/framtidenskarriar.se\/itdata\/wp-content\/uploads\/sites\/13\/2016\/02\/itchefer-graf-1-960x848.png 960w\" sizes=\"auto, (max-width: 1000px) 100vw, 1000px\" \/><\/div>\n<div class=\"faktaruta2-title\">Viktiga kriterier vid rekrytering?<\/div><div class=\"faktaruta2\">Vilka kriterier \u00e4r mest viktiga vid rekrytering av it-medarbetare?<\/p>\n<p><img loading=\"lazy\" decoding=\"async\" class=\"alignnone size-full wp-image-5067\" src=\"https:\/\/framtidenskarriar.se\/itdata\/wp-content\/uploads\/sites\/13\/2016\/02\/itchefer-graf-2.png\" alt=\"itchefer_graf_2\" width=\"1000\" height=\"994\" srcset=\"https:\/\/framtidenskarriar.se\/itdata\/wp-content\/uploads\/sites\/13\/2016\/02\/itchefer-graf-2.png 1000w, https:\/\/framtidenskarriar.se\/itdata\/wp-content\/uploads\/sites\/13\/2016\/02\/itchefer-graf-2-300x298.png 300w, https:\/\/framtidenskarriar.se\/itdata\/wp-content\/uploads\/sites\/13\/2016\/02\/itchefer-graf-2-150x150.png 150w, https:\/\/framtidenskarriar.se\/itdata\/wp-content\/uploads\/sites\/13\/2016\/02\/itchefer-graf-2-768x763.png 768w, https:\/\/framtidenskarriar.se\/itdata\/wp-content\/uploads\/sites\/13\/2016\/02\/itchefer-graf-2-161x160.png 161w, https:\/\/framtidenskarriar.se\/itdata\/wp-content\/uploads\/sites\/13\/2016\/02\/itchefer-graf-2-526x523.png 526w, https:\/\/framtidenskarriar.se\/itdata\/wp-content\/uploads\/sites\/13\/2016\/02\/itchefer-graf-2-720x716.png 720w, https:\/\/framtidenskarriar.se\/itdata\/wp-content\/uploads\/sites\/13\/2016\/02\/itchefer-graf-2-960x954.png 960w\" sizes=\"auto, (max-width: 1000px) 100vw, 1000px\" \/><\/div>\n<div class=\"faktaruta2-title\">Vilka ledaregenskaper efters\u00f6ks?<\/div><div class=\"faktaruta2\">Vilka ledaregenskaper efters\u00f6ks f\u00f6r att bekr\u00e4fta och leda en ny generation it-medarbetare?<\/p>\n<p><img loading=\"lazy\" decoding=\"async\" class=\"alignnone size-full wp-image-5068\" src=\"https:\/\/framtidenskarriar.se\/itdata\/wp-content\/uploads\/sites\/13\/2016\/02\/itchefer-graf-3.png\" alt=\"itchefer_graf_3\" width=\"1000\" height=\"1001\" srcset=\"https:\/\/framtidenskarriar.se\/itdata\/wp-content\/uploads\/sites\/13\/2016\/02\/itchefer-graf-3.png 1000w, https:\/\/framtidenskarriar.se\/itdata\/wp-content\/uploads\/sites\/13\/2016\/02\/itchefer-graf-3-300x300.png 300w, https:\/\/framtidenskarriar.se\/itdata\/wp-content\/uploads\/sites\/13\/2016\/02\/itchefer-graf-3-150x150.png 150w, https:\/\/framtidenskarriar.se\/itdata\/wp-content\/uploads\/sites\/13\/2016\/02\/itchefer-graf-3-768x769.png 768w, https:\/\/framtidenskarriar.se\/itdata\/wp-content\/uploads\/sites\/13\/2016\/02\/itchefer-graf-3-160x160.png 160w, https:\/\/framtidenskarriar.se\/itdata\/wp-content\/uploads\/sites\/13\/2016\/02\/itchefer-graf-3-526x526.png 526w, https:\/\/framtidenskarriar.se\/itdata\/wp-content\/uploads\/sites\/13\/2016\/02\/itchefer-graf-3-720x720.png 720w, https:\/\/framtidenskarriar.se\/itdata\/wp-content\/uploads\/sites\/13\/2016\/02\/itchefer-graf-3-960x961.png 960w\" sizes=\"auto, (max-width: 1000px) 100vw, 1000px\" \/><\/div>\n<div class=\"faktaruta-title\">Om unders\u00f6kningen<\/div><div class=\"faktaruta\"><strong>Framtidens Karri\u00e4r \u2013 IT &amp; Data<\/strong> har i samarbete med VOC Nordic genomf\u00f6rt en trendunders\u00f6kning riktad mot 2000 it-chefer och ledande it-befattningshavare i f\u00f6retag och organisationer. Unders\u00f6kningen genomf\u00f6rdes 29 januari\u20132 februari 2016.<\/div>\n","protected":false},"excerpt":{"rendered":"<p>Enligt Framtidens Karri\u00e4r \u2013 It &amp; Datas trendunders\u00f6kning, som genomf\u00f6rts i samarbete med VOC Nordic,&#8230;<\/p>\n","protected":false},"author":3,"featured_media":5282,"comment_status":"closed","ping_status":"open","sticky":false,"template":"","format":"standard","meta":{"_acf_changed":false,"_monsterinsights_skip_tracking":false,"_monsterinsights_sitenote_active":false,"_monsterinsights_sitenote_note":"","_monsterinsights_sitenote_category":0,"footnotes":""},"categories":[1],"tags":[],"class_list":["post-5065","post","type-post","status-publish","format-standard","has-post-thumbnail","hentry","category-artikel"],"acf":[],"yoast_head":"<!-- This site is optimized with the Yoast SEO plugin v27.3 - https:\/\/yoast.com\/product\/yoast-seo-wordpress\/ -->\n<title>Ansvarstagande och engagemang viktigast - Framtidens karri\u00e4r IT &amp; Data<\/title>\n<meta name=\"robots\" content=\"index, follow, max-snippet:-1, max-image-preview:large, max-video-preview:-1\" \/>\n<link rel=\"canonical\" href=\"https:\/\/framtidenskarriar.se\/itdata\/2016\/02\/09\/ansvarstagande-och-engagemang-viktigast\/\" \/>\n<meta property=\"og:locale\" content=\"sv_SE\" \/>\n<meta property=\"og:type\" content=\"article\" \/>\n<meta property=\"og:title\" content=\"Ansvarstagande och engagemang viktigast - Framtidens karri\u00e4r IT &amp; Data\" \/>\n<meta property=\"og:description\" content=\"Enligt Framtidens Karri\u00e4r \u2013 It &amp; Datas trendunders\u00f6kning, som genomf\u00f6rts i samarbete med VOC Nordic,...\" \/>\n<meta property=\"og:url\" content=\"https:\/\/framtidenskarriar.se\/itdata\/2016\/02\/09\/ansvarstagande-och-engagemang-viktigast\/\" \/>\n<meta property=\"og:site_name\" content=\"Framtidens karri\u00e4r IT &amp; Data\" \/>\n<meta property=\"article:published_time\" content=\"2016-02-09T20:26:52+00:00\" \/>\n<meta property=\"og:image\" content=\"https:\/\/framtidenskarriar.se\/itdata\/wp-content\/uploads\/sites\/13\/2016\/02\/itchefer-marie-eriksson-1.jpg\" \/>\n\t<meta property=\"og:image:width\" content=\"1000\" \/>\n\t<meta property=\"og:image:height\" content=\"665\" \/>\n\t<meta property=\"og:image:type\" content=\"image\/jpeg\" \/>\n<meta name=\"author\" content=\"stellanstal\" \/>\n<meta name=\"twitter:card\" content=\"summary_large_image\" \/>\n<meta name=\"twitter:label1\" content=\"Skriven av\" \/>\n\t<meta name=\"twitter:data1\" content=\"stellanstal\" \/>\n\t<meta name=\"twitter:label2\" content=\"Ber\u00e4knad l\u00e4stid\" \/>\n\t<meta name=\"twitter:data2\" content=\"3 minuter\" \/>\n<script type=\"application\/ld+json\" class=\"yoast-schema-graph\">{\"@context\":\"https:\\\/\\\/schema.org\",\"@graph\":[{\"@type\":\"Article\",\"@id\":\"https:\\\/\\\/framtidenskarriar.se\\\/itdata\\\/2016\\\/02\\\/09\\\/ansvarstagande-och-engagemang-viktigast\\\/#article\",\"isPartOf\":{\"@id\":\"https:\\\/\\\/framtidenskarriar.se\\\/itdata\\\/2016\\\/02\\\/09\\\/ansvarstagande-och-engagemang-viktigast\\\/\"},\"author\":{\"name\":\"stellanstal\",\"@id\":\"https:\\\/\\\/framtidenskarriar.se\\\/itdata\\\/#\\\/schema\\\/person\\\/c8a43eb855191e573b73ecf8987a3b99\"},\"headline\":\"Ansvarstagande och engagemang viktigast\",\"datePublished\":\"2016-02-09T20:26:52+00:00\",\"mainEntityOfPage\":{\"@id\":\"https:\\\/\\\/framtidenskarriar.se\\\/itdata\\\/2016\\\/02\\\/09\\\/ansvarstagande-och-engagemang-viktigast\\\/\"},\"wordCount\":552,\"image\":{\"@id\":\"https:\\\/\\\/framtidenskarriar.se\\\/itdata\\\/2016\\\/02\\\/09\\\/ansvarstagande-och-engagemang-viktigast\\\/#primaryimage\"},\"thumbnailUrl\":\"https:\\\/\\\/framtidenskarriar.se\\\/itdata\\\/wp-content\\\/uploads\\\/sites\\\/13\\\/2016\\\/02\\\/itchefer-marie-eriksson-1.jpg\",\"articleSection\":[\"Artikel\"],\"inLanguage\":\"sv-SE\"},{\"@type\":\"WebPage\",\"@id\":\"https:\\\/\\\/framtidenskarriar.se\\\/itdata\\\/2016\\\/02\\\/09\\\/ansvarstagande-och-engagemang-viktigast\\\/\",\"url\":\"https:\\\/\\\/framtidenskarriar.se\\\/itdata\\\/2016\\\/02\\\/09\\\/ansvarstagande-och-engagemang-viktigast\\\/\",\"name\":\"Ansvarstagande och engagemang viktigast - Framtidens karri\u00e4r IT & Data\",\"isPartOf\":{\"@id\":\"https:\\\/\\\/framtidenskarriar.se\\\/itdata\\\/#website\"},\"primaryImageOfPage\":{\"@id\":\"https:\\\/\\\/framtidenskarriar.se\\\/itdata\\\/2016\\\/02\\\/09\\\/ansvarstagande-och-engagemang-viktigast\\\/#primaryimage\"},\"image\":{\"@id\":\"https:\\\/\\\/framtidenskarriar.se\\\/itdata\\\/2016\\\/02\\\/09\\\/ansvarstagande-och-engagemang-viktigast\\\/#primaryimage\"},\"thumbnailUrl\":\"https:\\\/\\\/framtidenskarriar.se\\\/itdata\\\/wp-content\\\/uploads\\\/sites\\\/13\\\/2016\\\/02\\\/itchefer-marie-eriksson-1.jpg\",\"datePublished\":\"2016-02-09T20:26:52+00:00\",\"author\":{\"@id\":\"https:\\\/\\\/framtidenskarriar.se\\\/itdata\\\/#\\\/schema\\\/person\\\/c8a43eb855191e573b73ecf8987a3b99\"},\"breadcrumb\":{\"@id\":\"https:\\\/\\\/framtidenskarriar.se\\\/itdata\\\/2016\\\/02\\\/09\\\/ansvarstagande-och-engagemang-viktigast\\\/#breadcrumb\"},\"inLanguage\":\"sv-SE\",\"potentialAction\":[{\"@type\":\"ReadAction\",\"target\":[\"https:\\\/\\\/framtidenskarriar.se\\\/itdata\\\/2016\\\/02\\\/09\\\/ansvarstagande-och-engagemang-viktigast\\\/\"]}]},{\"@type\":\"ImageObject\",\"inLanguage\":\"sv-SE\",\"@id\":\"https:\\\/\\\/framtidenskarriar.se\\\/itdata\\\/2016\\\/02\\\/09\\\/ansvarstagande-och-engagemang-viktigast\\\/#primaryimage\",\"url\":\"https:\\\/\\\/framtidenskarriar.se\\\/itdata\\\/wp-content\\\/uploads\\\/sites\\\/13\\\/2016\\\/02\\\/itchefer-marie-eriksson-1.jpg\",\"contentUrl\":\"https:\\\/\\\/framtidenskarriar.se\\\/itdata\\\/wp-content\\\/uploads\\\/sites\\\/13\\\/2016\\\/02\\\/itchefer-marie-eriksson-1.jpg\",\"width\":1000,\"height\":665,\"caption\":\"Portr\u008att Dfind G\u009ateborg.\"},{\"@type\":\"BreadcrumbList\",\"@id\":\"https:\\\/\\\/framtidenskarriar.se\\\/itdata\\\/2016\\\/02\\\/09\\\/ansvarstagande-och-engagemang-viktigast\\\/#breadcrumb\",\"itemListElement\":[{\"@type\":\"ListItem\",\"position\":1,\"name\":\"Home\",\"item\":\"https:\\\/\\\/framtidenskarriar.se\\\/itdata\\\/\"},{\"@type\":\"ListItem\",\"position\":2,\"name\":\"Ansvarstagande och engagemang viktigast\"}]},{\"@type\":\"WebSite\",\"@id\":\"https:\\\/\\\/framtidenskarriar.se\\\/itdata\\\/#website\",\"url\":\"https:\\\/\\\/framtidenskarriar.se\\\/itdata\\\/\",\"name\":\"Framtidens karri\u00e4r IT & Data\",\"description\":\"Just another NMDashboard.se Sites site\",\"potentialAction\":[{\"@type\":\"SearchAction\",\"target\":{\"@type\":\"EntryPoint\",\"urlTemplate\":\"https:\\\/\\\/framtidenskarriar.se\\\/itdata\\\/?s={search_term_string}\"},\"query-input\":{\"@type\":\"PropertyValueSpecification\",\"valueRequired\":true,\"valueName\":\"search_term_string\"}}],\"inLanguage\":\"sv-SE\"},{\"@type\":\"Person\",\"@id\":\"https:\\\/\\\/framtidenskarriar.se\\\/itdata\\\/#\\\/schema\\\/person\\\/c8a43eb855191e573b73ecf8987a3b99\",\"name\":\"stellanstal\",\"image\":{\"@type\":\"ImageObject\",\"inLanguage\":\"sv-SE\",\"@id\":\"https:\\\/\\\/secure.gravatar.com\\\/avatar\\\/cd330fa6bb17f598124b2068ee0b189e4fe0987a50af9d53b78410836060d0c9?s=96&d=mm&r=g\",\"url\":\"https:\\\/\\\/secure.gravatar.com\\\/avatar\\\/cd330fa6bb17f598124b2068ee0b189e4fe0987a50af9d53b78410836060d0c9?s=96&d=mm&r=g\",\"contentUrl\":\"https:\\\/\\\/secure.gravatar.com\\\/avatar\\\/cd330fa6bb17f598124b2068ee0b189e4fe0987a50af9d53b78410836060d0c9?s=96&d=mm&r=g\",\"caption\":\"stellanstal\"},\"url\":\"https:\\\/\\\/framtidenskarriar.se\\\/itdata\\\/author\\\/stellanstal\\\/\"}]}<\/script>\n<!-- \/ Yoast SEO plugin. -->","yoast_head_json":{"title":"Ansvarstagande och engagemang viktigast - Framtidens karri\u00e4r IT & Data","robots":{"index":"index","follow":"follow","max-snippet":"max-snippet:-1","max-image-preview":"max-image-preview:large","max-video-preview":"max-video-preview:-1"},"canonical":"https:\/\/framtidenskarriar.se\/itdata\/2016\/02\/09\/ansvarstagande-och-engagemang-viktigast\/","og_locale":"sv_SE","og_type":"article","og_title":"Ansvarstagande och engagemang viktigast - Framtidens karri\u00e4r IT & Data","og_description":"Enligt Framtidens Karri\u00e4r \u2013 It &amp; Datas trendunders\u00f6kning, som genomf\u00f6rts i samarbete med VOC Nordic,...","og_url":"https:\/\/framtidenskarriar.se\/itdata\/2016\/02\/09\/ansvarstagande-och-engagemang-viktigast\/","og_site_name":"Framtidens karri\u00e4r IT & Data","article_published_time":"2016-02-09T20:26:52+00:00","og_image":[{"width":1000,"height":665,"url":"https:\/\/framtidenskarriar.se\/itdata\/wp-content\/uploads\/sites\/13\/2016\/02\/itchefer-marie-eriksson-1.jpg","type":"image\/jpeg"}],"author":"stellanstal","twitter_card":"summary_large_image","twitter_misc":{"Skriven av":"stellanstal","Ber\u00e4knad l\u00e4stid":"3 minuter"},"schema":{"@context":"https:\/\/schema.org","@graph":[{"@type":"Article","@id":"https:\/\/framtidenskarriar.se\/itdata\/2016\/02\/09\/ansvarstagande-och-engagemang-viktigast\/#article","isPartOf":{"@id":"https:\/\/framtidenskarriar.se\/itdata\/2016\/02\/09\/ansvarstagande-och-engagemang-viktigast\/"},"author":{"name":"stellanstal","@id":"https:\/\/framtidenskarriar.se\/itdata\/#\/schema\/person\/c8a43eb855191e573b73ecf8987a3b99"},"headline":"Ansvarstagande och engagemang viktigast","datePublished":"2016-02-09T20:26:52+00:00","mainEntityOfPage":{"@id":"https:\/\/framtidenskarriar.se\/itdata\/2016\/02\/09\/ansvarstagande-och-engagemang-viktigast\/"},"wordCount":552,"image":{"@id":"https:\/\/framtidenskarriar.se\/itdata\/2016\/02\/09\/ansvarstagande-och-engagemang-viktigast\/#primaryimage"},"thumbnailUrl":"https:\/\/framtidenskarriar.se\/itdata\/wp-content\/uploads\/sites\/13\/2016\/02\/itchefer-marie-eriksson-1.jpg","articleSection":["Artikel"],"inLanguage":"sv-SE"},{"@type":"WebPage","@id":"https:\/\/framtidenskarriar.se\/itdata\/2016\/02\/09\/ansvarstagande-och-engagemang-viktigast\/","url":"https:\/\/framtidenskarriar.se\/itdata\/2016\/02\/09\/ansvarstagande-och-engagemang-viktigast\/","name":"Ansvarstagande och engagemang viktigast - Framtidens karri\u00e4r IT & Data","isPartOf":{"@id":"https:\/\/framtidenskarriar.se\/itdata\/#website"},"primaryImageOfPage":{"@id":"https:\/\/framtidenskarriar.se\/itdata\/2016\/02\/09\/ansvarstagande-och-engagemang-viktigast\/#primaryimage"},"image":{"@id":"https:\/\/framtidenskarriar.se\/itdata\/2016\/02\/09\/ansvarstagande-och-engagemang-viktigast\/#primaryimage"},"thumbnailUrl":"https:\/\/framtidenskarriar.se\/itdata\/wp-content\/uploads\/sites\/13\/2016\/02\/itchefer-marie-eriksson-1.jpg","datePublished":"2016-02-09T20:26:52+00:00","author":{"@id":"https:\/\/framtidenskarriar.se\/itdata\/#\/schema\/person\/c8a43eb855191e573b73ecf8987a3b99"},"breadcrumb":{"@id":"https:\/\/framtidenskarriar.se\/itdata\/2016\/02\/09\/ansvarstagande-och-engagemang-viktigast\/#breadcrumb"},"inLanguage":"sv-SE","potentialAction":[{"@type":"ReadAction","target":["https:\/\/framtidenskarriar.se\/itdata\/2016\/02\/09\/ansvarstagande-och-engagemang-viktigast\/"]}]},{"@type":"ImageObject","inLanguage":"sv-SE","@id":"https:\/\/framtidenskarriar.se\/itdata\/2016\/02\/09\/ansvarstagande-och-engagemang-viktigast\/#primaryimage","url":"https:\/\/framtidenskarriar.se\/itdata\/wp-content\/uploads\/sites\/13\/2016\/02\/itchefer-marie-eriksson-1.jpg","contentUrl":"https:\/\/framtidenskarriar.se\/itdata\/wp-content\/uploads\/sites\/13\/2016\/02\/itchefer-marie-eriksson-1.jpg","width":1000,"height":665,"caption":"Portr\u008att Dfind G\u009ateborg."},{"@type":"BreadcrumbList","@id":"https:\/\/framtidenskarriar.se\/itdata\/2016\/02\/09\/ansvarstagande-och-engagemang-viktigast\/#breadcrumb","itemListElement":[{"@type":"ListItem","position":1,"name":"Home","item":"https:\/\/framtidenskarriar.se\/itdata\/"},{"@type":"ListItem","position":2,"name":"Ansvarstagande och engagemang viktigast"}]},{"@type":"WebSite","@id":"https:\/\/framtidenskarriar.se\/itdata\/#website","url":"https:\/\/framtidenskarriar.se\/itdata\/","name":"Framtidens karri\u00e4r IT & Data","description":"Just another NMDashboard.se Sites site","potentialAction":[{"@type":"SearchAction","target":{"@type":"EntryPoint","urlTemplate":"https:\/\/framtidenskarriar.se\/itdata\/?s={search_term_string}"},"query-input":{"@type":"PropertyValueSpecification","valueRequired":true,"valueName":"search_term_string"}}],"inLanguage":"sv-SE"},{"@type":"Person","@id":"https:\/\/framtidenskarriar.se\/itdata\/#\/schema\/person\/c8a43eb855191e573b73ecf8987a3b99","name":"stellanstal","image":{"@type":"ImageObject","inLanguage":"sv-SE","@id":"https:\/\/secure.gravatar.com\/avatar\/cd330fa6bb17f598124b2068ee0b189e4fe0987a50af9d53b78410836060d0c9?s=96&d=mm&r=g","url":"https:\/\/secure.gravatar.com\/avatar\/cd330fa6bb17f598124b2068ee0b189e4fe0987a50af9d53b78410836060d0c9?s=96&d=mm&r=g","contentUrl":"https:\/\/secure.gravatar.com\/avatar\/cd330fa6bb17f598124b2068ee0b189e4fe0987a50af9d53b78410836060d0c9?s=96&d=mm&r=g","caption":"stellanstal"},"url":"https:\/\/framtidenskarriar.se\/itdata\/author\/stellanstal\/"}]}},"_links":{"self":[{"href":"https:\/\/framtidenskarriar.se\/itdata\/wp-json\/wp\/v2\/posts\/5065","targetHints":{"allow":["GET"]}}],"collection":[{"href":"https:\/\/framtidenskarriar.se\/itdata\/wp-json\/wp\/v2\/posts"}],"about":[{"href":"https:\/\/framtidenskarriar.se\/itdata\/wp-json\/wp\/v2\/types\/post"}],"author":[{"embeddable":true,"href":"https:\/\/framtidenskarriar.se\/itdata\/wp-json\/wp\/v2\/users\/3"}],"replies":[{"embeddable":true,"href":"https:\/\/framtidenskarriar.se\/itdata\/wp-json\/wp\/v2\/comments?post=5065"}],"version-history":[{"count":0,"href":"https:\/\/framtidenskarriar.se\/itdata\/wp-json\/wp\/v2\/posts\/5065\/revisions"}],"wp:featuredmedia":[{"embeddable":true,"href":"https:\/\/framtidenskarriar.se\/itdata\/wp-json\/wp\/v2\/media\/5282"}],"wp:attachment":[{"href":"https:\/\/framtidenskarriar.se\/itdata\/wp-json\/wp\/v2\/media?parent=5065"}],"wp:term":[{"taxonomy":"category","embeddable":true,"href":"https:\/\/framtidenskarriar.se\/itdata\/wp-json\/wp\/v2\/categories?post=5065"},{"taxonomy":"post_tag","embeddable":true,"href":"https:\/\/framtidenskarriar.se\/itdata\/wp-json\/wp\/v2\/tags?post=5065"}],"curies":[{"name":"wp","href":"https:\/\/api.w.org\/{rel}","templated":true}]}}