{"id":5072,"date":"2016-02-09T22:27:48","date_gmt":"2016-02-09T20:27:48","guid":{"rendered":"http:\/\/framtidenskarriar.se\/itdata\/?p=5072"},"modified":"2016-02-09T22:27:48","modified_gmt":"2016-02-09T20:27:48","slug":"digitaliseringen-in-i-ny-fas","status":"publish","type":"post","link":"https:\/\/framtidenskarriar.se\/itdata\/2016\/02\/09\/digitaliseringen-in-i-ny-fas\/","title":{"rendered":"Digitaliseringen in i ny fas"},"content":{"rendered":"<figure id=\"attachment_5074\" aria-describedby=\"caption-attachment-5074\" style=\"width: 1000px\" class=\"wp-caption alignnone\"><img loading=\"lazy\" decoding=\"async\" class=\"size-full wp-image-5074\" src=\"https:\/\/framtidenskarriar.se\/itdata\/wp-content\/uploads\/sites\/13\/2016\/02\/kommuner-torbjorn-larsson.jpg\" alt=\"Torbj\u00f6rn Larsson, ordf\u00f6rande f\u00f6r KommITS.\" width=\"1000\" height=\"637\" srcset=\"https:\/\/framtidenskarriar.se\/itdata\/wp-content\/uploads\/sites\/13\/2016\/02\/kommuner-torbjorn-larsson.jpg 1000w, https:\/\/framtidenskarriar.se\/itdata\/wp-content\/uploads\/sites\/13\/2016\/02\/kommuner-torbjorn-larsson-300x191.jpg 300w, https:\/\/framtidenskarriar.se\/itdata\/wp-content\/uploads\/sites\/13\/2016\/02\/kommuner-torbjorn-larsson-768x489.jpg 768w, https:\/\/framtidenskarriar.se\/itdata\/wp-content\/uploads\/sites\/13\/2016\/02\/kommuner-torbjorn-larsson-251x160.jpg 251w, https:\/\/framtidenskarriar.se\/itdata\/wp-content\/uploads\/sites\/13\/2016\/02\/kommuner-torbjorn-larsson-526x335.jpg 526w, https:\/\/framtidenskarriar.se\/itdata\/wp-content\/uploads\/sites\/13\/2016\/02\/kommuner-torbjorn-larsson-720x459.jpg 720w, https:\/\/framtidenskarriar.se\/itdata\/wp-content\/uploads\/sites\/13\/2016\/02\/kommuner-torbjorn-larsson-960x612.jpg 960w\" sizes=\"auto, (max-width: 1000px) 100vw, 1000px\" \/><figcaption id=\"caption-attachment-5074\" class=\"wp-caption-text\">Torbj\u00f6rn Larsson, ordf\u00f6rande f\u00f6r KommITS.<\/figcaption><\/figure>\n<p><strong>Digitaliseringen av medborgartj\u00e4nster inom den offentliga sektorn har g\u00e5tt in en ny fas.<br \/>\n\u2013 I b\u00f6rjan handlade det ofta om ett elektroniskt formul\u00e4r som gjorde tj\u00e4nsten digital f\u00f6r medborgaren \u2013 fast inte f\u00f6r handl\u00e4ggaren. Idag blir allt fler tj\u00e4nster helt automatiserade, s\u00e4ger Torbj\u00f6rn Larsson, ordf\u00f6rande f\u00f6r KommITS.<\/strong><\/p>\n<p>M\u00e5nga kommuner kan redan idag erbjuda sina inv\u00e5nare e-tj\u00e4nster f\u00f6r medborgarservice s\u00e5 som ans\u00f6knings- och tillst\u00e5ndsprocesser inom stadsbyggnad, barnomsorg och socialf\u00f6rvaltning. Till det kommer olika former av telemedicinska l\u00f6sningar som inneb\u00e4r att personer kan ha kontakt med v\u00e5rdpersonal via videokommunikation i hemmet. Visionen \u00e4r att tj\u00e4nsterna ska vara tillg\u00e4ngliga dygnet runt.<br \/>\nHelst ska allt ligga samlat p\u00e5 ett st\u00e4lle, med en enda inloggning \u2013 g\u00e4rna statliga myndigheter och kommunen tillsammans.<br \/>\nDit \u00e4r det en bit kvar. Torbj\u00f6rn Larsson konstaterar att Sverige \u00e4r ett avl\u00e5ngt land och att olika kommuner har kommit olika l\u00e5ngt.<br \/>\n\u2013 Sj\u00e4lvklart spelar befolkningsunderlag och antal \u00e4renden stor roll. F\u00f6r en liten kommun som handl\u00e4gger ett f\u00e5tal bygglovs\u00e4renden om \u00e5ret \u00e4r investeringar i ny it inte lika sj\u00e4lvklar som f\u00f6r en stor kommun.<\/p>\n<p><strong>Samlat grepp<\/strong><br \/>\nTorbj\u00f6rn Larsson arbetar \u00e4ven som it-strateg inom Falkenbergs kommun. H\u00e4r har man tagit ett samlat grepp om all information som kr\u00e4vs inf\u00f6r skolstarten.<br \/>\n\u2013 Det handlar om allt fr\u00e5n anm\u00e4lan om specialkost till ans\u00f6kan om modersm\u00e5lsundervisning och val av skola. Tidigare var det elva, tolv blanketter som skulle fyllas i. Det var inte heller ovanligt att vi fick in olika information fr\u00e5n tv\u00e5 v\u00e5rdnadshavare. Idag sker all informationsinl\u00e4mning via en tj\u00e4nst p\u00e5 kommunens hemsida, n\u00e5got som underl\u00e4ttar enormt b\u00e5de f\u00f6r inv\u00e5nare och handl\u00e4ggare.<br \/>\nEtt s\u00e4tt f\u00f6r mindre kommuner att utveckla den kommunala servicen till sina medborgare \u00e4r sambruk.<br \/>\n\u2013 Flera kommuner kan g\u00e5 samman och dela p\u00e5 olika tj\u00e4nster. Jag tror ocks\u00e5 att det kommer att bli allt vanligare med kommunala tj\u00e4nster som ligger utanf\u00f6r kommunens egen plattform.<br \/>\nEtt exempel p\u00e5 det \u00e4r Fixa min gata som drivs som en molntj\u00e4nst och kan ta emot rapporter om problem i gatumilj\u00f6n fr\u00e5n medborgare i samtliga svenska kommuner och automatiskt skickar dessa till r\u00e4tt kommun. Vi \u00e4r \u00e4nnu bara i b\u00f6rjan av den utvecklingen, men helt klart \u00e4r det en trend som kommit f\u00f6r att stanna.<\/p>\n","protected":false},"excerpt":{"rendered":"<p>Digitaliseringen av medborgartj\u00e4nster inom den offentliga sektorn har g\u00e5tt in en ny fas. \u2013 I&#8230;<\/p>\n","protected":false},"author":3,"featured_media":5280,"comment_status":"closed","ping_status":"open","sticky":false,"template":"","format":"standard","meta":{"_acf_changed":false,"_monsterinsights_skip_tracking":false,"_monsterinsights_sitenote_active":false,"_monsterinsights_sitenote_note":"","_monsterinsights_sitenote_category":0,"footnotes":""},"categories":[1],"tags":[],"class_list":["post-5072","post","type-post","status-publish","format-standard","has-post-thumbnail","hentry","category-artikel"],"acf":[],"yoast_head":"<!-- This site is optimized with the Yoast SEO plugin v27.3 - https:\/\/yoast.com\/product\/yoast-seo-wordpress\/ -->\n<title>Digitaliseringen in i ny fas - Framtidens karri\u00e4r IT &amp; Data<\/title>\n<meta name=\"robots\" content=\"index, follow, max-snippet:-1, max-image-preview:large, max-video-preview:-1\" \/>\n<link rel=\"canonical\" href=\"https:\/\/framtidenskarriar.se\/itdata\/2016\/02\/09\/digitaliseringen-in-i-ny-fas\/\" \/>\n<meta property=\"og:locale\" content=\"sv_SE\" \/>\n<meta property=\"og:type\" content=\"article\" \/>\n<meta property=\"og:title\" content=\"Digitaliseringen in i ny fas - Framtidens karri\u00e4r IT &amp; Data\" \/>\n<meta property=\"og:description\" content=\"Digitaliseringen av medborgartj\u00e4nster inom den offentliga sektorn har g\u00e5tt in en ny fas. \u2013 I...\" \/>\n<meta property=\"og:url\" content=\"https:\/\/framtidenskarriar.se\/itdata\/2016\/02\/09\/digitaliseringen-in-i-ny-fas\/\" \/>\n<meta property=\"og:site_name\" content=\"Framtidens karri\u00e4r IT &amp; Data\" \/>\n<meta property=\"article:published_time\" content=\"2016-02-09T20:27:48+00:00\" \/>\n<meta property=\"og:image\" content=\"https:\/\/framtidenskarriar.se\/itdata\/wp-content\/uploads\/sites\/13\/2016\/02\/kommuner-torbjorn-larsson-1.jpg\" \/>\n\t<meta property=\"og:image:width\" content=\"1000\" \/>\n\t<meta property=\"og:image:height\" content=\"637\" \/>\n\t<meta property=\"og:image:type\" content=\"image\/jpeg\" \/>\n<meta name=\"author\" content=\"stellanstal\" \/>\n<meta name=\"twitter:card\" content=\"summary_large_image\" \/>\n<meta name=\"twitter:label1\" content=\"Skriven av\" \/>\n\t<meta name=\"twitter:data1\" content=\"stellanstal\" \/>\n\t<meta name=\"twitter:label2\" content=\"Ber\u00e4knad l\u00e4stid\" \/>\n\t<meta name=\"twitter:data2\" content=\"2 minuter\" \/>\n<script type=\"application\/ld+json\" class=\"yoast-schema-graph\">{\"@context\":\"https:\\\/\\\/schema.org\",\"@graph\":[{\"@type\":\"Article\",\"@id\":\"https:\\\/\\\/framtidenskarriar.se\\\/itdata\\\/2016\\\/02\\\/09\\\/digitaliseringen-in-i-ny-fas\\\/#article\",\"isPartOf\":{\"@id\":\"https:\\\/\\\/framtidenskarriar.se\\\/itdata\\\/2016\\\/02\\\/09\\\/digitaliseringen-in-i-ny-fas\\\/\"},\"author\":{\"name\":\"stellanstal\",\"@id\":\"https:\\\/\\\/framtidenskarriar.se\\\/itdata\\\/#\\\/schema\\\/person\\\/c8a43eb855191e573b73ecf8987a3b99\"},\"headline\":\"Digitaliseringen in i ny fas\",\"datePublished\":\"2016-02-09T20:27:48+00:00\",\"mainEntityOfPage\":{\"@id\":\"https:\\\/\\\/framtidenskarriar.se\\\/itdata\\\/2016\\\/02\\\/09\\\/digitaliseringen-in-i-ny-fas\\\/\"},\"wordCount\":439,\"image\":{\"@id\":\"https:\\\/\\\/framtidenskarriar.se\\\/itdata\\\/2016\\\/02\\\/09\\\/digitaliseringen-in-i-ny-fas\\\/#primaryimage\"},\"thumbnailUrl\":\"https:\\\/\\\/framtidenskarriar.se\\\/itdata\\\/wp-content\\\/uploads\\\/sites\\\/13\\\/2016\\\/02\\\/kommuner-torbjorn-larsson-1.jpg\",\"articleSection\":[\"Artikel\"],\"inLanguage\":\"sv-SE\"},{\"@type\":\"WebPage\",\"@id\":\"https:\\\/\\\/framtidenskarriar.se\\\/itdata\\\/2016\\\/02\\\/09\\\/digitaliseringen-in-i-ny-fas\\\/\",\"url\":\"https:\\\/\\\/framtidenskarriar.se\\\/itdata\\\/2016\\\/02\\\/09\\\/digitaliseringen-in-i-ny-fas\\\/\",\"name\":\"Digitaliseringen in i ny fas - Framtidens karri\u00e4r IT & Data\",\"isPartOf\":{\"@id\":\"https:\\\/\\\/framtidenskarriar.se\\\/itdata\\\/#website\"},\"primaryImageOfPage\":{\"@id\":\"https:\\\/\\\/framtidenskarriar.se\\\/itdata\\\/2016\\\/02\\\/09\\\/digitaliseringen-in-i-ny-fas\\\/#primaryimage\"},\"image\":{\"@id\":\"https:\\\/\\\/framtidenskarriar.se\\\/itdata\\\/2016\\\/02\\\/09\\\/digitaliseringen-in-i-ny-fas\\\/#primaryimage\"},\"thumbnailUrl\":\"https:\\\/\\\/framtidenskarriar.se\\\/itdata\\\/wp-content\\\/uploads\\\/sites\\\/13\\\/2016\\\/02\\\/kommuner-torbjorn-larsson-1.jpg\",\"datePublished\":\"2016-02-09T20:27:48+00:00\",\"author\":{\"@id\":\"https:\\\/\\\/framtidenskarriar.se\\\/itdata\\\/#\\\/schema\\\/person\\\/c8a43eb855191e573b73ecf8987a3b99\"},\"breadcrumb\":{\"@id\":\"https:\\\/\\\/framtidenskarriar.se\\\/itdata\\\/2016\\\/02\\\/09\\\/digitaliseringen-in-i-ny-fas\\\/#breadcrumb\"},\"inLanguage\":\"sv-SE\",\"potentialAction\":[{\"@type\":\"ReadAction\",\"target\":[\"https:\\\/\\\/framtidenskarriar.se\\\/itdata\\\/2016\\\/02\\\/09\\\/digitaliseringen-in-i-ny-fas\\\/\"]}]},{\"@type\":\"ImageObject\",\"inLanguage\":\"sv-SE\",\"@id\":\"https:\\\/\\\/framtidenskarriar.se\\\/itdata\\\/2016\\\/02\\\/09\\\/digitaliseringen-in-i-ny-fas\\\/#primaryimage\",\"url\":\"https:\\\/\\\/framtidenskarriar.se\\\/itdata\\\/wp-content\\\/uploads\\\/sites\\\/13\\\/2016\\\/02\\\/kommuner-torbjorn-larsson-1.jpg\",\"contentUrl\":\"https:\\\/\\\/framtidenskarriar.se\\\/itdata\\\/wp-content\\\/uploads\\\/sites\\\/13\\\/2016\\\/02\\\/kommuner-torbjorn-larsson-1.jpg\",\"width\":1000,\"height\":637},{\"@type\":\"BreadcrumbList\",\"@id\":\"https:\\\/\\\/framtidenskarriar.se\\\/itdata\\\/2016\\\/02\\\/09\\\/digitaliseringen-in-i-ny-fas\\\/#breadcrumb\",\"itemListElement\":[{\"@type\":\"ListItem\",\"position\":1,\"name\":\"Home\",\"item\":\"https:\\\/\\\/framtidenskarriar.se\\\/itdata\\\/\"},{\"@type\":\"ListItem\",\"position\":2,\"name\":\"Digitaliseringen in i ny fas\"}]},{\"@type\":\"WebSite\",\"@id\":\"https:\\\/\\\/framtidenskarriar.se\\\/itdata\\\/#website\",\"url\":\"https:\\\/\\\/framtidenskarriar.se\\\/itdata\\\/\",\"name\":\"Framtidens karri\u00e4r IT & Data\",\"description\":\"Just another NMDashboard.se Sites site\",\"potentialAction\":[{\"@type\":\"SearchAction\",\"target\":{\"@type\":\"EntryPoint\",\"urlTemplate\":\"https:\\\/\\\/framtidenskarriar.se\\\/itdata\\\/?s={search_term_string}\"},\"query-input\":{\"@type\":\"PropertyValueSpecification\",\"valueRequired\":true,\"valueName\":\"search_term_string\"}}],\"inLanguage\":\"sv-SE\"},{\"@type\":\"Person\",\"@id\":\"https:\\\/\\\/framtidenskarriar.se\\\/itdata\\\/#\\\/schema\\\/person\\\/c8a43eb855191e573b73ecf8987a3b99\",\"name\":\"stellanstal\",\"image\":{\"@type\":\"ImageObject\",\"inLanguage\":\"sv-SE\",\"@id\":\"https:\\\/\\\/secure.gravatar.com\\\/avatar\\\/cd330fa6bb17f598124b2068ee0b189e4fe0987a50af9d53b78410836060d0c9?s=96&d=mm&r=g\",\"url\":\"https:\\\/\\\/secure.gravatar.com\\\/avatar\\\/cd330fa6bb17f598124b2068ee0b189e4fe0987a50af9d53b78410836060d0c9?s=96&d=mm&r=g\",\"contentUrl\":\"https:\\\/\\\/secure.gravatar.com\\\/avatar\\\/cd330fa6bb17f598124b2068ee0b189e4fe0987a50af9d53b78410836060d0c9?s=96&d=mm&r=g\",\"caption\":\"stellanstal\"},\"url\":\"https:\\\/\\\/framtidenskarriar.se\\\/itdata\\\/author\\\/stellanstal\\\/\"}]}<\/script>\n<!-- \/ Yoast SEO plugin. -->","yoast_head_json":{"title":"Digitaliseringen in i ny fas - Framtidens karri\u00e4r IT & Data","robots":{"index":"index","follow":"follow","max-snippet":"max-snippet:-1","max-image-preview":"max-image-preview:large","max-video-preview":"max-video-preview:-1"},"canonical":"https:\/\/framtidenskarriar.se\/itdata\/2016\/02\/09\/digitaliseringen-in-i-ny-fas\/","og_locale":"sv_SE","og_type":"article","og_title":"Digitaliseringen in i ny fas - Framtidens karri\u00e4r IT & Data","og_description":"Digitaliseringen av medborgartj\u00e4nster inom den offentliga sektorn har g\u00e5tt in en ny fas. \u2013 I...","og_url":"https:\/\/framtidenskarriar.se\/itdata\/2016\/02\/09\/digitaliseringen-in-i-ny-fas\/","og_site_name":"Framtidens karri\u00e4r IT & Data","article_published_time":"2016-02-09T20:27:48+00:00","og_image":[{"width":1000,"height":637,"url":"https:\/\/framtidenskarriar.se\/itdata\/wp-content\/uploads\/sites\/13\/2016\/02\/kommuner-torbjorn-larsson-1.jpg","type":"image\/jpeg"}],"author":"stellanstal","twitter_card":"summary_large_image","twitter_misc":{"Skriven av":"stellanstal","Ber\u00e4knad l\u00e4stid":"2 minuter"},"schema":{"@context":"https:\/\/schema.org","@graph":[{"@type":"Article","@id":"https:\/\/framtidenskarriar.se\/itdata\/2016\/02\/09\/digitaliseringen-in-i-ny-fas\/#article","isPartOf":{"@id":"https:\/\/framtidenskarriar.se\/itdata\/2016\/02\/09\/digitaliseringen-in-i-ny-fas\/"},"author":{"name":"stellanstal","@id":"https:\/\/framtidenskarriar.se\/itdata\/#\/schema\/person\/c8a43eb855191e573b73ecf8987a3b99"},"headline":"Digitaliseringen in i ny fas","datePublished":"2016-02-09T20:27:48+00:00","mainEntityOfPage":{"@id":"https:\/\/framtidenskarriar.se\/itdata\/2016\/02\/09\/digitaliseringen-in-i-ny-fas\/"},"wordCount":439,"image":{"@id":"https:\/\/framtidenskarriar.se\/itdata\/2016\/02\/09\/digitaliseringen-in-i-ny-fas\/#primaryimage"},"thumbnailUrl":"https:\/\/framtidenskarriar.se\/itdata\/wp-content\/uploads\/sites\/13\/2016\/02\/kommuner-torbjorn-larsson-1.jpg","articleSection":["Artikel"],"inLanguage":"sv-SE"},{"@type":"WebPage","@id":"https:\/\/framtidenskarriar.se\/itdata\/2016\/02\/09\/digitaliseringen-in-i-ny-fas\/","url":"https:\/\/framtidenskarriar.se\/itdata\/2016\/02\/09\/digitaliseringen-in-i-ny-fas\/","name":"Digitaliseringen in i ny fas - Framtidens karri\u00e4r IT & Data","isPartOf":{"@id":"https:\/\/framtidenskarriar.se\/itdata\/#website"},"primaryImageOfPage":{"@id":"https:\/\/framtidenskarriar.se\/itdata\/2016\/02\/09\/digitaliseringen-in-i-ny-fas\/#primaryimage"},"image":{"@id":"https:\/\/framtidenskarriar.se\/itdata\/2016\/02\/09\/digitaliseringen-in-i-ny-fas\/#primaryimage"},"thumbnailUrl":"https:\/\/framtidenskarriar.se\/itdata\/wp-content\/uploads\/sites\/13\/2016\/02\/kommuner-torbjorn-larsson-1.jpg","datePublished":"2016-02-09T20:27:48+00:00","author":{"@id":"https:\/\/framtidenskarriar.se\/itdata\/#\/schema\/person\/c8a43eb855191e573b73ecf8987a3b99"},"breadcrumb":{"@id":"https:\/\/framtidenskarriar.se\/itdata\/2016\/02\/09\/digitaliseringen-in-i-ny-fas\/#breadcrumb"},"inLanguage":"sv-SE","potentialAction":[{"@type":"ReadAction","target":["https:\/\/framtidenskarriar.se\/itdata\/2016\/02\/09\/digitaliseringen-in-i-ny-fas\/"]}]},{"@type":"ImageObject","inLanguage":"sv-SE","@id":"https:\/\/framtidenskarriar.se\/itdata\/2016\/02\/09\/digitaliseringen-in-i-ny-fas\/#primaryimage","url":"https:\/\/framtidenskarriar.se\/itdata\/wp-content\/uploads\/sites\/13\/2016\/02\/kommuner-torbjorn-larsson-1.jpg","contentUrl":"https:\/\/framtidenskarriar.se\/itdata\/wp-content\/uploads\/sites\/13\/2016\/02\/kommuner-torbjorn-larsson-1.jpg","width":1000,"height":637},{"@type":"BreadcrumbList","@id":"https:\/\/framtidenskarriar.se\/itdata\/2016\/02\/09\/digitaliseringen-in-i-ny-fas\/#breadcrumb","itemListElement":[{"@type":"ListItem","position":1,"name":"Home","item":"https:\/\/framtidenskarriar.se\/itdata\/"},{"@type":"ListItem","position":2,"name":"Digitaliseringen in i ny fas"}]},{"@type":"WebSite","@id":"https:\/\/framtidenskarriar.se\/itdata\/#website","url":"https:\/\/framtidenskarriar.se\/itdata\/","name":"Framtidens karri\u00e4r IT & Data","description":"Just another NMDashboard.se Sites site","potentialAction":[{"@type":"SearchAction","target":{"@type":"EntryPoint","urlTemplate":"https:\/\/framtidenskarriar.se\/itdata\/?s={search_term_string}"},"query-input":{"@type":"PropertyValueSpecification","valueRequired":true,"valueName":"search_term_string"}}],"inLanguage":"sv-SE"},{"@type":"Person","@id":"https:\/\/framtidenskarriar.se\/itdata\/#\/schema\/person\/c8a43eb855191e573b73ecf8987a3b99","name":"stellanstal","image":{"@type":"ImageObject","inLanguage":"sv-SE","@id":"https:\/\/secure.gravatar.com\/avatar\/cd330fa6bb17f598124b2068ee0b189e4fe0987a50af9d53b78410836060d0c9?s=96&d=mm&r=g","url":"https:\/\/secure.gravatar.com\/avatar\/cd330fa6bb17f598124b2068ee0b189e4fe0987a50af9d53b78410836060d0c9?s=96&d=mm&r=g","contentUrl":"https:\/\/secure.gravatar.com\/avatar\/cd330fa6bb17f598124b2068ee0b189e4fe0987a50af9d53b78410836060d0c9?s=96&d=mm&r=g","caption":"stellanstal"},"url":"https:\/\/framtidenskarriar.se\/itdata\/author\/stellanstal\/"}]}},"_links":{"self":[{"href":"https:\/\/framtidenskarriar.se\/itdata\/wp-json\/wp\/v2\/posts\/5072","targetHints":{"allow":["GET"]}}],"collection":[{"href":"https:\/\/framtidenskarriar.se\/itdata\/wp-json\/wp\/v2\/posts"}],"about":[{"href":"https:\/\/framtidenskarriar.se\/itdata\/wp-json\/wp\/v2\/types\/post"}],"author":[{"embeddable":true,"href":"https:\/\/framtidenskarriar.se\/itdata\/wp-json\/wp\/v2\/users\/3"}],"replies":[{"embeddable":true,"href":"https:\/\/framtidenskarriar.se\/itdata\/wp-json\/wp\/v2\/comments?post=5072"}],"version-history":[{"count":0,"href":"https:\/\/framtidenskarriar.se\/itdata\/wp-json\/wp\/v2\/posts\/5072\/revisions"}],"wp:featuredmedia":[{"embeddable":true,"href":"https:\/\/framtidenskarriar.se\/itdata\/wp-json\/wp\/v2\/media\/5280"}],"wp:attachment":[{"href":"https:\/\/framtidenskarriar.se\/itdata\/wp-json\/wp\/v2\/media?parent=5072"}],"wp:term":[{"taxonomy":"category","embeddable":true,"href":"https:\/\/framtidenskarriar.se\/itdata\/wp-json\/wp\/v2\/categories?post=5072"},{"taxonomy":"post_tag","embeddable":true,"href":"https:\/\/framtidenskarriar.se\/itdata\/wp-json\/wp\/v2\/tags?post=5072"}],"curies":[{"name":"wp","href":"https:\/\/api.w.org\/{rel}","templated":true}]}}