{"id":5115,"date":"2016-02-09T23:09:04","date_gmt":"2016-02-09T21:09:04","guid":{"rendered":"http:\/\/framtidenskarriar.se\/itdata\/?p=5115"},"modified":"2016-02-09T23:09:04","modified_gmt":"2016-02-09T21:09:04","slug":"battre-affarer-med-jamn-konsbalans","status":"publish","type":"post","link":"https:\/\/framtidenskarriar.se\/itdata\/2016\/02\/09\/battre-affarer-med-jamn-konsbalans\/","title":{"rendered":"\u201dB\u00e4ttre aff\u00e4rer med j\u00e4mn k\u00f6nsbalans\u201d"},"content":{"rendered":"<figure id=\"attachment_5111\" aria-describedby=\"caption-attachment-5111\" style=\"width: 1000px\" class=\"wp-caption alignnone\"><img loading=\"lazy\" decoding=\"async\" class=\"size-full wp-image-5111\" src=\"https:\/\/framtidenskarriar.se\/itdata\/wp-content\/uploads\/sites\/13\/2016\/02\/womentor-1dx-0746.jpg\" alt=\"Johanna Berlinde, vice president och chef f\u00f6r TV and Media p\u00e5 TeliaSonera, mottagare av Womentorpriset 2015.\" width=\"1000\" height=\"649\" srcset=\"https:\/\/framtidenskarriar.se\/itdata\/wp-content\/uploads\/sites\/13\/2016\/02\/womentor-1dx-0746.jpg 1000w, https:\/\/framtidenskarriar.se\/itdata\/wp-content\/uploads\/sites\/13\/2016\/02\/womentor-1dx-0746-300x195.jpg 300w, https:\/\/framtidenskarriar.se\/itdata\/wp-content\/uploads\/sites\/13\/2016\/02\/womentor-1dx-0746-768x498.jpg 768w, https:\/\/framtidenskarriar.se\/itdata\/wp-content\/uploads\/sites\/13\/2016\/02\/womentor-1dx-0746-247x160.jpg 247w, https:\/\/framtidenskarriar.se\/itdata\/wp-content\/uploads\/sites\/13\/2016\/02\/womentor-1dx-0746-526x341.jpg 526w, https:\/\/framtidenskarriar.se\/itdata\/wp-content\/uploads\/sites\/13\/2016\/02\/womentor-1dx-0746-720x467.jpg 720w, https:\/\/framtidenskarriar.se\/itdata\/wp-content\/uploads\/sites\/13\/2016\/02\/womentor-1dx-0746-960x623.jpg 960w\" sizes=\"auto, (max-width: 1000px) 100vw, 1000px\" \/><figcaption id=\"caption-attachment-5111\" class=\"wp-caption-text\">Johanna Berlinde, vice president och chef f\u00f6r TV and Media p\u00e5 TeliaSonera, mottagare av Womentorpriset 2015.<\/figcaption><\/figure>\n<p><strong>F\u00f6retags aff\u00e4rer gynnas av en j\u00e4mn balans mellan andelen kvinnliga och manliga medarbetare. Det anser Johanna Berlinde, vice president och chef f\u00f6r TV and Media p\u00e5 TeliaSonera, som fick Womentorpriset 2015.<\/strong><\/p>\n<p>Med en j\u00e4mn k\u00f6nsbalans p\u00e5 arbetsplatsen blir arbetet roligare, diskussionerna intressantare, engagemanget st\u00f6rre och slutresultatet b\u00e4ttre, s\u00e4ger hon. Det har jag sj\u00e4lv upplevt p\u00e5 flera arbetsplatser. Skillnaden \u00e4r anm\u00e4rkningsv\u00e4rd.<br \/>\n\u2013 Den svenska telekombranschen skulle m\u00e5 bra av att ha en j\u00e4mn balans mellan kvinnor och m\u00e4n. N\u00e4r det blir verklighet v\u00e5gar jag inte s\u00e4ga. Men vi m\u00e5ste ha den m\u00e5ls\u00e4ttningen.<br \/>\nMed en civilekonomexamen i botten fick Johanna Berlinde anst\u00e4llning som \u201dmanagement trainee\u201d p\u00e5 Telia i mitten av 1990-talet. Det var s\u00e5 hon halkade in i telekombranschen. Den g\u00e5ngen var hon inte kvar p\u00e5 Telia mer \u00e4n tv\u00e5 \u00e5r, men hon stannade kvar i branschen.<\/p>\n<p><strong>Fick sitt f\u00f6rsta ledarjobb<\/strong><br \/>\nHon var 27 \u00e5r n\u00e4r hon fick sitt f\u00f6rsta ledarjobb. Sedan dess har hon varit f\u00f6rs\u00e4ljningschef, marknadschef, produktledningschef och aff\u00e4rsutvecklingschef p\u00e5 flera f\u00f6retag i telekombranschen. Hon trivs med att vara ledare.<br \/>\n\u2013 Det \u00e4r mycket sp\u00e4nnande och utvecklande att lyckas samla en st\u00f6rre grupp av m\u00e4nniskor kring gemensamma m\u00e5l och en strategi, och att uppn\u00e5 ett bra resultat.<br \/>\nSin nuvarande position har Johanna Berlinde haft sedan 2012. Avdelningen arbetar med Telia\u00adSoneras tv-verksamhet som finns i de nordiska och baltiska l\u00e4nderna. Den k\u00f6per in filmer och tv-kanaler som paketeras och distribueras till kunderna. Avdelningen ansvarar ocks\u00e5 f\u00f6r tv-verksamhetens produkt- och aff\u00e4rsutveckling.<br \/>\nSedan b\u00f6rjan av \u00e5ret har Johanna Berlindes roll breddats. D\u00e5 slogs avdelningen ihop med tv-verksamhetens teknikorganisation. Den nya enheten har totalt cirka 100 anst\u00e4llda.<\/p>\n<p><strong>Andelen kvinnor \u00f6kade markant<\/strong><br \/>\nEnligt Womentor-juryns motivering har Johanna Berlinde under l\u00e5ng tid, b\u00e5de i praktiken och i egenskap av f\u00f6rebild, bidragit till att markant \u00f6ka andelen kvinnor p\u00e5 medarbetar- och ledningspositioner i de organisationer hon varit verksam i.<br \/>\n\u2013 Jag \u00e4r ganska duktig p\u00e5 att se vilken potential olika individer har. M\u00e5nga kvinnor kliver inte sj\u00e4lva upp p\u00e5 barrikaderna och s\u00e4ger att de vill bli chef. Om jag k\u00e4nner att jag verkligen tror p\u00e5 n\u00e5gon \u00e4r jag bra p\u00e5 att peppa den personen att v\u00e5ga satsa.<br \/>\nI juryns motivering n\u00e4mns ocks\u00e5 att Johanna Berlinde s\u00e5v\u00e4l formellt som informellt har varit mentor \u00e5t b\u00e5de kvinnor och m\u00e4n.<br \/>\n\u2013 Jag tror att mentorer g\u00f6r stor nytta f\u00f6r sina adepter. Jag har sj\u00e4lv haft mentor vid ett par tillf\u00e4llen. Det \u00e4r mycket v\u00e4rdefullt att ha tillg\u00e5ng till en erfaren person som man kan diskutera b\u00e5de stort och sm\u00e5tt med.<br \/>\nJohanna Berlinde har n\u00e5gra r\u00e5d till kvinnor som vill g\u00f6ra karri\u00e4r i s\u00e5v\u00e4l telekombranschen som i andra branscher.<br \/>\n\u2013 De ska vara medvetna om att de med all sannolikhet har en mycket st\u00f6rre potential \u00e4n de tror. De ska ocks\u00e5 vara medvetna om att de inte \u00e4r ensamma. De kan ta reda p\u00e5 hur det f\u00f6retag de kanske ska b\u00f6rja jobba p\u00e5 arbetar med j\u00e4mst\u00e4lldhetsfr\u00e5gor. Ett gott r\u00e5d \u00e4r ocks\u00e5 att de alltid b\u00f6r l\u00e4gga ned lite tid p\u00e5 att odla och v\u00e5rda sina n\u00e4tverk, s\u00e4ger Johanna Berlinde.<\/p>\n<div class=\"faktaruta2-title\">Johanna Berlinde<\/div><div class=\"faktaruta2\"><strong>Johanna Berlinde b\u00f6rjade sin karri\u00e4r<\/strong> p\u00e5 Gylling Optima Batteries. Sedan var hon trainee och butikschef p\u00e5 Telia. D\u00e4refter hade hon flera chefsbefattningar p\u00e5 Tele2. Hon kom till TeliaSonera 2012 och var vice president och chef f\u00f6r TV &amp; Entertainment fram till b\u00f6rjan av det h\u00e4r \u00e5ret d\u00e5 hon har blivit vice president och chef f\u00f6r TV and Media. Hon gick Ruter Dams chefsutvecklingsprogram 2015.<\/div>\n","protected":false},"excerpt":{"rendered":"<p>F\u00f6retags aff\u00e4rer gynnas av en j\u00e4mn balans mellan andelen kvinnliga och manliga medarbetare. Det anser&#8230;<\/p>\n","protected":false},"author":3,"featured_media":5252,"comment_status":"closed","ping_status":"open","sticky":false,"template":"","format":"standard","meta":{"_acf_changed":false,"_monsterinsights_skip_tracking":false,"_monsterinsights_sitenote_active":false,"_monsterinsights_sitenote_note":"","_monsterinsights_sitenote_category":0,"footnotes":""},"categories":[1],"tags":[],"class_list":["post-5115","post","type-post","status-publish","format-standard","has-post-thumbnail","hentry","category-artikel"],"acf":[],"yoast_head":"<!-- This site is optimized with the Yoast SEO plugin v27.3 - https:\/\/yoast.com\/product\/yoast-seo-wordpress\/ -->\n<title>\u201dB\u00e4ttre aff\u00e4rer med j\u00e4mn k\u00f6nsbalans\u201d - Framtidens karri\u00e4r IT &amp; Data<\/title>\n<meta name=\"robots\" content=\"index, follow, max-snippet:-1, max-image-preview:large, max-video-preview:-1\" \/>\n<link rel=\"canonical\" href=\"https:\/\/framtidenskarriar.se\/itdata\/2016\/02\/09\/battre-affarer-med-jamn-konsbalans\/\" \/>\n<meta property=\"og:locale\" content=\"sv_SE\" \/>\n<meta property=\"og:type\" content=\"article\" \/>\n<meta property=\"og:title\" content=\"\u201dB\u00e4ttre aff\u00e4rer med j\u00e4mn k\u00f6nsbalans\u201d - Framtidens karri\u00e4r IT &amp; Data\" \/>\n<meta property=\"og:description\" content=\"F\u00f6retags aff\u00e4rer gynnas av en j\u00e4mn balans mellan andelen kvinnliga och manliga medarbetare. Det anser...\" \/>\n<meta property=\"og:url\" content=\"https:\/\/framtidenskarriar.se\/itdata\/2016\/02\/09\/battre-affarer-med-jamn-konsbalans\/\" \/>\n<meta property=\"og:site_name\" content=\"Framtidens karri\u00e4r IT &amp; Data\" \/>\n<meta property=\"article:published_time\" content=\"2016-02-09T21:09:04+00:00\" \/>\n<meta property=\"og:image\" content=\"https:\/\/framtidenskarriar.se\/itdata\/wp-content\/uploads\/sites\/13\/2016\/02\/womentor-1dx-0746-1.jpg\" \/>\n\t<meta property=\"og:image:width\" content=\"1000\" \/>\n\t<meta property=\"og:image:height\" content=\"649\" \/>\n\t<meta property=\"og:image:type\" content=\"image\/jpeg\" \/>\n<meta name=\"author\" content=\"stellanstal\" \/>\n<meta name=\"twitter:card\" content=\"summary_large_image\" \/>\n<meta name=\"twitter:label1\" content=\"Skriven av\" \/>\n\t<meta name=\"twitter:data1\" content=\"stellanstal\" \/>\n\t<meta name=\"twitter:label2\" content=\"Ber\u00e4knad l\u00e4stid\" \/>\n\t<meta name=\"twitter:data2\" content=\"3 minuter\" \/>\n<script type=\"application\/ld+json\" class=\"yoast-schema-graph\">{\"@context\":\"https:\\\/\\\/schema.org\",\"@graph\":[{\"@type\":\"Article\",\"@id\":\"https:\\\/\\\/framtidenskarriar.se\\\/itdata\\\/2016\\\/02\\\/09\\\/battre-affarer-med-jamn-konsbalans\\\/#article\",\"isPartOf\":{\"@id\":\"https:\\\/\\\/framtidenskarriar.se\\\/itdata\\\/2016\\\/02\\\/09\\\/battre-affarer-med-jamn-konsbalans\\\/\"},\"author\":{\"name\":\"stellanstal\",\"@id\":\"https:\\\/\\\/framtidenskarriar.se\\\/itdata\\\/#\\\/schema\\\/person\\\/c8a43eb855191e573b73ecf8987a3b99\"},\"headline\":\"\u201dB\u00e4ttre aff\u00e4rer med j\u00e4mn k\u00f6nsbalans\u201d\",\"datePublished\":\"2016-02-09T21:09:04+00:00\",\"mainEntityOfPage\":{\"@id\":\"https:\\\/\\\/framtidenskarriar.se\\\/itdata\\\/2016\\\/02\\\/09\\\/battre-affarer-med-jamn-konsbalans\\\/\"},\"wordCount\":675,\"image\":{\"@id\":\"https:\\\/\\\/framtidenskarriar.se\\\/itdata\\\/2016\\\/02\\\/09\\\/battre-affarer-med-jamn-konsbalans\\\/#primaryimage\"},\"thumbnailUrl\":\"https:\\\/\\\/framtidenskarriar.se\\\/itdata\\\/wp-content\\\/uploads\\\/sites\\\/13\\\/2016\\\/02\\\/womentor-1dx-0746-1.jpg\",\"articleSection\":[\"Artikel\"],\"inLanguage\":\"sv-SE\"},{\"@type\":\"WebPage\",\"@id\":\"https:\\\/\\\/framtidenskarriar.se\\\/itdata\\\/2016\\\/02\\\/09\\\/battre-affarer-med-jamn-konsbalans\\\/\",\"url\":\"https:\\\/\\\/framtidenskarriar.se\\\/itdata\\\/2016\\\/02\\\/09\\\/battre-affarer-med-jamn-konsbalans\\\/\",\"name\":\"\u201dB\u00e4ttre aff\u00e4rer med j\u00e4mn k\u00f6nsbalans\u201d - Framtidens karri\u00e4r IT & Data\",\"isPartOf\":{\"@id\":\"https:\\\/\\\/framtidenskarriar.se\\\/itdata\\\/#website\"},\"primaryImageOfPage\":{\"@id\":\"https:\\\/\\\/framtidenskarriar.se\\\/itdata\\\/2016\\\/02\\\/09\\\/battre-affarer-med-jamn-konsbalans\\\/#primaryimage\"},\"image\":{\"@id\":\"https:\\\/\\\/framtidenskarriar.se\\\/itdata\\\/2016\\\/02\\\/09\\\/battre-affarer-med-jamn-konsbalans\\\/#primaryimage\"},\"thumbnailUrl\":\"https:\\\/\\\/framtidenskarriar.se\\\/itdata\\\/wp-content\\\/uploads\\\/sites\\\/13\\\/2016\\\/02\\\/womentor-1dx-0746-1.jpg\",\"datePublished\":\"2016-02-09T21:09:04+00:00\",\"author\":{\"@id\":\"https:\\\/\\\/framtidenskarriar.se\\\/itdata\\\/#\\\/schema\\\/person\\\/c8a43eb855191e573b73ecf8987a3b99\"},\"breadcrumb\":{\"@id\":\"https:\\\/\\\/framtidenskarriar.se\\\/itdata\\\/2016\\\/02\\\/09\\\/battre-affarer-med-jamn-konsbalans\\\/#breadcrumb\"},\"inLanguage\":\"sv-SE\",\"potentialAction\":[{\"@type\":\"ReadAction\",\"target\":[\"https:\\\/\\\/framtidenskarriar.se\\\/itdata\\\/2016\\\/02\\\/09\\\/battre-affarer-med-jamn-konsbalans\\\/\"]}]},{\"@type\":\"ImageObject\",\"inLanguage\":\"sv-SE\",\"@id\":\"https:\\\/\\\/framtidenskarriar.se\\\/itdata\\\/2016\\\/02\\\/09\\\/battre-affarer-med-jamn-konsbalans\\\/#primaryimage\",\"url\":\"https:\\\/\\\/framtidenskarriar.se\\\/itdata\\\/wp-content\\\/uploads\\\/sites\\\/13\\\/2016\\\/02\\\/womentor-1dx-0746-1.jpg\",\"contentUrl\":\"https:\\\/\\\/framtidenskarriar.se\\\/itdata\\\/wp-content\\\/uploads\\\/sites\\\/13\\\/2016\\\/02\\\/womentor-1dx-0746-1.jpg\",\"width\":1000,\"height\":649},{\"@type\":\"BreadcrumbList\",\"@id\":\"https:\\\/\\\/framtidenskarriar.se\\\/itdata\\\/2016\\\/02\\\/09\\\/battre-affarer-med-jamn-konsbalans\\\/#breadcrumb\",\"itemListElement\":[{\"@type\":\"ListItem\",\"position\":1,\"name\":\"Home\",\"item\":\"https:\\\/\\\/framtidenskarriar.se\\\/itdata\\\/\"},{\"@type\":\"ListItem\",\"position\":2,\"name\":\"\u201dB\u00e4ttre aff\u00e4rer med j\u00e4mn k\u00f6nsbalans\u201d\"}]},{\"@type\":\"WebSite\",\"@id\":\"https:\\\/\\\/framtidenskarriar.se\\\/itdata\\\/#website\",\"url\":\"https:\\\/\\\/framtidenskarriar.se\\\/itdata\\\/\",\"name\":\"Framtidens karri\u00e4r IT & Data\",\"description\":\"Just another NMDashboard.se Sites site\",\"potentialAction\":[{\"@type\":\"SearchAction\",\"target\":{\"@type\":\"EntryPoint\",\"urlTemplate\":\"https:\\\/\\\/framtidenskarriar.se\\\/itdata\\\/?s={search_term_string}\"},\"query-input\":{\"@type\":\"PropertyValueSpecification\",\"valueRequired\":true,\"valueName\":\"search_term_string\"}}],\"inLanguage\":\"sv-SE\"},{\"@type\":\"Person\",\"@id\":\"https:\\\/\\\/framtidenskarriar.se\\\/itdata\\\/#\\\/schema\\\/person\\\/c8a43eb855191e573b73ecf8987a3b99\",\"name\":\"stellanstal\",\"image\":{\"@type\":\"ImageObject\",\"inLanguage\":\"sv-SE\",\"@id\":\"https:\\\/\\\/secure.gravatar.com\\\/avatar\\\/cd330fa6bb17f598124b2068ee0b189e4fe0987a50af9d53b78410836060d0c9?s=96&d=mm&r=g\",\"url\":\"https:\\\/\\\/secure.gravatar.com\\\/avatar\\\/cd330fa6bb17f598124b2068ee0b189e4fe0987a50af9d53b78410836060d0c9?s=96&d=mm&r=g\",\"contentUrl\":\"https:\\\/\\\/secure.gravatar.com\\\/avatar\\\/cd330fa6bb17f598124b2068ee0b189e4fe0987a50af9d53b78410836060d0c9?s=96&d=mm&r=g\",\"caption\":\"stellanstal\"},\"url\":\"https:\\\/\\\/framtidenskarriar.se\\\/itdata\\\/author\\\/stellanstal\\\/\"}]}<\/script>\n<!-- \/ Yoast SEO plugin. -->","yoast_head_json":{"title":"\u201dB\u00e4ttre aff\u00e4rer med j\u00e4mn k\u00f6nsbalans\u201d - Framtidens karri\u00e4r IT & Data","robots":{"index":"index","follow":"follow","max-snippet":"max-snippet:-1","max-image-preview":"max-image-preview:large","max-video-preview":"max-video-preview:-1"},"canonical":"https:\/\/framtidenskarriar.se\/itdata\/2016\/02\/09\/battre-affarer-med-jamn-konsbalans\/","og_locale":"sv_SE","og_type":"article","og_title":"\u201dB\u00e4ttre aff\u00e4rer med j\u00e4mn k\u00f6nsbalans\u201d - Framtidens karri\u00e4r IT & Data","og_description":"F\u00f6retags aff\u00e4rer gynnas av en j\u00e4mn balans mellan andelen kvinnliga och manliga medarbetare. Det anser...","og_url":"https:\/\/framtidenskarriar.se\/itdata\/2016\/02\/09\/battre-affarer-med-jamn-konsbalans\/","og_site_name":"Framtidens karri\u00e4r IT & Data","article_published_time":"2016-02-09T21:09:04+00:00","og_image":[{"width":1000,"height":649,"url":"https:\/\/framtidenskarriar.se\/itdata\/wp-content\/uploads\/sites\/13\/2016\/02\/womentor-1dx-0746-1.jpg","type":"image\/jpeg"}],"author":"stellanstal","twitter_card":"summary_large_image","twitter_misc":{"Skriven av":"stellanstal","Ber\u00e4knad l\u00e4stid":"3 minuter"},"schema":{"@context":"https:\/\/schema.org","@graph":[{"@type":"Article","@id":"https:\/\/framtidenskarriar.se\/itdata\/2016\/02\/09\/battre-affarer-med-jamn-konsbalans\/#article","isPartOf":{"@id":"https:\/\/framtidenskarriar.se\/itdata\/2016\/02\/09\/battre-affarer-med-jamn-konsbalans\/"},"author":{"name":"stellanstal","@id":"https:\/\/framtidenskarriar.se\/itdata\/#\/schema\/person\/c8a43eb855191e573b73ecf8987a3b99"},"headline":"\u201dB\u00e4ttre aff\u00e4rer med j\u00e4mn k\u00f6nsbalans\u201d","datePublished":"2016-02-09T21:09:04+00:00","mainEntityOfPage":{"@id":"https:\/\/framtidenskarriar.se\/itdata\/2016\/02\/09\/battre-affarer-med-jamn-konsbalans\/"},"wordCount":675,"image":{"@id":"https:\/\/framtidenskarriar.se\/itdata\/2016\/02\/09\/battre-affarer-med-jamn-konsbalans\/#primaryimage"},"thumbnailUrl":"https:\/\/framtidenskarriar.se\/itdata\/wp-content\/uploads\/sites\/13\/2016\/02\/womentor-1dx-0746-1.jpg","articleSection":["Artikel"],"inLanguage":"sv-SE"},{"@type":"WebPage","@id":"https:\/\/framtidenskarriar.se\/itdata\/2016\/02\/09\/battre-affarer-med-jamn-konsbalans\/","url":"https:\/\/framtidenskarriar.se\/itdata\/2016\/02\/09\/battre-affarer-med-jamn-konsbalans\/","name":"\u201dB\u00e4ttre aff\u00e4rer med j\u00e4mn k\u00f6nsbalans\u201d - Framtidens karri\u00e4r IT & Data","isPartOf":{"@id":"https:\/\/framtidenskarriar.se\/itdata\/#website"},"primaryImageOfPage":{"@id":"https:\/\/framtidenskarriar.se\/itdata\/2016\/02\/09\/battre-affarer-med-jamn-konsbalans\/#primaryimage"},"image":{"@id":"https:\/\/framtidenskarriar.se\/itdata\/2016\/02\/09\/battre-affarer-med-jamn-konsbalans\/#primaryimage"},"thumbnailUrl":"https:\/\/framtidenskarriar.se\/itdata\/wp-content\/uploads\/sites\/13\/2016\/02\/womentor-1dx-0746-1.jpg","datePublished":"2016-02-09T21:09:04+00:00","author":{"@id":"https:\/\/framtidenskarriar.se\/itdata\/#\/schema\/person\/c8a43eb855191e573b73ecf8987a3b99"},"breadcrumb":{"@id":"https:\/\/framtidenskarriar.se\/itdata\/2016\/02\/09\/battre-affarer-med-jamn-konsbalans\/#breadcrumb"},"inLanguage":"sv-SE","potentialAction":[{"@type":"ReadAction","target":["https:\/\/framtidenskarriar.se\/itdata\/2016\/02\/09\/battre-affarer-med-jamn-konsbalans\/"]}]},{"@type":"ImageObject","inLanguage":"sv-SE","@id":"https:\/\/framtidenskarriar.se\/itdata\/2016\/02\/09\/battre-affarer-med-jamn-konsbalans\/#primaryimage","url":"https:\/\/framtidenskarriar.se\/itdata\/wp-content\/uploads\/sites\/13\/2016\/02\/womentor-1dx-0746-1.jpg","contentUrl":"https:\/\/framtidenskarriar.se\/itdata\/wp-content\/uploads\/sites\/13\/2016\/02\/womentor-1dx-0746-1.jpg","width":1000,"height":649},{"@type":"BreadcrumbList","@id":"https:\/\/framtidenskarriar.se\/itdata\/2016\/02\/09\/battre-affarer-med-jamn-konsbalans\/#breadcrumb","itemListElement":[{"@type":"ListItem","position":1,"name":"Home","item":"https:\/\/framtidenskarriar.se\/itdata\/"},{"@type":"ListItem","position":2,"name":"\u201dB\u00e4ttre aff\u00e4rer med j\u00e4mn k\u00f6nsbalans\u201d"}]},{"@type":"WebSite","@id":"https:\/\/framtidenskarriar.se\/itdata\/#website","url":"https:\/\/framtidenskarriar.se\/itdata\/","name":"Framtidens karri\u00e4r IT & Data","description":"Just another NMDashboard.se Sites site","potentialAction":[{"@type":"SearchAction","target":{"@type":"EntryPoint","urlTemplate":"https:\/\/framtidenskarriar.se\/itdata\/?s={search_term_string}"},"query-input":{"@type":"PropertyValueSpecification","valueRequired":true,"valueName":"search_term_string"}}],"inLanguage":"sv-SE"},{"@type":"Person","@id":"https:\/\/framtidenskarriar.se\/itdata\/#\/schema\/person\/c8a43eb855191e573b73ecf8987a3b99","name":"stellanstal","image":{"@type":"ImageObject","inLanguage":"sv-SE","@id":"https:\/\/secure.gravatar.com\/avatar\/cd330fa6bb17f598124b2068ee0b189e4fe0987a50af9d53b78410836060d0c9?s=96&d=mm&r=g","url":"https:\/\/secure.gravatar.com\/avatar\/cd330fa6bb17f598124b2068ee0b189e4fe0987a50af9d53b78410836060d0c9?s=96&d=mm&r=g","contentUrl":"https:\/\/secure.gravatar.com\/avatar\/cd330fa6bb17f598124b2068ee0b189e4fe0987a50af9d53b78410836060d0c9?s=96&d=mm&r=g","caption":"stellanstal"},"url":"https:\/\/framtidenskarriar.se\/itdata\/author\/stellanstal\/"}]}},"_links":{"self":[{"href":"https:\/\/framtidenskarriar.se\/itdata\/wp-json\/wp\/v2\/posts\/5115","targetHints":{"allow":["GET"]}}],"collection":[{"href":"https:\/\/framtidenskarriar.se\/itdata\/wp-json\/wp\/v2\/posts"}],"about":[{"href":"https:\/\/framtidenskarriar.se\/itdata\/wp-json\/wp\/v2\/types\/post"}],"author":[{"embeddable":true,"href":"https:\/\/framtidenskarriar.se\/itdata\/wp-json\/wp\/v2\/users\/3"}],"replies":[{"embeddable":true,"href":"https:\/\/framtidenskarriar.se\/itdata\/wp-json\/wp\/v2\/comments?post=5115"}],"version-history":[{"count":0,"href":"https:\/\/framtidenskarriar.se\/itdata\/wp-json\/wp\/v2\/posts\/5115\/revisions"}],"wp:featuredmedia":[{"embeddable":true,"href":"https:\/\/framtidenskarriar.se\/itdata\/wp-json\/wp\/v2\/media\/5252"}],"wp:attachment":[{"href":"https:\/\/framtidenskarriar.se\/itdata\/wp-json\/wp\/v2\/media?parent=5115"}],"wp:term":[{"taxonomy":"category","embeddable":true,"href":"https:\/\/framtidenskarriar.se\/itdata\/wp-json\/wp\/v2\/categories?post=5115"},{"taxonomy":"post_tag","embeddable":true,"href":"https:\/\/framtidenskarriar.se\/itdata\/wp-json\/wp\/v2\/tags?post=5115"}],"curies":[{"name":"wp","href":"https:\/\/api.w.org\/{rel}","templated":true}]}}