{"id":5122,"date":"2016-02-09T23:13:44","date_gmt":"2016-02-09T21:13:44","guid":{"rendered":"http:\/\/framtidenskarriar.se\/itdata\/?p=5122"},"modified":"2016-02-09T23:13:44","modified_gmt":"2016-02-09T21:13:44","slug":"goda-utsikter-for-statlig-it-karriar","status":"publish","type":"post","link":"https:\/\/framtidenskarriar.se\/itdata\/2016\/02\/09\/goda-utsikter-for-statlig-it-karriar\/","title":{"rendered":"Goda utsikter f\u00f6r statlig it-karri\u00e4r"},"content":{"rendered":"<figure id=\"attachment_5123\" aria-describedby=\"caption-attachment-5123\" style=\"width: 1000px\" class=\"wp-caption alignnone\"><img loading=\"lazy\" decoding=\"async\" class=\"size-full wp-image-5123\" src=\"https:\/\/framtidenskarriar.se\/itdata\/wp-content\/uploads\/sites\/13\/2016\/02\/myndighet-1sara-lewerentz.jpg\" alt=\"Sara Lewerentz, it-direkt\u00f6r hos Kriminalv\u00e5rden.\" width=\"1000\" height=\"612\" srcset=\"https:\/\/framtidenskarriar.se\/itdata\/wp-content\/uploads\/sites\/13\/2016\/02\/myndighet-1sara-lewerentz.jpg 1000w, https:\/\/framtidenskarriar.se\/itdata\/wp-content\/uploads\/sites\/13\/2016\/02\/myndighet-1sara-lewerentz-300x184.jpg 300w, https:\/\/framtidenskarriar.se\/itdata\/wp-content\/uploads\/sites\/13\/2016\/02\/myndighet-1sara-lewerentz-768x470.jpg 768w, https:\/\/framtidenskarriar.se\/itdata\/wp-content\/uploads\/sites\/13\/2016\/02\/myndighet-1sara-lewerentz-261x160.jpg 261w, https:\/\/framtidenskarriar.se\/itdata\/wp-content\/uploads\/sites\/13\/2016\/02\/myndighet-1sara-lewerentz-526x322.jpg 526w, https:\/\/framtidenskarriar.se\/itdata\/wp-content\/uploads\/sites\/13\/2016\/02\/myndighet-1sara-lewerentz-720x441.jpg 720w, https:\/\/framtidenskarriar.se\/itdata\/wp-content\/uploads\/sites\/13\/2016\/02\/myndighet-1sara-lewerentz-960x588.jpg 960w\" sizes=\"auto, (max-width: 1000px) 100vw, 1000px\" \/><figcaption id=\"caption-attachment-5123\" class=\"wp-caption-text\">Sara Lewerentz, it-direkt\u00f6r hos Kriminalv\u00e5rden.<\/figcaption><\/figure>\n<p><strong>Flera statliga organisationer befinner sig idag i en intensiv moderniseringsfas d\u00e4r verksamheten effektiveras genom digitalisering. It-satsningarna skapar m\u00e5nga attraktiva och sp\u00e4nnande karri\u00e4rm\u00f6jligheter f\u00f6r branschexperter, framh\u00e5ller Kriminalv\u00e5rdens it-direkt\u00f6r Sara Lewerentz.<\/strong><\/p>\n<p>Sara Lewerentz egen it-karri\u00e4r b\u00f6rjade under 90-talets it-boom efter studier i elektronik och systemvetenskap. Anst\u00e4llningar vid olika konsultbolag ledde till jobbet som nordisk it-utvecklingschef p\u00e5 Skanska. Ledarskapskarri\u00e4ren har sedan fortsatt inom Kriminalv\u00e5rden d\u00e4r Sara b\u00f6rjade som chef f\u00f6r systemutvecklingsgruppen 2010. Sedan 2012 \u00e4r hon chef f\u00f6r Kriminalv\u00e5rdens it-avdelning som utvecklar, driftar och f\u00f6rvaltar en it-milj\u00f6 som servar \u00f6ver 10\u00a0000 anst\u00e4llda p\u00e5 150 platser runt om i Sverige.<br \/>\n\u2013 Det absolut roligaste \u00e4r samh\u00e4llsuppdraget som jag tycker \u00e4r superintressant, s\u00e4ger Sara.<br \/>\nRent it-m\u00e4ssigt \u00e4r skillnaden mellan att jobba statligt och privat mindre \u00e4n hon trodde.<br \/>\n\u2013 Det \u00e4r inte s\u00e5 stor skillnad n\u00e4r det g\u00e4ller it:s k\u00e4rnverksamhet. D\u00e4remot sker det en stor f\u00f6r\u00e4ndring och utveckling hos flera statliga myndigheter idag d\u00e4r man g\u00f6r krafttag f\u00f6r att modernisera och digitalisera it-st\u00f6det. S\u00e5 det finns v\u00e4ldigt sp\u00e4nnande uppdrag inom det omr\u00e5det. Det handlar ofta om att man b\u00e5de ska komma ikapp och l\u00e4gga sig i ett innovationsl\u00e4ge f\u00f6r att hantera den fortsatta digitaliseringen som kommer att ge positiva effekter inom \u00f6vrig verksamhet.<\/p>\n<p><strong><em>Vad ser du f\u00f6r f\u00f6rdelar med att arbeta med it och data inom det statliga?<\/em><\/strong><br \/>\n\u2013 Just att det \u00e4r uppdragsdrivet och inte enbart ekonomiskt drivet p\u00e5 samma s\u00e4tt. Vi har en ekonomisk ram men det satsas mycket p\u00e5 utveckling f\u00f6r att m\u00f6ta uppdraget snarare \u00e4n att bara g\u00f6ra ekonomiska effektiviseringar. Det \u00e4r moderna plattformar, mycket arkitektur och innovation f\u00f6r att hitta nya s\u00e4tt att m\u00f6ta klientgrupperna. S\u00e5 karri\u00e4rm\u00e4ssigt \u00e4r det v\u00e4ldigt attraktivt.<\/p>\n<p><strong><em>Hur ser du p\u00e5 karri\u00e4rm\u00f6jligheterna p\u00e5 den statliga sidan?<\/em><\/strong><br \/>\n\u2013 P\u00e5 it-sidan \u00e4r m\u00f6jligheterna stora. Med tanke p\u00e5 den h\u00f6ga takt som digitaliseringen sker med s\u00e5 \u00e4r utvecklingsm\u00f6jligheterna upp till en sj\u00e4lv, skulle jag vilja s\u00e4ga. Karri\u00e4rv\u00e4garna \u00e4r \u00f6ppna och det finns tydliga processer inom HR-avdelningen som jobbar med kompetensf\u00f6rs\u00f6rjningsstrategier och chefsf\u00f6rs\u00f6rjning genom att omh\u00e4nderta medarbetare som vill g\u00e5 vidare. Sedan finns det stora karri\u00e4r- och utvecklingsm\u00f6jligheter \u00e4ven utanf\u00f6r it-omr\u00e5det. F\u00f6r dem som blir intresserade av myndighetens k\u00e4rnuppdrag finns det v\u00e4gar att bredda sig och byta inriktning, po\u00e4ngterar Sara Lewerentz.<\/p>\n<p><strong><em>Har du n\u00e5gra speciella karri\u00e4rr\u00e5d till unga it-ingenj\u00f6rer som funderar p\u00e5 att s\u00f6ka sig till den statliga sidan?<\/em><\/strong><br \/>\n\u2013 Det \u00e4r v\u00e4l att v\u00e5ga testa och inte tro att det \u00e4r s\u00e5 stor skillnad. Offentlig sektor \u00e4r p\u00e5 v\u00e4g att komma ikapp p\u00e5 it-sidan, s\u00e5 om man \u00e4r intresserad att bidra till ett v\u00e4ldigt viktigt samh\u00e4llsuppdrag och vill hj\u00e4lpa till att utveckla en myndighet i f\u00f6r\u00e4ndring, d\u00e5 ska man verkligen v\u00e5ga prova p\u00e5, avslutar Sara Lewerentz.<\/p>\n","protected":false},"excerpt":{"rendered":"<p>Flera statliga organisationer befinner sig idag i en intensiv moderniseringsfas d\u00e4r verksamheten effektiveras genom digitalisering&#8230;.<\/p>\n","protected":false},"author":3,"featured_media":5244,"comment_status":"closed","ping_status":"open","sticky":false,"template":"","format":"standard","meta":{"_acf_changed":false,"_monsterinsights_skip_tracking":false,"_monsterinsights_sitenote_active":false,"_monsterinsights_sitenote_note":"","_monsterinsights_sitenote_category":0,"footnotes":""},"categories":[1],"tags":[],"class_list":["post-5122","post","type-post","status-publish","format-standard","has-post-thumbnail","hentry","category-artikel"],"acf":[],"yoast_head":"<!-- This site is optimized with the Yoast SEO plugin v27.3 - https:\/\/yoast.com\/product\/yoast-seo-wordpress\/ -->\n<title>Goda utsikter f\u00f6r statlig it-karri\u00e4r - Framtidens karri\u00e4r IT &amp; Data<\/title>\n<meta name=\"robots\" content=\"index, follow, max-snippet:-1, max-image-preview:large, max-video-preview:-1\" \/>\n<link rel=\"canonical\" href=\"https:\/\/framtidenskarriar.se\/itdata\/2016\/02\/09\/goda-utsikter-for-statlig-it-karriar\/\" \/>\n<meta property=\"og:locale\" content=\"sv_SE\" \/>\n<meta property=\"og:type\" content=\"article\" \/>\n<meta property=\"og:title\" content=\"Goda utsikter f\u00f6r statlig it-karri\u00e4r - Framtidens karri\u00e4r IT &amp; Data\" \/>\n<meta property=\"og:description\" content=\"Flera statliga organisationer befinner sig idag i en intensiv moderniseringsfas d\u00e4r verksamheten effektiveras genom digitalisering....\" \/>\n<meta property=\"og:url\" content=\"https:\/\/framtidenskarriar.se\/itdata\/2016\/02\/09\/goda-utsikter-for-statlig-it-karriar\/\" \/>\n<meta property=\"og:site_name\" content=\"Framtidens karri\u00e4r IT &amp; Data\" \/>\n<meta property=\"article:published_time\" content=\"2016-02-09T21:13:44+00:00\" \/>\n<meta property=\"og:image\" content=\"https:\/\/framtidenskarriar.se\/itdata\/wp-content\/uploads\/sites\/13\/2016\/02\/myndighet-1sara-lewerentz-1-1.jpg\" \/>\n\t<meta property=\"og:image:width\" content=\"1000\" \/>\n\t<meta property=\"og:image:height\" content=\"612\" \/>\n\t<meta property=\"og:image:type\" content=\"image\/jpeg\" \/>\n<meta name=\"author\" content=\"stellanstal\" \/>\n<meta name=\"twitter:card\" content=\"summary_large_image\" \/>\n<meta name=\"twitter:label1\" content=\"Skriven av\" \/>\n\t<meta name=\"twitter:data1\" content=\"stellanstal\" \/>\n\t<meta name=\"twitter:label2\" content=\"Ber\u00e4knad l\u00e4stid\" \/>\n\t<meta name=\"twitter:data2\" content=\"3 minuter\" \/>\n<script type=\"application\/ld+json\" class=\"yoast-schema-graph\">{\"@context\":\"https:\\\/\\\/schema.org\",\"@graph\":[{\"@type\":\"Article\",\"@id\":\"https:\\\/\\\/framtidenskarriar.se\\\/itdata\\\/2016\\\/02\\\/09\\\/goda-utsikter-for-statlig-it-karriar\\\/#article\",\"isPartOf\":{\"@id\":\"https:\\\/\\\/framtidenskarriar.se\\\/itdata\\\/2016\\\/02\\\/09\\\/goda-utsikter-for-statlig-it-karriar\\\/\"},\"author\":{\"name\":\"stellanstal\",\"@id\":\"https:\\\/\\\/framtidenskarriar.se\\\/itdata\\\/#\\\/schema\\\/person\\\/c8a43eb855191e573b73ecf8987a3b99\"},\"headline\":\"Goda utsikter f\u00f6r statlig it-karri\u00e4r\",\"datePublished\":\"2016-02-09T21:13:44+00:00\",\"mainEntityOfPage\":{\"@id\":\"https:\\\/\\\/framtidenskarriar.se\\\/itdata\\\/2016\\\/02\\\/09\\\/goda-utsikter-for-statlig-it-karriar\\\/\"},\"wordCount\":539,\"image\":{\"@id\":\"https:\\\/\\\/framtidenskarriar.se\\\/itdata\\\/2016\\\/02\\\/09\\\/goda-utsikter-for-statlig-it-karriar\\\/#primaryimage\"},\"thumbnailUrl\":\"https:\\\/\\\/framtidenskarriar.se\\\/itdata\\\/wp-content\\\/uploads\\\/sites\\\/13\\\/2016\\\/02\\\/myndighet-1sara-lewerentz-1-1.jpg\",\"articleSection\":[\"Artikel\"],\"inLanguage\":\"sv-SE\"},{\"@type\":\"WebPage\",\"@id\":\"https:\\\/\\\/framtidenskarriar.se\\\/itdata\\\/2016\\\/02\\\/09\\\/goda-utsikter-for-statlig-it-karriar\\\/\",\"url\":\"https:\\\/\\\/framtidenskarriar.se\\\/itdata\\\/2016\\\/02\\\/09\\\/goda-utsikter-for-statlig-it-karriar\\\/\",\"name\":\"Goda utsikter f\u00f6r statlig it-karri\u00e4r - Framtidens karri\u00e4r IT & Data\",\"isPartOf\":{\"@id\":\"https:\\\/\\\/framtidenskarriar.se\\\/itdata\\\/#website\"},\"primaryImageOfPage\":{\"@id\":\"https:\\\/\\\/framtidenskarriar.se\\\/itdata\\\/2016\\\/02\\\/09\\\/goda-utsikter-for-statlig-it-karriar\\\/#primaryimage\"},\"image\":{\"@id\":\"https:\\\/\\\/framtidenskarriar.se\\\/itdata\\\/2016\\\/02\\\/09\\\/goda-utsikter-for-statlig-it-karriar\\\/#primaryimage\"},\"thumbnailUrl\":\"https:\\\/\\\/framtidenskarriar.se\\\/itdata\\\/wp-content\\\/uploads\\\/sites\\\/13\\\/2016\\\/02\\\/myndighet-1sara-lewerentz-1-1.jpg\",\"datePublished\":\"2016-02-09T21:13:44+00:00\",\"author\":{\"@id\":\"https:\\\/\\\/framtidenskarriar.se\\\/itdata\\\/#\\\/schema\\\/person\\\/c8a43eb855191e573b73ecf8987a3b99\"},\"breadcrumb\":{\"@id\":\"https:\\\/\\\/framtidenskarriar.se\\\/itdata\\\/2016\\\/02\\\/09\\\/goda-utsikter-for-statlig-it-karriar\\\/#breadcrumb\"},\"inLanguage\":\"sv-SE\",\"potentialAction\":[{\"@type\":\"ReadAction\",\"target\":[\"https:\\\/\\\/framtidenskarriar.se\\\/itdata\\\/2016\\\/02\\\/09\\\/goda-utsikter-for-statlig-it-karriar\\\/\"]}]},{\"@type\":\"ImageObject\",\"inLanguage\":\"sv-SE\",\"@id\":\"https:\\\/\\\/framtidenskarriar.se\\\/itdata\\\/2016\\\/02\\\/09\\\/goda-utsikter-for-statlig-it-karriar\\\/#primaryimage\",\"url\":\"https:\\\/\\\/framtidenskarriar.se\\\/itdata\\\/wp-content\\\/uploads\\\/sites\\\/13\\\/2016\\\/02\\\/myndighet-1sara-lewerentz-1-1.jpg\",\"contentUrl\":\"https:\\\/\\\/framtidenskarriar.se\\\/itdata\\\/wp-content\\\/uploads\\\/sites\\\/13\\\/2016\\\/02\\\/myndighet-1sara-lewerentz-1-1.jpg\",\"width\":1000,\"height\":612},{\"@type\":\"BreadcrumbList\",\"@id\":\"https:\\\/\\\/framtidenskarriar.se\\\/itdata\\\/2016\\\/02\\\/09\\\/goda-utsikter-for-statlig-it-karriar\\\/#breadcrumb\",\"itemListElement\":[{\"@type\":\"ListItem\",\"position\":1,\"name\":\"Home\",\"item\":\"https:\\\/\\\/framtidenskarriar.se\\\/itdata\\\/\"},{\"@type\":\"ListItem\",\"position\":2,\"name\":\"Goda utsikter f\u00f6r statlig it-karri\u00e4r\"}]},{\"@type\":\"WebSite\",\"@id\":\"https:\\\/\\\/framtidenskarriar.se\\\/itdata\\\/#website\",\"url\":\"https:\\\/\\\/framtidenskarriar.se\\\/itdata\\\/\",\"name\":\"Framtidens karri\u00e4r IT & Data\",\"description\":\"Just another NMDashboard.se Sites site\",\"potentialAction\":[{\"@type\":\"SearchAction\",\"target\":{\"@type\":\"EntryPoint\",\"urlTemplate\":\"https:\\\/\\\/framtidenskarriar.se\\\/itdata\\\/?s={search_term_string}\"},\"query-input\":{\"@type\":\"PropertyValueSpecification\",\"valueRequired\":true,\"valueName\":\"search_term_string\"}}],\"inLanguage\":\"sv-SE\"},{\"@type\":\"Person\",\"@id\":\"https:\\\/\\\/framtidenskarriar.se\\\/itdata\\\/#\\\/schema\\\/person\\\/c8a43eb855191e573b73ecf8987a3b99\",\"name\":\"stellanstal\",\"image\":{\"@type\":\"ImageObject\",\"inLanguage\":\"sv-SE\",\"@id\":\"https:\\\/\\\/secure.gravatar.com\\\/avatar\\\/cd330fa6bb17f598124b2068ee0b189e4fe0987a50af9d53b78410836060d0c9?s=96&d=mm&r=g\",\"url\":\"https:\\\/\\\/secure.gravatar.com\\\/avatar\\\/cd330fa6bb17f598124b2068ee0b189e4fe0987a50af9d53b78410836060d0c9?s=96&d=mm&r=g\",\"contentUrl\":\"https:\\\/\\\/secure.gravatar.com\\\/avatar\\\/cd330fa6bb17f598124b2068ee0b189e4fe0987a50af9d53b78410836060d0c9?s=96&d=mm&r=g\",\"caption\":\"stellanstal\"},\"url\":\"https:\\\/\\\/framtidenskarriar.se\\\/itdata\\\/author\\\/stellanstal\\\/\"}]}<\/script>\n<!-- \/ Yoast SEO plugin. -->","yoast_head_json":{"title":"Goda utsikter f\u00f6r statlig it-karri\u00e4r - Framtidens karri\u00e4r IT & Data","robots":{"index":"index","follow":"follow","max-snippet":"max-snippet:-1","max-image-preview":"max-image-preview:large","max-video-preview":"max-video-preview:-1"},"canonical":"https:\/\/framtidenskarriar.se\/itdata\/2016\/02\/09\/goda-utsikter-for-statlig-it-karriar\/","og_locale":"sv_SE","og_type":"article","og_title":"Goda utsikter f\u00f6r statlig it-karri\u00e4r - Framtidens karri\u00e4r IT & Data","og_description":"Flera statliga organisationer befinner sig idag i en intensiv moderniseringsfas d\u00e4r verksamheten effektiveras genom digitalisering....","og_url":"https:\/\/framtidenskarriar.se\/itdata\/2016\/02\/09\/goda-utsikter-for-statlig-it-karriar\/","og_site_name":"Framtidens karri\u00e4r IT & Data","article_published_time":"2016-02-09T21:13:44+00:00","og_image":[{"width":1000,"height":612,"url":"https:\/\/framtidenskarriar.se\/itdata\/wp-content\/uploads\/sites\/13\/2016\/02\/myndighet-1sara-lewerentz-1-1.jpg","type":"image\/jpeg"}],"author":"stellanstal","twitter_card":"summary_large_image","twitter_misc":{"Skriven av":"stellanstal","Ber\u00e4knad l\u00e4stid":"3 minuter"},"schema":{"@context":"https:\/\/schema.org","@graph":[{"@type":"Article","@id":"https:\/\/framtidenskarriar.se\/itdata\/2016\/02\/09\/goda-utsikter-for-statlig-it-karriar\/#article","isPartOf":{"@id":"https:\/\/framtidenskarriar.se\/itdata\/2016\/02\/09\/goda-utsikter-for-statlig-it-karriar\/"},"author":{"name":"stellanstal","@id":"https:\/\/framtidenskarriar.se\/itdata\/#\/schema\/person\/c8a43eb855191e573b73ecf8987a3b99"},"headline":"Goda utsikter f\u00f6r statlig it-karri\u00e4r","datePublished":"2016-02-09T21:13:44+00:00","mainEntityOfPage":{"@id":"https:\/\/framtidenskarriar.se\/itdata\/2016\/02\/09\/goda-utsikter-for-statlig-it-karriar\/"},"wordCount":539,"image":{"@id":"https:\/\/framtidenskarriar.se\/itdata\/2016\/02\/09\/goda-utsikter-for-statlig-it-karriar\/#primaryimage"},"thumbnailUrl":"https:\/\/framtidenskarriar.se\/itdata\/wp-content\/uploads\/sites\/13\/2016\/02\/myndighet-1sara-lewerentz-1-1.jpg","articleSection":["Artikel"],"inLanguage":"sv-SE"},{"@type":"WebPage","@id":"https:\/\/framtidenskarriar.se\/itdata\/2016\/02\/09\/goda-utsikter-for-statlig-it-karriar\/","url":"https:\/\/framtidenskarriar.se\/itdata\/2016\/02\/09\/goda-utsikter-for-statlig-it-karriar\/","name":"Goda utsikter f\u00f6r statlig it-karri\u00e4r - Framtidens karri\u00e4r IT & Data","isPartOf":{"@id":"https:\/\/framtidenskarriar.se\/itdata\/#website"},"primaryImageOfPage":{"@id":"https:\/\/framtidenskarriar.se\/itdata\/2016\/02\/09\/goda-utsikter-for-statlig-it-karriar\/#primaryimage"},"image":{"@id":"https:\/\/framtidenskarriar.se\/itdata\/2016\/02\/09\/goda-utsikter-for-statlig-it-karriar\/#primaryimage"},"thumbnailUrl":"https:\/\/framtidenskarriar.se\/itdata\/wp-content\/uploads\/sites\/13\/2016\/02\/myndighet-1sara-lewerentz-1-1.jpg","datePublished":"2016-02-09T21:13:44+00:00","author":{"@id":"https:\/\/framtidenskarriar.se\/itdata\/#\/schema\/person\/c8a43eb855191e573b73ecf8987a3b99"},"breadcrumb":{"@id":"https:\/\/framtidenskarriar.se\/itdata\/2016\/02\/09\/goda-utsikter-for-statlig-it-karriar\/#breadcrumb"},"inLanguage":"sv-SE","potentialAction":[{"@type":"ReadAction","target":["https:\/\/framtidenskarriar.se\/itdata\/2016\/02\/09\/goda-utsikter-for-statlig-it-karriar\/"]}]},{"@type":"ImageObject","inLanguage":"sv-SE","@id":"https:\/\/framtidenskarriar.se\/itdata\/2016\/02\/09\/goda-utsikter-for-statlig-it-karriar\/#primaryimage","url":"https:\/\/framtidenskarriar.se\/itdata\/wp-content\/uploads\/sites\/13\/2016\/02\/myndighet-1sara-lewerentz-1-1.jpg","contentUrl":"https:\/\/framtidenskarriar.se\/itdata\/wp-content\/uploads\/sites\/13\/2016\/02\/myndighet-1sara-lewerentz-1-1.jpg","width":1000,"height":612},{"@type":"BreadcrumbList","@id":"https:\/\/framtidenskarriar.se\/itdata\/2016\/02\/09\/goda-utsikter-for-statlig-it-karriar\/#breadcrumb","itemListElement":[{"@type":"ListItem","position":1,"name":"Home","item":"https:\/\/framtidenskarriar.se\/itdata\/"},{"@type":"ListItem","position":2,"name":"Goda utsikter f\u00f6r statlig it-karri\u00e4r"}]},{"@type":"WebSite","@id":"https:\/\/framtidenskarriar.se\/itdata\/#website","url":"https:\/\/framtidenskarriar.se\/itdata\/","name":"Framtidens karri\u00e4r IT & Data","description":"Just another NMDashboard.se Sites site","potentialAction":[{"@type":"SearchAction","target":{"@type":"EntryPoint","urlTemplate":"https:\/\/framtidenskarriar.se\/itdata\/?s={search_term_string}"},"query-input":{"@type":"PropertyValueSpecification","valueRequired":true,"valueName":"search_term_string"}}],"inLanguage":"sv-SE"},{"@type":"Person","@id":"https:\/\/framtidenskarriar.se\/itdata\/#\/schema\/person\/c8a43eb855191e573b73ecf8987a3b99","name":"stellanstal","image":{"@type":"ImageObject","inLanguage":"sv-SE","@id":"https:\/\/secure.gravatar.com\/avatar\/cd330fa6bb17f598124b2068ee0b189e4fe0987a50af9d53b78410836060d0c9?s=96&d=mm&r=g","url":"https:\/\/secure.gravatar.com\/avatar\/cd330fa6bb17f598124b2068ee0b189e4fe0987a50af9d53b78410836060d0c9?s=96&d=mm&r=g","contentUrl":"https:\/\/secure.gravatar.com\/avatar\/cd330fa6bb17f598124b2068ee0b189e4fe0987a50af9d53b78410836060d0c9?s=96&d=mm&r=g","caption":"stellanstal"},"url":"https:\/\/framtidenskarriar.se\/itdata\/author\/stellanstal\/"}]}},"_links":{"self":[{"href":"https:\/\/framtidenskarriar.se\/itdata\/wp-json\/wp\/v2\/posts\/5122","targetHints":{"allow":["GET"]}}],"collection":[{"href":"https:\/\/framtidenskarriar.se\/itdata\/wp-json\/wp\/v2\/posts"}],"about":[{"href":"https:\/\/framtidenskarriar.se\/itdata\/wp-json\/wp\/v2\/types\/post"}],"author":[{"embeddable":true,"href":"https:\/\/framtidenskarriar.se\/itdata\/wp-json\/wp\/v2\/users\/3"}],"replies":[{"embeddable":true,"href":"https:\/\/framtidenskarriar.se\/itdata\/wp-json\/wp\/v2\/comments?post=5122"}],"version-history":[{"count":0,"href":"https:\/\/framtidenskarriar.se\/itdata\/wp-json\/wp\/v2\/posts\/5122\/revisions"}],"wp:featuredmedia":[{"embeddable":true,"href":"https:\/\/framtidenskarriar.se\/itdata\/wp-json\/wp\/v2\/media\/5244"}],"wp:attachment":[{"href":"https:\/\/framtidenskarriar.se\/itdata\/wp-json\/wp\/v2\/media?parent=5122"}],"wp:term":[{"taxonomy":"category","embeddable":true,"href":"https:\/\/framtidenskarriar.se\/itdata\/wp-json\/wp\/v2\/categories?post=5122"},{"taxonomy":"post_tag","embeddable":true,"href":"https:\/\/framtidenskarriar.se\/itdata\/wp-json\/wp\/v2\/tags?post=5122"}],"curies":[{"name":"wp","href":"https:\/\/api.w.org\/{rel}","templated":true}]}}