{"id":5127,"date":"2016-02-09T23:18:51","date_gmt":"2016-02-09T21:18:51","guid":{"rendered":"http:\/\/framtidenskarriar.se\/itdata\/?p=5127"},"modified":"2016-02-09T23:18:51","modified_gmt":"2016-02-09T21:18:51","slug":"regeringen-vaxlar-upp-digitaliseringen-av-sverige","status":"publish","type":"post","link":"https:\/\/framtidenskarriar.se\/itdata\/2016\/02\/09\/regeringen-vaxlar-upp-digitaliseringen-av-sverige\/","title":{"rendered":"Regeringen v\u00e4xlar upp digitaliseringen av Sverige"},"content":{"rendered":"<figure id=\"attachment_5128\" aria-describedby=\"caption-attachment-5128\" style=\"width: 983px\" class=\"wp-caption alignnone\"><img loading=\"lazy\" decoding=\"async\" class=\"size-full wp-image-5128\" src=\"https:\/\/framtidenskarriar.se\/itdata\/wp-content\/uploads\/sites\/13\/2016\/02\/minister-8498532694-eb279aa37b-o.jpg\" alt=\"\u2013Myndighetssverige beh\u00f6ver v\u00e4xla upp digitaliseringsarbetet, och det g\u00f6r vi nu, s\u00e4ger Bostads-, stadsutvecklings- och it-minister Mehmet Kaplan.\" width=\"983\" height=\"649\" srcset=\"https:\/\/framtidenskarriar.se\/itdata\/wp-content\/uploads\/sites\/13\/2016\/02\/minister-8498532694-eb279aa37b-o.jpg 983w, https:\/\/framtidenskarriar.se\/itdata\/wp-content\/uploads\/sites\/13\/2016\/02\/minister-8498532694-eb279aa37b-o-300x198.jpg 300w, https:\/\/framtidenskarriar.se\/itdata\/wp-content\/uploads\/sites\/13\/2016\/02\/minister-8498532694-eb279aa37b-o-768x507.jpg 768w, https:\/\/framtidenskarriar.se\/itdata\/wp-content\/uploads\/sites\/13\/2016\/02\/minister-8498532694-eb279aa37b-o-242x160.jpg 242w, https:\/\/framtidenskarriar.se\/itdata\/wp-content\/uploads\/sites\/13\/2016\/02\/minister-8498532694-eb279aa37b-o-526x347.jpg 526w, https:\/\/framtidenskarriar.se\/itdata\/wp-content\/uploads\/sites\/13\/2016\/02\/minister-8498532694-eb279aa37b-o-720x475.jpg 720w, https:\/\/framtidenskarriar.se\/itdata\/wp-content\/uploads\/sites\/13\/2016\/02\/minister-8498532694-eb279aa37b-o-960x634.jpg 960w\" sizes=\"auto, (max-width: 983px) 100vw, 983px\" \/><figcaption id=\"caption-attachment-5128\" class=\"wp-caption-text\">\u2013 Myndighetssverige beh\u00f6ver v\u00e4xla upp digitaliseringsarbetet, och det g\u00f6r vi nu, s\u00e4ger Bostads-, stadsutvecklings- och it-minister Mehmet Kaplan.<\/figcaption><\/figure>\n<p><strong>Regeringen och SKL undertecknade nyligen gemensamt en avsiktsf\u00f6rklaring f\u00f6r digital f\u00f6rnyelse av det offentliga Sverige. Samtidigt har ett nytt r\u00e5d med It-minister Mehmet Kaplan som ordf\u00f6rande inlett ett arbete med m\u00e5let att g\u00f6ra Sverige v\u00e4rldsledande inom digital f\u00f6rvaltning.<\/strong><\/p>\n<p><strong><em>Sverige har tappat i internationella m\u00e4tningar n\u00e4r det g\u00e4ller e-f\u00f6rvaltning. Varf\u00f6r har det varit s\u00e5 och vad \u00e4r den stora skillnaden i det som regeringen g\u00f6r idag?<\/em><\/strong><br \/>\n\u2013 Sverige forts\u00e4tter att utvecklas inom e-f\u00f6rvaltning, men m\u00e5nga andra l\u00e4nder utvecklas snabbare, s\u00e5 d\u00e5 tappar vi ranking. Det \u00e4r en viktig signal om att Myndighetssverige beh\u00f6ver v\u00e4xla upp det h\u00e4r arbetet, och det g\u00f6r vi nu. Digitaliseringen av det offentliga Sverige bygger p\u00e5 att skapa en samverkande och in\u00adnovativ offentlig f\u00f6rvaltning. Det kan vi bara g\u00f6ra om resten av det offentliga Sverige, allts\u00e5 Sveriges kommuner och landsting, \u00e4r med p\u00e5 b\u00e5ten, svarar Mehmet Kaplan, Bostads-, stadsutvecklings- och it-minister.<\/p>\n<p><strong><em>Nyligen tillsattes r\u00e5det f\u00f6r digitalisering av det offentliga Sverige, med dig som ordf\u00f6rande. Vad ser du som r\u00e5dets viktigaste roll och funktion?<\/em><\/strong><br \/>\n\u2013 M\u00e5nga myndigheter och organisationer st\u00e5r inf\u00f6r liknande utmaningar och om man lyfter arbetet gemensamt st\u00e4rks ocks\u00e5 m\u00f6jligheten att hantera detta. R\u00e5det \u00e4r ett forum f\u00f6r strategisk diskussion mellan regeringen och f\u00f6retr\u00e4darna f\u00f6r olika myndigheter, kommuner och landsting. Det digitala omr\u00e5det utvecklas oerh\u00f6rt snabbt och det g\u00e4ller att snabbt identifiera vilka utmaningarna \u00e4r f\u00f6r genomf\u00f6randet av regeringens satsning p\u00e5 e-f\u00f6rvaltning. Det finns f\u00f6rv\u00e4ntningar hos r\u00e5det att gemensamt p\u00e5verka lagstiftningen, utarbeta standarder och fr\u00e4mja en interoperabel offentlig f\u00f6rvaltning. N\u00e4r r\u00e5det l\u00e4gger fram f\u00f6rslag p\u00e5 \u00e5tg\u00e4rder s\u00e5 \u00e4r det en direktkanal in till regeringen och effektueringsmakten. Jag ser framf\u00f6r mig att r\u00e5det bidrar med betydelsefulla insikter och f\u00f6rslag p\u00e5 prioriteringar, vilket \u00e4r avg\u00f6rande f\u00f6r att vi ska lyckas n\u00e5 v\u00e5ra m\u00e5l om en effektivare, \u00f6ppnare, enklare offentlig f\u00f6rvaltning.<\/p>\n<p><strong><em>Du s\u00e4ger att vi m\u00e5ste \u201dt\u00e4nka digitalt f\u00f6rst\u201d f\u00f6r att skapa en samverkande och innovativ offentlig f\u00f6rvaltning. Ser du ingen risk i att digitaliseringen blir ett m\u00e5l i sig?<\/em><\/strong><br \/>\n\u2013 Man m\u00e5ste se det ur flera olika perspektiv. Digitaliseringen \u00e4r medlet, verktyget och m\u00e5let. N\u00e4r man tar ner det p\u00e5 operabilitetsniv\u00e5 inom v\u00e5rden, skolan, livsmedelskedjan, p\u00e5 plankontoret i kommunen, och s\u00e5 vidare, s\u00e5 blir det pl\u00f6tsligt konkret vad digitaliseringen inneb\u00e4r n\u00e4r alla jobbar i samma milj\u00f6. Digitaliseringen har lett till snabbhet och transparens men framf\u00f6r allt s\u00e5 har det lett till en k\u00e4nsla av att man gemensamt skapar n\u00e5gonting, och d\u00e5 \u00e4r inte digitalisering bara ett m\u00e5l utan ocks\u00e5 ett verktyg.<\/p>\n<p><strong><em>Vad ser du som de stora vinsterna med digitaliseringen av den offentliga f\u00f6rvaltningen?<\/em><\/strong><br \/>\n\u2013 Som medborgare f\u00f6rv\u00e4ntar vi oss en h\u00f6g kvalitet p\u00e5 den offentliga verksamheten s\u00e5 att vi kan utf\u00f6ra v\u00e5ra \u00e4renden smidigt, enkelt och effektivt. Alla vet hur arga och frustrerade vi blir n\u00e4r bankappen inte fungerar eller n\u00e4r betaltj\u00e4nsterna \u00e4r nere i m\u00e5nadsslutet. Idag \u00e4r det lika sj\u00e4lvklart att appen f\u00f6r betaltj\u00e4nster fungerar som att elektriciteten hemma fungerar. Vi f\u00f6rv\u00e4ntar oss ocks\u00e5 att myndigheter utf\u00f6r de h\u00e4r uppgifterna s\u00e5 smart och effektivt som m\u00f6jligt. Jag som statsr\u00e5d vill att skattemedlen anv\u00e4nds p\u00e5 b\u00e4sta m\u00f6jliga s\u00e4tt och digital f\u00f6rnyelse inneb\u00e4r att vi kan g\u00f6ra allting smidigare, enklare och effektivare.<\/p>\n<p><strong><em>Vilka \u00e4r de stora utmaningarna f\u00f6r att uppn\u00e5 regeringens m\u00e5l att 90 procent av alla hush\u00e5ll och f\u00f6retag ska tillg\u00e5ng till bredband p\u00e5 minst 100 Mb\/s senast \u00e5r 2020?<\/em><\/strong><br \/>\n\u2013 Den stora utmaningen \u00e4r samverkan. Gr\u00e4vkostnaderna st\u00e5r f\u00f6r en mycket stor del av den totala kostnaden f\u00f6r bredbandsutbyggnaden. Regeringen har d\u00e4rf\u00f6r \u00f6verl\u00e4mnat ett f\u00f6rslag till riksdagen som siktar p\u00e5 att s\u00e4nka kostnaderna f\u00f6r utbyggnad av fast och tr\u00e5dl\u00f6st bredband. Det nya lagf\u00f6rslaget inneb\u00e4r flera \u00e5tg\u00e4rder f\u00f6r att minska kostnaderna genom att skapa m\u00f6jligheter f\u00f6r samordning.<\/p>\n<p><strong><em>Rekryteringsbehovet av it-kompetens \u00e4r stort b\u00e5de inom det privata och offentliga. Hur kan statliga verk och myndigheter bli \u00e4nnu mer attraktiva som arbetsgivare f\u00f6r experter inom it &amp; data?<\/em><\/strong><br \/>\n\u2013 Om man tittar p\u00e5 barometerlistan \u00f6ver de mest attraktiva arbetsgivarna s\u00e5 ser vi flera myndigheter som hamnat p\u00e5 listan. S\u00e5 vissa myndigheter verkar g\u00f6ra r\u00e4tt saker f\u00f6r att attrahera it-kompetens. Det h\u00f6ga f\u00f6r\u00e4ndringstrycket p\u00e5 det offentliga i Sverige p\u00e5verkar all verksamhet. Vi ser ocks\u00e5 att den snabba tekniska utvecklingen kommer att g\u00e5 \u00e4nnu snabbare fram\u00f6ver. D\u00e4rf\u00f6r \u00e4r det viktigt att rekrytera personer med h\u00f6g digital kompetens f\u00f6r att kunna h\u00e4nga med. F\u00f6r att vi ska n\u00e5 m\u00e5len om effektiv innovativ och samverkande f\u00f6rvaltning s\u00e5 m\u00e5ste digitaliseringsfr\u00e5gorna finnas med ute i verksamheten och lyftas upp p\u00e5 operativ niv\u00e5 i ledningsgruppen. Vissa har lyckats bra med detta, och d\u00e5 kan man dela med sig av den erfarenheten och kunskapen. Det h\u00e4r r\u00e5det som vi har tillsatt blir d\u00e5 en mycket bra erfarenhetsutbytesplats d\u00e4r man kan lyfta upp fr\u00e5gor som bidrar till att man g\u00f6r sitt jobb \u00e4nnu b\u00e4ttre och anv\u00e4nder skattemedlen \u00e4nnu mer effektivt, avslutar Mehmet Kaplan.<\/p>\n","protected":false},"excerpt":{"rendered":"<p>Regeringen och SKL undertecknade nyligen gemensamt en avsiktsf\u00f6rklaring f\u00f6r digital f\u00f6rnyelse av det offentliga Sverige&#8230;.<\/p>\n","protected":false},"author":3,"featured_media":5240,"comment_status":"closed","ping_status":"open","sticky":false,"template":"","format":"standard","meta":{"_acf_changed":false,"_monsterinsights_skip_tracking":false,"_monsterinsights_sitenote_active":false,"_monsterinsights_sitenote_note":"","_monsterinsights_sitenote_category":0,"footnotes":""},"categories":[1],"tags":[],"class_list":["post-5127","post","type-post","status-publish","format-standard","has-post-thumbnail","hentry","category-artikel"],"acf":[],"yoast_head":"<!-- This site is optimized with the Yoast SEO plugin v27.3 - https:\/\/yoast.com\/product\/yoast-seo-wordpress\/ -->\n<title>Regeringen v\u00e4xlar upp digitaliseringen av Sverige - Framtidens karri\u00e4r IT &amp; Data<\/title>\n<meta name=\"robots\" content=\"index, follow, max-snippet:-1, max-image-preview:large, max-video-preview:-1\" \/>\n<link rel=\"canonical\" href=\"https:\/\/framtidenskarriar.se\/itdata\/2016\/02\/09\/regeringen-vaxlar-upp-digitaliseringen-av-sverige\/\" \/>\n<meta property=\"og:locale\" content=\"sv_SE\" \/>\n<meta property=\"og:type\" content=\"article\" \/>\n<meta property=\"og:title\" content=\"Regeringen v\u00e4xlar upp digitaliseringen av Sverige - Framtidens karri\u00e4r IT &amp; Data\" \/>\n<meta property=\"og:description\" content=\"Regeringen och SKL undertecknade nyligen gemensamt en avsiktsf\u00f6rklaring f\u00f6r digital f\u00f6rnyelse av det offentliga Sverige....\" \/>\n<meta property=\"og:url\" content=\"https:\/\/framtidenskarriar.se\/itdata\/2016\/02\/09\/regeringen-vaxlar-upp-digitaliseringen-av-sverige\/\" \/>\n<meta property=\"og:site_name\" content=\"Framtidens karri\u00e4r IT &amp; Data\" \/>\n<meta property=\"article:published_time\" content=\"2016-02-09T21:18:51+00:00\" \/>\n<meta property=\"og:image\" content=\"https:\/\/framtidenskarriar.se\/itdata\/wp-content\/uploads\/sites\/13\/2016\/02\/minister-8498532694-eb279aa37b-o-1.jpg\" \/>\n\t<meta property=\"og:image:width\" content=\"983\" \/>\n\t<meta property=\"og:image:height\" content=\"649\" \/>\n\t<meta property=\"og:image:type\" content=\"image\/jpeg\" \/>\n<meta name=\"author\" content=\"stellanstal\" \/>\n<meta name=\"twitter:card\" content=\"summary_large_image\" \/>\n<meta name=\"twitter:label1\" content=\"Skriven av\" \/>\n\t<meta name=\"twitter:data1\" content=\"stellanstal\" \/>\n\t<meta name=\"twitter:label2\" content=\"Ber\u00e4knad l\u00e4stid\" \/>\n\t<meta name=\"twitter:data2\" content=\"5 minuter\" \/>\n<script type=\"application\/ld+json\" class=\"yoast-schema-graph\">{\"@context\":\"https:\\\/\\\/schema.org\",\"@graph\":[{\"@type\":\"Article\",\"@id\":\"https:\\\/\\\/framtidenskarriar.se\\\/itdata\\\/2016\\\/02\\\/09\\\/regeringen-vaxlar-upp-digitaliseringen-av-sverige\\\/#article\",\"isPartOf\":{\"@id\":\"https:\\\/\\\/framtidenskarriar.se\\\/itdata\\\/2016\\\/02\\\/09\\\/regeringen-vaxlar-upp-digitaliseringen-av-sverige\\\/\"},\"author\":{\"name\":\"stellanstal\",\"@id\":\"https:\\\/\\\/framtidenskarriar.se\\\/itdata\\\/#\\\/schema\\\/person\\\/c8a43eb855191e573b73ecf8987a3b99\"},\"headline\":\"Regeringen v\u00e4xlar upp digitaliseringen av Sverige\",\"datePublished\":\"2016-02-09T21:18:51+00:00\",\"mainEntityOfPage\":{\"@id\":\"https:\\\/\\\/framtidenskarriar.se\\\/itdata\\\/2016\\\/02\\\/09\\\/regeringen-vaxlar-upp-digitaliseringen-av-sverige\\\/\"},\"wordCount\":971,\"image\":{\"@id\":\"https:\\\/\\\/framtidenskarriar.se\\\/itdata\\\/2016\\\/02\\\/09\\\/regeringen-vaxlar-upp-digitaliseringen-av-sverige\\\/#primaryimage\"},\"thumbnailUrl\":\"https:\\\/\\\/framtidenskarriar.se\\\/itdata\\\/wp-content\\\/uploads\\\/sites\\\/13\\\/2016\\\/02\\\/minister-8498532694-eb279aa37b-o-1.jpg\",\"articleSection\":[\"Artikel\"],\"inLanguage\":\"sv-SE\"},{\"@type\":\"WebPage\",\"@id\":\"https:\\\/\\\/framtidenskarriar.se\\\/itdata\\\/2016\\\/02\\\/09\\\/regeringen-vaxlar-upp-digitaliseringen-av-sverige\\\/\",\"url\":\"https:\\\/\\\/framtidenskarriar.se\\\/itdata\\\/2016\\\/02\\\/09\\\/regeringen-vaxlar-upp-digitaliseringen-av-sverige\\\/\",\"name\":\"Regeringen v\u00e4xlar upp digitaliseringen av Sverige - Framtidens karri\u00e4r IT & Data\",\"isPartOf\":{\"@id\":\"https:\\\/\\\/framtidenskarriar.se\\\/itdata\\\/#website\"},\"primaryImageOfPage\":{\"@id\":\"https:\\\/\\\/framtidenskarriar.se\\\/itdata\\\/2016\\\/02\\\/09\\\/regeringen-vaxlar-upp-digitaliseringen-av-sverige\\\/#primaryimage\"},\"image\":{\"@id\":\"https:\\\/\\\/framtidenskarriar.se\\\/itdata\\\/2016\\\/02\\\/09\\\/regeringen-vaxlar-upp-digitaliseringen-av-sverige\\\/#primaryimage\"},\"thumbnailUrl\":\"https:\\\/\\\/framtidenskarriar.se\\\/itdata\\\/wp-content\\\/uploads\\\/sites\\\/13\\\/2016\\\/02\\\/minister-8498532694-eb279aa37b-o-1.jpg\",\"datePublished\":\"2016-02-09T21:18:51+00:00\",\"author\":{\"@id\":\"https:\\\/\\\/framtidenskarriar.se\\\/itdata\\\/#\\\/schema\\\/person\\\/c8a43eb855191e573b73ecf8987a3b99\"},\"breadcrumb\":{\"@id\":\"https:\\\/\\\/framtidenskarriar.se\\\/itdata\\\/2016\\\/02\\\/09\\\/regeringen-vaxlar-upp-digitaliseringen-av-sverige\\\/#breadcrumb\"},\"inLanguage\":\"sv-SE\",\"potentialAction\":[{\"@type\":\"ReadAction\",\"target\":[\"https:\\\/\\\/framtidenskarriar.se\\\/itdata\\\/2016\\\/02\\\/09\\\/regeringen-vaxlar-upp-digitaliseringen-av-sverige\\\/\"]}]},{\"@type\":\"ImageObject\",\"inLanguage\":\"sv-SE\",\"@id\":\"https:\\\/\\\/framtidenskarriar.se\\\/itdata\\\/2016\\\/02\\\/09\\\/regeringen-vaxlar-upp-digitaliseringen-av-sverige\\\/#primaryimage\",\"url\":\"https:\\\/\\\/framtidenskarriar.se\\\/itdata\\\/wp-content\\\/uploads\\\/sites\\\/13\\\/2016\\\/02\\\/minister-8498532694-eb279aa37b-o-1.jpg\",\"contentUrl\":\"https:\\\/\\\/framtidenskarriar.se\\\/itdata\\\/wp-content\\\/uploads\\\/sites\\\/13\\\/2016\\\/02\\\/minister-8498532694-eb279aa37b-o-1.jpg\",\"width\":983,\"height\":649},{\"@type\":\"BreadcrumbList\",\"@id\":\"https:\\\/\\\/framtidenskarriar.se\\\/itdata\\\/2016\\\/02\\\/09\\\/regeringen-vaxlar-upp-digitaliseringen-av-sverige\\\/#breadcrumb\",\"itemListElement\":[{\"@type\":\"ListItem\",\"position\":1,\"name\":\"Home\",\"item\":\"https:\\\/\\\/framtidenskarriar.se\\\/itdata\\\/\"},{\"@type\":\"ListItem\",\"position\":2,\"name\":\"Regeringen v\u00e4xlar upp digitaliseringen av Sverige\"}]},{\"@type\":\"WebSite\",\"@id\":\"https:\\\/\\\/framtidenskarriar.se\\\/itdata\\\/#website\",\"url\":\"https:\\\/\\\/framtidenskarriar.se\\\/itdata\\\/\",\"name\":\"Framtidens karri\u00e4r IT & Data\",\"description\":\"Just another NMDashboard.se Sites site\",\"potentialAction\":[{\"@type\":\"SearchAction\",\"target\":{\"@type\":\"EntryPoint\",\"urlTemplate\":\"https:\\\/\\\/framtidenskarriar.se\\\/itdata\\\/?s={search_term_string}\"},\"query-input\":{\"@type\":\"PropertyValueSpecification\",\"valueRequired\":true,\"valueName\":\"search_term_string\"}}],\"inLanguage\":\"sv-SE\"},{\"@type\":\"Person\",\"@id\":\"https:\\\/\\\/framtidenskarriar.se\\\/itdata\\\/#\\\/schema\\\/person\\\/c8a43eb855191e573b73ecf8987a3b99\",\"name\":\"stellanstal\",\"image\":{\"@type\":\"ImageObject\",\"inLanguage\":\"sv-SE\",\"@id\":\"https:\\\/\\\/secure.gravatar.com\\\/avatar\\\/cd330fa6bb17f598124b2068ee0b189e4fe0987a50af9d53b78410836060d0c9?s=96&d=mm&r=g\",\"url\":\"https:\\\/\\\/secure.gravatar.com\\\/avatar\\\/cd330fa6bb17f598124b2068ee0b189e4fe0987a50af9d53b78410836060d0c9?s=96&d=mm&r=g\",\"contentUrl\":\"https:\\\/\\\/secure.gravatar.com\\\/avatar\\\/cd330fa6bb17f598124b2068ee0b189e4fe0987a50af9d53b78410836060d0c9?s=96&d=mm&r=g\",\"caption\":\"stellanstal\"},\"url\":\"https:\\\/\\\/framtidenskarriar.se\\\/itdata\\\/author\\\/stellanstal\\\/\"}]}<\/script>\n<!-- \/ Yoast SEO plugin. -->","yoast_head_json":{"title":"Regeringen v\u00e4xlar upp digitaliseringen av Sverige - Framtidens karri\u00e4r IT & Data","robots":{"index":"index","follow":"follow","max-snippet":"max-snippet:-1","max-image-preview":"max-image-preview:large","max-video-preview":"max-video-preview:-1"},"canonical":"https:\/\/framtidenskarriar.se\/itdata\/2016\/02\/09\/regeringen-vaxlar-upp-digitaliseringen-av-sverige\/","og_locale":"sv_SE","og_type":"article","og_title":"Regeringen v\u00e4xlar upp digitaliseringen av Sverige - Framtidens karri\u00e4r IT & Data","og_description":"Regeringen och SKL undertecknade nyligen gemensamt en avsiktsf\u00f6rklaring f\u00f6r digital f\u00f6rnyelse av det offentliga Sverige....","og_url":"https:\/\/framtidenskarriar.se\/itdata\/2016\/02\/09\/regeringen-vaxlar-upp-digitaliseringen-av-sverige\/","og_site_name":"Framtidens karri\u00e4r IT & Data","article_published_time":"2016-02-09T21:18:51+00:00","og_image":[{"width":983,"height":649,"url":"https:\/\/framtidenskarriar.se\/itdata\/wp-content\/uploads\/sites\/13\/2016\/02\/minister-8498532694-eb279aa37b-o-1.jpg","type":"image\/jpeg"}],"author":"stellanstal","twitter_card":"summary_large_image","twitter_misc":{"Skriven av":"stellanstal","Ber\u00e4knad l\u00e4stid":"5 minuter"},"schema":{"@context":"https:\/\/schema.org","@graph":[{"@type":"Article","@id":"https:\/\/framtidenskarriar.se\/itdata\/2016\/02\/09\/regeringen-vaxlar-upp-digitaliseringen-av-sverige\/#article","isPartOf":{"@id":"https:\/\/framtidenskarriar.se\/itdata\/2016\/02\/09\/regeringen-vaxlar-upp-digitaliseringen-av-sverige\/"},"author":{"name":"stellanstal","@id":"https:\/\/framtidenskarriar.se\/itdata\/#\/schema\/person\/c8a43eb855191e573b73ecf8987a3b99"},"headline":"Regeringen v\u00e4xlar upp digitaliseringen av Sverige","datePublished":"2016-02-09T21:18:51+00:00","mainEntityOfPage":{"@id":"https:\/\/framtidenskarriar.se\/itdata\/2016\/02\/09\/regeringen-vaxlar-upp-digitaliseringen-av-sverige\/"},"wordCount":971,"image":{"@id":"https:\/\/framtidenskarriar.se\/itdata\/2016\/02\/09\/regeringen-vaxlar-upp-digitaliseringen-av-sverige\/#primaryimage"},"thumbnailUrl":"https:\/\/framtidenskarriar.se\/itdata\/wp-content\/uploads\/sites\/13\/2016\/02\/minister-8498532694-eb279aa37b-o-1.jpg","articleSection":["Artikel"],"inLanguage":"sv-SE"},{"@type":"WebPage","@id":"https:\/\/framtidenskarriar.se\/itdata\/2016\/02\/09\/regeringen-vaxlar-upp-digitaliseringen-av-sverige\/","url":"https:\/\/framtidenskarriar.se\/itdata\/2016\/02\/09\/regeringen-vaxlar-upp-digitaliseringen-av-sverige\/","name":"Regeringen v\u00e4xlar upp digitaliseringen av Sverige - Framtidens karri\u00e4r IT & Data","isPartOf":{"@id":"https:\/\/framtidenskarriar.se\/itdata\/#website"},"primaryImageOfPage":{"@id":"https:\/\/framtidenskarriar.se\/itdata\/2016\/02\/09\/regeringen-vaxlar-upp-digitaliseringen-av-sverige\/#primaryimage"},"image":{"@id":"https:\/\/framtidenskarriar.se\/itdata\/2016\/02\/09\/regeringen-vaxlar-upp-digitaliseringen-av-sverige\/#primaryimage"},"thumbnailUrl":"https:\/\/framtidenskarriar.se\/itdata\/wp-content\/uploads\/sites\/13\/2016\/02\/minister-8498532694-eb279aa37b-o-1.jpg","datePublished":"2016-02-09T21:18:51+00:00","author":{"@id":"https:\/\/framtidenskarriar.se\/itdata\/#\/schema\/person\/c8a43eb855191e573b73ecf8987a3b99"},"breadcrumb":{"@id":"https:\/\/framtidenskarriar.se\/itdata\/2016\/02\/09\/regeringen-vaxlar-upp-digitaliseringen-av-sverige\/#breadcrumb"},"inLanguage":"sv-SE","potentialAction":[{"@type":"ReadAction","target":["https:\/\/framtidenskarriar.se\/itdata\/2016\/02\/09\/regeringen-vaxlar-upp-digitaliseringen-av-sverige\/"]}]},{"@type":"ImageObject","inLanguage":"sv-SE","@id":"https:\/\/framtidenskarriar.se\/itdata\/2016\/02\/09\/regeringen-vaxlar-upp-digitaliseringen-av-sverige\/#primaryimage","url":"https:\/\/framtidenskarriar.se\/itdata\/wp-content\/uploads\/sites\/13\/2016\/02\/minister-8498532694-eb279aa37b-o-1.jpg","contentUrl":"https:\/\/framtidenskarriar.se\/itdata\/wp-content\/uploads\/sites\/13\/2016\/02\/minister-8498532694-eb279aa37b-o-1.jpg","width":983,"height":649},{"@type":"BreadcrumbList","@id":"https:\/\/framtidenskarriar.se\/itdata\/2016\/02\/09\/regeringen-vaxlar-upp-digitaliseringen-av-sverige\/#breadcrumb","itemListElement":[{"@type":"ListItem","position":1,"name":"Home","item":"https:\/\/framtidenskarriar.se\/itdata\/"},{"@type":"ListItem","position":2,"name":"Regeringen v\u00e4xlar upp digitaliseringen av Sverige"}]},{"@type":"WebSite","@id":"https:\/\/framtidenskarriar.se\/itdata\/#website","url":"https:\/\/framtidenskarriar.se\/itdata\/","name":"Framtidens karri\u00e4r IT & Data","description":"Just another NMDashboard.se Sites site","potentialAction":[{"@type":"SearchAction","target":{"@type":"EntryPoint","urlTemplate":"https:\/\/framtidenskarriar.se\/itdata\/?s={search_term_string}"},"query-input":{"@type":"PropertyValueSpecification","valueRequired":true,"valueName":"search_term_string"}}],"inLanguage":"sv-SE"},{"@type":"Person","@id":"https:\/\/framtidenskarriar.se\/itdata\/#\/schema\/person\/c8a43eb855191e573b73ecf8987a3b99","name":"stellanstal","image":{"@type":"ImageObject","inLanguage":"sv-SE","@id":"https:\/\/secure.gravatar.com\/avatar\/cd330fa6bb17f598124b2068ee0b189e4fe0987a50af9d53b78410836060d0c9?s=96&d=mm&r=g","url":"https:\/\/secure.gravatar.com\/avatar\/cd330fa6bb17f598124b2068ee0b189e4fe0987a50af9d53b78410836060d0c9?s=96&d=mm&r=g","contentUrl":"https:\/\/secure.gravatar.com\/avatar\/cd330fa6bb17f598124b2068ee0b189e4fe0987a50af9d53b78410836060d0c9?s=96&d=mm&r=g","caption":"stellanstal"},"url":"https:\/\/framtidenskarriar.se\/itdata\/author\/stellanstal\/"}]}},"_links":{"self":[{"href":"https:\/\/framtidenskarriar.se\/itdata\/wp-json\/wp\/v2\/posts\/5127","targetHints":{"allow":["GET"]}}],"collection":[{"href":"https:\/\/framtidenskarriar.se\/itdata\/wp-json\/wp\/v2\/posts"}],"about":[{"href":"https:\/\/framtidenskarriar.se\/itdata\/wp-json\/wp\/v2\/types\/post"}],"author":[{"embeddable":true,"href":"https:\/\/framtidenskarriar.se\/itdata\/wp-json\/wp\/v2\/users\/3"}],"replies":[{"embeddable":true,"href":"https:\/\/framtidenskarriar.se\/itdata\/wp-json\/wp\/v2\/comments?post=5127"}],"version-history":[{"count":0,"href":"https:\/\/framtidenskarriar.se\/itdata\/wp-json\/wp\/v2\/posts\/5127\/revisions"}],"wp:featuredmedia":[{"embeddable":true,"href":"https:\/\/framtidenskarriar.se\/itdata\/wp-json\/wp\/v2\/media\/5240"}],"wp:attachment":[{"href":"https:\/\/framtidenskarriar.se\/itdata\/wp-json\/wp\/v2\/media?parent=5127"}],"wp:term":[{"taxonomy":"category","embeddable":true,"href":"https:\/\/framtidenskarriar.se\/itdata\/wp-json\/wp\/v2\/categories?post=5127"},{"taxonomy":"post_tag","embeddable":true,"href":"https:\/\/framtidenskarriar.se\/itdata\/wp-json\/wp\/v2\/tags?post=5127"}],"curies":[{"name":"wp","href":"https:\/\/api.w.org\/{rel}","templated":true}]}}