{"id":5131,"date":"2016-02-09T23:21:29","date_gmt":"2016-02-09T21:21:29","guid":{"rendered":"http:\/\/framtidenskarriar.se\/itdata\/?p=5131"},"modified":"2016-02-09T23:21:29","modified_gmt":"2016-02-09T21:21:29","slug":"krig-pa-internet-ger-it-rekrytering-en-nyckelroll","status":"publish","type":"post","link":"https:\/\/framtidenskarriar.se\/itdata\/2016\/02\/09\/krig-pa-internet-ger-it-rekrytering-en-nyckelroll\/","title":{"rendered":"Krig p\u00e5 internet ger it-rekrytering en nyckelroll"},"content":{"rendered":"<figure id=\"attachment_5132\" aria-describedby=\"caption-attachment-5132\" style=\"width: 1000px\" class=\"wp-caption alignnone\"><img loading=\"lazy\" decoding=\"async\" class=\"size-full wp-image-5132\" src=\"https:\/\/framtidenskarriar.se\/itdata\/wp-content\/uploads\/sites\/13\/2016\/02\/staten-forsvaret-2.jpg\" alt=\"Jerry Eriksson, chef f\u00f6r F\u00f6rsvarsmaktens systemf\u00f6rvaltningsenhet, SFE.\" width=\"1000\" height=\"667\" srcset=\"https:\/\/framtidenskarriar.se\/itdata\/wp-content\/uploads\/sites\/13\/2016\/02\/staten-forsvaret-2.jpg 1000w, https:\/\/framtidenskarriar.se\/itdata\/wp-content\/uploads\/sites\/13\/2016\/02\/staten-forsvaret-2-300x200.jpg 300w, https:\/\/framtidenskarriar.se\/itdata\/wp-content\/uploads\/sites\/13\/2016\/02\/staten-forsvaret-2-768x512.jpg 768w, https:\/\/framtidenskarriar.se\/itdata\/wp-content\/uploads\/sites\/13\/2016\/02\/staten-forsvaret-2-240x160.jpg 240w, https:\/\/framtidenskarriar.se\/itdata\/wp-content\/uploads\/sites\/13\/2016\/02\/staten-forsvaret-2-526x351.jpg 526w, https:\/\/framtidenskarriar.se\/itdata\/wp-content\/uploads\/sites\/13\/2016\/02\/staten-forsvaret-2-720x480.jpg 720w, https:\/\/framtidenskarriar.se\/itdata\/wp-content\/uploads\/sites\/13\/2016\/02\/staten-forsvaret-2-960x640.jpg 960w\" sizes=\"auto, (max-width: 1000px) 100vw, 1000px\" \/><figcaption id=\"caption-attachment-5132\" class=\"wp-caption-text\">Jerry Eriksson, chef f\u00f6r F\u00f6rsvarsmaktens systemf\u00f6rvaltningsenhet, SFE.<\/figcaption><\/figure>\n<p><strong>Jerry Eriksson, chef f\u00f6r F\u00f6rsvarsmaktens systemf\u00f6rvaltningsenhet, SFE, ser ett tredje v\u00e4rldskrig utspela sig p\u00e5 Internet. S\u00e4kerhetst\u00e4nkandet f\u00e5r en allt mer avg\u00f6rande betydelse f\u00f6r organisationer och f\u00f6retag. Rekryteringen av it-kompetens f\u00e5r d\u00e4rf\u00f6r samma viktiga roll i framtiden som den har idag.<\/strong><\/p>\n<p>Den \u00f6kade oron i v\u00e4rlden inneb\u00e4r att ett tredje v\u00e4rldskrig p\u00e5g\u00e5r p\u00e5 internet. S\u00e4kerhetsluckor, cybers\u00e4kerhet och kontrollfr\u00e5gor f\u00e5r hela tiden en allt viktigare roll, och vill du ha kontroll m\u00e5ste du ha kunskapen inhouse s\u00e5 att du kan f\u00f6lja upp och styra it-sidan, s\u00e4ger Jerry Eriksson.<\/p>\n<p><strong><em>Om vi tittar fram\u00e5t, hur beroende \u00e4r statliga organisationer som exempelvis F\u00f6rsvarsmakten av ett nytillskott av it- och datakompetens?<\/em><\/strong><br \/>\n\u2013 Idag g\u00e5r utvecklingen mot att is\/it-utveckling och is\/it-f\u00f6rvaltning blir en mer naturlig del av verksamheten d\u00e4r verksamhetsbehoven \u00e4r styrande. D\u00e4rf\u00f6r kommer det att finnas ett st\u00e4ndigt behov av kompetens. N\u00e4r det g\u00e4ller F\u00f6rsvarsmakten s\u00e5 m\u00e5ste vi ha en offensiv personalf\u00f6rs\u00f6rjningsstrategi \u00f6ver tiden.<\/p>\n<p><strong><em>Det finns ju behov av b\u00e5de teknisk it-kompetens och it-medarbetare som har en f\u00f6rst\u00e5else f\u00f6r verksamheten. Finns det en diskrepans mellan de h\u00e4r tv\u00e5 delarna?<\/em><\/strong><br \/>\n\u2013 F\u00f6rsvarsmakten vill att it-sidan ska vara verksamhetsdriven och inte teknikdriven och har skapat styrmodeller f\u00f6r detta. Men det beh\u00f6vs en balans, f\u00f6r ibland beh\u00f6vs tekniska innovationer som man kanske inte alltid ser fr\u00e5n verksamhetssidan. F\u00f6r att f\u00e5 den h\u00e4r dynamiken beh\u00f6ver SFE b\u00e5de rekrytera utifr\u00e5n och ha en rekryteringsbas inom myndigheten, svarar Jerry Eriksson.<br \/>\nJerry Eriksson b\u00f6rjade yrkeskarri\u00e4ren som officer inom artilleriet. Efter studier i systemvetenskap vid Lule\u00e5 tekniska universitet jobbade han som konsultchef och verksamhetsutvecklare innan han \u00e5tergick till F\u00f6rsvarsmakten som civilanst\u00e4lld och blev chef f\u00f6r Masterdataenheten. Efter sammanslagningen med Systemf\u00f6rvaltningsenheten 2013 blev Jerry Eriksson chef f\u00f6r hela den nya enheten. Sedan 1 januari 2016 \u00e4r han enhetschef f\u00f6r SFE inom det nybildade FMTIS, F\u00f6rsvarsmaktens telekommunikations- och informationssystemf\u00f6rband, som \u00e4r en sammanslagning av tre olika enheter.<\/p>\n<p><strong><em>SFE har nyligen slutf\u00f6rt implementeringen av system PRIO, en av de st\u00f6rre aff\u00e4rsimplementationerna i Sverige. M\u00e5ls\u00e4ttningen har varit att effektivisera hela F\u00f6rsvarsmakten med hj\u00e4lp av it. \u00c4r den h\u00e4r typen av effektiviseringsarbete en utveckling som man kan se generellt hos statliga organisationer?<\/em><\/strong><br \/>\n\u2013 F\u00f6r att kunna styra, leda och f\u00f6lja upp den egna myndighetens verksamhet p\u00e5 alla niv\u00e5er m\u00e5ste man ta st\u00f6d av it-system. It-systemen kr\u00e4vs f\u00f6r att kunna inh\u00e4mta, bearbeta och analysera den information som myndigheters verksamheter kr\u00e4ver. Allt fler myndigheter har insett detta och nyttjar olika typer av aff\u00e4rssystem som en del i ett effektiviserings- och f\u00f6rb\u00e4ttringsarbete. Det \u00e4r dock viktigt att komma ih\u00e5g att ett aff\u00e4rssystem endast utg\u00f6r en delm\u00e4ngd av hela effektiviserings- och f\u00f6r\u00e4ndringsbehovet och att det \u00e4r verksamhetens behov som b\u00f6r styra it och inte tv\u00e4rtom.<\/p>\n<p><strong><em>I en unders\u00f6kning om vilka statliga organisationer it-akademiker helst vill arbeta p\u00e5 s\u00e5 hamnade F\u00f6rsvarsmakten i topp tillsammans med KTH och Polisen. Vad \u00e4r det som g\u00f6r dessa organisationer till efter\u00adtraktade arbetsgivare?<\/em><\/strong><br \/>\n\u2013 Jag tror det \u00e4r en kombination av flera saker. N\u00e4r det g\u00e4ller KTH, Polisen och F\u00f6rsvarsmakten i ett it-perspektiv tror jag svaret ligger i att man tycker att man bidrar med n\u00e5got samh\u00e4llsnyttigt genom att jobba d\u00e4r. Det \u00e4r ocks\u00e5 sp\u00e4nnande milj\u00f6er att jobba i, med teknik i frontlinjen. S\u00e5 jag tror det h\u00e4r med utmaningar, sp\u00e4nnande utvecklingsm\u00f6jligheter och att man g\u00f6r skillnad p\u00e5 n\u00e5got s\u00e4tt \u00e4r gemensamma faktorer.<\/p>\n<p><strong><em>Har du n\u00e5gra speciella karri\u00e4rr\u00e5d till unga it-akademiker som ska ut p\u00e5 arbetsmarknaden?<\/em><\/strong><br \/>\n\u2013 Man ska g\u00f6ra det man k\u00e4nner \u00e4r r\u00e4tt, att det \u00e4r n\u00e5got som lockar och k\u00e4nns sp\u00e4nnande. Man ska framf\u00f6r allt s\u00e4tta sig in i vad myndigheten eller f\u00f6retaget g\u00f6r. Vad har de f\u00f6r v\u00e4rdegrund? N\u00e4r du kommer in i arbetslivet handlar det inte bara om l\u00f6n, utan du ska trivas och k\u00e4nna att det \u00e4r okej. D\u00e5 \u00e4r v\u00e4rdegrundsfr\u00e5gorna viktiga. Sedan \u00e4r det inte fel att g\u00e5 in och prova n\u00e5got annat ocks\u00e5 under n\u00e5gra \u00e5r, och sedan komma tillbaka, avslutar Jerry Eriksson.<\/p>\n","protected":false},"excerpt":{"rendered":"<p>Jerry Eriksson, chef f\u00f6r F\u00f6rsvarsmaktens systemf\u00f6rvaltningsenhet, SFE, ser ett tredje v\u00e4rldskrig utspela sig p\u00e5 Internet&#8230;.<\/p>\n","protected":false},"author":3,"featured_media":5236,"comment_status":"closed","ping_status":"open","sticky":false,"template":"","format":"standard","meta":{"_acf_changed":false,"_monsterinsights_skip_tracking":false,"_monsterinsights_sitenote_active":false,"_monsterinsights_sitenote_note":"","_monsterinsights_sitenote_category":0,"footnotes":""},"categories":[1],"tags":[],"class_list":["post-5131","post","type-post","status-publish","format-standard","has-post-thumbnail","hentry","category-artikel"],"acf":[],"yoast_head":"<!-- This site is optimized with the Yoast SEO plugin v27.3 - https:\/\/yoast.com\/product\/yoast-seo-wordpress\/ -->\n<title>Krig p\u00e5 internet ger it-rekrytering en nyckelroll - Framtidens karri\u00e4r IT &amp; Data<\/title>\n<meta name=\"robots\" content=\"index, follow, max-snippet:-1, max-image-preview:large, max-video-preview:-1\" \/>\n<link rel=\"canonical\" href=\"https:\/\/framtidenskarriar.se\/itdata\/2016\/02\/09\/krig-pa-internet-ger-it-rekrytering-en-nyckelroll\/\" \/>\n<meta property=\"og:locale\" content=\"sv_SE\" \/>\n<meta property=\"og:type\" content=\"article\" \/>\n<meta property=\"og:title\" content=\"Krig p\u00e5 internet ger it-rekrytering en nyckelroll - Framtidens karri\u00e4r IT &amp; Data\" \/>\n<meta property=\"og:description\" content=\"Jerry Eriksson, chef f\u00f6r F\u00f6rsvarsmaktens systemf\u00f6rvaltningsenhet, SFE, ser ett tredje v\u00e4rldskrig utspela sig p\u00e5 Internet....\" \/>\n<meta property=\"og:url\" content=\"https:\/\/framtidenskarriar.se\/itdata\/2016\/02\/09\/krig-pa-internet-ger-it-rekrytering-en-nyckelroll\/\" \/>\n<meta property=\"og:site_name\" content=\"Framtidens karri\u00e4r IT &amp; Data\" \/>\n<meta property=\"article:published_time\" content=\"2016-02-09T21:21:29+00:00\" \/>\n<meta property=\"og:image\" content=\"https:\/\/framtidenskarriar.se\/itdata\/wp-content\/uploads\/sites\/13\/2016\/02\/staten-forsvaret-2-1.jpg\" \/>\n\t<meta property=\"og:image:width\" content=\"1000\" \/>\n\t<meta property=\"og:image:height\" content=\"667\" \/>\n\t<meta property=\"og:image:type\" content=\"image\/jpeg\" \/>\n<meta name=\"author\" content=\"stellanstal\" \/>\n<meta name=\"twitter:card\" content=\"summary_large_image\" \/>\n<meta name=\"twitter:label1\" content=\"Skriven av\" \/>\n\t<meta name=\"twitter:data1\" content=\"stellanstal\" \/>\n\t<meta name=\"twitter:label2\" content=\"Ber\u00e4knad l\u00e4stid\" \/>\n\t<meta name=\"twitter:data2\" content=\"4 minuter\" \/>\n<script type=\"application\/ld+json\" class=\"yoast-schema-graph\">{\"@context\":\"https:\\\/\\\/schema.org\",\"@graph\":[{\"@type\":\"Article\",\"@id\":\"https:\\\/\\\/framtidenskarriar.se\\\/itdata\\\/2016\\\/02\\\/09\\\/krig-pa-internet-ger-it-rekrytering-en-nyckelroll\\\/#article\",\"isPartOf\":{\"@id\":\"https:\\\/\\\/framtidenskarriar.se\\\/itdata\\\/2016\\\/02\\\/09\\\/krig-pa-internet-ger-it-rekrytering-en-nyckelroll\\\/\"},\"author\":{\"name\":\"stellanstal\",\"@id\":\"https:\\\/\\\/framtidenskarriar.se\\\/itdata\\\/#\\\/schema\\\/person\\\/c8a43eb855191e573b73ecf8987a3b99\"},\"headline\":\"Krig p\u00e5 internet ger it-rekrytering en nyckelroll\",\"datePublished\":\"2016-02-09T21:21:29+00:00\",\"mainEntityOfPage\":{\"@id\":\"https:\\\/\\\/framtidenskarriar.se\\\/itdata\\\/2016\\\/02\\\/09\\\/krig-pa-internet-ger-it-rekrytering-en-nyckelroll\\\/\"},\"wordCount\":783,\"image\":{\"@id\":\"https:\\\/\\\/framtidenskarriar.se\\\/itdata\\\/2016\\\/02\\\/09\\\/krig-pa-internet-ger-it-rekrytering-en-nyckelroll\\\/#primaryimage\"},\"thumbnailUrl\":\"https:\\\/\\\/framtidenskarriar.se\\\/itdata\\\/wp-content\\\/uploads\\\/sites\\\/13\\\/2016\\\/02\\\/staten-forsvaret-2-1.jpg\",\"articleSection\":[\"Artikel\"],\"inLanguage\":\"sv-SE\"},{\"@type\":\"WebPage\",\"@id\":\"https:\\\/\\\/framtidenskarriar.se\\\/itdata\\\/2016\\\/02\\\/09\\\/krig-pa-internet-ger-it-rekrytering-en-nyckelroll\\\/\",\"url\":\"https:\\\/\\\/framtidenskarriar.se\\\/itdata\\\/2016\\\/02\\\/09\\\/krig-pa-internet-ger-it-rekrytering-en-nyckelroll\\\/\",\"name\":\"Krig p\u00e5 internet ger it-rekrytering en nyckelroll - Framtidens karri\u00e4r IT & Data\",\"isPartOf\":{\"@id\":\"https:\\\/\\\/framtidenskarriar.se\\\/itdata\\\/#website\"},\"primaryImageOfPage\":{\"@id\":\"https:\\\/\\\/framtidenskarriar.se\\\/itdata\\\/2016\\\/02\\\/09\\\/krig-pa-internet-ger-it-rekrytering-en-nyckelroll\\\/#primaryimage\"},\"image\":{\"@id\":\"https:\\\/\\\/framtidenskarriar.se\\\/itdata\\\/2016\\\/02\\\/09\\\/krig-pa-internet-ger-it-rekrytering-en-nyckelroll\\\/#primaryimage\"},\"thumbnailUrl\":\"https:\\\/\\\/framtidenskarriar.se\\\/itdata\\\/wp-content\\\/uploads\\\/sites\\\/13\\\/2016\\\/02\\\/staten-forsvaret-2-1.jpg\",\"datePublished\":\"2016-02-09T21:21:29+00:00\",\"author\":{\"@id\":\"https:\\\/\\\/framtidenskarriar.se\\\/itdata\\\/#\\\/schema\\\/person\\\/c8a43eb855191e573b73ecf8987a3b99\"},\"breadcrumb\":{\"@id\":\"https:\\\/\\\/framtidenskarriar.se\\\/itdata\\\/2016\\\/02\\\/09\\\/krig-pa-internet-ger-it-rekrytering-en-nyckelroll\\\/#breadcrumb\"},\"inLanguage\":\"sv-SE\",\"potentialAction\":[{\"@type\":\"ReadAction\",\"target\":[\"https:\\\/\\\/framtidenskarriar.se\\\/itdata\\\/2016\\\/02\\\/09\\\/krig-pa-internet-ger-it-rekrytering-en-nyckelroll\\\/\"]}]},{\"@type\":\"ImageObject\",\"inLanguage\":\"sv-SE\",\"@id\":\"https:\\\/\\\/framtidenskarriar.se\\\/itdata\\\/2016\\\/02\\\/09\\\/krig-pa-internet-ger-it-rekrytering-en-nyckelroll\\\/#primaryimage\",\"url\":\"https:\\\/\\\/framtidenskarriar.se\\\/itdata\\\/wp-content\\\/uploads\\\/sites\\\/13\\\/2016\\\/02\\\/staten-forsvaret-2-1.jpg\",\"contentUrl\":\"https:\\\/\\\/framtidenskarriar.se\\\/itdata\\\/wp-content\\\/uploads\\\/sites\\\/13\\\/2016\\\/02\\\/staten-forsvaret-2-1.jpg\",\"width\":1000,\"height\":667,\"caption\":\"F\u00f6rsvaret\"},{\"@type\":\"BreadcrumbList\",\"@id\":\"https:\\\/\\\/framtidenskarriar.se\\\/itdata\\\/2016\\\/02\\\/09\\\/krig-pa-internet-ger-it-rekrytering-en-nyckelroll\\\/#breadcrumb\",\"itemListElement\":[{\"@type\":\"ListItem\",\"position\":1,\"name\":\"Home\",\"item\":\"https:\\\/\\\/framtidenskarriar.se\\\/itdata\\\/\"},{\"@type\":\"ListItem\",\"position\":2,\"name\":\"Krig p\u00e5 internet ger it-rekrytering en nyckelroll\"}]},{\"@type\":\"WebSite\",\"@id\":\"https:\\\/\\\/framtidenskarriar.se\\\/itdata\\\/#website\",\"url\":\"https:\\\/\\\/framtidenskarriar.se\\\/itdata\\\/\",\"name\":\"Framtidens karri\u00e4r IT & Data\",\"description\":\"Just another NMDashboard.se Sites site\",\"potentialAction\":[{\"@type\":\"SearchAction\",\"target\":{\"@type\":\"EntryPoint\",\"urlTemplate\":\"https:\\\/\\\/framtidenskarriar.se\\\/itdata\\\/?s={search_term_string}\"},\"query-input\":{\"@type\":\"PropertyValueSpecification\",\"valueRequired\":true,\"valueName\":\"search_term_string\"}}],\"inLanguage\":\"sv-SE\"},{\"@type\":\"Person\",\"@id\":\"https:\\\/\\\/framtidenskarriar.se\\\/itdata\\\/#\\\/schema\\\/person\\\/c8a43eb855191e573b73ecf8987a3b99\",\"name\":\"stellanstal\",\"image\":{\"@type\":\"ImageObject\",\"inLanguage\":\"sv-SE\",\"@id\":\"https:\\\/\\\/secure.gravatar.com\\\/avatar\\\/cd330fa6bb17f598124b2068ee0b189e4fe0987a50af9d53b78410836060d0c9?s=96&d=mm&r=g\",\"url\":\"https:\\\/\\\/secure.gravatar.com\\\/avatar\\\/cd330fa6bb17f598124b2068ee0b189e4fe0987a50af9d53b78410836060d0c9?s=96&d=mm&r=g\",\"contentUrl\":\"https:\\\/\\\/secure.gravatar.com\\\/avatar\\\/cd330fa6bb17f598124b2068ee0b189e4fe0987a50af9d53b78410836060d0c9?s=96&d=mm&r=g\",\"caption\":\"stellanstal\"},\"url\":\"https:\\\/\\\/framtidenskarriar.se\\\/itdata\\\/author\\\/stellanstal\\\/\"}]}<\/script>\n<!-- \/ Yoast SEO plugin. -->","yoast_head_json":{"title":"Krig p\u00e5 internet ger it-rekrytering en nyckelroll - Framtidens karri\u00e4r IT & Data","robots":{"index":"index","follow":"follow","max-snippet":"max-snippet:-1","max-image-preview":"max-image-preview:large","max-video-preview":"max-video-preview:-1"},"canonical":"https:\/\/framtidenskarriar.se\/itdata\/2016\/02\/09\/krig-pa-internet-ger-it-rekrytering-en-nyckelroll\/","og_locale":"sv_SE","og_type":"article","og_title":"Krig p\u00e5 internet ger it-rekrytering en nyckelroll - Framtidens karri\u00e4r IT & Data","og_description":"Jerry Eriksson, chef f\u00f6r F\u00f6rsvarsmaktens systemf\u00f6rvaltningsenhet, SFE, ser ett tredje v\u00e4rldskrig utspela sig p\u00e5 Internet....","og_url":"https:\/\/framtidenskarriar.se\/itdata\/2016\/02\/09\/krig-pa-internet-ger-it-rekrytering-en-nyckelroll\/","og_site_name":"Framtidens karri\u00e4r IT & Data","article_published_time":"2016-02-09T21:21:29+00:00","og_image":[{"width":1000,"height":667,"url":"https:\/\/framtidenskarriar.se\/itdata\/wp-content\/uploads\/sites\/13\/2016\/02\/staten-forsvaret-2-1.jpg","type":"image\/jpeg"}],"author":"stellanstal","twitter_card":"summary_large_image","twitter_misc":{"Skriven av":"stellanstal","Ber\u00e4knad l\u00e4stid":"4 minuter"},"schema":{"@context":"https:\/\/schema.org","@graph":[{"@type":"Article","@id":"https:\/\/framtidenskarriar.se\/itdata\/2016\/02\/09\/krig-pa-internet-ger-it-rekrytering-en-nyckelroll\/#article","isPartOf":{"@id":"https:\/\/framtidenskarriar.se\/itdata\/2016\/02\/09\/krig-pa-internet-ger-it-rekrytering-en-nyckelroll\/"},"author":{"name":"stellanstal","@id":"https:\/\/framtidenskarriar.se\/itdata\/#\/schema\/person\/c8a43eb855191e573b73ecf8987a3b99"},"headline":"Krig p\u00e5 internet ger it-rekrytering en nyckelroll","datePublished":"2016-02-09T21:21:29+00:00","mainEntityOfPage":{"@id":"https:\/\/framtidenskarriar.se\/itdata\/2016\/02\/09\/krig-pa-internet-ger-it-rekrytering-en-nyckelroll\/"},"wordCount":783,"image":{"@id":"https:\/\/framtidenskarriar.se\/itdata\/2016\/02\/09\/krig-pa-internet-ger-it-rekrytering-en-nyckelroll\/#primaryimage"},"thumbnailUrl":"https:\/\/framtidenskarriar.se\/itdata\/wp-content\/uploads\/sites\/13\/2016\/02\/staten-forsvaret-2-1.jpg","articleSection":["Artikel"],"inLanguage":"sv-SE"},{"@type":"WebPage","@id":"https:\/\/framtidenskarriar.se\/itdata\/2016\/02\/09\/krig-pa-internet-ger-it-rekrytering-en-nyckelroll\/","url":"https:\/\/framtidenskarriar.se\/itdata\/2016\/02\/09\/krig-pa-internet-ger-it-rekrytering-en-nyckelroll\/","name":"Krig p\u00e5 internet ger it-rekrytering en nyckelroll - Framtidens karri\u00e4r IT & Data","isPartOf":{"@id":"https:\/\/framtidenskarriar.se\/itdata\/#website"},"primaryImageOfPage":{"@id":"https:\/\/framtidenskarriar.se\/itdata\/2016\/02\/09\/krig-pa-internet-ger-it-rekrytering-en-nyckelroll\/#primaryimage"},"image":{"@id":"https:\/\/framtidenskarriar.se\/itdata\/2016\/02\/09\/krig-pa-internet-ger-it-rekrytering-en-nyckelroll\/#primaryimage"},"thumbnailUrl":"https:\/\/framtidenskarriar.se\/itdata\/wp-content\/uploads\/sites\/13\/2016\/02\/staten-forsvaret-2-1.jpg","datePublished":"2016-02-09T21:21:29+00:00","author":{"@id":"https:\/\/framtidenskarriar.se\/itdata\/#\/schema\/person\/c8a43eb855191e573b73ecf8987a3b99"},"breadcrumb":{"@id":"https:\/\/framtidenskarriar.se\/itdata\/2016\/02\/09\/krig-pa-internet-ger-it-rekrytering-en-nyckelroll\/#breadcrumb"},"inLanguage":"sv-SE","potentialAction":[{"@type":"ReadAction","target":["https:\/\/framtidenskarriar.se\/itdata\/2016\/02\/09\/krig-pa-internet-ger-it-rekrytering-en-nyckelroll\/"]}]},{"@type":"ImageObject","inLanguage":"sv-SE","@id":"https:\/\/framtidenskarriar.se\/itdata\/2016\/02\/09\/krig-pa-internet-ger-it-rekrytering-en-nyckelroll\/#primaryimage","url":"https:\/\/framtidenskarriar.se\/itdata\/wp-content\/uploads\/sites\/13\/2016\/02\/staten-forsvaret-2-1.jpg","contentUrl":"https:\/\/framtidenskarriar.se\/itdata\/wp-content\/uploads\/sites\/13\/2016\/02\/staten-forsvaret-2-1.jpg","width":1000,"height":667,"caption":"F\u00f6rsvaret"},{"@type":"BreadcrumbList","@id":"https:\/\/framtidenskarriar.se\/itdata\/2016\/02\/09\/krig-pa-internet-ger-it-rekrytering-en-nyckelroll\/#breadcrumb","itemListElement":[{"@type":"ListItem","position":1,"name":"Home","item":"https:\/\/framtidenskarriar.se\/itdata\/"},{"@type":"ListItem","position":2,"name":"Krig p\u00e5 internet ger it-rekrytering en nyckelroll"}]},{"@type":"WebSite","@id":"https:\/\/framtidenskarriar.se\/itdata\/#website","url":"https:\/\/framtidenskarriar.se\/itdata\/","name":"Framtidens karri\u00e4r IT & Data","description":"Just another NMDashboard.se Sites site","potentialAction":[{"@type":"SearchAction","target":{"@type":"EntryPoint","urlTemplate":"https:\/\/framtidenskarriar.se\/itdata\/?s={search_term_string}"},"query-input":{"@type":"PropertyValueSpecification","valueRequired":true,"valueName":"search_term_string"}}],"inLanguage":"sv-SE"},{"@type":"Person","@id":"https:\/\/framtidenskarriar.se\/itdata\/#\/schema\/person\/c8a43eb855191e573b73ecf8987a3b99","name":"stellanstal","image":{"@type":"ImageObject","inLanguage":"sv-SE","@id":"https:\/\/secure.gravatar.com\/avatar\/cd330fa6bb17f598124b2068ee0b189e4fe0987a50af9d53b78410836060d0c9?s=96&d=mm&r=g","url":"https:\/\/secure.gravatar.com\/avatar\/cd330fa6bb17f598124b2068ee0b189e4fe0987a50af9d53b78410836060d0c9?s=96&d=mm&r=g","contentUrl":"https:\/\/secure.gravatar.com\/avatar\/cd330fa6bb17f598124b2068ee0b189e4fe0987a50af9d53b78410836060d0c9?s=96&d=mm&r=g","caption":"stellanstal"},"url":"https:\/\/framtidenskarriar.se\/itdata\/author\/stellanstal\/"}]}},"_links":{"self":[{"href":"https:\/\/framtidenskarriar.se\/itdata\/wp-json\/wp\/v2\/posts\/5131","targetHints":{"allow":["GET"]}}],"collection":[{"href":"https:\/\/framtidenskarriar.se\/itdata\/wp-json\/wp\/v2\/posts"}],"about":[{"href":"https:\/\/framtidenskarriar.se\/itdata\/wp-json\/wp\/v2\/types\/post"}],"author":[{"embeddable":true,"href":"https:\/\/framtidenskarriar.se\/itdata\/wp-json\/wp\/v2\/users\/3"}],"replies":[{"embeddable":true,"href":"https:\/\/framtidenskarriar.se\/itdata\/wp-json\/wp\/v2\/comments?post=5131"}],"version-history":[{"count":0,"href":"https:\/\/framtidenskarriar.se\/itdata\/wp-json\/wp\/v2\/posts\/5131\/revisions"}],"wp:featuredmedia":[{"embeddable":true,"href":"https:\/\/framtidenskarriar.se\/itdata\/wp-json\/wp\/v2\/media\/5236"}],"wp:attachment":[{"href":"https:\/\/framtidenskarriar.se\/itdata\/wp-json\/wp\/v2\/media?parent=5131"}],"wp:term":[{"taxonomy":"category","embeddable":true,"href":"https:\/\/framtidenskarriar.se\/itdata\/wp-json\/wp\/v2\/categories?post=5131"},{"taxonomy":"post_tag","embeddable":true,"href":"https:\/\/framtidenskarriar.se\/itdata\/wp-json\/wp\/v2\/tags?post=5131"}],"curies":[{"name":"wp","href":"https:\/\/api.w.org\/{rel}","templated":true}]}}