{"id":5135,"date":"2016-02-09T23:24:04","date_gmt":"2016-02-09T21:24:04","guid":{"rendered":"http:\/\/framtidenskarriar.se\/itdata\/?p=5135"},"modified":"2016-02-09T23:24:04","modified_gmt":"2016-02-09T21:24:04","slug":"digitala-revolutionen-har-bara-borjat","status":"publish","type":"post","link":"https:\/\/framtidenskarriar.se\/itdata\/2016\/02\/09\/digitala-revolutionen-har-bara-borjat\/","title":{"rendered":"Digitala revolutionen har bara b\u00f6rjat"},"content":{"rendered":"<figure id=\"attachment_5136\" aria-describedby=\"caption-attachment-5136\" style=\"width: 1000px\" class=\"wp-caption alignnone\"><img loading=\"lazy\" decoding=\"async\" class=\"size-full wp-image-5136\" src=\"https:\/\/framtidenskarriar.se\/itdata\/wp-content\/uploads\/sites\/13\/2016\/02\/ledare-elisabethstjernstoft20161.jpg\" alt=\"Elisabeth Stjernstoft, Ordf\u00f6rande f\u00f6r dataf\u00f6reningens Stockholmskrets, CIO Apoteket. Foto: Johan T\u00f6pel\" width=\"1000\" height=\"656\" srcset=\"https:\/\/framtidenskarriar.se\/itdata\/wp-content\/uploads\/sites\/13\/2016\/02\/ledare-elisabethstjernstoft20161.jpg 1000w, https:\/\/framtidenskarriar.se\/itdata\/wp-content\/uploads\/sites\/13\/2016\/02\/ledare-elisabethstjernstoft20161-300x197.jpg 300w, https:\/\/framtidenskarriar.se\/itdata\/wp-content\/uploads\/sites\/13\/2016\/02\/ledare-elisabethstjernstoft20161-768x504.jpg 768w, https:\/\/framtidenskarriar.se\/itdata\/wp-content\/uploads\/sites\/13\/2016\/02\/ledare-elisabethstjernstoft20161-244x160.jpg 244w, https:\/\/framtidenskarriar.se\/itdata\/wp-content\/uploads\/sites\/13\/2016\/02\/ledare-elisabethstjernstoft20161-526x345.jpg 526w, https:\/\/framtidenskarriar.se\/itdata\/wp-content\/uploads\/sites\/13\/2016\/02\/ledare-elisabethstjernstoft20161-720x472.jpg 720w, https:\/\/framtidenskarriar.se\/itdata\/wp-content\/uploads\/sites\/13\/2016\/02\/ledare-elisabethstjernstoft20161-960x630.jpg 960w\" sizes=\"auto, (max-width: 1000px) 100vw, 1000px\" \/><figcaption id=\"caption-attachment-5136\" class=\"wp-caption-text\">Elisabeth Stjernstoft, Ordf\u00f6rande f\u00f6r dataf\u00f6reningens Stockholmskrets, CIO Apoteket. Foto: Johan T\u00f6pel<\/figcaption><\/figure>\n<p>Den digitala resan g\u00e5r hisnande snabbt och den har bara b\u00f6rjat. Det finns knappast n\u00e5gon bransch eller sektor som inte p\u00e5verkas av den explosionsartade utvecklingen inom it och data.<br \/>\nSverige har l\u00e4nge g\u00e5tt i br\u00e4schen f\u00f6r nya smarta it-l\u00f6sningar och svenskar anses ofta vara snabba med att anamma ny teknologi. Inte minst hem-pc-reformen p\u00e5 1990-talet gav skjuts \u00e5t digitaliseringen av Sverige. Nu ser vi emellertid andra marknader som drar ifr\u00e5n och som ligger l\u00e4ngre fram i sin digitalisering \u00e4n Sverige. F\u00f6r den svenska konkurrenskraften och samh\u00e4llets utveckling g\u00e4ller det att inte bli akterseglad. Fr\u00e5n Dataf\u00f6reningen sida arbetar vi med visionen Digital destination Sverige, d\u00e4r m\u00e5let \u00e4r en kontinuerlig digitalisering av Sverige, som skapar nytta f\u00f6r alla. Digitalisering sker idag p\u00e5 alla niv\u00e5er i samh\u00e4llet, fr\u00e5n varje enskild individ till medarbetare, it-professionen, f\u00f6retag och organisationer och samh\u00e4llet i stort. Alla m\u00e5ste vara med p\u00e5 resan f\u00f6r att samh\u00e4llet ska utvecklas optimalt.<br \/>\nEftersom it idag genomsyrar varje aspekt av n\u00e4ringsliv och samh\u00e4lle \u00e4r det ocks\u00e5 inom it som m\u00e5nga av de allra mest sp\u00e4nnande framtidsjobben nu skapas.<br \/>\nIt \u00e4r verksamhetskritiskt och aff\u00e4rsdrivande och det finns stora behov av kreativa medarbetare, som kan t\u00e4nka \u201dutanf\u00f6r boxen\u201d och skapa l\u00f6sningar f\u00f6r framtidens behov. F\u00f6r dem som skaffar sig gedigen it-kompetens finns snart sagt o\u00e4ndliga karri\u00e4rv\u00e4gar och yrkesroller.<\/p>\n","protected":false},"excerpt":{"rendered":"<p>Den digitala resan g\u00e5r hisnande snabbt och den har bara b\u00f6rjat. Det finns knappast n\u00e5gon&#8230;<\/p>\n","protected":false},"author":3,"featured_media":5227,"comment_status":"closed","ping_status":"open","sticky":false,"template":"","format":"standard","meta":{"_acf_changed":false,"_monsterinsights_skip_tracking":false,"_monsterinsights_sitenote_active":false,"_monsterinsights_sitenote_note":"","_monsterinsights_sitenote_category":0,"footnotes":""},"categories":[1],"tags":[],"class_list":["post-5135","post","type-post","status-publish","format-standard","has-post-thumbnail","hentry","category-artikel"],"acf":[],"yoast_head":"<!-- This site is optimized with the Yoast SEO plugin v27.3 - https:\/\/yoast.com\/product\/yoast-seo-wordpress\/ -->\n<title>Digitala revolutionen har bara b\u00f6rjat - Framtidens karri\u00e4r IT &amp; Data<\/title>\n<meta name=\"robots\" content=\"index, follow, max-snippet:-1, max-image-preview:large, max-video-preview:-1\" \/>\n<link rel=\"canonical\" href=\"https:\/\/framtidenskarriar.se\/itdata\/2016\/02\/09\/digitala-revolutionen-har-bara-borjat\/\" \/>\n<meta property=\"og:locale\" content=\"sv_SE\" \/>\n<meta property=\"og:type\" content=\"article\" \/>\n<meta property=\"og:title\" content=\"Digitala revolutionen har bara b\u00f6rjat - Framtidens karri\u00e4r IT &amp; Data\" \/>\n<meta property=\"og:description\" content=\"Den digitala resan g\u00e5r hisnande snabbt och den har bara b\u00f6rjat. Det finns knappast n\u00e5gon...\" \/>\n<meta property=\"og:url\" content=\"https:\/\/framtidenskarriar.se\/itdata\/2016\/02\/09\/digitala-revolutionen-har-bara-borjat\/\" \/>\n<meta property=\"og:site_name\" content=\"Framtidens karri\u00e4r IT &amp; Data\" \/>\n<meta property=\"article:published_time\" content=\"2016-02-09T21:24:04+00:00\" \/>\n<meta property=\"og:image\" content=\"https:\/\/framtidenskarriar.se\/itdata\/wp-content\/uploads\/sites\/13\/2016\/02\/ledare-elisabethstjernstoft20161-1.jpg\" \/>\n\t<meta property=\"og:image:width\" content=\"1000\" \/>\n\t<meta property=\"og:image:height\" content=\"656\" \/>\n\t<meta property=\"og:image:type\" content=\"image\/jpeg\" \/>\n<meta name=\"author\" content=\"stellanstal\" \/>\n<meta name=\"twitter:card\" content=\"summary_large_image\" \/>\n<meta name=\"twitter:label1\" content=\"Skriven av\" \/>\n\t<meta name=\"twitter:data1\" content=\"stellanstal\" \/>\n\t<meta name=\"twitter:label2\" content=\"Ber\u00e4knad l\u00e4stid\" \/>\n\t<meta name=\"twitter:data2\" content=\"1 minut\" \/>\n<script type=\"application\/ld+json\" class=\"yoast-schema-graph\">{\"@context\":\"https:\\\/\\\/schema.org\",\"@graph\":[{\"@type\":\"Article\",\"@id\":\"https:\\\/\\\/framtidenskarriar.se\\\/itdata\\\/2016\\\/02\\\/09\\\/digitala-revolutionen-har-bara-borjat\\\/#article\",\"isPartOf\":{\"@id\":\"https:\\\/\\\/framtidenskarriar.se\\\/itdata\\\/2016\\\/02\\\/09\\\/digitala-revolutionen-har-bara-borjat\\\/\"},\"author\":{\"name\":\"stellanstal\",\"@id\":\"https:\\\/\\\/framtidenskarriar.se\\\/itdata\\\/#\\\/schema\\\/person\\\/c8a43eb855191e573b73ecf8987a3b99\"},\"headline\":\"Digitala revolutionen har bara b\u00f6rjat\",\"datePublished\":\"2016-02-09T21:24:04+00:00\",\"mainEntityOfPage\":{\"@id\":\"https:\\\/\\\/framtidenskarriar.se\\\/itdata\\\/2016\\\/02\\\/09\\\/digitala-revolutionen-har-bara-borjat\\\/\"},\"wordCount\":281,\"image\":{\"@id\":\"https:\\\/\\\/framtidenskarriar.se\\\/itdata\\\/2016\\\/02\\\/09\\\/digitala-revolutionen-har-bara-borjat\\\/#primaryimage\"},\"thumbnailUrl\":\"https:\\\/\\\/framtidenskarriar.se\\\/itdata\\\/wp-content\\\/uploads\\\/sites\\\/13\\\/2016\\\/02\\\/ledare-elisabethstjernstoft20161-1.jpg\",\"articleSection\":[\"Artikel\"],\"inLanguage\":\"sv-SE\"},{\"@type\":\"WebPage\",\"@id\":\"https:\\\/\\\/framtidenskarriar.se\\\/itdata\\\/2016\\\/02\\\/09\\\/digitala-revolutionen-har-bara-borjat\\\/\",\"url\":\"https:\\\/\\\/framtidenskarriar.se\\\/itdata\\\/2016\\\/02\\\/09\\\/digitala-revolutionen-har-bara-borjat\\\/\",\"name\":\"Digitala revolutionen har bara b\u00f6rjat - Framtidens karri\u00e4r IT & Data\",\"isPartOf\":{\"@id\":\"https:\\\/\\\/framtidenskarriar.se\\\/itdata\\\/#website\"},\"primaryImageOfPage\":{\"@id\":\"https:\\\/\\\/framtidenskarriar.se\\\/itdata\\\/2016\\\/02\\\/09\\\/digitala-revolutionen-har-bara-borjat\\\/#primaryimage\"},\"image\":{\"@id\":\"https:\\\/\\\/framtidenskarriar.se\\\/itdata\\\/2016\\\/02\\\/09\\\/digitala-revolutionen-har-bara-borjat\\\/#primaryimage\"},\"thumbnailUrl\":\"https:\\\/\\\/framtidenskarriar.se\\\/itdata\\\/wp-content\\\/uploads\\\/sites\\\/13\\\/2016\\\/02\\\/ledare-elisabethstjernstoft20161-1.jpg\",\"datePublished\":\"2016-02-09T21:24:04+00:00\",\"author\":{\"@id\":\"https:\\\/\\\/framtidenskarriar.se\\\/itdata\\\/#\\\/schema\\\/person\\\/c8a43eb855191e573b73ecf8987a3b99\"},\"breadcrumb\":{\"@id\":\"https:\\\/\\\/framtidenskarriar.se\\\/itdata\\\/2016\\\/02\\\/09\\\/digitala-revolutionen-har-bara-borjat\\\/#breadcrumb\"},\"inLanguage\":\"sv-SE\",\"potentialAction\":[{\"@type\":\"ReadAction\",\"target\":[\"https:\\\/\\\/framtidenskarriar.se\\\/itdata\\\/2016\\\/02\\\/09\\\/digitala-revolutionen-har-bara-borjat\\\/\"]}]},{\"@type\":\"ImageObject\",\"inLanguage\":\"sv-SE\",\"@id\":\"https:\\\/\\\/framtidenskarriar.se\\\/itdata\\\/2016\\\/02\\\/09\\\/digitala-revolutionen-har-bara-borjat\\\/#primaryimage\",\"url\":\"https:\\\/\\\/framtidenskarriar.se\\\/itdata\\\/wp-content\\\/uploads\\\/sites\\\/13\\\/2016\\\/02\\\/ledare-elisabethstjernstoft20161-1.jpg\",\"contentUrl\":\"https:\\\/\\\/framtidenskarriar.se\\\/itdata\\\/wp-content\\\/uploads\\\/sites\\\/13\\\/2016\\\/02\\\/ledare-elisabethstjernstoft20161-1.jpg\",\"width\":1000,\"height\":656},{\"@type\":\"BreadcrumbList\",\"@id\":\"https:\\\/\\\/framtidenskarriar.se\\\/itdata\\\/2016\\\/02\\\/09\\\/digitala-revolutionen-har-bara-borjat\\\/#breadcrumb\",\"itemListElement\":[{\"@type\":\"ListItem\",\"position\":1,\"name\":\"Home\",\"item\":\"https:\\\/\\\/framtidenskarriar.se\\\/itdata\\\/\"},{\"@type\":\"ListItem\",\"position\":2,\"name\":\"Digitala revolutionen har bara b\u00f6rjat\"}]},{\"@type\":\"WebSite\",\"@id\":\"https:\\\/\\\/framtidenskarriar.se\\\/itdata\\\/#website\",\"url\":\"https:\\\/\\\/framtidenskarriar.se\\\/itdata\\\/\",\"name\":\"Framtidens karri\u00e4r IT & Data\",\"description\":\"Just another NMDashboard.se Sites site\",\"potentialAction\":[{\"@type\":\"SearchAction\",\"target\":{\"@type\":\"EntryPoint\",\"urlTemplate\":\"https:\\\/\\\/framtidenskarriar.se\\\/itdata\\\/?s={search_term_string}\"},\"query-input\":{\"@type\":\"PropertyValueSpecification\",\"valueRequired\":true,\"valueName\":\"search_term_string\"}}],\"inLanguage\":\"sv-SE\"},{\"@type\":\"Person\",\"@id\":\"https:\\\/\\\/framtidenskarriar.se\\\/itdata\\\/#\\\/schema\\\/person\\\/c8a43eb855191e573b73ecf8987a3b99\",\"name\":\"stellanstal\",\"image\":{\"@type\":\"ImageObject\",\"inLanguage\":\"sv-SE\",\"@id\":\"https:\\\/\\\/secure.gravatar.com\\\/avatar\\\/cd330fa6bb17f598124b2068ee0b189e4fe0987a50af9d53b78410836060d0c9?s=96&d=mm&r=g\",\"url\":\"https:\\\/\\\/secure.gravatar.com\\\/avatar\\\/cd330fa6bb17f598124b2068ee0b189e4fe0987a50af9d53b78410836060d0c9?s=96&d=mm&r=g\",\"contentUrl\":\"https:\\\/\\\/secure.gravatar.com\\\/avatar\\\/cd330fa6bb17f598124b2068ee0b189e4fe0987a50af9d53b78410836060d0c9?s=96&d=mm&r=g\",\"caption\":\"stellanstal\"},\"url\":\"https:\\\/\\\/framtidenskarriar.se\\\/itdata\\\/author\\\/stellanstal\\\/\"}]}<\/script>\n<!-- \/ Yoast SEO plugin. -->","yoast_head_json":{"title":"Digitala revolutionen har bara b\u00f6rjat - Framtidens karri\u00e4r IT & Data","robots":{"index":"index","follow":"follow","max-snippet":"max-snippet:-1","max-image-preview":"max-image-preview:large","max-video-preview":"max-video-preview:-1"},"canonical":"https:\/\/framtidenskarriar.se\/itdata\/2016\/02\/09\/digitala-revolutionen-har-bara-borjat\/","og_locale":"sv_SE","og_type":"article","og_title":"Digitala revolutionen har bara b\u00f6rjat - Framtidens karri\u00e4r IT & Data","og_description":"Den digitala resan g\u00e5r hisnande snabbt och den har bara b\u00f6rjat. Det finns knappast n\u00e5gon...","og_url":"https:\/\/framtidenskarriar.se\/itdata\/2016\/02\/09\/digitala-revolutionen-har-bara-borjat\/","og_site_name":"Framtidens karri\u00e4r IT & Data","article_published_time":"2016-02-09T21:24:04+00:00","og_image":[{"width":1000,"height":656,"url":"https:\/\/framtidenskarriar.se\/itdata\/wp-content\/uploads\/sites\/13\/2016\/02\/ledare-elisabethstjernstoft20161-1.jpg","type":"image\/jpeg"}],"author":"stellanstal","twitter_card":"summary_large_image","twitter_misc":{"Skriven av":"stellanstal","Ber\u00e4knad l\u00e4stid":"1 minut"},"schema":{"@context":"https:\/\/schema.org","@graph":[{"@type":"Article","@id":"https:\/\/framtidenskarriar.se\/itdata\/2016\/02\/09\/digitala-revolutionen-har-bara-borjat\/#article","isPartOf":{"@id":"https:\/\/framtidenskarriar.se\/itdata\/2016\/02\/09\/digitala-revolutionen-har-bara-borjat\/"},"author":{"name":"stellanstal","@id":"https:\/\/framtidenskarriar.se\/itdata\/#\/schema\/person\/c8a43eb855191e573b73ecf8987a3b99"},"headline":"Digitala revolutionen har bara b\u00f6rjat","datePublished":"2016-02-09T21:24:04+00:00","mainEntityOfPage":{"@id":"https:\/\/framtidenskarriar.se\/itdata\/2016\/02\/09\/digitala-revolutionen-har-bara-borjat\/"},"wordCount":281,"image":{"@id":"https:\/\/framtidenskarriar.se\/itdata\/2016\/02\/09\/digitala-revolutionen-har-bara-borjat\/#primaryimage"},"thumbnailUrl":"https:\/\/framtidenskarriar.se\/itdata\/wp-content\/uploads\/sites\/13\/2016\/02\/ledare-elisabethstjernstoft20161-1.jpg","articleSection":["Artikel"],"inLanguage":"sv-SE"},{"@type":"WebPage","@id":"https:\/\/framtidenskarriar.se\/itdata\/2016\/02\/09\/digitala-revolutionen-har-bara-borjat\/","url":"https:\/\/framtidenskarriar.se\/itdata\/2016\/02\/09\/digitala-revolutionen-har-bara-borjat\/","name":"Digitala revolutionen har bara b\u00f6rjat - Framtidens karri\u00e4r IT & Data","isPartOf":{"@id":"https:\/\/framtidenskarriar.se\/itdata\/#website"},"primaryImageOfPage":{"@id":"https:\/\/framtidenskarriar.se\/itdata\/2016\/02\/09\/digitala-revolutionen-har-bara-borjat\/#primaryimage"},"image":{"@id":"https:\/\/framtidenskarriar.se\/itdata\/2016\/02\/09\/digitala-revolutionen-har-bara-borjat\/#primaryimage"},"thumbnailUrl":"https:\/\/framtidenskarriar.se\/itdata\/wp-content\/uploads\/sites\/13\/2016\/02\/ledare-elisabethstjernstoft20161-1.jpg","datePublished":"2016-02-09T21:24:04+00:00","author":{"@id":"https:\/\/framtidenskarriar.se\/itdata\/#\/schema\/person\/c8a43eb855191e573b73ecf8987a3b99"},"breadcrumb":{"@id":"https:\/\/framtidenskarriar.se\/itdata\/2016\/02\/09\/digitala-revolutionen-har-bara-borjat\/#breadcrumb"},"inLanguage":"sv-SE","potentialAction":[{"@type":"ReadAction","target":["https:\/\/framtidenskarriar.se\/itdata\/2016\/02\/09\/digitala-revolutionen-har-bara-borjat\/"]}]},{"@type":"ImageObject","inLanguage":"sv-SE","@id":"https:\/\/framtidenskarriar.se\/itdata\/2016\/02\/09\/digitala-revolutionen-har-bara-borjat\/#primaryimage","url":"https:\/\/framtidenskarriar.se\/itdata\/wp-content\/uploads\/sites\/13\/2016\/02\/ledare-elisabethstjernstoft20161-1.jpg","contentUrl":"https:\/\/framtidenskarriar.se\/itdata\/wp-content\/uploads\/sites\/13\/2016\/02\/ledare-elisabethstjernstoft20161-1.jpg","width":1000,"height":656},{"@type":"BreadcrumbList","@id":"https:\/\/framtidenskarriar.se\/itdata\/2016\/02\/09\/digitala-revolutionen-har-bara-borjat\/#breadcrumb","itemListElement":[{"@type":"ListItem","position":1,"name":"Home","item":"https:\/\/framtidenskarriar.se\/itdata\/"},{"@type":"ListItem","position":2,"name":"Digitala revolutionen har bara b\u00f6rjat"}]},{"@type":"WebSite","@id":"https:\/\/framtidenskarriar.se\/itdata\/#website","url":"https:\/\/framtidenskarriar.se\/itdata\/","name":"Framtidens karri\u00e4r IT & Data","description":"Just another NMDashboard.se Sites site","potentialAction":[{"@type":"SearchAction","target":{"@type":"EntryPoint","urlTemplate":"https:\/\/framtidenskarriar.se\/itdata\/?s={search_term_string}"},"query-input":{"@type":"PropertyValueSpecification","valueRequired":true,"valueName":"search_term_string"}}],"inLanguage":"sv-SE"},{"@type":"Person","@id":"https:\/\/framtidenskarriar.se\/itdata\/#\/schema\/person\/c8a43eb855191e573b73ecf8987a3b99","name":"stellanstal","image":{"@type":"ImageObject","inLanguage":"sv-SE","@id":"https:\/\/secure.gravatar.com\/avatar\/cd330fa6bb17f598124b2068ee0b189e4fe0987a50af9d53b78410836060d0c9?s=96&d=mm&r=g","url":"https:\/\/secure.gravatar.com\/avatar\/cd330fa6bb17f598124b2068ee0b189e4fe0987a50af9d53b78410836060d0c9?s=96&d=mm&r=g","contentUrl":"https:\/\/secure.gravatar.com\/avatar\/cd330fa6bb17f598124b2068ee0b189e4fe0987a50af9d53b78410836060d0c9?s=96&d=mm&r=g","caption":"stellanstal"},"url":"https:\/\/framtidenskarriar.se\/itdata\/author\/stellanstal\/"}]}},"_links":{"self":[{"href":"https:\/\/framtidenskarriar.se\/itdata\/wp-json\/wp\/v2\/posts\/5135","targetHints":{"allow":["GET"]}}],"collection":[{"href":"https:\/\/framtidenskarriar.se\/itdata\/wp-json\/wp\/v2\/posts"}],"about":[{"href":"https:\/\/framtidenskarriar.se\/itdata\/wp-json\/wp\/v2\/types\/post"}],"author":[{"embeddable":true,"href":"https:\/\/framtidenskarriar.se\/itdata\/wp-json\/wp\/v2\/users\/3"}],"replies":[{"embeddable":true,"href":"https:\/\/framtidenskarriar.se\/itdata\/wp-json\/wp\/v2\/comments?post=5135"}],"version-history":[{"count":0,"href":"https:\/\/framtidenskarriar.se\/itdata\/wp-json\/wp\/v2\/posts\/5135\/revisions"}],"wp:featuredmedia":[{"embeddable":true,"href":"https:\/\/framtidenskarriar.se\/itdata\/wp-json\/wp\/v2\/media\/5227"}],"wp:attachment":[{"href":"https:\/\/framtidenskarriar.se\/itdata\/wp-json\/wp\/v2\/media?parent=5135"}],"wp:term":[{"taxonomy":"category","embeddable":true,"href":"https:\/\/framtidenskarriar.se\/itdata\/wp-json\/wp\/v2\/categories?post=5135"},{"taxonomy":"post_tag","embeddable":true,"href":"https:\/\/framtidenskarriar.se\/itdata\/wp-json\/wp\/v2\/tags?post=5135"}],"curies":[{"name":"wp","href":"https:\/\/api.w.org\/{rel}","templated":true}]}}