{"id":5338,"date":"2017-02-07T16:01:55","date_gmt":"2017-02-07T14:01:55","guid":{"rendered":"http:\/\/framtidenskarriar.se\/itdata\/?p=5338"},"modified":"2017-02-07T16:01:55","modified_gmt":"2017-02-07T14:01:55","slug":"molnet-och-bigdata-vardag-for-gunnar","status":"publish","type":"post","link":"https:\/\/framtidenskarriar.se\/itdata\/2017\/02\/07\/molnet-och-bigdata-vardag-for-gunnar\/","title":{"rendered":"Molnet och BigData \u2013 vardag f\u00f6r Gunnar"},"content":{"rendered":"<p><figure id=\"attachment_5339\" aria-describedby=\"caption-attachment-5339\" style=\"width: 1000px\" class=\"wp-caption alignnone\"><img loading=\"lazy\" decoding=\"async\" src=\"https:\/\/framtidenskarriar.se\/itdata\/wp-content\/uploads\/sites\/13\/2017\/02\/fra-gunnar-fra.jpg\" alt=\"Gunnar Hellenius, chef f\u00f6r FRA:s tekniska avdelning.\" width=\"1000\" height=\"690\" class=\"size-full wp-image-5339\" srcset=\"https:\/\/framtidenskarriar.se\/itdata\/wp-content\/uploads\/sites\/13\/2017\/02\/fra-gunnar-fra.jpg 1000w, https:\/\/framtidenskarriar.se\/itdata\/wp-content\/uploads\/sites\/13\/2017\/02\/fra-gunnar-fra-300x207.jpg 300w, https:\/\/framtidenskarriar.se\/itdata\/wp-content\/uploads\/sites\/13\/2017\/02\/fra-gunnar-fra-768x530.jpg 768w, https:\/\/framtidenskarriar.se\/itdata\/wp-content\/uploads\/sites\/13\/2017\/02\/fra-gunnar-fra-232x160.jpg 232w, https:\/\/framtidenskarriar.se\/itdata\/wp-content\/uploads\/sites\/13\/2017\/02\/fra-gunnar-fra-526x363.jpg 526w, https:\/\/framtidenskarriar.se\/itdata\/wp-content\/uploads\/sites\/13\/2017\/02\/fra-gunnar-fra-720x497.jpg 720w, https:\/\/framtidenskarriar.se\/itdata\/wp-content\/uploads\/sites\/13\/2017\/02\/fra-gunnar-fra-960x662.jpg 960w\" sizes=\"auto, (max-width: 1000px) 100vw, 1000px\" \/><figcaption id=\"caption-attachment-5339\" class=\"wp-caption-text\">Gunnar Hellenius, chef f\u00f6r FRA:s tekniska avdelning.<\/figcaption><\/figure><strong>Gunnar Hellenius, 51, \u00e4r chef f\u00f6r FRA:s tekniska avdelning. H\u00e4r samsas det nya med det gamla inom teknik, och det g\u00e4ller att hitta r\u00e4tt teknik f\u00f6r r\u00e4tt underr\u00e4ttelseomr\u00e5de.<\/strong><\/p>\n<p><strong>Vad ser du f\u00f6r allm\u00e4nna trender inom teknik?<\/strong><br \/>\n\u2013 Det finns ett par tydliga trender p\u00e5 stark frammarsch. De jag direkt t\u00e4nker p\u00e5 \u00e4r Molnet, Internet of Things, Machine Learning och nya teknologier som Block Chain. <\/p>\n<p><strong>Hur p\u00e5verkar utvecklingen ditt uppdrag p\u00e5 FRA?<\/strong><br \/>\n\u2013 Den utmaning vi kommer att leva med under en l\u00e5ng tid \u00e4r att vi ska kunna hela spannet, fr\u00e5n traditionell radio som anv\u00e4nds i n\u00e5got avl\u00e4gset omr\u00e5de d\u00e4r F\u00f6rsvarsmakten har en insats, till kommunikation p\u00e5 internet d\u00e4r akt\u00f6rerna p\u00e5 olika s\u00e4tt f\u00f6rs\u00f6ker g\u00f6mma sig. Dessutom ska systemen driftas och f\u00f6rvaltas. En stabil och effektiv drift \u00e4r ett m\u00e5ste i v\u00e5r verksamhet.<br \/>\nDet \u00e4r komplext men v\u00e5r uppgift \u00e4r att st\u00f6dja verksamheten med r\u00e4tt teknik. Det \u00e4r inte alltid den nyaste tekniken som \u00e4r intressant utan det ska vara r\u00e4tt teknik utifr\u00e5n de utl\u00e4ndska underr\u00e4ttelsem\u00e5len.<br \/>\nMen det \u00e4r klart att djupt kunnande i det digitala n\u00e4tet idag \u00e4r en f\u00f6ruts\u00e4ttning f\u00f6r att klara v\u00e5rt uppdrag och utvecklingen drivs av det som h\u00e4nder p\u00e5 internet. <\/p>\n<p><strong>\u00c4r det m\u00f6jligt att h\u00e4nga med i all teknik?<\/strong><br \/>\n\u2013 Sj\u00e4lvklart inte. Mitt uppdrag handlar om att hitta b\u00e4sta mixen \u00f6ver tid. V\u00e5r utmaning \u00e4r den stora bredden som vi ska beh\u00e4rska med begr\u00e4nsade resurser. <\/p>\n<p><strong>Vilka egenskaper \u00e4r viktiga hos en utvecklare?<\/strong><br \/>\n\u2013 Intresse f\u00f6r verksamheten f\u00f6rst\u00e5s, man ska ha ett driv att hj\u00e4lpa till. Det \u00e4r bra om man har stor bredd i botten och sedan en specialkompetens p\u00e5 ett programmeringsspr\u00e5k som till exempel Java\/C++ eller p\u00e5 Big Data-l\u00f6sningar.<br \/>\nDu ska v\u00e5ga utmana dig sj\u00e4lv och ha uth\u00e5lligheten. Du m\u00e5ste ocks\u00e5 ha tillit till andra \u2013 du kommer inte att klara det sj\u00e4lv och du m\u00e5ste ha alternativa planer om n\u00e5got g\u00e5r fel. Det \u00e4r ett sp\u00e4nnande jobb om man \u00e4r intresserad av teknik!<\/p>\n<div class=\"faktaruta-title\">FRA<\/div><div class=\"faktaruta\">FRA \u00e4r en civil myndighet med huvudkontor p\u00e5 Lov\u00f6n, strax utanf\u00f6r Stockholm.<br \/>\nFRA:s verksamhet bidrar till att skydda Sverige och svenska intressen. Det sker dels genom att vi ger v\u00e5ra uppdragsgivare, som Regeringskansliet, S\u00e4kerhetspolisen och F\u00f6rsvarsmakten, unik information om viktiga utl\u00e4ndska f\u00f6rh\u00e5llanden av betydelse f\u00f6r svensk s\u00e4kerhets- och utrikespolitik, dels genom v\u00e5rt arbete med att st\u00e4rka informationss\u00e4kerheten hos samh\u00e4llsviktig verksamhet.<\/p>\n<p>FRA<br \/>\nBox 301<br \/>\n161 26 Bromma<br \/>\nTel: 08-471 46 00<br \/>\n<em>E-post: <a href=\"mailto:fra@fra.se\">fra@fra.se<\/a><\/em><br \/>\n<strong><a href=\"http:\/\/www.fra.se\" target=\"_blank\" rel=\"noopener noreferrer\">www.fra.se<\/a><\/strong><\/br><br \/>\n<a href=\"http:\/\/www.fra.se\" target=\"_blank\" rel=\"noopener noreferrer\"><img loading=\"lazy\" decoding=\"async\" src=\"http:\/\/framtidenskarriar.se\/itdata\/wp-content\/uploads\/2017\/02\/fra_logo_cmyk-530x301.png\" alt=\"www.fra.se\" width=\"332\" height=\"188\" class=\"alignnone size-large wp-image-5340\" \/><\/a><\/div>\n","protected":false},"excerpt":{"rendered":"<p>Gunnar Hellenius, 51, \u00e4r chef f\u00f6r FRA:s tekniska avdelning. H\u00e4r samsas det nya med det&#8230;<\/p>\n","protected":false},"author":3,"featured_media":5339,"comment_status":"closed","ping_status":"open","sticky":false,"template":"","format":"standard","meta":{"_acf_changed":false,"_monsterinsights_skip_tracking":false,"_monsterinsights_sitenote_active":false,"_monsterinsights_sitenote_note":"","_monsterinsights_sitenote_category":0,"footnotes":""},"categories":[9],"tags":[],"class_list":["post-5338","post","type-post","status-publish","format-standard","has-post-thumbnail","hentry","category-presentation"],"acf":[],"yoast_head":"<!-- This site is optimized with the Yoast SEO plugin v27.3 - https:\/\/yoast.com\/product\/yoast-seo-wordpress\/ -->\n<title>Molnet och BigData \u2013 vardag f\u00f6r Gunnar - Framtidens karri\u00e4r IT &amp; Data<\/title>\n<meta name=\"robots\" content=\"index, follow, max-snippet:-1, max-image-preview:large, max-video-preview:-1\" \/>\n<link rel=\"canonical\" href=\"https:\/\/framtidenskarriar.se\/itdata\/2017\/02\/07\/molnet-och-bigdata-vardag-for-gunnar\/\" \/>\n<meta property=\"og:locale\" content=\"sv_SE\" \/>\n<meta property=\"og:type\" content=\"article\" \/>\n<meta property=\"og:title\" content=\"Molnet och BigData \u2013 vardag f\u00f6r Gunnar - Framtidens karri\u00e4r IT &amp; Data\" \/>\n<meta property=\"og:description\" content=\"Gunnar Hellenius, 51, \u00e4r chef f\u00f6r FRA:s tekniska avdelning. H\u00e4r samsas det nya med det...\" \/>\n<meta property=\"og:url\" content=\"https:\/\/framtidenskarriar.se\/itdata\/2017\/02\/07\/molnet-och-bigdata-vardag-for-gunnar\/\" \/>\n<meta property=\"og:site_name\" content=\"Framtidens karri\u00e4r IT &amp; Data\" \/>\n<meta property=\"article:published_time\" content=\"2017-02-07T14:01:55+00:00\" \/>\n<meta property=\"og:image\" content=\"https:\/\/framtidenskarriar.se\/itdata\/wp-content\/uploads\/sites\/13\/2017\/02\/fra-gunnar-fra.jpg\" \/>\n\t<meta property=\"og:image:width\" content=\"1000\" \/>\n\t<meta property=\"og:image:height\" content=\"690\" \/>\n\t<meta property=\"og:image:type\" content=\"image\/jpeg\" \/>\n<meta name=\"author\" content=\"stellanstal\" \/>\n<meta name=\"twitter:card\" content=\"summary_large_image\" \/>\n<meta name=\"twitter:label1\" content=\"Skriven av\" \/>\n\t<meta name=\"twitter:data1\" content=\"stellanstal\" \/>\n\t<meta name=\"twitter:label2\" content=\"Ber\u00e4knad l\u00e4stid\" \/>\n\t<meta name=\"twitter:data2\" content=\"2 minuter\" \/>\n<script type=\"application\/ld+json\" class=\"yoast-schema-graph\">{\"@context\":\"https:\\\/\\\/schema.org\",\"@graph\":[{\"@type\":\"Article\",\"@id\":\"https:\\\/\\\/framtidenskarriar.se\\\/itdata\\\/2017\\\/02\\\/07\\\/molnet-och-bigdata-vardag-for-gunnar\\\/#article\",\"isPartOf\":{\"@id\":\"https:\\\/\\\/framtidenskarriar.se\\\/itdata\\\/2017\\\/02\\\/07\\\/molnet-och-bigdata-vardag-for-gunnar\\\/\"},\"author\":{\"name\":\"stellanstal\",\"@id\":\"https:\\\/\\\/framtidenskarriar.se\\\/itdata\\\/#\\\/schema\\\/person\\\/c8a43eb855191e573b73ecf8987a3b99\"},\"headline\":\"Molnet och BigData \u2013 vardag f\u00f6r Gunnar\",\"datePublished\":\"2017-02-07T14:01:55+00:00\",\"mainEntityOfPage\":{\"@id\":\"https:\\\/\\\/framtidenskarriar.se\\\/itdata\\\/2017\\\/02\\\/07\\\/molnet-och-bigdata-vardag-for-gunnar\\\/\"},\"wordCount\":495,\"image\":{\"@id\":\"https:\\\/\\\/framtidenskarriar.se\\\/itdata\\\/2017\\\/02\\\/07\\\/molnet-och-bigdata-vardag-for-gunnar\\\/#primaryimage\"},\"thumbnailUrl\":\"https:\\\/\\\/framtidenskarriar.se\\\/itdata\\\/wp-content\\\/uploads\\\/sites\\\/13\\\/2017\\\/02\\\/fra-gunnar-fra.jpg\",\"articleSection\":[\"Presentation\"],\"inLanguage\":\"sv-SE\"},{\"@type\":\"WebPage\",\"@id\":\"https:\\\/\\\/framtidenskarriar.se\\\/itdata\\\/2017\\\/02\\\/07\\\/molnet-och-bigdata-vardag-for-gunnar\\\/\",\"url\":\"https:\\\/\\\/framtidenskarriar.se\\\/itdata\\\/2017\\\/02\\\/07\\\/molnet-och-bigdata-vardag-for-gunnar\\\/\",\"name\":\"Molnet och BigData \u2013 vardag f\u00f6r Gunnar - Framtidens karri\u00e4r IT & Data\",\"isPartOf\":{\"@id\":\"https:\\\/\\\/framtidenskarriar.se\\\/itdata\\\/#website\"},\"primaryImageOfPage\":{\"@id\":\"https:\\\/\\\/framtidenskarriar.se\\\/itdata\\\/2017\\\/02\\\/07\\\/molnet-och-bigdata-vardag-for-gunnar\\\/#primaryimage\"},\"image\":{\"@id\":\"https:\\\/\\\/framtidenskarriar.se\\\/itdata\\\/2017\\\/02\\\/07\\\/molnet-och-bigdata-vardag-for-gunnar\\\/#primaryimage\"},\"thumbnailUrl\":\"https:\\\/\\\/framtidenskarriar.se\\\/itdata\\\/wp-content\\\/uploads\\\/sites\\\/13\\\/2017\\\/02\\\/fra-gunnar-fra.jpg\",\"datePublished\":\"2017-02-07T14:01:55+00:00\",\"author\":{\"@id\":\"https:\\\/\\\/framtidenskarriar.se\\\/itdata\\\/#\\\/schema\\\/person\\\/c8a43eb855191e573b73ecf8987a3b99\"},\"breadcrumb\":{\"@id\":\"https:\\\/\\\/framtidenskarriar.se\\\/itdata\\\/2017\\\/02\\\/07\\\/molnet-och-bigdata-vardag-for-gunnar\\\/#breadcrumb\"},\"inLanguage\":\"sv-SE\",\"potentialAction\":[{\"@type\":\"ReadAction\",\"target\":[\"https:\\\/\\\/framtidenskarriar.se\\\/itdata\\\/2017\\\/02\\\/07\\\/molnet-och-bigdata-vardag-for-gunnar\\\/\"]}]},{\"@type\":\"ImageObject\",\"inLanguage\":\"sv-SE\",\"@id\":\"https:\\\/\\\/framtidenskarriar.se\\\/itdata\\\/2017\\\/02\\\/07\\\/molnet-och-bigdata-vardag-for-gunnar\\\/#primaryimage\",\"url\":\"https:\\\/\\\/framtidenskarriar.se\\\/itdata\\\/wp-content\\\/uploads\\\/sites\\\/13\\\/2017\\\/02\\\/fra-gunnar-fra.jpg\",\"contentUrl\":\"https:\\\/\\\/framtidenskarriar.se\\\/itdata\\\/wp-content\\\/uploads\\\/sites\\\/13\\\/2017\\\/02\\\/fra-gunnar-fra.jpg\",\"width\":1000,\"height\":690,\"caption\":\"Gunnar Hellenius, chef f\u00f6r FRA:s tekniska avdelning.\"},{\"@type\":\"BreadcrumbList\",\"@id\":\"https:\\\/\\\/framtidenskarriar.se\\\/itdata\\\/2017\\\/02\\\/07\\\/molnet-och-bigdata-vardag-for-gunnar\\\/#breadcrumb\",\"itemListElement\":[{\"@type\":\"ListItem\",\"position\":1,\"name\":\"Home\",\"item\":\"https:\\\/\\\/framtidenskarriar.se\\\/itdata\\\/\"},{\"@type\":\"ListItem\",\"position\":2,\"name\":\"Molnet och BigData \u2013 vardag f\u00f6r Gunnar\"}]},{\"@type\":\"WebSite\",\"@id\":\"https:\\\/\\\/framtidenskarriar.se\\\/itdata\\\/#website\",\"url\":\"https:\\\/\\\/framtidenskarriar.se\\\/itdata\\\/\",\"name\":\"Framtidens karri\u00e4r IT & Data\",\"description\":\"Just another NMDashboard.se Sites site\",\"potentialAction\":[{\"@type\":\"SearchAction\",\"target\":{\"@type\":\"EntryPoint\",\"urlTemplate\":\"https:\\\/\\\/framtidenskarriar.se\\\/itdata\\\/?s={search_term_string}\"},\"query-input\":{\"@type\":\"PropertyValueSpecification\",\"valueRequired\":true,\"valueName\":\"search_term_string\"}}],\"inLanguage\":\"sv-SE\"},{\"@type\":\"Person\",\"@id\":\"https:\\\/\\\/framtidenskarriar.se\\\/itdata\\\/#\\\/schema\\\/person\\\/c8a43eb855191e573b73ecf8987a3b99\",\"name\":\"stellanstal\",\"image\":{\"@type\":\"ImageObject\",\"inLanguage\":\"sv-SE\",\"@id\":\"https:\\\/\\\/secure.gravatar.com\\\/avatar\\\/cd330fa6bb17f598124b2068ee0b189e4fe0987a50af9d53b78410836060d0c9?s=96&d=mm&r=g\",\"url\":\"https:\\\/\\\/secure.gravatar.com\\\/avatar\\\/cd330fa6bb17f598124b2068ee0b189e4fe0987a50af9d53b78410836060d0c9?s=96&d=mm&r=g\",\"contentUrl\":\"https:\\\/\\\/secure.gravatar.com\\\/avatar\\\/cd330fa6bb17f598124b2068ee0b189e4fe0987a50af9d53b78410836060d0c9?s=96&d=mm&r=g\",\"caption\":\"stellanstal\"},\"url\":\"https:\\\/\\\/framtidenskarriar.se\\\/itdata\\\/author\\\/stellanstal\\\/\"}]}<\/script>\n<!-- \/ Yoast SEO plugin. -->","yoast_head_json":{"title":"Molnet och BigData \u2013 vardag f\u00f6r Gunnar - Framtidens karri\u00e4r IT & Data","robots":{"index":"index","follow":"follow","max-snippet":"max-snippet:-1","max-image-preview":"max-image-preview:large","max-video-preview":"max-video-preview:-1"},"canonical":"https:\/\/framtidenskarriar.se\/itdata\/2017\/02\/07\/molnet-och-bigdata-vardag-for-gunnar\/","og_locale":"sv_SE","og_type":"article","og_title":"Molnet och BigData \u2013 vardag f\u00f6r Gunnar - Framtidens karri\u00e4r IT & Data","og_description":"Gunnar Hellenius, 51, \u00e4r chef f\u00f6r FRA:s tekniska avdelning. H\u00e4r samsas det nya med det...","og_url":"https:\/\/framtidenskarriar.se\/itdata\/2017\/02\/07\/molnet-och-bigdata-vardag-for-gunnar\/","og_site_name":"Framtidens karri\u00e4r IT & Data","article_published_time":"2017-02-07T14:01:55+00:00","og_image":[{"width":1000,"height":690,"url":"https:\/\/framtidenskarriar.se\/itdata\/wp-content\/uploads\/sites\/13\/2017\/02\/fra-gunnar-fra.jpg","type":"image\/jpeg"}],"author":"stellanstal","twitter_card":"summary_large_image","twitter_misc":{"Skriven av":"stellanstal","Ber\u00e4knad l\u00e4stid":"2 minuter"},"schema":{"@context":"https:\/\/schema.org","@graph":[{"@type":"Article","@id":"https:\/\/framtidenskarriar.se\/itdata\/2017\/02\/07\/molnet-och-bigdata-vardag-for-gunnar\/#article","isPartOf":{"@id":"https:\/\/framtidenskarriar.se\/itdata\/2017\/02\/07\/molnet-och-bigdata-vardag-for-gunnar\/"},"author":{"name":"stellanstal","@id":"https:\/\/framtidenskarriar.se\/itdata\/#\/schema\/person\/c8a43eb855191e573b73ecf8987a3b99"},"headline":"Molnet och BigData \u2013 vardag f\u00f6r Gunnar","datePublished":"2017-02-07T14:01:55+00:00","mainEntityOfPage":{"@id":"https:\/\/framtidenskarriar.se\/itdata\/2017\/02\/07\/molnet-och-bigdata-vardag-for-gunnar\/"},"wordCount":495,"image":{"@id":"https:\/\/framtidenskarriar.se\/itdata\/2017\/02\/07\/molnet-och-bigdata-vardag-for-gunnar\/#primaryimage"},"thumbnailUrl":"https:\/\/framtidenskarriar.se\/itdata\/wp-content\/uploads\/sites\/13\/2017\/02\/fra-gunnar-fra.jpg","articleSection":["Presentation"],"inLanguage":"sv-SE"},{"@type":"WebPage","@id":"https:\/\/framtidenskarriar.se\/itdata\/2017\/02\/07\/molnet-och-bigdata-vardag-for-gunnar\/","url":"https:\/\/framtidenskarriar.se\/itdata\/2017\/02\/07\/molnet-och-bigdata-vardag-for-gunnar\/","name":"Molnet och BigData \u2013 vardag f\u00f6r Gunnar - Framtidens karri\u00e4r IT & Data","isPartOf":{"@id":"https:\/\/framtidenskarriar.se\/itdata\/#website"},"primaryImageOfPage":{"@id":"https:\/\/framtidenskarriar.se\/itdata\/2017\/02\/07\/molnet-och-bigdata-vardag-for-gunnar\/#primaryimage"},"image":{"@id":"https:\/\/framtidenskarriar.se\/itdata\/2017\/02\/07\/molnet-och-bigdata-vardag-for-gunnar\/#primaryimage"},"thumbnailUrl":"https:\/\/framtidenskarriar.se\/itdata\/wp-content\/uploads\/sites\/13\/2017\/02\/fra-gunnar-fra.jpg","datePublished":"2017-02-07T14:01:55+00:00","author":{"@id":"https:\/\/framtidenskarriar.se\/itdata\/#\/schema\/person\/c8a43eb855191e573b73ecf8987a3b99"},"breadcrumb":{"@id":"https:\/\/framtidenskarriar.se\/itdata\/2017\/02\/07\/molnet-och-bigdata-vardag-for-gunnar\/#breadcrumb"},"inLanguage":"sv-SE","potentialAction":[{"@type":"ReadAction","target":["https:\/\/framtidenskarriar.se\/itdata\/2017\/02\/07\/molnet-och-bigdata-vardag-for-gunnar\/"]}]},{"@type":"ImageObject","inLanguage":"sv-SE","@id":"https:\/\/framtidenskarriar.se\/itdata\/2017\/02\/07\/molnet-och-bigdata-vardag-for-gunnar\/#primaryimage","url":"https:\/\/framtidenskarriar.se\/itdata\/wp-content\/uploads\/sites\/13\/2017\/02\/fra-gunnar-fra.jpg","contentUrl":"https:\/\/framtidenskarriar.se\/itdata\/wp-content\/uploads\/sites\/13\/2017\/02\/fra-gunnar-fra.jpg","width":1000,"height":690,"caption":"Gunnar Hellenius, chef f\u00f6r FRA:s tekniska avdelning."},{"@type":"BreadcrumbList","@id":"https:\/\/framtidenskarriar.se\/itdata\/2017\/02\/07\/molnet-och-bigdata-vardag-for-gunnar\/#breadcrumb","itemListElement":[{"@type":"ListItem","position":1,"name":"Home","item":"https:\/\/framtidenskarriar.se\/itdata\/"},{"@type":"ListItem","position":2,"name":"Molnet och BigData \u2013 vardag f\u00f6r Gunnar"}]},{"@type":"WebSite","@id":"https:\/\/framtidenskarriar.se\/itdata\/#website","url":"https:\/\/framtidenskarriar.se\/itdata\/","name":"Framtidens karri\u00e4r IT & Data","description":"Just another NMDashboard.se Sites site","potentialAction":[{"@type":"SearchAction","target":{"@type":"EntryPoint","urlTemplate":"https:\/\/framtidenskarriar.se\/itdata\/?s={search_term_string}"},"query-input":{"@type":"PropertyValueSpecification","valueRequired":true,"valueName":"search_term_string"}}],"inLanguage":"sv-SE"},{"@type":"Person","@id":"https:\/\/framtidenskarriar.se\/itdata\/#\/schema\/person\/c8a43eb855191e573b73ecf8987a3b99","name":"stellanstal","image":{"@type":"ImageObject","inLanguage":"sv-SE","@id":"https:\/\/secure.gravatar.com\/avatar\/cd330fa6bb17f598124b2068ee0b189e4fe0987a50af9d53b78410836060d0c9?s=96&d=mm&r=g","url":"https:\/\/secure.gravatar.com\/avatar\/cd330fa6bb17f598124b2068ee0b189e4fe0987a50af9d53b78410836060d0c9?s=96&d=mm&r=g","contentUrl":"https:\/\/secure.gravatar.com\/avatar\/cd330fa6bb17f598124b2068ee0b189e4fe0987a50af9d53b78410836060d0c9?s=96&d=mm&r=g","caption":"stellanstal"},"url":"https:\/\/framtidenskarriar.se\/itdata\/author\/stellanstal\/"}]}},"_links":{"self":[{"href":"https:\/\/framtidenskarriar.se\/itdata\/wp-json\/wp\/v2\/posts\/5338","targetHints":{"allow":["GET"]}}],"collection":[{"href":"https:\/\/framtidenskarriar.se\/itdata\/wp-json\/wp\/v2\/posts"}],"about":[{"href":"https:\/\/framtidenskarriar.se\/itdata\/wp-json\/wp\/v2\/types\/post"}],"author":[{"embeddable":true,"href":"https:\/\/framtidenskarriar.se\/itdata\/wp-json\/wp\/v2\/users\/3"}],"replies":[{"embeddable":true,"href":"https:\/\/framtidenskarriar.se\/itdata\/wp-json\/wp\/v2\/comments?post=5338"}],"version-history":[{"count":0,"href":"https:\/\/framtidenskarriar.se\/itdata\/wp-json\/wp\/v2\/posts\/5338\/revisions"}],"wp:featuredmedia":[{"embeddable":true,"href":"https:\/\/framtidenskarriar.se\/itdata\/wp-json\/wp\/v2\/media\/5339"}],"wp:attachment":[{"href":"https:\/\/framtidenskarriar.se\/itdata\/wp-json\/wp\/v2\/media?parent=5338"}],"wp:term":[{"taxonomy":"category","embeddable":true,"href":"https:\/\/framtidenskarriar.se\/itdata\/wp-json\/wp\/v2\/categories?post=5338"},{"taxonomy":"post_tag","embeddable":true,"href":"https:\/\/framtidenskarriar.se\/itdata\/wp-json\/wp\/v2\/tags?post=5338"}],"curies":[{"name":"wp","href":"https:\/\/api.w.org\/{rel}","templated":true}]}}