{"id":5372,"date":"2017-02-07T16:40:36","date_gmt":"2017-02-07T14:40:36","guid":{"rendered":"http:\/\/framtidenskarriar.se\/itdata\/?p=5372"},"modified":"2017-02-07T16:40:36","modified_gmt":"2017-02-07T14:40:36","slug":"forandringsresa-mot-framtidens-bank","status":"publish","type":"post","link":"https:\/\/framtidenskarriar.se\/itdata\/2017\/02\/07\/forandringsresa-mot-framtidens-bank\/","title":{"rendered":"F\u00f6r\u00e4ndringsresa mot framtidens bank"},"content":{"rendered":"<p><figure id=\"attachment_5373\" aria-describedby=\"caption-attachment-5373\" style=\"width: 1000px\" class=\"wp-caption alignnone\"><img loading=\"lazy\" decoding=\"async\" src=\"https:\/\/framtidenskarriar.se\/itdata\/wp-content\/uploads\/sites\/13\/2017\/02\/seb-66a2114.jpg\" alt=\"Frida Elving, Delivery Coach inom IT Solution Delivery, och Rewend Mahmud, Senior Advisor till chefen f\u00f6r IT och Aff\u00e4rsst\u00f6d. Foto: Gonzalo Irigoyen\" width=\"1000\" height=\"667\" class=\"size-full wp-image-5373\" srcset=\"https:\/\/framtidenskarriar.se\/itdata\/wp-content\/uploads\/sites\/13\/2017\/02\/seb-66a2114.jpg 1000w, https:\/\/framtidenskarriar.se\/itdata\/wp-content\/uploads\/sites\/13\/2017\/02\/seb-66a2114-300x200.jpg 300w, https:\/\/framtidenskarriar.se\/itdata\/wp-content\/uploads\/sites\/13\/2017\/02\/seb-66a2114-768x512.jpg 768w, https:\/\/framtidenskarriar.se\/itdata\/wp-content\/uploads\/sites\/13\/2017\/02\/seb-66a2114-240x160.jpg 240w, https:\/\/framtidenskarriar.se\/itdata\/wp-content\/uploads\/sites\/13\/2017\/02\/seb-66a2114-526x351.jpg 526w, https:\/\/framtidenskarriar.se\/itdata\/wp-content\/uploads\/sites\/13\/2017\/02\/seb-66a2114-720x480.jpg 720w, https:\/\/framtidenskarriar.se\/itdata\/wp-content\/uploads\/sites\/13\/2017\/02\/seb-66a2114-960x640.jpg 960w\" sizes=\"auto, (max-width: 1000px) 100vw, 1000px\" \/><figcaption id=\"caption-attachment-5373\" class=\"wp-caption-text\">Frida Elving, Delivery Coach inom IT Solution Delivery, och Rewend Mahmud, Senior Advisor till chefen f\u00f6r IT och Aff\u00e4rsst\u00f6d. Foto: Gonzalo Irigoyen<\/figcaption><\/figure><strong>SEB:s digitala resa har tagit ny fart. IT och bankaff\u00e4r \u00e4r idag en integrerad helhet med l\u00f6sningar i den absoluta framkanten. Med bankens tydliga fokus p\u00e5 kompetensutveckling och ledarskap ger en anst\u00e4llning p\u00e5 SEB utvecklingsm\u00f6jligheter som \u00e4r sv\u00e5ra att hitta n\u00e5gon annanstans.<\/strong><\/p>\n<p>SEB \u00e4r en av Sveriges st\u00f6rsta IT-arbetsgivare med m\u00e5nga avdelningar, applikationer och plattformar. Frida Elvings senaste roll har varit som Scrum Master med ansvar f\u00f6r ett utvecklingsteam som levererar l\u00f6sningar p\u00e5 internetbankerna och apparna. Hon har ekonomiutbildning och fick anst\u00e4llning p\u00e5 SEB d\u00e5 hon var klar med studierna f\u00f6r \u00e5tta \u00e5r sedan.<br \/>\n\u2013 Jag kommer fr\u00e5n aff\u00e4rssidan och \u00e4r ganska ny inom IT. En av f\u00f6rdelarna med en stor organisation som SEB \u00e4r att du har m\u00f6jlighet att v\u00e4xa inom m\u00e5nga olika omr\u00e5den. H\u00e4r finns stora m\u00f6jligheter till internutbildning och kompetensutveckling. F\u00f6r mig har det varit mycket sp\u00e4nnande att kunna v\u00e4xla mellan olika uppdrag.<\/p>\n<p><strong>Nyfikenhet l\u00f6nar sig<\/strong><br \/>\nDet var under arbetet med aff\u00e4rssidans digitala l\u00f6sningar som nyfikenheten p\u00e5 IT v\u00e4cktes, ber\u00e4ttar Frida.<br \/>\n\u2013 Jag blev nyfiken p\u00e5 hur det fungerar bakom det som kunden ser och fick m\u00f6jlighet att prova p\u00e5 rollen som Scrum Master vilket gav mig en bra utbildning inom omr\u00e5det. Nu g\u00e5r jag in i en ny roll som Delivery Coach inom IT Solution Delivery, som \u00e4r en lite mer \u00f6vergripande strategisk funktion.<br \/>\nFrida har hela tiden f\u00e5tt ett starkt st\u00f6d f\u00f6r att hitta r\u00e4tt arbetsuppdrag, framh\u00e5ller hon.<br \/>\n\u2013 Vi har ett v\u00e4ldigt bra ledarskap p\u00e5 SEB. Chefer och ledning uppmuntrar nyt\u00e4nkande och \u00e4r duktiga p\u00e5 att ta vara p\u00e5 medarbetarnas kreativitet och f\u00f6rm\u00e5ga och vilja att f\u00f6r\u00e4ndra och f\u00f6rb\u00e4ttra. Det finns en stor r\u00f6rlighet och de anst\u00e4llda uppmuntras att r\u00f6ra sig mellan avdelningarna f\u00f6r att f\u00e5 en \u00f6kad f\u00f6rst\u00e5else f\u00f6r varandras f\u00f6ruts\u00e4ttningar och aff\u00e4ren som helhet.<\/p>\n<p><strong>M\u00e5nga chanser till jobbrotering<\/strong><br \/>\nLiksom Frida har Rewend Mahmud kunnat utnyttja m\u00f6jligheterna att jobb\u00adrotera inom SEB. Han har haft flera olika uppdrag under sina sex \u00e5r p\u00e5 banken och \u00e4r sedan n\u00e5gra m\u00e5nader Senior Advisor till chefen f\u00f6r IT och Aff\u00e4rsst\u00f6d.<br \/>\nRewend har studerat industriell ekonomi p\u00e5 KTH. Efter studierna s\u00f6kte han till SEB IT Young Professional Program och blev antagen.<br \/>\n\u2013 Programmet gav mig en bra inblick i SEB:s verksamhet samt ett v\u00e4ldigt stort n\u00e4tverk. Efter programmets slut b\u00f6rjade jag p\u00e5 IT-sidan som ansvarig f\u00f6r n\u00e5gra av bankens dataplattformar. Jag blev nyfiken p\u00e5 hur IT p\u00e5verkar v\u00e5ra kunder och v\u00e5r aff\u00e4r och arbetade ett tag som Business Analyst inom IT. Jag har ocks\u00e5 arbetat med uppbyggnad av v\u00e5ra baltiska offshoring-center d\u00e4r vi idag \u00e4r en stor arbetsgivare. Efter det har jag arbetat med r\u00e5dgivning inom outsourcing f\u00f6r att se till att vi f\u00e5r ut den effekt vi vill ha av samarbetet med v\u00e5ra externa partners och leverant\u00f6rer. Min roll idag som Senior Advisor handlar om att g\u00f6ra komplexa fr\u00e5gor l\u00e4ttf\u00f6rst\u00e5eliga f\u00f6r v\u00e5r verksamhet.<\/p>\n<p><strong>Stark vision ger engagemang<\/strong><br \/>\nEngagemanget hos medarbetarna f\u00e5r n\u00e4ring av bankens starka vision, f\u00f6rklarar Rewend.<br \/>\n\u2013 IT \u00e4r inte l\u00e4ngre n\u00e5got sidouppdrag utan utg\u00f6r k\u00e4rnan i bankens aff\u00e4rsverksamhet. Som kund ser du effekten n\u00e4r du g\u00e5r in p\u00e5 appen ist\u00e4llet f\u00f6r att g\u00e5 till bankkontoret. Kundinteraktionen kommer att bli mer och mer via det digitala gr\u00e4nssnittet och som bank m\u00e5ste vi f\u00f6r\u00e4ndras och anpassa oss s\u00e5 att vi kan vara slagkraftiga i framtiden ocks\u00e5. D\u00e4rf\u00f6r k\u00e4nns det som att det \u00e4r nu resan b\u00f6rjar, s\u00e4ger Rewend och f\u00e5r medh\u00e5ll av Frida.<br \/>\n\u2013 Man ser en tydlig skillnad idag j\u00e4mf\u00f6rt med hur det har varit tidigare d\u00e5 IT var mera en mottagare av best\u00e4llningar till att idag utmana och samarbeta kring hur vi ska bygga f\u00f6r att forts\u00e4tta vara h\u00e5llbara fram\u00e5t. Vi har mycket kvar att g\u00f6ra och har ett kontinuerligt rekryteringsbehov av personer med r\u00e4tt kompetens och r\u00e4tt inst\u00e4llning. Det handlar ocks\u00e5 om att vi som redan arbetar h\u00e4r alltid m\u00e5ste vara beredda p\u00e5 att kliva utanf\u00f6r v\u00e5r egen komfortzon och utmana oss sj\u00e4lva att t\u00e4nka nytt och ifr\u00e5gas\u00e4tta f\u00f6r att alltid vara i framkant.<br \/>\nEtt r\u00e5d som b\u00e5da vill ge till dem som vill s\u00f6ka sig till SEB \u00e4r att vara beredda p\u00e5 att vara med p\u00e5 en f\u00f6r\u00e4ndringsresa och vilja p\u00e5verka den resan i r\u00e4tt riktning.<br \/>\n\u2013 En av anledningarna till att jag \u00e4r kvar p\u00e5 SEB, och varf\u00f6r resan fram\u00e5t \u00e4r s\u00e5 sp\u00e4nnande, \u00e4r att det k\u00e4nns som att jag verkligen kan g\u00f6ra skillnad h\u00e4r. Vill du s\u00e5 kan du vara med och p\u00e5verka i h\u00f6g grad, avslutar Frida.<\/p>\n<div class=\"faktaruta-title\">SEB<\/div><div class=\"faktaruta\">SEB \u00e4r en av Nordens ledande aff\u00e4rs\u00adbanker med ett brett utbud av finansiella tj\u00e4nster och med representation i ett 20-tal l\u00e4nder runt om i v\u00e4rlden. Koncernen har drygt 15&nbsp;000 anst\u00e4llda.<br \/>\nVisionen \u00e4r att alltid leverera service i v\u00e4rldsklass till kunderna och d\u00e4r spelar IT en avg\u00f6rande roll. IT \u00e4r aff\u00e4rsdrivande och integrerat i hela verksamheten.<br \/>\nF\u00f6rutom SEB IT Young Professional Program finns \u00e4ven ett internationellt traineeprogram som erbjuder roller inom hela SEB.<\/p>\n<p><strong>Sista ans\u00f6kningsdag f\u00f6r programmet \u00e4r 12 februari. Ans\u00f6k via l\u00e4nken h\u00e4r: <a href=\"http:\/\/www.sebgroup.com\/itypp\" target=\"_blank\" rel=\"noopener noreferrer\">www.sebgroup.com\/itypp<\/a><\/strong><\/br><br \/>\n<a href=\"http:\/\/www.sebgroup.com\/itypp\" target=\"_blank\" rel=\"noopener noreferrer\"><img loading=\"lazy\" decoding=\"async\" src=\"http:\/\/framtidenskarriar.se\/itdata\/wp-content\/uploads\/2017\/02\/seb_box_down_45mm150dpi-250x211.jpg\" alt=\"www.sebgroup.com\/itypp\" width=\"175\" height=\"148\" class=\"alignnone size-medium wp-image-5374\" \/><\/a><\/div>\n","protected":false},"excerpt":{"rendered":"<p>SEB:s digitala resa har tagit ny fart. IT och bankaff\u00e4r \u00e4r idag en integrerad helhet&#8230;<\/p>\n","protected":false},"author":3,"featured_media":5373,"comment_status":"closed","ping_status":"open","sticky":false,"template":"","format":"standard","meta":{"_acf_changed":false,"_monsterinsights_skip_tracking":false,"_monsterinsights_sitenote_active":false,"_monsterinsights_sitenote_note":"","_monsterinsights_sitenote_category":0,"footnotes":""},"categories":[9],"tags":[],"class_list":["post-5372","post","type-post","status-publish","format-standard","has-post-thumbnail","hentry","category-presentation"],"acf":[],"yoast_head":"<!-- This site is optimized with the Yoast SEO plugin v27.3 - https:\/\/yoast.com\/product\/yoast-seo-wordpress\/ -->\n<title>F\u00f6r\u00e4ndringsresa mot framtidens bank - Framtidens karri\u00e4r IT &amp; Data<\/title>\n<meta name=\"robots\" content=\"index, follow, max-snippet:-1, max-image-preview:large, max-video-preview:-1\" \/>\n<link rel=\"canonical\" href=\"https:\/\/framtidenskarriar.se\/itdata\/2017\/02\/07\/forandringsresa-mot-framtidens-bank\/\" \/>\n<meta property=\"og:locale\" content=\"sv_SE\" \/>\n<meta property=\"og:type\" content=\"article\" \/>\n<meta property=\"og:title\" content=\"F\u00f6r\u00e4ndringsresa mot framtidens bank - Framtidens karri\u00e4r IT &amp; Data\" \/>\n<meta property=\"og:description\" content=\"SEB:s digitala resa har tagit ny fart. IT och bankaff\u00e4r \u00e4r idag en integrerad helhet...\" \/>\n<meta property=\"og:url\" content=\"https:\/\/framtidenskarriar.se\/itdata\/2017\/02\/07\/forandringsresa-mot-framtidens-bank\/\" \/>\n<meta property=\"og:site_name\" content=\"Framtidens karri\u00e4r IT &amp; Data\" \/>\n<meta property=\"article:published_time\" content=\"2017-02-07T14:40:36+00:00\" \/>\n<meta property=\"og:image\" content=\"https:\/\/framtidenskarriar.se\/itdata\/wp-content\/uploads\/sites\/13\/2017\/02\/seb-66a2114.jpg\" \/>\n\t<meta property=\"og:image:width\" content=\"1000\" \/>\n\t<meta property=\"og:image:height\" content=\"667\" \/>\n\t<meta property=\"og:image:type\" content=\"image\/jpeg\" \/>\n<meta name=\"author\" content=\"stellanstal\" \/>\n<meta name=\"twitter:card\" content=\"summary_large_image\" \/>\n<meta name=\"twitter:label1\" content=\"Skriven av\" \/>\n\t<meta name=\"twitter:data1\" content=\"stellanstal\" \/>\n\t<meta name=\"twitter:label2\" content=\"Ber\u00e4knad l\u00e4stid\" \/>\n\t<meta name=\"twitter:data2\" content=\"5 minuter\" \/>\n<script type=\"application\/ld+json\" class=\"yoast-schema-graph\">{\"@context\":\"https:\\\/\\\/schema.org\",\"@graph\":[{\"@type\":\"Article\",\"@id\":\"https:\\\/\\\/framtidenskarriar.se\\\/itdata\\\/2017\\\/02\\\/07\\\/forandringsresa-mot-framtidens-bank\\\/#article\",\"isPartOf\":{\"@id\":\"https:\\\/\\\/framtidenskarriar.se\\\/itdata\\\/2017\\\/02\\\/07\\\/forandringsresa-mot-framtidens-bank\\\/\"},\"author\":{\"name\":\"stellanstal\",\"@id\":\"https:\\\/\\\/framtidenskarriar.se\\\/itdata\\\/#\\\/schema\\\/person\\\/c8a43eb855191e573b73ecf8987a3b99\"},\"headline\":\"F\u00f6r\u00e4ndringsresa mot framtidens bank\",\"datePublished\":\"2017-02-07T14:40:36+00:00\",\"mainEntityOfPage\":{\"@id\":\"https:\\\/\\\/framtidenskarriar.se\\\/itdata\\\/2017\\\/02\\\/07\\\/forandringsresa-mot-framtidens-bank\\\/\"},\"wordCount\":1012,\"image\":{\"@id\":\"https:\\\/\\\/framtidenskarriar.se\\\/itdata\\\/2017\\\/02\\\/07\\\/forandringsresa-mot-framtidens-bank\\\/#primaryimage\"},\"thumbnailUrl\":\"https:\\\/\\\/framtidenskarriar.se\\\/itdata\\\/wp-content\\\/uploads\\\/sites\\\/13\\\/2017\\\/02\\\/seb-66a2114.jpg\",\"articleSection\":[\"Presentation\"],\"inLanguage\":\"sv-SE\"},{\"@type\":\"WebPage\",\"@id\":\"https:\\\/\\\/framtidenskarriar.se\\\/itdata\\\/2017\\\/02\\\/07\\\/forandringsresa-mot-framtidens-bank\\\/\",\"url\":\"https:\\\/\\\/framtidenskarriar.se\\\/itdata\\\/2017\\\/02\\\/07\\\/forandringsresa-mot-framtidens-bank\\\/\",\"name\":\"F\u00f6r\u00e4ndringsresa mot framtidens bank - Framtidens karri\u00e4r IT & Data\",\"isPartOf\":{\"@id\":\"https:\\\/\\\/framtidenskarriar.se\\\/itdata\\\/#website\"},\"primaryImageOfPage\":{\"@id\":\"https:\\\/\\\/framtidenskarriar.se\\\/itdata\\\/2017\\\/02\\\/07\\\/forandringsresa-mot-framtidens-bank\\\/#primaryimage\"},\"image\":{\"@id\":\"https:\\\/\\\/framtidenskarriar.se\\\/itdata\\\/2017\\\/02\\\/07\\\/forandringsresa-mot-framtidens-bank\\\/#primaryimage\"},\"thumbnailUrl\":\"https:\\\/\\\/framtidenskarriar.se\\\/itdata\\\/wp-content\\\/uploads\\\/sites\\\/13\\\/2017\\\/02\\\/seb-66a2114.jpg\",\"datePublished\":\"2017-02-07T14:40:36+00:00\",\"author\":{\"@id\":\"https:\\\/\\\/framtidenskarriar.se\\\/itdata\\\/#\\\/schema\\\/person\\\/c8a43eb855191e573b73ecf8987a3b99\"},\"breadcrumb\":{\"@id\":\"https:\\\/\\\/framtidenskarriar.se\\\/itdata\\\/2017\\\/02\\\/07\\\/forandringsresa-mot-framtidens-bank\\\/#breadcrumb\"},\"inLanguage\":\"sv-SE\",\"potentialAction\":[{\"@type\":\"ReadAction\",\"target\":[\"https:\\\/\\\/framtidenskarriar.se\\\/itdata\\\/2017\\\/02\\\/07\\\/forandringsresa-mot-framtidens-bank\\\/\"]}]},{\"@type\":\"ImageObject\",\"inLanguage\":\"sv-SE\",\"@id\":\"https:\\\/\\\/framtidenskarriar.se\\\/itdata\\\/2017\\\/02\\\/07\\\/forandringsresa-mot-framtidens-bank\\\/#primaryimage\",\"url\":\"https:\\\/\\\/framtidenskarriar.se\\\/itdata\\\/wp-content\\\/uploads\\\/sites\\\/13\\\/2017\\\/02\\\/seb-66a2114.jpg\",\"contentUrl\":\"https:\\\/\\\/framtidenskarriar.se\\\/itdata\\\/wp-content\\\/uploads\\\/sites\\\/13\\\/2017\\\/02\\\/seb-66a2114.jpg\",\"width\":1000,\"height\":667,\"caption\":\"Frida Elving, Delivery Coach inom IT Solution Delivery, och Rewend Mahmud, Senior Advisor till chefen f\u00f6r IT och Aff\u00e4rsst\u00f6d. Foto: Gonzalo Irigoyen\"},{\"@type\":\"BreadcrumbList\",\"@id\":\"https:\\\/\\\/framtidenskarriar.se\\\/itdata\\\/2017\\\/02\\\/07\\\/forandringsresa-mot-framtidens-bank\\\/#breadcrumb\",\"itemListElement\":[{\"@type\":\"ListItem\",\"position\":1,\"name\":\"Home\",\"item\":\"https:\\\/\\\/framtidenskarriar.se\\\/itdata\\\/\"},{\"@type\":\"ListItem\",\"position\":2,\"name\":\"F\u00f6r\u00e4ndringsresa mot framtidens bank\"}]},{\"@type\":\"WebSite\",\"@id\":\"https:\\\/\\\/framtidenskarriar.se\\\/itdata\\\/#website\",\"url\":\"https:\\\/\\\/framtidenskarriar.se\\\/itdata\\\/\",\"name\":\"Framtidens karri\u00e4r IT & Data\",\"description\":\"Just another NMDashboard.se Sites site\",\"potentialAction\":[{\"@type\":\"SearchAction\",\"target\":{\"@type\":\"EntryPoint\",\"urlTemplate\":\"https:\\\/\\\/framtidenskarriar.se\\\/itdata\\\/?s={search_term_string}\"},\"query-input\":{\"@type\":\"PropertyValueSpecification\",\"valueRequired\":true,\"valueName\":\"search_term_string\"}}],\"inLanguage\":\"sv-SE\"},{\"@type\":\"Person\",\"@id\":\"https:\\\/\\\/framtidenskarriar.se\\\/itdata\\\/#\\\/schema\\\/person\\\/c8a43eb855191e573b73ecf8987a3b99\",\"name\":\"stellanstal\",\"image\":{\"@type\":\"ImageObject\",\"inLanguage\":\"sv-SE\",\"@id\":\"https:\\\/\\\/secure.gravatar.com\\\/avatar\\\/cd330fa6bb17f598124b2068ee0b189e4fe0987a50af9d53b78410836060d0c9?s=96&d=mm&r=g\",\"url\":\"https:\\\/\\\/secure.gravatar.com\\\/avatar\\\/cd330fa6bb17f598124b2068ee0b189e4fe0987a50af9d53b78410836060d0c9?s=96&d=mm&r=g\",\"contentUrl\":\"https:\\\/\\\/secure.gravatar.com\\\/avatar\\\/cd330fa6bb17f598124b2068ee0b189e4fe0987a50af9d53b78410836060d0c9?s=96&d=mm&r=g\",\"caption\":\"stellanstal\"},\"url\":\"https:\\\/\\\/framtidenskarriar.se\\\/itdata\\\/author\\\/stellanstal\\\/\"}]}<\/script>\n<!-- \/ Yoast SEO plugin. -->","yoast_head_json":{"title":"F\u00f6r\u00e4ndringsresa mot framtidens bank - Framtidens karri\u00e4r IT & Data","robots":{"index":"index","follow":"follow","max-snippet":"max-snippet:-1","max-image-preview":"max-image-preview:large","max-video-preview":"max-video-preview:-1"},"canonical":"https:\/\/framtidenskarriar.se\/itdata\/2017\/02\/07\/forandringsresa-mot-framtidens-bank\/","og_locale":"sv_SE","og_type":"article","og_title":"F\u00f6r\u00e4ndringsresa mot framtidens bank - Framtidens karri\u00e4r IT & Data","og_description":"SEB:s digitala resa har tagit ny fart. IT och bankaff\u00e4r \u00e4r idag en integrerad helhet...","og_url":"https:\/\/framtidenskarriar.se\/itdata\/2017\/02\/07\/forandringsresa-mot-framtidens-bank\/","og_site_name":"Framtidens karri\u00e4r IT & Data","article_published_time":"2017-02-07T14:40:36+00:00","og_image":[{"width":1000,"height":667,"url":"https:\/\/framtidenskarriar.se\/itdata\/wp-content\/uploads\/sites\/13\/2017\/02\/seb-66a2114.jpg","type":"image\/jpeg"}],"author":"stellanstal","twitter_card":"summary_large_image","twitter_misc":{"Skriven av":"stellanstal","Ber\u00e4knad l\u00e4stid":"5 minuter"},"schema":{"@context":"https:\/\/schema.org","@graph":[{"@type":"Article","@id":"https:\/\/framtidenskarriar.se\/itdata\/2017\/02\/07\/forandringsresa-mot-framtidens-bank\/#article","isPartOf":{"@id":"https:\/\/framtidenskarriar.se\/itdata\/2017\/02\/07\/forandringsresa-mot-framtidens-bank\/"},"author":{"name":"stellanstal","@id":"https:\/\/framtidenskarriar.se\/itdata\/#\/schema\/person\/c8a43eb855191e573b73ecf8987a3b99"},"headline":"F\u00f6r\u00e4ndringsresa mot framtidens bank","datePublished":"2017-02-07T14:40:36+00:00","mainEntityOfPage":{"@id":"https:\/\/framtidenskarriar.se\/itdata\/2017\/02\/07\/forandringsresa-mot-framtidens-bank\/"},"wordCount":1012,"image":{"@id":"https:\/\/framtidenskarriar.se\/itdata\/2017\/02\/07\/forandringsresa-mot-framtidens-bank\/#primaryimage"},"thumbnailUrl":"https:\/\/framtidenskarriar.se\/itdata\/wp-content\/uploads\/sites\/13\/2017\/02\/seb-66a2114.jpg","articleSection":["Presentation"],"inLanguage":"sv-SE"},{"@type":"WebPage","@id":"https:\/\/framtidenskarriar.se\/itdata\/2017\/02\/07\/forandringsresa-mot-framtidens-bank\/","url":"https:\/\/framtidenskarriar.se\/itdata\/2017\/02\/07\/forandringsresa-mot-framtidens-bank\/","name":"F\u00f6r\u00e4ndringsresa mot framtidens bank - Framtidens karri\u00e4r IT & Data","isPartOf":{"@id":"https:\/\/framtidenskarriar.se\/itdata\/#website"},"primaryImageOfPage":{"@id":"https:\/\/framtidenskarriar.se\/itdata\/2017\/02\/07\/forandringsresa-mot-framtidens-bank\/#primaryimage"},"image":{"@id":"https:\/\/framtidenskarriar.se\/itdata\/2017\/02\/07\/forandringsresa-mot-framtidens-bank\/#primaryimage"},"thumbnailUrl":"https:\/\/framtidenskarriar.se\/itdata\/wp-content\/uploads\/sites\/13\/2017\/02\/seb-66a2114.jpg","datePublished":"2017-02-07T14:40:36+00:00","author":{"@id":"https:\/\/framtidenskarriar.se\/itdata\/#\/schema\/person\/c8a43eb855191e573b73ecf8987a3b99"},"breadcrumb":{"@id":"https:\/\/framtidenskarriar.se\/itdata\/2017\/02\/07\/forandringsresa-mot-framtidens-bank\/#breadcrumb"},"inLanguage":"sv-SE","potentialAction":[{"@type":"ReadAction","target":["https:\/\/framtidenskarriar.se\/itdata\/2017\/02\/07\/forandringsresa-mot-framtidens-bank\/"]}]},{"@type":"ImageObject","inLanguage":"sv-SE","@id":"https:\/\/framtidenskarriar.se\/itdata\/2017\/02\/07\/forandringsresa-mot-framtidens-bank\/#primaryimage","url":"https:\/\/framtidenskarriar.se\/itdata\/wp-content\/uploads\/sites\/13\/2017\/02\/seb-66a2114.jpg","contentUrl":"https:\/\/framtidenskarriar.se\/itdata\/wp-content\/uploads\/sites\/13\/2017\/02\/seb-66a2114.jpg","width":1000,"height":667,"caption":"Frida Elving, Delivery Coach inom IT Solution Delivery, och Rewend Mahmud, Senior Advisor till chefen f\u00f6r IT och Aff\u00e4rsst\u00f6d. Foto: Gonzalo Irigoyen"},{"@type":"BreadcrumbList","@id":"https:\/\/framtidenskarriar.se\/itdata\/2017\/02\/07\/forandringsresa-mot-framtidens-bank\/#breadcrumb","itemListElement":[{"@type":"ListItem","position":1,"name":"Home","item":"https:\/\/framtidenskarriar.se\/itdata\/"},{"@type":"ListItem","position":2,"name":"F\u00f6r\u00e4ndringsresa mot framtidens bank"}]},{"@type":"WebSite","@id":"https:\/\/framtidenskarriar.se\/itdata\/#website","url":"https:\/\/framtidenskarriar.se\/itdata\/","name":"Framtidens karri\u00e4r IT & Data","description":"Just another NMDashboard.se Sites site","potentialAction":[{"@type":"SearchAction","target":{"@type":"EntryPoint","urlTemplate":"https:\/\/framtidenskarriar.se\/itdata\/?s={search_term_string}"},"query-input":{"@type":"PropertyValueSpecification","valueRequired":true,"valueName":"search_term_string"}}],"inLanguage":"sv-SE"},{"@type":"Person","@id":"https:\/\/framtidenskarriar.se\/itdata\/#\/schema\/person\/c8a43eb855191e573b73ecf8987a3b99","name":"stellanstal","image":{"@type":"ImageObject","inLanguage":"sv-SE","@id":"https:\/\/secure.gravatar.com\/avatar\/cd330fa6bb17f598124b2068ee0b189e4fe0987a50af9d53b78410836060d0c9?s=96&d=mm&r=g","url":"https:\/\/secure.gravatar.com\/avatar\/cd330fa6bb17f598124b2068ee0b189e4fe0987a50af9d53b78410836060d0c9?s=96&d=mm&r=g","contentUrl":"https:\/\/secure.gravatar.com\/avatar\/cd330fa6bb17f598124b2068ee0b189e4fe0987a50af9d53b78410836060d0c9?s=96&d=mm&r=g","caption":"stellanstal"},"url":"https:\/\/framtidenskarriar.se\/itdata\/author\/stellanstal\/"}]}},"_links":{"self":[{"href":"https:\/\/framtidenskarriar.se\/itdata\/wp-json\/wp\/v2\/posts\/5372","targetHints":{"allow":["GET"]}}],"collection":[{"href":"https:\/\/framtidenskarriar.se\/itdata\/wp-json\/wp\/v2\/posts"}],"about":[{"href":"https:\/\/framtidenskarriar.se\/itdata\/wp-json\/wp\/v2\/types\/post"}],"author":[{"embeddable":true,"href":"https:\/\/framtidenskarriar.se\/itdata\/wp-json\/wp\/v2\/users\/3"}],"replies":[{"embeddable":true,"href":"https:\/\/framtidenskarriar.se\/itdata\/wp-json\/wp\/v2\/comments?post=5372"}],"version-history":[{"count":0,"href":"https:\/\/framtidenskarriar.se\/itdata\/wp-json\/wp\/v2\/posts\/5372\/revisions"}],"wp:featuredmedia":[{"embeddable":true,"href":"https:\/\/framtidenskarriar.se\/itdata\/wp-json\/wp\/v2\/media\/5373"}],"wp:attachment":[{"href":"https:\/\/framtidenskarriar.se\/itdata\/wp-json\/wp\/v2\/media?parent=5372"}],"wp:term":[{"taxonomy":"category","embeddable":true,"href":"https:\/\/framtidenskarriar.se\/itdata\/wp-json\/wp\/v2\/categories?post=5372"},{"taxonomy":"post_tag","embeddable":true,"href":"https:\/\/framtidenskarriar.se\/itdata\/wp-json\/wp\/v2\/tags?post=5372"}],"curies":[{"name":"wp","href":"https:\/\/api.w.org\/{rel}","templated":true}]}}