{"id":5417,"date":"2017-02-07T15:40:50","date_gmt":"2017-02-07T13:40:50","guid":{"rendered":"http:\/\/framtidenskarriar.se\/itdata\/?p=5417"},"modified":"2017-02-07T15:40:50","modified_gmt":"2017-02-07T13:40:50","slug":"myndigheter-befinner-sig-mitt-i-en-intensiv-digitaliseringsutveckling","status":"publish","type":"post","link":"https:\/\/framtidenskarriar.se\/itdata\/2017\/02\/07\/myndigheter-befinner-sig-mitt-i-en-intensiv-digitaliseringsutveckling\/","title":{"rendered":"Myndigheter befinner sig mitt i en intensiv digitaliseringsutveckling"},"content":{"rendered":"<p><figure id=\"attachment_5419\" aria-describedby=\"caption-attachment-5419\" style=\"width: 1000px\" class=\"wp-caption alignnone\"><img loading=\"lazy\" decoding=\"async\" src=\"https:\/\/framtidenskarriar.se\/itdata\/wp-content\/uploads\/sites\/13\/2017\/02\/myndighet3-aw.jpg\" alt=\"Anders Wester, chef f\u00f6r it-applikationer och drift p\u00e5 Trafikverket. Foto: Ola Hedin \/ Trafikverket\" width=\"1000\" height=\"646\" class=\"size-full wp-image-5419\" srcset=\"https:\/\/framtidenskarriar.se\/itdata\/wp-content\/uploads\/sites\/13\/2017\/02\/myndighet3-aw.jpg 1000w, https:\/\/framtidenskarriar.se\/itdata\/wp-content\/uploads\/sites\/13\/2017\/02\/myndighet3-aw-300x194.jpg 300w, https:\/\/framtidenskarriar.se\/itdata\/wp-content\/uploads\/sites\/13\/2017\/02\/myndighet3-aw-768x496.jpg 768w, https:\/\/framtidenskarriar.se\/itdata\/wp-content\/uploads\/sites\/13\/2017\/02\/myndighet3-aw-248x160.jpg 248w, https:\/\/framtidenskarriar.se\/itdata\/wp-content\/uploads\/sites\/13\/2017\/02\/myndighet3-aw-526x340.jpg 526w, https:\/\/framtidenskarriar.se\/itdata\/wp-content\/uploads\/sites\/13\/2017\/02\/myndighet3-aw-720x465.jpg 720w, https:\/\/framtidenskarriar.se\/itdata\/wp-content\/uploads\/sites\/13\/2017\/02\/myndighet3-aw-960x620.jpg 960w\" sizes=\"auto, (max-width: 1000px) 100vw, 1000px\" \/><figcaption id=\"caption-attachment-5419\" class=\"wp-caption-text\">Anders Wester, chef f\u00f6r it-applikationer och drift p\u00e5 Trafikverket. Foto: Ola Hedin \/ Trafikverket<\/figcaption><\/figure><strong>Ett argument som talar f\u00f6r att myndigheter som it-arbetsgivare \u00e4r det faktum att it har f\u00e5tt en allt mer strategisk roll p\u00e5 senare \u00e5r. De kommande \u00e5ren ligger mycket fokus p\u00e5 att \u00f6ka digitaliseringstakten samt att maximera digitaliseringens f\u00f6rdelar.<\/strong><\/p>\n<p>Att f\u00f6rena digitalisering med samh\u00e4llsnytta \u00e4r d\u00e4rf\u00f6r en \u00f6vergripande utmaning som m\u00e5nga myndigheter st\u00e5r inf\u00f6r.<br \/>\n\u2013 Att m\u00e5nga vill arbeta p\u00e5 F\u00f6rsvarsmakten kan bero p\u00e5 att deras verksamhet i h\u00f6g grad associeras med h\u00f6gteknologisk utveckling. En anledning till Polisens popularitet kan vara att m\u00e5nga tycker att polisverksamheten \u00e4r intressant. Det \u00e4r f\u00f6rst\u00e5s ocks\u00e5 roligt att m\u00e5nga \u00e4r intresserade av att arbeta p\u00e5 Trafikverket och Transportstyrelsen, s\u00e4ger Anders Wester, chef f\u00f6r it-applikationer och drift p\u00e5 Trafikverket. <\/p>\n<p><strong>It i framtidens infrastruktur<\/strong><br \/>\nHan anser att myndigheter \u00f6verlag kan bli b\u00e4ttre p\u00e5 att kommunicera vilka h\u00f6gteknologiska karri\u00e4rm\u00f6jligheter de kan erbjuda samt att framh\u00e4va hur it-verksamheten ser ut p\u00e5 de olika myndigheterna.<br \/>\n\u2013 Trafikverket har exempelvis ett sp\u00e4nnande samh\u00e4llsbyggaruppdrag med en tydlig koppling till digitalisering. Det inneb\u00e4r bland annat att it \u00e4r inkopplat i alla stora infrastrukturprojekt, exempelvis Citybanan och F\u00f6rbifart Stockholm. Trafikverket \u00e4r mer h\u00f6gteknologiskt \u00e4n man vid f\u00f6rsta anblicken kan tro. Vi utrustar exempelvis v\u00e4gar och tunnlar med detektorer och f\u00f6rfogar \u00f6ver ett fibern\u00e4t som anv\u00e4nds dels av transportsystemet och dels hyrs ut till externa kunder, s\u00e4ger Anders Wester.<\/p>\n<p><strong>Digitalisering utifr\u00e5n m\u00e5nga perspektiv<\/strong><br \/>\nP\u00e5 m\u00e5nga myndigheter finns m\u00f6jlighet att arbeta med digitalisering utifr\u00e5n m\u00e5nga perspektiv, fr\u00e5n kabelniv\u00e5 till strategisk automatiseringsniv\u00e5. Behovet av it-akademiker inom alltifr\u00e5n kommunikationsteknik till systemutveckling \u00e4r stort och v\u00e4ntas \u00f6ka de kommande \u00e5ren i takt med att pensionsavg\u00e5ngarna blir fler.<br \/>\n\u2013 Civilingenj\u00f6rer och systemvetare som vill vara med och bygga framtidens samh\u00e4lle, g\u00e4rna agerar probleml\u00f6sande och vill delta i it-projekt som underl\u00e4ttar individer och f\u00f6retags vardag har d\u00e4rf\u00f6r mycket att h\u00e4mta p\u00e5 svenska myndigheter de kommande \u00e5ren. Att se andra l\u00f6sningar \u00e4n att bygga mer v\u00e4gar och j\u00e4rnv\u00e4g \u00e4r en intressant utmaning som fr\u00e4mjar innovationskraft i v\u00e5r it-verksamhet, s\u00e4ger Anders Wester.<\/p>\n","protected":false},"excerpt":{"rendered":"<p>Ett argument som talar f\u00f6r att myndigheter som it-arbetsgivare \u00e4r det faktum att it har&#8230;<\/p>\n","protected":false},"author":3,"featured_media":5419,"comment_status":"closed","ping_status":"open","sticky":false,"template":"","format":"standard","meta":{"_acf_changed":false,"_monsterinsights_skip_tracking":false,"_monsterinsights_sitenote_active":false,"_monsterinsights_sitenote_note":"","_monsterinsights_sitenote_category":0,"footnotes":""},"categories":[1],"tags":[],"class_list":["post-5417","post","type-post","status-publish","format-standard","has-post-thumbnail","hentry","category-artikel"],"acf":[],"yoast_head":"<!-- This site is optimized with the Yoast SEO plugin v27.3 - https:\/\/yoast.com\/product\/yoast-seo-wordpress\/ -->\n<title>Myndigheter befinner sig mitt i en intensiv digitaliseringsutveckling - Framtidens karri\u00e4r IT &amp; Data<\/title>\n<meta name=\"robots\" content=\"index, follow, max-snippet:-1, max-image-preview:large, max-video-preview:-1\" \/>\n<link rel=\"canonical\" href=\"https:\/\/framtidenskarriar.se\/itdata\/2017\/02\/07\/myndigheter-befinner-sig-mitt-i-en-intensiv-digitaliseringsutveckling\/\" \/>\n<meta property=\"og:locale\" content=\"sv_SE\" \/>\n<meta property=\"og:type\" content=\"article\" \/>\n<meta property=\"og:title\" content=\"Myndigheter befinner sig mitt i en intensiv digitaliseringsutveckling - Framtidens karri\u00e4r IT &amp; Data\" \/>\n<meta property=\"og:description\" content=\"Ett argument som talar f\u00f6r att myndigheter som it-arbetsgivare \u00e4r det faktum att it har...\" \/>\n<meta property=\"og:url\" content=\"https:\/\/framtidenskarriar.se\/itdata\/2017\/02\/07\/myndigheter-befinner-sig-mitt-i-en-intensiv-digitaliseringsutveckling\/\" \/>\n<meta property=\"og:site_name\" content=\"Framtidens karri\u00e4r IT &amp; Data\" \/>\n<meta property=\"article:published_time\" content=\"2017-02-07T13:40:50+00:00\" \/>\n<meta property=\"og:image\" content=\"https:\/\/framtidenskarriar.se\/itdata\/wp-content\/uploads\/sites\/13\/2017\/02\/myndighet3-aw.jpg\" \/>\n\t<meta property=\"og:image:width\" content=\"1000\" \/>\n\t<meta property=\"og:image:height\" content=\"646\" \/>\n\t<meta property=\"og:image:type\" content=\"image\/jpeg\" \/>\n<meta name=\"author\" content=\"stellanstal\" \/>\n<meta name=\"twitter:card\" content=\"summary_large_image\" \/>\n<meta name=\"twitter:label1\" content=\"Skriven av\" \/>\n\t<meta name=\"twitter:data1\" content=\"stellanstal\" \/>\n\t<meta name=\"twitter:label2\" content=\"Ber\u00e4knad l\u00e4stid\" \/>\n\t<meta name=\"twitter:data2\" content=\"2 minuter\" \/>\n<script type=\"application\/ld+json\" class=\"yoast-schema-graph\">{\"@context\":\"https:\\\/\\\/schema.org\",\"@graph\":[{\"@type\":\"Article\",\"@id\":\"https:\\\/\\\/framtidenskarriar.se\\\/itdata\\\/2017\\\/02\\\/07\\\/myndigheter-befinner-sig-mitt-i-en-intensiv-digitaliseringsutveckling\\\/#article\",\"isPartOf\":{\"@id\":\"https:\\\/\\\/framtidenskarriar.se\\\/itdata\\\/2017\\\/02\\\/07\\\/myndigheter-befinner-sig-mitt-i-en-intensiv-digitaliseringsutveckling\\\/\"},\"author\":{\"name\":\"stellanstal\",\"@id\":\"https:\\\/\\\/framtidenskarriar.se\\\/itdata\\\/#\\\/schema\\\/person\\\/c8a43eb855191e573b73ecf8987a3b99\"},\"headline\":\"Myndigheter befinner sig mitt i en intensiv digitaliseringsutveckling\",\"datePublished\":\"2017-02-07T13:40:50+00:00\",\"mainEntityOfPage\":{\"@id\":\"https:\\\/\\\/framtidenskarriar.se\\\/itdata\\\/2017\\\/02\\\/07\\\/myndigheter-befinner-sig-mitt-i-en-intensiv-digitaliseringsutveckling\\\/\"},\"wordCount\":408,\"image\":{\"@id\":\"https:\\\/\\\/framtidenskarriar.se\\\/itdata\\\/2017\\\/02\\\/07\\\/myndigheter-befinner-sig-mitt-i-en-intensiv-digitaliseringsutveckling\\\/#primaryimage\"},\"thumbnailUrl\":\"https:\\\/\\\/framtidenskarriar.se\\\/itdata\\\/wp-content\\\/uploads\\\/sites\\\/13\\\/2017\\\/02\\\/myndighet3-aw.jpg\",\"articleSection\":[\"Artikel\"],\"inLanguage\":\"sv-SE\"},{\"@type\":\"WebPage\",\"@id\":\"https:\\\/\\\/framtidenskarriar.se\\\/itdata\\\/2017\\\/02\\\/07\\\/myndigheter-befinner-sig-mitt-i-en-intensiv-digitaliseringsutveckling\\\/\",\"url\":\"https:\\\/\\\/framtidenskarriar.se\\\/itdata\\\/2017\\\/02\\\/07\\\/myndigheter-befinner-sig-mitt-i-en-intensiv-digitaliseringsutveckling\\\/\",\"name\":\"Myndigheter befinner sig mitt i en intensiv digitaliseringsutveckling - Framtidens karri\u00e4r IT & Data\",\"isPartOf\":{\"@id\":\"https:\\\/\\\/framtidenskarriar.se\\\/itdata\\\/#website\"},\"primaryImageOfPage\":{\"@id\":\"https:\\\/\\\/framtidenskarriar.se\\\/itdata\\\/2017\\\/02\\\/07\\\/myndigheter-befinner-sig-mitt-i-en-intensiv-digitaliseringsutveckling\\\/#primaryimage\"},\"image\":{\"@id\":\"https:\\\/\\\/framtidenskarriar.se\\\/itdata\\\/2017\\\/02\\\/07\\\/myndigheter-befinner-sig-mitt-i-en-intensiv-digitaliseringsutveckling\\\/#primaryimage\"},\"thumbnailUrl\":\"https:\\\/\\\/framtidenskarriar.se\\\/itdata\\\/wp-content\\\/uploads\\\/sites\\\/13\\\/2017\\\/02\\\/myndighet3-aw.jpg\",\"datePublished\":\"2017-02-07T13:40:50+00:00\",\"author\":{\"@id\":\"https:\\\/\\\/framtidenskarriar.se\\\/itdata\\\/#\\\/schema\\\/person\\\/c8a43eb855191e573b73ecf8987a3b99\"},\"breadcrumb\":{\"@id\":\"https:\\\/\\\/framtidenskarriar.se\\\/itdata\\\/2017\\\/02\\\/07\\\/myndigheter-befinner-sig-mitt-i-en-intensiv-digitaliseringsutveckling\\\/#breadcrumb\"},\"inLanguage\":\"sv-SE\",\"potentialAction\":[{\"@type\":\"ReadAction\",\"target\":[\"https:\\\/\\\/framtidenskarriar.se\\\/itdata\\\/2017\\\/02\\\/07\\\/myndigheter-befinner-sig-mitt-i-en-intensiv-digitaliseringsutveckling\\\/\"]}]},{\"@type\":\"ImageObject\",\"inLanguage\":\"sv-SE\",\"@id\":\"https:\\\/\\\/framtidenskarriar.se\\\/itdata\\\/2017\\\/02\\\/07\\\/myndigheter-befinner-sig-mitt-i-en-intensiv-digitaliseringsutveckling\\\/#primaryimage\",\"url\":\"https:\\\/\\\/framtidenskarriar.se\\\/itdata\\\/wp-content\\\/uploads\\\/sites\\\/13\\\/2017\\\/02\\\/myndighet3-aw.jpg\",\"contentUrl\":\"https:\\\/\\\/framtidenskarriar.se\\\/itdata\\\/wp-content\\\/uploads\\\/sites\\\/13\\\/2017\\\/02\\\/myndighet3-aw.jpg\",\"width\":1000,\"height\":646,\"caption\":\"Anders Wester, chef f\u00f6r it-applikationer och drift p\u00e5 Trafikverket. Foto: Ola Hedin \\\/ Trafikverket\"},{\"@type\":\"BreadcrumbList\",\"@id\":\"https:\\\/\\\/framtidenskarriar.se\\\/itdata\\\/2017\\\/02\\\/07\\\/myndigheter-befinner-sig-mitt-i-en-intensiv-digitaliseringsutveckling\\\/#breadcrumb\",\"itemListElement\":[{\"@type\":\"ListItem\",\"position\":1,\"name\":\"Home\",\"item\":\"https:\\\/\\\/framtidenskarriar.se\\\/itdata\\\/\"},{\"@type\":\"ListItem\",\"position\":2,\"name\":\"Myndigheter befinner sig mitt i en intensiv digitaliseringsutveckling\"}]},{\"@type\":\"WebSite\",\"@id\":\"https:\\\/\\\/framtidenskarriar.se\\\/itdata\\\/#website\",\"url\":\"https:\\\/\\\/framtidenskarriar.se\\\/itdata\\\/\",\"name\":\"Framtidens karri\u00e4r IT & Data\",\"description\":\"Just another NMDashboard.se Sites site\",\"potentialAction\":[{\"@type\":\"SearchAction\",\"target\":{\"@type\":\"EntryPoint\",\"urlTemplate\":\"https:\\\/\\\/framtidenskarriar.se\\\/itdata\\\/?s={search_term_string}\"},\"query-input\":{\"@type\":\"PropertyValueSpecification\",\"valueRequired\":true,\"valueName\":\"search_term_string\"}}],\"inLanguage\":\"sv-SE\"},{\"@type\":\"Person\",\"@id\":\"https:\\\/\\\/framtidenskarriar.se\\\/itdata\\\/#\\\/schema\\\/person\\\/c8a43eb855191e573b73ecf8987a3b99\",\"name\":\"stellanstal\",\"image\":{\"@type\":\"ImageObject\",\"inLanguage\":\"sv-SE\",\"@id\":\"https:\\\/\\\/secure.gravatar.com\\\/avatar\\\/cd330fa6bb17f598124b2068ee0b189e4fe0987a50af9d53b78410836060d0c9?s=96&d=mm&r=g\",\"url\":\"https:\\\/\\\/secure.gravatar.com\\\/avatar\\\/cd330fa6bb17f598124b2068ee0b189e4fe0987a50af9d53b78410836060d0c9?s=96&d=mm&r=g\",\"contentUrl\":\"https:\\\/\\\/secure.gravatar.com\\\/avatar\\\/cd330fa6bb17f598124b2068ee0b189e4fe0987a50af9d53b78410836060d0c9?s=96&d=mm&r=g\",\"caption\":\"stellanstal\"},\"url\":\"https:\\\/\\\/framtidenskarriar.se\\\/itdata\\\/author\\\/stellanstal\\\/\"}]}<\/script>\n<!-- \/ Yoast SEO plugin. -->","yoast_head_json":{"title":"Myndigheter befinner sig mitt i en intensiv digitaliseringsutveckling - Framtidens karri\u00e4r IT & Data","robots":{"index":"index","follow":"follow","max-snippet":"max-snippet:-1","max-image-preview":"max-image-preview:large","max-video-preview":"max-video-preview:-1"},"canonical":"https:\/\/framtidenskarriar.se\/itdata\/2017\/02\/07\/myndigheter-befinner-sig-mitt-i-en-intensiv-digitaliseringsutveckling\/","og_locale":"sv_SE","og_type":"article","og_title":"Myndigheter befinner sig mitt i en intensiv digitaliseringsutveckling - Framtidens karri\u00e4r IT & Data","og_description":"Ett argument som talar f\u00f6r att myndigheter som it-arbetsgivare \u00e4r det faktum att it har...","og_url":"https:\/\/framtidenskarriar.se\/itdata\/2017\/02\/07\/myndigheter-befinner-sig-mitt-i-en-intensiv-digitaliseringsutveckling\/","og_site_name":"Framtidens karri\u00e4r IT & Data","article_published_time":"2017-02-07T13:40:50+00:00","og_image":[{"width":1000,"height":646,"url":"https:\/\/framtidenskarriar.se\/itdata\/wp-content\/uploads\/sites\/13\/2017\/02\/myndighet3-aw.jpg","type":"image\/jpeg"}],"author":"stellanstal","twitter_card":"summary_large_image","twitter_misc":{"Skriven av":"stellanstal","Ber\u00e4knad l\u00e4stid":"2 minuter"},"schema":{"@context":"https:\/\/schema.org","@graph":[{"@type":"Article","@id":"https:\/\/framtidenskarriar.se\/itdata\/2017\/02\/07\/myndigheter-befinner-sig-mitt-i-en-intensiv-digitaliseringsutveckling\/#article","isPartOf":{"@id":"https:\/\/framtidenskarriar.se\/itdata\/2017\/02\/07\/myndigheter-befinner-sig-mitt-i-en-intensiv-digitaliseringsutveckling\/"},"author":{"name":"stellanstal","@id":"https:\/\/framtidenskarriar.se\/itdata\/#\/schema\/person\/c8a43eb855191e573b73ecf8987a3b99"},"headline":"Myndigheter befinner sig mitt i en intensiv digitaliseringsutveckling","datePublished":"2017-02-07T13:40:50+00:00","mainEntityOfPage":{"@id":"https:\/\/framtidenskarriar.se\/itdata\/2017\/02\/07\/myndigheter-befinner-sig-mitt-i-en-intensiv-digitaliseringsutveckling\/"},"wordCount":408,"image":{"@id":"https:\/\/framtidenskarriar.se\/itdata\/2017\/02\/07\/myndigheter-befinner-sig-mitt-i-en-intensiv-digitaliseringsutveckling\/#primaryimage"},"thumbnailUrl":"https:\/\/framtidenskarriar.se\/itdata\/wp-content\/uploads\/sites\/13\/2017\/02\/myndighet3-aw.jpg","articleSection":["Artikel"],"inLanguage":"sv-SE"},{"@type":"WebPage","@id":"https:\/\/framtidenskarriar.se\/itdata\/2017\/02\/07\/myndigheter-befinner-sig-mitt-i-en-intensiv-digitaliseringsutveckling\/","url":"https:\/\/framtidenskarriar.se\/itdata\/2017\/02\/07\/myndigheter-befinner-sig-mitt-i-en-intensiv-digitaliseringsutveckling\/","name":"Myndigheter befinner sig mitt i en intensiv digitaliseringsutveckling - Framtidens karri\u00e4r IT & Data","isPartOf":{"@id":"https:\/\/framtidenskarriar.se\/itdata\/#website"},"primaryImageOfPage":{"@id":"https:\/\/framtidenskarriar.se\/itdata\/2017\/02\/07\/myndigheter-befinner-sig-mitt-i-en-intensiv-digitaliseringsutveckling\/#primaryimage"},"image":{"@id":"https:\/\/framtidenskarriar.se\/itdata\/2017\/02\/07\/myndigheter-befinner-sig-mitt-i-en-intensiv-digitaliseringsutveckling\/#primaryimage"},"thumbnailUrl":"https:\/\/framtidenskarriar.se\/itdata\/wp-content\/uploads\/sites\/13\/2017\/02\/myndighet3-aw.jpg","datePublished":"2017-02-07T13:40:50+00:00","author":{"@id":"https:\/\/framtidenskarriar.se\/itdata\/#\/schema\/person\/c8a43eb855191e573b73ecf8987a3b99"},"breadcrumb":{"@id":"https:\/\/framtidenskarriar.se\/itdata\/2017\/02\/07\/myndigheter-befinner-sig-mitt-i-en-intensiv-digitaliseringsutveckling\/#breadcrumb"},"inLanguage":"sv-SE","potentialAction":[{"@type":"ReadAction","target":["https:\/\/framtidenskarriar.se\/itdata\/2017\/02\/07\/myndigheter-befinner-sig-mitt-i-en-intensiv-digitaliseringsutveckling\/"]}]},{"@type":"ImageObject","inLanguage":"sv-SE","@id":"https:\/\/framtidenskarriar.se\/itdata\/2017\/02\/07\/myndigheter-befinner-sig-mitt-i-en-intensiv-digitaliseringsutveckling\/#primaryimage","url":"https:\/\/framtidenskarriar.se\/itdata\/wp-content\/uploads\/sites\/13\/2017\/02\/myndighet3-aw.jpg","contentUrl":"https:\/\/framtidenskarriar.se\/itdata\/wp-content\/uploads\/sites\/13\/2017\/02\/myndighet3-aw.jpg","width":1000,"height":646,"caption":"Anders Wester, chef f\u00f6r it-applikationer och drift p\u00e5 Trafikverket. Foto: Ola Hedin \/ Trafikverket"},{"@type":"BreadcrumbList","@id":"https:\/\/framtidenskarriar.se\/itdata\/2017\/02\/07\/myndigheter-befinner-sig-mitt-i-en-intensiv-digitaliseringsutveckling\/#breadcrumb","itemListElement":[{"@type":"ListItem","position":1,"name":"Home","item":"https:\/\/framtidenskarriar.se\/itdata\/"},{"@type":"ListItem","position":2,"name":"Myndigheter befinner sig mitt i en intensiv digitaliseringsutveckling"}]},{"@type":"WebSite","@id":"https:\/\/framtidenskarriar.se\/itdata\/#website","url":"https:\/\/framtidenskarriar.se\/itdata\/","name":"Framtidens karri\u00e4r IT & Data","description":"Just another NMDashboard.se Sites site","potentialAction":[{"@type":"SearchAction","target":{"@type":"EntryPoint","urlTemplate":"https:\/\/framtidenskarriar.se\/itdata\/?s={search_term_string}"},"query-input":{"@type":"PropertyValueSpecification","valueRequired":true,"valueName":"search_term_string"}}],"inLanguage":"sv-SE"},{"@type":"Person","@id":"https:\/\/framtidenskarriar.se\/itdata\/#\/schema\/person\/c8a43eb855191e573b73ecf8987a3b99","name":"stellanstal","image":{"@type":"ImageObject","inLanguage":"sv-SE","@id":"https:\/\/secure.gravatar.com\/avatar\/cd330fa6bb17f598124b2068ee0b189e4fe0987a50af9d53b78410836060d0c9?s=96&d=mm&r=g","url":"https:\/\/secure.gravatar.com\/avatar\/cd330fa6bb17f598124b2068ee0b189e4fe0987a50af9d53b78410836060d0c9?s=96&d=mm&r=g","contentUrl":"https:\/\/secure.gravatar.com\/avatar\/cd330fa6bb17f598124b2068ee0b189e4fe0987a50af9d53b78410836060d0c9?s=96&d=mm&r=g","caption":"stellanstal"},"url":"https:\/\/framtidenskarriar.se\/itdata\/author\/stellanstal\/"}]}},"_links":{"self":[{"href":"https:\/\/framtidenskarriar.se\/itdata\/wp-json\/wp\/v2\/posts\/5417","targetHints":{"allow":["GET"]}}],"collection":[{"href":"https:\/\/framtidenskarriar.se\/itdata\/wp-json\/wp\/v2\/posts"}],"about":[{"href":"https:\/\/framtidenskarriar.se\/itdata\/wp-json\/wp\/v2\/types\/post"}],"author":[{"embeddable":true,"href":"https:\/\/framtidenskarriar.se\/itdata\/wp-json\/wp\/v2\/users\/3"}],"replies":[{"embeddable":true,"href":"https:\/\/framtidenskarriar.se\/itdata\/wp-json\/wp\/v2\/comments?post=5417"}],"version-history":[{"count":0,"href":"https:\/\/framtidenskarriar.se\/itdata\/wp-json\/wp\/v2\/posts\/5417\/revisions"}],"wp:featuredmedia":[{"embeddable":true,"href":"https:\/\/framtidenskarriar.se\/itdata\/wp-json\/wp\/v2\/media\/5419"}],"wp:attachment":[{"href":"https:\/\/framtidenskarriar.se\/itdata\/wp-json\/wp\/v2\/media?parent=5417"}],"wp:term":[{"taxonomy":"category","embeddable":true,"href":"https:\/\/framtidenskarriar.se\/itdata\/wp-json\/wp\/v2\/categories?post=5417"},{"taxonomy":"post_tag","embeddable":true,"href":"https:\/\/framtidenskarriar.se\/itdata\/wp-json\/wp\/v2\/tags?post=5417"}],"curies":[{"name":"wp","href":"https:\/\/api.w.org\/{rel}","templated":true}]}}