{"id":5422,"date":"2017-02-07T15:42:26","date_gmt":"2017-02-07T13:42:26","guid":{"rendered":"http:\/\/framtidenskarriar.se\/itdata\/?p=5422"},"modified":"2017-02-07T15:42:26","modified_gmt":"2017-02-07T13:42:26","slug":"digitalisering-pa-kundens-villkor","status":"publish","type":"post","link":"https:\/\/framtidenskarriar.se\/itdata\/2017\/02\/07\/digitalisering-pa-kundens-villkor\/","title":{"rendered":"Digitalisering p\u00e5 kundens villkor"},"content":{"rendered":"<p><figure id=\"attachment_5423\" aria-describedby=\"caption-attachment-5423\" style=\"width: 1000px\" class=\"wp-caption alignnone\"><img loading=\"lazy\" decoding=\"async\" src=\"https:\/\/framtidenskarriar.se\/itdata\/wp-content\/uploads\/sites\/13\/2017\/02\/telekom-framtidenskarriar-2017-elisabethstjernstoft-2.jpg\" alt=\"Elisa\u00adbeth Stjernstoft, Director Business IT hos Tele2.\" width=\"1000\" height=\"667\" class=\"size-full wp-image-5423\" srcset=\"https:\/\/framtidenskarriar.se\/itdata\/wp-content\/uploads\/sites\/13\/2017\/02\/telekom-framtidenskarriar-2017-elisabethstjernstoft-2.jpg 1000w, https:\/\/framtidenskarriar.se\/itdata\/wp-content\/uploads\/sites\/13\/2017\/02\/telekom-framtidenskarriar-2017-elisabethstjernstoft-2-300x200.jpg 300w, https:\/\/framtidenskarriar.se\/itdata\/wp-content\/uploads\/sites\/13\/2017\/02\/telekom-framtidenskarriar-2017-elisabethstjernstoft-2-768x512.jpg 768w, https:\/\/framtidenskarriar.se\/itdata\/wp-content\/uploads\/sites\/13\/2017\/02\/telekom-framtidenskarriar-2017-elisabethstjernstoft-2-240x160.jpg 240w, https:\/\/framtidenskarriar.se\/itdata\/wp-content\/uploads\/sites\/13\/2017\/02\/telekom-framtidenskarriar-2017-elisabethstjernstoft-2-526x351.jpg 526w, https:\/\/framtidenskarriar.se\/itdata\/wp-content\/uploads\/sites\/13\/2017\/02\/telekom-framtidenskarriar-2017-elisabethstjernstoft-2-720x480.jpg 720w, https:\/\/framtidenskarriar.se\/itdata\/wp-content\/uploads\/sites\/13\/2017\/02\/telekom-framtidenskarriar-2017-elisabethstjernstoft-2-960x640.jpg 960w\" sizes=\"auto, (max-width: 1000px) 100vw, 1000px\" \/><figcaption id=\"caption-attachment-5423\" class=\"wp-caption-text\">Elisa\u00adbeth Stjernstoft, Director Business IT hos Tele2.<\/figcaption><\/figure><strong>Snabb, innovativ och i allra h\u00f6gsta grad kunddriven. S\u00e5 beskriver Tele2:s Director Business IT Elisa\u00adbeth Stjernstoft telekombranschens digitala transformation. \u201dDet \u00e4r en otroligt sp\u00e4nnande bransch just nu\u201d, s\u00e4ger hon.<\/strong><\/p>\n<p>Elisabeth Stjernstoft hann inte mer \u00e4n att landa fr\u00e5n apotekarbranschens marknadsomv\u00e4lvande avmonopolisering innan det var dags f\u00f6r n\u00e4sta utmaning. I augusti i fjol gick hon fr\u00e5n tj\u00e4nsten som CIO hos Apoteket till Tele2 som chef f\u00f6r telekomj\u00e4ttens Business IT.<br \/>\n\u2013 Det \u00e4r en otroligt sp\u00e4nnande bransch. I dagens l\u00e4ge \u00e4r uppkopplingen ofta det viktigaste och d\u00e4r \u00e4r ju telekombranschen m\u00f6jligg\u00f6raren. Det \u00e4r s\u00e5 himla h\u00e4ftigt att kunna jobba med det och Tele2 g\u00e5r verkligen all in d\u00e4r, s\u00e4ger Elisabeth Stjernstoft. <\/p>\n<p><strong>Branschen redo f\u00f6r n\u00e4sta steg<\/strong><br \/>\nSom leverant\u00f6r av digitaliseringens infrastruktur \u00e4r det ingen vild gissning att telekombranschen ligger i framkant i nyttjandet av digitala m\u00f6jligheter. Elisabeth menar dock att s\u00e5 inte \u00e4r fallet. Inte \u00e4nnu i alla fall.<br \/>\n\u2013 Telekom ligger n\u00e5gonstans i mitten p\u00e5 skalan n\u00e4r det handlar om att p\u00e5verkas av utvecklingen. Andra branscher som mediabranschen och resebranschen ligger f\u00f6re. \u00c4ven detaljhandeln har kommit l\u00e5ngt med e-handel, omnikanal och global konkurrens. Men telekombranschen g\u00e5r in i det d\u00e4r nu, s\u00e4ger hon. <\/p>\n<p><strong>Kunden som kravst\u00e4llare<\/strong><br \/>\nAtt det sker nu och inte tidigare beror dels p\u00e5 att utvecklingen tidigare har p\u00e5verkat interna strukturer och arbetss\u00e4tt, dels att kunden nu kr\u00e4ver det.<br \/>\n\u2013 Kunden f\u00f6rv\u00e4ntar sig samma digitala mognad som hennes egen och det i alla branscher. Hon vill ha samma s\u00f6ml\u00f6sa service n\u00e4r hon ska handla gigabyte som n\u00e4r hon ska handla kl\u00e4der.<br \/>\nF\u00f6r branschen inneb\u00e4r det att vara snabbfotad, och erbjuda kunden det hon vill ha, n\u00e4r, hur och var hon \u00e4n vill ha det.<br \/>\n\u2013 Det \u00e4r en utmaning f\u00f6r alla f\u00f6retag. Vi beh\u00f6ver finnas med p\u00e5 alla plattformar och integrera v\u00e5ra kanaler, v\u00e5r kommunikation och system med kunddatan s\u00e5 att kunderna kan handla utan hinder.<\/p>\n<p><strong>Tekniskt kunnande r\u00e4cker inte l\u00e4ngre<\/strong><br \/>\nF\u00f6r branschens it-proffs handlar det om nya s\u00e4tt att f\u00f6rh\u00e5lla sig till it. Den tekniska kompetensen beh\u00f6ver kopplas ihop med f\u00f6rst\u00e5else f\u00f6r kunden, aff\u00e4ren och verksamheten.<br \/>\n\u2013 Att samarbeta \u00e4r j\u00e4tteviktigt. Liksom anpassningsf\u00f6rm\u00e5ga och \u00f6ppenhet f\u00f6r att hela tiden l\u00e4ra sig nya saker. <\/p>\n","protected":false},"excerpt":{"rendered":"<p>Snabb, innovativ och i allra h\u00f6gsta grad kunddriven. S\u00e5 beskriver Tele2:s Director Business IT Elisa\u00adbeth&#8230;<\/p>\n","protected":false},"author":3,"featured_media":5423,"comment_status":"closed","ping_status":"open","sticky":false,"template":"","format":"standard","meta":{"_acf_changed":false,"_monsterinsights_skip_tracking":false,"_monsterinsights_sitenote_active":false,"_monsterinsights_sitenote_note":"","_monsterinsights_sitenote_category":0,"footnotes":""},"categories":[1],"tags":[],"class_list":["post-5422","post","type-post","status-publish","format-standard","has-post-thumbnail","hentry","category-artikel"],"acf":[],"yoast_head":"<!-- This site is optimized with the Yoast SEO plugin v27.3 - https:\/\/yoast.com\/product\/yoast-seo-wordpress\/ -->\n<title>Digitalisering p\u00e5 kundens villkor - Framtidens karri\u00e4r IT &amp; Data<\/title>\n<meta name=\"robots\" content=\"index, follow, max-snippet:-1, max-image-preview:large, max-video-preview:-1\" \/>\n<link rel=\"canonical\" href=\"https:\/\/framtidenskarriar.se\/itdata\/2017\/02\/07\/digitalisering-pa-kundens-villkor\/\" \/>\n<meta property=\"og:locale\" content=\"sv_SE\" \/>\n<meta property=\"og:type\" content=\"article\" \/>\n<meta property=\"og:title\" content=\"Digitalisering p\u00e5 kundens villkor - Framtidens karri\u00e4r IT &amp; Data\" \/>\n<meta property=\"og:description\" content=\"Snabb, innovativ och i allra h\u00f6gsta grad kunddriven. S\u00e5 beskriver Tele2:s Director Business IT Elisa\u00adbeth...\" \/>\n<meta property=\"og:url\" content=\"https:\/\/framtidenskarriar.se\/itdata\/2017\/02\/07\/digitalisering-pa-kundens-villkor\/\" \/>\n<meta property=\"og:site_name\" content=\"Framtidens karri\u00e4r IT &amp; Data\" \/>\n<meta property=\"article:published_time\" content=\"2017-02-07T13:42:26+00:00\" \/>\n<meta property=\"og:image\" content=\"https:\/\/framtidenskarriar.se\/itdata\/wp-content\/uploads\/sites\/13\/2017\/02\/telekom-framtidenskarriar-2017-elisabethstjernstoft-2.jpg\" \/>\n\t<meta property=\"og:image:width\" content=\"1000\" \/>\n\t<meta property=\"og:image:height\" content=\"667\" \/>\n\t<meta property=\"og:image:type\" content=\"image\/jpeg\" \/>\n<meta name=\"author\" content=\"stellanstal\" \/>\n<meta name=\"twitter:card\" content=\"summary_large_image\" \/>\n<meta name=\"twitter:label1\" content=\"Skriven av\" \/>\n\t<meta name=\"twitter:data1\" content=\"stellanstal\" \/>\n\t<meta name=\"twitter:label2\" content=\"Ber\u00e4knad l\u00e4stid\" \/>\n\t<meta name=\"twitter:data2\" content=\"2 minuter\" \/>\n<script type=\"application\/ld+json\" class=\"yoast-schema-graph\">{\"@context\":\"https:\\\/\\\/schema.org\",\"@graph\":[{\"@type\":\"Article\",\"@id\":\"https:\\\/\\\/framtidenskarriar.se\\\/itdata\\\/2017\\\/02\\\/07\\\/digitalisering-pa-kundens-villkor\\\/#article\",\"isPartOf\":{\"@id\":\"https:\\\/\\\/framtidenskarriar.se\\\/itdata\\\/2017\\\/02\\\/07\\\/digitalisering-pa-kundens-villkor\\\/\"},\"author\":{\"name\":\"stellanstal\",\"@id\":\"https:\\\/\\\/framtidenskarriar.se\\\/itdata\\\/#\\\/schema\\\/person\\\/c8a43eb855191e573b73ecf8987a3b99\"},\"headline\":\"Digitalisering p\u00e5 kundens villkor\",\"datePublished\":\"2017-02-07T13:42:26+00:00\",\"mainEntityOfPage\":{\"@id\":\"https:\\\/\\\/framtidenskarriar.se\\\/itdata\\\/2017\\\/02\\\/07\\\/digitalisering-pa-kundens-villkor\\\/\"},\"wordCount\":438,\"image\":{\"@id\":\"https:\\\/\\\/framtidenskarriar.se\\\/itdata\\\/2017\\\/02\\\/07\\\/digitalisering-pa-kundens-villkor\\\/#primaryimage\"},\"thumbnailUrl\":\"https:\\\/\\\/framtidenskarriar.se\\\/itdata\\\/wp-content\\\/uploads\\\/sites\\\/13\\\/2017\\\/02\\\/telekom-framtidenskarriar-2017-elisabethstjernstoft-2.jpg\",\"articleSection\":[\"Artikel\"],\"inLanguage\":\"sv-SE\"},{\"@type\":\"WebPage\",\"@id\":\"https:\\\/\\\/framtidenskarriar.se\\\/itdata\\\/2017\\\/02\\\/07\\\/digitalisering-pa-kundens-villkor\\\/\",\"url\":\"https:\\\/\\\/framtidenskarriar.se\\\/itdata\\\/2017\\\/02\\\/07\\\/digitalisering-pa-kundens-villkor\\\/\",\"name\":\"Digitalisering p\u00e5 kundens villkor - Framtidens karri\u00e4r IT & Data\",\"isPartOf\":{\"@id\":\"https:\\\/\\\/framtidenskarriar.se\\\/itdata\\\/#website\"},\"primaryImageOfPage\":{\"@id\":\"https:\\\/\\\/framtidenskarriar.se\\\/itdata\\\/2017\\\/02\\\/07\\\/digitalisering-pa-kundens-villkor\\\/#primaryimage\"},\"image\":{\"@id\":\"https:\\\/\\\/framtidenskarriar.se\\\/itdata\\\/2017\\\/02\\\/07\\\/digitalisering-pa-kundens-villkor\\\/#primaryimage\"},\"thumbnailUrl\":\"https:\\\/\\\/framtidenskarriar.se\\\/itdata\\\/wp-content\\\/uploads\\\/sites\\\/13\\\/2017\\\/02\\\/telekom-framtidenskarriar-2017-elisabethstjernstoft-2.jpg\",\"datePublished\":\"2017-02-07T13:42:26+00:00\",\"author\":{\"@id\":\"https:\\\/\\\/framtidenskarriar.se\\\/itdata\\\/#\\\/schema\\\/person\\\/c8a43eb855191e573b73ecf8987a3b99\"},\"breadcrumb\":{\"@id\":\"https:\\\/\\\/framtidenskarriar.se\\\/itdata\\\/2017\\\/02\\\/07\\\/digitalisering-pa-kundens-villkor\\\/#breadcrumb\"},\"inLanguage\":\"sv-SE\",\"potentialAction\":[{\"@type\":\"ReadAction\",\"target\":[\"https:\\\/\\\/framtidenskarriar.se\\\/itdata\\\/2017\\\/02\\\/07\\\/digitalisering-pa-kundens-villkor\\\/\"]}]},{\"@type\":\"ImageObject\",\"inLanguage\":\"sv-SE\",\"@id\":\"https:\\\/\\\/framtidenskarriar.se\\\/itdata\\\/2017\\\/02\\\/07\\\/digitalisering-pa-kundens-villkor\\\/#primaryimage\",\"url\":\"https:\\\/\\\/framtidenskarriar.se\\\/itdata\\\/wp-content\\\/uploads\\\/sites\\\/13\\\/2017\\\/02\\\/telekom-framtidenskarriar-2017-elisabethstjernstoft-2.jpg\",\"contentUrl\":\"https:\\\/\\\/framtidenskarriar.se\\\/itdata\\\/wp-content\\\/uploads\\\/sites\\\/13\\\/2017\\\/02\\\/telekom-framtidenskarriar-2017-elisabethstjernstoft-2.jpg\",\"width\":1000,\"height\":667,\"caption\":\"Elisa\u00adbeth Stjernstoft, Director Business IT hos Tele2.\"},{\"@type\":\"BreadcrumbList\",\"@id\":\"https:\\\/\\\/framtidenskarriar.se\\\/itdata\\\/2017\\\/02\\\/07\\\/digitalisering-pa-kundens-villkor\\\/#breadcrumb\",\"itemListElement\":[{\"@type\":\"ListItem\",\"position\":1,\"name\":\"Home\",\"item\":\"https:\\\/\\\/framtidenskarriar.se\\\/itdata\\\/\"},{\"@type\":\"ListItem\",\"position\":2,\"name\":\"Digitalisering p\u00e5 kundens villkor\"}]},{\"@type\":\"WebSite\",\"@id\":\"https:\\\/\\\/framtidenskarriar.se\\\/itdata\\\/#website\",\"url\":\"https:\\\/\\\/framtidenskarriar.se\\\/itdata\\\/\",\"name\":\"Framtidens karri\u00e4r IT & Data\",\"description\":\"Just another NMDashboard.se Sites site\",\"potentialAction\":[{\"@type\":\"SearchAction\",\"target\":{\"@type\":\"EntryPoint\",\"urlTemplate\":\"https:\\\/\\\/framtidenskarriar.se\\\/itdata\\\/?s={search_term_string}\"},\"query-input\":{\"@type\":\"PropertyValueSpecification\",\"valueRequired\":true,\"valueName\":\"search_term_string\"}}],\"inLanguage\":\"sv-SE\"},{\"@type\":\"Person\",\"@id\":\"https:\\\/\\\/framtidenskarriar.se\\\/itdata\\\/#\\\/schema\\\/person\\\/c8a43eb855191e573b73ecf8987a3b99\",\"name\":\"stellanstal\",\"image\":{\"@type\":\"ImageObject\",\"inLanguage\":\"sv-SE\",\"@id\":\"https:\\\/\\\/secure.gravatar.com\\\/avatar\\\/cd330fa6bb17f598124b2068ee0b189e4fe0987a50af9d53b78410836060d0c9?s=96&d=mm&r=g\",\"url\":\"https:\\\/\\\/secure.gravatar.com\\\/avatar\\\/cd330fa6bb17f598124b2068ee0b189e4fe0987a50af9d53b78410836060d0c9?s=96&d=mm&r=g\",\"contentUrl\":\"https:\\\/\\\/secure.gravatar.com\\\/avatar\\\/cd330fa6bb17f598124b2068ee0b189e4fe0987a50af9d53b78410836060d0c9?s=96&d=mm&r=g\",\"caption\":\"stellanstal\"},\"url\":\"https:\\\/\\\/framtidenskarriar.se\\\/itdata\\\/author\\\/stellanstal\\\/\"}]}<\/script>\n<!-- \/ Yoast SEO plugin. -->","yoast_head_json":{"title":"Digitalisering p\u00e5 kundens villkor - Framtidens karri\u00e4r IT & Data","robots":{"index":"index","follow":"follow","max-snippet":"max-snippet:-1","max-image-preview":"max-image-preview:large","max-video-preview":"max-video-preview:-1"},"canonical":"https:\/\/framtidenskarriar.se\/itdata\/2017\/02\/07\/digitalisering-pa-kundens-villkor\/","og_locale":"sv_SE","og_type":"article","og_title":"Digitalisering p\u00e5 kundens villkor - Framtidens karri\u00e4r IT & Data","og_description":"Snabb, innovativ och i allra h\u00f6gsta grad kunddriven. S\u00e5 beskriver Tele2:s Director Business IT Elisa\u00adbeth...","og_url":"https:\/\/framtidenskarriar.se\/itdata\/2017\/02\/07\/digitalisering-pa-kundens-villkor\/","og_site_name":"Framtidens karri\u00e4r IT & Data","article_published_time":"2017-02-07T13:42:26+00:00","og_image":[{"width":1000,"height":667,"url":"https:\/\/framtidenskarriar.se\/itdata\/wp-content\/uploads\/sites\/13\/2017\/02\/telekom-framtidenskarriar-2017-elisabethstjernstoft-2.jpg","type":"image\/jpeg"}],"author":"stellanstal","twitter_card":"summary_large_image","twitter_misc":{"Skriven av":"stellanstal","Ber\u00e4knad l\u00e4stid":"2 minuter"},"schema":{"@context":"https:\/\/schema.org","@graph":[{"@type":"Article","@id":"https:\/\/framtidenskarriar.se\/itdata\/2017\/02\/07\/digitalisering-pa-kundens-villkor\/#article","isPartOf":{"@id":"https:\/\/framtidenskarriar.se\/itdata\/2017\/02\/07\/digitalisering-pa-kundens-villkor\/"},"author":{"name":"stellanstal","@id":"https:\/\/framtidenskarriar.se\/itdata\/#\/schema\/person\/c8a43eb855191e573b73ecf8987a3b99"},"headline":"Digitalisering p\u00e5 kundens villkor","datePublished":"2017-02-07T13:42:26+00:00","mainEntityOfPage":{"@id":"https:\/\/framtidenskarriar.se\/itdata\/2017\/02\/07\/digitalisering-pa-kundens-villkor\/"},"wordCount":438,"image":{"@id":"https:\/\/framtidenskarriar.se\/itdata\/2017\/02\/07\/digitalisering-pa-kundens-villkor\/#primaryimage"},"thumbnailUrl":"https:\/\/framtidenskarriar.se\/itdata\/wp-content\/uploads\/sites\/13\/2017\/02\/telekom-framtidenskarriar-2017-elisabethstjernstoft-2.jpg","articleSection":["Artikel"],"inLanguage":"sv-SE"},{"@type":"WebPage","@id":"https:\/\/framtidenskarriar.se\/itdata\/2017\/02\/07\/digitalisering-pa-kundens-villkor\/","url":"https:\/\/framtidenskarriar.se\/itdata\/2017\/02\/07\/digitalisering-pa-kundens-villkor\/","name":"Digitalisering p\u00e5 kundens villkor - Framtidens karri\u00e4r IT & Data","isPartOf":{"@id":"https:\/\/framtidenskarriar.se\/itdata\/#website"},"primaryImageOfPage":{"@id":"https:\/\/framtidenskarriar.se\/itdata\/2017\/02\/07\/digitalisering-pa-kundens-villkor\/#primaryimage"},"image":{"@id":"https:\/\/framtidenskarriar.se\/itdata\/2017\/02\/07\/digitalisering-pa-kundens-villkor\/#primaryimage"},"thumbnailUrl":"https:\/\/framtidenskarriar.se\/itdata\/wp-content\/uploads\/sites\/13\/2017\/02\/telekom-framtidenskarriar-2017-elisabethstjernstoft-2.jpg","datePublished":"2017-02-07T13:42:26+00:00","author":{"@id":"https:\/\/framtidenskarriar.se\/itdata\/#\/schema\/person\/c8a43eb855191e573b73ecf8987a3b99"},"breadcrumb":{"@id":"https:\/\/framtidenskarriar.se\/itdata\/2017\/02\/07\/digitalisering-pa-kundens-villkor\/#breadcrumb"},"inLanguage":"sv-SE","potentialAction":[{"@type":"ReadAction","target":["https:\/\/framtidenskarriar.se\/itdata\/2017\/02\/07\/digitalisering-pa-kundens-villkor\/"]}]},{"@type":"ImageObject","inLanguage":"sv-SE","@id":"https:\/\/framtidenskarriar.se\/itdata\/2017\/02\/07\/digitalisering-pa-kundens-villkor\/#primaryimage","url":"https:\/\/framtidenskarriar.se\/itdata\/wp-content\/uploads\/sites\/13\/2017\/02\/telekom-framtidenskarriar-2017-elisabethstjernstoft-2.jpg","contentUrl":"https:\/\/framtidenskarriar.se\/itdata\/wp-content\/uploads\/sites\/13\/2017\/02\/telekom-framtidenskarriar-2017-elisabethstjernstoft-2.jpg","width":1000,"height":667,"caption":"Elisa\u00adbeth Stjernstoft, Director Business IT hos Tele2."},{"@type":"BreadcrumbList","@id":"https:\/\/framtidenskarriar.se\/itdata\/2017\/02\/07\/digitalisering-pa-kundens-villkor\/#breadcrumb","itemListElement":[{"@type":"ListItem","position":1,"name":"Home","item":"https:\/\/framtidenskarriar.se\/itdata\/"},{"@type":"ListItem","position":2,"name":"Digitalisering p\u00e5 kundens villkor"}]},{"@type":"WebSite","@id":"https:\/\/framtidenskarriar.se\/itdata\/#website","url":"https:\/\/framtidenskarriar.se\/itdata\/","name":"Framtidens karri\u00e4r IT & Data","description":"Just another NMDashboard.se Sites site","potentialAction":[{"@type":"SearchAction","target":{"@type":"EntryPoint","urlTemplate":"https:\/\/framtidenskarriar.se\/itdata\/?s={search_term_string}"},"query-input":{"@type":"PropertyValueSpecification","valueRequired":true,"valueName":"search_term_string"}}],"inLanguage":"sv-SE"},{"@type":"Person","@id":"https:\/\/framtidenskarriar.se\/itdata\/#\/schema\/person\/c8a43eb855191e573b73ecf8987a3b99","name":"stellanstal","image":{"@type":"ImageObject","inLanguage":"sv-SE","@id":"https:\/\/secure.gravatar.com\/avatar\/cd330fa6bb17f598124b2068ee0b189e4fe0987a50af9d53b78410836060d0c9?s=96&d=mm&r=g","url":"https:\/\/secure.gravatar.com\/avatar\/cd330fa6bb17f598124b2068ee0b189e4fe0987a50af9d53b78410836060d0c9?s=96&d=mm&r=g","contentUrl":"https:\/\/secure.gravatar.com\/avatar\/cd330fa6bb17f598124b2068ee0b189e4fe0987a50af9d53b78410836060d0c9?s=96&d=mm&r=g","caption":"stellanstal"},"url":"https:\/\/framtidenskarriar.se\/itdata\/author\/stellanstal\/"}]}},"_links":{"self":[{"href":"https:\/\/framtidenskarriar.se\/itdata\/wp-json\/wp\/v2\/posts\/5422","targetHints":{"allow":["GET"]}}],"collection":[{"href":"https:\/\/framtidenskarriar.se\/itdata\/wp-json\/wp\/v2\/posts"}],"about":[{"href":"https:\/\/framtidenskarriar.se\/itdata\/wp-json\/wp\/v2\/types\/post"}],"author":[{"embeddable":true,"href":"https:\/\/framtidenskarriar.se\/itdata\/wp-json\/wp\/v2\/users\/3"}],"replies":[{"embeddable":true,"href":"https:\/\/framtidenskarriar.se\/itdata\/wp-json\/wp\/v2\/comments?post=5422"}],"version-history":[{"count":0,"href":"https:\/\/framtidenskarriar.se\/itdata\/wp-json\/wp\/v2\/posts\/5422\/revisions"}],"wp:featuredmedia":[{"embeddable":true,"href":"https:\/\/framtidenskarriar.se\/itdata\/wp-json\/wp\/v2\/media\/5423"}],"wp:attachment":[{"href":"https:\/\/framtidenskarriar.se\/itdata\/wp-json\/wp\/v2\/media?parent=5422"}],"wp:term":[{"taxonomy":"category","embeddable":true,"href":"https:\/\/framtidenskarriar.se\/itdata\/wp-json\/wp\/v2\/categories?post=5422"},{"taxonomy":"post_tag","embeddable":true,"href":"https:\/\/framtidenskarriar.se\/itdata\/wp-json\/wp\/v2\/tags?post=5422"}],"curies":[{"name":"wp","href":"https:\/\/api.w.org\/{rel}","templated":true}]}}