{"id":5445,"date":"2017-02-07T15:59:14","date_gmt":"2017-02-07T13:59:14","guid":{"rendered":"http:\/\/framtidenskarriar.se\/itdata\/?p=5445"},"modified":"2017-02-07T15:59:14","modified_gmt":"2017-02-07T13:59:14","slug":"telekombranschens-intensiva-teknikskifte-attraherar-manga","status":"publish","type":"post","link":"https:\/\/framtidenskarriar.se\/itdata\/2017\/02\/07\/telekombranschens-intensiva-teknikskifte-attraherar-manga\/","title":{"rendered":"Telekombranschens intensiva teknikskifte attraherar m\u00e5nga"},"content":{"rendered":"<p><figure id=\"attachment_5448\" aria-describedby=\"caption-attachment-5448\" style=\"width: 1000px\" class=\"wp-caption alignnone\"><img loading=\"lazy\" decoding=\"async\" src=\"https:\/\/framtidenskarriar.se\/itdata\/wp-content\/uploads\/sites\/13\/2017\/02\/privat-ulf-ewaldsson-ericsson.jpg\" alt=\"Ulf Ewaldsson, Senior Vice President, CTO and Head of Strategy p\u00e5 Ericsson. Foto: Daniel Roos\" width=\"1000\" height=\"623\" class=\"size-full wp-image-5448\" srcset=\"https:\/\/framtidenskarriar.se\/itdata\/wp-content\/uploads\/sites\/13\/2017\/02\/privat-ulf-ewaldsson-ericsson.jpg 1000w, https:\/\/framtidenskarriar.se\/itdata\/wp-content\/uploads\/sites\/13\/2017\/02\/privat-ulf-ewaldsson-ericsson-300x187.jpg 300w, https:\/\/framtidenskarriar.se\/itdata\/wp-content\/uploads\/sites\/13\/2017\/02\/privat-ulf-ewaldsson-ericsson-768x478.jpg 768w, https:\/\/framtidenskarriar.se\/itdata\/wp-content\/uploads\/sites\/13\/2017\/02\/privat-ulf-ewaldsson-ericsson-257x160.jpg 257w, https:\/\/framtidenskarriar.se\/itdata\/wp-content\/uploads\/sites\/13\/2017\/02\/privat-ulf-ewaldsson-ericsson-526x328.jpg 526w, https:\/\/framtidenskarriar.se\/itdata\/wp-content\/uploads\/sites\/13\/2017\/02\/privat-ulf-ewaldsson-ericsson-720x449.jpg 720w, https:\/\/framtidenskarriar.se\/itdata\/wp-content\/uploads\/sites\/13\/2017\/02\/privat-ulf-ewaldsson-ericsson-960x598.jpg 960w\" sizes=\"auto, (max-width: 1000px) 100vw, 1000px\" \/><figcaption id=\"caption-attachment-5448\" class=\"wp-caption-text\">Ulf Ewaldsson, Senior Vice President, CTO and Head of Strategy p\u00e5 Ericsson. Foto: Daniel Roos<\/figcaption><\/figure><strong>Enligt Framtidens Karri\u00e4r \u2013 It &amp; Datas unders\u00f6kning bland ett slumpm\u00e4ssigt urval av dataingenj\u00f6rer och systemvetare \u00e4r Ericsson b\u00e5de den mest v\u00e4lk\u00e4nda och intressanta privata arbetsgivaren.<\/strong><\/p>\n<p>Telekombranschen befinner sig just nu mitt i ett intensivt teknikskifte, d\u00e4r 5G, molnbaserad teknik, VR och Internet of things bidrar till att rita om kartan.<br \/>\n\u2013 Vi \u00e4r sj\u00e4lvklart b\u00e5de otroligt stolta och glada \u00f6ver att Ericsson toppar s\u00e5v\u00e4l k\u00e4nnedom som preferens n\u00e4r it-akademiker listar privata arbetsgivare. Att vi gick ut med nyheten att vi planerar att anst\u00e4lla ettusen nya it-akademiker kan ha bidragit till v\u00e5r h\u00f6ga placering, liksom att vi arbetar mycket med 5G-teknik, vilket attraherar m\u00e5nga. N\u00e4r vi sj\u00e4lva genomf\u00f6r karri\u00e4runders\u00f6kningar vill merparten av deltagarna jobba med tekniker som har framtiden f\u00f6r sig, s\u00e4ger Ulf Ewaldsson, Senior Vice President, CTO and Head of Strategy p\u00e5 Ericsson.<\/p>\n<p><strong>H\u00f6gteknologisk bransch<\/strong><br \/>\nHan har sj\u00e4lv tillbringat hela sin karri\u00e4r i telekombranschen och b\u00f6rjade p\u00e5 Ericsson i b\u00f6rjan av nittiotalet. Sedan dess har Ulf Ewaldsson bland annat arbetat utomlands i fjorton \u00e5r, med projektledning, forskning, f\u00f6rs\u00e4ljning och utveckling. D\u00e4refter blev han ansvarig f\u00f6r f\u00f6retagets mobiltelefonverksamhet och sedan ett par \u00e5r tillbaka \u00e4r Ulf Ewaldsson allts\u00e5 global teknikchef.<br \/>\n\u2013 Telekombranschen \u00e4r intressant eftersom det \u00e4r en av de mest h\u00f6gteknologiska branscher som finns. Det \u00e4r en bransch som ber\u00f6r otroligt m\u00e5nga m\u00e4nniskor runtom i v\u00e4rlden. I dagsl\u00e4get finns uppskattningsvis fyra miljarder smartphones i v\u00e4rlden, om fem \u00e5r tror man att antalet har passerat sex miljarder. I telekombranschen finns goda m\u00f6jligheter att dels arbeta med teknik i absolut framkant och dels delta i  och leda globala utvecklings\u00adprojekt, s\u00e4ger Ulf Ewaldsson.<\/p>\n<p><strong>Genomf\u00f6r projekt p\u00e5 ett engarerat s\u00e4tt<\/strong><br \/>\nHans karri\u00e4rtips till it-akademiker \u00e4r att satsa p\u00e5 ett omr\u00e5de som du verkligen intresserar dig passionerat f\u00f6r. Se till att genomf\u00f6ra de projekt och de uppgifter du f\u00e5r p\u00e5 ett engagerat s\u00e4tt som verkligen visar att du kan ta dig an sv\u00e5ra uppgifter med perfektion.<br \/>\n\u2013 N\u00e4r vi rekryterar tittar vi mycket p\u00e5 om kandidaterna har lyckats genomf\u00f6ra olika projekt p\u00e5 ett dedikerat och engagerat s\u00e4tt. Om du \u00e4r noga med hur du genomf\u00f6r saker och ting s\u00e5 f\u00e5r du snabbt ett rykte om dig om att vara en person som inte tvekar att ta dig an och genomf\u00f6ra sv\u00e5ra uppgifter, s\u00e4ger Ulf Ewaldsson.<\/p>\n<div class=\"faktaruta2-title\">Vilka av f\u00f6ljande privata it-arbetsgivare k\u00e4nner du till v\u00e4l?<\/div><div class=\"faktaruta2\"><img loading=\"lazy\" decoding=\"async\" src=\"https:\/\/framtidenskarriar.se\/itdata\/wp-content\/uploads\/sites\/13\/2017\/02\/privat-grafer-1.png\" alt=\"Privat_grafer_1\" width=\"1000\" height=\"924\" class=\"alignnone size-full wp-image-5446\" srcset=\"https:\/\/framtidenskarriar.se\/itdata\/wp-content\/uploads\/sites\/13\/2017\/02\/privat-grafer-1.png 1000w, https:\/\/framtidenskarriar.se\/itdata\/wp-content\/uploads\/sites\/13\/2017\/02\/privat-grafer-1-300x277.png 300w, https:\/\/framtidenskarriar.se\/itdata\/wp-content\/uploads\/sites\/13\/2017\/02\/privat-grafer-1-768x710.png 768w, https:\/\/framtidenskarriar.se\/itdata\/wp-content\/uploads\/sites\/13\/2017\/02\/privat-grafer-1-173x160.png 173w, https:\/\/framtidenskarriar.se\/itdata\/wp-content\/uploads\/sites\/13\/2017\/02\/privat-grafer-1-526x486.png 526w, https:\/\/framtidenskarriar.se\/itdata\/wp-content\/uploads\/sites\/13\/2017\/02\/privat-grafer-1-720x665.png 720w, https:\/\/framtidenskarriar.se\/itdata\/wp-content\/uploads\/sites\/13\/2017\/02\/privat-grafer-1-960x887.png 960w\" sizes=\"auto, (max-width: 1000px) 100vw, 1000px\" \/><br \/>\n<\/div>\n<div class=\"faktaruta2-title\">Vilka av dessa privata it-arbetsgivare kan du t\u00e4nka dig att jobba f\u00f6r eller rekommendera till en v\u00e4n eller kollega?<\/div><div class=\"faktaruta2\"><img loading=\"lazy\" decoding=\"async\" src=\"https:\/\/framtidenskarriar.se\/itdata\/wp-content\/uploads\/sites\/13\/2017\/02\/privat-grafer-2.png\" alt=\"Privat_grafer_2\" width=\"1000\" height=\"918\" class=\"alignnone size-full wp-image-5447\" srcset=\"https:\/\/framtidenskarriar.se\/itdata\/wp-content\/uploads\/sites\/13\/2017\/02\/privat-grafer-2.png 1000w, https:\/\/framtidenskarriar.se\/itdata\/wp-content\/uploads\/sites\/13\/2017\/02\/privat-grafer-2-300x275.png 300w, https:\/\/framtidenskarriar.se\/itdata\/wp-content\/uploads\/sites\/13\/2017\/02\/privat-grafer-2-768x705.png 768w, https:\/\/framtidenskarriar.se\/itdata\/wp-content\/uploads\/sites\/13\/2017\/02\/privat-grafer-2-174x160.png 174w, https:\/\/framtidenskarriar.se\/itdata\/wp-content\/uploads\/sites\/13\/2017\/02\/privat-grafer-2-526x483.png 526w, https:\/\/framtidenskarriar.se\/itdata\/wp-content\/uploads\/sites\/13\/2017\/02\/privat-grafer-2-720x661.png 720w, https:\/\/framtidenskarriar.se\/itdata\/wp-content\/uploads\/sites\/13\/2017\/02\/privat-grafer-2-960x881.png 960w\" sizes=\"auto, (max-width: 1000px) 100vw, 1000px\" \/><br \/>\n<\/div>\n<div class=\"faktaruta-title\">Om unders\u00f6kningen<\/div><div class=\"faktaruta\">Framtidens Karri\u00e4r \u2013 It &amp; Data har genomf\u00f6rt en trendunders\u00f6kning riktad mot ett slumpm\u00e4ssigt urval av 4&nbsp;000 it\/dataingenj\u00f6rer och systemvetare. Unders\u00f6kningen genomf\u00f6rdes 20\u201323 januari 2017.<\/div>\n","protected":false},"excerpt":{"rendered":"<p>Enligt Framtidens Karri\u00e4r \u2013 It &amp; Datas unders\u00f6kning bland ett slumpm\u00e4ssigt urval av dataingenj\u00f6rer och&#8230;<\/p>\n","protected":false},"author":3,"featured_media":5448,"comment_status":"closed","ping_status":"open","sticky":false,"template":"","format":"standard","meta":{"_acf_changed":false,"_monsterinsights_skip_tracking":false,"_monsterinsights_sitenote_active":false,"_monsterinsights_sitenote_note":"","_monsterinsights_sitenote_category":0,"footnotes":""},"categories":[1],"tags":[],"class_list":["post-5445","post","type-post","status-publish","format-standard","has-post-thumbnail","hentry","category-artikel"],"acf":[],"yoast_head":"<!-- This site is optimized with the Yoast SEO plugin v27.3 - https:\/\/yoast.com\/product\/yoast-seo-wordpress\/ -->\n<title>Telekombranschens intensiva teknikskifte attraherar m\u00e5nga - Framtidens karri\u00e4r IT &amp; Data<\/title>\n<meta name=\"robots\" content=\"index, follow, max-snippet:-1, max-image-preview:large, max-video-preview:-1\" \/>\n<link rel=\"canonical\" href=\"https:\/\/framtidenskarriar.se\/itdata\/2017\/02\/07\/telekombranschens-intensiva-teknikskifte-attraherar-manga\/\" \/>\n<meta property=\"og:locale\" content=\"sv_SE\" \/>\n<meta property=\"og:type\" content=\"article\" \/>\n<meta property=\"og:title\" content=\"Telekombranschens intensiva teknikskifte attraherar m\u00e5nga - Framtidens karri\u00e4r IT &amp; Data\" \/>\n<meta property=\"og:description\" content=\"Enligt Framtidens Karri\u00e4r \u2013 It &amp; Datas unders\u00f6kning bland ett slumpm\u00e4ssigt urval av dataingenj\u00f6rer och...\" \/>\n<meta property=\"og:url\" content=\"https:\/\/framtidenskarriar.se\/itdata\/2017\/02\/07\/telekombranschens-intensiva-teknikskifte-attraherar-manga\/\" \/>\n<meta property=\"og:site_name\" content=\"Framtidens karri\u00e4r IT &amp; Data\" \/>\n<meta property=\"article:published_time\" content=\"2017-02-07T13:59:14+00:00\" \/>\n<meta property=\"og:image\" content=\"https:\/\/framtidenskarriar.se\/itdata\/wp-content\/uploads\/sites\/13\/2017\/02\/privat-ulf-ewaldsson-ericsson.jpg\" \/>\n\t<meta property=\"og:image:width\" content=\"1000\" \/>\n\t<meta property=\"og:image:height\" content=\"623\" \/>\n\t<meta property=\"og:image:type\" content=\"image\/jpeg\" \/>\n<meta name=\"author\" content=\"stellanstal\" \/>\n<meta name=\"twitter:card\" content=\"summary_large_image\" \/>\n<meta name=\"twitter:label1\" content=\"Skriven av\" \/>\n\t<meta name=\"twitter:data1\" content=\"stellanstal\" \/>\n\t<meta name=\"twitter:label2\" content=\"Ber\u00e4knad l\u00e4stid\" \/>\n\t<meta name=\"twitter:data2\" content=\"3 minuter\" \/>\n<script type=\"application\/ld+json\" class=\"yoast-schema-graph\">{\"@context\":\"https:\\\/\\\/schema.org\",\"@graph\":[{\"@type\":\"Article\",\"@id\":\"https:\\\/\\\/framtidenskarriar.se\\\/itdata\\\/2017\\\/02\\\/07\\\/telekombranschens-intensiva-teknikskifte-attraherar-manga\\\/#article\",\"isPartOf\":{\"@id\":\"https:\\\/\\\/framtidenskarriar.se\\\/itdata\\\/2017\\\/02\\\/07\\\/telekombranschens-intensiva-teknikskifte-attraherar-manga\\\/\"},\"author\":{\"name\":\"stellanstal\",\"@id\":\"https:\\\/\\\/framtidenskarriar.se\\\/itdata\\\/#\\\/schema\\\/person\\\/c8a43eb855191e573b73ecf8987a3b99\"},\"headline\":\"Telekombranschens intensiva teknikskifte attraherar m\u00e5nga\",\"datePublished\":\"2017-02-07T13:59:14+00:00\",\"mainEntityOfPage\":{\"@id\":\"https:\\\/\\\/framtidenskarriar.se\\\/itdata\\\/2017\\\/02\\\/07\\\/telekombranschens-intensiva-teknikskifte-attraherar-manga\\\/\"},\"wordCount\":533,\"image\":{\"@id\":\"https:\\\/\\\/framtidenskarriar.se\\\/itdata\\\/2017\\\/02\\\/07\\\/telekombranschens-intensiva-teknikskifte-attraherar-manga\\\/#primaryimage\"},\"thumbnailUrl\":\"https:\\\/\\\/framtidenskarriar.se\\\/itdata\\\/wp-content\\\/uploads\\\/sites\\\/13\\\/2017\\\/02\\\/privat-ulf-ewaldsson-ericsson.jpg\",\"articleSection\":[\"Artikel\"],\"inLanguage\":\"sv-SE\"},{\"@type\":\"WebPage\",\"@id\":\"https:\\\/\\\/framtidenskarriar.se\\\/itdata\\\/2017\\\/02\\\/07\\\/telekombranschens-intensiva-teknikskifte-attraherar-manga\\\/\",\"url\":\"https:\\\/\\\/framtidenskarriar.se\\\/itdata\\\/2017\\\/02\\\/07\\\/telekombranschens-intensiva-teknikskifte-attraherar-manga\\\/\",\"name\":\"Telekombranschens intensiva teknikskifte attraherar m\u00e5nga - Framtidens karri\u00e4r IT & Data\",\"isPartOf\":{\"@id\":\"https:\\\/\\\/framtidenskarriar.se\\\/itdata\\\/#website\"},\"primaryImageOfPage\":{\"@id\":\"https:\\\/\\\/framtidenskarriar.se\\\/itdata\\\/2017\\\/02\\\/07\\\/telekombranschens-intensiva-teknikskifte-attraherar-manga\\\/#primaryimage\"},\"image\":{\"@id\":\"https:\\\/\\\/framtidenskarriar.se\\\/itdata\\\/2017\\\/02\\\/07\\\/telekombranschens-intensiva-teknikskifte-attraherar-manga\\\/#primaryimage\"},\"thumbnailUrl\":\"https:\\\/\\\/framtidenskarriar.se\\\/itdata\\\/wp-content\\\/uploads\\\/sites\\\/13\\\/2017\\\/02\\\/privat-ulf-ewaldsson-ericsson.jpg\",\"datePublished\":\"2017-02-07T13:59:14+00:00\",\"author\":{\"@id\":\"https:\\\/\\\/framtidenskarriar.se\\\/itdata\\\/#\\\/schema\\\/person\\\/c8a43eb855191e573b73ecf8987a3b99\"},\"breadcrumb\":{\"@id\":\"https:\\\/\\\/framtidenskarriar.se\\\/itdata\\\/2017\\\/02\\\/07\\\/telekombranschens-intensiva-teknikskifte-attraherar-manga\\\/#breadcrumb\"},\"inLanguage\":\"sv-SE\",\"potentialAction\":[{\"@type\":\"ReadAction\",\"target\":[\"https:\\\/\\\/framtidenskarriar.se\\\/itdata\\\/2017\\\/02\\\/07\\\/telekombranschens-intensiva-teknikskifte-attraherar-manga\\\/\"]}]},{\"@type\":\"ImageObject\",\"inLanguage\":\"sv-SE\",\"@id\":\"https:\\\/\\\/framtidenskarriar.se\\\/itdata\\\/2017\\\/02\\\/07\\\/telekombranschens-intensiva-teknikskifte-attraherar-manga\\\/#primaryimage\",\"url\":\"https:\\\/\\\/framtidenskarriar.se\\\/itdata\\\/wp-content\\\/uploads\\\/sites\\\/13\\\/2017\\\/02\\\/privat-ulf-ewaldsson-ericsson.jpg\",\"contentUrl\":\"https:\\\/\\\/framtidenskarriar.se\\\/itdata\\\/wp-content\\\/uploads\\\/sites\\\/13\\\/2017\\\/02\\\/privat-ulf-ewaldsson-ericsson.jpg\",\"width\":1000,\"height\":623,\"caption\":\"Ulf Ewaldsson, Senior Vice President, CTO and Head of Strategy p\u00e5 Ericsson. Foto: Daniel Roos\"},{\"@type\":\"BreadcrumbList\",\"@id\":\"https:\\\/\\\/framtidenskarriar.se\\\/itdata\\\/2017\\\/02\\\/07\\\/telekombranschens-intensiva-teknikskifte-attraherar-manga\\\/#breadcrumb\",\"itemListElement\":[{\"@type\":\"ListItem\",\"position\":1,\"name\":\"Home\",\"item\":\"https:\\\/\\\/framtidenskarriar.se\\\/itdata\\\/\"},{\"@type\":\"ListItem\",\"position\":2,\"name\":\"Telekombranschens intensiva teknikskifte attraherar m\u00e5nga\"}]},{\"@type\":\"WebSite\",\"@id\":\"https:\\\/\\\/framtidenskarriar.se\\\/itdata\\\/#website\",\"url\":\"https:\\\/\\\/framtidenskarriar.se\\\/itdata\\\/\",\"name\":\"Framtidens karri\u00e4r IT & Data\",\"description\":\"Just another NMDashboard.se Sites site\",\"potentialAction\":[{\"@type\":\"SearchAction\",\"target\":{\"@type\":\"EntryPoint\",\"urlTemplate\":\"https:\\\/\\\/framtidenskarriar.se\\\/itdata\\\/?s={search_term_string}\"},\"query-input\":{\"@type\":\"PropertyValueSpecification\",\"valueRequired\":true,\"valueName\":\"search_term_string\"}}],\"inLanguage\":\"sv-SE\"},{\"@type\":\"Person\",\"@id\":\"https:\\\/\\\/framtidenskarriar.se\\\/itdata\\\/#\\\/schema\\\/person\\\/c8a43eb855191e573b73ecf8987a3b99\",\"name\":\"stellanstal\",\"image\":{\"@type\":\"ImageObject\",\"inLanguage\":\"sv-SE\",\"@id\":\"https:\\\/\\\/secure.gravatar.com\\\/avatar\\\/cd330fa6bb17f598124b2068ee0b189e4fe0987a50af9d53b78410836060d0c9?s=96&d=mm&r=g\",\"url\":\"https:\\\/\\\/secure.gravatar.com\\\/avatar\\\/cd330fa6bb17f598124b2068ee0b189e4fe0987a50af9d53b78410836060d0c9?s=96&d=mm&r=g\",\"contentUrl\":\"https:\\\/\\\/secure.gravatar.com\\\/avatar\\\/cd330fa6bb17f598124b2068ee0b189e4fe0987a50af9d53b78410836060d0c9?s=96&d=mm&r=g\",\"caption\":\"stellanstal\"},\"url\":\"https:\\\/\\\/framtidenskarriar.se\\\/itdata\\\/author\\\/stellanstal\\\/\"}]}<\/script>\n<!-- \/ Yoast SEO plugin. -->","yoast_head_json":{"title":"Telekombranschens intensiva teknikskifte attraherar m\u00e5nga - Framtidens karri\u00e4r IT & Data","robots":{"index":"index","follow":"follow","max-snippet":"max-snippet:-1","max-image-preview":"max-image-preview:large","max-video-preview":"max-video-preview:-1"},"canonical":"https:\/\/framtidenskarriar.se\/itdata\/2017\/02\/07\/telekombranschens-intensiva-teknikskifte-attraherar-manga\/","og_locale":"sv_SE","og_type":"article","og_title":"Telekombranschens intensiva teknikskifte attraherar m\u00e5nga - Framtidens karri\u00e4r IT & Data","og_description":"Enligt Framtidens Karri\u00e4r \u2013 It &amp; Datas unders\u00f6kning bland ett slumpm\u00e4ssigt urval av dataingenj\u00f6rer och...","og_url":"https:\/\/framtidenskarriar.se\/itdata\/2017\/02\/07\/telekombranschens-intensiva-teknikskifte-attraherar-manga\/","og_site_name":"Framtidens karri\u00e4r IT & Data","article_published_time":"2017-02-07T13:59:14+00:00","og_image":[{"width":1000,"height":623,"url":"https:\/\/framtidenskarriar.se\/itdata\/wp-content\/uploads\/sites\/13\/2017\/02\/privat-ulf-ewaldsson-ericsson.jpg","type":"image\/jpeg"}],"author":"stellanstal","twitter_card":"summary_large_image","twitter_misc":{"Skriven av":"stellanstal","Ber\u00e4knad l\u00e4stid":"3 minuter"},"schema":{"@context":"https:\/\/schema.org","@graph":[{"@type":"Article","@id":"https:\/\/framtidenskarriar.se\/itdata\/2017\/02\/07\/telekombranschens-intensiva-teknikskifte-attraherar-manga\/#article","isPartOf":{"@id":"https:\/\/framtidenskarriar.se\/itdata\/2017\/02\/07\/telekombranschens-intensiva-teknikskifte-attraherar-manga\/"},"author":{"name":"stellanstal","@id":"https:\/\/framtidenskarriar.se\/itdata\/#\/schema\/person\/c8a43eb855191e573b73ecf8987a3b99"},"headline":"Telekombranschens intensiva teknikskifte attraherar m\u00e5nga","datePublished":"2017-02-07T13:59:14+00:00","mainEntityOfPage":{"@id":"https:\/\/framtidenskarriar.se\/itdata\/2017\/02\/07\/telekombranschens-intensiva-teknikskifte-attraherar-manga\/"},"wordCount":533,"image":{"@id":"https:\/\/framtidenskarriar.se\/itdata\/2017\/02\/07\/telekombranschens-intensiva-teknikskifte-attraherar-manga\/#primaryimage"},"thumbnailUrl":"https:\/\/framtidenskarriar.se\/itdata\/wp-content\/uploads\/sites\/13\/2017\/02\/privat-ulf-ewaldsson-ericsson.jpg","articleSection":["Artikel"],"inLanguage":"sv-SE"},{"@type":"WebPage","@id":"https:\/\/framtidenskarriar.se\/itdata\/2017\/02\/07\/telekombranschens-intensiva-teknikskifte-attraherar-manga\/","url":"https:\/\/framtidenskarriar.se\/itdata\/2017\/02\/07\/telekombranschens-intensiva-teknikskifte-attraherar-manga\/","name":"Telekombranschens intensiva teknikskifte attraherar m\u00e5nga - Framtidens karri\u00e4r IT & Data","isPartOf":{"@id":"https:\/\/framtidenskarriar.se\/itdata\/#website"},"primaryImageOfPage":{"@id":"https:\/\/framtidenskarriar.se\/itdata\/2017\/02\/07\/telekombranschens-intensiva-teknikskifte-attraherar-manga\/#primaryimage"},"image":{"@id":"https:\/\/framtidenskarriar.se\/itdata\/2017\/02\/07\/telekombranschens-intensiva-teknikskifte-attraherar-manga\/#primaryimage"},"thumbnailUrl":"https:\/\/framtidenskarriar.se\/itdata\/wp-content\/uploads\/sites\/13\/2017\/02\/privat-ulf-ewaldsson-ericsson.jpg","datePublished":"2017-02-07T13:59:14+00:00","author":{"@id":"https:\/\/framtidenskarriar.se\/itdata\/#\/schema\/person\/c8a43eb855191e573b73ecf8987a3b99"},"breadcrumb":{"@id":"https:\/\/framtidenskarriar.se\/itdata\/2017\/02\/07\/telekombranschens-intensiva-teknikskifte-attraherar-manga\/#breadcrumb"},"inLanguage":"sv-SE","potentialAction":[{"@type":"ReadAction","target":["https:\/\/framtidenskarriar.se\/itdata\/2017\/02\/07\/telekombranschens-intensiva-teknikskifte-attraherar-manga\/"]}]},{"@type":"ImageObject","inLanguage":"sv-SE","@id":"https:\/\/framtidenskarriar.se\/itdata\/2017\/02\/07\/telekombranschens-intensiva-teknikskifte-attraherar-manga\/#primaryimage","url":"https:\/\/framtidenskarriar.se\/itdata\/wp-content\/uploads\/sites\/13\/2017\/02\/privat-ulf-ewaldsson-ericsson.jpg","contentUrl":"https:\/\/framtidenskarriar.se\/itdata\/wp-content\/uploads\/sites\/13\/2017\/02\/privat-ulf-ewaldsson-ericsson.jpg","width":1000,"height":623,"caption":"Ulf Ewaldsson, Senior Vice President, CTO and Head of Strategy p\u00e5 Ericsson. Foto: Daniel Roos"},{"@type":"BreadcrumbList","@id":"https:\/\/framtidenskarriar.se\/itdata\/2017\/02\/07\/telekombranschens-intensiva-teknikskifte-attraherar-manga\/#breadcrumb","itemListElement":[{"@type":"ListItem","position":1,"name":"Home","item":"https:\/\/framtidenskarriar.se\/itdata\/"},{"@type":"ListItem","position":2,"name":"Telekombranschens intensiva teknikskifte attraherar m\u00e5nga"}]},{"@type":"WebSite","@id":"https:\/\/framtidenskarriar.se\/itdata\/#website","url":"https:\/\/framtidenskarriar.se\/itdata\/","name":"Framtidens karri\u00e4r IT & Data","description":"Just another NMDashboard.se Sites site","potentialAction":[{"@type":"SearchAction","target":{"@type":"EntryPoint","urlTemplate":"https:\/\/framtidenskarriar.se\/itdata\/?s={search_term_string}"},"query-input":{"@type":"PropertyValueSpecification","valueRequired":true,"valueName":"search_term_string"}}],"inLanguage":"sv-SE"},{"@type":"Person","@id":"https:\/\/framtidenskarriar.se\/itdata\/#\/schema\/person\/c8a43eb855191e573b73ecf8987a3b99","name":"stellanstal","image":{"@type":"ImageObject","inLanguage":"sv-SE","@id":"https:\/\/secure.gravatar.com\/avatar\/cd330fa6bb17f598124b2068ee0b189e4fe0987a50af9d53b78410836060d0c9?s=96&d=mm&r=g","url":"https:\/\/secure.gravatar.com\/avatar\/cd330fa6bb17f598124b2068ee0b189e4fe0987a50af9d53b78410836060d0c9?s=96&d=mm&r=g","contentUrl":"https:\/\/secure.gravatar.com\/avatar\/cd330fa6bb17f598124b2068ee0b189e4fe0987a50af9d53b78410836060d0c9?s=96&d=mm&r=g","caption":"stellanstal"},"url":"https:\/\/framtidenskarriar.se\/itdata\/author\/stellanstal\/"}]}},"_links":{"self":[{"href":"https:\/\/framtidenskarriar.se\/itdata\/wp-json\/wp\/v2\/posts\/5445","targetHints":{"allow":["GET"]}}],"collection":[{"href":"https:\/\/framtidenskarriar.se\/itdata\/wp-json\/wp\/v2\/posts"}],"about":[{"href":"https:\/\/framtidenskarriar.se\/itdata\/wp-json\/wp\/v2\/types\/post"}],"author":[{"embeddable":true,"href":"https:\/\/framtidenskarriar.se\/itdata\/wp-json\/wp\/v2\/users\/3"}],"replies":[{"embeddable":true,"href":"https:\/\/framtidenskarriar.se\/itdata\/wp-json\/wp\/v2\/comments?post=5445"}],"version-history":[{"count":0,"href":"https:\/\/framtidenskarriar.se\/itdata\/wp-json\/wp\/v2\/posts\/5445\/revisions"}],"wp:featuredmedia":[{"embeddable":true,"href":"https:\/\/framtidenskarriar.se\/itdata\/wp-json\/wp\/v2\/media\/5448"}],"wp:attachment":[{"href":"https:\/\/framtidenskarriar.se\/itdata\/wp-json\/wp\/v2\/media?parent=5445"}],"wp:term":[{"taxonomy":"category","embeddable":true,"href":"https:\/\/framtidenskarriar.se\/itdata\/wp-json\/wp\/v2\/categories?post=5445"},{"taxonomy":"post_tag","embeddable":true,"href":"https:\/\/framtidenskarriar.se\/itdata\/wp-json\/wp\/v2\/tags?post=5445"}],"curies":[{"name":"wp","href":"https:\/\/api.w.org\/{rel}","templated":true}]}}