{"id":5491,"date":"2017-02-07T16:37:06","date_gmt":"2017-02-07T14:37:06","guid":{"rendered":"http:\/\/framtidenskarriar.se\/itdata\/?p=5491"},"modified":"2017-02-07T16:37:06","modified_gmt":"2017-02-07T14:37:06","slug":"kompetensforsorjningen-halkar-efter-utvecklingen","status":"publish","type":"post","link":"https:\/\/framtidenskarriar.se\/itdata\/2017\/02\/07\/kompetensforsorjningen-halkar-efter-utvecklingen\/","title":{"rendered":"Kompetensf\u00f6rs\u00f6rjningen halkar efter utvecklingen"},"content":{"rendered":"<p><figure id=\"attachment_5492\" aria-describedby=\"caption-attachment-5492\" style=\"width: 1000px\" class=\"wp-caption alignnone\"><img loading=\"lazy\" decoding=\"async\" src=\"https:\/\/framtidenskarriar.se\/itdata\/wp-content\/uploads\/sites\/13\/2017\/02\/kompetens-framtidenskarriar-2017-jangulliksen.jpg\" alt=\"Jan Gulliksen, professor och dekan vid KTH samt ordf\u00f6rande f\u00f6r Digitaliseringskommissionen. Foto: Christer Gummeson\" width=\"1000\" height=\"668\" class=\"size-full wp-image-5492\" srcset=\"https:\/\/framtidenskarriar.se\/itdata\/wp-content\/uploads\/sites\/13\/2017\/02\/kompetens-framtidenskarriar-2017-jangulliksen.jpg 1000w, https:\/\/framtidenskarriar.se\/itdata\/wp-content\/uploads\/sites\/13\/2017\/02\/kompetens-framtidenskarriar-2017-jangulliksen-300x200.jpg 300w, https:\/\/framtidenskarriar.se\/itdata\/wp-content\/uploads\/sites\/13\/2017\/02\/kompetens-framtidenskarriar-2017-jangulliksen-768x513.jpg 768w, https:\/\/framtidenskarriar.se\/itdata\/wp-content\/uploads\/sites\/13\/2017\/02\/kompetens-framtidenskarriar-2017-jangulliksen-240x160.jpg 240w, https:\/\/framtidenskarriar.se\/itdata\/wp-content\/uploads\/sites\/13\/2017\/02\/kompetens-framtidenskarriar-2017-jangulliksen-526x351.jpg 526w, https:\/\/framtidenskarriar.se\/itdata\/wp-content\/uploads\/sites\/13\/2017\/02\/kompetens-framtidenskarriar-2017-jangulliksen-720x481.jpg 720w, https:\/\/framtidenskarriar.se\/itdata\/wp-content\/uploads\/sites\/13\/2017\/02\/kompetens-framtidenskarriar-2017-jangulliksen-960x641.jpg 960w\" sizes=\"auto, (max-width: 1000px) 100vw, 1000px\" \/><figcaption id=\"caption-attachment-5492\" class=\"wp-caption-text\">Jan Gulliksen, professor och dekan vid KTH samt ordf\u00f6rande f\u00f6r Digitaliseringskommissionen. Foto: Christer Gummeson<\/figcaption><\/figure><strong>Jobben inom it blir fler och behovet av nya kompetenser v\u00e4xer st\u00e4ndigt fram. Glada dagar p\u00e5 arbetsmarknaden allts\u00e5. Men desto tuffare f\u00f6r kompetensf\u00f6rs\u00f6rjningen, enligt en ny rapport fr\u00e5n Digitaliseringskommissionen.<\/strong><\/p>\n<p>\u201dDen h\u00f6gre utbildningens roll i en digital tid\u201d \u00e4r en temarapport (2016:4) fr\u00e5n Digitaliseringskommissionen skriven kommissionens ordf\u00f6rande Jan Gulliksen, professor och dekan vid KTH. I den konstaterar han att kompetensf\u00f6rs\u00f6rjningen har sv\u00e5rt att h\u00e4nga med i arbetsmarknadens f\u00f6r\u00e4nderliga klimat. Utvecklingstakten och automatiseringen av arbetsuppgifter g\u00f6r det sv\u00e5rt att f\u00f6rutse vilka kompetenser som kommer att efterfr\u00e5gas i framtiden.<br \/>\n\u2013 Idag beh\u00f6vs inte bara tekniker och programmerare f\u00f6r att arbeta med it-utveckling. Det kan beh\u00f6vas journalistisk kompetens, humanister eller kunnande inom design och formgivning. Med andra ord en annan sorts expertis \u00e4n den som idag l\u00e4rs ut p\u00e5 programmeringsutbildningarna, s\u00e4ger Jan Gulliksen. <\/p>\n<p><strong>Systemet h\u00e4nger inte med<\/strong><br \/>\nMed dagens f\u00f6ruts\u00e4ttningar har utbildningsv\u00e4sendet sv\u00e5rt att tillgodose de nya behoven, menar rapporten. Bland annat missar de statliga anslagen marknadens efterfr\u00e5gan. N\u00e4ringslivets delaktighet i utvecklingen av utbildningarna kan ocks\u00e5 bli b\u00e4ttre. Dessutom \u00e4r studiemedelssystemet, som \u00e4r anpassat f\u00f6r endast en l\u00e4ngre utbildning under livet, ett hinder f\u00f6r vidareutbildning.<br \/>\n\u2013 Vi kommer f\u00f6rmodligen inte att kunna ha samma karri\u00e4r under hela v\u00e5rt arbetsliv utan kommer att beh\u00f6va \u00e5terigen g\u00e5 en h\u00f6gre utbildning f\u00f6r att f\u00e5 den kompetens och kunskap som beh\u00f6vs f\u00f6r att hantera framtidens utmaningar, s\u00e4ger Jan Gulliksen.<\/p>\n<p><strong>Ett positivt problem<\/strong><br \/>\nDen f\u00f6r\u00e4nderliga marknaden har allts\u00e5 gjort det livsl\u00e5nga l\u00e4randet viktigare \u00e4n n\u00e5gonsin och utbildningsv\u00e4sendet s\u00e5v\u00e4l som arbetsgivare och arbetstagare har sk\u00e4l att anpassa sig. Men detta \u00e4r trots allt ett positivt problem, menar Jan Gulliksen. Det r\u00e5der knappast brist p\u00e5 arbetstillf\u00e4llen idag och f\u00f6r den som vill ha en framg\u00e5ngsrik karri\u00e4r i framtiden \u00e4r it s\u00e5klart ett omr\u00e5de att satsa p\u00e5.<br \/>\n\u2013 Vi har inte tillr\u00e4ckligt med personer f\u00f6r att fylla de jobb som finns inom it-omr\u00e5det. Och det g\u00e4ller i st\u00f6rre delen av v\u00e4rlden. Jag har \u00e4nnu inte h\u00f6rt n\u00e5got land som har h\u00e4vdat att man har \u00f6verskott p\u00e5 it-kompetens.<\/p>\n","protected":false},"excerpt":{"rendered":"<p>Jobben inom it blir fler och behovet av nya kompetenser v\u00e4xer st\u00e4ndigt fram. Glada dagar&#8230;<\/p>\n","protected":false},"author":3,"featured_media":5492,"comment_status":"closed","ping_status":"open","sticky":false,"template":"","format":"standard","meta":{"_acf_changed":false,"_monsterinsights_skip_tracking":false,"_monsterinsights_sitenote_active":false,"_monsterinsights_sitenote_note":"","_monsterinsights_sitenote_category":0,"footnotes":""},"categories":[1],"tags":[],"class_list":["post-5491","post","type-post","status-publish","format-standard","has-post-thumbnail","hentry","category-artikel"],"acf":[],"yoast_head":"<!-- This site is optimized with the Yoast SEO plugin v27.3 - https:\/\/yoast.com\/product\/yoast-seo-wordpress\/ -->\n<title>Kompetensf\u00f6rs\u00f6rjningen halkar efter utvecklingen - Framtidens karri\u00e4r IT &amp; Data<\/title>\n<meta name=\"robots\" content=\"index, follow, max-snippet:-1, max-image-preview:large, max-video-preview:-1\" \/>\n<link rel=\"canonical\" href=\"https:\/\/framtidenskarriar.se\/itdata\/2017\/02\/07\/kompetensforsorjningen-halkar-efter-utvecklingen\/\" \/>\n<meta property=\"og:locale\" content=\"sv_SE\" \/>\n<meta property=\"og:type\" content=\"article\" \/>\n<meta property=\"og:title\" content=\"Kompetensf\u00f6rs\u00f6rjningen halkar efter utvecklingen - Framtidens karri\u00e4r IT &amp; Data\" \/>\n<meta property=\"og:description\" content=\"Jobben inom it blir fler och behovet av nya kompetenser v\u00e4xer st\u00e4ndigt fram. Glada dagar...\" \/>\n<meta property=\"og:url\" content=\"https:\/\/framtidenskarriar.se\/itdata\/2017\/02\/07\/kompetensforsorjningen-halkar-efter-utvecklingen\/\" \/>\n<meta property=\"og:site_name\" content=\"Framtidens karri\u00e4r IT &amp; Data\" \/>\n<meta property=\"article:published_time\" content=\"2017-02-07T14:37:06+00:00\" \/>\n<meta property=\"og:image\" content=\"https:\/\/framtidenskarriar.se\/itdata\/wp-content\/uploads\/sites\/13\/2017\/02\/kompetens-framtidenskarriar-2017-jangulliksen.jpg\" \/>\n\t<meta property=\"og:image:width\" content=\"1000\" \/>\n\t<meta property=\"og:image:height\" content=\"668\" \/>\n\t<meta property=\"og:image:type\" content=\"image\/jpeg\" \/>\n<meta name=\"author\" content=\"stellanstal\" \/>\n<meta name=\"twitter:card\" content=\"summary_large_image\" \/>\n<meta name=\"twitter:label1\" content=\"Skriven av\" \/>\n\t<meta name=\"twitter:data1\" content=\"stellanstal\" \/>\n\t<meta name=\"twitter:label2\" content=\"Ber\u00e4knad l\u00e4stid\" \/>\n\t<meta name=\"twitter:data2\" content=\"2 minuter\" \/>\n<script type=\"application\/ld+json\" class=\"yoast-schema-graph\">{\"@context\":\"https:\\\/\\\/schema.org\",\"@graph\":[{\"@type\":\"Article\",\"@id\":\"https:\\\/\\\/framtidenskarriar.se\\\/itdata\\\/2017\\\/02\\\/07\\\/kompetensforsorjningen-halkar-efter-utvecklingen\\\/#article\",\"isPartOf\":{\"@id\":\"https:\\\/\\\/framtidenskarriar.se\\\/itdata\\\/2017\\\/02\\\/07\\\/kompetensforsorjningen-halkar-efter-utvecklingen\\\/\"},\"author\":{\"name\":\"stellanstal\",\"@id\":\"https:\\\/\\\/framtidenskarriar.se\\\/itdata\\\/#\\\/schema\\\/person\\\/c8a43eb855191e573b73ecf8987a3b99\"},\"headline\":\"Kompetensf\u00f6rs\u00f6rjningen halkar efter utvecklingen\",\"datePublished\":\"2017-02-07T14:37:06+00:00\",\"mainEntityOfPage\":{\"@id\":\"https:\\\/\\\/framtidenskarriar.se\\\/itdata\\\/2017\\\/02\\\/07\\\/kompetensforsorjningen-halkar-efter-utvecklingen\\\/\"},\"wordCount\":419,\"image\":{\"@id\":\"https:\\\/\\\/framtidenskarriar.se\\\/itdata\\\/2017\\\/02\\\/07\\\/kompetensforsorjningen-halkar-efter-utvecklingen\\\/#primaryimage\"},\"thumbnailUrl\":\"https:\\\/\\\/framtidenskarriar.se\\\/itdata\\\/wp-content\\\/uploads\\\/sites\\\/13\\\/2017\\\/02\\\/kompetens-framtidenskarriar-2017-jangulliksen.jpg\",\"articleSection\":[\"Artikel\"],\"inLanguage\":\"sv-SE\"},{\"@type\":\"WebPage\",\"@id\":\"https:\\\/\\\/framtidenskarriar.se\\\/itdata\\\/2017\\\/02\\\/07\\\/kompetensforsorjningen-halkar-efter-utvecklingen\\\/\",\"url\":\"https:\\\/\\\/framtidenskarriar.se\\\/itdata\\\/2017\\\/02\\\/07\\\/kompetensforsorjningen-halkar-efter-utvecklingen\\\/\",\"name\":\"Kompetensf\u00f6rs\u00f6rjningen halkar efter utvecklingen - Framtidens karri\u00e4r IT & Data\",\"isPartOf\":{\"@id\":\"https:\\\/\\\/framtidenskarriar.se\\\/itdata\\\/#website\"},\"primaryImageOfPage\":{\"@id\":\"https:\\\/\\\/framtidenskarriar.se\\\/itdata\\\/2017\\\/02\\\/07\\\/kompetensforsorjningen-halkar-efter-utvecklingen\\\/#primaryimage\"},\"image\":{\"@id\":\"https:\\\/\\\/framtidenskarriar.se\\\/itdata\\\/2017\\\/02\\\/07\\\/kompetensforsorjningen-halkar-efter-utvecklingen\\\/#primaryimage\"},\"thumbnailUrl\":\"https:\\\/\\\/framtidenskarriar.se\\\/itdata\\\/wp-content\\\/uploads\\\/sites\\\/13\\\/2017\\\/02\\\/kompetens-framtidenskarriar-2017-jangulliksen.jpg\",\"datePublished\":\"2017-02-07T14:37:06+00:00\",\"author\":{\"@id\":\"https:\\\/\\\/framtidenskarriar.se\\\/itdata\\\/#\\\/schema\\\/person\\\/c8a43eb855191e573b73ecf8987a3b99\"},\"breadcrumb\":{\"@id\":\"https:\\\/\\\/framtidenskarriar.se\\\/itdata\\\/2017\\\/02\\\/07\\\/kompetensforsorjningen-halkar-efter-utvecklingen\\\/#breadcrumb\"},\"inLanguage\":\"sv-SE\",\"potentialAction\":[{\"@type\":\"ReadAction\",\"target\":[\"https:\\\/\\\/framtidenskarriar.se\\\/itdata\\\/2017\\\/02\\\/07\\\/kompetensforsorjningen-halkar-efter-utvecklingen\\\/\"]}]},{\"@type\":\"ImageObject\",\"inLanguage\":\"sv-SE\",\"@id\":\"https:\\\/\\\/framtidenskarriar.se\\\/itdata\\\/2017\\\/02\\\/07\\\/kompetensforsorjningen-halkar-efter-utvecklingen\\\/#primaryimage\",\"url\":\"https:\\\/\\\/framtidenskarriar.se\\\/itdata\\\/wp-content\\\/uploads\\\/sites\\\/13\\\/2017\\\/02\\\/kompetens-framtidenskarriar-2017-jangulliksen.jpg\",\"contentUrl\":\"https:\\\/\\\/framtidenskarriar.se\\\/itdata\\\/wp-content\\\/uploads\\\/sites\\\/13\\\/2017\\\/02\\\/kompetens-framtidenskarriar-2017-jangulliksen.jpg\",\"width\":1000,\"height\":668,\"caption\":\"Jan Gulliksen, professor och dekan vid KTH samt ordf\u00f6rande f\u00f6r Digitaliseringskommissionen. Foto: Christer Gummeson\"},{\"@type\":\"BreadcrumbList\",\"@id\":\"https:\\\/\\\/framtidenskarriar.se\\\/itdata\\\/2017\\\/02\\\/07\\\/kompetensforsorjningen-halkar-efter-utvecklingen\\\/#breadcrumb\",\"itemListElement\":[{\"@type\":\"ListItem\",\"position\":1,\"name\":\"Home\",\"item\":\"https:\\\/\\\/framtidenskarriar.se\\\/itdata\\\/\"},{\"@type\":\"ListItem\",\"position\":2,\"name\":\"Kompetensf\u00f6rs\u00f6rjningen halkar efter utvecklingen\"}]},{\"@type\":\"WebSite\",\"@id\":\"https:\\\/\\\/framtidenskarriar.se\\\/itdata\\\/#website\",\"url\":\"https:\\\/\\\/framtidenskarriar.se\\\/itdata\\\/\",\"name\":\"Framtidens karri\u00e4r IT & Data\",\"description\":\"Just another NMDashboard.se Sites site\",\"potentialAction\":[{\"@type\":\"SearchAction\",\"target\":{\"@type\":\"EntryPoint\",\"urlTemplate\":\"https:\\\/\\\/framtidenskarriar.se\\\/itdata\\\/?s={search_term_string}\"},\"query-input\":{\"@type\":\"PropertyValueSpecification\",\"valueRequired\":true,\"valueName\":\"search_term_string\"}}],\"inLanguage\":\"sv-SE\"},{\"@type\":\"Person\",\"@id\":\"https:\\\/\\\/framtidenskarriar.se\\\/itdata\\\/#\\\/schema\\\/person\\\/c8a43eb855191e573b73ecf8987a3b99\",\"name\":\"stellanstal\",\"image\":{\"@type\":\"ImageObject\",\"inLanguage\":\"sv-SE\",\"@id\":\"https:\\\/\\\/secure.gravatar.com\\\/avatar\\\/cd330fa6bb17f598124b2068ee0b189e4fe0987a50af9d53b78410836060d0c9?s=96&d=mm&r=g\",\"url\":\"https:\\\/\\\/secure.gravatar.com\\\/avatar\\\/cd330fa6bb17f598124b2068ee0b189e4fe0987a50af9d53b78410836060d0c9?s=96&d=mm&r=g\",\"contentUrl\":\"https:\\\/\\\/secure.gravatar.com\\\/avatar\\\/cd330fa6bb17f598124b2068ee0b189e4fe0987a50af9d53b78410836060d0c9?s=96&d=mm&r=g\",\"caption\":\"stellanstal\"},\"url\":\"https:\\\/\\\/framtidenskarriar.se\\\/itdata\\\/author\\\/stellanstal\\\/\"}]}<\/script>\n<!-- \/ Yoast SEO plugin. -->","yoast_head_json":{"title":"Kompetensf\u00f6rs\u00f6rjningen halkar efter utvecklingen - Framtidens karri\u00e4r IT & Data","robots":{"index":"index","follow":"follow","max-snippet":"max-snippet:-1","max-image-preview":"max-image-preview:large","max-video-preview":"max-video-preview:-1"},"canonical":"https:\/\/framtidenskarriar.se\/itdata\/2017\/02\/07\/kompetensforsorjningen-halkar-efter-utvecklingen\/","og_locale":"sv_SE","og_type":"article","og_title":"Kompetensf\u00f6rs\u00f6rjningen halkar efter utvecklingen - Framtidens karri\u00e4r IT & Data","og_description":"Jobben inom it blir fler och behovet av nya kompetenser v\u00e4xer st\u00e4ndigt fram. Glada dagar...","og_url":"https:\/\/framtidenskarriar.se\/itdata\/2017\/02\/07\/kompetensforsorjningen-halkar-efter-utvecklingen\/","og_site_name":"Framtidens karri\u00e4r IT & Data","article_published_time":"2017-02-07T14:37:06+00:00","og_image":[{"width":1000,"height":668,"url":"https:\/\/framtidenskarriar.se\/itdata\/wp-content\/uploads\/sites\/13\/2017\/02\/kompetens-framtidenskarriar-2017-jangulliksen.jpg","type":"image\/jpeg"}],"author":"stellanstal","twitter_card":"summary_large_image","twitter_misc":{"Skriven av":"stellanstal","Ber\u00e4knad l\u00e4stid":"2 minuter"},"schema":{"@context":"https:\/\/schema.org","@graph":[{"@type":"Article","@id":"https:\/\/framtidenskarriar.se\/itdata\/2017\/02\/07\/kompetensforsorjningen-halkar-efter-utvecklingen\/#article","isPartOf":{"@id":"https:\/\/framtidenskarriar.se\/itdata\/2017\/02\/07\/kompetensforsorjningen-halkar-efter-utvecklingen\/"},"author":{"name":"stellanstal","@id":"https:\/\/framtidenskarriar.se\/itdata\/#\/schema\/person\/c8a43eb855191e573b73ecf8987a3b99"},"headline":"Kompetensf\u00f6rs\u00f6rjningen halkar efter utvecklingen","datePublished":"2017-02-07T14:37:06+00:00","mainEntityOfPage":{"@id":"https:\/\/framtidenskarriar.se\/itdata\/2017\/02\/07\/kompetensforsorjningen-halkar-efter-utvecklingen\/"},"wordCount":419,"image":{"@id":"https:\/\/framtidenskarriar.se\/itdata\/2017\/02\/07\/kompetensforsorjningen-halkar-efter-utvecklingen\/#primaryimage"},"thumbnailUrl":"https:\/\/framtidenskarriar.se\/itdata\/wp-content\/uploads\/sites\/13\/2017\/02\/kompetens-framtidenskarriar-2017-jangulliksen.jpg","articleSection":["Artikel"],"inLanguage":"sv-SE"},{"@type":"WebPage","@id":"https:\/\/framtidenskarriar.se\/itdata\/2017\/02\/07\/kompetensforsorjningen-halkar-efter-utvecklingen\/","url":"https:\/\/framtidenskarriar.se\/itdata\/2017\/02\/07\/kompetensforsorjningen-halkar-efter-utvecklingen\/","name":"Kompetensf\u00f6rs\u00f6rjningen halkar efter utvecklingen - Framtidens karri\u00e4r IT & Data","isPartOf":{"@id":"https:\/\/framtidenskarriar.se\/itdata\/#website"},"primaryImageOfPage":{"@id":"https:\/\/framtidenskarriar.se\/itdata\/2017\/02\/07\/kompetensforsorjningen-halkar-efter-utvecklingen\/#primaryimage"},"image":{"@id":"https:\/\/framtidenskarriar.se\/itdata\/2017\/02\/07\/kompetensforsorjningen-halkar-efter-utvecklingen\/#primaryimage"},"thumbnailUrl":"https:\/\/framtidenskarriar.se\/itdata\/wp-content\/uploads\/sites\/13\/2017\/02\/kompetens-framtidenskarriar-2017-jangulliksen.jpg","datePublished":"2017-02-07T14:37:06+00:00","author":{"@id":"https:\/\/framtidenskarriar.se\/itdata\/#\/schema\/person\/c8a43eb855191e573b73ecf8987a3b99"},"breadcrumb":{"@id":"https:\/\/framtidenskarriar.se\/itdata\/2017\/02\/07\/kompetensforsorjningen-halkar-efter-utvecklingen\/#breadcrumb"},"inLanguage":"sv-SE","potentialAction":[{"@type":"ReadAction","target":["https:\/\/framtidenskarriar.se\/itdata\/2017\/02\/07\/kompetensforsorjningen-halkar-efter-utvecklingen\/"]}]},{"@type":"ImageObject","inLanguage":"sv-SE","@id":"https:\/\/framtidenskarriar.se\/itdata\/2017\/02\/07\/kompetensforsorjningen-halkar-efter-utvecklingen\/#primaryimage","url":"https:\/\/framtidenskarriar.se\/itdata\/wp-content\/uploads\/sites\/13\/2017\/02\/kompetens-framtidenskarriar-2017-jangulliksen.jpg","contentUrl":"https:\/\/framtidenskarriar.se\/itdata\/wp-content\/uploads\/sites\/13\/2017\/02\/kompetens-framtidenskarriar-2017-jangulliksen.jpg","width":1000,"height":668,"caption":"Jan Gulliksen, professor och dekan vid KTH samt ordf\u00f6rande f\u00f6r Digitaliseringskommissionen. Foto: Christer Gummeson"},{"@type":"BreadcrumbList","@id":"https:\/\/framtidenskarriar.se\/itdata\/2017\/02\/07\/kompetensforsorjningen-halkar-efter-utvecklingen\/#breadcrumb","itemListElement":[{"@type":"ListItem","position":1,"name":"Home","item":"https:\/\/framtidenskarriar.se\/itdata\/"},{"@type":"ListItem","position":2,"name":"Kompetensf\u00f6rs\u00f6rjningen halkar efter utvecklingen"}]},{"@type":"WebSite","@id":"https:\/\/framtidenskarriar.se\/itdata\/#website","url":"https:\/\/framtidenskarriar.se\/itdata\/","name":"Framtidens karri\u00e4r IT & Data","description":"Just another NMDashboard.se Sites site","potentialAction":[{"@type":"SearchAction","target":{"@type":"EntryPoint","urlTemplate":"https:\/\/framtidenskarriar.se\/itdata\/?s={search_term_string}"},"query-input":{"@type":"PropertyValueSpecification","valueRequired":true,"valueName":"search_term_string"}}],"inLanguage":"sv-SE"},{"@type":"Person","@id":"https:\/\/framtidenskarriar.se\/itdata\/#\/schema\/person\/c8a43eb855191e573b73ecf8987a3b99","name":"stellanstal","image":{"@type":"ImageObject","inLanguage":"sv-SE","@id":"https:\/\/secure.gravatar.com\/avatar\/cd330fa6bb17f598124b2068ee0b189e4fe0987a50af9d53b78410836060d0c9?s=96&d=mm&r=g","url":"https:\/\/secure.gravatar.com\/avatar\/cd330fa6bb17f598124b2068ee0b189e4fe0987a50af9d53b78410836060d0c9?s=96&d=mm&r=g","contentUrl":"https:\/\/secure.gravatar.com\/avatar\/cd330fa6bb17f598124b2068ee0b189e4fe0987a50af9d53b78410836060d0c9?s=96&d=mm&r=g","caption":"stellanstal"},"url":"https:\/\/framtidenskarriar.se\/itdata\/author\/stellanstal\/"}]}},"_links":{"self":[{"href":"https:\/\/framtidenskarriar.se\/itdata\/wp-json\/wp\/v2\/posts\/5491","targetHints":{"allow":["GET"]}}],"collection":[{"href":"https:\/\/framtidenskarriar.se\/itdata\/wp-json\/wp\/v2\/posts"}],"about":[{"href":"https:\/\/framtidenskarriar.se\/itdata\/wp-json\/wp\/v2\/types\/post"}],"author":[{"embeddable":true,"href":"https:\/\/framtidenskarriar.se\/itdata\/wp-json\/wp\/v2\/users\/3"}],"replies":[{"embeddable":true,"href":"https:\/\/framtidenskarriar.se\/itdata\/wp-json\/wp\/v2\/comments?post=5491"}],"version-history":[{"count":0,"href":"https:\/\/framtidenskarriar.se\/itdata\/wp-json\/wp\/v2\/posts\/5491\/revisions"}],"wp:featuredmedia":[{"embeddable":true,"href":"https:\/\/framtidenskarriar.se\/itdata\/wp-json\/wp\/v2\/media\/5492"}],"wp:attachment":[{"href":"https:\/\/framtidenskarriar.se\/itdata\/wp-json\/wp\/v2\/media?parent=5491"}],"wp:term":[{"taxonomy":"category","embeddable":true,"href":"https:\/\/framtidenskarriar.se\/itdata\/wp-json\/wp\/v2\/categories?post=5491"},{"taxonomy":"post_tag","embeddable":true,"href":"https:\/\/framtidenskarriar.se\/itdata\/wp-json\/wp\/v2\/tags?post=5491"}],"curies":[{"name":"wp","href":"https:\/\/api.w.org\/{rel}","templated":true}]}}