{"id":5499,"date":"2017-02-07T16:41:39","date_gmt":"2017-02-07T14:41:39","guid":{"rendered":"http:\/\/framtidenskarriar.se\/itdata\/?p=5499"},"modified":"2017-02-07T16:41:39","modified_gmt":"2017-02-07T14:41:39","slug":"digital-marknad-ersatter-traditionell-brevmarknad","status":"publish","type":"post","link":"https:\/\/framtidenskarriar.se\/itdata\/2017\/02\/07\/digital-marknad-ersatter-traditionell-brevmarknad\/","title":{"rendered":"Digital marknad ers\u00e4tter traditionell brevmarknad"},"content":{"rendered":"<p><figure id=\"attachment_5504\" aria-describedby=\"caption-attachment-5504\" style=\"width: 1000px\" class=\"wp-caption alignnone\"><img loading=\"lazy\" decoding=\"async\" src=\"https:\/\/framtidenskarriar.se\/itdata\/wp-content\/uploads\/sites\/13\/2017\/02\/600minutes-postnord-01-1625739.jpg\" alt=\"Bj\u00f6rn Ekstedt, CIO p\u00e5 PostNord. Foto: Peter Phillips\" width=\"1000\" height=\"667\" class=\"size-full wp-image-5504\" srcset=\"https:\/\/framtidenskarriar.se\/itdata\/wp-content\/uploads\/sites\/13\/2017\/02\/600minutes-postnord-01-1625739.jpg 1000w, https:\/\/framtidenskarriar.se\/itdata\/wp-content\/uploads\/sites\/13\/2017\/02\/600minutes-postnord-01-1625739-300x200.jpg 300w, https:\/\/framtidenskarriar.se\/itdata\/wp-content\/uploads\/sites\/13\/2017\/02\/600minutes-postnord-01-1625739-768x512.jpg 768w, https:\/\/framtidenskarriar.se\/itdata\/wp-content\/uploads\/sites\/13\/2017\/02\/600minutes-postnord-01-1625739-240x160.jpg 240w, https:\/\/framtidenskarriar.se\/itdata\/wp-content\/uploads\/sites\/13\/2017\/02\/600minutes-postnord-01-1625739-526x351.jpg 526w, https:\/\/framtidenskarriar.se\/itdata\/wp-content\/uploads\/sites\/13\/2017\/02\/600minutes-postnord-01-1625739-720x480.jpg 720w, https:\/\/framtidenskarriar.se\/itdata\/wp-content\/uploads\/sites\/13\/2017\/02\/600minutes-postnord-01-1625739-960x640.jpg 960w\" sizes=\"auto, (max-width: 1000px) 100vw, 1000px\" \/><figcaption id=\"caption-attachment-5504\" class=\"wp-caption-text\">Bj\u00f6rn Ekstedt, CIO p\u00e5 PostNord. Foto: Peter Phillips<\/figcaption><\/figure><strong>Den traditionella brevmarknaden h\u00e5ller p\u00e5 att ers\u00e4ttas av en digital meddelandemarknad. Samtidigt f\u00f6r\u00e4ndras marknaden f\u00f6r paketleveranser p\u00e5 grund av den snabbt \u00f6kande e-handeln.<\/strong><\/p>\n<p>Det \u00e4r ett par av budskapen i det f\u00f6redrag som Bj\u00f6rn Ekstedt, CIO p\u00e5 PostNord, kommer att h\u00e5lla p\u00e5 eventet 600Minutes Executive IT den 29 mars i Stockholm.<br \/>\n\u2013 Samtidigt som den brevmarknad vi k\u00e4nner minskar dramatiskt, v\u00e4xer det fram en ny meddelandemarknad som baseras p\u00e5 olika typer av digital kommunikation, s\u00e4ger han.<\/p>\n<p><strong>Kommunikation i olika kanaler<\/strong><br \/>\nBreven ers\u00e4tts till stora delar av digital kommunikation. Ett exempel p\u00e5 en s\u00e5dan tj\u00e4nst \u00e4r en omnikanall\u00f6sning som PostNord vill erbjuda f\u00f6retag. Erbjudandet inneh\u00e5ller kommunikation b\u00e5de i olika digitala kanaler \u2013 s\u00e5som SMS, app-l\u00f6sningar och webbplatser \u2013 och med tryckt material.<br \/>\nEtt f\u00f6retag kan till exempel v\u00e4lja att skicka en digitalfaktura som ett SMS med en l\u00e4nk. Mottagaren kan enkelt \u00f6ppna fakturan direkt i mobilen och v\u00e4lja att betala den med n\u00e5gra klick. Om mottagaren inte har gjort det inom till exempel fem dagar skickas en traditionell pappersfaktura automatiskt.<br \/>\n\u2013 M\u00e5nga f\u00f6retag och organisationer \u2013 som hittills har skickat l\u00f6nebesked, fakturor, kontoutdrag och andra liknande dokument i pappersform \u2013 \u00e4r intresserade av den h\u00e4r typen av digitala l\u00f6sningar. <\/p>\n<p><strong>Snabbt \u00f6kande e-handel<\/strong><br \/>\nN\u00e4r det g\u00e4ller marknaden f\u00f6r paketleveranser v\u00e4xer volymerna till f\u00f6ljd av den snabbt \u00f6kande e-handeln. H\u00e4r kan leveranserna kompletteras med digitala m\u00f6jligheter. Det handlar om information om var paket ska l\u00e4mnas och h\u00e4mtas, var de f\u00f6r tillf\u00e4llet finns i leveranskedjan, och s\u00e5 vidare.<br \/>\nPostNord erbjuder redan hush\u00e5llen paketleveranser med olika typer av digitala till\u00e4ggstj\u00e4nster, och ska skapa ett liknande erbjudande f\u00f6r det stora logistikfl\u00f6det mellan f\u00f6retag.<br \/>\n\u2013 Tanken \u00e4r att den digitala delen av tj\u00e4nsten ska vara lika viktig som att paketet flyttas fr\u00e5n plats A till plats B, eftersom denna information efterfr\u00e5gas av kunderna och mottagarna, s\u00e4ger Bj\u00f6rn Ekstedt.<\/p>\n","protected":false},"excerpt":{"rendered":"<p>Den traditionella brevmarknaden h\u00e5ller p\u00e5 att ers\u00e4ttas av en digital meddelandemarknad. Samtidigt f\u00f6r\u00e4ndras marknaden f\u00f6r&#8230;<\/p>\n","protected":false},"author":3,"featured_media":5504,"comment_status":"closed","ping_status":"open","sticky":false,"template":"","format":"standard","meta":{"_acf_changed":false,"_monsterinsights_skip_tracking":false,"_monsterinsights_sitenote_active":false,"_monsterinsights_sitenote_note":"","_monsterinsights_sitenote_category":0,"footnotes":""},"categories":[1],"tags":[],"class_list":["post-5499","post","type-post","status-publish","format-standard","has-post-thumbnail","hentry","category-artikel"],"acf":[],"yoast_head":"<!-- This site is optimized with the Yoast SEO plugin v27.3 - https:\/\/yoast.com\/product\/yoast-seo-wordpress\/ -->\n<title>Digital marknad ers\u00e4tter traditionell brevmarknad - Framtidens karri\u00e4r IT &amp; Data<\/title>\n<meta name=\"robots\" content=\"index, follow, max-snippet:-1, max-image-preview:large, max-video-preview:-1\" \/>\n<link rel=\"canonical\" href=\"https:\/\/framtidenskarriar.se\/itdata\/2017\/02\/07\/digital-marknad-ersatter-traditionell-brevmarknad\/\" \/>\n<meta property=\"og:locale\" content=\"sv_SE\" \/>\n<meta property=\"og:type\" content=\"article\" \/>\n<meta property=\"og:title\" content=\"Digital marknad ers\u00e4tter traditionell brevmarknad - Framtidens karri\u00e4r IT &amp; Data\" \/>\n<meta property=\"og:description\" content=\"Den traditionella brevmarknaden h\u00e5ller p\u00e5 att ers\u00e4ttas av en digital meddelandemarknad. Samtidigt f\u00f6r\u00e4ndras marknaden f\u00f6r...\" \/>\n<meta property=\"og:url\" content=\"https:\/\/framtidenskarriar.se\/itdata\/2017\/02\/07\/digital-marknad-ersatter-traditionell-brevmarknad\/\" \/>\n<meta property=\"og:site_name\" content=\"Framtidens karri\u00e4r IT &amp; Data\" \/>\n<meta property=\"article:published_time\" content=\"2017-02-07T14:41:39+00:00\" \/>\n<meta property=\"og:image\" content=\"https:\/\/framtidenskarriar.se\/itdata\/wp-content\/uploads\/sites\/13\/2017\/02\/600minutes-postnord-01-1625739.jpg\" \/>\n\t<meta property=\"og:image:width\" content=\"1000\" \/>\n\t<meta property=\"og:image:height\" content=\"667\" \/>\n\t<meta property=\"og:image:type\" content=\"image\/jpeg\" \/>\n<meta name=\"author\" content=\"stellanstal\" \/>\n<meta name=\"twitter:card\" content=\"summary_large_image\" \/>\n<meta name=\"twitter:label1\" content=\"Skriven av\" \/>\n\t<meta name=\"twitter:data1\" content=\"stellanstal\" \/>\n\t<meta name=\"twitter:label2\" content=\"Ber\u00e4knad l\u00e4stid\" \/>\n\t<meta name=\"twitter:data2\" content=\"2 minuter\" \/>\n<script type=\"application\/ld+json\" class=\"yoast-schema-graph\">{\"@context\":\"https:\\\/\\\/schema.org\",\"@graph\":[{\"@type\":\"Article\",\"@id\":\"https:\\\/\\\/framtidenskarriar.se\\\/itdata\\\/2017\\\/02\\\/07\\\/digital-marknad-ersatter-traditionell-brevmarknad\\\/#article\",\"isPartOf\":{\"@id\":\"https:\\\/\\\/framtidenskarriar.se\\\/itdata\\\/2017\\\/02\\\/07\\\/digital-marknad-ersatter-traditionell-brevmarknad\\\/\"},\"author\":{\"name\":\"stellanstal\",\"@id\":\"https:\\\/\\\/framtidenskarriar.se\\\/itdata\\\/#\\\/schema\\\/person\\\/c8a43eb855191e573b73ecf8987a3b99\"},\"headline\":\"Digital marknad ers\u00e4tter traditionell brevmarknad\",\"datePublished\":\"2017-02-07T14:41:39+00:00\",\"mainEntityOfPage\":{\"@id\":\"https:\\\/\\\/framtidenskarriar.se\\\/itdata\\\/2017\\\/02\\\/07\\\/digital-marknad-ersatter-traditionell-brevmarknad\\\/\"},\"wordCount\":367,\"image\":{\"@id\":\"https:\\\/\\\/framtidenskarriar.se\\\/itdata\\\/2017\\\/02\\\/07\\\/digital-marknad-ersatter-traditionell-brevmarknad\\\/#primaryimage\"},\"thumbnailUrl\":\"https:\\\/\\\/framtidenskarriar.se\\\/itdata\\\/wp-content\\\/uploads\\\/sites\\\/13\\\/2017\\\/02\\\/600minutes-postnord-01-1625739.jpg\",\"articleSection\":[\"Artikel\"],\"inLanguage\":\"sv-SE\"},{\"@type\":\"WebPage\",\"@id\":\"https:\\\/\\\/framtidenskarriar.se\\\/itdata\\\/2017\\\/02\\\/07\\\/digital-marknad-ersatter-traditionell-brevmarknad\\\/\",\"url\":\"https:\\\/\\\/framtidenskarriar.se\\\/itdata\\\/2017\\\/02\\\/07\\\/digital-marknad-ersatter-traditionell-brevmarknad\\\/\",\"name\":\"Digital marknad ers\u00e4tter traditionell brevmarknad - Framtidens karri\u00e4r IT & Data\",\"isPartOf\":{\"@id\":\"https:\\\/\\\/framtidenskarriar.se\\\/itdata\\\/#website\"},\"primaryImageOfPage\":{\"@id\":\"https:\\\/\\\/framtidenskarriar.se\\\/itdata\\\/2017\\\/02\\\/07\\\/digital-marknad-ersatter-traditionell-brevmarknad\\\/#primaryimage\"},\"image\":{\"@id\":\"https:\\\/\\\/framtidenskarriar.se\\\/itdata\\\/2017\\\/02\\\/07\\\/digital-marknad-ersatter-traditionell-brevmarknad\\\/#primaryimage\"},\"thumbnailUrl\":\"https:\\\/\\\/framtidenskarriar.se\\\/itdata\\\/wp-content\\\/uploads\\\/sites\\\/13\\\/2017\\\/02\\\/600minutes-postnord-01-1625739.jpg\",\"datePublished\":\"2017-02-07T14:41:39+00:00\",\"author\":{\"@id\":\"https:\\\/\\\/framtidenskarriar.se\\\/itdata\\\/#\\\/schema\\\/person\\\/c8a43eb855191e573b73ecf8987a3b99\"},\"breadcrumb\":{\"@id\":\"https:\\\/\\\/framtidenskarriar.se\\\/itdata\\\/2017\\\/02\\\/07\\\/digital-marknad-ersatter-traditionell-brevmarknad\\\/#breadcrumb\"},\"inLanguage\":\"sv-SE\",\"potentialAction\":[{\"@type\":\"ReadAction\",\"target\":[\"https:\\\/\\\/framtidenskarriar.se\\\/itdata\\\/2017\\\/02\\\/07\\\/digital-marknad-ersatter-traditionell-brevmarknad\\\/\"]}]},{\"@type\":\"ImageObject\",\"inLanguage\":\"sv-SE\",\"@id\":\"https:\\\/\\\/framtidenskarriar.se\\\/itdata\\\/2017\\\/02\\\/07\\\/digital-marknad-ersatter-traditionell-brevmarknad\\\/#primaryimage\",\"url\":\"https:\\\/\\\/framtidenskarriar.se\\\/itdata\\\/wp-content\\\/uploads\\\/sites\\\/13\\\/2017\\\/02\\\/600minutes-postnord-01-1625739.jpg\",\"contentUrl\":\"https:\\\/\\\/framtidenskarriar.se\\\/itdata\\\/wp-content\\\/uploads\\\/sites\\\/13\\\/2017\\\/02\\\/600minutes-postnord-01-1625739.jpg\",\"width\":1000,\"height\":667,\"caption\":\"Bj\u00f6rn Ekstedt, CIO p\u00e5 PostNord. Foto: Peter Phillips\"},{\"@type\":\"BreadcrumbList\",\"@id\":\"https:\\\/\\\/framtidenskarriar.se\\\/itdata\\\/2017\\\/02\\\/07\\\/digital-marknad-ersatter-traditionell-brevmarknad\\\/#breadcrumb\",\"itemListElement\":[{\"@type\":\"ListItem\",\"position\":1,\"name\":\"Home\",\"item\":\"https:\\\/\\\/framtidenskarriar.se\\\/itdata\\\/\"},{\"@type\":\"ListItem\",\"position\":2,\"name\":\"Digital marknad ers\u00e4tter traditionell brevmarknad\"}]},{\"@type\":\"WebSite\",\"@id\":\"https:\\\/\\\/framtidenskarriar.se\\\/itdata\\\/#website\",\"url\":\"https:\\\/\\\/framtidenskarriar.se\\\/itdata\\\/\",\"name\":\"Framtidens karri\u00e4r IT & Data\",\"description\":\"Just another NMDashboard.se Sites site\",\"potentialAction\":[{\"@type\":\"SearchAction\",\"target\":{\"@type\":\"EntryPoint\",\"urlTemplate\":\"https:\\\/\\\/framtidenskarriar.se\\\/itdata\\\/?s={search_term_string}\"},\"query-input\":{\"@type\":\"PropertyValueSpecification\",\"valueRequired\":true,\"valueName\":\"search_term_string\"}}],\"inLanguage\":\"sv-SE\"},{\"@type\":\"Person\",\"@id\":\"https:\\\/\\\/framtidenskarriar.se\\\/itdata\\\/#\\\/schema\\\/person\\\/c8a43eb855191e573b73ecf8987a3b99\",\"name\":\"stellanstal\",\"image\":{\"@type\":\"ImageObject\",\"inLanguage\":\"sv-SE\",\"@id\":\"https:\\\/\\\/secure.gravatar.com\\\/avatar\\\/cd330fa6bb17f598124b2068ee0b189e4fe0987a50af9d53b78410836060d0c9?s=96&d=mm&r=g\",\"url\":\"https:\\\/\\\/secure.gravatar.com\\\/avatar\\\/cd330fa6bb17f598124b2068ee0b189e4fe0987a50af9d53b78410836060d0c9?s=96&d=mm&r=g\",\"contentUrl\":\"https:\\\/\\\/secure.gravatar.com\\\/avatar\\\/cd330fa6bb17f598124b2068ee0b189e4fe0987a50af9d53b78410836060d0c9?s=96&d=mm&r=g\",\"caption\":\"stellanstal\"},\"url\":\"https:\\\/\\\/framtidenskarriar.se\\\/itdata\\\/author\\\/stellanstal\\\/\"}]}<\/script>\n<!-- \/ Yoast SEO plugin. -->","yoast_head_json":{"title":"Digital marknad ers\u00e4tter traditionell brevmarknad - Framtidens karri\u00e4r IT & Data","robots":{"index":"index","follow":"follow","max-snippet":"max-snippet:-1","max-image-preview":"max-image-preview:large","max-video-preview":"max-video-preview:-1"},"canonical":"https:\/\/framtidenskarriar.se\/itdata\/2017\/02\/07\/digital-marknad-ersatter-traditionell-brevmarknad\/","og_locale":"sv_SE","og_type":"article","og_title":"Digital marknad ers\u00e4tter traditionell brevmarknad - Framtidens karri\u00e4r IT & Data","og_description":"Den traditionella brevmarknaden h\u00e5ller p\u00e5 att ers\u00e4ttas av en digital meddelandemarknad. Samtidigt f\u00f6r\u00e4ndras marknaden f\u00f6r...","og_url":"https:\/\/framtidenskarriar.se\/itdata\/2017\/02\/07\/digital-marknad-ersatter-traditionell-brevmarknad\/","og_site_name":"Framtidens karri\u00e4r IT & Data","article_published_time":"2017-02-07T14:41:39+00:00","og_image":[{"width":1000,"height":667,"url":"https:\/\/framtidenskarriar.se\/itdata\/wp-content\/uploads\/sites\/13\/2017\/02\/600minutes-postnord-01-1625739.jpg","type":"image\/jpeg"}],"author":"stellanstal","twitter_card":"summary_large_image","twitter_misc":{"Skriven av":"stellanstal","Ber\u00e4knad l\u00e4stid":"2 minuter"},"schema":{"@context":"https:\/\/schema.org","@graph":[{"@type":"Article","@id":"https:\/\/framtidenskarriar.se\/itdata\/2017\/02\/07\/digital-marknad-ersatter-traditionell-brevmarknad\/#article","isPartOf":{"@id":"https:\/\/framtidenskarriar.se\/itdata\/2017\/02\/07\/digital-marknad-ersatter-traditionell-brevmarknad\/"},"author":{"name":"stellanstal","@id":"https:\/\/framtidenskarriar.se\/itdata\/#\/schema\/person\/c8a43eb855191e573b73ecf8987a3b99"},"headline":"Digital marknad ers\u00e4tter traditionell brevmarknad","datePublished":"2017-02-07T14:41:39+00:00","mainEntityOfPage":{"@id":"https:\/\/framtidenskarriar.se\/itdata\/2017\/02\/07\/digital-marknad-ersatter-traditionell-brevmarknad\/"},"wordCount":367,"image":{"@id":"https:\/\/framtidenskarriar.se\/itdata\/2017\/02\/07\/digital-marknad-ersatter-traditionell-brevmarknad\/#primaryimage"},"thumbnailUrl":"https:\/\/framtidenskarriar.se\/itdata\/wp-content\/uploads\/sites\/13\/2017\/02\/600minutes-postnord-01-1625739.jpg","articleSection":["Artikel"],"inLanguage":"sv-SE"},{"@type":"WebPage","@id":"https:\/\/framtidenskarriar.se\/itdata\/2017\/02\/07\/digital-marknad-ersatter-traditionell-brevmarknad\/","url":"https:\/\/framtidenskarriar.se\/itdata\/2017\/02\/07\/digital-marknad-ersatter-traditionell-brevmarknad\/","name":"Digital marknad ers\u00e4tter traditionell brevmarknad - Framtidens karri\u00e4r IT & Data","isPartOf":{"@id":"https:\/\/framtidenskarriar.se\/itdata\/#website"},"primaryImageOfPage":{"@id":"https:\/\/framtidenskarriar.se\/itdata\/2017\/02\/07\/digital-marknad-ersatter-traditionell-brevmarknad\/#primaryimage"},"image":{"@id":"https:\/\/framtidenskarriar.se\/itdata\/2017\/02\/07\/digital-marknad-ersatter-traditionell-brevmarknad\/#primaryimage"},"thumbnailUrl":"https:\/\/framtidenskarriar.se\/itdata\/wp-content\/uploads\/sites\/13\/2017\/02\/600minutes-postnord-01-1625739.jpg","datePublished":"2017-02-07T14:41:39+00:00","author":{"@id":"https:\/\/framtidenskarriar.se\/itdata\/#\/schema\/person\/c8a43eb855191e573b73ecf8987a3b99"},"breadcrumb":{"@id":"https:\/\/framtidenskarriar.se\/itdata\/2017\/02\/07\/digital-marknad-ersatter-traditionell-brevmarknad\/#breadcrumb"},"inLanguage":"sv-SE","potentialAction":[{"@type":"ReadAction","target":["https:\/\/framtidenskarriar.se\/itdata\/2017\/02\/07\/digital-marknad-ersatter-traditionell-brevmarknad\/"]}]},{"@type":"ImageObject","inLanguage":"sv-SE","@id":"https:\/\/framtidenskarriar.se\/itdata\/2017\/02\/07\/digital-marknad-ersatter-traditionell-brevmarknad\/#primaryimage","url":"https:\/\/framtidenskarriar.se\/itdata\/wp-content\/uploads\/sites\/13\/2017\/02\/600minutes-postnord-01-1625739.jpg","contentUrl":"https:\/\/framtidenskarriar.se\/itdata\/wp-content\/uploads\/sites\/13\/2017\/02\/600minutes-postnord-01-1625739.jpg","width":1000,"height":667,"caption":"Bj\u00f6rn Ekstedt, CIO p\u00e5 PostNord. Foto: Peter Phillips"},{"@type":"BreadcrumbList","@id":"https:\/\/framtidenskarriar.se\/itdata\/2017\/02\/07\/digital-marknad-ersatter-traditionell-brevmarknad\/#breadcrumb","itemListElement":[{"@type":"ListItem","position":1,"name":"Home","item":"https:\/\/framtidenskarriar.se\/itdata\/"},{"@type":"ListItem","position":2,"name":"Digital marknad ers\u00e4tter traditionell brevmarknad"}]},{"@type":"WebSite","@id":"https:\/\/framtidenskarriar.se\/itdata\/#website","url":"https:\/\/framtidenskarriar.se\/itdata\/","name":"Framtidens karri\u00e4r IT & Data","description":"Just another NMDashboard.se Sites site","potentialAction":[{"@type":"SearchAction","target":{"@type":"EntryPoint","urlTemplate":"https:\/\/framtidenskarriar.se\/itdata\/?s={search_term_string}"},"query-input":{"@type":"PropertyValueSpecification","valueRequired":true,"valueName":"search_term_string"}}],"inLanguage":"sv-SE"},{"@type":"Person","@id":"https:\/\/framtidenskarriar.se\/itdata\/#\/schema\/person\/c8a43eb855191e573b73ecf8987a3b99","name":"stellanstal","image":{"@type":"ImageObject","inLanguage":"sv-SE","@id":"https:\/\/secure.gravatar.com\/avatar\/cd330fa6bb17f598124b2068ee0b189e4fe0987a50af9d53b78410836060d0c9?s=96&d=mm&r=g","url":"https:\/\/secure.gravatar.com\/avatar\/cd330fa6bb17f598124b2068ee0b189e4fe0987a50af9d53b78410836060d0c9?s=96&d=mm&r=g","contentUrl":"https:\/\/secure.gravatar.com\/avatar\/cd330fa6bb17f598124b2068ee0b189e4fe0987a50af9d53b78410836060d0c9?s=96&d=mm&r=g","caption":"stellanstal"},"url":"https:\/\/framtidenskarriar.se\/itdata\/author\/stellanstal\/"}]}},"_links":{"self":[{"href":"https:\/\/framtidenskarriar.se\/itdata\/wp-json\/wp\/v2\/posts\/5499","targetHints":{"allow":["GET"]}}],"collection":[{"href":"https:\/\/framtidenskarriar.se\/itdata\/wp-json\/wp\/v2\/posts"}],"about":[{"href":"https:\/\/framtidenskarriar.se\/itdata\/wp-json\/wp\/v2\/types\/post"}],"author":[{"embeddable":true,"href":"https:\/\/framtidenskarriar.se\/itdata\/wp-json\/wp\/v2\/users\/3"}],"replies":[{"embeddable":true,"href":"https:\/\/framtidenskarriar.se\/itdata\/wp-json\/wp\/v2\/comments?post=5499"}],"version-history":[{"count":0,"href":"https:\/\/framtidenskarriar.se\/itdata\/wp-json\/wp\/v2\/posts\/5499\/revisions"}],"wp:featuredmedia":[{"embeddable":true,"href":"https:\/\/framtidenskarriar.se\/itdata\/wp-json\/wp\/v2\/media\/5504"}],"wp:attachment":[{"href":"https:\/\/framtidenskarriar.se\/itdata\/wp-json\/wp\/v2\/media?parent=5499"}],"wp:term":[{"taxonomy":"category","embeddable":true,"href":"https:\/\/framtidenskarriar.se\/itdata\/wp-json\/wp\/v2\/categories?post=5499"},{"taxonomy":"post_tag","embeddable":true,"href":"https:\/\/framtidenskarriar.se\/itdata\/wp-json\/wp\/v2\/tags?post=5499"}],"curies":[{"name":"wp","href":"https:\/\/api.w.org\/{rel}","templated":true}]}}