{"id":5509,"date":"2017-02-07T16:44:31","date_gmt":"2017-02-07T14:44:31","guid":{"rendered":"http:\/\/framtidenskarriar.se\/itdata\/?p=5509"},"modified":"2017-02-07T16:44:31","modified_gmt":"2017-02-07T14:44:31","slug":"okande-och-mer-komplexa-hot","status":"publish","type":"post","link":"https:\/\/framtidenskarriar.se\/itdata\/2017\/02\/07\/okande-och-mer-komplexa-hot\/","title":{"rendered":"\u00d6kande och mer komplexa hot"},"content":{"rendered":"<p><figure id=\"attachment_5510\" aria-describedby=\"caption-attachment-5510\" style=\"width: 1000px\" class=\"wp-caption alignnone\"><img loading=\"lazy\" decoding=\"async\" src=\"https:\/\/framtidenskarriar.se\/itdata\/wp-content\/uploads\/sites\/13\/2017\/02\/cyber-bild-tagen-okt-2016-robertsson.jpg\" alt=\"Generalmajor Fredrik Robertsson, CIO F\u00f6rsvarsmakten. Foto: F\u00f6rsvarsmakten\" width=\"1000\" height=\"691\" class=\"size-full wp-image-5510\" srcset=\"https:\/\/framtidenskarriar.se\/itdata\/wp-content\/uploads\/sites\/13\/2017\/02\/cyber-bild-tagen-okt-2016-robertsson.jpg 1000w, https:\/\/framtidenskarriar.se\/itdata\/wp-content\/uploads\/sites\/13\/2017\/02\/cyber-bild-tagen-okt-2016-robertsson-300x207.jpg 300w, https:\/\/framtidenskarriar.se\/itdata\/wp-content\/uploads\/sites\/13\/2017\/02\/cyber-bild-tagen-okt-2016-robertsson-768x531.jpg 768w, https:\/\/framtidenskarriar.se\/itdata\/wp-content\/uploads\/sites\/13\/2017\/02\/cyber-bild-tagen-okt-2016-robertsson-232x160.jpg 232w, https:\/\/framtidenskarriar.se\/itdata\/wp-content\/uploads\/sites\/13\/2017\/02\/cyber-bild-tagen-okt-2016-robertsson-526x363.jpg 526w, https:\/\/framtidenskarriar.se\/itdata\/wp-content\/uploads\/sites\/13\/2017\/02\/cyber-bild-tagen-okt-2016-robertsson-720x498.jpg 720w, https:\/\/framtidenskarriar.se\/itdata\/wp-content\/uploads\/sites\/13\/2017\/02\/cyber-bild-tagen-okt-2016-robertsson-960x663.jpg 960w\" sizes=\"auto, (max-width: 1000px) 100vw, 1000px\" \/><figcaption id=\"caption-attachment-5510\" class=\"wp-caption-text\">Generalmajor Fredrik Robertsson, CIO F\u00f6rsvarsmakten. Foto: F\u00f6rsvarsmakten<\/figcaption><\/figure><strong>S\u00e4kerheten \u00e4r en av de viktigaste fr\u00e5gorna p\u00e5 F\u00f6rsvarsmaktens nyblivne CIO Fredrik Robertssons bord.<br \/>\n\u2013 Idag \u00f6kar hoten och blir alltmer komplexa. Cybers\u00e4kerhet \u00e4r ett av de hetaste omr\u00e5dena, nu och i framtiden, s\u00e4ger han.<\/strong><\/p>\n<p>F\u00f6r generalmajor Fredrik Robertsson, som tillh\u00f6r F\u00f6rsvarsmaktens h\u00f6gsta ledning och som har arbetat hela sitt yrkesverksamma liv inom det milit\u00e4ra, inneb\u00e4r det nya uppdraget lite av att en cirkel sluts. De f\u00f6rsta tio \u00e5ren av sin hittills 30-\u00e5riga karri\u00e4r arbetade han med just lednings- och it-fr\u00e5gor.<br \/>\n\u2013 Den grundl\u00e4ggande tekniken och terminologin \u00e4r densamma. Men v\u00e4ldigt mycket har \u00e4ndrats under \u00e5ren som g\u00e5tt. Det \u00e4r mycket mer komplext idag och vi brottas med nya fr\u00e5gest\u00e4llningar, s\u00e4ger han.<br \/>\nEn avg\u00f6rande skillnad \u00e4r att it tidigare var mer av en renodlat teknisk fr\u00e5ga. Nu \u00e4r it i h\u00f6gsta grad integrerat i verksamheten p\u00e5 alla plan.<br \/>\n\u2013 Ta exempelvis vapensystemen. Idag \u00e4r en stor del av stridskrafterna kopplade till olika it- och kommunikationsl\u00f6sningar och dessa m\u00e5ste vara v\u00e4ldigt robusta och s\u00e4kra. Annars \u00e4r avancerade, dyra vapen inte mycket v\u00e4rda. Fram\u00f6ver kommer vi s\u00e4kert ocks\u00e5 att se att it-baserade system f\u00f6r exempelvis logganalys tar \u00f6ver alltmer. Den digitaliseringsv\u00e5g som sk\u00f6ljer \u00f6ver snart sagt alla samh\u00e4llssektorer p\u00e5verkar \u00e4ven F\u00f6rsvarsmakten, s\u00e4ger Fredrik Robertsson.<br \/>\n\u2013 Men n\u00e4r det g\u00e4ller effektivisering av verksamheten med hj\u00e4lp av it tror jag inte att detta kommer att ske i riktigt samma grad som i en del andra sektorer. Det sker en mer successiv effektivisering, inte att it snabbt tar \u00f6ver jobb som idag utf\u00f6rs av m\u00e4nniskor, som vi har sett p\u00e5 vissa andra h\u00e5ll.<\/p>\n<p><strong>Digitalisering \u00f6kar s\u00e5rbarhet<\/strong><br \/>\nCybers\u00e4kerhet \u00e4r ett br\u00e4nnande aktuellt \u00e4mne och ett av de mest centrala f\u00f6r Fredrik Robertsson. Fr\u00e5gan har uppm\u00e4rksammats stort p\u00e5 senare tid, inte minst i samband med det amerikanska presidentvalet. Att samma typ av hot och attacker riktas mot Sverige r\u00e5der inget tvivel om.<br \/>\n\u2013 Det \u00e4r heller ingen tvekan om att hoten \u00f6kar i omfattning. Informationsrelaterade h\u00e4ndelser intr\u00e4ffar varje dag och sp\u00e4nner \u00f6ver allt fr\u00e5n amat\u00f6rhackers och pojkstreck till sofistikerade intr\u00e5ng och attacker utf\u00f6rda av h\u00f6gt kvalificerade akt\u00f6rer. Den intensiva digitaliseringen i samh\u00e4llet och fenomen som outsourcing och molntj\u00e4nster \u00f6kar s\u00e5rbarheten, framh\u00e5ller han.<br \/>\nHoten best\u00e5r b\u00e5de av st\u00f6ld och f\u00f6rs\u00f6k till st\u00f6ld av information och av spridning av falsk information. B\u00e5da formerna \u00e4r ytterst ett hot mot rikets s\u00e4kerhet och det \u00f6ppna, demokratiska samh\u00e4llet.<br \/>\n\u2013 Det p\u00e5g\u00e5r ett informationskrig och det blir allt sv\u00e5rare att avg\u00f6ra vad som \u00e4r sant och vad som \u00e4r falskt. N\u00e4r desinformationen fr\u00e5n otaliga n\u00e4ttroll tr\u00e4nger ut i etablerade medier finns en uppenbar risk att det p\u00e5verkar den allm\u00e4nna opinionen och i f\u00f6rl\u00e4ngningen hela samh\u00e4llsutvecklingen. <\/p>\n<p><strong>God beredskap<\/strong><br \/>\nF\u00f6rsvarsmakten har ett starkt fokus p\u00e5 s\u00e4kerhetsfr\u00e5gan och ligger l\u00e5ngt fram kunskapsm\u00e4ssigt n\u00e4r det g\u00e4ller cybers\u00e4kerhet. Fredrik Robertsson menar att det finns en god beredskap f\u00f6r att f\u00f6rebygga och uppt\u00e4cka hot av olika slag.<br \/>\n\u2013 Men det \u00e4r ett oerh\u00f6rt komplext omr\u00e5de och det \u00e4r ofta v\u00e4ldigt sv\u00e5rt att bevisa vem som har gjort vad. Det \u00e4r ocks\u00e5 viktigt att komma ih\u00e5g att hoten riktas l\u00f6pande mot alla olika sektorer i samh\u00e4llet. Kommuner, landsting och privata f\u00f6retag har alla behov av robusta s\u00e4kerhetssystem och egen r\u00e5dighet f\u00f6r att skydda sig.<br \/>\nP\u00e5 F\u00f6rsvarsmakten arbetar n\u00e5gra av Sveriges fr\u00e4msta experter inom it-s\u00e4kerhet. Tillsammans driver de utvecklingen av it-skydd och skapar l\u00f6sningar som hela samh\u00e4llet har gl\u00e4dje av. De avancerade s\u00e4kerhetsl\u00f6sningarna som utarbetas d\u00e4r sipprar ner till andra sektorer och skapar p\u00e5 s\u00e5 s\u00e4tt ett s\u00e4krare samh\u00e4lle \u00f6verlag.<br \/>\nDet sker ocks\u00e5 ett n\u00e4ra samarbete med exempelvis FRA, Myndigheten f\u00f6r samh\u00e4llsskydd och beredskap, F\u00f6rsvarsh\u00f6gskolan, F\u00f6rsvarets materielverk och S\u00e4po, ber\u00e4ttar Fredrik Robertsson.<br \/>\n\u2013 Ocks\u00e5 inom EU finns m\u00e5nga samarbeten n\u00e4r det g\u00e4ller informationss\u00e4kerhet inom f\u00f6rsvaret. Ett forum f\u00f6r utbyte \u00e4r European Defence Agency. Detta \u00e4r en fr\u00e5ga som \u00e4r prioriterad och av st\u00f6rsta vikt f\u00f6r alla v\u00e5ra samh\u00e4llen.<\/p>\n","protected":false},"excerpt":{"rendered":"<p>S\u00e4kerheten \u00e4r en av de viktigaste fr\u00e5gorna p\u00e5 F\u00f6rsvarsmaktens nyblivne CIO Fredrik Robertssons bord. \u2013&#8230;<\/p>\n","protected":false},"author":3,"featured_media":5510,"comment_status":"closed","ping_status":"open","sticky":false,"template":"","format":"standard","meta":{"_acf_changed":false,"_monsterinsights_skip_tracking":false,"_monsterinsights_sitenote_active":false,"_monsterinsights_sitenote_note":"","_monsterinsights_sitenote_category":0,"footnotes":""},"categories":[1],"tags":[],"class_list":["post-5509","post","type-post","status-publish","format-standard","has-post-thumbnail","hentry","category-artikel"],"acf":[],"yoast_head":"<!-- This site is optimized with the Yoast SEO plugin v27.3 - https:\/\/yoast.com\/product\/yoast-seo-wordpress\/ -->\n<title>\u00d6kande och mer komplexa hot - Framtidens karri\u00e4r IT &amp; Data<\/title>\n<meta name=\"robots\" content=\"index, follow, max-snippet:-1, max-image-preview:large, max-video-preview:-1\" \/>\n<link rel=\"canonical\" href=\"https:\/\/framtidenskarriar.se\/itdata\/2017\/02\/07\/okande-och-mer-komplexa-hot\/\" \/>\n<meta property=\"og:locale\" content=\"sv_SE\" \/>\n<meta property=\"og:type\" content=\"article\" \/>\n<meta property=\"og:title\" content=\"\u00d6kande och mer komplexa hot - Framtidens karri\u00e4r IT &amp; Data\" \/>\n<meta property=\"og:description\" content=\"S\u00e4kerheten \u00e4r en av de viktigaste fr\u00e5gorna p\u00e5 F\u00f6rsvarsmaktens nyblivne CIO Fredrik Robertssons bord. \u2013...\" \/>\n<meta property=\"og:url\" content=\"https:\/\/framtidenskarriar.se\/itdata\/2017\/02\/07\/okande-och-mer-komplexa-hot\/\" \/>\n<meta property=\"og:site_name\" content=\"Framtidens karri\u00e4r IT &amp; Data\" \/>\n<meta property=\"article:published_time\" content=\"2017-02-07T14:44:31+00:00\" \/>\n<meta property=\"og:image\" content=\"https:\/\/framtidenskarriar.se\/itdata\/wp-content\/uploads\/sites\/13\/2017\/02\/cyber-bild-tagen-okt-2016-robertsson.jpg\" \/>\n\t<meta property=\"og:image:width\" content=\"1000\" \/>\n\t<meta property=\"og:image:height\" content=\"691\" \/>\n\t<meta property=\"og:image:type\" content=\"image\/jpeg\" \/>\n<meta name=\"author\" content=\"stellanstal\" \/>\n<meta name=\"twitter:card\" content=\"summary_large_image\" \/>\n<meta name=\"twitter:label1\" content=\"Skriven av\" \/>\n\t<meta name=\"twitter:data1\" content=\"stellanstal\" \/>\n\t<meta name=\"twitter:label2\" content=\"Ber\u00e4knad l\u00e4stid\" \/>\n\t<meta name=\"twitter:data2\" content=\"4 minuter\" \/>\n<script type=\"application\/ld+json\" class=\"yoast-schema-graph\">{\"@context\":\"https:\\\/\\\/schema.org\",\"@graph\":[{\"@type\":\"Article\",\"@id\":\"https:\\\/\\\/framtidenskarriar.se\\\/itdata\\\/2017\\\/02\\\/07\\\/okande-och-mer-komplexa-hot\\\/#article\",\"isPartOf\":{\"@id\":\"https:\\\/\\\/framtidenskarriar.se\\\/itdata\\\/2017\\\/02\\\/07\\\/okande-och-mer-komplexa-hot\\\/\"},\"author\":{\"name\":\"stellanstal\",\"@id\":\"https:\\\/\\\/framtidenskarriar.se\\\/itdata\\\/#\\\/schema\\\/person\\\/c8a43eb855191e573b73ecf8987a3b99\"},\"headline\":\"\u00d6kande och mer komplexa hot\",\"datePublished\":\"2017-02-07T14:44:31+00:00\",\"mainEntityOfPage\":{\"@id\":\"https:\\\/\\\/framtidenskarriar.se\\\/itdata\\\/2017\\\/02\\\/07\\\/okande-och-mer-komplexa-hot\\\/\"},\"wordCount\":781,\"image\":{\"@id\":\"https:\\\/\\\/framtidenskarriar.se\\\/itdata\\\/2017\\\/02\\\/07\\\/okande-och-mer-komplexa-hot\\\/#primaryimage\"},\"thumbnailUrl\":\"https:\\\/\\\/framtidenskarriar.se\\\/itdata\\\/wp-content\\\/uploads\\\/sites\\\/13\\\/2017\\\/02\\\/cyber-bild-tagen-okt-2016-robertsson.jpg\",\"articleSection\":[\"Artikel\"],\"inLanguage\":\"sv-SE\"},{\"@type\":\"WebPage\",\"@id\":\"https:\\\/\\\/framtidenskarriar.se\\\/itdata\\\/2017\\\/02\\\/07\\\/okande-och-mer-komplexa-hot\\\/\",\"url\":\"https:\\\/\\\/framtidenskarriar.se\\\/itdata\\\/2017\\\/02\\\/07\\\/okande-och-mer-komplexa-hot\\\/\",\"name\":\"\u00d6kande och mer komplexa hot - Framtidens karri\u00e4r IT & Data\",\"isPartOf\":{\"@id\":\"https:\\\/\\\/framtidenskarriar.se\\\/itdata\\\/#website\"},\"primaryImageOfPage\":{\"@id\":\"https:\\\/\\\/framtidenskarriar.se\\\/itdata\\\/2017\\\/02\\\/07\\\/okande-och-mer-komplexa-hot\\\/#primaryimage\"},\"image\":{\"@id\":\"https:\\\/\\\/framtidenskarriar.se\\\/itdata\\\/2017\\\/02\\\/07\\\/okande-och-mer-komplexa-hot\\\/#primaryimage\"},\"thumbnailUrl\":\"https:\\\/\\\/framtidenskarriar.se\\\/itdata\\\/wp-content\\\/uploads\\\/sites\\\/13\\\/2017\\\/02\\\/cyber-bild-tagen-okt-2016-robertsson.jpg\",\"datePublished\":\"2017-02-07T14:44:31+00:00\",\"author\":{\"@id\":\"https:\\\/\\\/framtidenskarriar.se\\\/itdata\\\/#\\\/schema\\\/person\\\/c8a43eb855191e573b73ecf8987a3b99\"},\"breadcrumb\":{\"@id\":\"https:\\\/\\\/framtidenskarriar.se\\\/itdata\\\/2017\\\/02\\\/07\\\/okande-och-mer-komplexa-hot\\\/#breadcrumb\"},\"inLanguage\":\"sv-SE\",\"potentialAction\":[{\"@type\":\"ReadAction\",\"target\":[\"https:\\\/\\\/framtidenskarriar.se\\\/itdata\\\/2017\\\/02\\\/07\\\/okande-och-mer-komplexa-hot\\\/\"]}]},{\"@type\":\"ImageObject\",\"inLanguage\":\"sv-SE\",\"@id\":\"https:\\\/\\\/framtidenskarriar.se\\\/itdata\\\/2017\\\/02\\\/07\\\/okande-och-mer-komplexa-hot\\\/#primaryimage\",\"url\":\"https:\\\/\\\/framtidenskarriar.se\\\/itdata\\\/wp-content\\\/uploads\\\/sites\\\/13\\\/2017\\\/02\\\/cyber-bild-tagen-okt-2016-robertsson.jpg\",\"contentUrl\":\"https:\\\/\\\/framtidenskarriar.se\\\/itdata\\\/wp-content\\\/uploads\\\/sites\\\/13\\\/2017\\\/02\\\/cyber-bild-tagen-okt-2016-robertsson.jpg\",\"width\":1000,\"height\":691,\"caption\":\"Generalmajor Fredrik Robertsson, CIO F\u00f6rsvarsmakten. Foto: F\u00f6rsvarsmakten\"},{\"@type\":\"BreadcrumbList\",\"@id\":\"https:\\\/\\\/framtidenskarriar.se\\\/itdata\\\/2017\\\/02\\\/07\\\/okande-och-mer-komplexa-hot\\\/#breadcrumb\",\"itemListElement\":[{\"@type\":\"ListItem\",\"position\":1,\"name\":\"Home\",\"item\":\"https:\\\/\\\/framtidenskarriar.se\\\/itdata\\\/\"},{\"@type\":\"ListItem\",\"position\":2,\"name\":\"\u00d6kande och mer komplexa hot\"}]},{\"@type\":\"WebSite\",\"@id\":\"https:\\\/\\\/framtidenskarriar.se\\\/itdata\\\/#website\",\"url\":\"https:\\\/\\\/framtidenskarriar.se\\\/itdata\\\/\",\"name\":\"Framtidens karri\u00e4r IT & Data\",\"description\":\"Just another NMDashboard.se Sites site\",\"potentialAction\":[{\"@type\":\"SearchAction\",\"target\":{\"@type\":\"EntryPoint\",\"urlTemplate\":\"https:\\\/\\\/framtidenskarriar.se\\\/itdata\\\/?s={search_term_string}\"},\"query-input\":{\"@type\":\"PropertyValueSpecification\",\"valueRequired\":true,\"valueName\":\"search_term_string\"}}],\"inLanguage\":\"sv-SE\"},{\"@type\":\"Person\",\"@id\":\"https:\\\/\\\/framtidenskarriar.se\\\/itdata\\\/#\\\/schema\\\/person\\\/c8a43eb855191e573b73ecf8987a3b99\",\"name\":\"stellanstal\",\"image\":{\"@type\":\"ImageObject\",\"inLanguage\":\"sv-SE\",\"@id\":\"https:\\\/\\\/secure.gravatar.com\\\/avatar\\\/cd330fa6bb17f598124b2068ee0b189e4fe0987a50af9d53b78410836060d0c9?s=96&d=mm&r=g\",\"url\":\"https:\\\/\\\/secure.gravatar.com\\\/avatar\\\/cd330fa6bb17f598124b2068ee0b189e4fe0987a50af9d53b78410836060d0c9?s=96&d=mm&r=g\",\"contentUrl\":\"https:\\\/\\\/secure.gravatar.com\\\/avatar\\\/cd330fa6bb17f598124b2068ee0b189e4fe0987a50af9d53b78410836060d0c9?s=96&d=mm&r=g\",\"caption\":\"stellanstal\"},\"url\":\"https:\\\/\\\/framtidenskarriar.se\\\/itdata\\\/author\\\/stellanstal\\\/\"}]}<\/script>\n<!-- \/ Yoast SEO plugin. -->","yoast_head_json":{"title":"\u00d6kande och mer komplexa hot - Framtidens karri\u00e4r IT & Data","robots":{"index":"index","follow":"follow","max-snippet":"max-snippet:-1","max-image-preview":"max-image-preview:large","max-video-preview":"max-video-preview:-1"},"canonical":"https:\/\/framtidenskarriar.se\/itdata\/2017\/02\/07\/okande-och-mer-komplexa-hot\/","og_locale":"sv_SE","og_type":"article","og_title":"\u00d6kande och mer komplexa hot - Framtidens karri\u00e4r IT & Data","og_description":"S\u00e4kerheten \u00e4r en av de viktigaste fr\u00e5gorna p\u00e5 F\u00f6rsvarsmaktens nyblivne CIO Fredrik Robertssons bord. \u2013...","og_url":"https:\/\/framtidenskarriar.se\/itdata\/2017\/02\/07\/okande-och-mer-komplexa-hot\/","og_site_name":"Framtidens karri\u00e4r IT & Data","article_published_time":"2017-02-07T14:44:31+00:00","og_image":[{"width":1000,"height":691,"url":"https:\/\/framtidenskarriar.se\/itdata\/wp-content\/uploads\/sites\/13\/2017\/02\/cyber-bild-tagen-okt-2016-robertsson.jpg","type":"image\/jpeg"}],"author":"stellanstal","twitter_card":"summary_large_image","twitter_misc":{"Skriven av":"stellanstal","Ber\u00e4knad l\u00e4stid":"4 minuter"},"schema":{"@context":"https:\/\/schema.org","@graph":[{"@type":"Article","@id":"https:\/\/framtidenskarriar.se\/itdata\/2017\/02\/07\/okande-och-mer-komplexa-hot\/#article","isPartOf":{"@id":"https:\/\/framtidenskarriar.se\/itdata\/2017\/02\/07\/okande-och-mer-komplexa-hot\/"},"author":{"name":"stellanstal","@id":"https:\/\/framtidenskarriar.se\/itdata\/#\/schema\/person\/c8a43eb855191e573b73ecf8987a3b99"},"headline":"\u00d6kande och mer komplexa hot","datePublished":"2017-02-07T14:44:31+00:00","mainEntityOfPage":{"@id":"https:\/\/framtidenskarriar.se\/itdata\/2017\/02\/07\/okande-och-mer-komplexa-hot\/"},"wordCount":781,"image":{"@id":"https:\/\/framtidenskarriar.se\/itdata\/2017\/02\/07\/okande-och-mer-komplexa-hot\/#primaryimage"},"thumbnailUrl":"https:\/\/framtidenskarriar.se\/itdata\/wp-content\/uploads\/sites\/13\/2017\/02\/cyber-bild-tagen-okt-2016-robertsson.jpg","articleSection":["Artikel"],"inLanguage":"sv-SE"},{"@type":"WebPage","@id":"https:\/\/framtidenskarriar.se\/itdata\/2017\/02\/07\/okande-och-mer-komplexa-hot\/","url":"https:\/\/framtidenskarriar.se\/itdata\/2017\/02\/07\/okande-och-mer-komplexa-hot\/","name":"\u00d6kande och mer komplexa hot - Framtidens karri\u00e4r IT & Data","isPartOf":{"@id":"https:\/\/framtidenskarriar.se\/itdata\/#website"},"primaryImageOfPage":{"@id":"https:\/\/framtidenskarriar.se\/itdata\/2017\/02\/07\/okande-och-mer-komplexa-hot\/#primaryimage"},"image":{"@id":"https:\/\/framtidenskarriar.se\/itdata\/2017\/02\/07\/okande-och-mer-komplexa-hot\/#primaryimage"},"thumbnailUrl":"https:\/\/framtidenskarriar.se\/itdata\/wp-content\/uploads\/sites\/13\/2017\/02\/cyber-bild-tagen-okt-2016-robertsson.jpg","datePublished":"2017-02-07T14:44:31+00:00","author":{"@id":"https:\/\/framtidenskarriar.se\/itdata\/#\/schema\/person\/c8a43eb855191e573b73ecf8987a3b99"},"breadcrumb":{"@id":"https:\/\/framtidenskarriar.se\/itdata\/2017\/02\/07\/okande-och-mer-komplexa-hot\/#breadcrumb"},"inLanguage":"sv-SE","potentialAction":[{"@type":"ReadAction","target":["https:\/\/framtidenskarriar.se\/itdata\/2017\/02\/07\/okande-och-mer-komplexa-hot\/"]}]},{"@type":"ImageObject","inLanguage":"sv-SE","@id":"https:\/\/framtidenskarriar.se\/itdata\/2017\/02\/07\/okande-och-mer-komplexa-hot\/#primaryimage","url":"https:\/\/framtidenskarriar.se\/itdata\/wp-content\/uploads\/sites\/13\/2017\/02\/cyber-bild-tagen-okt-2016-robertsson.jpg","contentUrl":"https:\/\/framtidenskarriar.se\/itdata\/wp-content\/uploads\/sites\/13\/2017\/02\/cyber-bild-tagen-okt-2016-robertsson.jpg","width":1000,"height":691,"caption":"Generalmajor Fredrik Robertsson, CIO F\u00f6rsvarsmakten. Foto: F\u00f6rsvarsmakten"},{"@type":"BreadcrumbList","@id":"https:\/\/framtidenskarriar.se\/itdata\/2017\/02\/07\/okande-och-mer-komplexa-hot\/#breadcrumb","itemListElement":[{"@type":"ListItem","position":1,"name":"Home","item":"https:\/\/framtidenskarriar.se\/itdata\/"},{"@type":"ListItem","position":2,"name":"\u00d6kande och mer komplexa hot"}]},{"@type":"WebSite","@id":"https:\/\/framtidenskarriar.se\/itdata\/#website","url":"https:\/\/framtidenskarriar.se\/itdata\/","name":"Framtidens karri\u00e4r IT & Data","description":"Just another NMDashboard.se Sites site","potentialAction":[{"@type":"SearchAction","target":{"@type":"EntryPoint","urlTemplate":"https:\/\/framtidenskarriar.se\/itdata\/?s={search_term_string}"},"query-input":{"@type":"PropertyValueSpecification","valueRequired":true,"valueName":"search_term_string"}}],"inLanguage":"sv-SE"},{"@type":"Person","@id":"https:\/\/framtidenskarriar.se\/itdata\/#\/schema\/person\/c8a43eb855191e573b73ecf8987a3b99","name":"stellanstal","image":{"@type":"ImageObject","inLanguage":"sv-SE","@id":"https:\/\/secure.gravatar.com\/avatar\/cd330fa6bb17f598124b2068ee0b189e4fe0987a50af9d53b78410836060d0c9?s=96&d=mm&r=g","url":"https:\/\/secure.gravatar.com\/avatar\/cd330fa6bb17f598124b2068ee0b189e4fe0987a50af9d53b78410836060d0c9?s=96&d=mm&r=g","contentUrl":"https:\/\/secure.gravatar.com\/avatar\/cd330fa6bb17f598124b2068ee0b189e4fe0987a50af9d53b78410836060d0c9?s=96&d=mm&r=g","caption":"stellanstal"},"url":"https:\/\/framtidenskarriar.se\/itdata\/author\/stellanstal\/"}]}},"_links":{"self":[{"href":"https:\/\/framtidenskarriar.se\/itdata\/wp-json\/wp\/v2\/posts\/5509","targetHints":{"allow":["GET"]}}],"collection":[{"href":"https:\/\/framtidenskarriar.se\/itdata\/wp-json\/wp\/v2\/posts"}],"about":[{"href":"https:\/\/framtidenskarriar.se\/itdata\/wp-json\/wp\/v2\/types\/post"}],"author":[{"embeddable":true,"href":"https:\/\/framtidenskarriar.se\/itdata\/wp-json\/wp\/v2\/users\/3"}],"replies":[{"embeddable":true,"href":"https:\/\/framtidenskarriar.se\/itdata\/wp-json\/wp\/v2\/comments?post=5509"}],"version-history":[{"count":0,"href":"https:\/\/framtidenskarriar.se\/itdata\/wp-json\/wp\/v2\/posts\/5509\/revisions"}],"wp:featuredmedia":[{"embeddable":true,"href":"https:\/\/framtidenskarriar.se\/itdata\/wp-json\/wp\/v2\/media\/5510"}],"wp:attachment":[{"href":"https:\/\/framtidenskarriar.se\/itdata\/wp-json\/wp\/v2\/media?parent=5509"}],"wp:term":[{"taxonomy":"category","embeddable":true,"href":"https:\/\/framtidenskarriar.se\/itdata\/wp-json\/wp\/v2\/categories?post=5509"},{"taxonomy":"post_tag","embeddable":true,"href":"https:\/\/framtidenskarriar.se\/itdata\/wp-json\/wp\/v2\/tags?post=5509"}],"curies":[{"name":"wp","href":"https:\/\/api.w.org\/{rel}","templated":true}]}}