{"id":5560,"date":"2018-02-07T12:19:02","date_gmt":"2018-02-07T10:19:02","guid":{"rendered":"http:\/\/framtidenskarriar.se\/itdata\/?p=5560"},"modified":"2018-02-07T12:19:02","modified_gmt":"2018-02-07T10:19:02","slug":"brett-och-flexibelt-it-arbete-i-region-gavleborg","status":"publish","type":"post","link":"https:\/\/framtidenskarriar.se\/itdata\/2018\/02\/07\/brett-och-flexibelt-it-arbete-i-region-gavleborg\/","title":{"rendered":"Brett och flexibelt IT-arbete i Region G\u00e4vleborg"},"content":{"rendered":"<p><figure id=\"attachment_5561\" aria-describedby=\"caption-attachment-5561\" style=\"width: 1000px\" class=\"wp-caption alignnone\"><img loading=\"lazy\" decoding=\"async\" src=\"https:\/\/framtidenskarriar.se\/itdata\/wp-content\/uploads\/sites\/13\/2018\/02\/gavleborg-fotograf-mikael-bergling2.jpg\" alt=\"Ann-Catrin Hedin och Mattias Tyve trivs bra hos Region G\u00e4vleborg. Foto: Micke Bergling\" width=\"1000\" height=\"634\" class=\"size-full wp-image-5561\" srcset=\"https:\/\/framtidenskarriar.se\/itdata\/wp-content\/uploads\/sites\/13\/2018\/02\/gavleborg-fotograf-mikael-bergling2.jpg 1000w, https:\/\/framtidenskarriar.se\/itdata\/wp-content\/uploads\/sites\/13\/2018\/02\/gavleborg-fotograf-mikael-bergling2-300x190.jpg 300w, https:\/\/framtidenskarriar.se\/itdata\/wp-content\/uploads\/sites\/13\/2018\/02\/gavleborg-fotograf-mikael-bergling2-768x487.jpg 768w, https:\/\/framtidenskarriar.se\/itdata\/wp-content\/uploads\/sites\/13\/2018\/02\/gavleborg-fotograf-mikael-bergling2-252x160.jpg 252w, https:\/\/framtidenskarriar.se\/itdata\/wp-content\/uploads\/sites\/13\/2018\/02\/gavleborg-fotograf-mikael-bergling2-526x333.jpg 526w, https:\/\/framtidenskarriar.se\/itdata\/wp-content\/uploads\/sites\/13\/2018\/02\/gavleborg-fotograf-mikael-bergling2-720x456.jpg 720w, https:\/\/framtidenskarriar.se\/itdata\/wp-content\/uploads\/sites\/13\/2018\/02\/gavleborg-fotograf-mikael-bergling2-960x609.jpg 960w\" sizes=\"auto, (max-width: 1000px) 100vw, 1000px\" \/><figcaption id=\"caption-attachment-5561\" class=\"wp-caption-text\">Ann-Catrin Hedin och Mattias Tyve trivs bra hos Region G\u00e4vleborg. Foto: Micke Bergling<\/figcaption><\/figure><strong>Region G\u00e4vleborg satsar p\u00e5 att utveckla sina digitala l\u00f6sningar och sin IT-avdelning. H\u00e4r samsas medarbetare fr\u00e5n vitt skilda bakgrunder, som alla bidrar till att utveckla regionens digitala infrastruktur och medborgartj\u00e4nster.<\/strong><\/p>\n<p>Mattias Tyve arbetar med systemf\u00f6rvaltning i Region G\u00e4vleborg. Han \u00e4r utbildad p\u00e5 Ume\u00e5 universitet inom beteendevetenskap med inriktning p\u00e5 IT-milj\u00f6er och kom till regionens IT-avdelning f\u00f6r drygt tv\u00e5 och ett halvt \u00e5r sedan.<br \/>\n\u2013 Jag har jobbat p\u00e5 andra st\u00e4llen inom G\u00e4vleborg, b\u00e5de offentligt och privat, men jag k\u00e4nde ganska snabbt att det var h\u00e4r jag ville hamna. Jag trivs med uppgifterna och det \u00e4r v\u00e4ldigt praktiskt att kunna arbeta inom hela l\u00e4net.<br \/>\nHan betonar att en av de positivaste aspekterna med Region G\u00e4vleborg \u00e4r att han delar sin arbetsplats med en stor m\u00e4ngd professioner, vilket inneb\u00e4r utvecklande utmaningar f\u00f6r honom sj\u00e4lv.<br \/>\n\u2013 P\u00e5 en privat arbetsplats kan det vara ganska homogent, men h\u00e4r finns det en uppsj\u00f6 av olika personer som alla beh\u00f6ver kunna ta del av samma information och material. D\u00e5 g\u00e4ller det att t\u00e4nka till och utforma system och direktiv p\u00e5 ett m\u00e5lgruppsanpassat s\u00e4tt, vilket \u00e4r v\u00e4ldigt roligt. Man f\u00e5r st\u00e4lla sig fr\u00e5gorna vem som fr\u00e4mst beh\u00f6ver materialet och vad som har f\u00f6r\u00e4ndrats, s\u00e5 det \u00e4r en \u00f6vning i att prioritera, s\u00e4ger han.<br \/>\nKollegan Ann-Catrin Hedin arbetar inom verksamhetsst\u00f6d, men till skillnad fr\u00e5n Mattias har hon en bakgrund som sjuksk\u00f6terska, men har arbetat med IT i 20 \u00e5r.<br \/>\n\u2013 Jag har en helt annan bakgrund och b\u00f6rjade jobba med IT d\u00e5 vi skulle inf\u00f6ra journalsystem i prim\u00e4rv\u00e5rden. Jag tyckte att det var ett roligt jobb och n\u00e4r det blev en tj\u00e4nst ledig s\u00f6kte jag den. Det \u00e4r ett sp\u00e4nnande och utvecklande arbete och jag inst\u00e4mmer med Mattias \u2013 en av v\u00e5ra st\u00f6rsta styrkor \u00e4r att vi \u00e4r en s\u00e5 varierad grupp och att vi kompletterar varandra.<\/p>\n<p><strong>V\u00e4ldigt breda uppgifter <\/strong><br \/>\nLiksom Mattias har Ann-Catrin under sin karri\u00e4r provat p\u00e5 den privata sektorn, men \u00e4ven hon \u00e5terv\u00e4nde till regionen.<br \/>\n\u2013 Region G\u00e4vleborg \u00e4r en bra arbetsgivare och det \u00e4r ett gott betyg att jag s\u00f6kt mig tillbaka hit. Jag har jobbat h\u00e4r i m\u00e5nga \u00e5r nu, men har aldrig k\u00e4nt att jag riskerat att stagnera. Tv\u00e4rtom har jag f\u00e5tt chansen att prova p\u00e5 en m\u00e4ngd olika uppgifter och roller, kunnat byta uppdrag och mycket annat. Det \u00e4r v\u00e4ldigt brett \u2013 man kan till exempel arbeta med journalsystem, olika integrationer eller nationella e-tj\u00e4nster och det finns alltid utmaningar, konstaterar hon.<\/p>\n<p><strong>M\u00f6jligheter att utvecklas<\/strong><br \/>\nB\u00e5de Ann-Catrin och Mattias \u00e4r \u00f6verens om att regionens bredd och flexibla arbetsf\u00f6rh\u00e5llanden spelar stor roll f\u00f6r att de trivs s\u00e5 bra, men till syvende och sist handlar det om utveckling och om att kunna trivas.<br \/>\n\u2013 Det finns alla m\u00f6jligheter att vidareutbilda sig f\u00f6r den som vill utvecklas. F\u00f6rutom att g\u00e5 l\u00e4rarledda eller l\u00e4rarl\u00f6sa kurser internt finns det en utm\u00e4rkt chefsutbildning som \u00e4r popul\u00e4r. D\u00e4rut\u00ad\u00f6ver finns alternativet att s\u00f6ka sig till en annan grupp eller ett annat objekt\/projekt och l\u00e4ra sig nya kompetenser genom kunskapsutbyte med kollegor, betonar Mattias.<br \/>\n\u2013 Inom verksamheten finns m\u00e5nga olika professioner och bra karri\u00e4rv\u00e4gar, men det kr\u00e4ver att man visar engagemang sj\u00e4lv. Det finns ett visst eget ansvar att vara intresserad, men s\u00e5vida det intresset finns \u00e4r klimatet v\u00e4ldigt uppmuntrande.<\/p>\n<p><strong>Positiv st\u00e4mning och h\u00f6gt i tak<\/strong><br \/>\nEn annan aspekt som spelar en avg\u00f6rande roll \u00e4r naturligtvis arbetsmilj\u00f6n och kollegorna. St\u00e4mningen \u00e4r positiv och \u00f6ppen och ledningen fr\u00e4mjar f\u00f6rb\u00e4ttringsf\u00f6rslag och kvalitetsarbete.<br \/>\n\u2013 V\u00e5ra chefer \u00e4r tillg\u00e4ngliga och vi har ett h\u00f6gt tempo. Det finns dock inga givna svar, utan vi beh\u00f6ver vara proaktiva och kunna hantera ok\u00e4nda faktorer och l\u00f6sa problem. Ofta beh\u00f6ver man utforma svaret tillsammans, s\u00e5 sj\u00e4lv \u00e4r s\u00e4llan b\u00e4ste dr\u00e4ng! I slut\u00e4nden beh\u00f6ver man vara en \u201dpeople person\u201d \u00e4ven om man jobbar med IT, och det \u00e4r den dualismen som g\u00f6r det h\u00e4r jobbet s\u00e5 roligt, avslutar de.<\/p>\n<div class=\"faktaruta-title\">Region G\u00e4vleborg<\/div><div class=\"faktaruta\">Region G\u00e4vleborg \u00e4r en politiskt styrd organisation. Bland ansvarsomr\u00e5dena finns folkh\u00e4lsa och h\u00e4lso- och sjukv\u00e5rd, infrastruktur och kollektivtrafik, kompetens- och utbildningsfr\u00e5gor, n\u00e4ringslivsutveckling, internationella fr\u00e5gor och kultur. IT-avdelningen ska utifr\u00e5n ett helhetsperspektiv ansvara f\u00f6r att IT-milj\u00f6n, kommunikationen och telefonin inom Region G\u00e4vleborg \u00e4r s\u00e5 optimal och kostnadseffektiv som m\u00f6jligt.<br \/>\nAvdelningen best\u00e5r av fem enheter: IT-verksamhetsst\u00f6d, Systemf\u00f6rvaltning, Klient- och applikationsdrift, Systemsupport samt Serverdrift och infrastruktur.<br \/>\n<strong><a href=\"http:\/\/www.regiongavleborg.se\" rel=\"noopener noreferrer\" target=\"_blank\">www.regiongavleborg.se<\/a><\/strong><\/br><br \/>\n<a href=\"http:\/\/www.regiongavleborg.se\" rel=\"noopener noreferrer\" target=\"_blank\"><img loading=\"lazy\" decoding=\"async\" src=\"http:\/\/framtidenskarriar.se\/itdata\/wp-content\/uploads\/2018\/02\/gavleborg_koncernlogotyp_farg-530x160.png\" alt=\"\" width=\"332\" height=\"100\" class=\"alignnone size-large wp-image-5562\" \/><\/a><\/div>\n","protected":false},"excerpt":{"rendered":"<p>Region G\u00e4vleborg satsar p\u00e5 att utveckla sina digitala l\u00f6sningar och sin IT-avdelning. H\u00e4r samsas medarbetare&#8230;<\/p>\n","protected":false},"author":3,"featured_media":5561,"comment_status":"closed","ping_status":"open","sticky":false,"template":"","format":"standard","meta":{"_acf_changed":false,"_monsterinsights_skip_tracking":false,"_monsterinsights_sitenote_active":false,"_monsterinsights_sitenote_note":"","_monsterinsights_sitenote_category":0,"footnotes":""},"categories":[9],"tags":[64,66,99,146,147,160,204,205],"class_list":["post-5560","post","type-post","status-publish","format-standard","has-post-thumbnail","hentry","category-presentation","tag-e-halsa","tag-e-tjanster","tag-halso-och-sjukvard","tag-kollektivtrafik","tag-kommun","tag-landsting","tag-region","tag-region-gavleborg"],"acf":[],"yoast_head":"<!-- This site is optimized with the Yoast SEO plugin v27.3 - https:\/\/yoast.com\/product\/yoast-seo-wordpress\/ -->\n<title>Brett och flexibelt IT-arbete i Region G\u00e4vleborg - Framtidens karri\u00e4r IT &amp; Data<\/title>\n<meta name=\"robots\" content=\"index, follow, max-snippet:-1, max-image-preview:large, max-video-preview:-1\" \/>\n<link rel=\"canonical\" href=\"https:\/\/framtidenskarriar.se\/itdata\/2018\/02\/07\/brett-och-flexibelt-it-arbete-i-region-gavleborg\/\" \/>\n<meta property=\"og:locale\" content=\"sv_SE\" \/>\n<meta property=\"og:type\" content=\"article\" \/>\n<meta property=\"og:title\" content=\"Brett och flexibelt IT-arbete i Region G\u00e4vleborg - Framtidens karri\u00e4r IT &amp; Data\" \/>\n<meta property=\"og:description\" content=\"Region G\u00e4vleborg satsar p\u00e5 att utveckla sina digitala l\u00f6sningar och sin IT-avdelning. H\u00e4r samsas medarbetare...\" \/>\n<meta property=\"og:url\" content=\"https:\/\/framtidenskarriar.se\/itdata\/2018\/02\/07\/brett-och-flexibelt-it-arbete-i-region-gavleborg\/\" \/>\n<meta property=\"og:site_name\" content=\"Framtidens karri\u00e4r IT &amp; Data\" \/>\n<meta property=\"article:published_time\" content=\"2018-02-07T10:19:02+00:00\" \/>\n<meta property=\"og:image\" content=\"https:\/\/framtidenskarriar.se\/itdata\/wp-content\/uploads\/sites\/13\/2018\/02\/gavleborg-fotograf-mikael-bergling2.jpg\" \/>\n\t<meta property=\"og:image:width\" content=\"1000\" \/>\n\t<meta property=\"og:image:height\" content=\"634\" \/>\n\t<meta property=\"og:image:type\" content=\"image\/jpeg\" \/>\n<meta name=\"author\" content=\"stellanstal\" \/>\n<meta name=\"twitter:card\" content=\"summary_large_image\" \/>\n<meta name=\"twitter:label1\" content=\"Skriven av\" \/>\n\t<meta name=\"twitter:data1\" content=\"stellanstal\" \/>\n\t<meta name=\"twitter:label2\" content=\"Ber\u00e4knad l\u00e4stid\" \/>\n\t<meta name=\"twitter:data2\" content=\"4 minuter\" \/>\n<script type=\"application\/ld+json\" class=\"yoast-schema-graph\">{\"@context\":\"https:\\\/\\\/schema.org\",\"@graph\":[{\"@type\":\"Article\",\"@id\":\"https:\\\/\\\/framtidenskarriar.se\\\/itdata\\\/2018\\\/02\\\/07\\\/brett-och-flexibelt-it-arbete-i-region-gavleborg\\\/#article\",\"isPartOf\":{\"@id\":\"https:\\\/\\\/framtidenskarriar.se\\\/itdata\\\/2018\\\/02\\\/07\\\/brett-och-flexibelt-it-arbete-i-region-gavleborg\\\/\"},\"author\":{\"name\":\"stellanstal\",\"@id\":\"https:\\\/\\\/framtidenskarriar.se\\\/itdata\\\/#\\\/schema\\\/person\\\/c8a43eb855191e573b73ecf8987a3b99\"},\"headline\":\"Brett och flexibelt IT-arbete i Region G\u00e4vleborg\",\"datePublished\":\"2018-02-07T10:19:02+00:00\",\"mainEntityOfPage\":{\"@id\":\"https:\\\/\\\/framtidenskarriar.se\\\/itdata\\\/2018\\\/02\\\/07\\\/brett-och-flexibelt-it-arbete-i-region-gavleborg\\\/\"},\"wordCount\":848,\"image\":{\"@id\":\"https:\\\/\\\/framtidenskarriar.se\\\/itdata\\\/2018\\\/02\\\/07\\\/brett-och-flexibelt-it-arbete-i-region-gavleborg\\\/#primaryimage\"},\"thumbnailUrl\":\"https:\\\/\\\/framtidenskarriar.se\\\/itdata\\\/wp-content\\\/uploads\\\/sites\\\/13\\\/2018\\\/02\\\/gavleborg-fotograf-mikael-bergling2.jpg\",\"keywords\":[\"E-h\u00e4lsa\",\"E-tj\u00e4nster\",\"H\u00e4lso- och sjukv\u00e5rd\",\"Kollektivtrafik\",\"Kommun\",\"Landsting\",\"Region\",\"Region G\u00e4vleborg\"],\"articleSection\":[\"Presentation\"],\"inLanguage\":\"sv-SE\"},{\"@type\":\"WebPage\",\"@id\":\"https:\\\/\\\/framtidenskarriar.se\\\/itdata\\\/2018\\\/02\\\/07\\\/brett-och-flexibelt-it-arbete-i-region-gavleborg\\\/\",\"url\":\"https:\\\/\\\/framtidenskarriar.se\\\/itdata\\\/2018\\\/02\\\/07\\\/brett-och-flexibelt-it-arbete-i-region-gavleborg\\\/\",\"name\":\"Brett och flexibelt IT-arbete i Region G\u00e4vleborg - Framtidens karri\u00e4r IT & Data\",\"isPartOf\":{\"@id\":\"https:\\\/\\\/framtidenskarriar.se\\\/itdata\\\/#website\"},\"primaryImageOfPage\":{\"@id\":\"https:\\\/\\\/framtidenskarriar.se\\\/itdata\\\/2018\\\/02\\\/07\\\/brett-och-flexibelt-it-arbete-i-region-gavleborg\\\/#primaryimage\"},\"image\":{\"@id\":\"https:\\\/\\\/framtidenskarriar.se\\\/itdata\\\/2018\\\/02\\\/07\\\/brett-och-flexibelt-it-arbete-i-region-gavleborg\\\/#primaryimage\"},\"thumbnailUrl\":\"https:\\\/\\\/framtidenskarriar.se\\\/itdata\\\/wp-content\\\/uploads\\\/sites\\\/13\\\/2018\\\/02\\\/gavleborg-fotograf-mikael-bergling2.jpg\",\"datePublished\":\"2018-02-07T10:19:02+00:00\",\"author\":{\"@id\":\"https:\\\/\\\/framtidenskarriar.se\\\/itdata\\\/#\\\/schema\\\/person\\\/c8a43eb855191e573b73ecf8987a3b99\"},\"breadcrumb\":{\"@id\":\"https:\\\/\\\/framtidenskarriar.se\\\/itdata\\\/2018\\\/02\\\/07\\\/brett-och-flexibelt-it-arbete-i-region-gavleborg\\\/#breadcrumb\"},\"inLanguage\":\"sv-SE\",\"potentialAction\":[{\"@type\":\"ReadAction\",\"target\":[\"https:\\\/\\\/framtidenskarriar.se\\\/itdata\\\/2018\\\/02\\\/07\\\/brett-och-flexibelt-it-arbete-i-region-gavleborg\\\/\"]}]},{\"@type\":\"ImageObject\",\"inLanguage\":\"sv-SE\",\"@id\":\"https:\\\/\\\/framtidenskarriar.se\\\/itdata\\\/2018\\\/02\\\/07\\\/brett-och-flexibelt-it-arbete-i-region-gavleborg\\\/#primaryimage\",\"url\":\"https:\\\/\\\/framtidenskarriar.se\\\/itdata\\\/wp-content\\\/uploads\\\/sites\\\/13\\\/2018\\\/02\\\/gavleborg-fotograf-mikael-bergling2.jpg\",\"contentUrl\":\"https:\\\/\\\/framtidenskarriar.se\\\/itdata\\\/wp-content\\\/uploads\\\/sites\\\/13\\\/2018\\\/02\\\/gavleborg-fotograf-mikael-bergling2.jpg\",\"width\":1000,\"height\":634,\"caption\":\"Ann-Catrin Hedin och Mattias Tyve trivs bra hos Region G\u00e4vleborg. Foto: Micke Bergling\"},{\"@type\":\"BreadcrumbList\",\"@id\":\"https:\\\/\\\/framtidenskarriar.se\\\/itdata\\\/2018\\\/02\\\/07\\\/brett-och-flexibelt-it-arbete-i-region-gavleborg\\\/#breadcrumb\",\"itemListElement\":[{\"@type\":\"ListItem\",\"position\":1,\"name\":\"Home\",\"item\":\"https:\\\/\\\/framtidenskarriar.se\\\/itdata\\\/\"},{\"@type\":\"ListItem\",\"position\":2,\"name\":\"Brett och flexibelt IT-arbete i Region G\u00e4vleborg\"}]},{\"@type\":\"WebSite\",\"@id\":\"https:\\\/\\\/framtidenskarriar.se\\\/itdata\\\/#website\",\"url\":\"https:\\\/\\\/framtidenskarriar.se\\\/itdata\\\/\",\"name\":\"Framtidens karri\u00e4r IT & Data\",\"description\":\"Just another NMDashboard.se Sites site\",\"potentialAction\":[{\"@type\":\"SearchAction\",\"target\":{\"@type\":\"EntryPoint\",\"urlTemplate\":\"https:\\\/\\\/framtidenskarriar.se\\\/itdata\\\/?s={search_term_string}\"},\"query-input\":{\"@type\":\"PropertyValueSpecification\",\"valueRequired\":true,\"valueName\":\"search_term_string\"}}],\"inLanguage\":\"sv-SE\"},{\"@type\":\"Person\",\"@id\":\"https:\\\/\\\/framtidenskarriar.se\\\/itdata\\\/#\\\/schema\\\/person\\\/c8a43eb855191e573b73ecf8987a3b99\",\"name\":\"stellanstal\",\"image\":{\"@type\":\"ImageObject\",\"inLanguage\":\"sv-SE\",\"@id\":\"https:\\\/\\\/secure.gravatar.com\\\/avatar\\\/cd330fa6bb17f598124b2068ee0b189e4fe0987a50af9d53b78410836060d0c9?s=96&d=mm&r=g\",\"url\":\"https:\\\/\\\/secure.gravatar.com\\\/avatar\\\/cd330fa6bb17f598124b2068ee0b189e4fe0987a50af9d53b78410836060d0c9?s=96&d=mm&r=g\",\"contentUrl\":\"https:\\\/\\\/secure.gravatar.com\\\/avatar\\\/cd330fa6bb17f598124b2068ee0b189e4fe0987a50af9d53b78410836060d0c9?s=96&d=mm&r=g\",\"caption\":\"stellanstal\"},\"url\":\"https:\\\/\\\/framtidenskarriar.se\\\/itdata\\\/author\\\/stellanstal\\\/\"}]}<\/script>\n<!-- \/ Yoast SEO plugin. -->","yoast_head_json":{"title":"Brett och flexibelt IT-arbete i Region G\u00e4vleborg - Framtidens karri\u00e4r IT & Data","robots":{"index":"index","follow":"follow","max-snippet":"max-snippet:-1","max-image-preview":"max-image-preview:large","max-video-preview":"max-video-preview:-1"},"canonical":"https:\/\/framtidenskarriar.se\/itdata\/2018\/02\/07\/brett-och-flexibelt-it-arbete-i-region-gavleborg\/","og_locale":"sv_SE","og_type":"article","og_title":"Brett och flexibelt IT-arbete i Region G\u00e4vleborg - Framtidens karri\u00e4r IT & Data","og_description":"Region G\u00e4vleborg satsar p\u00e5 att utveckla sina digitala l\u00f6sningar och sin IT-avdelning. H\u00e4r samsas medarbetare...","og_url":"https:\/\/framtidenskarriar.se\/itdata\/2018\/02\/07\/brett-och-flexibelt-it-arbete-i-region-gavleborg\/","og_site_name":"Framtidens karri\u00e4r IT & Data","article_published_time":"2018-02-07T10:19:02+00:00","og_image":[{"width":1000,"height":634,"url":"https:\/\/framtidenskarriar.se\/itdata\/wp-content\/uploads\/sites\/13\/2018\/02\/gavleborg-fotograf-mikael-bergling2.jpg","type":"image\/jpeg"}],"author":"stellanstal","twitter_card":"summary_large_image","twitter_misc":{"Skriven av":"stellanstal","Ber\u00e4knad l\u00e4stid":"4 minuter"},"schema":{"@context":"https:\/\/schema.org","@graph":[{"@type":"Article","@id":"https:\/\/framtidenskarriar.se\/itdata\/2018\/02\/07\/brett-och-flexibelt-it-arbete-i-region-gavleborg\/#article","isPartOf":{"@id":"https:\/\/framtidenskarriar.se\/itdata\/2018\/02\/07\/brett-och-flexibelt-it-arbete-i-region-gavleborg\/"},"author":{"name":"stellanstal","@id":"https:\/\/framtidenskarriar.se\/itdata\/#\/schema\/person\/c8a43eb855191e573b73ecf8987a3b99"},"headline":"Brett och flexibelt IT-arbete i Region G\u00e4vleborg","datePublished":"2018-02-07T10:19:02+00:00","mainEntityOfPage":{"@id":"https:\/\/framtidenskarriar.se\/itdata\/2018\/02\/07\/brett-och-flexibelt-it-arbete-i-region-gavleborg\/"},"wordCount":848,"image":{"@id":"https:\/\/framtidenskarriar.se\/itdata\/2018\/02\/07\/brett-och-flexibelt-it-arbete-i-region-gavleborg\/#primaryimage"},"thumbnailUrl":"https:\/\/framtidenskarriar.se\/itdata\/wp-content\/uploads\/sites\/13\/2018\/02\/gavleborg-fotograf-mikael-bergling2.jpg","keywords":["E-h\u00e4lsa","E-tj\u00e4nster","H\u00e4lso- och sjukv\u00e5rd","Kollektivtrafik","Kommun","Landsting","Region","Region G\u00e4vleborg"],"articleSection":["Presentation"],"inLanguage":"sv-SE"},{"@type":"WebPage","@id":"https:\/\/framtidenskarriar.se\/itdata\/2018\/02\/07\/brett-och-flexibelt-it-arbete-i-region-gavleborg\/","url":"https:\/\/framtidenskarriar.se\/itdata\/2018\/02\/07\/brett-och-flexibelt-it-arbete-i-region-gavleborg\/","name":"Brett och flexibelt IT-arbete i Region G\u00e4vleborg - Framtidens karri\u00e4r IT & Data","isPartOf":{"@id":"https:\/\/framtidenskarriar.se\/itdata\/#website"},"primaryImageOfPage":{"@id":"https:\/\/framtidenskarriar.se\/itdata\/2018\/02\/07\/brett-och-flexibelt-it-arbete-i-region-gavleborg\/#primaryimage"},"image":{"@id":"https:\/\/framtidenskarriar.se\/itdata\/2018\/02\/07\/brett-och-flexibelt-it-arbete-i-region-gavleborg\/#primaryimage"},"thumbnailUrl":"https:\/\/framtidenskarriar.se\/itdata\/wp-content\/uploads\/sites\/13\/2018\/02\/gavleborg-fotograf-mikael-bergling2.jpg","datePublished":"2018-02-07T10:19:02+00:00","author":{"@id":"https:\/\/framtidenskarriar.se\/itdata\/#\/schema\/person\/c8a43eb855191e573b73ecf8987a3b99"},"breadcrumb":{"@id":"https:\/\/framtidenskarriar.se\/itdata\/2018\/02\/07\/brett-och-flexibelt-it-arbete-i-region-gavleborg\/#breadcrumb"},"inLanguage":"sv-SE","potentialAction":[{"@type":"ReadAction","target":["https:\/\/framtidenskarriar.se\/itdata\/2018\/02\/07\/brett-och-flexibelt-it-arbete-i-region-gavleborg\/"]}]},{"@type":"ImageObject","inLanguage":"sv-SE","@id":"https:\/\/framtidenskarriar.se\/itdata\/2018\/02\/07\/brett-och-flexibelt-it-arbete-i-region-gavleborg\/#primaryimage","url":"https:\/\/framtidenskarriar.se\/itdata\/wp-content\/uploads\/sites\/13\/2018\/02\/gavleborg-fotograf-mikael-bergling2.jpg","contentUrl":"https:\/\/framtidenskarriar.se\/itdata\/wp-content\/uploads\/sites\/13\/2018\/02\/gavleborg-fotograf-mikael-bergling2.jpg","width":1000,"height":634,"caption":"Ann-Catrin Hedin och Mattias Tyve trivs bra hos Region G\u00e4vleborg. Foto: Micke Bergling"},{"@type":"BreadcrumbList","@id":"https:\/\/framtidenskarriar.se\/itdata\/2018\/02\/07\/brett-och-flexibelt-it-arbete-i-region-gavleborg\/#breadcrumb","itemListElement":[{"@type":"ListItem","position":1,"name":"Home","item":"https:\/\/framtidenskarriar.se\/itdata\/"},{"@type":"ListItem","position":2,"name":"Brett och flexibelt IT-arbete i Region G\u00e4vleborg"}]},{"@type":"WebSite","@id":"https:\/\/framtidenskarriar.se\/itdata\/#website","url":"https:\/\/framtidenskarriar.se\/itdata\/","name":"Framtidens karri\u00e4r IT & Data","description":"Just another NMDashboard.se Sites site","potentialAction":[{"@type":"SearchAction","target":{"@type":"EntryPoint","urlTemplate":"https:\/\/framtidenskarriar.se\/itdata\/?s={search_term_string}"},"query-input":{"@type":"PropertyValueSpecification","valueRequired":true,"valueName":"search_term_string"}}],"inLanguage":"sv-SE"},{"@type":"Person","@id":"https:\/\/framtidenskarriar.se\/itdata\/#\/schema\/person\/c8a43eb855191e573b73ecf8987a3b99","name":"stellanstal","image":{"@type":"ImageObject","inLanguage":"sv-SE","@id":"https:\/\/secure.gravatar.com\/avatar\/cd330fa6bb17f598124b2068ee0b189e4fe0987a50af9d53b78410836060d0c9?s=96&d=mm&r=g","url":"https:\/\/secure.gravatar.com\/avatar\/cd330fa6bb17f598124b2068ee0b189e4fe0987a50af9d53b78410836060d0c9?s=96&d=mm&r=g","contentUrl":"https:\/\/secure.gravatar.com\/avatar\/cd330fa6bb17f598124b2068ee0b189e4fe0987a50af9d53b78410836060d0c9?s=96&d=mm&r=g","caption":"stellanstal"},"url":"https:\/\/framtidenskarriar.se\/itdata\/author\/stellanstal\/"}]}},"_links":{"self":[{"href":"https:\/\/framtidenskarriar.se\/itdata\/wp-json\/wp\/v2\/posts\/5560","targetHints":{"allow":["GET"]}}],"collection":[{"href":"https:\/\/framtidenskarriar.se\/itdata\/wp-json\/wp\/v2\/posts"}],"about":[{"href":"https:\/\/framtidenskarriar.se\/itdata\/wp-json\/wp\/v2\/types\/post"}],"author":[{"embeddable":true,"href":"https:\/\/framtidenskarriar.se\/itdata\/wp-json\/wp\/v2\/users\/3"}],"replies":[{"embeddable":true,"href":"https:\/\/framtidenskarriar.se\/itdata\/wp-json\/wp\/v2\/comments?post=5560"}],"version-history":[{"count":0,"href":"https:\/\/framtidenskarriar.se\/itdata\/wp-json\/wp\/v2\/posts\/5560\/revisions"}],"wp:featuredmedia":[{"embeddable":true,"href":"https:\/\/framtidenskarriar.se\/itdata\/wp-json\/wp\/v2\/media\/5561"}],"wp:attachment":[{"href":"https:\/\/framtidenskarriar.se\/itdata\/wp-json\/wp\/v2\/media?parent=5560"}],"wp:term":[{"taxonomy":"category","embeddable":true,"href":"https:\/\/framtidenskarriar.se\/itdata\/wp-json\/wp\/v2\/categories?post=5560"},{"taxonomy":"post_tag","embeddable":true,"href":"https:\/\/framtidenskarriar.se\/itdata\/wp-json\/wp\/v2\/tags?post=5560"}],"curies":[{"name":"wp","href":"https:\/\/api.w.org\/{rel}","templated":true}]}}