{"id":5565,"date":"2018-02-07T12:22:14","date_gmt":"2018-02-07T10:22:14","guid":{"rendered":"http:\/\/framtidenskarriar.se\/itdata\/?p=5565"},"modified":"2018-02-07T12:22:14","modified_gmt":"2018-02-07T10:22:14","slug":"pa-postnord-ar-det-forandring-som-galler","status":"publish","type":"post","link":"https:\/\/framtidenskarriar.se\/itdata\/2018\/02\/07\/pa-postnord-ar-det-forandring-som-galler\/","title":{"rendered":"P\u00e5 PostNord \u00e4r det f\u00f6r\u00e4ndring som g\u00e4ller"},"content":{"rendered":"<p><figure id=\"attachment_5567\" aria-describedby=\"caption-attachment-5567\" style=\"width: 1000px\" class=\"wp-caption alignnone\"><img loading=\"lazy\" decoding=\"async\" src=\"https:\/\/framtidenskarriar.se\/itdata\/wp-content\/uploads\/sites\/13\/2018\/02\/postnord-y5a4538.jpg\" alt=\"Petter Fahlstr\u00f6m, chef f\u00f6r User support office och Jenny Fagerstedt, chef f\u00f6r IT-delivery. Foto: Gonzalo Irigoyen\" width=\"1000\" height=\"615\" class=\"size-full wp-image-5567\" srcset=\"https:\/\/framtidenskarriar.se\/itdata\/wp-content\/uploads\/sites\/13\/2018\/02\/postnord-y5a4538.jpg 1000w, https:\/\/framtidenskarriar.se\/itdata\/wp-content\/uploads\/sites\/13\/2018\/02\/postnord-y5a4538-300x185.jpg 300w, https:\/\/framtidenskarriar.se\/itdata\/wp-content\/uploads\/sites\/13\/2018\/02\/postnord-y5a4538-768x472.jpg 768w, https:\/\/framtidenskarriar.se\/itdata\/wp-content\/uploads\/sites\/13\/2018\/02\/postnord-y5a4538-260x160.jpg 260w, https:\/\/framtidenskarriar.se\/itdata\/wp-content\/uploads\/sites\/13\/2018\/02\/postnord-y5a4538-526x323.jpg 526w, https:\/\/framtidenskarriar.se\/itdata\/wp-content\/uploads\/sites\/13\/2018\/02\/postnord-y5a4538-720x443.jpg 720w, https:\/\/framtidenskarriar.se\/itdata\/wp-content\/uploads\/sites\/13\/2018\/02\/postnord-y5a4538-960x590.jpg 960w\" sizes=\"auto, (max-width: 1000px) 100vw, 1000px\" \/><figcaption id=\"caption-attachment-5567\" class=\"wp-caption-text\">Petter Fahlstr\u00f6m, chef f\u00f6r User support office och Jenny Fagerstedt, chef f\u00f6r IT-delivery. Foto: Gonzalo Irigoyen<\/figcaption><\/figure><strong>Den som vill arbeta i en organisation d\u00e4r ett f\u00f6r\u00e4ndringsarbete p\u00e5g\u00e5r p\u00e5 alla niv\u00e5er ska s\u00f6ka sig till PostNord. H\u00e4r utvecklas b\u00e5de den befintliga verksamheten parallellt med att nya digitala tj\u00e4nster skapas.<\/strong><\/p>\n<p>Rekryteringen av Charlotte Svensson till PostNord kan ses som ett uttryck f\u00f6r att digitalisering har h\u00f6gsta prioritet inom f\u00f6retaget. Sedan i augusti \u00e4r hon chef f\u00f6r aff\u00e4rsomr\u00e5det Communication Services. Hon kommer n\u00e4rmast fr\u00e5n en roll som CTO i Bonnierkoncernen d\u00e4r hon drivit ett flertal digitaliseringsprojekt.<\/p>\n<p><strong>Utvecklingsdriven<\/strong><br \/>\nAff\u00e4rsomr\u00e5det inrymmer den traditionella postverksamheten och alla nya e-tj\u00e4nster, samt Str\u00e5lfors. Det g\u00e5r inte att ta miste p\u00e5 att hon i grunden \u00e4r utvecklingsdriven.<br \/>\n\u2013 Vi utvecklar b\u00e5de v\u00e5r befintliga verksamhet och skapar nya digitala tj\u00e4nster. Vi ska tillfredsst\u00e4lla alla v\u00e5ra kunder, b\u00e5de de som vill ha kvar de traditionella brevtj\u00e4nsterna och de som vill vara helt digitala, s\u00e4ger Charlotte Svensson.<br \/>\nValfrihet \u00e4r det som g\u00e4ller, och i \u00e5r kommer PostNords kunder att m\u00e4rka flera nya e-tj\u00e4nster. En av de mest popul\u00e4ra idag \u00e4r en tj\u00e4nst d\u00e4r man kan skapa och skicka riktiga vykort utifr\u00e5n sina bilder i Instagram.<br \/>\n\u2013 Den som s\u00f6ker sig till oss m\u00e5ste gilla utmaningar, exempelvis att utveckla nya tj\u00e4nster ur ett aff\u00e4rsperspektiv, och att arbeta i agila team mycket n\u00e4ra verksamheten.<\/p>\n<p><strong>Utveckling genomsyrar<\/strong><br \/>\nAtt utveckling och f\u00f6r\u00e4ndring \u00e4r en inst\u00e4llning som genomsyrar hela organisationen \u00e4r Jenny Fagerstedt ett exempel p\u00e5. Hon \u00e4r idag chef f\u00f6r IT-delivery och leder en grupp som utvecklar, f\u00f6rvaltar och sk\u00f6ter drift av PostNords it-infrastruktur.<br \/>\n\u2013 Jag vill p\u00e5st\u00e5 att den transformation som PostNord nu \u00e4r mitt uppe i \u00e4r ett av de st\u00f6rsta f\u00f6r\u00e4ndringsprojekten som just nu p\u00e5g\u00e5r inom det svenska n\u00e4ringslivet, s\u00e4ger Jenny Fagerstedt.<br \/>\nHon tar som exempel att man f\u00f6rra \u00e5ret drog ig\u00e5ng 80 nya f\u00f6r\u00e4ndringsprojekt och att man bytte ut de st\u00f6rsta externa it-partners och tecknade helt nya avtal. Hon \u00e4r ocks\u00e5 stolt \u00f6ver att PostNords app fick Svenska Designpriset f\u00f6rra \u00e5ret.<br \/>\nF\u00f6r\u00e4ndringsben\u00e4genheten genomsyrar hela organisationen och Jenny \u00e4r sj\u00e4lv ett lysande exempel p\u00e5 karri\u00e4rm\u00f6jligheterna som finns. F\u00f6r tv\u00e5 \u00e5r sen anst\u00e4lldes hon som chef f\u00f6r infrastruktur och har nu ansvar f\u00f6r utveckling, f\u00f6rvaltning och drift.<br \/>\nHon n\u00e4mner tv\u00e5 program f\u00f6r karri\u00e4rutveckling inom f\u00f6retaget: PostNord Professional och Top Talent, och framh\u00e5ller speciellt m\u00f6jligheten att g\u00f6ra karri\u00e4r \u00e4ven som specialist.<br \/>\n\u2013 Man kan komma vidare i karri\u00e4ren utan att bli chef. Om du vill v\u00e4xa som individ har du definitivt kommit till r\u00e4tt f\u00f6retag. <\/p>\n<p><strong>Stora resurser att f\u00f6rverkliga id\u00e9er<\/strong><br \/>\nHon framh\u00e5ller ocks\u00e5 att PostNord visserligen \u00e4r ett stort f\u00f6retag med allt vad det inneb\u00e4r, men att det \u00e4r l\u00e4tt att f\u00e5 geh\u00f6r f\u00f6r nya id\u00e9er och att f\u00e5 dem testade.<br \/>\n\u2013 V\u00e5r storlek inneb\u00e4r ju ocks\u00e5 att n\u00e4r en id\u00e9 v\u00e4l ska genomf\u00f6ras, s\u00e5 finns verkligen resurserna att genomf\u00f6ra den, s\u00e4ger Jenny Fagerstedt.<br \/>\nEn av Jennys medarbetare \u00e4r Petter Fahlstr\u00f6m. Han \u00e4r chef f\u00f6r User support office, och den genomgripande digitalisering som PostNord nu \u00e4r mitt uppe i var det som lockade honom att s\u00f6ka sig hit. Tidigare arbetade han hos en it-leverant\u00f6r.<br \/>\n\u2013 Det r\u00e4cker inte med att vi har ett fungerande it-st\u00f6d f\u00f6r v\u00e5ra produkter. V\u00e5rt m\u00e5l \u00e4r att bli ledande. V\u00e5r digitalisering inneb\u00e4r ocks\u00e5 att it g\u00e5r fr\u00e5n att vara en st\u00f6dfunktion till att bli avg\u00f6rande f\u00f6r all utveckling, s\u00e4ger Petter Fahlstr\u00f6m. <\/p>\n<p><strong>\u00c4r v\u00e4rldsledande<\/strong><br \/>\nEtt av m\u00e5len \u00e4r att kunderna ska ha kontroll \u00f6ver helheten vid e-handel.<br \/>\n\u2013 Parallellt med att vi sj\u00e4lva digitaliserar hj\u00e4lper vi ocks\u00e5 v\u00e5ra kunder att digitalisera sin verksamhet eller att tj\u00e4nstefiera hela det logistiska fl\u00f6det.<br \/>\nAtt PostNord \u00e4r ett av Nordens st\u00f6rsta f\u00f6retag medf\u00f6r ocks\u00e5 att digitaliseringen som p\u00e5g\u00e5r \u00e4r ett av de st\u00f6rsta digitaliseringsprojekten som p\u00e5g\u00e5r idag.<br \/>\n\u2013 Hela v\u00e5r k\u00e4rnverksamhet h\u00e5ller p\u00e5 att f\u00f6r\u00e4ndras i grunden och jag v\u00e5gar p\u00e5st\u00e5 att vi \u00e4r v\u00e4rldsledande p\u00e5 digitalisering inom v\u00e5r bransch. Det \u00e4r en fantastisk plats att vara p\u00e5 f\u00f6r den som gillar utmaningar, s\u00e4ger Petter Fahlstr\u00f6m.<\/p>\n<div class=\"faktaruta-title\">PostNord<\/div><div class=\"faktaruta\">PostNord \u00e4r den ledande leverant\u00f6ren av kommunikations- och logistikl\u00f6sningar till, fr\u00e5n och inom Norden. Vi s\u00e4kerst\u00e4ller ocks\u00e5 post-<br \/>\nservicen till privatpersoner och f\u00f6retag i Sverige och Danmark. Genom v\u00e5r expertis och ett starkt distributionsn\u00e4t utvecklar vi f\u00f6ruts\u00e4ttningarna f\u00f6r morgondagens kommunikation, e-handel, distribution och logistik i Norden. 2016 hade koncernen 33&nbsp;000 anst\u00e4llda och en oms\u00e4ttning p\u00e5 38,5 miljarder SEK. Moderbolaget \u00e4r ett svenskt publikt bolag med koncernkontor i Solna.<br \/>\n<strong><a href=\"http:\/\/www.postnord.se\" rel=\"noopener noreferrer\" target=\"_blank\">www.postnord.se<\/a><\/strong><\/br><br \/>\n<a href=\"http:\/\/www.postnord.se\" rel=\"noopener noreferrer\" target=\"_blank\"><img loading=\"lazy\" decoding=\"async\" src=\"http:\/\/framtidenskarriar.se\/itdata\/wp-content\/uploads\/2018\/02\/postnord_pn_color_pms_c-530x100.png\" alt=\"\" width=\"332\" height=\"62\" class=\"alignnone size-large wp-image-5566\" \/><\/a><\/div>\n","protected":false},"excerpt":{"rendered":"<p>Den som vill arbeta i en organisation d\u00e4r ett f\u00f6r\u00e4ndringsarbete p\u00e5g\u00e5r p\u00e5 alla niv\u00e5er ska&#8230;<\/p>\n","protected":false},"author":3,"featured_media":5567,"comment_status":"closed","ping_status":"open","sticky":false,"template":"","format":"standard","meta":{"_acf_changed":false,"_monsterinsights_skip_tracking":false,"_monsterinsights_sitenote_active":false,"_monsterinsights_sitenote_note":"","_monsterinsights_sitenote_category":0,"footnotes":""},"categories":[9],"tags":[61,62,66,130,144,198,241],"class_list":["post-5565","post","type-post","status-publish","format-standard","has-post-thumbnail","hentry","category-presentation","tag-digitala-tjanster","tag-digitalisering","tag-e-tjanster","tag-it-infrastruktur","tag-karriarutveckling","tag-postnord","tag-statligt"],"acf":[],"yoast_head":"<!-- This site is optimized with the Yoast SEO plugin v27.3 - https:\/\/yoast.com\/product\/yoast-seo-wordpress\/ -->\n<title>P\u00e5 PostNord \u00e4r det f\u00f6r\u00e4ndring som g\u00e4ller - Framtidens karri\u00e4r IT &amp; Data<\/title>\n<meta name=\"robots\" content=\"index, follow, max-snippet:-1, max-image-preview:large, max-video-preview:-1\" \/>\n<link rel=\"canonical\" href=\"https:\/\/framtidenskarriar.se\/itdata\/2018\/02\/07\/pa-postnord-ar-det-forandring-som-galler\/\" \/>\n<meta property=\"og:locale\" content=\"sv_SE\" \/>\n<meta property=\"og:type\" content=\"article\" \/>\n<meta property=\"og:title\" content=\"P\u00e5 PostNord \u00e4r det f\u00f6r\u00e4ndring som g\u00e4ller - Framtidens karri\u00e4r IT &amp; Data\" \/>\n<meta property=\"og:description\" content=\"Den som vill arbeta i en organisation d\u00e4r ett f\u00f6r\u00e4ndringsarbete p\u00e5g\u00e5r p\u00e5 alla niv\u00e5er ska...\" \/>\n<meta property=\"og:url\" content=\"https:\/\/framtidenskarriar.se\/itdata\/2018\/02\/07\/pa-postnord-ar-det-forandring-som-galler\/\" \/>\n<meta property=\"og:site_name\" content=\"Framtidens karri\u00e4r IT &amp; Data\" \/>\n<meta property=\"article:published_time\" content=\"2018-02-07T10:22:14+00:00\" \/>\n<meta property=\"og:image\" content=\"https:\/\/framtidenskarriar.se\/itdata\/wp-content\/uploads\/sites\/13\/2018\/02\/postnord-y5a4538.jpg\" \/>\n\t<meta property=\"og:image:width\" content=\"1000\" \/>\n\t<meta property=\"og:image:height\" content=\"615\" \/>\n\t<meta property=\"og:image:type\" content=\"image\/jpeg\" \/>\n<meta name=\"author\" content=\"stellanstal\" \/>\n<meta name=\"twitter:card\" content=\"summary_large_image\" \/>\n<meta name=\"twitter:label1\" content=\"Skriven av\" \/>\n\t<meta name=\"twitter:data1\" content=\"stellanstal\" \/>\n\t<meta name=\"twitter:label2\" content=\"Ber\u00e4knad l\u00e4stid\" \/>\n\t<meta name=\"twitter:data2\" content=\"4 minuter\" \/>\n<script type=\"application\/ld+json\" class=\"yoast-schema-graph\">{\"@context\":\"https:\\\/\\\/schema.org\",\"@graph\":[{\"@type\":\"Article\",\"@id\":\"https:\\\/\\\/framtidenskarriar.se\\\/itdata\\\/2018\\\/02\\\/07\\\/pa-postnord-ar-det-forandring-som-galler\\\/#article\",\"isPartOf\":{\"@id\":\"https:\\\/\\\/framtidenskarriar.se\\\/itdata\\\/2018\\\/02\\\/07\\\/pa-postnord-ar-det-forandring-som-galler\\\/\"},\"author\":{\"name\":\"stellanstal\",\"@id\":\"https:\\\/\\\/framtidenskarriar.se\\\/itdata\\\/#\\\/schema\\\/person\\\/c8a43eb855191e573b73ecf8987a3b99\"},\"headline\":\"P\u00e5 PostNord \u00e4r det f\u00f6r\u00e4ndring som g\u00e4ller\",\"datePublished\":\"2018-02-07T10:22:14+00:00\",\"mainEntityOfPage\":{\"@id\":\"https:\\\/\\\/framtidenskarriar.se\\\/itdata\\\/2018\\\/02\\\/07\\\/pa-postnord-ar-det-forandring-som-galler\\\/\"},\"wordCount\":897,\"image\":{\"@id\":\"https:\\\/\\\/framtidenskarriar.se\\\/itdata\\\/2018\\\/02\\\/07\\\/pa-postnord-ar-det-forandring-som-galler\\\/#primaryimage\"},\"thumbnailUrl\":\"https:\\\/\\\/framtidenskarriar.se\\\/itdata\\\/wp-content\\\/uploads\\\/sites\\\/13\\\/2018\\\/02\\\/postnord-y5a4538.jpg\",\"keywords\":[\"Digitala tj\u00e4nster\",\"Digitalisering\",\"E-tj\u00e4nster\",\"It-infrastruktur\",\"Karri\u00e4rutveckling\",\"PostNord\",\"Statligt\"],\"articleSection\":[\"Presentation\"],\"inLanguage\":\"sv-SE\"},{\"@type\":\"WebPage\",\"@id\":\"https:\\\/\\\/framtidenskarriar.se\\\/itdata\\\/2018\\\/02\\\/07\\\/pa-postnord-ar-det-forandring-som-galler\\\/\",\"url\":\"https:\\\/\\\/framtidenskarriar.se\\\/itdata\\\/2018\\\/02\\\/07\\\/pa-postnord-ar-det-forandring-som-galler\\\/\",\"name\":\"P\u00e5 PostNord \u00e4r det f\u00f6r\u00e4ndring som g\u00e4ller - Framtidens karri\u00e4r IT & Data\",\"isPartOf\":{\"@id\":\"https:\\\/\\\/framtidenskarriar.se\\\/itdata\\\/#website\"},\"primaryImageOfPage\":{\"@id\":\"https:\\\/\\\/framtidenskarriar.se\\\/itdata\\\/2018\\\/02\\\/07\\\/pa-postnord-ar-det-forandring-som-galler\\\/#primaryimage\"},\"image\":{\"@id\":\"https:\\\/\\\/framtidenskarriar.se\\\/itdata\\\/2018\\\/02\\\/07\\\/pa-postnord-ar-det-forandring-som-galler\\\/#primaryimage\"},\"thumbnailUrl\":\"https:\\\/\\\/framtidenskarriar.se\\\/itdata\\\/wp-content\\\/uploads\\\/sites\\\/13\\\/2018\\\/02\\\/postnord-y5a4538.jpg\",\"datePublished\":\"2018-02-07T10:22:14+00:00\",\"author\":{\"@id\":\"https:\\\/\\\/framtidenskarriar.se\\\/itdata\\\/#\\\/schema\\\/person\\\/c8a43eb855191e573b73ecf8987a3b99\"},\"breadcrumb\":{\"@id\":\"https:\\\/\\\/framtidenskarriar.se\\\/itdata\\\/2018\\\/02\\\/07\\\/pa-postnord-ar-det-forandring-som-galler\\\/#breadcrumb\"},\"inLanguage\":\"sv-SE\",\"potentialAction\":[{\"@type\":\"ReadAction\",\"target\":[\"https:\\\/\\\/framtidenskarriar.se\\\/itdata\\\/2018\\\/02\\\/07\\\/pa-postnord-ar-det-forandring-som-galler\\\/\"]}]},{\"@type\":\"ImageObject\",\"inLanguage\":\"sv-SE\",\"@id\":\"https:\\\/\\\/framtidenskarriar.se\\\/itdata\\\/2018\\\/02\\\/07\\\/pa-postnord-ar-det-forandring-som-galler\\\/#primaryimage\",\"url\":\"https:\\\/\\\/framtidenskarriar.se\\\/itdata\\\/wp-content\\\/uploads\\\/sites\\\/13\\\/2018\\\/02\\\/postnord-y5a4538.jpg\",\"contentUrl\":\"https:\\\/\\\/framtidenskarriar.se\\\/itdata\\\/wp-content\\\/uploads\\\/sites\\\/13\\\/2018\\\/02\\\/postnord-y5a4538.jpg\",\"width\":1000,\"height\":615,\"caption\":\"Petter Fahlstr\u00f6m, chef f\u00f6r User support office och Jenny Fagerstedt, chef f\u00f6r IT-delivery. Foto: Gonzalo Irigoyen\"},{\"@type\":\"BreadcrumbList\",\"@id\":\"https:\\\/\\\/framtidenskarriar.se\\\/itdata\\\/2018\\\/02\\\/07\\\/pa-postnord-ar-det-forandring-som-galler\\\/#breadcrumb\",\"itemListElement\":[{\"@type\":\"ListItem\",\"position\":1,\"name\":\"Home\",\"item\":\"https:\\\/\\\/framtidenskarriar.se\\\/itdata\\\/\"},{\"@type\":\"ListItem\",\"position\":2,\"name\":\"P\u00e5 PostNord \u00e4r det f\u00f6r\u00e4ndring som g\u00e4ller\"}]},{\"@type\":\"WebSite\",\"@id\":\"https:\\\/\\\/framtidenskarriar.se\\\/itdata\\\/#website\",\"url\":\"https:\\\/\\\/framtidenskarriar.se\\\/itdata\\\/\",\"name\":\"Framtidens karri\u00e4r IT & Data\",\"description\":\"Just another NMDashboard.se Sites site\",\"potentialAction\":[{\"@type\":\"SearchAction\",\"target\":{\"@type\":\"EntryPoint\",\"urlTemplate\":\"https:\\\/\\\/framtidenskarriar.se\\\/itdata\\\/?s={search_term_string}\"},\"query-input\":{\"@type\":\"PropertyValueSpecification\",\"valueRequired\":true,\"valueName\":\"search_term_string\"}}],\"inLanguage\":\"sv-SE\"},{\"@type\":\"Person\",\"@id\":\"https:\\\/\\\/framtidenskarriar.se\\\/itdata\\\/#\\\/schema\\\/person\\\/c8a43eb855191e573b73ecf8987a3b99\",\"name\":\"stellanstal\",\"image\":{\"@type\":\"ImageObject\",\"inLanguage\":\"sv-SE\",\"@id\":\"https:\\\/\\\/secure.gravatar.com\\\/avatar\\\/cd330fa6bb17f598124b2068ee0b189e4fe0987a50af9d53b78410836060d0c9?s=96&d=mm&r=g\",\"url\":\"https:\\\/\\\/secure.gravatar.com\\\/avatar\\\/cd330fa6bb17f598124b2068ee0b189e4fe0987a50af9d53b78410836060d0c9?s=96&d=mm&r=g\",\"contentUrl\":\"https:\\\/\\\/secure.gravatar.com\\\/avatar\\\/cd330fa6bb17f598124b2068ee0b189e4fe0987a50af9d53b78410836060d0c9?s=96&d=mm&r=g\",\"caption\":\"stellanstal\"},\"url\":\"https:\\\/\\\/framtidenskarriar.se\\\/itdata\\\/author\\\/stellanstal\\\/\"}]}<\/script>\n<!-- \/ Yoast SEO plugin. -->","yoast_head_json":{"title":"P\u00e5 PostNord \u00e4r det f\u00f6r\u00e4ndring som g\u00e4ller - Framtidens karri\u00e4r IT & Data","robots":{"index":"index","follow":"follow","max-snippet":"max-snippet:-1","max-image-preview":"max-image-preview:large","max-video-preview":"max-video-preview:-1"},"canonical":"https:\/\/framtidenskarriar.se\/itdata\/2018\/02\/07\/pa-postnord-ar-det-forandring-som-galler\/","og_locale":"sv_SE","og_type":"article","og_title":"P\u00e5 PostNord \u00e4r det f\u00f6r\u00e4ndring som g\u00e4ller - Framtidens karri\u00e4r IT & Data","og_description":"Den som vill arbeta i en organisation d\u00e4r ett f\u00f6r\u00e4ndringsarbete p\u00e5g\u00e5r p\u00e5 alla niv\u00e5er ska...","og_url":"https:\/\/framtidenskarriar.se\/itdata\/2018\/02\/07\/pa-postnord-ar-det-forandring-som-galler\/","og_site_name":"Framtidens karri\u00e4r IT & Data","article_published_time":"2018-02-07T10:22:14+00:00","og_image":[{"width":1000,"height":615,"url":"https:\/\/framtidenskarriar.se\/itdata\/wp-content\/uploads\/sites\/13\/2018\/02\/postnord-y5a4538.jpg","type":"image\/jpeg"}],"author":"stellanstal","twitter_card":"summary_large_image","twitter_misc":{"Skriven av":"stellanstal","Ber\u00e4knad l\u00e4stid":"4 minuter"},"schema":{"@context":"https:\/\/schema.org","@graph":[{"@type":"Article","@id":"https:\/\/framtidenskarriar.se\/itdata\/2018\/02\/07\/pa-postnord-ar-det-forandring-som-galler\/#article","isPartOf":{"@id":"https:\/\/framtidenskarriar.se\/itdata\/2018\/02\/07\/pa-postnord-ar-det-forandring-som-galler\/"},"author":{"name":"stellanstal","@id":"https:\/\/framtidenskarriar.se\/itdata\/#\/schema\/person\/c8a43eb855191e573b73ecf8987a3b99"},"headline":"P\u00e5 PostNord \u00e4r det f\u00f6r\u00e4ndring som g\u00e4ller","datePublished":"2018-02-07T10:22:14+00:00","mainEntityOfPage":{"@id":"https:\/\/framtidenskarriar.se\/itdata\/2018\/02\/07\/pa-postnord-ar-det-forandring-som-galler\/"},"wordCount":897,"image":{"@id":"https:\/\/framtidenskarriar.se\/itdata\/2018\/02\/07\/pa-postnord-ar-det-forandring-som-galler\/#primaryimage"},"thumbnailUrl":"https:\/\/framtidenskarriar.se\/itdata\/wp-content\/uploads\/sites\/13\/2018\/02\/postnord-y5a4538.jpg","keywords":["Digitala tj\u00e4nster","Digitalisering","E-tj\u00e4nster","It-infrastruktur","Karri\u00e4rutveckling","PostNord","Statligt"],"articleSection":["Presentation"],"inLanguage":"sv-SE"},{"@type":"WebPage","@id":"https:\/\/framtidenskarriar.se\/itdata\/2018\/02\/07\/pa-postnord-ar-det-forandring-som-galler\/","url":"https:\/\/framtidenskarriar.se\/itdata\/2018\/02\/07\/pa-postnord-ar-det-forandring-som-galler\/","name":"P\u00e5 PostNord \u00e4r det f\u00f6r\u00e4ndring som g\u00e4ller - Framtidens karri\u00e4r IT & Data","isPartOf":{"@id":"https:\/\/framtidenskarriar.se\/itdata\/#website"},"primaryImageOfPage":{"@id":"https:\/\/framtidenskarriar.se\/itdata\/2018\/02\/07\/pa-postnord-ar-det-forandring-som-galler\/#primaryimage"},"image":{"@id":"https:\/\/framtidenskarriar.se\/itdata\/2018\/02\/07\/pa-postnord-ar-det-forandring-som-galler\/#primaryimage"},"thumbnailUrl":"https:\/\/framtidenskarriar.se\/itdata\/wp-content\/uploads\/sites\/13\/2018\/02\/postnord-y5a4538.jpg","datePublished":"2018-02-07T10:22:14+00:00","author":{"@id":"https:\/\/framtidenskarriar.se\/itdata\/#\/schema\/person\/c8a43eb855191e573b73ecf8987a3b99"},"breadcrumb":{"@id":"https:\/\/framtidenskarriar.se\/itdata\/2018\/02\/07\/pa-postnord-ar-det-forandring-som-galler\/#breadcrumb"},"inLanguage":"sv-SE","potentialAction":[{"@type":"ReadAction","target":["https:\/\/framtidenskarriar.se\/itdata\/2018\/02\/07\/pa-postnord-ar-det-forandring-som-galler\/"]}]},{"@type":"ImageObject","inLanguage":"sv-SE","@id":"https:\/\/framtidenskarriar.se\/itdata\/2018\/02\/07\/pa-postnord-ar-det-forandring-som-galler\/#primaryimage","url":"https:\/\/framtidenskarriar.se\/itdata\/wp-content\/uploads\/sites\/13\/2018\/02\/postnord-y5a4538.jpg","contentUrl":"https:\/\/framtidenskarriar.se\/itdata\/wp-content\/uploads\/sites\/13\/2018\/02\/postnord-y5a4538.jpg","width":1000,"height":615,"caption":"Petter Fahlstr\u00f6m, chef f\u00f6r User support office och Jenny Fagerstedt, chef f\u00f6r IT-delivery. Foto: Gonzalo Irigoyen"},{"@type":"BreadcrumbList","@id":"https:\/\/framtidenskarriar.se\/itdata\/2018\/02\/07\/pa-postnord-ar-det-forandring-som-galler\/#breadcrumb","itemListElement":[{"@type":"ListItem","position":1,"name":"Home","item":"https:\/\/framtidenskarriar.se\/itdata\/"},{"@type":"ListItem","position":2,"name":"P\u00e5 PostNord \u00e4r det f\u00f6r\u00e4ndring som g\u00e4ller"}]},{"@type":"WebSite","@id":"https:\/\/framtidenskarriar.se\/itdata\/#website","url":"https:\/\/framtidenskarriar.se\/itdata\/","name":"Framtidens karri\u00e4r IT & Data","description":"Just another NMDashboard.se Sites site","potentialAction":[{"@type":"SearchAction","target":{"@type":"EntryPoint","urlTemplate":"https:\/\/framtidenskarriar.se\/itdata\/?s={search_term_string}"},"query-input":{"@type":"PropertyValueSpecification","valueRequired":true,"valueName":"search_term_string"}}],"inLanguage":"sv-SE"},{"@type":"Person","@id":"https:\/\/framtidenskarriar.se\/itdata\/#\/schema\/person\/c8a43eb855191e573b73ecf8987a3b99","name":"stellanstal","image":{"@type":"ImageObject","inLanguage":"sv-SE","@id":"https:\/\/secure.gravatar.com\/avatar\/cd330fa6bb17f598124b2068ee0b189e4fe0987a50af9d53b78410836060d0c9?s=96&d=mm&r=g","url":"https:\/\/secure.gravatar.com\/avatar\/cd330fa6bb17f598124b2068ee0b189e4fe0987a50af9d53b78410836060d0c9?s=96&d=mm&r=g","contentUrl":"https:\/\/secure.gravatar.com\/avatar\/cd330fa6bb17f598124b2068ee0b189e4fe0987a50af9d53b78410836060d0c9?s=96&d=mm&r=g","caption":"stellanstal"},"url":"https:\/\/framtidenskarriar.se\/itdata\/author\/stellanstal\/"}]}},"_links":{"self":[{"href":"https:\/\/framtidenskarriar.se\/itdata\/wp-json\/wp\/v2\/posts\/5565","targetHints":{"allow":["GET"]}}],"collection":[{"href":"https:\/\/framtidenskarriar.se\/itdata\/wp-json\/wp\/v2\/posts"}],"about":[{"href":"https:\/\/framtidenskarriar.se\/itdata\/wp-json\/wp\/v2\/types\/post"}],"author":[{"embeddable":true,"href":"https:\/\/framtidenskarriar.se\/itdata\/wp-json\/wp\/v2\/users\/3"}],"replies":[{"embeddable":true,"href":"https:\/\/framtidenskarriar.se\/itdata\/wp-json\/wp\/v2\/comments?post=5565"}],"version-history":[{"count":0,"href":"https:\/\/framtidenskarriar.se\/itdata\/wp-json\/wp\/v2\/posts\/5565\/revisions"}],"wp:featuredmedia":[{"embeddable":true,"href":"https:\/\/framtidenskarriar.se\/itdata\/wp-json\/wp\/v2\/media\/5567"}],"wp:attachment":[{"href":"https:\/\/framtidenskarriar.se\/itdata\/wp-json\/wp\/v2\/media?parent=5565"}],"wp:term":[{"taxonomy":"category","embeddable":true,"href":"https:\/\/framtidenskarriar.se\/itdata\/wp-json\/wp\/v2\/categories?post=5565"},{"taxonomy":"post_tag","embeddable":true,"href":"https:\/\/framtidenskarriar.se\/itdata\/wp-json\/wp\/v2\/tags?post=5565"}],"curies":[{"name":"wp","href":"https:\/\/api.w.org\/{rel}","templated":true}]}}